{"id":63934,"date":"2025-03-05T11:26:30","date_gmt":"2025-03-05T10:26:30","guid":{"rendered":"https:\/\/lasentinelle.dz\/?p=63934"},"modified":"2025-03-05T11:26:30","modified_gmt":"2025-03-05T10:26:30","slug":"majid-belabbasi-se-demarque-des-actions-de-son-frere-aksel-les-actions-du-mak-sinscrivent-dans-des-agendas-etrangers","status":"publish","type":"post","link":"https:\/\/lasentinelle.dz\/index.php\/2025\/03\/05\/majid-belabbasi-se-demarque-des-actions-de-son-frere-aksel-les-actions-du-mak-sinscrivent-dans-des-agendas-etrangers\/","title":{"rendered":"Majid Belabbasi se d\u00e9marque des actions de son fr\u00e8re Aksel : \u00ab\u00a0Les actions du MAK s&rsquo;inscrivent dans des agendas \u00e9trangers\u00a0\u00bb"},"content":{"rendered":"\n<p>Majid Belabbasi a choisi de sortir du silence pour exprimer publiquement son rejet des actes de son fr\u00e8re, Aksel Belabbasi, membre du mouvement terroriste MAK, soulignant que les actions de ce groupe s&rsquo;inscrivent dans \u00ab\u00a0des agendas \u00e9trangers\u00a0\u00bb . S&rsquo;exprimant sur sa page Facebook officielle, il a tenu \u00e0 affirmer son innocence ainsi que celle de sa famille, insistant sur leur attachement aux valeurs nationales et leur refus de toute atteinte \u00e0 l&rsquo;unit\u00e9 de l&rsquo;Alg\u00e9rie. \u00ab\u00a0En tant que citoyen alg\u00e9rien\u00a0\u00bb, a-t-il d\u00e9clar\u00e9, \u00ab\u00a0je confirme que ni ma famille ni moi-m\u00eame n&rsquo;avons aucun lien avec le mouvement terroriste MAK, qui cherche \u00e0 diviser notre nation unie et indivisible.\u00a0\u00bb Il a soulign\u00e9 que les actions de ce groupe s&rsquo;inscrivent dans \u00ab\u00a0des agendas \u00e9trangers visant \u00e0 plonger le pays dans le chaos et la destruction\u00a0\u00bb. Il a soulign\u00e9 que ce mouvement ne sert que des int\u00e9r\u00eats ext\u00e9rieurs qui souhaitent semer la discorde et l&rsquo;instabilit\u00e9 au sein du pays. Dans son message, Majid Belabbasi a \u00e9galement d\u00e9nonc\u00e9 l&rsquo;hypocrisie des responsables du MAK, affirmant que \u00ab\u00a0les membres de cette organisation vivent dans l&rsquo;opulence \u00e0 l&rsquo;\u00e9tranger, profitant de financements provenant de sources \u00e9trang\u00e8res hostiles \u00e0 l&rsquo;Alg\u00e9rie, tandis que le pays et ses citoyens paient le prix de ces actes\u00a0\u00bb. Il met ainsi en lumi\u00e8re les contradictions de ceux qui pr\u00e9tendent d\u00e9fendre une cause alors qu&rsquo;ils vivent loin des r\u00e9alit\u00e9s que subissent les Alg\u00e9riens.<\/p>\n\n\n\n<p><strong>Appel \u00e0 resserrer les rangs<\/strong><\/p>\n\n\n\n<p>Face \u00e0 cette situation, il a appel\u00e9 ses compatriotes \u00e0 resserrer les rangs autour de la patrie et \u00e0 faire preuve de solidarit\u00e9 dans ces moments critiques. \u00ab\u00a0La situation actuelle exige que tous les Alg\u00e9riens se rassemblent pour d\u00e9fendre leur patrie\u00a0\u00bb, a-t-il affirm\u00e9, ajoutant que \u00ab\u00a0l&rsquo;unit\u00e9 nationale est au-dessus de toute consid\u00e9ration, et c&rsquo;est pourquoi, en ce moment pr\u00e9cis, nous devons joindre nos mains pour d\u00e9fendre l&rsquo;Alg\u00e9rie\u00a0\u00bb. Son appel r\u00e9sonne comme un rappel de l&rsquo;importance de rester unis face aux tentatives de division.<\/p>\n\n\n\n<p>Enfin, dans un geste \u00e0 la fois personnel et symbolique, Majid Belabbasi s&rsquo;est adress\u00e9 directement \u00e0 son fr\u00e8re Aksel, l&rsquo;exhortant \u00e0 renoncer \u00e0 son action au sein du MAK et \u00e0 revenir aupr\u00e8s de sa famille et de son pays. \u00ab\u00a0L&rsquo;Alg\u00e9rie reste toujours ouverte \u00e0 ses enfants\u00a0\u00bb, a-t-il conclu, laissant ainsi la porte ouverte \u00e0 une r\u00e9conciliation et \u00e0 un retour dans le giron national. Par cette prise de parole, il marque sa distance avec son fr\u00e8re et affirme avec force son attachement ind\u00e9fectible \u00e0 l&rsquo;Alg\u00e9rie et \u00e0 son unit\u00e9.<\/p>\n\n\n\n<p>Chokri Hafed<\/p>\n","protected":false},"excerpt":{"rendered":"<p>Majid Belabbasi a choisi de sortir du silence pour exprimer publiquement son rejet des actes de son fr\u00e8re, Aksel Belabbasi,<\/p>\n","protected":false},"author":6,"featured_media":63935,"comment_status":"open","ping_status":"closed","sticky":false,"template":"","format":"standard","meta":{"colormag_page_container_layout":"default_layout","colormag_page_sidebar_layout":"default_layout","om_disable_all_campaigns":false,"_monsterinsights_skip_tracking":false,"_monsterinsights_sitenote_active":false,"_monsterinsights_sitenote_note":"","_monsterinsights_sitenote_category":0,"footnotes":"","_wpscppro_dont_share_socialmedia":false,"_wpscppro_custom_social_share_image":0,"_facebook_share_type":"default","_twitter_share_type":"default","_linkedin_share_type":"default","_pinterest_share_type":"default","_linkedin_share_type_page":"","_instagram_share_type":"default","_medium_share_type":"default","_threads_share_type":"","_google_business_share_type":"","_selected_social_profile":[],"_wpsp_enable_custom_social_template":false,"_wpsp_social_scheduling":{"enabled":false,"datetime":null,"platforms":[],"status":"template_only","dateOption":"today","timeOption":"now","customDays":"","customHours":"","customDate":"","customTime":"","schedulingType":"absolute"},"_wpsp_active_default_template":true},"categories":[52,27],"tags":[],"class_list":["post-63934","post","type-post","status-publish","format-standard","has-post-thumbnail","hentry","category-a-la-une","category-actualite"],"aioseo_notices":[],"yoast_head":"<!-- This site is optimized with the Yoast SEO plugin v27.5 - https:\/\/yoast.com\/product\/yoast-seo-wordpress\/ -->\n<title>Majid Belabbasi se d\u00e9marque des actions de son fr\u00e8re Aksel : \u00ab\u00a0Les actions du MAK s&rsquo;inscrivent dans des agendas \u00e9trangers\u00a0\u00bb - La Sentinelle<\/title>\n<meta name=\"robots\" content=\"index, follow, max-snippet:-1, max-image-preview:large, max-video-preview:-1\" \/>\n<link rel=\"canonical\" href=\"https:\/\/lasentinelle.dz\/index.php\/2025\/03\/05\/majid-belabbasi-se-demarque-des-actions-de-son-frere-aksel-les-actions-du-mak-sinscrivent-dans-des-agendas-etrangers\/\" \/>\n<meta property=\"og:locale\" content=\"fr_FR\" \/>\n<meta property=\"og:type\" content=\"article\" \/>\n<meta property=\"og:title\" content=\"Majid Belabbasi se d\u00e9marque des actions de son fr\u00e8re Aksel : \u00ab\u00a0Les actions du MAK s&rsquo;inscrivent dans des agendas \u00e9trangers\u00a0\u00bb - La Sentinelle\" \/>\n<meta property=\"og:description\" content=\"Majid Belabbasi a choisi de sortir du silence pour exprimer publiquement son rejet des actes de son fr\u00e8re, Aksel Belabbasi,\" \/>\n<meta property=\"og:url\" content=\"https:\/\/lasentinelle.dz\/index.php\/2025\/03\/05\/majid-belabbasi-se-demarque-des-actions-de-son-frere-aksel-les-actions-du-mak-sinscrivent-dans-des-agendas-etrangers\/\" \/>\n<meta property=\"og:site_name\" content=\"La Sentinelle\" \/>\n<meta property=\"article:publisher\" content=\"https:\/\/www.facebook.com\/La-Sentinelle-104059864394773\" \/>\n<meta property=\"article:published_time\" content=\"2025-03-05T10:26:30+00:00\" \/>\n<meta property=\"og:image\" content=\"https:\/\/lasentinelle.dz\/wp-content\/uploads\/2025\/03\/Capture-decran-2025-03-05-a-11.26.06.png\" \/>\n\t<meta property=\"og:image:width\" content=\"616\" \/>\n\t<meta property=\"og:image:height\" content=\"490\" \/>\n\t<meta property=\"og:image:type\" content=\"image\/png\" \/>\n<meta name=\"author\" content=\"admin\" \/>\n<meta name=\"twitter:card\" content=\"summary_large_image\" \/>\n<meta name=\"twitter:label1\" content=\"\u00c9crit par\" \/>\n\t<meta name=\"twitter:data1\" content=\"admin\" \/>\n\t<meta name=\"twitter:label2\" content=\"Dur\u00e9e de lecture estim\u00e9e\" \/>\n\t<meta name=\"twitter:data2\" content=\"3 minutes\" \/>\n<script type=\"application\/ld+json\" class=\"yoast-schema-graph\">{\"@context\":\"https:\\\/\\\/schema.org\",\"@graph\":[{\"@type\":\"Article\",\"@id\":\"https:\\\/\\\/lasentinelle.dz\\\/index.php\\\/2025\\\/03\\\/05\\\/majid-belabbasi-se-demarque-des-actions-de-son-frere-aksel-les-actions-du-mak-sinscrivent-dans-des-agendas-etrangers\\\/#article\",\"isPartOf\":{\"@id\":\"https:\\\/\\\/lasentinelle.dz\\\/index.php\\\/2025\\\/03\\\/05\\\/majid-belabbasi-se-demarque-des-actions-de-son-frere-aksel-les-actions-du-mak-sinscrivent-dans-des-agendas-etrangers\\\/\"},\"author\":{\"name\":\"admin\",\"@id\":\"https:\\\/\\\/lasentinelle.dz\\\/#\\\/schema\\\/person\\\/729ee0024f24e0b8c5ec17232f8e8b41\"},\"headline\":\"Majid Belabbasi se d\u00e9marque des actions de son fr\u00e8re Aksel : \u00ab\u00a0Les actions du MAK s&rsquo;inscrivent dans des agendas \u00e9trangers\u00a0\u00bb\",\"datePublished\":\"2025-03-05T10:26:30+00:00\",\"mainEntityOfPage\":{\"@id\":\"https:\\\/\\\/lasentinelle.dz\\\/index.php\\\/2025\\\/03\\\/05\\\/majid-belabbasi-se-demarque-des-actions-de-son-frere-aksel-les-actions-du-mak-sinscrivent-dans-des-agendas-etrangers\\\/\"},\"wordCount\":459,\"commentCount\":0,\"publisher\":{\"@id\":\"https:\\\/\\\/lasentinelle.dz\\\/#organization\"},\"image\":{\"@id\":\"https:\\\/\\\/lasentinelle.dz\\\/index.php\\\/2025\\\/03\\\/05\\\/majid-belabbasi-se-demarque-des-actions-de-son-frere-aksel-les-actions-du-mak-sinscrivent-dans-des-agendas-etrangers\\\/#primaryimage\"},\"thumbnailUrl\":\"https:\\\/\\\/lasentinelle.dz\\\/wp-content\\\/uploads\\\/2025\\\/03\\\/Capture-decran-2025-03-05-a-11.26.06.png\",\"articleSection\":[\"\u00c0 la Une\",\"Actualit\u00e9\"],\"inLanguage\":\"fr-FR\",\"potentialAction\":[{\"@type\":\"CommentAction\",\"name\":\"Comment\",\"target\":[\"https:\\\/\\\/lasentinelle.dz\\\/index.php\\\/2025\\\/03\\\/05\\\/majid-belabbasi-se-demarque-des-actions-de-son-frere-aksel-les-actions-du-mak-sinscrivent-dans-des-agendas-etrangers\\\/#respond\"]}]},{\"@type\":\"WebPage\",\"@id\":\"https:\\\/\\\/lasentinelle.dz\\\/index.php\\\/2025\\\/03\\\/05\\\/majid-belabbasi-se-demarque-des-actions-de-son-frere-aksel-les-actions-du-mak-sinscrivent-dans-des-agendas-etrangers\\\/\",\"url\":\"https:\\\/\\\/lasentinelle.dz\\\/index.php\\\/2025\\\/03\\\/05\\\/majid-belabbasi-se-demarque-des-actions-de-son-frere-aksel-les-actions-du-mak-sinscrivent-dans-des-agendas-etrangers\\\/\",\"name\":\"Majid Belabbasi se d\u00e9marque des actions de son fr\u00e8re Aksel : \u00ab\u00a0Les actions du MAK s&rsquo;inscrivent dans des agendas \u00e9trangers\u00a0\u00bb - La Sentinelle\",\"isPartOf\":{\"@id\":\"https:\\\/\\\/lasentinelle.dz\\\/#website\"},\"primaryImageOfPage\":{\"@id\":\"https:\\\/\\\/lasentinelle.dz\\\/index.php\\\/2025\\\/03\\\/05\\\/majid-belabbasi-se-demarque-des-actions-de-son-frere-aksel-les-actions-du-mak-sinscrivent-dans-des-agendas-etrangers\\\/#primaryimage\"},\"image\":{\"@id\":\"https:\\\/\\\/lasentinelle.dz\\\/index.php\\\/2025\\\/03\\\/05\\\/majid-belabbasi-se-demarque-des-actions-de-son-frere-aksel-les-actions-du-mak-sinscrivent-dans-des-agendas-etrangers\\\/#primaryimage\"},\"thumbnailUrl\":\"https:\\\/\\\/lasentinelle.dz\\\/wp-content\\\/uploads\\\/2025\\\/03\\\/Capture-decran-2025-03-05-a-11.26.06.png\",\"datePublished\":\"2025-03-05T10:26:30+00:00\",\"breadcrumb\":{\"@id\":\"https:\\\/\\\/lasentinelle.dz\\\/index.php\\\/2025\\\/03\\\/05\\\/majid-belabbasi-se-demarque-des-actions-de-son-frere-aksel-les-actions-du-mak-sinscrivent-dans-des-agendas-etrangers\\\/#breadcrumb\"},\"inLanguage\":\"fr-FR\",\"potentialAction\":[{\"@type\":\"ReadAction\",\"target\":[\"https:\\\/\\\/lasentinelle.dz\\\/index.php\\\/2025\\\/03\\\/05\\\/majid-belabbasi-se-demarque-des-actions-de-son-frere-aksel-les-actions-du-mak-sinscrivent-dans-des-agendas-etrangers\\\/\"]}]},{\"@type\":\"ImageObject\",\"inLanguage\":\"fr-FR\",\"@id\":\"https:\\\/\\\/lasentinelle.dz\\\/index.php\\\/2025\\\/03\\\/05\\\/majid-belabbasi-se-demarque-des-actions-de-son-frere-aksel-les-actions-du-mak-sinscrivent-dans-des-agendas-etrangers\\\/#primaryimage\",\"url\":\"https:\\\/\\\/lasentinelle.dz\\\/wp-content\\\/uploads\\\/2025\\\/03\\\/Capture-decran-2025-03-05-a-11.26.06.png\",\"contentUrl\":\"https:\\\/\\\/lasentinelle.dz\\\/wp-content\\\/uploads\\\/2025\\\/03\\\/Capture-decran-2025-03-05-a-11.26.06.png\",\"width\":616,\"height\":490},{\"@type\":\"BreadcrumbList\",\"@id\":\"https:\\\/\\\/lasentinelle.dz\\\/index.php\\\/2025\\\/03\\\/05\\\/majid-belabbasi-se-demarque-des-actions-de-son-frere-aksel-les-actions-du-mak-sinscrivent-dans-des-agendas-etrangers\\\/#breadcrumb\",\"itemListElement\":[{\"@type\":\"ListItem\",\"position\":1,\"name\":\"Accueil\",\"item\":\"https:\\\/\\\/lasentinelle.dz\\\/\"},{\"@type\":\"ListItem\",\"position\":2,\"name\":\"Majid Belabbasi se d\u00e9marque des actions de son fr\u00e8re Aksel : \u00ab\u00a0Les actions du MAK s&rsquo;inscrivent dans des agendas \u00e9trangers\u00a0\u00bb\"}]},{\"@type\":\"WebSite\",\"@id\":\"https:\\\/\\\/lasentinelle.dz\\\/#website\",\"url\":\"https:\\\/\\\/lasentinelle.dz\\\/\",\"name\":\"La Sentinelle\",\"description\":\"Quotidien national d&#039;information\",\"publisher\":{\"@id\":\"https:\\\/\\\/lasentinelle.dz\\\/#organization\"},\"potentialAction\":[{\"@type\":\"SearchAction\",\"target\":{\"@type\":\"EntryPoint\",\"urlTemplate\":\"https:\\\/\\\/lasentinelle.dz\\\/?s={search_term_string}\"},\"query-input\":{\"@type\":\"PropertyValueSpecification\",\"valueRequired\":true,\"valueName\":\"search_term_string\"}}],\"inLanguage\":\"fr-FR\"},{\"@type\":\"Organization\",\"@id\":\"https:\\\/\\\/lasentinelle.dz\\\/#organization\",\"name\":\"Quotidien La Sentinelle\",\"url\":\"https:\\\/\\\/lasentinelle.dz\\\/\",\"logo\":{\"@type\":\"ImageObject\",\"inLanguage\":\"fr-FR\",\"@id\":\"https:\\\/\\\/lasentinelle.dz\\\/#\\\/schema\\\/logo\\\/image\\\/\",\"url\":\"https:\\\/\\\/lasentinelle.dz\\\/wp-content\\\/uploads\\\/2021\\\/09\\\/logo-sentinelleSLOGAN-1.png\",\"contentUrl\":\"https:\\\/\\\/lasentinelle.dz\\\/wp-content\\\/uploads\\\/2021\\\/09\\\/logo-sentinelleSLOGAN-1.png\",\"width\":615,\"height\":142,\"caption\":\"Quotidien La Sentinelle\"},\"image\":{\"@id\":\"https:\\\/\\\/lasentinelle.dz\\\/#\\\/schema\\\/logo\\\/image\\\/\"},\"sameAs\":[\"https:\\\/\\\/www.facebook.com\\\/La-Sentinelle-104059864394773\"]},{\"@type\":\"Person\",\"@id\":\"https:\\\/\\\/lasentinelle.dz\\\/#\\\/schema\\\/person\\\/729ee0024f24e0b8c5ec17232f8e8b41\",\"name\":\"admin\",\"image\":{\"@type\":\"ImageObject\",\"inLanguage\":\"fr-FR\",\"@id\":\"https:\\\/\\\/secure.gravatar.com\\\/avatar\\\/4c81fed838786e9b53f540bf46533e750f5d292099ae3b66cfc6fb1982e29df7?s=96&d=mm&r=g\",\"url\":\"https:\\\/\\\/secure.gravatar.com\\\/avatar\\\/4c81fed838786e9b53f540bf46533e750f5d292099ae3b66cfc6fb1982e29df7?s=96&d=mm&r=g\",\"contentUrl\":\"https:\\\/\\\/secure.gravatar.com\\\/avatar\\\/4c81fed838786e9b53f540bf46533e750f5d292099ae3b66cfc6fb1982e29df7?s=96&d=mm&r=g\",\"caption\":\"admin\"},\"description\":\"admin\",\"url\":\"https:\\\/\\\/lasentinelle.dz\\\/author\\\/admin\\\/\"}]}<\/script>\n<!-- \/ Yoast SEO plugin. -->","yoast_head_json":{"title":"Majid Belabbasi se d\u00e9marque des actions de son fr\u00e8re Aksel : \u00ab\u00a0Les actions du MAK s&rsquo;inscrivent dans des agendas \u00e9trangers\u00a0\u00bb - La Sentinelle","robots":{"index":"index","follow":"follow","max-snippet":"max-snippet:-1","max-image-preview":"max-image-preview:large","max-video-preview":"max-video-preview:-1"},"canonical":"https:\/\/lasentinelle.dz\/index.php\/2025\/03\/05\/majid-belabbasi-se-demarque-des-actions-de-son-frere-aksel-les-actions-du-mak-sinscrivent-dans-des-agendas-etrangers\/","og_locale":"fr_FR","og_type":"article","og_title":"Majid Belabbasi se d\u00e9marque des actions de son fr\u00e8re Aksel : \u00ab\u00a0Les actions du MAK s&rsquo;inscrivent dans des agendas \u00e9trangers\u00a0\u00bb - La Sentinelle","og_description":"Majid Belabbasi a choisi de sortir du silence pour exprimer publiquement son rejet des actes de son fr\u00e8re, Aksel Belabbasi,","og_url":"https:\/\/lasentinelle.dz\/index.php\/2025\/03\/05\/majid-belabbasi-se-demarque-des-actions-de-son-frere-aksel-les-actions-du-mak-sinscrivent-dans-des-agendas-etrangers\/","og_site_name":"La Sentinelle","article_publisher":"https:\/\/www.facebook.com\/La-Sentinelle-104059864394773","article_published_time":"2025-03-05T10:26:30+00:00","og_image":[{"width":616,"height":490,"url":"https:\/\/lasentinelle.dz\/wp-content\/uploads\/2025\/03\/Capture-decran-2025-03-05-a-11.26.06.png","type":"image\/png"}],"author":"admin","twitter_card":"summary_large_image","twitter_misc":{"\u00c9crit par":"admin","Dur\u00e9e de lecture estim\u00e9e":"3 minutes"},"schema":{"@context":"https:\/\/schema.org","@graph":[{"@type":"Article","@id":"https:\/\/lasentinelle.dz\/index.php\/2025\/03\/05\/majid-belabbasi-se-demarque-des-actions-de-son-frere-aksel-les-actions-du-mak-sinscrivent-dans-des-agendas-etrangers\/#article","isPartOf":{"@id":"https:\/\/lasentinelle.dz\/index.php\/2025\/03\/05\/majid-belabbasi-se-demarque-des-actions-de-son-frere-aksel-les-actions-du-mak-sinscrivent-dans-des-agendas-etrangers\/"},"author":{"name":"admin","@id":"https:\/\/lasentinelle.dz\/#\/schema\/person\/729ee0024f24e0b8c5ec17232f8e8b41"},"headline":"Majid Belabbasi se d\u00e9marque des actions de son fr\u00e8re Aksel : \u00ab\u00a0Les actions du MAK s&rsquo;inscrivent dans des agendas \u00e9trangers\u00a0\u00bb","datePublished":"2025-03-05T10:26:30+00:00","mainEntityOfPage":{"@id":"https:\/\/lasentinelle.dz\/index.php\/2025\/03\/05\/majid-belabbasi-se-demarque-des-actions-de-son-frere-aksel-les-actions-du-mak-sinscrivent-dans-des-agendas-etrangers\/"},"wordCount":459,"commentCount":0,"publisher":{"@id":"https:\/\/lasentinelle.dz\/#organization"},"image":{"@id":"https:\/\/lasentinelle.dz\/index.php\/2025\/03\/05\/majid-belabbasi-se-demarque-des-actions-de-son-frere-aksel-les-actions-du-mak-sinscrivent-dans-des-agendas-etrangers\/#primaryimage"},"thumbnailUrl":"https:\/\/lasentinelle.dz\/wp-content\/uploads\/2025\/03\/Capture-decran-2025-03-05-a-11.26.06.png","articleSection":["\u00c0 la Une","Actualit\u00e9"],"inLanguage":"fr-FR","potentialAction":[{"@type":"CommentAction","name":"Comment","target":["https:\/\/lasentinelle.dz\/index.php\/2025\/03\/05\/majid-belabbasi-se-demarque-des-actions-de-son-frere-aksel-les-actions-du-mak-sinscrivent-dans-des-agendas-etrangers\/#respond"]}]},{"@type":"WebPage","@id":"https:\/\/lasentinelle.dz\/index.php\/2025\/03\/05\/majid-belabbasi-se-demarque-des-actions-de-son-frere-aksel-les-actions-du-mak-sinscrivent-dans-des-agendas-etrangers\/","url":"https:\/\/lasentinelle.dz\/index.php\/2025\/03\/05\/majid-belabbasi-se-demarque-des-actions-de-son-frere-aksel-les-actions-du-mak-sinscrivent-dans-des-agendas-etrangers\/","name":"Majid Belabbasi se d\u00e9marque des actions de son fr\u00e8re Aksel : \u00ab\u00a0Les actions du MAK s&rsquo;inscrivent dans des agendas \u00e9trangers\u00a0\u00bb - La Sentinelle","isPartOf":{"@id":"https:\/\/lasentinelle.dz\/#website"},"primaryImageOfPage":{"@id":"https:\/\/lasentinelle.dz\/index.php\/2025\/03\/05\/majid-belabbasi-se-demarque-des-actions-de-son-frere-aksel-les-actions-du-mak-sinscrivent-dans-des-agendas-etrangers\/#primaryimage"},"image":{"@id":"https:\/\/lasentinelle.dz\/index.php\/2025\/03\/05\/majid-belabbasi-se-demarque-des-actions-de-son-frere-aksel-les-actions-du-mak-sinscrivent-dans-des-agendas-etrangers\/#primaryimage"},"thumbnailUrl":"https:\/\/lasentinelle.dz\/wp-content\/uploads\/2025\/03\/Capture-decran-2025-03-05-a-11.26.06.png","datePublished":"2025-03-05T10:26:30+00:00","breadcrumb":{"@id":"https:\/\/lasentinelle.dz\/index.php\/2025\/03\/05\/majid-belabbasi-se-demarque-des-actions-de-son-frere-aksel-les-actions-du-mak-sinscrivent-dans-des-agendas-etrangers\/#breadcrumb"},"inLanguage":"fr-FR","potentialAction":[{"@type":"ReadAction","target":["https:\/\/lasentinelle.dz\/index.php\/2025\/03\/05\/majid-belabbasi-se-demarque-des-actions-de-son-frere-aksel-les-actions-du-mak-sinscrivent-dans-des-agendas-etrangers\/"]}]},{"@type":"ImageObject","inLanguage":"fr-FR","@id":"https:\/\/lasentinelle.dz\/index.php\/2025\/03\/05\/majid-belabbasi-se-demarque-des-actions-de-son-frere-aksel-les-actions-du-mak-sinscrivent-dans-des-agendas-etrangers\/#primaryimage","url":"https:\/\/lasentinelle.dz\/wp-content\/uploads\/2025\/03\/Capture-decran-2025-03-05-a-11.26.06.png","contentUrl":"https:\/\/lasentinelle.dz\/wp-content\/uploads\/2025\/03\/Capture-decran-2025-03-05-a-11.26.06.png","width":616,"height":490},{"@type":"BreadcrumbList","@id":"https:\/\/lasentinelle.dz\/index.php\/2025\/03\/05\/majid-belabbasi-se-demarque-des-actions-de-son-frere-aksel-les-actions-du-mak-sinscrivent-dans-des-agendas-etrangers\/#breadcrumb","itemListElement":[{"@type":"ListItem","position":1,"name":"Accueil","item":"https:\/\/lasentinelle.dz\/"},{"@type":"ListItem","position":2,"name":"Majid Belabbasi se d\u00e9marque des actions de son fr\u00e8re Aksel : \u00ab\u00a0Les actions du MAK s&rsquo;inscrivent dans des agendas \u00e9trangers\u00a0\u00bb"}]},{"@type":"WebSite","@id":"https:\/\/lasentinelle.dz\/#website","url":"https:\/\/lasentinelle.dz\/","name":"La Sentinelle","description":"Quotidien national d&#039;information","publisher":{"@id":"https:\/\/lasentinelle.dz\/#organization"},"potentialAction":[{"@type":"SearchAction","target":{"@type":"EntryPoint","urlTemplate":"https:\/\/lasentinelle.dz\/?s={search_term_string}"},"query-input":{"@type":"PropertyValueSpecification","valueRequired":true,"valueName":"search_term_string"}}],"inLanguage":"fr-FR"},{"@type":"Organization","@id":"https:\/\/lasentinelle.dz\/#organization","name":"Quotidien La Sentinelle","url":"https:\/\/lasentinelle.dz\/","logo":{"@type":"ImageObject","inLanguage":"fr-FR","@id":"https:\/\/lasentinelle.dz\/#\/schema\/logo\/image\/","url":"https:\/\/lasentinelle.dz\/wp-content\/uploads\/2021\/09\/logo-sentinelleSLOGAN-1.png","contentUrl":"https:\/\/lasentinelle.dz\/wp-content\/uploads\/2021\/09\/logo-sentinelleSLOGAN-1.png","width":615,"height":142,"caption":"Quotidien La Sentinelle"},"image":{"@id":"https:\/\/lasentinelle.dz\/#\/schema\/logo\/image\/"},"sameAs":["https:\/\/www.facebook.com\/La-Sentinelle-104059864394773"]},{"@type":"Person","@id":"https:\/\/lasentinelle.dz\/#\/schema\/person\/729ee0024f24e0b8c5ec17232f8e8b41","name":"admin","image":{"@type":"ImageObject","inLanguage":"fr-FR","@id":"https:\/\/secure.gravatar.com\/avatar\/4c81fed838786e9b53f540bf46533e750f5d292099ae3b66cfc6fb1982e29df7?s=96&d=mm&r=g","url":"https:\/\/secure.gravatar.com\/avatar\/4c81fed838786e9b53f540bf46533e750f5d292099ae3b66cfc6fb1982e29df7?s=96&d=mm&r=g","contentUrl":"https:\/\/secure.gravatar.com\/avatar\/4c81fed838786e9b53f540bf46533e750f5d292099ae3b66cfc6fb1982e29df7?s=96&d=mm&r=g","caption":"admin"},"description":"admin","url":"https:\/\/lasentinelle.dz\/author\/admin\/"}]}},"_links":{"self":[{"href":"https:\/\/lasentinelle.dz\/index.php\/wp-json\/wp\/v2\/posts\/63934","targetHints":{"allow":["GET"]}}],"collection":[{"href":"https:\/\/lasentinelle.dz\/index.php\/wp-json\/wp\/v2\/posts"}],"about":[{"href":"https:\/\/lasentinelle.dz\/index.php\/wp-json\/wp\/v2\/types\/post"}],"author":[{"embeddable":true,"href":"https:\/\/lasentinelle.dz\/index.php\/wp-json\/wp\/v2\/users\/6"}],"replies":[{"embeddable":true,"href":"https:\/\/lasentinelle.dz\/index.php\/wp-json\/wp\/v2\/comments?post=63934"}],"version-history":[{"count":2,"href":"https:\/\/lasentinelle.dz\/index.php\/wp-json\/wp\/v2\/posts\/63934\/revisions"}],"predecessor-version":[{"id":63937,"href":"https:\/\/lasentinelle.dz\/index.php\/wp-json\/wp\/v2\/posts\/63934\/revisions\/63937"}],"wp:featuredmedia":[{"embeddable":true,"href":"https:\/\/lasentinelle.dz\/index.php\/wp-json\/wp\/v2\/media\/63935"}],"wp:attachment":[{"href":"https:\/\/lasentinelle.dz\/index.php\/wp-json\/wp\/v2\/media?parent=63934"}],"wp:term":[{"taxonomy":"category","embeddable":true,"href":"https:\/\/lasentinelle.dz\/index.php\/wp-json\/wp\/v2\/categories?post=63934"},{"taxonomy":"post_tag","embeddable":true,"href":"https:\/\/lasentinelle.dz\/index.php\/wp-json\/wp\/v2\/tags?post=63934"}],"curies":[{"name":"wp","href":"https:\/\/api.w.org\/{rel}","templated":true}]}}