{"id":63941,"date":"2025-03-05T11:29:01","date_gmt":"2025-03-05T10:29:01","guid":{"rendered":"https:\/\/lasentinelle.dz\/?p=63941"},"modified":"2025-03-05T11:29:02","modified_gmt":"2025-03-05T10:29:02","slug":"il-recadre-bayrou-et-retailleau-et-joue-la-carte-de-lapaisement-macron-veut-reprendre-la-main-sur-les-relations-avec-alger","status":"publish","type":"post","link":"https:\/\/lasentinelle.dz\/index.php\/2025\/03\/05\/il-recadre-bayrou-et-retailleau-et-joue-la-carte-de-lapaisement-macron-veut-reprendre-la-main-sur-les-relations-avec-alger\/","title":{"rendered":"Il recadre Bayrou et Retailleau et joue la carte de l&rsquo;apaisement: Macron veut reprendre la main sur les relations avec Alger"},"content":{"rendered":"\n<p>Le pr\u00e9sident fran\u00e7ais Emmanuel Macron joue la carte de l\u2019apaisement dans les relations franco-alg\u00e9riennes en recadrant fermement son Premier ministre Fran\u00e7ois Bayrou et son ministre de l\u2019Int\u00e9rieur Bruno Retailleau. Le pr\u00e9sident fran\u00e7ais a tenu \u00e0 clarifier sa position sur l\u2019accord franco-alg\u00e9rien de 1968, affirmant que ce dossier rel\u00e8ve exclusivement de sa comp\u00e9tence.<\/p>\n\n\n\n<p>Lors de son d\u00e9placement \u00e0 Londres pour le sommet sur l\u2019Ukraine, il a d\u00e9clar\u00e9 au quotidien fran\u00e7ais le Figaro : \u00ab Chacun est dans ses comp\u00e9tences. L\u2019accord de 1968, c\u2019est le pr\u00e9sident de la R\u00e9publique. \u00bb Il a \u00e9galement rappel\u00e9 qu\u2019un travail de modernisation de cet accord avait \u00e9t\u00e9 act\u00e9 avec le pr\u00e9sident de la R\u00e9publique Abdelmadjid Tebboune en 2022. \u00ab Je suis totalement favorable, non pas \u00e0 le d\u00e9noncer, mais \u00e0 le ren\u00e9gocier \u00bb, a-t-il pr\u00e9cis\u00e9, prenant ainsi ses distances avec la logique d&rsquo;escalade adopt\u00e9e par son ministre de l\u2019Int\u00e9rieur. Emmanuel Macron a insist\u00e9 sur la n\u00e9cessit\u00e9 d\u2019un dialogue constructif entre les deux pays. \u00ab C\u2019est ensemble que l\u2019on peut faire des choses intelligentes pour les deux c\u00f4t\u00e9s \u00bb, a-t-il soulign\u00e9. Il a \u00e9galement relativis\u00e9 et d\u00e9menti par la m\u00eame occasion les accusations de Retailleau et de l&rsquo;extr\u00eame droite fran\u00e7aise sur &nbsp;la question des laissez-passer consulaires d\u00e9livr\u00e9s par Alger en 2024, jugeant que \u00ab les chiffres ne sont pas si mauvais ces derniers temps, surtout lorsqu\u2019on les compare \u00e0 ceux d\u2019autres pays d\u2019Afrique du Nord \u00bb.<\/p>\n\n\n\n<p>Le chef de l\u2019\u00c9tat fran\u00e7ais avait d\u00e9j\u00e0 tent\u00e9 d\u2019apaiser les tensions vendredi, lors d\u2019une conf\u00e9rence de presse \u00e0 Porto, o\u00f9 il avait recadr\u00e9 une premi\u00e8re fois son ministre de l\u2019Int\u00e9rieur. \u00ab Il ne faut pas que les relations fassent l\u2019objet de jeux politiques \u00bb, avait-il averti, freinant ainsi les vell\u00e9it\u00e9s de durcissement au sein de son gouvernement.<\/p>\n\n\n\n<p>Ces d\u00e9clarations s\u2019inscrivent dans un contexte de forte d\u00e9t\u00e9rioration des relations franco-alg\u00e9riennes, exacerb\u00e9e par une campagne alg\u00e9ro-phobe de la droite et de l\u2019extr\u00eame droite fran\u00e7aises sur fond de calculs politiques et d&rsquo;enjeux \u00e9lectoraux li\u00e9s \u00e0 la prochaine pr\u00e9sidentielle en France. Une escalade qui inqui\u00e8te d&rsquo;ailleurs les milieux politiques et \u00e9conomiques en France, conscients de ce qu&rsquo;il y a perdre avec cette cabale de l&rsquo;extr\u00eame droite. L\u2019enjeu est de taille pour la France, qui demeure le deuxi\u00e8me partenaire commercial de l\u2019Alg\u00e9rie et dont l\u2019approvisionnement en gaz repose en partie sur son voisin du sud. Le message de Macron est clair : il n\u2019est pas question de remettre en cause unilat\u00e9ralement les accords de 1968. \u00ab On ne va pas les d\u00e9noncer de mani\u00e8re unilat\u00e9rale. \u00c7a n\u2019a aucun sens \u00bb, a-t-il martel\u00e9, tout en d\u00e9plorant \u00ab\u00a0les commentaires erron\u00e9s\u00a0\u00bb circulant \u00e0 ce sujet.<\/p>\n\n\n\n<p>Malgr\u00e9 cette volont\u00e9 d\u2019apaisement, son ministre de l\u2019Int\u00e9rieur persiste dans l\u2019escalade. Bruno Retailleau a notamment ordonn\u00e9, samedi, d\u2019emp\u00eacher l\u2019entr\u00e9e en France de l\u2019\u00e9pouse d\u2019un ambassadeur alg\u00e9rien en fonction. Le lendemain, une fuite organis\u00e9e dans la presse fran\u00e7aise a r\u00e9v\u00e9l\u00e9 une note de trois pages d\u00e9taillant les mesures de r\u00e9torsion envisag\u00e9es, dont certaines visant directement Air Alg\u00e9rie.<\/p>\n\n\n\n<p>Face \u00e0 ces tensions croissantes, la derni\u00e8re intervention d\u2019Emmanuel Macron appara\u00eet comme une volont\u00e9 de reprendre la main sur le dossier des relations franco-alg\u00e9riennes, afin d\u2019\u00e9viter une crise diplomatique qui pourrait avoir des cons\u00e9quences \u00e9conomiques et s\u00e9curitaires importantes.<\/p>\n\n\n\n<p>Hocine Fadheli<\/p>\n","protected":false},"excerpt":{"rendered":"<p>Le pr\u00e9sident fran\u00e7ais Emmanuel Macron joue la carte de l\u2019apaisement dans les relations franco-alg\u00e9riennes en recadrant fermement son Premier ministre<\/p>\n","protected":false},"author":6,"featured_media":63942,"comment_status":"open","ping_status":"closed","sticky":false,"template":"","format":"standard","meta":{"colormag_page_container_layout":"default_layout","colormag_page_sidebar_layout":"default_layout","om_disable_all_campaigns":false,"_monsterinsights_skip_tracking":false,"_monsterinsights_sitenote_active":false,"_monsterinsights_sitenote_note":"","_monsterinsights_sitenote_category":0,"footnotes":"","_wpscppro_dont_share_socialmedia":false,"_wpscppro_custom_social_share_image":0,"_facebook_share_type":"default","_twitter_share_type":"default","_linkedin_share_type":"default","_pinterest_share_type":"default","_linkedin_share_type_page":"","_instagram_share_type":"default","_medium_share_type":"default","_threads_share_type":"","_google_business_share_type":"","_selected_social_profile":[],"_wpsp_enable_custom_social_template":false,"_wpsp_social_scheduling":{"enabled":false,"datetime":null,"platforms":[],"status":"template_only","dateOption":"today","timeOption":"now","customDays":"","customHours":"","customDate":"","customTime":"","schedulingType":"absolute"},"_wpsp_active_default_template":true},"categories":[52,27],"tags":[],"class_list":["post-63941","post","type-post","status-publish","format-standard","has-post-thumbnail","hentry","category-a-la-une","category-actualite"],"aioseo_notices":[],"yoast_head":"<!-- This site is optimized with the Yoast SEO plugin v27.5 - https:\/\/yoast.com\/product\/yoast-seo-wordpress\/ -->\n<title>Il recadre Bayrou et Retailleau et joue la carte de l&rsquo;apaisement: Macron veut reprendre la main sur les relations avec Alger - La Sentinelle<\/title>\n<meta name=\"robots\" content=\"index, follow, max-snippet:-1, max-image-preview:large, max-video-preview:-1\" \/>\n<link rel=\"canonical\" href=\"https:\/\/lasentinelle.dz\/index.php\/2025\/03\/05\/il-recadre-bayrou-et-retailleau-et-joue-la-carte-de-lapaisement-macron-veut-reprendre-la-main-sur-les-relations-avec-alger\/\" \/>\n<meta property=\"og:locale\" content=\"fr_FR\" \/>\n<meta property=\"og:type\" content=\"article\" \/>\n<meta property=\"og:title\" content=\"Il recadre Bayrou et Retailleau et joue la carte de l&rsquo;apaisement: Macron veut reprendre la main sur les relations avec Alger - La Sentinelle\" \/>\n<meta property=\"og:description\" content=\"Le pr\u00e9sident fran\u00e7ais Emmanuel Macron joue la carte de l\u2019apaisement dans les relations franco-alg\u00e9riennes en recadrant fermement son Premier ministre\" \/>\n<meta property=\"og:url\" content=\"https:\/\/lasentinelle.dz\/index.php\/2025\/03\/05\/il-recadre-bayrou-et-retailleau-et-joue-la-carte-de-lapaisement-macron-veut-reprendre-la-main-sur-les-relations-avec-alger\/\" \/>\n<meta property=\"og:site_name\" content=\"La Sentinelle\" \/>\n<meta property=\"article:publisher\" content=\"https:\/\/www.facebook.com\/La-Sentinelle-104059864394773\" \/>\n<meta property=\"article:published_time\" content=\"2025-03-05T10:29:01+00:00\" \/>\n<meta property=\"article:modified_time\" content=\"2025-03-05T10:29:02+00:00\" \/>\n<meta property=\"og:image\" content=\"https:\/\/lasentinelle.dz\/wp-content\/uploads\/2025\/03\/macron.png\" \/>\n\t<meta property=\"og:image:width\" content=\"1774\" \/>\n\t<meta property=\"og:image:height\" content=\"998\" \/>\n\t<meta property=\"og:image:type\" content=\"image\/png\" \/>\n<meta name=\"author\" content=\"admin\" \/>\n<meta name=\"twitter:card\" content=\"summary_large_image\" \/>\n<meta name=\"twitter:label1\" content=\"\u00c9crit par\" \/>\n\t<meta name=\"twitter:data1\" content=\"admin\" \/>\n\t<meta name=\"twitter:label2\" content=\"Dur\u00e9e de lecture estim\u00e9e\" \/>\n\t<meta name=\"twitter:data2\" content=\"3 minutes\" \/>\n<script type=\"application\/ld+json\" class=\"yoast-schema-graph\">{\"@context\":\"https:\\\/\\\/schema.org\",\"@graph\":[{\"@type\":\"Article\",\"@id\":\"https:\\\/\\\/lasentinelle.dz\\\/index.php\\\/2025\\\/03\\\/05\\\/il-recadre-bayrou-et-retailleau-et-joue-la-carte-de-lapaisement-macron-veut-reprendre-la-main-sur-les-relations-avec-alger\\\/#article\",\"isPartOf\":{\"@id\":\"https:\\\/\\\/lasentinelle.dz\\\/index.php\\\/2025\\\/03\\\/05\\\/il-recadre-bayrou-et-retailleau-et-joue-la-carte-de-lapaisement-macron-veut-reprendre-la-main-sur-les-relations-avec-alger\\\/\"},\"author\":{\"name\":\"admin\",\"@id\":\"https:\\\/\\\/lasentinelle.dz\\\/#\\\/schema\\\/person\\\/729ee0024f24e0b8c5ec17232f8e8b41\"},\"headline\":\"Il recadre Bayrou et Retailleau et joue la carte de l&rsquo;apaisement: Macron veut reprendre la main sur les relations avec Alger\",\"datePublished\":\"2025-03-05T10:29:01+00:00\",\"dateModified\":\"2025-03-05T10:29:02+00:00\",\"mainEntityOfPage\":{\"@id\":\"https:\\\/\\\/lasentinelle.dz\\\/index.php\\\/2025\\\/03\\\/05\\\/il-recadre-bayrou-et-retailleau-et-joue-la-carte-de-lapaisement-macron-veut-reprendre-la-main-sur-les-relations-avec-alger\\\/\"},\"wordCount\":635,\"commentCount\":0,\"publisher\":{\"@id\":\"https:\\\/\\\/lasentinelle.dz\\\/#organization\"},\"image\":{\"@id\":\"https:\\\/\\\/lasentinelle.dz\\\/index.php\\\/2025\\\/03\\\/05\\\/il-recadre-bayrou-et-retailleau-et-joue-la-carte-de-lapaisement-macron-veut-reprendre-la-main-sur-les-relations-avec-alger\\\/#primaryimage\"},\"thumbnailUrl\":\"https:\\\/\\\/lasentinelle.dz\\\/wp-content\\\/uploads\\\/2025\\\/03\\\/macron.png\",\"articleSection\":[\"\u00c0 la Une\",\"Actualit\u00e9\"],\"inLanguage\":\"fr-FR\",\"potentialAction\":[{\"@type\":\"CommentAction\",\"name\":\"Comment\",\"target\":[\"https:\\\/\\\/lasentinelle.dz\\\/index.php\\\/2025\\\/03\\\/05\\\/il-recadre-bayrou-et-retailleau-et-joue-la-carte-de-lapaisement-macron-veut-reprendre-la-main-sur-les-relations-avec-alger\\\/#respond\"]}]},{\"@type\":\"WebPage\",\"@id\":\"https:\\\/\\\/lasentinelle.dz\\\/index.php\\\/2025\\\/03\\\/05\\\/il-recadre-bayrou-et-retailleau-et-joue-la-carte-de-lapaisement-macron-veut-reprendre-la-main-sur-les-relations-avec-alger\\\/\",\"url\":\"https:\\\/\\\/lasentinelle.dz\\\/index.php\\\/2025\\\/03\\\/05\\\/il-recadre-bayrou-et-retailleau-et-joue-la-carte-de-lapaisement-macron-veut-reprendre-la-main-sur-les-relations-avec-alger\\\/\",\"name\":\"Il recadre Bayrou et Retailleau et joue la carte de l&rsquo;apaisement: Macron veut reprendre la main sur les relations avec Alger - La Sentinelle\",\"isPartOf\":{\"@id\":\"https:\\\/\\\/lasentinelle.dz\\\/#website\"},\"primaryImageOfPage\":{\"@id\":\"https:\\\/\\\/lasentinelle.dz\\\/index.php\\\/2025\\\/03\\\/05\\\/il-recadre-bayrou-et-retailleau-et-joue-la-carte-de-lapaisement-macron-veut-reprendre-la-main-sur-les-relations-avec-alger\\\/#primaryimage\"},\"image\":{\"@id\":\"https:\\\/\\\/lasentinelle.dz\\\/index.php\\\/2025\\\/03\\\/05\\\/il-recadre-bayrou-et-retailleau-et-joue-la-carte-de-lapaisement-macron-veut-reprendre-la-main-sur-les-relations-avec-alger\\\/#primaryimage\"},\"thumbnailUrl\":\"https:\\\/\\\/lasentinelle.dz\\\/wp-content\\\/uploads\\\/2025\\\/03\\\/macron.png\",\"datePublished\":\"2025-03-05T10:29:01+00:00\",\"dateModified\":\"2025-03-05T10:29:02+00:00\",\"breadcrumb\":{\"@id\":\"https:\\\/\\\/lasentinelle.dz\\\/index.php\\\/2025\\\/03\\\/05\\\/il-recadre-bayrou-et-retailleau-et-joue-la-carte-de-lapaisement-macron-veut-reprendre-la-main-sur-les-relations-avec-alger\\\/#breadcrumb\"},\"inLanguage\":\"fr-FR\",\"potentialAction\":[{\"@type\":\"ReadAction\",\"target\":[\"https:\\\/\\\/lasentinelle.dz\\\/index.php\\\/2025\\\/03\\\/05\\\/il-recadre-bayrou-et-retailleau-et-joue-la-carte-de-lapaisement-macron-veut-reprendre-la-main-sur-les-relations-avec-alger\\\/\"]}]},{\"@type\":\"ImageObject\",\"inLanguage\":\"fr-FR\",\"@id\":\"https:\\\/\\\/lasentinelle.dz\\\/index.php\\\/2025\\\/03\\\/05\\\/il-recadre-bayrou-et-retailleau-et-joue-la-carte-de-lapaisement-macron-veut-reprendre-la-main-sur-les-relations-avec-alger\\\/#primaryimage\",\"url\":\"https:\\\/\\\/lasentinelle.dz\\\/wp-content\\\/uploads\\\/2025\\\/03\\\/macron.png\",\"contentUrl\":\"https:\\\/\\\/lasentinelle.dz\\\/wp-content\\\/uploads\\\/2025\\\/03\\\/macron.png\",\"width\":1774,\"height\":998},{\"@type\":\"BreadcrumbList\",\"@id\":\"https:\\\/\\\/lasentinelle.dz\\\/index.php\\\/2025\\\/03\\\/05\\\/il-recadre-bayrou-et-retailleau-et-joue-la-carte-de-lapaisement-macron-veut-reprendre-la-main-sur-les-relations-avec-alger\\\/#breadcrumb\",\"itemListElement\":[{\"@type\":\"ListItem\",\"position\":1,\"name\":\"Accueil\",\"item\":\"https:\\\/\\\/lasentinelle.dz\\\/\"},{\"@type\":\"ListItem\",\"position\":2,\"name\":\"Il recadre Bayrou et Retailleau et joue la carte de l&rsquo;apaisement: Macron veut reprendre la main sur les relations avec Alger\"}]},{\"@type\":\"WebSite\",\"@id\":\"https:\\\/\\\/lasentinelle.dz\\\/#website\",\"url\":\"https:\\\/\\\/lasentinelle.dz\\\/\",\"name\":\"La Sentinelle\",\"description\":\"Quotidien national d&#039;information\",\"publisher\":{\"@id\":\"https:\\\/\\\/lasentinelle.dz\\\/#organization\"},\"potentialAction\":[{\"@type\":\"SearchAction\",\"target\":{\"@type\":\"EntryPoint\",\"urlTemplate\":\"https:\\\/\\\/lasentinelle.dz\\\/?s={search_term_string}\"},\"query-input\":{\"@type\":\"PropertyValueSpecification\",\"valueRequired\":true,\"valueName\":\"search_term_string\"}}],\"inLanguage\":\"fr-FR\"},{\"@type\":\"Organization\",\"@id\":\"https:\\\/\\\/lasentinelle.dz\\\/#organization\",\"name\":\"Quotidien La Sentinelle\",\"url\":\"https:\\\/\\\/lasentinelle.dz\\\/\",\"logo\":{\"@type\":\"ImageObject\",\"inLanguage\":\"fr-FR\",\"@id\":\"https:\\\/\\\/lasentinelle.dz\\\/#\\\/schema\\\/logo\\\/image\\\/\",\"url\":\"https:\\\/\\\/lasentinelle.dz\\\/wp-content\\\/uploads\\\/2021\\\/09\\\/logo-sentinelleSLOGAN-1.png\",\"contentUrl\":\"https:\\\/\\\/lasentinelle.dz\\\/wp-content\\\/uploads\\\/2021\\\/09\\\/logo-sentinelleSLOGAN-1.png\",\"width\":615,\"height\":142,\"caption\":\"Quotidien La Sentinelle\"},\"image\":{\"@id\":\"https:\\\/\\\/lasentinelle.dz\\\/#\\\/schema\\\/logo\\\/image\\\/\"},\"sameAs\":[\"https:\\\/\\\/www.facebook.com\\\/La-Sentinelle-104059864394773\"]},{\"@type\":\"Person\",\"@id\":\"https:\\\/\\\/lasentinelle.dz\\\/#\\\/schema\\\/person\\\/729ee0024f24e0b8c5ec17232f8e8b41\",\"name\":\"admin\",\"image\":{\"@type\":\"ImageObject\",\"inLanguage\":\"fr-FR\",\"@id\":\"https:\\\/\\\/secure.gravatar.com\\\/avatar\\\/4c81fed838786e9b53f540bf46533e750f5d292099ae3b66cfc6fb1982e29df7?s=96&d=mm&r=g\",\"url\":\"https:\\\/\\\/secure.gravatar.com\\\/avatar\\\/4c81fed838786e9b53f540bf46533e750f5d292099ae3b66cfc6fb1982e29df7?s=96&d=mm&r=g\",\"contentUrl\":\"https:\\\/\\\/secure.gravatar.com\\\/avatar\\\/4c81fed838786e9b53f540bf46533e750f5d292099ae3b66cfc6fb1982e29df7?s=96&d=mm&r=g\",\"caption\":\"admin\"},\"description\":\"admin\",\"url\":\"https:\\\/\\\/lasentinelle.dz\\\/author\\\/admin\\\/\"}]}<\/script>\n<!-- \/ Yoast SEO plugin. -->","yoast_head_json":{"title":"Il recadre Bayrou et Retailleau et joue la carte de l&rsquo;apaisement: Macron veut reprendre la main sur les relations avec Alger - La Sentinelle","robots":{"index":"index","follow":"follow","max-snippet":"max-snippet:-1","max-image-preview":"max-image-preview:large","max-video-preview":"max-video-preview:-1"},"canonical":"https:\/\/lasentinelle.dz\/index.php\/2025\/03\/05\/il-recadre-bayrou-et-retailleau-et-joue-la-carte-de-lapaisement-macron-veut-reprendre-la-main-sur-les-relations-avec-alger\/","og_locale":"fr_FR","og_type":"article","og_title":"Il recadre Bayrou et Retailleau et joue la carte de l&rsquo;apaisement: Macron veut reprendre la main sur les relations avec Alger - La Sentinelle","og_description":"Le pr\u00e9sident fran\u00e7ais Emmanuel Macron joue la carte de l\u2019apaisement dans les relations franco-alg\u00e9riennes en recadrant fermement son Premier ministre","og_url":"https:\/\/lasentinelle.dz\/index.php\/2025\/03\/05\/il-recadre-bayrou-et-retailleau-et-joue-la-carte-de-lapaisement-macron-veut-reprendre-la-main-sur-les-relations-avec-alger\/","og_site_name":"La Sentinelle","article_publisher":"https:\/\/www.facebook.com\/La-Sentinelle-104059864394773","article_published_time":"2025-03-05T10:29:01+00:00","article_modified_time":"2025-03-05T10:29:02+00:00","og_image":[{"width":1774,"height":998,"url":"https:\/\/lasentinelle.dz\/wp-content\/uploads\/2025\/03\/macron.png","type":"image\/png"}],"author":"admin","twitter_card":"summary_large_image","twitter_misc":{"\u00c9crit par":"admin","Dur\u00e9e de lecture estim\u00e9e":"3 minutes"},"schema":{"@context":"https:\/\/schema.org","@graph":[{"@type":"Article","@id":"https:\/\/lasentinelle.dz\/index.php\/2025\/03\/05\/il-recadre-bayrou-et-retailleau-et-joue-la-carte-de-lapaisement-macron-veut-reprendre-la-main-sur-les-relations-avec-alger\/#article","isPartOf":{"@id":"https:\/\/lasentinelle.dz\/index.php\/2025\/03\/05\/il-recadre-bayrou-et-retailleau-et-joue-la-carte-de-lapaisement-macron-veut-reprendre-la-main-sur-les-relations-avec-alger\/"},"author":{"name":"admin","@id":"https:\/\/lasentinelle.dz\/#\/schema\/person\/729ee0024f24e0b8c5ec17232f8e8b41"},"headline":"Il recadre Bayrou et Retailleau et joue la carte de l&rsquo;apaisement: Macron veut reprendre la main sur les relations avec Alger","datePublished":"2025-03-05T10:29:01+00:00","dateModified":"2025-03-05T10:29:02+00:00","mainEntityOfPage":{"@id":"https:\/\/lasentinelle.dz\/index.php\/2025\/03\/05\/il-recadre-bayrou-et-retailleau-et-joue-la-carte-de-lapaisement-macron-veut-reprendre-la-main-sur-les-relations-avec-alger\/"},"wordCount":635,"commentCount":0,"publisher":{"@id":"https:\/\/lasentinelle.dz\/#organization"},"image":{"@id":"https:\/\/lasentinelle.dz\/index.php\/2025\/03\/05\/il-recadre-bayrou-et-retailleau-et-joue-la-carte-de-lapaisement-macron-veut-reprendre-la-main-sur-les-relations-avec-alger\/#primaryimage"},"thumbnailUrl":"https:\/\/lasentinelle.dz\/wp-content\/uploads\/2025\/03\/macron.png","articleSection":["\u00c0 la Une","Actualit\u00e9"],"inLanguage":"fr-FR","potentialAction":[{"@type":"CommentAction","name":"Comment","target":["https:\/\/lasentinelle.dz\/index.php\/2025\/03\/05\/il-recadre-bayrou-et-retailleau-et-joue-la-carte-de-lapaisement-macron-veut-reprendre-la-main-sur-les-relations-avec-alger\/#respond"]}]},{"@type":"WebPage","@id":"https:\/\/lasentinelle.dz\/index.php\/2025\/03\/05\/il-recadre-bayrou-et-retailleau-et-joue-la-carte-de-lapaisement-macron-veut-reprendre-la-main-sur-les-relations-avec-alger\/","url":"https:\/\/lasentinelle.dz\/index.php\/2025\/03\/05\/il-recadre-bayrou-et-retailleau-et-joue-la-carte-de-lapaisement-macron-veut-reprendre-la-main-sur-les-relations-avec-alger\/","name":"Il recadre Bayrou et Retailleau et joue la carte de l&rsquo;apaisement: Macron veut reprendre la main sur les relations avec Alger - La Sentinelle","isPartOf":{"@id":"https:\/\/lasentinelle.dz\/#website"},"primaryImageOfPage":{"@id":"https:\/\/lasentinelle.dz\/index.php\/2025\/03\/05\/il-recadre-bayrou-et-retailleau-et-joue-la-carte-de-lapaisement-macron-veut-reprendre-la-main-sur-les-relations-avec-alger\/#primaryimage"},"image":{"@id":"https:\/\/lasentinelle.dz\/index.php\/2025\/03\/05\/il-recadre-bayrou-et-retailleau-et-joue-la-carte-de-lapaisement-macron-veut-reprendre-la-main-sur-les-relations-avec-alger\/#primaryimage"},"thumbnailUrl":"https:\/\/lasentinelle.dz\/wp-content\/uploads\/2025\/03\/macron.png","datePublished":"2025-03-05T10:29:01+00:00","dateModified":"2025-03-05T10:29:02+00:00","breadcrumb":{"@id":"https:\/\/lasentinelle.dz\/index.php\/2025\/03\/05\/il-recadre-bayrou-et-retailleau-et-joue-la-carte-de-lapaisement-macron-veut-reprendre-la-main-sur-les-relations-avec-alger\/#breadcrumb"},"inLanguage":"fr-FR","potentialAction":[{"@type":"ReadAction","target":["https:\/\/lasentinelle.dz\/index.php\/2025\/03\/05\/il-recadre-bayrou-et-retailleau-et-joue-la-carte-de-lapaisement-macron-veut-reprendre-la-main-sur-les-relations-avec-alger\/"]}]},{"@type":"ImageObject","inLanguage":"fr-FR","@id":"https:\/\/lasentinelle.dz\/index.php\/2025\/03\/05\/il-recadre-bayrou-et-retailleau-et-joue-la-carte-de-lapaisement-macron-veut-reprendre-la-main-sur-les-relations-avec-alger\/#primaryimage","url":"https:\/\/lasentinelle.dz\/wp-content\/uploads\/2025\/03\/macron.png","contentUrl":"https:\/\/lasentinelle.dz\/wp-content\/uploads\/2025\/03\/macron.png","width":1774,"height":998},{"@type":"BreadcrumbList","@id":"https:\/\/lasentinelle.dz\/index.php\/2025\/03\/05\/il-recadre-bayrou-et-retailleau-et-joue-la-carte-de-lapaisement-macron-veut-reprendre-la-main-sur-les-relations-avec-alger\/#breadcrumb","itemListElement":[{"@type":"ListItem","position":1,"name":"Accueil","item":"https:\/\/lasentinelle.dz\/"},{"@type":"ListItem","position":2,"name":"Il recadre Bayrou et Retailleau et joue la carte de l&rsquo;apaisement: Macron veut reprendre la main sur les relations avec Alger"}]},{"@type":"WebSite","@id":"https:\/\/lasentinelle.dz\/#website","url":"https:\/\/lasentinelle.dz\/","name":"La Sentinelle","description":"Quotidien national d&#039;information","publisher":{"@id":"https:\/\/lasentinelle.dz\/#organization"},"potentialAction":[{"@type":"SearchAction","target":{"@type":"EntryPoint","urlTemplate":"https:\/\/lasentinelle.dz\/?s={search_term_string}"},"query-input":{"@type":"PropertyValueSpecification","valueRequired":true,"valueName":"search_term_string"}}],"inLanguage":"fr-FR"},{"@type":"Organization","@id":"https:\/\/lasentinelle.dz\/#organization","name":"Quotidien La Sentinelle","url":"https:\/\/lasentinelle.dz\/","logo":{"@type":"ImageObject","inLanguage":"fr-FR","@id":"https:\/\/lasentinelle.dz\/#\/schema\/logo\/image\/","url":"https:\/\/lasentinelle.dz\/wp-content\/uploads\/2021\/09\/logo-sentinelleSLOGAN-1.png","contentUrl":"https:\/\/lasentinelle.dz\/wp-content\/uploads\/2021\/09\/logo-sentinelleSLOGAN-1.png","width":615,"height":142,"caption":"Quotidien La Sentinelle"},"image":{"@id":"https:\/\/lasentinelle.dz\/#\/schema\/logo\/image\/"},"sameAs":["https:\/\/www.facebook.com\/La-Sentinelle-104059864394773"]},{"@type":"Person","@id":"https:\/\/lasentinelle.dz\/#\/schema\/person\/729ee0024f24e0b8c5ec17232f8e8b41","name":"admin","image":{"@type":"ImageObject","inLanguage":"fr-FR","@id":"https:\/\/secure.gravatar.com\/avatar\/4c81fed838786e9b53f540bf46533e750f5d292099ae3b66cfc6fb1982e29df7?s=96&d=mm&r=g","url":"https:\/\/secure.gravatar.com\/avatar\/4c81fed838786e9b53f540bf46533e750f5d292099ae3b66cfc6fb1982e29df7?s=96&d=mm&r=g","contentUrl":"https:\/\/secure.gravatar.com\/avatar\/4c81fed838786e9b53f540bf46533e750f5d292099ae3b66cfc6fb1982e29df7?s=96&d=mm&r=g","caption":"admin"},"description":"admin","url":"https:\/\/lasentinelle.dz\/author\/admin\/"}]}},"_links":{"self":[{"href":"https:\/\/lasentinelle.dz\/index.php\/wp-json\/wp\/v2\/posts\/63941","targetHints":{"allow":["GET"]}}],"collection":[{"href":"https:\/\/lasentinelle.dz\/index.php\/wp-json\/wp\/v2\/posts"}],"about":[{"href":"https:\/\/lasentinelle.dz\/index.php\/wp-json\/wp\/v2\/types\/post"}],"author":[{"embeddable":true,"href":"https:\/\/lasentinelle.dz\/index.php\/wp-json\/wp\/v2\/users\/6"}],"replies":[{"embeddable":true,"href":"https:\/\/lasentinelle.dz\/index.php\/wp-json\/wp\/v2\/comments?post=63941"}],"version-history":[{"count":2,"href":"https:\/\/lasentinelle.dz\/index.php\/wp-json\/wp\/v2\/posts\/63941\/revisions"}],"predecessor-version":[{"id":63944,"href":"https:\/\/lasentinelle.dz\/index.php\/wp-json\/wp\/v2\/posts\/63941\/revisions\/63944"}],"wp:featuredmedia":[{"embeddable":true,"href":"https:\/\/lasentinelle.dz\/index.php\/wp-json\/wp\/v2\/media\/63942"}],"wp:attachment":[{"href":"https:\/\/lasentinelle.dz\/index.php\/wp-json\/wp\/v2\/media?parent=63941"}],"wp:term":[{"taxonomy":"category","embeddable":true,"href":"https:\/\/lasentinelle.dz\/index.php\/wp-json\/wp\/v2\/categories?post=63941"},{"taxonomy":"post_tag","embeddable":true,"href":"https:\/\/lasentinelle.dz\/index.php\/wp-json\/wp\/v2\/tags?post=63941"}],"curies":[{"name":"wp","href":"https:\/\/api.w.org\/{rel}","templated":true}]}}