{"id":63967,"date":"2025-03-06T14:53:36","date_gmt":"2025-03-06T13:53:36","guid":{"rendered":"https:\/\/lasentinelle.dz\/?p=63967"},"modified":"2025-03-07T14:54:21","modified_gmt":"2025-03-07T13:54:21","slug":"ligue-1-mobilis-des-chocs-decisifs-a-laffiche","status":"publish","type":"post","link":"https:\/\/lasentinelle.dz\/index.php\/2025\/03\/06\/ligue-1-mobilis-des-chocs-decisifs-a-laffiche\/","title":{"rendered":"Ligue 1 Mobilis \u00a0: Des chocs d\u00e9cisifs \u00e0 l&rsquo;affiche"},"content":{"rendered":"\n<p>Le championnat de Ligue 1 Mobilis aborde un tournant lors de cette 19e journ\u00e9e, avec des matchs \u00e0 enjeux pour le leadership et le maintien.<\/p>\n\n\n\n<p>Le MC Alger, leader incontest\u00e9 avec 37 points, effectuera un d\u00e9placement p\u00e9rilleux \u00e0 Oran pour affronter le MC Oran, actuellement 11e avec 21 points. Les Alg\u00e9rois, auteurs de trois succ\u00e8s cons\u00e9cutifs, conservent n\u00e9anmoins un atout majeur : leur efficacit\u00e9 remarquable \u00e0 l&rsquo;ext\u00e9rieur, avec 21 points r\u00e9colt\u00e9s sur 27 possibles et un statut d&rsquo;\u00e9quipe invaincue hors de ses bases. Le CR Belouizdad, dauphin avec 32 points, aura \u00e9galement une mission complexe \u00e0 El-Bayadh contre le MCEB, 9e avec 24 points. Les Belouizdadis devront imp\u00e9rativement l&#8217;emporter pour ne pas d\u00e9crocher d\u00e9finitivement face au leader. Le MCEB, invaincu depuis six matchs toutes comp\u00e9titions confondues, abordera cette rencontre avec une motivation d\u00e9cupl\u00e9e apr\u00e8s sa r\u00e9cente victoire contre l&rsquo;USM Alger. L&rsquo;USM Alger, troisi\u00e8me avec 29 points, recevra l&rsquo;ES Mostaganem, lanterne rouge avec 17 points. Un match th\u00e9oriquement favorable aux Alg\u00e9rois, qui chercheront \u00e0 se racheter apr\u00e8s leur d\u00e9faite r\u00e9cente et \u00e0 conserver leur place sur le podium. L&rsquo;ESM, quant \u00e0 elle, tentera de confirmer son dernier succ\u00e8s \u00e0 domicile et poursuivre sa lutte pour le maintien. Des confrontations directes animeront \u00e9galement le milieu de tableau. La JS Kabylie, \u00e9galement troisi\u00e8me avec 29 points, se d\u00e9placera \u00e0 Constantine pour d\u00e9fier un CSC en difficult\u00e9, n&rsquo;ayant plus gagn\u00e9 depuis quatre matchs. Les Constantinois payent particuli\u00e8rement leurs contre-performances \u00e0 domicile, ayant perdu 11 points dans leur antre de Chahid-Hamlaoui.<\/p>\n\n\n\n<p>L&rsquo;ES S\u00e9tif et la JS Saoura, ex-aequo \u00e0 la 6e place avec 25 points, s&rsquo;affronteront dans un match \u00e0 fort enjeu. La JSS, emmen\u00e9e par l&rsquo;entra\u00eeneur tunisien Mourad Okbi, reste sur une s\u00e9rie de trois victoires cons\u00e9cutives, tandis que l&rsquo;ESS peine \u00e0 trouver sa r\u00e9gularit\u00e9. Le bas du tableau promet des confrontations d\u00e9cisives. L&rsquo;US Biskra, lanterne rouge avec 14 points, recevra le NC Magra, 14e avec 17 points, dans un match qualifi\u00e9 de \u00ab\u00a0six points\u00a0\u00bb. Les Biskris, qui n&rsquo;ont plus go\u00fbt\u00e9 \u00e0 la victoire depuis le 19 octobre 2024, devront imp\u00e9rativement r\u00e9agir pour esp\u00e9rer s&rsquo;extirper de la zone rouge. Enfin, l&rsquo;Olympique Akbou et l&rsquo;USM Khenchela, co-d\u00e9tenteurs de la 12e place avec 20 points, accueilleront respectivement le Paradou AC et l&rsquo;ASO Chlef, avec l&rsquo;objectif de renouer avec la victoire et quitter la zone de turbulences. Cette journ\u00e9e s&rsquo;annonce d\u00e9cisive dans la course au titre et au maintien, o\u00f9 chaque point pourrait s&rsquo;av\u00e9rer crucial dans la derni\u00e8re ligne droite du championnat.<\/p>\n\n\n\n<p>Moncef Dahleb<\/p>\n","protected":false},"excerpt":{"rendered":"<p>Le championnat de Ligue 1 Mobilis aborde un tournant lors de cette 19e journ\u00e9e, avec des matchs \u00e0 enjeux pour<\/p>\n","protected":false},"author":6,"featured_media":33487,"comment_status":"open","ping_status":"closed","sticky":false,"template":"","format":"standard","meta":{"colormag_page_container_layout":"default_layout","colormag_page_sidebar_layout":"default_layout","om_disable_all_campaigns":false,"_monsterinsights_skip_tracking":false,"_monsterinsights_sitenote_active":false,"_monsterinsights_sitenote_note":"","_monsterinsights_sitenote_category":0,"footnotes":"","_wpscppro_dont_share_socialmedia":false,"_wpscppro_custom_social_share_image":0,"_facebook_share_type":"default","_twitter_share_type":"default","_linkedin_share_type":"default","_pinterest_share_type":"default","_linkedin_share_type_page":"","_instagram_share_type":"default","_medium_share_type":"default","_threads_share_type":"","_google_business_share_type":"","_selected_social_profile":[],"_wpsp_enable_custom_social_template":false,"_wpsp_social_scheduling":{"enabled":false,"datetime":null,"platforms":[],"status":"template_only","dateOption":"today","timeOption":"now","customDays":"","customHours":"","customDate":"","customTime":"","schedulingType":"absolute"},"_wpsp_active_default_template":true},"categories":[33],"tags":[],"class_list":["post-63967","post","type-post","status-publish","format-standard","has-post-thumbnail","hentry","category-sports"],"aioseo_notices":[],"yoast_head":"<!-- This site is optimized with the Yoast SEO plugin v27.5 - https:\/\/yoast.com\/product\/yoast-seo-wordpress\/ -->\n<title>Ligue 1 Mobilis \u00a0: Des chocs d\u00e9cisifs \u00e0 l&rsquo;affiche - La Sentinelle<\/title>\n<meta name=\"robots\" content=\"index, follow, max-snippet:-1, max-image-preview:large, max-video-preview:-1\" \/>\n<link rel=\"canonical\" href=\"https:\/\/lasentinelle.dz\/index.php\/2025\/03\/06\/ligue-1-mobilis-des-chocs-decisifs-a-laffiche\/\" \/>\n<meta property=\"og:locale\" content=\"fr_FR\" \/>\n<meta property=\"og:type\" content=\"article\" \/>\n<meta property=\"og:title\" content=\"Ligue 1 Mobilis \u00a0: Des chocs d\u00e9cisifs \u00e0 l&rsquo;affiche - La Sentinelle\" \/>\n<meta property=\"og:description\" content=\"Le championnat de Ligue 1 Mobilis aborde un tournant lors de cette 19e journ\u00e9e, avec des matchs \u00e0 enjeux pour\" \/>\n<meta property=\"og:url\" content=\"https:\/\/lasentinelle.dz\/index.php\/2025\/03\/06\/ligue-1-mobilis-des-chocs-decisifs-a-laffiche\/\" \/>\n<meta property=\"og:site_name\" content=\"La Sentinelle\" \/>\n<meta property=\"article:publisher\" content=\"https:\/\/www.facebook.com\/La-Sentinelle-104059864394773\" \/>\n<meta property=\"article:published_time\" content=\"2025-03-06T13:53:36+00:00\" \/>\n<meta property=\"article:modified_time\" content=\"2025-03-07T13:54:21+00:00\" \/>\n<meta property=\"og:image\" content=\"https:\/\/lasentinelle.dz\/wp-content\/uploads\/2023\/01\/Ligue-2.jpeg\" \/>\n\t<meta property=\"og:image:width\" content=\"580\" \/>\n\t<meta property=\"og:image:height\" content=\"350\" \/>\n\t<meta property=\"og:image:type\" content=\"image\/jpeg\" \/>\n<meta name=\"author\" content=\"admin\" \/>\n<meta name=\"twitter:card\" content=\"summary_large_image\" \/>\n<meta name=\"twitter:label1\" content=\"\u00c9crit par\" \/>\n\t<meta name=\"twitter:data1\" content=\"admin\" \/>\n\t<meta name=\"twitter:label2\" content=\"Dur\u00e9e de lecture estim\u00e9e\" \/>\n\t<meta name=\"twitter:data2\" content=\"3 minutes\" \/>\n<script type=\"application\/ld+json\" class=\"yoast-schema-graph\">{\"@context\":\"https:\\\/\\\/schema.org\",\"@graph\":[{\"@type\":\"Article\",\"@id\":\"https:\\\/\\\/lasentinelle.dz\\\/index.php\\\/2025\\\/03\\\/06\\\/ligue-1-mobilis-des-chocs-decisifs-a-laffiche\\\/#article\",\"isPartOf\":{\"@id\":\"https:\\\/\\\/lasentinelle.dz\\\/index.php\\\/2025\\\/03\\\/06\\\/ligue-1-mobilis-des-chocs-decisifs-a-laffiche\\\/\"},\"author\":{\"name\":\"admin\",\"@id\":\"https:\\\/\\\/lasentinelle.dz\\\/#\\\/schema\\\/person\\\/729ee0024f24e0b8c5ec17232f8e8b41\"},\"headline\":\"Ligue 1 Mobilis \u00a0: Des chocs d\u00e9cisifs \u00e0 l&rsquo;affiche\",\"datePublished\":\"2025-03-06T13:53:36+00:00\",\"dateModified\":\"2025-03-07T13:54:21+00:00\",\"mainEntityOfPage\":{\"@id\":\"https:\\\/\\\/lasentinelle.dz\\\/index.php\\\/2025\\\/03\\\/06\\\/ligue-1-mobilis-des-chocs-decisifs-a-laffiche\\\/\"},\"wordCount\":450,\"commentCount\":0,\"publisher\":{\"@id\":\"https:\\\/\\\/lasentinelle.dz\\\/#organization\"},\"image\":{\"@id\":\"https:\\\/\\\/lasentinelle.dz\\\/index.php\\\/2025\\\/03\\\/06\\\/ligue-1-mobilis-des-chocs-decisifs-a-laffiche\\\/#primaryimage\"},\"thumbnailUrl\":\"https:\\\/\\\/lasentinelle.dz\\\/wp-content\\\/uploads\\\/2023\\\/01\\\/Ligue-2.jpeg\",\"articleSection\":[\"Sports\"],\"inLanguage\":\"fr-FR\",\"potentialAction\":[{\"@type\":\"CommentAction\",\"name\":\"Comment\",\"target\":[\"https:\\\/\\\/lasentinelle.dz\\\/index.php\\\/2025\\\/03\\\/06\\\/ligue-1-mobilis-des-chocs-decisifs-a-laffiche\\\/#respond\"]}]},{\"@type\":\"WebPage\",\"@id\":\"https:\\\/\\\/lasentinelle.dz\\\/index.php\\\/2025\\\/03\\\/06\\\/ligue-1-mobilis-des-chocs-decisifs-a-laffiche\\\/\",\"url\":\"https:\\\/\\\/lasentinelle.dz\\\/index.php\\\/2025\\\/03\\\/06\\\/ligue-1-mobilis-des-chocs-decisifs-a-laffiche\\\/\",\"name\":\"Ligue 1 Mobilis \u00a0: Des chocs d\u00e9cisifs \u00e0 l&rsquo;affiche - La Sentinelle\",\"isPartOf\":{\"@id\":\"https:\\\/\\\/lasentinelle.dz\\\/#website\"},\"primaryImageOfPage\":{\"@id\":\"https:\\\/\\\/lasentinelle.dz\\\/index.php\\\/2025\\\/03\\\/06\\\/ligue-1-mobilis-des-chocs-decisifs-a-laffiche\\\/#primaryimage\"},\"image\":{\"@id\":\"https:\\\/\\\/lasentinelle.dz\\\/index.php\\\/2025\\\/03\\\/06\\\/ligue-1-mobilis-des-chocs-decisifs-a-laffiche\\\/#primaryimage\"},\"thumbnailUrl\":\"https:\\\/\\\/lasentinelle.dz\\\/wp-content\\\/uploads\\\/2023\\\/01\\\/Ligue-2.jpeg\",\"datePublished\":\"2025-03-06T13:53:36+00:00\",\"dateModified\":\"2025-03-07T13:54:21+00:00\",\"breadcrumb\":{\"@id\":\"https:\\\/\\\/lasentinelle.dz\\\/index.php\\\/2025\\\/03\\\/06\\\/ligue-1-mobilis-des-chocs-decisifs-a-laffiche\\\/#breadcrumb\"},\"inLanguage\":\"fr-FR\",\"potentialAction\":[{\"@type\":\"ReadAction\",\"target\":[\"https:\\\/\\\/lasentinelle.dz\\\/index.php\\\/2025\\\/03\\\/06\\\/ligue-1-mobilis-des-chocs-decisifs-a-laffiche\\\/\"]}]},{\"@type\":\"ImageObject\",\"inLanguage\":\"fr-FR\",\"@id\":\"https:\\\/\\\/lasentinelle.dz\\\/index.php\\\/2025\\\/03\\\/06\\\/ligue-1-mobilis-des-chocs-decisifs-a-laffiche\\\/#primaryimage\",\"url\":\"https:\\\/\\\/lasentinelle.dz\\\/wp-content\\\/uploads\\\/2023\\\/01\\\/Ligue-2.jpeg\",\"contentUrl\":\"https:\\\/\\\/lasentinelle.dz\\\/wp-content\\\/uploads\\\/2023\\\/01\\\/Ligue-2.jpeg\",\"width\":580,\"height\":350},{\"@type\":\"BreadcrumbList\",\"@id\":\"https:\\\/\\\/lasentinelle.dz\\\/index.php\\\/2025\\\/03\\\/06\\\/ligue-1-mobilis-des-chocs-decisifs-a-laffiche\\\/#breadcrumb\",\"itemListElement\":[{\"@type\":\"ListItem\",\"position\":1,\"name\":\"Accueil\",\"item\":\"https:\\\/\\\/lasentinelle.dz\\\/\"},{\"@type\":\"ListItem\",\"position\":2,\"name\":\"Ligue 1 Mobilis \u00a0: Des chocs d\u00e9cisifs \u00e0 l&rsquo;affiche\"}]},{\"@type\":\"WebSite\",\"@id\":\"https:\\\/\\\/lasentinelle.dz\\\/#website\",\"url\":\"https:\\\/\\\/lasentinelle.dz\\\/\",\"name\":\"La Sentinelle\",\"description\":\"Quotidien national d&#039;information\",\"publisher\":{\"@id\":\"https:\\\/\\\/lasentinelle.dz\\\/#organization\"},\"potentialAction\":[{\"@type\":\"SearchAction\",\"target\":{\"@type\":\"EntryPoint\",\"urlTemplate\":\"https:\\\/\\\/lasentinelle.dz\\\/?s={search_term_string}\"},\"query-input\":{\"@type\":\"PropertyValueSpecification\",\"valueRequired\":true,\"valueName\":\"search_term_string\"}}],\"inLanguage\":\"fr-FR\"},{\"@type\":\"Organization\",\"@id\":\"https:\\\/\\\/lasentinelle.dz\\\/#organization\",\"name\":\"Quotidien La Sentinelle\",\"url\":\"https:\\\/\\\/lasentinelle.dz\\\/\",\"logo\":{\"@type\":\"ImageObject\",\"inLanguage\":\"fr-FR\",\"@id\":\"https:\\\/\\\/lasentinelle.dz\\\/#\\\/schema\\\/logo\\\/image\\\/\",\"url\":\"https:\\\/\\\/lasentinelle.dz\\\/wp-content\\\/uploads\\\/2021\\\/09\\\/logo-sentinelleSLOGAN-1.png\",\"contentUrl\":\"https:\\\/\\\/lasentinelle.dz\\\/wp-content\\\/uploads\\\/2021\\\/09\\\/logo-sentinelleSLOGAN-1.png\",\"width\":615,\"height\":142,\"caption\":\"Quotidien La Sentinelle\"},\"image\":{\"@id\":\"https:\\\/\\\/lasentinelle.dz\\\/#\\\/schema\\\/logo\\\/image\\\/\"},\"sameAs\":[\"https:\\\/\\\/www.facebook.com\\\/La-Sentinelle-104059864394773\"]},{\"@type\":\"Person\",\"@id\":\"https:\\\/\\\/lasentinelle.dz\\\/#\\\/schema\\\/person\\\/729ee0024f24e0b8c5ec17232f8e8b41\",\"name\":\"admin\",\"image\":{\"@type\":\"ImageObject\",\"inLanguage\":\"fr-FR\",\"@id\":\"https:\\\/\\\/secure.gravatar.com\\\/avatar\\\/4c81fed838786e9b53f540bf46533e750f5d292099ae3b66cfc6fb1982e29df7?s=96&d=mm&r=g\",\"url\":\"https:\\\/\\\/secure.gravatar.com\\\/avatar\\\/4c81fed838786e9b53f540bf46533e750f5d292099ae3b66cfc6fb1982e29df7?s=96&d=mm&r=g\",\"contentUrl\":\"https:\\\/\\\/secure.gravatar.com\\\/avatar\\\/4c81fed838786e9b53f540bf46533e750f5d292099ae3b66cfc6fb1982e29df7?s=96&d=mm&r=g\",\"caption\":\"admin\"},\"description\":\"admin\",\"url\":\"https:\\\/\\\/lasentinelle.dz\\\/author\\\/admin\\\/\"}]}<\/script>\n<!-- \/ Yoast SEO plugin. -->","yoast_head_json":{"title":"Ligue 1 Mobilis \u00a0: Des chocs d\u00e9cisifs \u00e0 l&rsquo;affiche - La Sentinelle","robots":{"index":"index","follow":"follow","max-snippet":"max-snippet:-1","max-image-preview":"max-image-preview:large","max-video-preview":"max-video-preview:-1"},"canonical":"https:\/\/lasentinelle.dz\/index.php\/2025\/03\/06\/ligue-1-mobilis-des-chocs-decisifs-a-laffiche\/","og_locale":"fr_FR","og_type":"article","og_title":"Ligue 1 Mobilis \u00a0: Des chocs d\u00e9cisifs \u00e0 l&rsquo;affiche - La Sentinelle","og_description":"Le championnat de Ligue 1 Mobilis aborde un tournant lors de cette 19e journ\u00e9e, avec des matchs \u00e0 enjeux pour","og_url":"https:\/\/lasentinelle.dz\/index.php\/2025\/03\/06\/ligue-1-mobilis-des-chocs-decisifs-a-laffiche\/","og_site_name":"La Sentinelle","article_publisher":"https:\/\/www.facebook.com\/La-Sentinelle-104059864394773","article_published_time":"2025-03-06T13:53:36+00:00","article_modified_time":"2025-03-07T13:54:21+00:00","og_image":[{"width":580,"height":350,"url":"https:\/\/lasentinelle.dz\/wp-content\/uploads\/2023\/01\/Ligue-2.jpeg","type":"image\/jpeg"}],"author":"admin","twitter_card":"summary_large_image","twitter_misc":{"\u00c9crit par":"admin","Dur\u00e9e de lecture estim\u00e9e":"3 minutes"},"schema":{"@context":"https:\/\/schema.org","@graph":[{"@type":"Article","@id":"https:\/\/lasentinelle.dz\/index.php\/2025\/03\/06\/ligue-1-mobilis-des-chocs-decisifs-a-laffiche\/#article","isPartOf":{"@id":"https:\/\/lasentinelle.dz\/index.php\/2025\/03\/06\/ligue-1-mobilis-des-chocs-decisifs-a-laffiche\/"},"author":{"name":"admin","@id":"https:\/\/lasentinelle.dz\/#\/schema\/person\/729ee0024f24e0b8c5ec17232f8e8b41"},"headline":"Ligue 1 Mobilis \u00a0: Des chocs d\u00e9cisifs \u00e0 l&rsquo;affiche","datePublished":"2025-03-06T13:53:36+00:00","dateModified":"2025-03-07T13:54:21+00:00","mainEntityOfPage":{"@id":"https:\/\/lasentinelle.dz\/index.php\/2025\/03\/06\/ligue-1-mobilis-des-chocs-decisifs-a-laffiche\/"},"wordCount":450,"commentCount":0,"publisher":{"@id":"https:\/\/lasentinelle.dz\/#organization"},"image":{"@id":"https:\/\/lasentinelle.dz\/index.php\/2025\/03\/06\/ligue-1-mobilis-des-chocs-decisifs-a-laffiche\/#primaryimage"},"thumbnailUrl":"https:\/\/lasentinelle.dz\/wp-content\/uploads\/2023\/01\/Ligue-2.jpeg","articleSection":["Sports"],"inLanguage":"fr-FR","potentialAction":[{"@type":"CommentAction","name":"Comment","target":["https:\/\/lasentinelle.dz\/index.php\/2025\/03\/06\/ligue-1-mobilis-des-chocs-decisifs-a-laffiche\/#respond"]}]},{"@type":"WebPage","@id":"https:\/\/lasentinelle.dz\/index.php\/2025\/03\/06\/ligue-1-mobilis-des-chocs-decisifs-a-laffiche\/","url":"https:\/\/lasentinelle.dz\/index.php\/2025\/03\/06\/ligue-1-mobilis-des-chocs-decisifs-a-laffiche\/","name":"Ligue 1 Mobilis \u00a0: Des chocs d\u00e9cisifs \u00e0 l&rsquo;affiche - La Sentinelle","isPartOf":{"@id":"https:\/\/lasentinelle.dz\/#website"},"primaryImageOfPage":{"@id":"https:\/\/lasentinelle.dz\/index.php\/2025\/03\/06\/ligue-1-mobilis-des-chocs-decisifs-a-laffiche\/#primaryimage"},"image":{"@id":"https:\/\/lasentinelle.dz\/index.php\/2025\/03\/06\/ligue-1-mobilis-des-chocs-decisifs-a-laffiche\/#primaryimage"},"thumbnailUrl":"https:\/\/lasentinelle.dz\/wp-content\/uploads\/2023\/01\/Ligue-2.jpeg","datePublished":"2025-03-06T13:53:36+00:00","dateModified":"2025-03-07T13:54:21+00:00","breadcrumb":{"@id":"https:\/\/lasentinelle.dz\/index.php\/2025\/03\/06\/ligue-1-mobilis-des-chocs-decisifs-a-laffiche\/#breadcrumb"},"inLanguage":"fr-FR","potentialAction":[{"@type":"ReadAction","target":["https:\/\/lasentinelle.dz\/index.php\/2025\/03\/06\/ligue-1-mobilis-des-chocs-decisifs-a-laffiche\/"]}]},{"@type":"ImageObject","inLanguage":"fr-FR","@id":"https:\/\/lasentinelle.dz\/index.php\/2025\/03\/06\/ligue-1-mobilis-des-chocs-decisifs-a-laffiche\/#primaryimage","url":"https:\/\/lasentinelle.dz\/wp-content\/uploads\/2023\/01\/Ligue-2.jpeg","contentUrl":"https:\/\/lasentinelle.dz\/wp-content\/uploads\/2023\/01\/Ligue-2.jpeg","width":580,"height":350},{"@type":"BreadcrumbList","@id":"https:\/\/lasentinelle.dz\/index.php\/2025\/03\/06\/ligue-1-mobilis-des-chocs-decisifs-a-laffiche\/#breadcrumb","itemListElement":[{"@type":"ListItem","position":1,"name":"Accueil","item":"https:\/\/lasentinelle.dz\/"},{"@type":"ListItem","position":2,"name":"Ligue 1 Mobilis \u00a0: Des chocs d\u00e9cisifs \u00e0 l&rsquo;affiche"}]},{"@type":"WebSite","@id":"https:\/\/lasentinelle.dz\/#website","url":"https:\/\/lasentinelle.dz\/","name":"La Sentinelle","description":"Quotidien national d&#039;information","publisher":{"@id":"https:\/\/lasentinelle.dz\/#organization"},"potentialAction":[{"@type":"SearchAction","target":{"@type":"EntryPoint","urlTemplate":"https:\/\/lasentinelle.dz\/?s={search_term_string}"},"query-input":{"@type":"PropertyValueSpecification","valueRequired":true,"valueName":"search_term_string"}}],"inLanguage":"fr-FR"},{"@type":"Organization","@id":"https:\/\/lasentinelle.dz\/#organization","name":"Quotidien La Sentinelle","url":"https:\/\/lasentinelle.dz\/","logo":{"@type":"ImageObject","inLanguage":"fr-FR","@id":"https:\/\/lasentinelle.dz\/#\/schema\/logo\/image\/","url":"https:\/\/lasentinelle.dz\/wp-content\/uploads\/2021\/09\/logo-sentinelleSLOGAN-1.png","contentUrl":"https:\/\/lasentinelle.dz\/wp-content\/uploads\/2021\/09\/logo-sentinelleSLOGAN-1.png","width":615,"height":142,"caption":"Quotidien La Sentinelle"},"image":{"@id":"https:\/\/lasentinelle.dz\/#\/schema\/logo\/image\/"},"sameAs":["https:\/\/www.facebook.com\/La-Sentinelle-104059864394773"]},{"@type":"Person","@id":"https:\/\/lasentinelle.dz\/#\/schema\/person\/729ee0024f24e0b8c5ec17232f8e8b41","name":"admin","image":{"@type":"ImageObject","inLanguage":"fr-FR","@id":"https:\/\/secure.gravatar.com\/avatar\/4c81fed838786e9b53f540bf46533e750f5d292099ae3b66cfc6fb1982e29df7?s=96&d=mm&r=g","url":"https:\/\/secure.gravatar.com\/avatar\/4c81fed838786e9b53f540bf46533e750f5d292099ae3b66cfc6fb1982e29df7?s=96&d=mm&r=g","contentUrl":"https:\/\/secure.gravatar.com\/avatar\/4c81fed838786e9b53f540bf46533e750f5d292099ae3b66cfc6fb1982e29df7?s=96&d=mm&r=g","caption":"admin"},"description":"admin","url":"https:\/\/lasentinelle.dz\/author\/admin\/"}]}},"_links":{"self":[{"href":"https:\/\/lasentinelle.dz\/index.php\/wp-json\/wp\/v2\/posts\/63967","targetHints":{"allow":["GET"]}}],"collection":[{"href":"https:\/\/lasentinelle.dz\/index.php\/wp-json\/wp\/v2\/posts"}],"about":[{"href":"https:\/\/lasentinelle.dz\/index.php\/wp-json\/wp\/v2\/types\/post"}],"author":[{"embeddable":true,"href":"https:\/\/lasentinelle.dz\/index.php\/wp-json\/wp\/v2\/users\/6"}],"replies":[{"embeddable":true,"href":"https:\/\/lasentinelle.dz\/index.php\/wp-json\/wp\/v2\/comments?post=63967"}],"version-history":[{"count":2,"href":"https:\/\/lasentinelle.dz\/index.php\/wp-json\/wp\/v2\/posts\/63967\/revisions"}],"predecessor-version":[{"id":63969,"href":"https:\/\/lasentinelle.dz\/index.php\/wp-json\/wp\/v2\/posts\/63967\/revisions\/63969"}],"wp:featuredmedia":[{"embeddable":true,"href":"https:\/\/lasentinelle.dz\/index.php\/wp-json\/wp\/v2\/media\/33487"}],"wp:attachment":[{"href":"https:\/\/lasentinelle.dz\/index.php\/wp-json\/wp\/v2\/media?parent=63967"}],"wp:term":[{"taxonomy":"category","embeddable":true,"href":"https:\/\/lasentinelle.dz\/index.php\/wp-json\/wp\/v2\/categories?post=63967"},{"taxonomy":"post_tag","embeddable":true,"href":"https:\/\/lasentinelle.dz\/index.php\/wp-json\/wp\/v2\/tags?post=63967"}],"curies":[{"name":"wp","href":"https:\/\/api.w.org\/{rel}","templated":true}]}}