{"id":63970,"date":"2025-03-06T14:54:51","date_gmt":"2025-03-06T13:54:51","guid":{"rendered":"https:\/\/lasentinelle.dz\/?p=63970"},"modified":"2025-03-07T14:55:34","modified_gmt":"2025-03-07T13:55:34","slug":"mondial-2026-qualifications-mahrez-affiche-de-loptimisme","status":"publish","type":"post","link":"https:\/\/lasentinelle.dz\/index.php\/2025\/03\/06\/mondial-2026-qualifications-mahrez-affiche-de-loptimisme\/","title":{"rendered":"Mondial 2026 (qualifications): Mahrez affiche de l&rsquo;optimisme"},"content":{"rendered":"\n<p>\u00c0 la veille du match crucial contre le Botswana, Riyad Mahrez, capitaine de l&rsquo;\u00e9quipe nationale, a exprim\u00e9 sa d\u00e9termination et sa confiance. \u00ab\u00a0Nous devons \u00eatre pr\u00eats pour le d\u00e9placement au Botswana. Nous allons pour gagner. Nous sommes toujours fiers d&rsquo;\u00eatre Alg\u00e9riens et que le peuple soit derri\u00e8re nous. Nous les rendrons fiers, inshallah\u00a0\u00bb, a-t-il d\u00e9clar\u00e9. Rappelons dans ce contexte que l&rsquo;\u00e9quipe nationale de football affrontera son homologue du Bostawana le 21 mars prochain \u00e0 Francis Town pour le compte de la cinqui\u00e8me journ\u00e9e des qualifications de la Coupe du monde 2026 (Groupe G) \u00e0 15h00. Les poulains devront donc affronter leurs adversaires sous une chaleur \u00e9touffante en plein mois de Ramadhan. Ce d\u00e9placement en terre botswanaise rev\u00eat une importance capitale dans la mesure o\u00f9 il pr\u00e9c\u00e8de un autre rendez-vous d\u00e9cisif contre le Mozambique, pr\u00e9vu le 25 mars au stade Hocine A\u00eft-Ahmed de Tizi-Ouzou. Notons que les Verts sont actuellement actuellement co-leaders du groupe G avec 9 points, \u00e0 \u00e9galit\u00e9 avec le Mozambique suivis par un trio compos\u00e9 du Botswana, de la Guin\u00e9e et de l\u2019Ouganda guette la moindre d\u00e9faillance avec leurs 6 points chacun, tandis que la Somalie ferme la marche sans avoir encore ouvert son compteur. En marge de la victoire de son club Al Ahli en ligue des champions asiatiques, le capitaine des Verts a \u00e9voqu\u00e9 le prochain stage des Fennecs pr\u00e9vu le 17 mars en cours. Nous devons \u00eatre pr\u00eats pour le d\u00e9placement au Botswana. Nous allons pour gagner. Nous sommes toujours fiers d\u2019\u00eatre Alg\u00e9riens et que le peuple soit derri\u00e8re nous. Nous les rendrons fiers, inshallah.\u00a0\u00bb<\/p>\n\n\n\n<p>Il faut dire que le Fennec affiche une forme olympique. R\u00e9cemment, Mahrez a confirm\u00e9 son excellent \u00e9tat de forme lors du huiti\u00e8me de finale aller contre Al-Rayyan, o\u00f9 il a inscrit un but d\u00e9cisif sur coup franc direct \u00e0 la 34e minute, contribuant \u00e0 la victoire 3-1 de son \u00e9quipe. Ses performances en Ligue des champions asiatique sont remarquables : 6 buts et 7 passes d\u00e9cisives jusqu&rsquo;\u00e0 pr\u00e9sent. Toutes comp\u00e9titions confondues, il totalise 11 buts et 13 passes cette saison. Son entra\u00eeneur Matthias Jaissle a r\u00e9cemment soulign\u00e9 le potentiel du joueur : \u00ab\u00a0Riyad Mahrez ? C&rsquo;est un joueur formidable. Il a tout gagn\u00e9 en Europe. Il lui faudra le titre de la Champions League d&rsquo;Asie maintenant. Je n&rsquo;ai aucune id\u00e9e de ces critiques et cela ne nous affecte pas. Mahrez est en forme actuellement. Vous allez le voir, il a h\u00e2te pour cette C1 d&rsquo;Asie. Le je\u00fbne ne sera pas un obstacle pour mes joueurs puisqu&rsquo;ils sont habitu\u00e9s \u00e0 jouer pendant le ramadan.\u00a0\u00bbApr\u00e8s sa victoire contre Al-Rayyan, Mahrez s&rsquo;est montr\u00e9 satisfait : \u00ab\u00a0Cette victoire est m\u00e9rit\u00e9e. Nous avons bien jou\u00e9, et nous sommes tr\u00e8s contents de ce score. Maintenant on doit se concentrer sur le prochain match du championnat face \u00e0 El-Khaleej, avant de se projeter sur la rencontre retour contre Al-Rayyan.\u00a0\u00bb<\/p>\n\n\n\n<p>Moncef Dahleb<\/p>\n","protected":false},"excerpt":{"rendered":"<p>\u00c0 la veille du match crucial contre le Botswana, Riyad Mahrez, capitaine de l&rsquo;\u00e9quipe nationale, a exprim\u00e9 sa d\u00e9termination et<\/p>\n","protected":false},"author":6,"featured_media":63971,"comment_status":"open","ping_status":"closed","sticky":false,"template":"","format":"standard","meta":{"colormag_page_container_layout":"default_layout","colormag_page_sidebar_layout":"default_layout","om_disable_all_campaigns":false,"_monsterinsights_skip_tracking":false,"_monsterinsights_sitenote_active":false,"_monsterinsights_sitenote_note":"","_monsterinsights_sitenote_category":0,"footnotes":"","_wpscppro_dont_share_socialmedia":false,"_wpscppro_custom_social_share_image":0,"_facebook_share_type":"default","_twitter_share_type":"default","_linkedin_share_type":"default","_pinterest_share_type":"default","_linkedin_share_type_page":"","_instagram_share_type":"default","_medium_share_type":"default","_threads_share_type":"","_google_business_share_type":"","_selected_social_profile":[],"_wpsp_enable_custom_social_template":false,"_wpsp_social_scheduling":{"enabled":false,"datetime":null,"platforms":[],"status":"template_only","dateOption":"today","timeOption":"now","customDays":"","customHours":"","customDate":"","customTime":"","schedulingType":"absolute"},"_wpsp_active_default_template":true},"categories":[52,33],"tags":[],"class_list":["post-63970","post","type-post","status-publish","format-standard","has-post-thumbnail","hentry","category-a-la-une","category-sports"],"aioseo_notices":[],"yoast_head":"<!-- This site is optimized with the Yoast SEO plugin v27.5 - https:\/\/yoast.com\/product\/yoast-seo-wordpress\/ -->\n<title>Mondial 2026 (qualifications): Mahrez affiche de l&rsquo;optimisme - La Sentinelle<\/title>\n<meta name=\"robots\" content=\"index, follow, max-snippet:-1, max-image-preview:large, max-video-preview:-1\" \/>\n<link rel=\"canonical\" href=\"https:\/\/lasentinelle.dz\/index.php\/2025\/03\/06\/mondial-2026-qualifications-mahrez-affiche-de-loptimisme\/\" \/>\n<meta property=\"og:locale\" content=\"fr_FR\" \/>\n<meta property=\"og:type\" content=\"article\" \/>\n<meta property=\"og:title\" content=\"Mondial 2026 (qualifications): Mahrez affiche de l&rsquo;optimisme - La Sentinelle\" \/>\n<meta property=\"og:description\" content=\"\u00c0 la veille du match crucial contre le Botswana, Riyad Mahrez, capitaine de l&rsquo;\u00e9quipe nationale, a exprim\u00e9 sa d\u00e9termination et\" \/>\n<meta property=\"og:url\" content=\"https:\/\/lasentinelle.dz\/index.php\/2025\/03\/06\/mondial-2026-qualifications-mahrez-affiche-de-loptimisme\/\" \/>\n<meta property=\"og:site_name\" content=\"La Sentinelle\" \/>\n<meta property=\"article:publisher\" content=\"https:\/\/www.facebook.com\/La-Sentinelle-104059864394773\" \/>\n<meta property=\"article:published_time\" content=\"2025-03-06T13:54:51+00:00\" \/>\n<meta property=\"article:modified_time\" content=\"2025-03-07T13:55:34+00:00\" \/>\n<meta property=\"og:image\" content=\"https:\/\/lasentinelle.dz\/wp-content\/uploads\/2025\/03\/Mahrez.jpg\" \/>\n\t<meta property=\"og:image:width\" content=\"780\" \/>\n\t<meta property=\"og:image:height\" content=\"470\" \/>\n\t<meta property=\"og:image:type\" content=\"image\/jpeg\" \/>\n<meta name=\"author\" content=\"admin\" \/>\n<meta name=\"twitter:card\" content=\"summary_large_image\" \/>\n<meta name=\"twitter:label1\" content=\"\u00c9crit par\" \/>\n\t<meta name=\"twitter:data1\" content=\"admin\" \/>\n\t<meta name=\"twitter:label2\" content=\"Dur\u00e9e de lecture estim\u00e9e\" \/>\n\t<meta name=\"twitter:data2\" content=\"3 minutes\" \/>\n<script type=\"application\/ld+json\" class=\"yoast-schema-graph\">{\"@context\":\"https:\\\/\\\/schema.org\",\"@graph\":[{\"@type\":\"Article\",\"@id\":\"https:\\\/\\\/lasentinelle.dz\\\/index.php\\\/2025\\\/03\\\/06\\\/mondial-2026-qualifications-mahrez-affiche-de-loptimisme\\\/#article\",\"isPartOf\":{\"@id\":\"https:\\\/\\\/lasentinelle.dz\\\/index.php\\\/2025\\\/03\\\/06\\\/mondial-2026-qualifications-mahrez-affiche-de-loptimisme\\\/\"},\"author\":{\"name\":\"admin\",\"@id\":\"https:\\\/\\\/lasentinelle.dz\\\/#\\\/schema\\\/person\\\/729ee0024f24e0b8c5ec17232f8e8b41\"},\"headline\":\"Mondial 2026 (qualifications): Mahrez affiche de l&rsquo;optimisme\",\"datePublished\":\"2025-03-06T13:54:51+00:00\",\"dateModified\":\"2025-03-07T13:55:34+00:00\",\"mainEntityOfPage\":{\"@id\":\"https:\\\/\\\/lasentinelle.dz\\\/index.php\\\/2025\\\/03\\\/06\\\/mondial-2026-qualifications-mahrez-affiche-de-loptimisme\\\/\"},\"wordCount\":510,\"commentCount\":0,\"publisher\":{\"@id\":\"https:\\\/\\\/lasentinelle.dz\\\/#organization\"},\"image\":{\"@id\":\"https:\\\/\\\/lasentinelle.dz\\\/index.php\\\/2025\\\/03\\\/06\\\/mondial-2026-qualifications-mahrez-affiche-de-loptimisme\\\/#primaryimage\"},\"thumbnailUrl\":\"https:\\\/\\\/lasentinelle.dz\\\/wp-content\\\/uploads\\\/2025\\\/03\\\/Mahrez.jpg\",\"articleSection\":[\"\u00c0 la Une\",\"Sports\"],\"inLanguage\":\"fr-FR\",\"potentialAction\":[{\"@type\":\"CommentAction\",\"name\":\"Comment\",\"target\":[\"https:\\\/\\\/lasentinelle.dz\\\/index.php\\\/2025\\\/03\\\/06\\\/mondial-2026-qualifications-mahrez-affiche-de-loptimisme\\\/#respond\"]}]},{\"@type\":\"WebPage\",\"@id\":\"https:\\\/\\\/lasentinelle.dz\\\/index.php\\\/2025\\\/03\\\/06\\\/mondial-2026-qualifications-mahrez-affiche-de-loptimisme\\\/\",\"url\":\"https:\\\/\\\/lasentinelle.dz\\\/index.php\\\/2025\\\/03\\\/06\\\/mondial-2026-qualifications-mahrez-affiche-de-loptimisme\\\/\",\"name\":\"Mondial 2026 (qualifications): Mahrez affiche de l&rsquo;optimisme - La Sentinelle\",\"isPartOf\":{\"@id\":\"https:\\\/\\\/lasentinelle.dz\\\/#website\"},\"primaryImageOfPage\":{\"@id\":\"https:\\\/\\\/lasentinelle.dz\\\/index.php\\\/2025\\\/03\\\/06\\\/mondial-2026-qualifications-mahrez-affiche-de-loptimisme\\\/#primaryimage\"},\"image\":{\"@id\":\"https:\\\/\\\/lasentinelle.dz\\\/index.php\\\/2025\\\/03\\\/06\\\/mondial-2026-qualifications-mahrez-affiche-de-loptimisme\\\/#primaryimage\"},\"thumbnailUrl\":\"https:\\\/\\\/lasentinelle.dz\\\/wp-content\\\/uploads\\\/2025\\\/03\\\/Mahrez.jpg\",\"datePublished\":\"2025-03-06T13:54:51+00:00\",\"dateModified\":\"2025-03-07T13:55:34+00:00\",\"breadcrumb\":{\"@id\":\"https:\\\/\\\/lasentinelle.dz\\\/index.php\\\/2025\\\/03\\\/06\\\/mondial-2026-qualifications-mahrez-affiche-de-loptimisme\\\/#breadcrumb\"},\"inLanguage\":\"fr-FR\",\"potentialAction\":[{\"@type\":\"ReadAction\",\"target\":[\"https:\\\/\\\/lasentinelle.dz\\\/index.php\\\/2025\\\/03\\\/06\\\/mondial-2026-qualifications-mahrez-affiche-de-loptimisme\\\/\"]}]},{\"@type\":\"ImageObject\",\"inLanguage\":\"fr-FR\",\"@id\":\"https:\\\/\\\/lasentinelle.dz\\\/index.php\\\/2025\\\/03\\\/06\\\/mondial-2026-qualifications-mahrez-affiche-de-loptimisme\\\/#primaryimage\",\"url\":\"https:\\\/\\\/lasentinelle.dz\\\/wp-content\\\/uploads\\\/2025\\\/03\\\/Mahrez.jpg\",\"contentUrl\":\"https:\\\/\\\/lasentinelle.dz\\\/wp-content\\\/uploads\\\/2025\\\/03\\\/Mahrez.jpg\",\"width\":780,\"height\":470},{\"@type\":\"BreadcrumbList\",\"@id\":\"https:\\\/\\\/lasentinelle.dz\\\/index.php\\\/2025\\\/03\\\/06\\\/mondial-2026-qualifications-mahrez-affiche-de-loptimisme\\\/#breadcrumb\",\"itemListElement\":[{\"@type\":\"ListItem\",\"position\":1,\"name\":\"Accueil\",\"item\":\"https:\\\/\\\/lasentinelle.dz\\\/\"},{\"@type\":\"ListItem\",\"position\":2,\"name\":\"Mondial 2026 (qualifications): Mahrez affiche de l&rsquo;optimisme\"}]},{\"@type\":\"WebSite\",\"@id\":\"https:\\\/\\\/lasentinelle.dz\\\/#website\",\"url\":\"https:\\\/\\\/lasentinelle.dz\\\/\",\"name\":\"La Sentinelle\",\"description\":\"Quotidien national d&#039;information\",\"publisher\":{\"@id\":\"https:\\\/\\\/lasentinelle.dz\\\/#organization\"},\"potentialAction\":[{\"@type\":\"SearchAction\",\"target\":{\"@type\":\"EntryPoint\",\"urlTemplate\":\"https:\\\/\\\/lasentinelle.dz\\\/?s={search_term_string}\"},\"query-input\":{\"@type\":\"PropertyValueSpecification\",\"valueRequired\":true,\"valueName\":\"search_term_string\"}}],\"inLanguage\":\"fr-FR\"},{\"@type\":\"Organization\",\"@id\":\"https:\\\/\\\/lasentinelle.dz\\\/#organization\",\"name\":\"Quotidien La Sentinelle\",\"url\":\"https:\\\/\\\/lasentinelle.dz\\\/\",\"logo\":{\"@type\":\"ImageObject\",\"inLanguage\":\"fr-FR\",\"@id\":\"https:\\\/\\\/lasentinelle.dz\\\/#\\\/schema\\\/logo\\\/image\\\/\",\"url\":\"https:\\\/\\\/lasentinelle.dz\\\/wp-content\\\/uploads\\\/2021\\\/09\\\/logo-sentinelleSLOGAN-1.png\",\"contentUrl\":\"https:\\\/\\\/lasentinelle.dz\\\/wp-content\\\/uploads\\\/2021\\\/09\\\/logo-sentinelleSLOGAN-1.png\",\"width\":615,\"height\":142,\"caption\":\"Quotidien La Sentinelle\"},\"image\":{\"@id\":\"https:\\\/\\\/lasentinelle.dz\\\/#\\\/schema\\\/logo\\\/image\\\/\"},\"sameAs\":[\"https:\\\/\\\/www.facebook.com\\\/La-Sentinelle-104059864394773\"]},{\"@type\":\"Person\",\"@id\":\"https:\\\/\\\/lasentinelle.dz\\\/#\\\/schema\\\/person\\\/729ee0024f24e0b8c5ec17232f8e8b41\",\"name\":\"admin\",\"image\":{\"@type\":\"ImageObject\",\"inLanguage\":\"fr-FR\",\"@id\":\"https:\\\/\\\/secure.gravatar.com\\\/avatar\\\/4c81fed838786e9b53f540bf46533e750f5d292099ae3b66cfc6fb1982e29df7?s=96&d=mm&r=g\",\"url\":\"https:\\\/\\\/secure.gravatar.com\\\/avatar\\\/4c81fed838786e9b53f540bf46533e750f5d292099ae3b66cfc6fb1982e29df7?s=96&d=mm&r=g\",\"contentUrl\":\"https:\\\/\\\/secure.gravatar.com\\\/avatar\\\/4c81fed838786e9b53f540bf46533e750f5d292099ae3b66cfc6fb1982e29df7?s=96&d=mm&r=g\",\"caption\":\"admin\"},\"description\":\"admin\",\"url\":\"https:\\\/\\\/lasentinelle.dz\\\/author\\\/admin\\\/\"}]}<\/script>\n<!-- \/ Yoast SEO plugin. -->","yoast_head_json":{"title":"Mondial 2026 (qualifications): Mahrez affiche de l&rsquo;optimisme - La Sentinelle","robots":{"index":"index","follow":"follow","max-snippet":"max-snippet:-1","max-image-preview":"max-image-preview:large","max-video-preview":"max-video-preview:-1"},"canonical":"https:\/\/lasentinelle.dz\/index.php\/2025\/03\/06\/mondial-2026-qualifications-mahrez-affiche-de-loptimisme\/","og_locale":"fr_FR","og_type":"article","og_title":"Mondial 2026 (qualifications): Mahrez affiche de l&rsquo;optimisme - La Sentinelle","og_description":"\u00c0 la veille du match crucial contre le Botswana, Riyad Mahrez, capitaine de l&rsquo;\u00e9quipe nationale, a exprim\u00e9 sa d\u00e9termination et","og_url":"https:\/\/lasentinelle.dz\/index.php\/2025\/03\/06\/mondial-2026-qualifications-mahrez-affiche-de-loptimisme\/","og_site_name":"La Sentinelle","article_publisher":"https:\/\/www.facebook.com\/La-Sentinelle-104059864394773","article_published_time":"2025-03-06T13:54:51+00:00","article_modified_time":"2025-03-07T13:55:34+00:00","og_image":[{"width":780,"height":470,"url":"https:\/\/lasentinelle.dz\/wp-content\/uploads\/2025\/03\/Mahrez.jpg","type":"image\/jpeg"}],"author":"admin","twitter_card":"summary_large_image","twitter_misc":{"\u00c9crit par":"admin","Dur\u00e9e de lecture estim\u00e9e":"3 minutes"},"schema":{"@context":"https:\/\/schema.org","@graph":[{"@type":"Article","@id":"https:\/\/lasentinelle.dz\/index.php\/2025\/03\/06\/mondial-2026-qualifications-mahrez-affiche-de-loptimisme\/#article","isPartOf":{"@id":"https:\/\/lasentinelle.dz\/index.php\/2025\/03\/06\/mondial-2026-qualifications-mahrez-affiche-de-loptimisme\/"},"author":{"name":"admin","@id":"https:\/\/lasentinelle.dz\/#\/schema\/person\/729ee0024f24e0b8c5ec17232f8e8b41"},"headline":"Mondial 2026 (qualifications): Mahrez affiche de l&rsquo;optimisme","datePublished":"2025-03-06T13:54:51+00:00","dateModified":"2025-03-07T13:55:34+00:00","mainEntityOfPage":{"@id":"https:\/\/lasentinelle.dz\/index.php\/2025\/03\/06\/mondial-2026-qualifications-mahrez-affiche-de-loptimisme\/"},"wordCount":510,"commentCount":0,"publisher":{"@id":"https:\/\/lasentinelle.dz\/#organization"},"image":{"@id":"https:\/\/lasentinelle.dz\/index.php\/2025\/03\/06\/mondial-2026-qualifications-mahrez-affiche-de-loptimisme\/#primaryimage"},"thumbnailUrl":"https:\/\/lasentinelle.dz\/wp-content\/uploads\/2025\/03\/Mahrez.jpg","articleSection":["\u00c0 la Une","Sports"],"inLanguage":"fr-FR","potentialAction":[{"@type":"CommentAction","name":"Comment","target":["https:\/\/lasentinelle.dz\/index.php\/2025\/03\/06\/mondial-2026-qualifications-mahrez-affiche-de-loptimisme\/#respond"]}]},{"@type":"WebPage","@id":"https:\/\/lasentinelle.dz\/index.php\/2025\/03\/06\/mondial-2026-qualifications-mahrez-affiche-de-loptimisme\/","url":"https:\/\/lasentinelle.dz\/index.php\/2025\/03\/06\/mondial-2026-qualifications-mahrez-affiche-de-loptimisme\/","name":"Mondial 2026 (qualifications): Mahrez affiche de l&rsquo;optimisme - La Sentinelle","isPartOf":{"@id":"https:\/\/lasentinelle.dz\/#website"},"primaryImageOfPage":{"@id":"https:\/\/lasentinelle.dz\/index.php\/2025\/03\/06\/mondial-2026-qualifications-mahrez-affiche-de-loptimisme\/#primaryimage"},"image":{"@id":"https:\/\/lasentinelle.dz\/index.php\/2025\/03\/06\/mondial-2026-qualifications-mahrez-affiche-de-loptimisme\/#primaryimage"},"thumbnailUrl":"https:\/\/lasentinelle.dz\/wp-content\/uploads\/2025\/03\/Mahrez.jpg","datePublished":"2025-03-06T13:54:51+00:00","dateModified":"2025-03-07T13:55:34+00:00","breadcrumb":{"@id":"https:\/\/lasentinelle.dz\/index.php\/2025\/03\/06\/mondial-2026-qualifications-mahrez-affiche-de-loptimisme\/#breadcrumb"},"inLanguage":"fr-FR","potentialAction":[{"@type":"ReadAction","target":["https:\/\/lasentinelle.dz\/index.php\/2025\/03\/06\/mondial-2026-qualifications-mahrez-affiche-de-loptimisme\/"]}]},{"@type":"ImageObject","inLanguage":"fr-FR","@id":"https:\/\/lasentinelle.dz\/index.php\/2025\/03\/06\/mondial-2026-qualifications-mahrez-affiche-de-loptimisme\/#primaryimage","url":"https:\/\/lasentinelle.dz\/wp-content\/uploads\/2025\/03\/Mahrez.jpg","contentUrl":"https:\/\/lasentinelle.dz\/wp-content\/uploads\/2025\/03\/Mahrez.jpg","width":780,"height":470},{"@type":"BreadcrumbList","@id":"https:\/\/lasentinelle.dz\/index.php\/2025\/03\/06\/mondial-2026-qualifications-mahrez-affiche-de-loptimisme\/#breadcrumb","itemListElement":[{"@type":"ListItem","position":1,"name":"Accueil","item":"https:\/\/lasentinelle.dz\/"},{"@type":"ListItem","position":2,"name":"Mondial 2026 (qualifications): Mahrez affiche de l&rsquo;optimisme"}]},{"@type":"WebSite","@id":"https:\/\/lasentinelle.dz\/#website","url":"https:\/\/lasentinelle.dz\/","name":"La Sentinelle","description":"Quotidien national d&#039;information","publisher":{"@id":"https:\/\/lasentinelle.dz\/#organization"},"potentialAction":[{"@type":"SearchAction","target":{"@type":"EntryPoint","urlTemplate":"https:\/\/lasentinelle.dz\/?s={search_term_string}"},"query-input":{"@type":"PropertyValueSpecification","valueRequired":true,"valueName":"search_term_string"}}],"inLanguage":"fr-FR"},{"@type":"Organization","@id":"https:\/\/lasentinelle.dz\/#organization","name":"Quotidien La Sentinelle","url":"https:\/\/lasentinelle.dz\/","logo":{"@type":"ImageObject","inLanguage":"fr-FR","@id":"https:\/\/lasentinelle.dz\/#\/schema\/logo\/image\/","url":"https:\/\/lasentinelle.dz\/wp-content\/uploads\/2021\/09\/logo-sentinelleSLOGAN-1.png","contentUrl":"https:\/\/lasentinelle.dz\/wp-content\/uploads\/2021\/09\/logo-sentinelleSLOGAN-1.png","width":615,"height":142,"caption":"Quotidien La Sentinelle"},"image":{"@id":"https:\/\/lasentinelle.dz\/#\/schema\/logo\/image\/"},"sameAs":["https:\/\/www.facebook.com\/La-Sentinelle-104059864394773"]},{"@type":"Person","@id":"https:\/\/lasentinelle.dz\/#\/schema\/person\/729ee0024f24e0b8c5ec17232f8e8b41","name":"admin","image":{"@type":"ImageObject","inLanguage":"fr-FR","@id":"https:\/\/secure.gravatar.com\/avatar\/4c81fed838786e9b53f540bf46533e750f5d292099ae3b66cfc6fb1982e29df7?s=96&d=mm&r=g","url":"https:\/\/secure.gravatar.com\/avatar\/4c81fed838786e9b53f540bf46533e750f5d292099ae3b66cfc6fb1982e29df7?s=96&d=mm&r=g","contentUrl":"https:\/\/secure.gravatar.com\/avatar\/4c81fed838786e9b53f540bf46533e750f5d292099ae3b66cfc6fb1982e29df7?s=96&d=mm&r=g","caption":"admin"},"description":"admin","url":"https:\/\/lasentinelle.dz\/author\/admin\/"}]}},"_links":{"self":[{"href":"https:\/\/lasentinelle.dz\/index.php\/wp-json\/wp\/v2\/posts\/63970","targetHints":{"allow":["GET"]}}],"collection":[{"href":"https:\/\/lasentinelle.dz\/index.php\/wp-json\/wp\/v2\/posts"}],"about":[{"href":"https:\/\/lasentinelle.dz\/index.php\/wp-json\/wp\/v2\/types\/post"}],"author":[{"embeddable":true,"href":"https:\/\/lasentinelle.dz\/index.php\/wp-json\/wp\/v2\/users\/6"}],"replies":[{"embeddable":true,"href":"https:\/\/lasentinelle.dz\/index.php\/wp-json\/wp\/v2\/comments?post=63970"}],"version-history":[{"count":2,"href":"https:\/\/lasentinelle.dz\/index.php\/wp-json\/wp\/v2\/posts\/63970\/revisions"}],"predecessor-version":[{"id":63973,"href":"https:\/\/lasentinelle.dz\/index.php\/wp-json\/wp\/v2\/posts\/63970\/revisions\/63973"}],"wp:featuredmedia":[{"embeddable":true,"href":"https:\/\/lasentinelle.dz\/index.php\/wp-json\/wp\/v2\/media\/63971"}],"wp:attachment":[{"href":"https:\/\/lasentinelle.dz\/index.php\/wp-json\/wp\/v2\/media?parent=63970"}],"wp:term":[{"taxonomy":"category","embeddable":true,"href":"https:\/\/lasentinelle.dz\/index.php\/wp-json\/wp\/v2\/categories?post=63970"},{"taxonomy":"post_tag","embeddable":true,"href":"https:\/\/lasentinelle.dz\/index.php\/wp-json\/wp\/v2\/tags?post=63970"}],"curies":[{"name":"wp","href":"https:\/\/api.w.org\/{rel}","templated":true}]}}