{"id":64001,"date":"2025-03-06T15:06:33","date_gmt":"2025-03-06T14:06:33","guid":{"rendered":"https:\/\/lasentinelle.dz\/?p=64001"},"modified":"2025-03-07T15:07:14","modified_gmt":"2025-03-07T14:07:14","slug":"distribution-massive-de-logements-le-5-juillet-prochain-les-quotas-revus-a-la-hausse","status":"publish","type":"post","link":"https:\/\/lasentinelle.dz\/index.php\/2025\/03\/06\/distribution-massive-de-logements-le-5-juillet-prochain-les-quotas-revus-a-la-hausse\/","title":{"rendered":"Distribution massive de logements le 5 juillet prochain : Les quotas revus \u00e0 la hausse"},"content":{"rendered":"\n<p>Le ministre de l\u2019Habitat a donn\u00e9 des instructions pour r\u00e9viser \u00e0 la hausse le nombre de logements qui seront attribu\u00e9s en juillet.<\/p>\n\n\n\n<p>Le minist\u00e8re de l\u2019Habitat, de l\u2019Urbanisme et de la Ville intensifie les pr\u00e9paratifs en vue de la distribution massive de logements pr\u00e9vue pour le 5 juillet prochain, date marquant le 63e anniversaire du recouvrement de la souverainet\u00e9 nationale. Une s\u00e9rie de r\u00e9unions pr\u00e9paratoires a \u00e9t\u00e9 lanc\u00e9e sous la direction du ministre Mohamed Tarek Belaribi, qui a r\u00e9cemment pr\u00e9sid\u00e9 une rencontre strat\u00e9gique au si\u00e8ge de la Banque nationale de l\u2019Habitat. Cette r\u00e9union a r\u00e9uni les responsables des secteurs du logement, de l\u2019urbanisme, de l\u2019architecture et de la construction, ainsi que les dirigeants des Offices de promotion et de gestion immobili\u00e8re des wilayas concern\u00e9es par la distribution, \u00e0 savoir Batna, Blida et B\u00e9char. Lors de cette rencontre, le ministre a donn\u00e9 des instructions pour r\u00e9viser \u00e0 la hausse le programme initialement pr\u00e9vu et augmenter le nombre de logements qui seront attribu\u00e9s en juillet. Il a \u00e9galement insist\u00e9 sur la n\u00e9cessit\u00e9 d\u2019une coordination \u00e9troite entre les diff\u00e9rentes structures en charge du logement et de l\u2019urbanisme, notamment pour la mise en \u0153uvre des programmes d\u2019habitat rural et des lotissements sociaux. Cette r\u00e9vision s\u2019inscrit dans une volont\u00e9 d\u2019acc\u00e9l\u00e9rer la cadence des attributions et de r\u00e9pondre aux attentes des citoyens en mati\u00e8re de logement. La question du respect des d\u00e9lais de r\u00e9alisation a \u00e9galement \u00e9t\u00e9 au c\u0153ur des discussions, tout comme la n\u00e9cessit\u00e9 de r\u00e9gler les dus des op\u00e9rateurs impliqu\u00e9s dans la construction conform\u00e9ment \u00e0 la r\u00e9glementation en vigueur. Le ministre a, par ailleurs, insist\u00e9 sur le lancement imp\u00e9ratif de tous les projets d\u2019\u00e9quipements publics programm\u00e9s pour 2025 avant le d\u00e9but du mois de juin.La dynamique actuelle du secteur de l\u2019habitat s\u2019appuie sur une planification budg\u00e9taire solide. La loi de finances pr\u00e9voit ainsi la construction de 235.000 logements en 2025, r\u00e9partis en 185.000 unit\u00e9s en location-vente, 40.000 logements destin\u00e9s aux aides \u00e0 l\u2019habitat rural et 10.000 logements publics locatifs. Ce programme s\u2019ajoute aux chantiers en cours qui comptabilisent encore 965.833 logements en construction sous diff\u00e9rentes formules. Parmi ceux-ci, 421.560 unit\u00e9s sont d\u00e9di\u00e9es au logement rural, 192.775 rel\u00e8vent du programme des logements promotionnels aid\u00e9s, 171.759 concernent l\u2019auto-construction dans les lotissements sociaux, tandis que 167.796 logements publics locatifs et 3.434 unit\u00e9s en location-vente (AADL) sont \u00e9galement en phase de r\u00e9alisation. Ces efforts t\u00e9moignent de l\u2019engagement continu des autorit\u00e9s \u00e0 r\u00e9sorber la crise du logement et \u00e0 am\u00e9liorer les conditions de vie des citoyens. \u00c0 cet \u00e9gard, un nouveau programme ambitieux pr\u00e9voit, sur la p\u00e9riode 2024-2029, la construction de deux millions de logements suppl\u00e9mentaires, confirmant ainsi la place strat\u00e9gique de ce secteur dans les politiques publiques. La dynamique enclench\u00e9e ces derni\u00e8res ann\u00e9es a permis de r\u00e9aliser des avanc\u00e9es notables. Entre 2020 et 2024, pas moins de 1,7 million de logements ont \u00e9t\u00e9 distribu\u00e9s sur l\u2019ensemble du territoire national, int\u00e9grant des p\u00f4les urbains et de nouvelles villes. Cette performance, fruit d\u2019un investissement colossal de 35 milliards de dollars, s\u2019est accompagn\u00e9e d\u2019une approche globale int\u00e9grant les infrastructures n\u00e9cessaires, telles que le raccordement aux r\u00e9seaux d\u2019eau, d\u2019\u00e9lectricit\u00e9 et de gaz, ainsi que l\u2019am\u00e9nagement d\u2019\u00e9quipements publics essentiels. Le bilan des cinq derni\u00e8res ann\u00e9es sous la direction du ministre Belaribi refl\u00e8te une volont\u00e9 affirm\u00e9e de l\u2019\u00c9tat de garantir un acc\u00e8s \u00e9largi au logement \u00e0 travers des dispositifs vari\u00e9s et adapt\u00e9s aux besoins de la population. Dans ce cadre, la prochaine distribution du 5 juillet s\u2019annonce comme une nouvelle \u00e9tape majeure dans cette dynamique, illustrant la d\u00e9termination des pouvoirs publics \u00e0 honorer leurs engagements et \u00e0 r\u00e9pondre aux attentes des citoyens en mati\u00e8re de logement.<\/p>\n\n\n\n<p>Samir Benisid<\/p>\n","protected":false},"excerpt":{"rendered":"<p>Le ministre de l\u2019Habitat a donn\u00e9 des instructions pour r\u00e9viser \u00e0 la hausse le nombre de logements qui seront attribu\u00e9s<\/p>\n","protected":false},"author":6,"featured_media":41776,"comment_status":"open","ping_status":"closed","sticky":false,"template":"","format":"standard","meta":{"colormag_page_container_layout":"default_layout","colormag_page_sidebar_layout":"default_layout","om_disable_all_campaigns":false,"_monsterinsights_skip_tracking":false,"_monsterinsights_sitenote_active":false,"_monsterinsights_sitenote_note":"","_monsterinsights_sitenote_category":0,"footnotes":"","_wpscppro_dont_share_socialmedia":false,"_wpscppro_custom_social_share_image":0,"_facebook_share_type":"default","_twitter_share_type":"default","_linkedin_share_type":"default","_pinterest_share_type":"default","_linkedin_share_type_page":"","_instagram_share_type":"default","_medium_share_type":"default","_threads_share_type":"","_google_business_share_type":"","_selected_social_profile":[],"_wpsp_enable_custom_social_template":false,"_wpsp_social_scheduling":{"enabled":false,"datetime":null,"platforms":[],"status":"template_only","dateOption":"today","timeOption":"now","customDays":"","customHours":"","customDate":"","customTime":"","schedulingType":"absolute"},"_wpsp_active_default_template":true},"categories":[52,27],"tags":[],"class_list":["post-64001","post","type-post","status-publish","format-standard","has-post-thumbnail","hentry","category-a-la-une","category-actualite"],"aioseo_notices":[],"yoast_head":"<!-- This site is optimized with the Yoast SEO plugin v27.5 - https:\/\/yoast.com\/product\/yoast-seo-wordpress\/ -->\n<title>Distribution massive de logements le 5 juillet prochain : Les quotas revus \u00e0 la hausse - La Sentinelle<\/title>\n<meta name=\"robots\" content=\"index, follow, max-snippet:-1, max-image-preview:large, max-video-preview:-1\" \/>\n<link rel=\"canonical\" href=\"https:\/\/lasentinelle.dz\/index.php\/2025\/03\/06\/distribution-massive-de-logements-le-5-juillet-prochain-les-quotas-revus-a-la-hausse\/\" \/>\n<meta property=\"og:locale\" content=\"fr_FR\" \/>\n<meta property=\"og:type\" content=\"article\" \/>\n<meta property=\"og:title\" content=\"Distribution massive de logements le 5 juillet prochain : Les quotas revus \u00e0 la hausse - La Sentinelle\" \/>\n<meta property=\"og:description\" content=\"Le ministre de l\u2019Habitat a donn\u00e9 des instructions pour r\u00e9viser \u00e0 la hausse le nombre de logements qui seront attribu\u00e9s\" \/>\n<meta property=\"og:url\" content=\"https:\/\/lasentinelle.dz\/index.php\/2025\/03\/06\/distribution-massive-de-logements-le-5-juillet-prochain-les-quotas-revus-a-la-hausse\/\" \/>\n<meta property=\"og:site_name\" content=\"La Sentinelle\" \/>\n<meta property=\"article:publisher\" content=\"https:\/\/www.facebook.com\/La-Sentinelle-104059864394773\" \/>\n<meta property=\"article:published_time\" content=\"2025-03-06T14:06:33+00:00\" \/>\n<meta property=\"article:modified_time\" content=\"2025-03-07T14:07:14+00:00\" \/>\n<meta property=\"og:image\" content=\"https:\/\/lasentinelle.dz\/wp-content\/uploads\/2023\/05\/logement.png\" \/>\n\t<meta property=\"og:image:width\" content=\"1491\" \/>\n\t<meta property=\"og:image:height\" content=\"900\" \/>\n\t<meta property=\"og:image:type\" content=\"image\/png\" \/>\n<meta name=\"author\" content=\"admin\" \/>\n<meta name=\"twitter:card\" content=\"summary_large_image\" \/>\n<meta name=\"twitter:label1\" content=\"\u00c9crit par\" \/>\n\t<meta name=\"twitter:data1\" content=\"admin\" \/>\n\t<meta name=\"twitter:label2\" content=\"Dur\u00e9e de lecture estim\u00e9e\" \/>\n\t<meta name=\"twitter:data2\" content=\"4 minutes\" \/>\n<script type=\"application\/ld+json\" class=\"yoast-schema-graph\">{\"@context\":\"https:\\\/\\\/schema.org\",\"@graph\":[{\"@type\":\"Article\",\"@id\":\"https:\\\/\\\/lasentinelle.dz\\\/index.php\\\/2025\\\/03\\\/06\\\/distribution-massive-de-logements-le-5-juillet-prochain-les-quotas-revus-a-la-hausse\\\/#article\",\"isPartOf\":{\"@id\":\"https:\\\/\\\/lasentinelle.dz\\\/index.php\\\/2025\\\/03\\\/06\\\/distribution-massive-de-logements-le-5-juillet-prochain-les-quotas-revus-a-la-hausse\\\/\"},\"author\":{\"name\":\"admin\",\"@id\":\"https:\\\/\\\/lasentinelle.dz\\\/#\\\/schema\\\/person\\\/729ee0024f24e0b8c5ec17232f8e8b41\"},\"headline\":\"Distribution massive de logements le 5 juillet prochain : Les quotas revus \u00e0 la hausse\",\"datePublished\":\"2025-03-06T14:06:33+00:00\",\"dateModified\":\"2025-03-07T14:07:14+00:00\",\"mainEntityOfPage\":{\"@id\":\"https:\\\/\\\/lasentinelle.dz\\\/index.php\\\/2025\\\/03\\\/06\\\/distribution-massive-de-logements-le-5-juillet-prochain-les-quotas-revus-a-la-hausse\\\/\"},\"wordCount\":690,\"commentCount\":0,\"publisher\":{\"@id\":\"https:\\\/\\\/lasentinelle.dz\\\/#organization\"},\"image\":{\"@id\":\"https:\\\/\\\/lasentinelle.dz\\\/index.php\\\/2025\\\/03\\\/06\\\/distribution-massive-de-logements-le-5-juillet-prochain-les-quotas-revus-a-la-hausse\\\/#primaryimage\"},\"thumbnailUrl\":\"https:\\\/\\\/lasentinelle.dz\\\/wp-content\\\/uploads\\\/2023\\\/05\\\/logement.png\",\"articleSection\":[\"\u00c0 la Une\",\"Actualit\u00e9\"],\"inLanguage\":\"fr-FR\",\"potentialAction\":[{\"@type\":\"CommentAction\",\"name\":\"Comment\",\"target\":[\"https:\\\/\\\/lasentinelle.dz\\\/index.php\\\/2025\\\/03\\\/06\\\/distribution-massive-de-logements-le-5-juillet-prochain-les-quotas-revus-a-la-hausse\\\/#respond\"]}]},{\"@type\":\"WebPage\",\"@id\":\"https:\\\/\\\/lasentinelle.dz\\\/index.php\\\/2025\\\/03\\\/06\\\/distribution-massive-de-logements-le-5-juillet-prochain-les-quotas-revus-a-la-hausse\\\/\",\"url\":\"https:\\\/\\\/lasentinelle.dz\\\/index.php\\\/2025\\\/03\\\/06\\\/distribution-massive-de-logements-le-5-juillet-prochain-les-quotas-revus-a-la-hausse\\\/\",\"name\":\"Distribution massive de logements le 5 juillet prochain : Les quotas revus \u00e0 la hausse - La Sentinelle\",\"isPartOf\":{\"@id\":\"https:\\\/\\\/lasentinelle.dz\\\/#website\"},\"primaryImageOfPage\":{\"@id\":\"https:\\\/\\\/lasentinelle.dz\\\/index.php\\\/2025\\\/03\\\/06\\\/distribution-massive-de-logements-le-5-juillet-prochain-les-quotas-revus-a-la-hausse\\\/#primaryimage\"},\"image\":{\"@id\":\"https:\\\/\\\/lasentinelle.dz\\\/index.php\\\/2025\\\/03\\\/06\\\/distribution-massive-de-logements-le-5-juillet-prochain-les-quotas-revus-a-la-hausse\\\/#primaryimage\"},\"thumbnailUrl\":\"https:\\\/\\\/lasentinelle.dz\\\/wp-content\\\/uploads\\\/2023\\\/05\\\/logement.png\",\"datePublished\":\"2025-03-06T14:06:33+00:00\",\"dateModified\":\"2025-03-07T14:07:14+00:00\",\"breadcrumb\":{\"@id\":\"https:\\\/\\\/lasentinelle.dz\\\/index.php\\\/2025\\\/03\\\/06\\\/distribution-massive-de-logements-le-5-juillet-prochain-les-quotas-revus-a-la-hausse\\\/#breadcrumb\"},\"inLanguage\":\"fr-FR\",\"potentialAction\":[{\"@type\":\"ReadAction\",\"target\":[\"https:\\\/\\\/lasentinelle.dz\\\/index.php\\\/2025\\\/03\\\/06\\\/distribution-massive-de-logements-le-5-juillet-prochain-les-quotas-revus-a-la-hausse\\\/\"]}]},{\"@type\":\"ImageObject\",\"inLanguage\":\"fr-FR\",\"@id\":\"https:\\\/\\\/lasentinelle.dz\\\/index.php\\\/2025\\\/03\\\/06\\\/distribution-massive-de-logements-le-5-juillet-prochain-les-quotas-revus-a-la-hausse\\\/#primaryimage\",\"url\":\"https:\\\/\\\/lasentinelle.dz\\\/wp-content\\\/uploads\\\/2023\\\/05\\\/logement.png\",\"contentUrl\":\"https:\\\/\\\/lasentinelle.dz\\\/wp-content\\\/uploads\\\/2023\\\/05\\\/logement.png\",\"width\":1491,\"height\":900},{\"@type\":\"BreadcrumbList\",\"@id\":\"https:\\\/\\\/lasentinelle.dz\\\/index.php\\\/2025\\\/03\\\/06\\\/distribution-massive-de-logements-le-5-juillet-prochain-les-quotas-revus-a-la-hausse\\\/#breadcrumb\",\"itemListElement\":[{\"@type\":\"ListItem\",\"position\":1,\"name\":\"Accueil\",\"item\":\"https:\\\/\\\/lasentinelle.dz\\\/\"},{\"@type\":\"ListItem\",\"position\":2,\"name\":\"Distribution massive de logements le 5 juillet prochain : Les quotas revus \u00e0 la hausse\"}]},{\"@type\":\"WebSite\",\"@id\":\"https:\\\/\\\/lasentinelle.dz\\\/#website\",\"url\":\"https:\\\/\\\/lasentinelle.dz\\\/\",\"name\":\"La Sentinelle\",\"description\":\"Quotidien national d&#039;information\",\"publisher\":{\"@id\":\"https:\\\/\\\/lasentinelle.dz\\\/#organization\"},\"potentialAction\":[{\"@type\":\"SearchAction\",\"target\":{\"@type\":\"EntryPoint\",\"urlTemplate\":\"https:\\\/\\\/lasentinelle.dz\\\/?s={search_term_string}\"},\"query-input\":{\"@type\":\"PropertyValueSpecification\",\"valueRequired\":true,\"valueName\":\"search_term_string\"}}],\"inLanguage\":\"fr-FR\"},{\"@type\":\"Organization\",\"@id\":\"https:\\\/\\\/lasentinelle.dz\\\/#organization\",\"name\":\"Quotidien La Sentinelle\",\"url\":\"https:\\\/\\\/lasentinelle.dz\\\/\",\"logo\":{\"@type\":\"ImageObject\",\"inLanguage\":\"fr-FR\",\"@id\":\"https:\\\/\\\/lasentinelle.dz\\\/#\\\/schema\\\/logo\\\/image\\\/\",\"url\":\"https:\\\/\\\/lasentinelle.dz\\\/wp-content\\\/uploads\\\/2021\\\/09\\\/logo-sentinelleSLOGAN-1.png\",\"contentUrl\":\"https:\\\/\\\/lasentinelle.dz\\\/wp-content\\\/uploads\\\/2021\\\/09\\\/logo-sentinelleSLOGAN-1.png\",\"width\":615,\"height\":142,\"caption\":\"Quotidien La Sentinelle\"},\"image\":{\"@id\":\"https:\\\/\\\/lasentinelle.dz\\\/#\\\/schema\\\/logo\\\/image\\\/\"},\"sameAs\":[\"https:\\\/\\\/www.facebook.com\\\/La-Sentinelle-104059864394773\"]},{\"@type\":\"Person\",\"@id\":\"https:\\\/\\\/lasentinelle.dz\\\/#\\\/schema\\\/person\\\/729ee0024f24e0b8c5ec17232f8e8b41\",\"name\":\"admin\",\"image\":{\"@type\":\"ImageObject\",\"inLanguage\":\"fr-FR\",\"@id\":\"https:\\\/\\\/secure.gravatar.com\\\/avatar\\\/4c81fed838786e9b53f540bf46533e750f5d292099ae3b66cfc6fb1982e29df7?s=96&d=mm&r=g\",\"url\":\"https:\\\/\\\/secure.gravatar.com\\\/avatar\\\/4c81fed838786e9b53f540bf46533e750f5d292099ae3b66cfc6fb1982e29df7?s=96&d=mm&r=g\",\"contentUrl\":\"https:\\\/\\\/secure.gravatar.com\\\/avatar\\\/4c81fed838786e9b53f540bf46533e750f5d292099ae3b66cfc6fb1982e29df7?s=96&d=mm&r=g\",\"caption\":\"admin\"},\"description\":\"admin\",\"url\":\"https:\\\/\\\/lasentinelle.dz\\\/author\\\/admin\\\/\"}]}<\/script>\n<!-- \/ Yoast SEO plugin. -->","yoast_head_json":{"title":"Distribution massive de logements le 5 juillet prochain : Les quotas revus \u00e0 la hausse - La Sentinelle","robots":{"index":"index","follow":"follow","max-snippet":"max-snippet:-1","max-image-preview":"max-image-preview:large","max-video-preview":"max-video-preview:-1"},"canonical":"https:\/\/lasentinelle.dz\/index.php\/2025\/03\/06\/distribution-massive-de-logements-le-5-juillet-prochain-les-quotas-revus-a-la-hausse\/","og_locale":"fr_FR","og_type":"article","og_title":"Distribution massive de logements le 5 juillet prochain : Les quotas revus \u00e0 la hausse - La Sentinelle","og_description":"Le ministre de l\u2019Habitat a donn\u00e9 des instructions pour r\u00e9viser \u00e0 la hausse le nombre de logements qui seront attribu\u00e9s","og_url":"https:\/\/lasentinelle.dz\/index.php\/2025\/03\/06\/distribution-massive-de-logements-le-5-juillet-prochain-les-quotas-revus-a-la-hausse\/","og_site_name":"La Sentinelle","article_publisher":"https:\/\/www.facebook.com\/La-Sentinelle-104059864394773","article_published_time":"2025-03-06T14:06:33+00:00","article_modified_time":"2025-03-07T14:07:14+00:00","og_image":[{"width":1491,"height":900,"url":"https:\/\/lasentinelle.dz\/wp-content\/uploads\/2023\/05\/logement.png","type":"image\/png"}],"author":"admin","twitter_card":"summary_large_image","twitter_misc":{"\u00c9crit par":"admin","Dur\u00e9e de lecture estim\u00e9e":"4 minutes"},"schema":{"@context":"https:\/\/schema.org","@graph":[{"@type":"Article","@id":"https:\/\/lasentinelle.dz\/index.php\/2025\/03\/06\/distribution-massive-de-logements-le-5-juillet-prochain-les-quotas-revus-a-la-hausse\/#article","isPartOf":{"@id":"https:\/\/lasentinelle.dz\/index.php\/2025\/03\/06\/distribution-massive-de-logements-le-5-juillet-prochain-les-quotas-revus-a-la-hausse\/"},"author":{"name":"admin","@id":"https:\/\/lasentinelle.dz\/#\/schema\/person\/729ee0024f24e0b8c5ec17232f8e8b41"},"headline":"Distribution massive de logements le 5 juillet prochain : Les quotas revus \u00e0 la hausse","datePublished":"2025-03-06T14:06:33+00:00","dateModified":"2025-03-07T14:07:14+00:00","mainEntityOfPage":{"@id":"https:\/\/lasentinelle.dz\/index.php\/2025\/03\/06\/distribution-massive-de-logements-le-5-juillet-prochain-les-quotas-revus-a-la-hausse\/"},"wordCount":690,"commentCount":0,"publisher":{"@id":"https:\/\/lasentinelle.dz\/#organization"},"image":{"@id":"https:\/\/lasentinelle.dz\/index.php\/2025\/03\/06\/distribution-massive-de-logements-le-5-juillet-prochain-les-quotas-revus-a-la-hausse\/#primaryimage"},"thumbnailUrl":"https:\/\/lasentinelle.dz\/wp-content\/uploads\/2023\/05\/logement.png","articleSection":["\u00c0 la Une","Actualit\u00e9"],"inLanguage":"fr-FR","potentialAction":[{"@type":"CommentAction","name":"Comment","target":["https:\/\/lasentinelle.dz\/index.php\/2025\/03\/06\/distribution-massive-de-logements-le-5-juillet-prochain-les-quotas-revus-a-la-hausse\/#respond"]}]},{"@type":"WebPage","@id":"https:\/\/lasentinelle.dz\/index.php\/2025\/03\/06\/distribution-massive-de-logements-le-5-juillet-prochain-les-quotas-revus-a-la-hausse\/","url":"https:\/\/lasentinelle.dz\/index.php\/2025\/03\/06\/distribution-massive-de-logements-le-5-juillet-prochain-les-quotas-revus-a-la-hausse\/","name":"Distribution massive de logements le 5 juillet prochain : Les quotas revus \u00e0 la hausse - La Sentinelle","isPartOf":{"@id":"https:\/\/lasentinelle.dz\/#website"},"primaryImageOfPage":{"@id":"https:\/\/lasentinelle.dz\/index.php\/2025\/03\/06\/distribution-massive-de-logements-le-5-juillet-prochain-les-quotas-revus-a-la-hausse\/#primaryimage"},"image":{"@id":"https:\/\/lasentinelle.dz\/index.php\/2025\/03\/06\/distribution-massive-de-logements-le-5-juillet-prochain-les-quotas-revus-a-la-hausse\/#primaryimage"},"thumbnailUrl":"https:\/\/lasentinelle.dz\/wp-content\/uploads\/2023\/05\/logement.png","datePublished":"2025-03-06T14:06:33+00:00","dateModified":"2025-03-07T14:07:14+00:00","breadcrumb":{"@id":"https:\/\/lasentinelle.dz\/index.php\/2025\/03\/06\/distribution-massive-de-logements-le-5-juillet-prochain-les-quotas-revus-a-la-hausse\/#breadcrumb"},"inLanguage":"fr-FR","potentialAction":[{"@type":"ReadAction","target":["https:\/\/lasentinelle.dz\/index.php\/2025\/03\/06\/distribution-massive-de-logements-le-5-juillet-prochain-les-quotas-revus-a-la-hausse\/"]}]},{"@type":"ImageObject","inLanguage":"fr-FR","@id":"https:\/\/lasentinelle.dz\/index.php\/2025\/03\/06\/distribution-massive-de-logements-le-5-juillet-prochain-les-quotas-revus-a-la-hausse\/#primaryimage","url":"https:\/\/lasentinelle.dz\/wp-content\/uploads\/2023\/05\/logement.png","contentUrl":"https:\/\/lasentinelle.dz\/wp-content\/uploads\/2023\/05\/logement.png","width":1491,"height":900},{"@type":"BreadcrumbList","@id":"https:\/\/lasentinelle.dz\/index.php\/2025\/03\/06\/distribution-massive-de-logements-le-5-juillet-prochain-les-quotas-revus-a-la-hausse\/#breadcrumb","itemListElement":[{"@type":"ListItem","position":1,"name":"Accueil","item":"https:\/\/lasentinelle.dz\/"},{"@type":"ListItem","position":2,"name":"Distribution massive de logements le 5 juillet prochain : Les quotas revus \u00e0 la hausse"}]},{"@type":"WebSite","@id":"https:\/\/lasentinelle.dz\/#website","url":"https:\/\/lasentinelle.dz\/","name":"La Sentinelle","description":"Quotidien national d&#039;information","publisher":{"@id":"https:\/\/lasentinelle.dz\/#organization"},"potentialAction":[{"@type":"SearchAction","target":{"@type":"EntryPoint","urlTemplate":"https:\/\/lasentinelle.dz\/?s={search_term_string}"},"query-input":{"@type":"PropertyValueSpecification","valueRequired":true,"valueName":"search_term_string"}}],"inLanguage":"fr-FR"},{"@type":"Organization","@id":"https:\/\/lasentinelle.dz\/#organization","name":"Quotidien La Sentinelle","url":"https:\/\/lasentinelle.dz\/","logo":{"@type":"ImageObject","inLanguage":"fr-FR","@id":"https:\/\/lasentinelle.dz\/#\/schema\/logo\/image\/","url":"https:\/\/lasentinelle.dz\/wp-content\/uploads\/2021\/09\/logo-sentinelleSLOGAN-1.png","contentUrl":"https:\/\/lasentinelle.dz\/wp-content\/uploads\/2021\/09\/logo-sentinelleSLOGAN-1.png","width":615,"height":142,"caption":"Quotidien La Sentinelle"},"image":{"@id":"https:\/\/lasentinelle.dz\/#\/schema\/logo\/image\/"},"sameAs":["https:\/\/www.facebook.com\/La-Sentinelle-104059864394773"]},{"@type":"Person","@id":"https:\/\/lasentinelle.dz\/#\/schema\/person\/729ee0024f24e0b8c5ec17232f8e8b41","name":"admin","image":{"@type":"ImageObject","inLanguage":"fr-FR","@id":"https:\/\/secure.gravatar.com\/avatar\/4c81fed838786e9b53f540bf46533e750f5d292099ae3b66cfc6fb1982e29df7?s=96&d=mm&r=g","url":"https:\/\/secure.gravatar.com\/avatar\/4c81fed838786e9b53f540bf46533e750f5d292099ae3b66cfc6fb1982e29df7?s=96&d=mm&r=g","contentUrl":"https:\/\/secure.gravatar.com\/avatar\/4c81fed838786e9b53f540bf46533e750f5d292099ae3b66cfc6fb1982e29df7?s=96&d=mm&r=g","caption":"admin"},"description":"admin","url":"https:\/\/lasentinelle.dz\/author\/admin\/"}]}},"_links":{"self":[{"href":"https:\/\/lasentinelle.dz\/index.php\/wp-json\/wp\/v2\/posts\/64001","targetHints":{"allow":["GET"]}}],"collection":[{"href":"https:\/\/lasentinelle.dz\/index.php\/wp-json\/wp\/v2\/posts"}],"about":[{"href":"https:\/\/lasentinelle.dz\/index.php\/wp-json\/wp\/v2\/types\/post"}],"author":[{"embeddable":true,"href":"https:\/\/lasentinelle.dz\/index.php\/wp-json\/wp\/v2\/users\/6"}],"replies":[{"embeddable":true,"href":"https:\/\/lasentinelle.dz\/index.php\/wp-json\/wp\/v2\/comments?post=64001"}],"version-history":[{"count":1,"href":"https:\/\/lasentinelle.dz\/index.php\/wp-json\/wp\/v2\/posts\/64001\/revisions"}],"predecessor-version":[{"id":64002,"href":"https:\/\/lasentinelle.dz\/index.php\/wp-json\/wp\/v2\/posts\/64001\/revisions\/64002"}],"wp:featuredmedia":[{"embeddable":true,"href":"https:\/\/lasentinelle.dz\/index.php\/wp-json\/wp\/v2\/media\/41776"}],"wp:attachment":[{"href":"https:\/\/lasentinelle.dz\/index.php\/wp-json\/wp\/v2\/media?parent=64001"}],"wp:term":[{"taxonomy":"category","embeddable":true,"href":"https:\/\/lasentinelle.dz\/index.php\/wp-json\/wp\/v2\/categories?post=64001"},{"taxonomy":"post_tag","embeddable":true,"href":"https:\/\/lasentinelle.dz\/index.php\/wp-json\/wp\/v2\/tags?post=64001"}],"curies":[{"name":"wp","href":"https:\/\/api.w.org\/{rel}","templated":true}]}}