{"id":64003,"date":"2025-03-06T15:00:00","date_gmt":"2025-03-06T14:00:00","guid":{"rendered":"https:\/\/lasentinelle.dz\/?p=64003"},"modified":"2025-03-07T15:08:44","modified_gmt":"2025-03-07T14:08:44","slug":"bilan-des-operations-de-lanp-un-terroriste-capture-et-reddition-de-trois-autres","status":"publish","type":"post","link":"https:\/\/lasentinelle.dz\/index.php\/2025\/03\/06\/bilan-des-operations-de-lanp-un-terroriste-capture-et-reddition-de-trois-autres\/","title":{"rendered":"Bilan des op\u00e9rations de l&rsquo;ANP : Un terroriste captur\u00e9 et reddition de trois autres"},"content":{"rendered":"\n<p>&nbsp;Un d\u00e9tachement de l\u2019ANP a captur\u00e9, \u00e0 Tamanrasset, le terroriste recherch\u00e9&nbsp; \u2018\u2019Malaoui Tahar\u2019\u2019 et r\u00e9cup\u00e9r\u00e9 1 lance-roquette RPG 7, 2 pistolets mitrailleurs de type kalachnikov, 1 fusil mitrailleur, une quantit\u00e9 de munitions et d\u2019autres effets, a indiqu\u00e9 hier un communiqu\u00e9 du MDN.&nbsp; La m\u00eame source a ajout\u00e9 que 3 terroristes se sont rendus aux autorit\u00e9s militaires de Bordj Badji Mokhtar en 6 e R\u00e9gion Militaire. Il s\u2019agit, est-il pr\u00e9cis\u00e9, des d\u00e9nomm\u00e9s \u2018\u2019Larbi Ladmi\u2019\u2019 dit&nbsp; \u2018\u2019Saddam\u2019\u2019,&nbsp; \u2018\u2019Ita Lamine\u2019\u2019 dit \u2018\u2019Houdha\u00effa\u2019\u2019 et&nbsp; \u2018\u2019Ben Kheia Siouit\u2019\u2019 alias&nbsp; \u2018\u2019Abou Daoud\u2019\u2019. Lesdits terroristes avaient en leur possession 2 pistolets mitrailleurs de type kalachnikov, 3 autres armes \u00e0 feu, une quantit\u00e9 de munitions et d\u2019autres effets.&nbsp; Ladite source a soulign\u00e9 que&nbsp; \u2018\u2019Dans la dynamique des efforts soutenus dans la lutte antiterroriste et contre la criminalit\u00e9 organis\u00e9e multiforme, des unit\u00e9s et des d\u00e9tachements de l\u2019Arm\u00e9e Nationale Populaire ont ex\u00e9cut\u00e9, durant la p\u00e9riode allant du 26 f\u00e9vrier au 4 mars 2025, plusieurs op\u00e9rations ayant abouti \u00e0 des r\u00e9sultats de qualit\u00e9 qui refl\u00e8tent le haut professionnalisme, la vigilance et la disponibilit\u00e9 permanente de nos Forces Arm\u00e9es \u00e0 travers l\u2019ensemble du territoire national . Ainsi toujours dans le cadre de la lutte antiterroriste, des d\u00e9tachements de l\u2019ANP ont arr\u00eat\u00e9 10 \u00e9l\u00e9ments de soutien aux groupes terroristes dans diff\u00e9rentes op\u00e9rations men\u00e9es \u00e0 travers l\u2019ensemble du territoire. Au volet de la&nbsp; lutte contre la criminalit\u00e9 organis\u00e9e et en continuit\u00e9 des efforts soutenus visant \u00e0 contrecarrer le fl\u00e9au du narcotrafic dans notre pays, des d\u00e9tachements combin\u00e9s de l\u2019ANP ont en coordination avec les diff\u00e9rents services de s\u00e9curit\u00e9,&nbsp; intercept\u00e9, lors&nbsp; d\u2019op\u00e9rations ex\u00e9cut\u00e9es \u00e0 travers les R\u00e9gions Militaires,&nbsp; 36 narcotrafiquants et d\u00e9jou\u00e9 des tentatives d\u2019introduction via les fronti\u00e8res avec le Maroc,&nbsp; 3,31 qx&nbsp; de kif trait\u00e9, ainsi que la saisie de 929875 comprim\u00e9s psychotropes&nbsp; a r\u00e9v\u00e9l\u00e9 le communiqu\u00e9 du MDN.&nbsp; Par ailleurs, et&nbsp; au registre de la lutte contre l\u2019orpaillage illicite, la m\u00e9me source a indiqu\u00e9 qu\u2019au titre de la m\u00e9me p\u00e9riode,&nbsp; des d\u00e9tachements de l\u2019ANP, ont intercept\u00e9 \u00e0 Tamanrasset, Bordj Badji Mokhtar, In Salah et Djanet 244 individus et saisi 33 v\u00e9hicules, 265 groupes \u00e9lectrog\u00e8nes, 159 marteaux piqueur, ainsi que des quantit\u00e9s de m\u00e9lange d\u2019or brut et de pierres, d\u2019explosifs, d\u2019outils de d\u00e9tonation et d\u2019\u00e9quipements utilis\u00e9s dans des op\u00e9rations d\u2019orpaillage illicite. S\u2019agissant de la lutte contre la contrebande et la sp\u00e9culation, les chiffres d\u00e9voil\u00e9s par la m\u00e9me source, ont fait \u00e9tat de l\u2019arrestation , lors de diff\u00e9rentes op\u00e9rations men\u00e9es, de&nbsp; 44 autres individus, en plus de la saisie de 1 pistolet mitrailleur de type kalachnikov , 1 fusil mitrailleur&nbsp; et 3 fusils de chasse ainsi que 7 fusils \u00e0 pompe, en plus de 78.730 litres de carburants et&nbsp; 8 qx de tabacs et 9 t de denr\u00e9es alimentaires destin\u00e9es \u00e0 la contrebande et la sp\u00e9culation. En mati\u00e8re de lutte contre l\u2019immigration clandestine, pas moins de 716 immigrants clandestins de diff\u00e9rentes nationalit\u00e9s ont \u00e9t\u00e9 arr\u00eat\u00e9s \u00e0 travers le territoire national, a conclu, le communique du MDN.<\/p>\n\n\n\n<p>Sofia Chahine<\/p>\n","protected":false},"excerpt":{"rendered":"<p>&nbsp;Un d\u00e9tachement de l\u2019ANP a captur\u00e9, \u00e0 Tamanrasset, le terroriste recherch\u00e9&nbsp; \u2018\u2019Malaoui Tahar\u2019\u2019 et r\u00e9cup\u00e9r\u00e9 1 lance-roquette RPG 7, 2<\/p>\n","protected":false},"author":2,"featured_media":27980,"comment_status":"open","ping_status":"closed","sticky":false,"template":"","format":"standard","meta":{"colormag_page_container_layout":"default_layout","colormag_page_sidebar_layout":"default_layout","om_disable_all_campaigns":false,"_monsterinsights_skip_tracking":false,"_monsterinsights_sitenote_active":false,"_monsterinsights_sitenote_note":"","_monsterinsights_sitenote_category":0,"footnotes":"","_wpscppro_dont_share_socialmedia":false,"_wpscppro_custom_social_share_image":0,"_facebook_share_type":"default","_twitter_share_type":"default","_linkedin_share_type":"default","_pinterest_share_type":"default","_linkedin_share_type_page":"","_instagram_share_type":"default","_medium_share_type":"default","_threads_share_type":"","_google_business_share_type":"","_selected_social_profile":[],"_wpsp_enable_custom_social_template":false,"_wpsp_social_scheduling":{"enabled":false,"datetime":null,"platforms":[],"status":"template_only","dateOption":"today","timeOption":"now","customDays":"","customHours":"","customDate":"","customTime":"","schedulingType":"absolute"},"_wpsp_active_default_template":true},"categories":[27],"tags":[],"class_list":["post-64003","post","type-post","status-publish","format-standard","has-post-thumbnail","hentry","category-actualite"],"aioseo_notices":[],"yoast_head":"<!-- This site is optimized with the Yoast SEO plugin v27.5 - https:\/\/yoast.com\/product\/yoast-seo-wordpress\/ -->\n<title>Bilan des op\u00e9rations de l&rsquo;ANP : Un terroriste captur\u00e9 et reddition de trois autres - La Sentinelle<\/title>\n<meta name=\"robots\" content=\"index, follow, max-snippet:-1, max-image-preview:large, max-video-preview:-1\" \/>\n<link rel=\"canonical\" href=\"https:\/\/lasentinelle.dz\/index.php\/2025\/03\/06\/bilan-des-operations-de-lanp-un-terroriste-capture-et-reddition-de-trois-autres\/\" \/>\n<meta property=\"og:locale\" content=\"fr_FR\" \/>\n<meta property=\"og:type\" content=\"article\" \/>\n<meta property=\"og:title\" content=\"Bilan des op\u00e9rations de l&rsquo;ANP : Un terroriste captur\u00e9 et reddition de trois autres - La Sentinelle\" \/>\n<meta property=\"og:description\" content=\"&nbsp;Un d\u00e9tachement de l\u2019ANP a captur\u00e9, \u00e0 Tamanrasset, le terroriste recherch\u00e9&nbsp; \u2018\u2019Malaoui Tahar\u2019\u2019 et r\u00e9cup\u00e9r\u00e9 1 lance-roquette RPG 7, 2\" \/>\n<meta property=\"og:url\" content=\"https:\/\/lasentinelle.dz\/index.php\/2025\/03\/06\/bilan-des-operations-de-lanp-un-terroriste-capture-et-reddition-de-trois-autres\/\" \/>\n<meta property=\"og:site_name\" content=\"La Sentinelle\" \/>\n<meta property=\"article:publisher\" content=\"https:\/\/www.facebook.com\/La-Sentinelle-104059864394773\" \/>\n<meta property=\"article:published_time\" content=\"2025-03-06T14:00:00+00:00\" \/>\n<meta property=\"article:modified_time\" content=\"2025-03-07T14:08:44+00:00\" \/>\n<meta property=\"og:image\" content=\"https:\/\/lasentinelle.dz\/wp-content\/uploads\/2022\/09\/MDN.png\" \/>\n\t<meta property=\"og:image:width\" content=\"1350\" \/>\n\t<meta property=\"og:image:height\" content=\"900\" \/>\n\t<meta property=\"og:image:type\" content=\"image\/png\" \/>\n<meta name=\"author\" content=\"Azzedine Belferag\" \/>\n<meta name=\"twitter:card\" content=\"summary_large_image\" \/>\n<meta name=\"twitter:label1\" content=\"\u00c9crit par\" \/>\n\t<meta name=\"twitter:data1\" content=\"Azzedine Belferag\" \/>\n\t<meta name=\"twitter:label2\" content=\"Dur\u00e9e de lecture estim\u00e9e\" \/>\n\t<meta name=\"twitter:data2\" content=\"3 minutes\" \/>\n<script type=\"application\/ld+json\" class=\"yoast-schema-graph\">{\"@context\":\"https:\\\/\\\/schema.org\",\"@graph\":[{\"@type\":\"Article\",\"@id\":\"https:\\\/\\\/lasentinelle.dz\\\/index.php\\\/2025\\\/03\\\/06\\\/bilan-des-operations-de-lanp-un-terroriste-capture-et-reddition-de-trois-autres\\\/#article\",\"isPartOf\":{\"@id\":\"https:\\\/\\\/lasentinelle.dz\\\/index.php\\\/2025\\\/03\\\/06\\\/bilan-des-operations-de-lanp-un-terroriste-capture-et-reddition-de-trois-autres\\\/\"},\"author\":{\"name\":\"Azzedine Belferag\",\"@id\":\"https:\\\/\\\/lasentinelle.dz\\\/#\\\/schema\\\/person\\\/e22c868643946ece5f328ac9d185b29f\"},\"headline\":\"Bilan des op\u00e9rations de l&rsquo;ANP : Un terroriste captur\u00e9 et reddition de trois autres\",\"datePublished\":\"2025-03-06T14:00:00+00:00\",\"dateModified\":\"2025-03-07T14:08:44+00:00\",\"mainEntityOfPage\":{\"@id\":\"https:\\\/\\\/lasentinelle.dz\\\/index.php\\\/2025\\\/03\\\/06\\\/bilan-des-operations-de-lanp-un-terroriste-capture-et-reddition-de-trois-autres\\\/\"},\"wordCount\":569,\"commentCount\":0,\"publisher\":{\"@id\":\"https:\\\/\\\/lasentinelle.dz\\\/#organization\"},\"image\":{\"@id\":\"https:\\\/\\\/lasentinelle.dz\\\/index.php\\\/2025\\\/03\\\/06\\\/bilan-des-operations-de-lanp-un-terroriste-capture-et-reddition-de-trois-autres\\\/#primaryimage\"},\"thumbnailUrl\":\"https:\\\/\\\/lasentinelle.dz\\\/wp-content\\\/uploads\\\/2022\\\/09\\\/MDN.png\",\"articleSection\":[\"Actualit\u00e9\"],\"inLanguage\":\"fr-FR\",\"potentialAction\":[{\"@type\":\"CommentAction\",\"name\":\"Comment\",\"target\":[\"https:\\\/\\\/lasentinelle.dz\\\/index.php\\\/2025\\\/03\\\/06\\\/bilan-des-operations-de-lanp-un-terroriste-capture-et-reddition-de-trois-autres\\\/#respond\"]}]},{\"@type\":\"WebPage\",\"@id\":\"https:\\\/\\\/lasentinelle.dz\\\/index.php\\\/2025\\\/03\\\/06\\\/bilan-des-operations-de-lanp-un-terroriste-capture-et-reddition-de-trois-autres\\\/\",\"url\":\"https:\\\/\\\/lasentinelle.dz\\\/index.php\\\/2025\\\/03\\\/06\\\/bilan-des-operations-de-lanp-un-terroriste-capture-et-reddition-de-trois-autres\\\/\",\"name\":\"Bilan des op\u00e9rations de l&rsquo;ANP : Un terroriste captur\u00e9 et reddition de trois autres - La Sentinelle\",\"isPartOf\":{\"@id\":\"https:\\\/\\\/lasentinelle.dz\\\/#website\"},\"primaryImageOfPage\":{\"@id\":\"https:\\\/\\\/lasentinelle.dz\\\/index.php\\\/2025\\\/03\\\/06\\\/bilan-des-operations-de-lanp-un-terroriste-capture-et-reddition-de-trois-autres\\\/#primaryimage\"},\"image\":{\"@id\":\"https:\\\/\\\/lasentinelle.dz\\\/index.php\\\/2025\\\/03\\\/06\\\/bilan-des-operations-de-lanp-un-terroriste-capture-et-reddition-de-trois-autres\\\/#primaryimage\"},\"thumbnailUrl\":\"https:\\\/\\\/lasentinelle.dz\\\/wp-content\\\/uploads\\\/2022\\\/09\\\/MDN.png\",\"datePublished\":\"2025-03-06T14:00:00+00:00\",\"dateModified\":\"2025-03-07T14:08:44+00:00\",\"breadcrumb\":{\"@id\":\"https:\\\/\\\/lasentinelle.dz\\\/index.php\\\/2025\\\/03\\\/06\\\/bilan-des-operations-de-lanp-un-terroriste-capture-et-reddition-de-trois-autres\\\/#breadcrumb\"},\"inLanguage\":\"fr-FR\",\"potentialAction\":[{\"@type\":\"ReadAction\",\"target\":[\"https:\\\/\\\/lasentinelle.dz\\\/index.php\\\/2025\\\/03\\\/06\\\/bilan-des-operations-de-lanp-un-terroriste-capture-et-reddition-de-trois-autres\\\/\"]}]},{\"@type\":\"ImageObject\",\"inLanguage\":\"fr-FR\",\"@id\":\"https:\\\/\\\/lasentinelle.dz\\\/index.php\\\/2025\\\/03\\\/06\\\/bilan-des-operations-de-lanp-un-terroriste-capture-et-reddition-de-trois-autres\\\/#primaryimage\",\"url\":\"https:\\\/\\\/lasentinelle.dz\\\/wp-content\\\/uploads\\\/2022\\\/09\\\/MDN.png\",\"contentUrl\":\"https:\\\/\\\/lasentinelle.dz\\\/wp-content\\\/uploads\\\/2022\\\/09\\\/MDN.png\",\"width\":1350,\"height\":900},{\"@type\":\"BreadcrumbList\",\"@id\":\"https:\\\/\\\/lasentinelle.dz\\\/index.php\\\/2025\\\/03\\\/06\\\/bilan-des-operations-de-lanp-un-terroriste-capture-et-reddition-de-trois-autres\\\/#breadcrumb\",\"itemListElement\":[{\"@type\":\"ListItem\",\"position\":1,\"name\":\"Accueil\",\"item\":\"https:\\\/\\\/lasentinelle.dz\\\/\"},{\"@type\":\"ListItem\",\"position\":2,\"name\":\"Bilan des op\u00e9rations de l&rsquo;ANP : Un terroriste captur\u00e9 et reddition de trois autres\"}]},{\"@type\":\"WebSite\",\"@id\":\"https:\\\/\\\/lasentinelle.dz\\\/#website\",\"url\":\"https:\\\/\\\/lasentinelle.dz\\\/\",\"name\":\"La Sentinelle\",\"description\":\"Quotidien national d&#039;information\",\"publisher\":{\"@id\":\"https:\\\/\\\/lasentinelle.dz\\\/#organization\"},\"potentialAction\":[{\"@type\":\"SearchAction\",\"target\":{\"@type\":\"EntryPoint\",\"urlTemplate\":\"https:\\\/\\\/lasentinelle.dz\\\/?s={search_term_string}\"},\"query-input\":{\"@type\":\"PropertyValueSpecification\",\"valueRequired\":true,\"valueName\":\"search_term_string\"}}],\"inLanguage\":\"fr-FR\"},{\"@type\":\"Organization\",\"@id\":\"https:\\\/\\\/lasentinelle.dz\\\/#organization\",\"name\":\"Quotidien La Sentinelle\",\"url\":\"https:\\\/\\\/lasentinelle.dz\\\/\",\"logo\":{\"@type\":\"ImageObject\",\"inLanguage\":\"fr-FR\",\"@id\":\"https:\\\/\\\/lasentinelle.dz\\\/#\\\/schema\\\/logo\\\/image\\\/\",\"url\":\"https:\\\/\\\/lasentinelle.dz\\\/wp-content\\\/uploads\\\/2021\\\/09\\\/logo-sentinelleSLOGAN-1.png\",\"contentUrl\":\"https:\\\/\\\/lasentinelle.dz\\\/wp-content\\\/uploads\\\/2021\\\/09\\\/logo-sentinelleSLOGAN-1.png\",\"width\":615,\"height\":142,\"caption\":\"Quotidien La Sentinelle\"},\"image\":{\"@id\":\"https:\\\/\\\/lasentinelle.dz\\\/#\\\/schema\\\/logo\\\/image\\\/\"},\"sameAs\":[\"https:\\\/\\\/www.facebook.com\\\/La-Sentinelle-104059864394773\"]},{\"@type\":\"Person\",\"@id\":\"https:\\\/\\\/lasentinelle.dz\\\/#\\\/schema\\\/person\\\/e22c868643946ece5f328ac9d185b29f\",\"name\":\"Azzedine Belferag\",\"image\":{\"@type\":\"ImageObject\",\"inLanguage\":\"fr-FR\",\"@id\":\"https:\\\/\\\/secure.gravatar.com\\\/avatar\\\/767ecc3bfcf23cd6d0dae1705f124feb13a88fded1daa56498e4fb3aa3fc36a1?s=96&d=mm&r=g\",\"url\":\"https:\\\/\\\/secure.gravatar.com\\\/avatar\\\/767ecc3bfcf23cd6d0dae1705f124feb13a88fded1daa56498e4fb3aa3fc36a1?s=96&d=mm&r=g\",\"contentUrl\":\"https:\\\/\\\/secure.gravatar.com\\\/avatar\\\/767ecc3bfcf23cd6d0dae1705f124feb13a88fded1daa56498e4fb3aa3fc36a1?s=96&d=mm&r=g\",\"caption\":\"Azzedine Belferag\"},\"sameAs\":[\"http:\\\/\\\/www.lasentinelle.dz\"],\"url\":\"https:\\\/\\\/lasentinelle.dz\\\/author\\\/belferag\\\/\"}]}<\/script>\n<!-- \/ Yoast SEO plugin. -->","yoast_head_json":{"title":"Bilan des op\u00e9rations de l&rsquo;ANP : Un terroriste captur\u00e9 et reddition de trois autres - La Sentinelle","robots":{"index":"index","follow":"follow","max-snippet":"max-snippet:-1","max-image-preview":"max-image-preview:large","max-video-preview":"max-video-preview:-1"},"canonical":"https:\/\/lasentinelle.dz\/index.php\/2025\/03\/06\/bilan-des-operations-de-lanp-un-terroriste-capture-et-reddition-de-trois-autres\/","og_locale":"fr_FR","og_type":"article","og_title":"Bilan des op\u00e9rations de l&rsquo;ANP : Un terroriste captur\u00e9 et reddition de trois autres - La Sentinelle","og_description":"&nbsp;Un d\u00e9tachement de l\u2019ANP a captur\u00e9, \u00e0 Tamanrasset, le terroriste recherch\u00e9&nbsp; \u2018\u2019Malaoui Tahar\u2019\u2019 et r\u00e9cup\u00e9r\u00e9 1 lance-roquette RPG 7, 2","og_url":"https:\/\/lasentinelle.dz\/index.php\/2025\/03\/06\/bilan-des-operations-de-lanp-un-terroriste-capture-et-reddition-de-trois-autres\/","og_site_name":"La Sentinelle","article_publisher":"https:\/\/www.facebook.com\/La-Sentinelle-104059864394773","article_published_time":"2025-03-06T14:00:00+00:00","article_modified_time":"2025-03-07T14:08:44+00:00","og_image":[{"width":1350,"height":900,"url":"https:\/\/lasentinelle.dz\/wp-content\/uploads\/2022\/09\/MDN.png","type":"image\/png"}],"author":"Azzedine Belferag","twitter_card":"summary_large_image","twitter_misc":{"\u00c9crit par":"Azzedine Belferag","Dur\u00e9e de lecture estim\u00e9e":"3 minutes"},"schema":{"@context":"https:\/\/schema.org","@graph":[{"@type":"Article","@id":"https:\/\/lasentinelle.dz\/index.php\/2025\/03\/06\/bilan-des-operations-de-lanp-un-terroriste-capture-et-reddition-de-trois-autres\/#article","isPartOf":{"@id":"https:\/\/lasentinelle.dz\/index.php\/2025\/03\/06\/bilan-des-operations-de-lanp-un-terroriste-capture-et-reddition-de-trois-autres\/"},"author":{"name":"Azzedine Belferag","@id":"https:\/\/lasentinelle.dz\/#\/schema\/person\/e22c868643946ece5f328ac9d185b29f"},"headline":"Bilan des op\u00e9rations de l&rsquo;ANP : Un terroriste captur\u00e9 et reddition de trois autres","datePublished":"2025-03-06T14:00:00+00:00","dateModified":"2025-03-07T14:08:44+00:00","mainEntityOfPage":{"@id":"https:\/\/lasentinelle.dz\/index.php\/2025\/03\/06\/bilan-des-operations-de-lanp-un-terroriste-capture-et-reddition-de-trois-autres\/"},"wordCount":569,"commentCount":0,"publisher":{"@id":"https:\/\/lasentinelle.dz\/#organization"},"image":{"@id":"https:\/\/lasentinelle.dz\/index.php\/2025\/03\/06\/bilan-des-operations-de-lanp-un-terroriste-capture-et-reddition-de-trois-autres\/#primaryimage"},"thumbnailUrl":"https:\/\/lasentinelle.dz\/wp-content\/uploads\/2022\/09\/MDN.png","articleSection":["Actualit\u00e9"],"inLanguage":"fr-FR","potentialAction":[{"@type":"CommentAction","name":"Comment","target":["https:\/\/lasentinelle.dz\/index.php\/2025\/03\/06\/bilan-des-operations-de-lanp-un-terroriste-capture-et-reddition-de-trois-autres\/#respond"]}]},{"@type":"WebPage","@id":"https:\/\/lasentinelle.dz\/index.php\/2025\/03\/06\/bilan-des-operations-de-lanp-un-terroriste-capture-et-reddition-de-trois-autres\/","url":"https:\/\/lasentinelle.dz\/index.php\/2025\/03\/06\/bilan-des-operations-de-lanp-un-terroriste-capture-et-reddition-de-trois-autres\/","name":"Bilan des op\u00e9rations de l&rsquo;ANP : Un terroriste captur\u00e9 et reddition de trois autres - La Sentinelle","isPartOf":{"@id":"https:\/\/lasentinelle.dz\/#website"},"primaryImageOfPage":{"@id":"https:\/\/lasentinelle.dz\/index.php\/2025\/03\/06\/bilan-des-operations-de-lanp-un-terroriste-capture-et-reddition-de-trois-autres\/#primaryimage"},"image":{"@id":"https:\/\/lasentinelle.dz\/index.php\/2025\/03\/06\/bilan-des-operations-de-lanp-un-terroriste-capture-et-reddition-de-trois-autres\/#primaryimage"},"thumbnailUrl":"https:\/\/lasentinelle.dz\/wp-content\/uploads\/2022\/09\/MDN.png","datePublished":"2025-03-06T14:00:00+00:00","dateModified":"2025-03-07T14:08:44+00:00","breadcrumb":{"@id":"https:\/\/lasentinelle.dz\/index.php\/2025\/03\/06\/bilan-des-operations-de-lanp-un-terroriste-capture-et-reddition-de-trois-autres\/#breadcrumb"},"inLanguage":"fr-FR","potentialAction":[{"@type":"ReadAction","target":["https:\/\/lasentinelle.dz\/index.php\/2025\/03\/06\/bilan-des-operations-de-lanp-un-terroriste-capture-et-reddition-de-trois-autres\/"]}]},{"@type":"ImageObject","inLanguage":"fr-FR","@id":"https:\/\/lasentinelle.dz\/index.php\/2025\/03\/06\/bilan-des-operations-de-lanp-un-terroriste-capture-et-reddition-de-trois-autres\/#primaryimage","url":"https:\/\/lasentinelle.dz\/wp-content\/uploads\/2022\/09\/MDN.png","contentUrl":"https:\/\/lasentinelle.dz\/wp-content\/uploads\/2022\/09\/MDN.png","width":1350,"height":900},{"@type":"BreadcrumbList","@id":"https:\/\/lasentinelle.dz\/index.php\/2025\/03\/06\/bilan-des-operations-de-lanp-un-terroriste-capture-et-reddition-de-trois-autres\/#breadcrumb","itemListElement":[{"@type":"ListItem","position":1,"name":"Accueil","item":"https:\/\/lasentinelle.dz\/"},{"@type":"ListItem","position":2,"name":"Bilan des op\u00e9rations de l&rsquo;ANP : Un terroriste captur\u00e9 et reddition de trois autres"}]},{"@type":"WebSite","@id":"https:\/\/lasentinelle.dz\/#website","url":"https:\/\/lasentinelle.dz\/","name":"La Sentinelle","description":"Quotidien national d&#039;information","publisher":{"@id":"https:\/\/lasentinelle.dz\/#organization"},"potentialAction":[{"@type":"SearchAction","target":{"@type":"EntryPoint","urlTemplate":"https:\/\/lasentinelle.dz\/?s={search_term_string}"},"query-input":{"@type":"PropertyValueSpecification","valueRequired":true,"valueName":"search_term_string"}}],"inLanguage":"fr-FR"},{"@type":"Organization","@id":"https:\/\/lasentinelle.dz\/#organization","name":"Quotidien La Sentinelle","url":"https:\/\/lasentinelle.dz\/","logo":{"@type":"ImageObject","inLanguage":"fr-FR","@id":"https:\/\/lasentinelle.dz\/#\/schema\/logo\/image\/","url":"https:\/\/lasentinelle.dz\/wp-content\/uploads\/2021\/09\/logo-sentinelleSLOGAN-1.png","contentUrl":"https:\/\/lasentinelle.dz\/wp-content\/uploads\/2021\/09\/logo-sentinelleSLOGAN-1.png","width":615,"height":142,"caption":"Quotidien La Sentinelle"},"image":{"@id":"https:\/\/lasentinelle.dz\/#\/schema\/logo\/image\/"},"sameAs":["https:\/\/www.facebook.com\/La-Sentinelle-104059864394773"]},{"@type":"Person","@id":"https:\/\/lasentinelle.dz\/#\/schema\/person\/e22c868643946ece5f328ac9d185b29f","name":"Azzedine Belferag","image":{"@type":"ImageObject","inLanguage":"fr-FR","@id":"https:\/\/secure.gravatar.com\/avatar\/767ecc3bfcf23cd6d0dae1705f124feb13a88fded1daa56498e4fb3aa3fc36a1?s=96&d=mm&r=g","url":"https:\/\/secure.gravatar.com\/avatar\/767ecc3bfcf23cd6d0dae1705f124feb13a88fded1daa56498e4fb3aa3fc36a1?s=96&d=mm&r=g","contentUrl":"https:\/\/secure.gravatar.com\/avatar\/767ecc3bfcf23cd6d0dae1705f124feb13a88fded1daa56498e4fb3aa3fc36a1?s=96&d=mm&r=g","caption":"Azzedine Belferag"},"sameAs":["http:\/\/www.lasentinelle.dz"],"url":"https:\/\/lasentinelle.dz\/author\/belferag\/"}]}},"_links":{"self":[{"href":"https:\/\/lasentinelle.dz\/index.php\/wp-json\/wp\/v2\/posts\/64003","targetHints":{"allow":["GET"]}}],"collection":[{"href":"https:\/\/lasentinelle.dz\/index.php\/wp-json\/wp\/v2\/posts"}],"about":[{"href":"https:\/\/lasentinelle.dz\/index.php\/wp-json\/wp\/v2\/types\/post"}],"author":[{"embeddable":true,"href":"https:\/\/lasentinelle.dz\/index.php\/wp-json\/wp\/v2\/users\/2"}],"replies":[{"embeddable":true,"href":"https:\/\/lasentinelle.dz\/index.php\/wp-json\/wp\/v2\/comments?post=64003"}],"version-history":[{"count":2,"href":"https:\/\/lasentinelle.dz\/index.php\/wp-json\/wp\/v2\/posts\/64003\/revisions"}],"predecessor-version":[{"id":64005,"href":"https:\/\/lasentinelle.dz\/index.php\/wp-json\/wp\/v2\/posts\/64003\/revisions\/64005"}],"wp:featuredmedia":[{"embeddable":true,"href":"https:\/\/lasentinelle.dz\/index.php\/wp-json\/wp\/v2\/media\/27980"}],"wp:attachment":[{"href":"https:\/\/lasentinelle.dz\/index.php\/wp-json\/wp\/v2\/media?parent=64003"}],"wp:term":[{"taxonomy":"category","embeddable":true,"href":"https:\/\/lasentinelle.dz\/index.php\/wp-json\/wp\/v2\/categories?post=64003"},{"taxonomy":"post_tag","embeddable":true,"href":"https:\/\/lasentinelle.dz\/index.php\/wp-json\/wp\/v2\/tags?post=64003"}],"curies":[{"name":"wp","href":"https:\/\/api.w.org\/{rel}","templated":true}]}}