{"id":64025,"date":"2025-03-09T12:57:47","date_gmt":"2025-03-09T11:57:47","guid":{"rendered":"https:\/\/lasentinelle.dz\/?p=64025"},"modified":"2025-03-09T12:57:47","modified_gmt":"2025-03-09T11:57:47","slug":"huitieme-edition-du-prix-kaki-dor-les-candidatures-ouvertes","status":"publish","type":"post","link":"https:\/\/lasentinelle.dz\/index.php\/2025\/03\/09\/huitieme-edition-du-prix-kaki-dor-les-candidatures-ouvertes\/","title":{"rendered":"Huiti\u00e8me \u00e9dition du prix \u00ab\u00a0Kaki d&rsquo;or\u00a0\u00bb : Les candidatures ouvertes"},"content":{"rendered":"\n<p>Les candidatures pour la nouvelle \u00e9dition du prestigieux prix \u00ab\u00a0Kaki d&rsquo;or\u00a0\u00bb, organis\u00e9 par l&rsquo;Association culturelle nationale \u00ab\u00a0Kaki d&rsquo;or\u00a0\u00bb de Mostaganem sont ouvertes. &nbsp;Cette distinction, qui r\u00e9compense les meilleurs textes de dramaturgie, inscrit son parcours dans la volont\u00e9 de perp\u00e9tuer la m\u00e9moire de \u00ab\u00a0Brecht alg\u00e9rien\u00a0\u00bb, en la personne de l&rsquo;illustre auteur et metteur en sc\u00e8ne \u00ab\u00a0Abdelkader Ould Abderrahmane\u00a0\u00bb dit \u00ab\u00a0Kaki\u00a0\u00bb (18 f\u00e9vrier 1934 &#8211; 14 f\u00e9vrier 1995).<\/p>\n\n\n\n<p>L&rsquo;association, dirig\u00e9e par le professeur Mohamed Boudane, met un point d&rsquo;honneur \u00e0 encourager la cr\u00e9ation dramatique en Alg\u00e9rie. Le concours s&rsquo;inscrit dans la dynamique des journ\u00e9es dramaturgiques organis\u00e9es p\u00e9riodiquement en hommage \u00e0 Kaki. Il s&rsquo;agit d&rsquo;une initiative destin\u00e9e \u00e0 promouvoir la production de textes in\u00e9dits, tout en enrichissant la biblioth\u00e8que th\u00e9\u00e2trale nationale. L&rsquo;objectif premier est d&rsquo;offrir aux auteurs un cadre d&rsquo;expression leur permettant d&rsquo;affiner leur plume et de voir leurs \u0153uvres port\u00e9es \u00e0 la sc\u00e8ne.<\/p>\n\n\n\n<p>Le concours est ouvert \u00e0 tous les dramaturges, professionnels comme amateurs, avec une attention particuli\u00e8re port\u00e9e aux jeunes talents. Les laur\u00e9ats b\u00e9n\u00e9ficieront d&rsquo;une aide \u00e0 la publication et \u00e0 la diffusion de leurs \u0153uvres prim\u00e9es. De plus, l&rsquo;initiative vise \u00e0 cr\u00e9er des passerelles entre les auteurs et les directeurs de th\u00e9\u00e2tres afin de faciliter l&rsquo;adaptation sc\u00e9nique des textes distingu\u00e9s. L&rsquo;association pr\u00e9voit \u00e9galement des rencontres entre critiques, universitaires et praticiens du th\u00e9\u00e2tre, favorisant ainsi un espace d&rsquo;\u00e9change et de r\u00e9flexion sur l&rsquo;\u00e9volution de la dramaturgie alg\u00e9rienne.<\/p>\n\n\n\n<p>Les r\u00e8glements du concours imposent plusieurs crit\u00e8res aux candidats. Les textes soumis doivent \u00eatre in\u00e9dits, c&rsquo;est-\u00e0-dire n&rsquo;avoir jamais \u00e9t\u00e9 jou\u00e9s sur sc\u00e8ne avant la remise des prix. Chaque auteur ne peut pr\u00e9senter qu&rsquo;un seul texte, qui doit \u00eatre d&rsquo;une longueur minimale de vingt pages, garantissant ainsi une dur\u00e9e de repr\u00e9sentation d&rsquo;au moins cinquante minutes. Les \u0153uvres doivent respecter les principes fondamentaux de l&rsquo;\u00e9criture dramatique et \u00eatre exemptes de droits appartenant \u00e0 des tiers. Notons que l&rsquo;association a d\u00e9cid\u00e9 d&rsquo;exclure les \u00ab\u00a0textes monodramatiques\u00a0\u00bb de cette \u00e9dition. Les candidats ont jusqu&rsquo;au 1er septembre, \u00e0 18 heures, pour envoyer leurs manuscrits \u00e0 l&rsquo;adresse \u00e9lectronique suivante : goldenkaki25@gmail.com. L&rsquo;annonce des r\u00e9sultats se fera au cours des mois d&rsquo;octobre et novembre. Trois prix seront d\u00e9cern\u00e9s aux meilleures \u0153uvres : \u00ab\u00a0Kaki d&rsquo;or\u00a0\u00bb, \u00ab\u00a0Kaki d&rsquo;argent\u00a0\u00bb et \u00ab\u00a0Kaki de bronze\u00a0\u00bb. Les montants des r\u00e9compenses financi\u00e8res seront pr\u00e9cis\u00e9s ult\u00e9rieurement.<\/p>\n\n\n\n<p>Depuis sa cr\u00e9ation en 2017, l&rsquo;Association \u00ab\u00a0Kaki d&rsquo;or\u00a0\u00bb s&rsquo;attelle \u00e0 la valorisation de l&rsquo;\u00e9criture dramatique en Alg\u00e9rie. Outre la publication des textes prim\u00e9s, elle ambitionne d&rsquo;accompagner leur production et leur mise en sc\u00e8ne. Dans une perspective plus large, elle aspire \u00e0 cr\u00e9er une banque de textes th\u00e9\u00e2traux et \u00e0 former une nouvelle g\u00e9n\u00e9ration d&rsquo;auteurs, contribuant ainsi \u00e0 l&rsquo;enrichissement du r\u00e9pertoire dramatique national.<\/p>\n\n\n\n<p><strong>Mohand Seghir<\/strong><\/p>\n","protected":false},"excerpt":{"rendered":"<p>Les candidatures pour la nouvelle \u00e9dition du prestigieux prix \u00ab\u00a0Kaki d&rsquo;or\u00a0\u00bb, organis\u00e9 par l&rsquo;Association culturelle nationale \u00ab\u00a0Kaki d&rsquo;or\u00a0\u00bb de Mostaganem<\/p>\n","protected":false},"author":6,"featured_media":64026,"comment_status":"open","ping_status":"closed","sticky":false,"template":"","format":"standard","meta":{"colormag_page_container_layout":"default_layout","colormag_page_sidebar_layout":"default_layout","om_disable_all_campaigns":false,"_monsterinsights_skip_tracking":false,"_monsterinsights_sitenote_active":false,"_monsterinsights_sitenote_note":"","_monsterinsights_sitenote_category":0,"footnotes":"","_wpscppro_dont_share_socialmedia":false,"_wpscppro_custom_social_share_image":0,"_facebook_share_type":"default","_twitter_share_type":"default","_linkedin_share_type":"default","_pinterest_share_type":"default","_linkedin_share_type_page":"","_instagram_share_type":"default","_medium_share_type":"default","_threads_share_type":"","_google_business_share_type":"","_selected_social_profile":[],"_wpsp_enable_custom_social_template":false,"_wpsp_social_scheduling":{"enabled":false,"datetime":null,"platforms":[],"status":"template_only","dateOption":"today","timeOption":"now","customDays":"","customHours":"","customDate":"","customTime":"","schedulingType":"absolute"},"_wpsp_active_default_template":true},"categories":[36],"tags":[],"class_list":["post-64025","post","type-post","status-publish","format-standard","has-post-thumbnail","hentry","category-culture"],"aioseo_notices":[],"yoast_head":"<!-- This site is optimized with the Yoast SEO plugin v27.5 - https:\/\/yoast.com\/product\/yoast-seo-wordpress\/ -->\n<title>Huiti\u00e8me \u00e9dition du prix \u00ab\u00a0Kaki d&rsquo;or\u00a0\u00bb : Les candidatures ouvertes - La Sentinelle<\/title>\n<meta name=\"robots\" content=\"index, follow, max-snippet:-1, max-image-preview:large, max-video-preview:-1\" \/>\n<link rel=\"canonical\" href=\"https:\/\/lasentinelle.dz\/index.php\/2025\/03\/09\/huitieme-edition-du-prix-kaki-dor-les-candidatures-ouvertes\/\" \/>\n<meta property=\"og:locale\" content=\"fr_FR\" \/>\n<meta property=\"og:type\" content=\"article\" \/>\n<meta property=\"og:title\" content=\"Huiti\u00e8me \u00e9dition du prix \u00ab\u00a0Kaki d&rsquo;or\u00a0\u00bb : Les candidatures ouvertes - La Sentinelle\" \/>\n<meta property=\"og:description\" content=\"Les candidatures pour la nouvelle \u00e9dition du prestigieux prix \u00ab\u00a0Kaki d&rsquo;or\u00a0\u00bb, organis\u00e9 par l&rsquo;Association culturelle nationale \u00ab\u00a0Kaki d&rsquo;or\u00a0\u00bb de Mostaganem\" \/>\n<meta property=\"og:url\" content=\"https:\/\/lasentinelle.dz\/index.php\/2025\/03\/09\/huitieme-edition-du-prix-kaki-dor-les-candidatures-ouvertes\/\" \/>\n<meta property=\"og:site_name\" content=\"La Sentinelle\" \/>\n<meta property=\"article:publisher\" content=\"https:\/\/www.facebook.com\/La-Sentinelle-104059864394773\" \/>\n<meta property=\"article:published_time\" content=\"2025-03-09T11:57:47+00:00\" \/>\n<meta property=\"og:image\" content=\"https:\/\/lasentinelle.dz\/wp-content\/uploads\/2025\/03\/theatre.jpeg\" \/>\n\t<meta property=\"og:image:width\" content=\"613\" \/>\n\t<meta property=\"og:image:height\" content=\"501\" \/>\n\t<meta property=\"og:image:type\" content=\"image\/jpeg\" \/>\n<meta name=\"author\" content=\"admin\" \/>\n<meta name=\"twitter:card\" content=\"summary_large_image\" \/>\n<meta name=\"twitter:label1\" content=\"\u00c9crit par\" \/>\n\t<meta name=\"twitter:data1\" content=\"admin\" \/>\n\t<meta name=\"twitter:label2\" content=\"Dur\u00e9e de lecture estim\u00e9e\" \/>\n\t<meta name=\"twitter:data2\" content=\"3 minutes\" \/>\n<script type=\"application\/ld+json\" class=\"yoast-schema-graph\">{\"@context\":\"https:\\\/\\\/schema.org\",\"@graph\":[{\"@type\":\"Article\",\"@id\":\"https:\\\/\\\/lasentinelle.dz\\\/index.php\\\/2025\\\/03\\\/09\\\/huitieme-edition-du-prix-kaki-dor-les-candidatures-ouvertes\\\/#article\",\"isPartOf\":{\"@id\":\"https:\\\/\\\/lasentinelle.dz\\\/index.php\\\/2025\\\/03\\\/09\\\/huitieme-edition-du-prix-kaki-dor-les-candidatures-ouvertes\\\/\"},\"author\":{\"name\":\"admin\",\"@id\":\"https:\\\/\\\/lasentinelle.dz\\\/#\\\/schema\\\/person\\\/729ee0024f24e0b8c5ec17232f8e8b41\"},\"headline\":\"Huiti\u00e8me \u00e9dition du prix \u00ab\u00a0Kaki d&rsquo;or\u00a0\u00bb : Les candidatures ouvertes\",\"datePublished\":\"2025-03-09T11:57:47+00:00\",\"mainEntityOfPage\":{\"@id\":\"https:\\\/\\\/lasentinelle.dz\\\/index.php\\\/2025\\\/03\\\/09\\\/huitieme-edition-du-prix-kaki-dor-les-candidatures-ouvertes\\\/\"},\"wordCount\":522,\"commentCount\":0,\"publisher\":{\"@id\":\"https:\\\/\\\/lasentinelle.dz\\\/#organization\"},\"image\":{\"@id\":\"https:\\\/\\\/lasentinelle.dz\\\/index.php\\\/2025\\\/03\\\/09\\\/huitieme-edition-du-prix-kaki-dor-les-candidatures-ouvertes\\\/#primaryimage\"},\"thumbnailUrl\":\"https:\\\/\\\/lasentinelle.dz\\\/wp-content\\\/uploads\\\/2025\\\/03\\\/theatre.jpeg\",\"articleSection\":[\"Culture\"],\"inLanguage\":\"fr-FR\",\"potentialAction\":[{\"@type\":\"CommentAction\",\"name\":\"Comment\",\"target\":[\"https:\\\/\\\/lasentinelle.dz\\\/index.php\\\/2025\\\/03\\\/09\\\/huitieme-edition-du-prix-kaki-dor-les-candidatures-ouvertes\\\/#respond\"]}]},{\"@type\":\"WebPage\",\"@id\":\"https:\\\/\\\/lasentinelle.dz\\\/index.php\\\/2025\\\/03\\\/09\\\/huitieme-edition-du-prix-kaki-dor-les-candidatures-ouvertes\\\/\",\"url\":\"https:\\\/\\\/lasentinelle.dz\\\/index.php\\\/2025\\\/03\\\/09\\\/huitieme-edition-du-prix-kaki-dor-les-candidatures-ouvertes\\\/\",\"name\":\"Huiti\u00e8me \u00e9dition du prix \u00ab\u00a0Kaki d&rsquo;or\u00a0\u00bb : Les candidatures ouvertes - La Sentinelle\",\"isPartOf\":{\"@id\":\"https:\\\/\\\/lasentinelle.dz\\\/#website\"},\"primaryImageOfPage\":{\"@id\":\"https:\\\/\\\/lasentinelle.dz\\\/index.php\\\/2025\\\/03\\\/09\\\/huitieme-edition-du-prix-kaki-dor-les-candidatures-ouvertes\\\/#primaryimage\"},\"image\":{\"@id\":\"https:\\\/\\\/lasentinelle.dz\\\/index.php\\\/2025\\\/03\\\/09\\\/huitieme-edition-du-prix-kaki-dor-les-candidatures-ouvertes\\\/#primaryimage\"},\"thumbnailUrl\":\"https:\\\/\\\/lasentinelle.dz\\\/wp-content\\\/uploads\\\/2025\\\/03\\\/theatre.jpeg\",\"datePublished\":\"2025-03-09T11:57:47+00:00\",\"breadcrumb\":{\"@id\":\"https:\\\/\\\/lasentinelle.dz\\\/index.php\\\/2025\\\/03\\\/09\\\/huitieme-edition-du-prix-kaki-dor-les-candidatures-ouvertes\\\/#breadcrumb\"},\"inLanguage\":\"fr-FR\",\"potentialAction\":[{\"@type\":\"ReadAction\",\"target\":[\"https:\\\/\\\/lasentinelle.dz\\\/index.php\\\/2025\\\/03\\\/09\\\/huitieme-edition-du-prix-kaki-dor-les-candidatures-ouvertes\\\/\"]}]},{\"@type\":\"ImageObject\",\"inLanguage\":\"fr-FR\",\"@id\":\"https:\\\/\\\/lasentinelle.dz\\\/index.php\\\/2025\\\/03\\\/09\\\/huitieme-edition-du-prix-kaki-dor-les-candidatures-ouvertes\\\/#primaryimage\",\"url\":\"https:\\\/\\\/lasentinelle.dz\\\/wp-content\\\/uploads\\\/2025\\\/03\\\/theatre.jpeg\",\"contentUrl\":\"https:\\\/\\\/lasentinelle.dz\\\/wp-content\\\/uploads\\\/2025\\\/03\\\/theatre.jpeg\",\"width\":613,\"height\":501},{\"@type\":\"BreadcrumbList\",\"@id\":\"https:\\\/\\\/lasentinelle.dz\\\/index.php\\\/2025\\\/03\\\/09\\\/huitieme-edition-du-prix-kaki-dor-les-candidatures-ouvertes\\\/#breadcrumb\",\"itemListElement\":[{\"@type\":\"ListItem\",\"position\":1,\"name\":\"Accueil\",\"item\":\"https:\\\/\\\/lasentinelle.dz\\\/\"},{\"@type\":\"ListItem\",\"position\":2,\"name\":\"Huiti\u00e8me \u00e9dition du prix \u00ab\u00a0Kaki d&rsquo;or\u00a0\u00bb : Les candidatures ouvertes\"}]},{\"@type\":\"WebSite\",\"@id\":\"https:\\\/\\\/lasentinelle.dz\\\/#website\",\"url\":\"https:\\\/\\\/lasentinelle.dz\\\/\",\"name\":\"La Sentinelle\",\"description\":\"Quotidien national d&#039;information\",\"publisher\":{\"@id\":\"https:\\\/\\\/lasentinelle.dz\\\/#organization\"},\"potentialAction\":[{\"@type\":\"SearchAction\",\"target\":{\"@type\":\"EntryPoint\",\"urlTemplate\":\"https:\\\/\\\/lasentinelle.dz\\\/?s={search_term_string}\"},\"query-input\":{\"@type\":\"PropertyValueSpecification\",\"valueRequired\":true,\"valueName\":\"search_term_string\"}}],\"inLanguage\":\"fr-FR\"},{\"@type\":\"Organization\",\"@id\":\"https:\\\/\\\/lasentinelle.dz\\\/#organization\",\"name\":\"Quotidien La Sentinelle\",\"url\":\"https:\\\/\\\/lasentinelle.dz\\\/\",\"logo\":{\"@type\":\"ImageObject\",\"inLanguage\":\"fr-FR\",\"@id\":\"https:\\\/\\\/lasentinelle.dz\\\/#\\\/schema\\\/logo\\\/image\\\/\",\"url\":\"https:\\\/\\\/lasentinelle.dz\\\/wp-content\\\/uploads\\\/2021\\\/09\\\/logo-sentinelleSLOGAN-1.png\",\"contentUrl\":\"https:\\\/\\\/lasentinelle.dz\\\/wp-content\\\/uploads\\\/2021\\\/09\\\/logo-sentinelleSLOGAN-1.png\",\"width\":615,\"height\":142,\"caption\":\"Quotidien La Sentinelle\"},\"image\":{\"@id\":\"https:\\\/\\\/lasentinelle.dz\\\/#\\\/schema\\\/logo\\\/image\\\/\"},\"sameAs\":[\"https:\\\/\\\/www.facebook.com\\\/La-Sentinelle-104059864394773\"]},{\"@type\":\"Person\",\"@id\":\"https:\\\/\\\/lasentinelle.dz\\\/#\\\/schema\\\/person\\\/729ee0024f24e0b8c5ec17232f8e8b41\",\"name\":\"admin\",\"image\":{\"@type\":\"ImageObject\",\"inLanguage\":\"fr-FR\",\"@id\":\"https:\\\/\\\/secure.gravatar.com\\\/avatar\\\/4c81fed838786e9b53f540bf46533e750f5d292099ae3b66cfc6fb1982e29df7?s=96&d=mm&r=g\",\"url\":\"https:\\\/\\\/secure.gravatar.com\\\/avatar\\\/4c81fed838786e9b53f540bf46533e750f5d292099ae3b66cfc6fb1982e29df7?s=96&d=mm&r=g\",\"contentUrl\":\"https:\\\/\\\/secure.gravatar.com\\\/avatar\\\/4c81fed838786e9b53f540bf46533e750f5d292099ae3b66cfc6fb1982e29df7?s=96&d=mm&r=g\",\"caption\":\"admin\"},\"description\":\"admin\",\"url\":\"https:\\\/\\\/lasentinelle.dz\\\/author\\\/admin\\\/\"}]}<\/script>\n<!-- \/ Yoast SEO plugin. -->","yoast_head_json":{"title":"Huiti\u00e8me \u00e9dition du prix \u00ab\u00a0Kaki d&rsquo;or\u00a0\u00bb : Les candidatures ouvertes - La Sentinelle","robots":{"index":"index","follow":"follow","max-snippet":"max-snippet:-1","max-image-preview":"max-image-preview:large","max-video-preview":"max-video-preview:-1"},"canonical":"https:\/\/lasentinelle.dz\/index.php\/2025\/03\/09\/huitieme-edition-du-prix-kaki-dor-les-candidatures-ouvertes\/","og_locale":"fr_FR","og_type":"article","og_title":"Huiti\u00e8me \u00e9dition du prix \u00ab\u00a0Kaki d&rsquo;or\u00a0\u00bb : Les candidatures ouvertes - La Sentinelle","og_description":"Les candidatures pour la nouvelle \u00e9dition du prestigieux prix \u00ab\u00a0Kaki d&rsquo;or\u00a0\u00bb, organis\u00e9 par l&rsquo;Association culturelle nationale \u00ab\u00a0Kaki d&rsquo;or\u00a0\u00bb de Mostaganem","og_url":"https:\/\/lasentinelle.dz\/index.php\/2025\/03\/09\/huitieme-edition-du-prix-kaki-dor-les-candidatures-ouvertes\/","og_site_name":"La Sentinelle","article_publisher":"https:\/\/www.facebook.com\/La-Sentinelle-104059864394773","article_published_time":"2025-03-09T11:57:47+00:00","og_image":[{"width":613,"height":501,"url":"https:\/\/lasentinelle.dz\/wp-content\/uploads\/2025\/03\/theatre.jpeg","type":"image\/jpeg"}],"author":"admin","twitter_card":"summary_large_image","twitter_misc":{"\u00c9crit par":"admin","Dur\u00e9e de lecture estim\u00e9e":"3 minutes"},"schema":{"@context":"https:\/\/schema.org","@graph":[{"@type":"Article","@id":"https:\/\/lasentinelle.dz\/index.php\/2025\/03\/09\/huitieme-edition-du-prix-kaki-dor-les-candidatures-ouvertes\/#article","isPartOf":{"@id":"https:\/\/lasentinelle.dz\/index.php\/2025\/03\/09\/huitieme-edition-du-prix-kaki-dor-les-candidatures-ouvertes\/"},"author":{"name":"admin","@id":"https:\/\/lasentinelle.dz\/#\/schema\/person\/729ee0024f24e0b8c5ec17232f8e8b41"},"headline":"Huiti\u00e8me \u00e9dition du prix \u00ab\u00a0Kaki d&rsquo;or\u00a0\u00bb : Les candidatures ouvertes","datePublished":"2025-03-09T11:57:47+00:00","mainEntityOfPage":{"@id":"https:\/\/lasentinelle.dz\/index.php\/2025\/03\/09\/huitieme-edition-du-prix-kaki-dor-les-candidatures-ouvertes\/"},"wordCount":522,"commentCount":0,"publisher":{"@id":"https:\/\/lasentinelle.dz\/#organization"},"image":{"@id":"https:\/\/lasentinelle.dz\/index.php\/2025\/03\/09\/huitieme-edition-du-prix-kaki-dor-les-candidatures-ouvertes\/#primaryimage"},"thumbnailUrl":"https:\/\/lasentinelle.dz\/wp-content\/uploads\/2025\/03\/theatre.jpeg","articleSection":["Culture"],"inLanguage":"fr-FR","potentialAction":[{"@type":"CommentAction","name":"Comment","target":["https:\/\/lasentinelle.dz\/index.php\/2025\/03\/09\/huitieme-edition-du-prix-kaki-dor-les-candidatures-ouvertes\/#respond"]}]},{"@type":"WebPage","@id":"https:\/\/lasentinelle.dz\/index.php\/2025\/03\/09\/huitieme-edition-du-prix-kaki-dor-les-candidatures-ouvertes\/","url":"https:\/\/lasentinelle.dz\/index.php\/2025\/03\/09\/huitieme-edition-du-prix-kaki-dor-les-candidatures-ouvertes\/","name":"Huiti\u00e8me \u00e9dition du prix \u00ab\u00a0Kaki d&rsquo;or\u00a0\u00bb : Les candidatures ouvertes - La Sentinelle","isPartOf":{"@id":"https:\/\/lasentinelle.dz\/#website"},"primaryImageOfPage":{"@id":"https:\/\/lasentinelle.dz\/index.php\/2025\/03\/09\/huitieme-edition-du-prix-kaki-dor-les-candidatures-ouvertes\/#primaryimage"},"image":{"@id":"https:\/\/lasentinelle.dz\/index.php\/2025\/03\/09\/huitieme-edition-du-prix-kaki-dor-les-candidatures-ouvertes\/#primaryimage"},"thumbnailUrl":"https:\/\/lasentinelle.dz\/wp-content\/uploads\/2025\/03\/theatre.jpeg","datePublished":"2025-03-09T11:57:47+00:00","breadcrumb":{"@id":"https:\/\/lasentinelle.dz\/index.php\/2025\/03\/09\/huitieme-edition-du-prix-kaki-dor-les-candidatures-ouvertes\/#breadcrumb"},"inLanguage":"fr-FR","potentialAction":[{"@type":"ReadAction","target":["https:\/\/lasentinelle.dz\/index.php\/2025\/03\/09\/huitieme-edition-du-prix-kaki-dor-les-candidatures-ouvertes\/"]}]},{"@type":"ImageObject","inLanguage":"fr-FR","@id":"https:\/\/lasentinelle.dz\/index.php\/2025\/03\/09\/huitieme-edition-du-prix-kaki-dor-les-candidatures-ouvertes\/#primaryimage","url":"https:\/\/lasentinelle.dz\/wp-content\/uploads\/2025\/03\/theatre.jpeg","contentUrl":"https:\/\/lasentinelle.dz\/wp-content\/uploads\/2025\/03\/theatre.jpeg","width":613,"height":501},{"@type":"BreadcrumbList","@id":"https:\/\/lasentinelle.dz\/index.php\/2025\/03\/09\/huitieme-edition-du-prix-kaki-dor-les-candidatures-ouvertes\/#breadcrumb","itemListElement":[{"@type":"ListItem","position":1,"name":"Accueil","item":"https:\/\/lasentinelle.dz\/"},{"@type":"ListItem","position":2,"name":"Huiti\u00e8me \u00e9dition du prix \u00ab\u00a0Kaki d&rsquo;or\u00a0\u00bb : Les candidatures ouvertes"}]},{"@type":"WebSite","@id":"https:\/\/lasentinelle.dz\/#website","url":"https:\/\/lasentinelle.dz\/","name":"La Sentinelle","description":"Quotidien national d&#039;information","publisher":{"@id":"https:\/\/lasentinelle.dz\/#organization"},"potentialAction":[{"@type":"SearchAction","target":{"@type":"EntryPoint","urlTemplate":"https:\/\/lasentinelle.dz\/?s={search_term_string}"},"query-input":{"@type":"PropertyValueSpecification","valueRequired":true,"valueName":"search_term_string"}}],"inLanguage":"fr-FR"},{"@type":"Organization","@id":"https:\/\/lasentinelle.dz\/#organization","name":"Quotidien La Sentinelle","url":"https:\/\/lasentinelle.dz\/","logo":{"@type":"ImageObject","inLanguage":"fr-FR","@id":"https:\/\/lasentinelle.dz\/#\/schema\/logo\/image\/","url":"https:\/\/lasentinelle.dz\/wp-content\/uploads\/2021\/09\/logo-sentinelleSLOGAN-1.png","contentUrl":"https:\/\/lasentinelle.dz\/wp-content\/uploads\/2021\/09\/logo-sentinelleSLOGAN-1.png","width":615,"height":142,"caption":"Quotidien La Sentinelle"},"image":{"@id":"https:\/\/lasentinelle.dz\/#\/schema\/logo\/image\/"},"sameAs":["https:\/\/www.facebook.com\/La-Sentinelle-104059864394773"]},{"@type":"Person","@id":"https:\/\/lasentinelle.dz\/#\/schema\/person\/729ee0024f24e0b8c5ec17232f8e8b41","name":"admin","image":{"@type":"ImageObject","inLanguage":"fr-FR","@id":"https:\/\/secure.gravatar.com\/avatar\/4c81fed838786e9b53f540bf46533e750f5d292099ae3b66cfc6fb1982e29df7?s=96&d=mm&r=g","url":"https:\/\/secure.gravatar.com\/avatar\/4c81fed838786e9b53f540bf46533e750f5d292099ae3b66cfc6fb1982e29df7?s=96&d=mm&r=g","contentUrl":"https:\/\/secure.gravatar.com\/avatar\/4c81fed838786e9b53f540bf46533e750f5d292099ae3b66cfc6fb1982e29df7?s=96&d=mm&r=g","caption":"admin"},"description":"admin","url":"https:\/\/lasentinelle.dz\/author\/admin\/"}]}},"_links":{"self":[{"href":"https:\/\/lasentinelle.dz\/index.php\/wp-json\/wp\/v2\/posts\/64025","targetHints":{"allow":["GET"]}}],"collection":[{"href":"https:\/\/lasentinelle.dz\/index.php\/wp-json\/wp\/v2\/posts"}],"about":[{"href":"https:\/\/lasentinelle.dz\/index.php\/wp-json\/wp\/v2\/types\/post"}],"author":[{"embeddable":true,"href":"https:\/\/lasentinelle.dz\/index.php\/wp-json\/wp\/v2\/users\/6"}],"replies":[{"embeddable":true,"href":"https:\/\/lasentinelle.dz\/index.php\/wp-json\/wp\/v2\/comments?post=64025"}],"version-history":[{"count":2,"href":"https:\/\/lasentinelle.dz\/index.php\/wp-json\/wp\/v2\/posts\/64025\/revisions"}],"predecessor-version":[{"id":64028,"href":"https:\/\/lasentinelle.dz\/index.php\/wp-json\/wp\/v2\/posts\/64025\/revisions\/64028"}],"wp:featuredmedia":[{"embeddable":true,"href":"https:\/\/lasentinelle.dz\/index.php\/wp-json\/wp\/v2\/media\/64026"}],"wp:attachment":[{"href":"https:\/\/lasentinelle.dz\/index.php\/wp-json\/wp\/v2\/media?parent=64025"}],"wp:term":[{"taxonomy":"category","embeddable":true,"href":"https:\/\/lasentinelle.dz\/index.php\/wp-json\/wp\/v2\/categories?post=64025"},{"taxonomy":"post_tag","embeddable":true,"href":"https:\/\/lasentinelle.dz\/index.php\/wp-json\/wp\/v2\/tags?post=64025"}],"curies":[{"name":"wp","href":"https:\/\/api.w.org\/{rel}","templated":true}]}}