{"id":64074,"date":"2025-03-09T13:17:11","date_gmt":"2025-03-09T12:17:11","guid":{"rendered":"https:\/\/lasentinelle.dz\/?p=64074"},"modified":"2025-03-09T13:17:11","modified_gmt":"2025-03-09T12:17:11","slug":"paris-investit-dans-lescalade","status":"publish","type":"post","link":"https:\/\/lasentinelle.dz\/index.php\/2025\/03\/09\/paris-investit-dans-lescalade\/","title":{"rendered":"Paris investit dans l&rsquo;escalade"},"content":{"rendered":"\n<p>Dans un contexte d\u00e9j\u00e0 tendu entre l&rsquo;Alg\u00e9rie et la France, Paris alimente l&rsquo;escalade et s&rsquo;illustre avec une nouvelle provocation avec l&rsquo;annonce de man\u0153uvres militaires franco-marocaines pr\u00e9vues en septembre prochain pr\u00e8s de la fronti\u00e8re alg\u00e9rienne. Cette d\u00e9marche s&rsquo;inscrit dans une s\u00e9rie d&rsquo;actions hostiles qui ne cessent de d\u00e9grader les relations bilat\u00e9rales entre les deux pays.<\/p>\n\n\n\n<p>L&rsquo;annonce par des m\u00e9dias marocains de la tenue de l&rsquo;exercice militaire baptis\u00e9 \u00ab\u00a0CHERGUI 2025\u00a0\u00bb \u00e0 Er-Rachidia, \u00e0 proximit\u00e9 imm\u00e9diate du territoire alg\u00e9rien, a suscit\u00e9 une vive r\u00e9action des autorit\u00e9s alg\u00e9riennes. Le nom m\u00eame de ces man\u0153uvres, faisant r\u00e9f\u00e9rence au vent chaud du d\u00e9sert soufflant d&rsquo;est en ouest, est une allusion \u00e0 peine voil\u00e9e \u00e0 l&rsquo;Alg\u00e9rie. Face \u00e0 cette annonce, le minist\u00e8re des Affaires \u00e9trang\u00e8res n&rsquo;a pas tard\u00e9 \u00e0 convoquer l&rsquo;ambassadeur de France en Alg\u00e9rie pour exprimer la position ferme du pays. Selon le communiqu\u00e9 officiel publi\u00e9 jeudi, \u00ab\u00a0le Secr\u00e9taire g\u00e9n\u00e9ral du minist\u00e8re des Affaires \u00e9trang\u00e8res, M. Loun\u00e8s Magramane a re\u00e7u jeudi, au si\u00e8ge du minist\u00e8re, l&rsquo;ambassadeur de France en Alg\u00e9rie, M. St\u00e9phane Romatet\u00a0\u00bb. Le texte pr\u00e9cise sans ambigu\u00eft\u00e9 l&rsquo;objet de cette convocation : \u00ab\u00a0Cette audience a eu pour objectif d&rsquo;appeler l&rsquo;attention du diplomate fran\u00e7ais sur la gravit\u00e9 du projet de man\u0153uvres militaires franco-marocaines, +CHERGUI 2025+ dont le nom est tr\u00e8s \u00e9vocateur, pr\u00e9vues en septembre prochain, \u00e0 Er-Rachidia, non loin de la fronti\u00e8re alg\u00e9rienne\u00a0\u00bb. Le message transmis par M. Magramane ne laisse planer aucun doute sur l&rsquo;interpr\u00e9tation faite par Alger de cette initiative : \u00ab\u00a0Le Secr\u00e9taire g\u00e9n\u00e9ral a pr\u00e9cis\u00e9 \u00e0 son interlocuteur que cet exercice est appr\u00e9hend\u00e9 par la partie alg\u00e9rienne comme un acte de provocation \u00e0 l&rsquo;\u00e9gard de l&rsquo;Alg\u00e9rie. Il a ajout\u00e9 qu&rsquo;un tel acte ne manquera pas d&rsquo;alimenter la crise qui caract\u00e9rise \u00e0 pr\u00e9sent les relations alg\u00e9ro-fran\u00e7aises et de porter le climat des tensions entre les deux pays \u00e0 un seuil sup\u00e9rieur de gravit\u00e9\u00a0\u00bb. Face \u00e0 cette situation, la diplomatie alg\u00e9rienne a exig\u00e9 des \u00e9claircissements : \u00ab\u00a0Tout en demandant \u00e0 l&rsquo;Ambassadeur de France d&rsquo;obtenir les clarifications n\u00e9cessaires \u00e0 ce sujet, le Secr\u00e9taire g\u00e9n\u00e9ral a invit\u00e9 ce dernier \u00e0 transmettre, \u00e0 sa hi\u00e9rarchie, la position de l&rsquo;Alg\u00e9rie telle qu&rsquo;elle lui a \u00e9t\u00e9 exprim\u00e9e\u00a0\u00bb.<\/p>\n\n\n\n<p><strong>Un contexte de tensions croissantes<\/strong><\/p>\n\n\n\n<p>Ces man\u0153uvres militaires, pr\u00e9vues selon certains sites d&rsquo;information marocains pour le 22 septembre 2025, s&rsquo;inscrivent officiellement \u00ab\u00a0dans le cadre de la lutte contre le terrorisme au Sahel\u00a0\u00bb. Un pr\u00e9texte qui peine \u00e0 convaincre les observateurs, tant le lieu choisi pour cet exercice militaire semble d\u00e9lib\u00e9r\u00e9ment provocateur. Des sources indiquent que plusieurs r\u00e9unions pr\u00e9paratoires ont d\u00e9j\u00e0 eu lieu entre les repr\u00e9sentants des forces arm\u00e9es fran\u00e7aise et marocaine. Le choix d&rsquo;Er-Rachidia, situ\u00e9e \u00e0 proximit\u00e9 imm\u00e9diate de la fronti\u00e8re alg\u00e9rienne, est loin d&rsquo;\u00eatre anodin et semble s&rsquo;inscrire dans une strat\u00e9gie plus large d&rsquo;encerclement et de pression. Cette nouvelle escalade intervient dans un contexte diplomatique d\u00e9j\u00e0 extr\u00eamement tendu entre Alger et Paris. La reconnaissance par le pr\u00e9sident fran\u00e7ais Emmanuel Macron de la pr\u00e9tendue \u00ab\u00a0souverainet\u00e9 marocaine sur le Sahara occidental\u00a0\u00bb avait d\u00e9j\u00e0 constitu\u00e9 un point de rupture majeur. Cette position, en contradiction flagrante avec le droit international qui consid\u00e8re ce territoire comme en attente de d\u00e9colonisation, a \u00e9t\u00e9 d\u00e9nonc\u00e9e par l&rsquo;Alg\u00e9rie. Les visites successives de responsables fran\u00e7ais dans les territoires occup\u00e9s du Sahara occidental n&rsquo;ont fait qu&rsquo;exacerber les tensions. La ministre fran\u00e7aise d&rsquo;origine marocaine Rachida Dati, puis le pr\u00e9sident du S\u00e9nat G\u00e9rard Larcher, ont ainsi manifest\u00e9 leur soutien aux th\u00e8ses expansionnistes du Makhzen, ignorant d\u00e9lib\u00e9r\u00e9ment les r\u00e9solutions de l&rsquo;ONU sur cette question.<\/p>\n\n\n\n<p><strong>Une longue liste de provocations fran\u00e7aises<\/strong><\/p>\n\n\n\n<p>Les relations alg\u00e9ro-fran\u00e7aises se sont \u00e9galement d\u00e9t\u00e9rior\u00e9es suite \u00e0 la campagne hostile et franchement anti-alg\u00e9rienne men\u00e9e par la droite et l&rsquo;extr\u00eame droite fran\u00e7aises qui ne cachent d&rsquo;ailleurs pas leur proximit\u00e9 pour ne pas dire leur collusion avec le r\u00e9gime autocratique &nbsp;marocains. L&rsquo;annonce par Paris de \u00ab\u00a0restrictions sur le s\u00e9jour et la circulation des responsables alg\u00e9riens en France\u00a0\u00bb et la menace de d\u00e9nonciation unilat\u00e9rale de l&rsquo;accord franco-alg\u00e9rien de 1968 sur l&rsquo;immigration ont port\u00e9 un nouveau coup aux relations bilat\u00e9rales.<\/p>\n\n\n\n<p>Face \u00e0 cette multiplication des actes hostiles, le minist\u00e8re des Affaires \u00e9trang\u00e8res, de la Communaut\u00e9 nationale \u00e0 l&rsquo;\u00e9tranger et aux Affaires africaines avait d\u00e9j\u00e0 d\u00e9nonc\u00e9 \u00ab\u00a0une longue liste des provocations, des intimidations et des menaces dirig\u00e9es contre l&rsquo;Alg\u00e9rie\u00a0\u00bb. La position d&rsquo;Alger reste ferme : \u00ab\u00a0Celles-ci sont de nul effet sur notre pays qui n&rsquo;y c\u00e9dera pas. Toute mesure attentatoire \u00e0 ses int\u00e9r\u00eats fera l&rsquo;objet de mesures r\u00e9ciproques, strictes et imm\u00e9diates\u00a0\u00bb. L&rsquo;annonce de ces exercices militaires conjoints franco-marocains soul\u00e8ve de nombreuses inqui\u00e9tudes quant \u00e0 la stabilit\u00e9 r\u00e9gionale. En choisissant de s&rsquo;associer au Maroc dans une d\u00e9monstration de force aux portes de l&rsquo;Alg\u00e9rie, la France alimente d\u00e9lib\u00e9r\u00e9ment les tensions dans une r\u00e9gion.<\/p>\n\n\n\n<p>L&#8217;emploi du terme \u00ab\u00a0CHERGUI\u00a0\u00bb pour d\u00e9signer ces man\u0153uvres est particuli\u00e8rement r\u00e9v\u00e9lateur des intentions sous-jacentes. Face \u00e0 cette nouvelle provocation, les observateurs s&rsquo;attendent \u00e0 une r\u00e9action ferme d&rsquo;Alger. La convocation de l&rsquo;ambassadeur fran\u00e7ais ne constitue probablement qu&rsquo;une premi\u00e8re \u00e9tape dans ce qui pourrait devenir une crise diplomatique majeure si Paris persiste dans sa strat\u00e9gie d&rsquo;escalade. Les autorit\u00e9s alg\u00e9riennes ont d\u00e9j\u00e0 pr\u00e9venu qu&rsquo;elles ne c\u00e9deraient \u00e0 aucune forme de pression et qu&rsquo;elles r\u00e9pondraient par des \u00ab\u00a0mesures r\u00e9ciproques, strictes et imm\u00e9diates\u00a0\u00bb \u00e0 toute action hostile. Dans ce contexte, la balle est d\u00e9sormais dans le camp fran\u00e7ais, qui devra choisir entre la poursuite de cette politique de tension et le retour \u00e0 une diplomatie respectueuse des int\u00e9r\u00eats mutuels.<\/p>\n\n\n\n<p>Salim Amokrane<\/p>\n","protected":false},"excerpt":{"rendered":"<p>Dans un contexte d\u00e9j\u00e0 tendu entre l&rsquo;Alg\u00e9rie et la France, Paris alimente l&rsquo;escalade et s&rsquo;illustre avec une nouvelle provocation avec<\/p>\n","protected":false},"author":6,"featured_media":64075,"comment_status":"open","ping_status":"closed","sticky":false,"template":"","format":"standard","meta":{"colormag_page_container_layout":"default_layout","colormag_page_sidebar_layout":"default_layout","om_disable_all_campaigns":false,"_monsterinsights_skip_tracking":false,"_monsterinsights_sitenote_active":false,"_monsterinsights_sitenote_note":"","_monsterinsights_sitenote_category":0,"footnotes":"","_wpscppro_dont_share_socialmedia":false,"_wpscppro_custom_social_share_image":0,"_facebook_share_type":"default","_twitter_share_type":"default","_linkedin_share_type":"default","_pinterest_share_type":"default","_linkedin_share_type_page":"","_instagram_share_type":"default","_medium_share_type":"default","_threads_share_type":"","_google_business_share_type":"","_selected_social_profile":[],"_wpsp_enable_custom_social_template":false,"_wpsp_social_scheduling":{"enabled":false,"datetime":null,"platforms":[],"status":"template_only","dateOption":"today","timeOption":"now","customDays":"","customHours":"","customDate":"","customTime":"","schedulingType":"absolute"},"_wpsp_active_default_template":true},"categories":[52,27],"tags":[],"class_list":["post-64074","post","type-post","status-publish","format-standard","has-post-thumbnail","hentry","category-a-la-une","category-actualite"],"aioseo_notices":[],"yoast_head":"<!-- This site is optimized with the Yoast SEO plugin v27.5 - https:\/\/yoast.com\/product\/yoast-seo-wordpress\/ -->\n<title>Paris investit dans l&rsquo;escalade - La Sentinelle<\/title>\n<meta name=\"robots\" content=\"index, follow, max-snippet:-1, max-image-preview:large, max-video-preview:-1\" \/>\n<link rel=\"canonical\" href=\"https:\/\/lasentinelle.dz\/index.php\/2025\/03\/09\/paris-investit-dans-lescalade\/\" \/>\n<meta property=\"og:locale\" content=\"fr_FR\" \/>\n<meta property=\"og:type\" content=\"article\" \/>\n<meta property=\"og:title\" content=\"Paris investit dans l&rsquo;escalade - La Sentinelle\" \/>\n<meta property=\"og:description\" content=\"Dans un contexte d\u00e9j\u00e0 tendu entre l&rsquo;Alg\u00e9rie et la France, Paris alimente l&rsquo;escalade et s&rsquo;illustre avec une nouvelle provocation avec\" \/>\n<meta property=\"og:url\" content=\"https:\/\/lasentinelle.dz\/index.php\/2025\/03\/09\/paris-investit-dans-lescalade\/\" \/>\n<meta property=\"og:site_name\" content=\"La Sentinelle\" \/>\n<meta property=\"article:publisher\" content=\"https:\/\/www.facebook.com\/La-Sentinelle-104059864394773\" \/>\n<meta property=\"article:published_time\" content=\"2025-03-09T12:17:11+00:00\" \/>\n<meta property=\"og:image\" content=\"https:\/\/lasentinelle.dz\/wp-content\/uploads\/2025\/03\/macron-M6.webp\" \/>\n\t<meta property=\"og:image:width\" content=\"514\" \/>\n\t<meta property=\"og:image:height\" content=\"342\" \/>\n\t<meta property=\"og:image:type\" content=\"image\/webp\" \/>\n<meta name=\"author\" content=\"admin\" \/>\n<meta name=\"twitter:card\" content=\"summary_large_image\" \/>\n<meta name=\"twitter:label1\" content=\"\u00c9crit par\" \/>\n\t<meta name=\"twitter:data1\" content=\"admin\" \/>\n\t<meta name=\"twitter:label2\" content=\"Dur\u00e9e de lecture estim\u00e9e\" \/>\n\t<meta name=\"twitter:data2\" content=\"5 minutes\" \/>\n<script type=\"application\/ld+json\" class=\"yoast-schema-graph\">{\"@context\":\"https:\\\/\\\/schema.org\",\"@graph\":[{\"@type\":\"Article\",\"@id\":\"https:\\\/\\\/lasentinelle.dz\\\/index.php\\\/2025\\\/03\\\/09\\\/paris-investit-dans-lescalade\\\/#article\",\"isPartOf\":{\"@id\":\"https:\\\/\\\/lasentinelle.dz\\\/index.php\\\/2025\\\/03\\\/09\\\/paris-investit-dans-lescalade\\\/\"},\"author\":{\"name\":\"admin\",\"@id\":\"https:\\\/\\\/lasentinelle.dz\\\/#\\\/schema\\\/person\\\/729ee0024f24e0b8c5ec17232f8e8b41\"},\"headline\":\"Paris investit dans l&rsquo;escalade\",\"datePublished\":\"2025-03-09T12:17:11+00:00\",\"mainEntityOfPage\":{\"@id\":\"https:\\\/\\\/lasentinelle.dz\\\/index.php\\\/2025\\\/03\\\/09\\\/paris-investit-dans-lescalade\\\/\"},\"wordCount\":1060,\"commentCount\":0,\"publisher\":{\"@id\":\"https:\\\/\\\/lasentinelle.dz\\\/#organization\"},\"image\":{\"@id\":\"https:\\\/\\\/lasentinelle.dz\\\/index.php\\\/2025\\\/03\\\/09\\\/paris-investit-dans-lescalade\\\/#primaryimage\"},\"thumbnailUrl\":\"https:\\\/\\\/lasentinelle.dz\\\/wp-content\\\/uploads\\\/2025\\\/03\\\/macron-M6.webp\",\"articleSection\":[\"\u00c0 la Une\",\"Actualit\u00e9\"],\"inLanguage\":\"fr-FR\",\"potentialAction\":[{\"@type\":\"CommentAction\",\"name\":\"Comment\",\"target\":[\"https:\\\/\\\/lasentinelle.dz\\\/index.php\\\/2025\\\/03\\\/09\\\/paris-investit-dans-lescalade\\\/#respond\"]}]},{\"@type\":\"WebPage\",\"@id\":\"https:\\\/\\\/lasentinelle.dz\\\/index.php\\\/2025\\\/03\\\/09\\\/paris-investit-dans-lescalade\\\/\",\"url\":\"https:\\\/\\\/lasentinelle.dz\\\/index.php\\\/2025\\\/03\\\/09\\\/paris-investit-dans-lescalade\\\/\",\"name\":\"Paris investit dans l&rsquo;escalade - La Sentinelle\",\"isPartOf\":{\"@id\":\"https:\\\/\\\/lasentinelle.dz\\\/#website\"},\"primaryImageOfPage\":{\"@id\":\"https:\\\/\\\/lasentinelle.dz\\\/index.php\\\/2025\\\/03\\\/09\\\/paris-investit-dans-lescalade\\\/#primaryimage\"},\"image\":{\"@id\":\"https:\\\/\\\/lasentinelle.dz\\\/index.php\\\/2025\\\/03\\\/09\\\/paris-investit-dans-lescalade\\\/#primaryimage\"},\"thumbnailUrl\":\"https:\\\/\\\/lasentinelle.dz\\\/wp-content\\\/uploads\\\/2025\\\/03\\\/macron-M6.webp\",\"datePublished\":\"2025-03-09T12:17:11+00:00\",\"breadcrumb\":{\"@id\":\"https:\\\/\\\/lasentinelle.dz\\\/index.php\\\/2025\\\/03\\\/09\\\/paris-investit-dans-lescalade\\\/#breadcrumb\"},\"inLanguage\":\"fr-FR\",\"potentialAction\":[{\"@type\":\"ReadAction\",\"target\":[\"https:\\\/\\\/lasentinelle.dz\\\/index.php\\\/2025\\\/03\\\/09\\\/paris-investit-dans-lescalade\\\/\"]}]},{\"@type\":\"ImageObject\",\"inLanguage\":\"fr-FR\",\"@id\":\"https:\\\/\\\/lasentinelle.dz\\\/index.php\\\/2025\\\/03\\\/09\\\/paris-investit-dans-lescalade\\\/#primaryimage\",\"url\":\"https:\\\/\\\/lasentinelle.dz\\\/wp-content\\\/uploads\\\/2025\\\/03\\\/macron-M6.webp\",\"contentUrl\":\"https:\\\/\\\/lasentinelle.dz\\\/wp-content\\\/uploads\\\/2025\\\/03\\\/macron-M6.webp\",\"width\":514,\"height\":342},{\"@type\":\"BreadcrumbList\",\"@id\":\"https:\\\/\\\/lasentinelle.dz\\\/index.php\\\/2025\\\/03\\\/09\\\/paris-investit-dans-lescalade\\\/#breadcrumb\",\"itemListElement\":[{\"@type\":\"ListItem\",\"position\":1,\"name\":\"Accueil\",\"item\":\"https:\\\/\\\/lasentinelle.dz\\\/\"},{\"@type\":\"ListItem\",\"position\":2,\"name\":\"Paris investit dans l&rsquo;escalade\"}]},{\"@type\":\"WebSite\",\"@id\":\"https:\\\/\\\/lasentinelle.dz\\\/#website\",\"url\":\"https:\\\/\\\/lasentinelle.dz\\\/\",\"name\":\"La Sentinelle\",\"description\":\"Quotidien national d&#039;information\",\"publisher\":{\"@id\":\"https:\\\/\\\/lasentinelle.dz\\\/#organization\"},\"potentialAction\":[{\"@type\":\"SearchAction\",\"target\":{\"@type\":\"EntryPoint\",\"urlTemplate\":\"https:\\\/\\\/lasentinelle.dz\\\/?s={search_term_string}\"},\"query-input\":{\"@type\":\"PropertyValueSpecification\",\"valueRequired\":true,\"valueName\":\"search_term_string\"}}],\"inLanguage\":\"fr-FR\"},{\"@type\":\"Organization\",\"@id\":\"https:\\\/\\\/lasentinelle.dz\\\/#organization\",\"name\":\"Quotidien La Sentinelle\",\"url\":\"https:\\\/\\\/lasentinelle.dz\\\/\",\"logo\":{\"@type\":\"ImageObject\",\"inLanguage\":\"fr-FR\",\"@id\":\"https:\\\/\\\/lasentinelle.dz\\\/#\\\/schema\\\/logo\\\/image\\\/\",\"url\":\"https:\\\/\\\/lasentinelle.dz\\\/wp-content\\\/uploads\\\/2021\\\/09\\\/logo-sentinelleSLOGAN-1.png\",\"contentUrl\":\"https:\\\/\\\/lasentinelle.dz\\\/wp-content\\\/uploads\\\/2021\\\/09\\\/logo-sentinelleSLOGAN-1.png\",\"width\":615,\"height\":142,\"caption\":\"Quotidien La Sentinelle\"},\"image\":{\"@id\":\"https:\\\/\\\/lasentinelle.dz\\\/#\\\/schema\\\/logo\\\/image\\\/\"},\"sameAs\":[\"https:\\\/\\\/www.facebook.com\\\/La-Sentinelle-104059864394773\"]},{\"@type\":\"Person\",\"@id\":\"https:\\\/\\\/lasentinelle.dz\\\/#\\\/schema\\\/person\\\/729ee0024f24e0b8c5ec17232f8e8b41\",\"name\":\"admin\",\"image\":{\"@type\":\"ImageObject\",\"inLanguage\":\"fr-FR\",\"@id\":\"https:\\\/\\\/secure.gravatar.com\\\/avatar\\\/4c81fed838786e9b53f540bf46533e750f5d292099ae3b66cfc6fb1982e29df7?s=96&d=mm&r=g\",\"url\":\"https:\\\/\\\/secure.gravatar.com\\\/avatar\\\/4c81fed838786e9b53f540bf46533e750f5d292099ae3b66cfc6fb1982e29df7?s=96&d=mm&r=g\",\"contentUrl\":\"https:\\\/\\\/secure.gravatar.com\\\/avatar\\\/4c81fed838786e9b53f540bf46533e750f5d292099ae3b66cfc6fb1982e29df7?s=96&d=mm&r=g\",\"caption\":\"admin\"},\"description\":\"admin\",\"url\":\"https:\\\/\\\/lasentinelle.dz\\\/author\\\/admin\\\/\"}]}<\/script>\n<!-- \/ Yoast SEO plugin. -->","yoast_head_json":{"title":"Paris investit dans l&rsquo;escalade - La Sentinelle","robots":{"index":"index","follow":"follow","max-snippet":"max-snippet:-1","max-image-preview":"max-image-preview:large","max-video-preview":"max-video-preview:-1"},"canonical":"https:\/\/lasentinelle.dz\/index.php\/2025\/03\/09\/paris-investit-dans-lescalade\/","og_locale":"fr_FR","og_type":"article","og_title":"Paris investit dans l&rsquo;escalade - La Sentinelle","og_description":"Dans un contexte d\u00e9j\u00e0 tendu entre l&rsquo;Alg\u00e9rie et la France, Paris alimente l&rsquo;escalade et s&rsquo;illustre avec une nouvelle provocation avec","og_url":"https:\/\/lasentinelle.dz\/index.php\/2025\/03\/09\/paris-investit-dans-lescalade\/","og_site_name":"La Sentinelle","article_publisher":"https:\/\/www.facebook.com\/La-Sentinelle-104059864394773","article_published_time":"2025-03-09T12:17:11+00:00","og_image":[{"width":514,"height":342,"url":"https:\/\/lasentinelle.dz\/wp-content\/uploads\/2025\/03\/macron-M6.webp","type":"image\/webp"}],"author":"admin","twitter_card":"summary_large_image","twitter_misc":{"\u00c9crit par":"admin","Dur\u00e9e de lecture estim\u00e9e":"5 minutes"},"schema":{"@context":"https:\/\/schema.org","@graph":[{"@type":"Article","@id":"https:\/\/lasentinelle.dz\/index.php\/2025\/03\/09\/paris-investit-dans-lescalade\/#article","isPartOf":{"@id":"https:\/\/lasentinelle.dz\/index.php\/2025\/03\/09\/paris-investit-dans-lescalade\/"},"author":{"name":"admin","@id":"https:\/\/lasentinelle.dz\/#\/schema\/person\/729ee0024f24e0b8c5ec17232f8e8b41"},"headline":"Paris investit dans l&rsquo;escalade","datePublished":"2025-03-09T12:17:11+00:00","mainEntityOfPage":{"@id":"https:\/\/lasentinelle.dz\/index.php\/2025\/03\/09\/paris-investit-dans-lescalade\/"},"wordCount":1060,"commentCount":0,"publisher":{"@id":"https:\/\/lasentinelle.dz\/#organization"},"image":{"@id":"https:\/\/lasentinelle.dz\/index.php\/2025\/03\/09\/paris-investit-dans-lescalade\/#primaryimage"},"thumbnailUrl":"https:\/\/lasentinelle.dz\/wp-content\/uploads\/2025\/03\/macron-M6.webp","articleSection":["\u00c0 la Une","Actualit\u00e9"],"inLanguage":"fr-FR","potentialAction":[{"@type":"CommentAction","name":"Comment","target":["https:\/\/lasentinelle.dz\/index.php\/2025\/03\/09\/paris-investit-dans-lescalade\/#respond"]}]},{"@type":"WebPage","@id":"https:\/\/lasentinelle.dz\/index.php\/2025\/03\/09\/paris-investit-dans-lescalade\/","url":"https:\/\/lasentinelle.dz\/index.php\/2025\/03\/09\/paris-investit-dans-lescalade\/","name":"Paris investit dans l&rsquo;escalade - La Sentinelle","isPartOf":{"@id":"https:\/\/lasentinelle.dz\/#website"},"primaryImageOfPage":{"@id":"https:\/\/lasentinelle.dz\/index.php\/2025\/03\/09\/paris-investit-dans-lescalade\/#primaryimage"},"image":{"@id":"https:\/\/lasentinelle.dz\/index.php\/2025\/03\/09\/paris-investit-dans-lescalade\/#primaryimage"},"thumbnailUrl":"https:\/\/lasentinelle.dz\/wp-content\/uploads\/2025\/03\/macron-M6.webp","datePublished":"2025-03-09T12:17:11+00:00","breadcrumb":{"@id":"https:\/\/lasentinelle.dz\/index.php\/2025\/03\/09\/paris-investit-dans-lescalade\/#breadcrumb"},"inLanguage":"fr-FR","potentialAction":[{"@type":"ReadAction","target":["https:\/\/lasentinelle.dz\/index.php\/2025\/03\/09\/paris-investit-dans-lescalade\/"]}]},{"@type":"ImageObject","inLanguage":"fr-FR","@id":"https:\/\/lasentinelle.dz\/index.php\/2025\/03\/09\/paris-investit-dans-lescalade\/#primaryimage","url":"https:\/\/lasentinelle.dz\/wp-content\/uploads\/2025\/03\/macron-M6.webp","contentUrl":"https:\/\/lasentinelle.dz\/wp-content\/uploads\/2025\/03\/macron-M6.webp","width":514,"height":342},{"@type":"BreadcrumbList","@id":"https:\/\/lasentinelle.dz\/index.php\/2025\/03\/09\/paris-investit-dans-lescalade\/#breadcrumb","itemListElement":[{"@type":"ListItem","position":1,"name":"Accueil","item":"https:\/\/lasentinelle.dz\/"},{"@type":"ListItem","position":2,"name":"Paris investit dans l&rsquo;escalade"}]},{"@type":"WebSite","@id":"https:\/\/lasentinelle.dz\/#website","url":"https:\/\/lasentinelle.dz\/","name":"La Sentinelle","description":"Quotidien national d&#039;information","publisher":{"@id":"https:\/\/lasentinelle.dz\/#organization"},"potentialAction":[{"@type":"SearchAction","target":{"@type":"EntryPoint","urlTemplate":"https:\/\/lasentinelle.dz\/?s={search_term_string}"},"query-input":{"@type":"PropertyValueSpecification","valueRequired":true,"valueName":"search_term_string"}}],"inLanguage":"fr-FR"},{"@type":"Organization","@id":"https:\/\/lasentinelle.dz\/#organization","name":"Quotidien La Sentinelle","url":"https:\/\/lasentinelle.dz\/","logo":{"@type":"ImageObject","inLanguage":"fr-FR","@id":"https:\/\/lasentinelle.dz\/#\/schema\/logo\/image\/","url":"https:\/\/lasentinelle.dz\/wp-content\/uploads\/2021\/09\/logo-sentinelleSLOGAN-1.png","contentUrl":"https:\/\/lasentinelle.dz\/wp-content\/uploads\/2021\/09\/logo-sentinelleSLOGAN-1.png","width":615,"height":142,"caption":"Quotidien La Sentinelle"},"image":{"@id":"https:\/\/lasentinelle.dz\/#\/schema\/logo\/image\/"},"sameAs":["https:\/\/www.facebook.com\/La-Sentinelle-104059864394773"]},{"@type":"Person","@id":"https:\/\/lasentinelle.dz\/#\/schema\/person\/729ee0024f24e0b8c5ec17232f8e8b41","name":"admin","image":{"@type":"ImageObject","inLanguage":"fr-FR","@id":"https:\/\/secure.gravatar.com\/avatar\/4c81fed838786e9b53f540bf46533e750f5d292099ae3b66cfc6fb1982e29df7?s=96&d=mm&r=g","url":"https:\/\/secure.gravatar.com\/avatar\/4c81fed838786e9b53f540bf46533e750f5d292099ae3b66cfc6fb1982e29df7?s=96&d=mm&r=g","contentUrl":"https:\/\/secure.gravatar.com\/avatar\/4c81fed838786e9b53f540bf46533e750f5d292099ae3b66cfc6fb1982e29df7?s=96&d=mm&r=g","caption":"admin"},"description":"admin","url":"https:\/\/lasentinelle.dz\/author\/admin\/"}]}},"_links":{"self":[{"href":"https:\/\/lasentinelle.dz\/index.php\/wp-json\/wp\/v2\/posts\/64074","targetHints":{"allow":["GET"]}}],"collection":[{"href":"https:\/\/lasentinelle.dz\/index.php\/wp-json\/wp\/v2\/posts"}],"about":[{"href":"https:\/\/lasentinelle.dz\/index.php\/wp-json\/wp\/v2\/types\/post"}],"author":[{"embeddable":true,"href":"https:\/\/lasentinelle.dz\/index.php\/wp-json\/wp\/v2\/users\/6"}],"replies":[{"embeddable":true,"href":"https:\/\/lasentinelle.dz\/index.php\/wp-json\/wp\/v2\/comments?post=64074"}],"version-history":[{"count":2,"href":"https:\/\/lasentinelle.dz\/index.php\/wp-json\/wp\/v2\/posts\/64074\/revisions"}],"predecessor-version":[{"id":64077,"href":"https:\/\/lasentinelle.dz\/index.php\/wp-json\/wp\/v2\/posts\/64074\/revisions\/64077"}],"wp:featuredmedia":[{"embeddable":true,"href":"https:\/\/lasentinelle.dz\/index.php\/wp-json\/wp\/v2\/media\/64075"}],"wp:attachment":[{"href":"https:\/\/lasentinelle.dz\/index.php\/wp-json\/wp\/v2\/media?parent=64074"}],"wp:term":[{"taxonomy":"category","embeddable":true,"href":"https:\/\/lasentinelle.dz\/index.php\/wp-json\/wp\/v2\/categories?post=64074"},{"taxonomy":"post_tag","embeddable":true,"href":"https:\/\/lasentinelle.dz\/index.php\/wp-json\/wp\/v2\/tags?post=64074"}],"curies":[{"name":"wp","href":"https:\/\/api.w.org\/{rel}","templated":true}]}}