{"id":64081,"date":"2025-03-10T12:47:54","date_gmt":"2025-03-10T11:47:54","guid":{"rendered":"https:\/\/lasentinelle.dz\/?p=64081"},"modified":"2025-03-10T12:47:54","modified_gmt":"2025-03-10T11:47:54","slug":"festival-des-aissaoua-a-mila-une-celebration-du-patrimoine-musical-soufi","status":"publish","type":"post","link":"https:\/\/lasentinelle.dz\/index.php\/2025\/03\/10\/festival-des-aissaoua-a-mila-une-celebration-du-patrimoine-musical-soufi\/","title":{"rendered":"Festival des A\u00efssaoua \u00e0 Mila : Une c\u00e9l\u00e9bration du patrimoine musical soufi"},"content":{"rendered":"\n<p>La 14e \u00e9dition du Festival culturel national des A\u00efssaoua s&rsquo;est ouverte samedi soir \u00e0 la maison de la culture Moubarak El Mili de Mila. Cet \u00e9v\u00e9nement, devenu un rendez-vous incontournable, rassemble cette ann\u00e9e des troupes et associations sp\u00e9cialis\u00e9es venues de douze wilayas du pays, t\u00e9moignant de la richesse et de la diversit\u00e9 de cette tradition musicale et spirituelle profond\u00e9ment ancr\u00e9e dans le patrimoine national. Plac\u00e9e sous le th\u00e8me \u00e9vocateur \u00ab\u00a0L&rsquo;art des A\u00efssaoua entre la n\u00e9cessit\u00e9 de la transcription et l&rsquo;imp\u00e9ratif de la localisation\u00a0\u00bb, cette \u00e9dition souligne les enjeux contemporains auxquels fait face ce patrimoine immat\u00e9riel : sa pr\u00e9servation par l&rsquo;\u00e9crit et son enracinement territorial. \u00ab\u00a0Les 14 troupes et les associations s\u00e9lectionn\u00e9es pour c\u00e9l\u00e9brer cette 14\u00e8me \u00e9dition mettront en valeur les caract\u00e9ristiques de l&rsquo;art des A\u00efssaoua dans les diff\u00e9rentes r\u00e9gions du pays\u00a0\u00bb, a indiqu\u00e9 Boukhmis Boubliaa, commissaire du Festival, dans son allocution d&rsquo;ouverture. Il a tenu \u00e0 rappeler que les sp\u00e9cificit\u00e9s de cette tradition ne se limitent pas aux performances sc\u00e9niques mais s&rsquo;expriment \u00e9galement \u00e0 travers \u00ab\u00a0les textes d\u00e9clam\u00e9s dans les chants que dans les instruments de musique utilis\u00e9s\u00a0\u00bb. Innovation notable cette ann\u00e9e, deux nouvelles distinctions viendront r\u00e9compenser les participants : les prix du \u00ab\u00a0Meilleur spectacle\u00a0\u00bb et du \u00ab\u00a0Meilleur texte\u00a0\u00bb, a pr\u00e9cis\u00e9 M. Boubliaa, marquant ainsi une volont\u00e9 de valoriser tant l&rsquo;aspect performatif que litt\u00e9raire de cet art traditionnel. La soir\u00e9e inaugurale, pr\u00e9sid\u00e9e par les autorit\u00e9s locales en pr\u00e9sence d&rsquo;un public nombreux et de dignitaires religieux repr\u00e9sentant diverses zaou\u00efas, a \u00e9t\u00e9 illumin\u00e9e par les prestations de l&rsquo;association \u00ab\u00a0A\u00efssaouia Rachidia\u00a0\u00bb et de la troupe \u00ab\u00a0Benoutat Kassentina\u00a0\u00bb, toutes deux originaires de Constantine. Leurs chants religieux ont imm\u00e9diatement cr\u00e9\u00e9 une atmosph\u00e8re de communion spirituelle caract\u00e9ristique des c\u00e9r\u00e9monies A\u00efssaoua, alliance subtile entre mysticisme soufi et expressions artistiques populaires. Mustapha Koreich, wali de Mila, a soulign\u00e9 dans son discours l&rsquo;importance culturelle de cette manifestation annuelle, qu&rsquo;il a d\u00e9crite comme \u00e9tant \u00ab\u00a0d\u00e9di\u00e9e \u00e0 un patrimoine artistique alg\u00e9rien ancien toujours \u00e0 la hauteur du go\u00fbt et des attentes du public qui s&rsquo;y int\u00e9resse\u00a0\u00bb. Cette affirmation s&rsquo;est vue imm\u00e9diatement confirm\u00e9e par l&rsquo;enthousiasme manifeste des spectateurs pr\u00e9sents. Parmi eux, Salim Mechri a t\u00e9moign\u00e9 de cette ferveur, observant que le public a \u00ab\u00a0remarquablement interagi avec les artistes, d\u00e9montrant son int\u00e9r\u00eat pour cet art qui fait partie du patrimoine local de Mila et de plusieurs wilayas du pays\u00a0\u00bb. Ce festival, qui se poursuivra jusqu&rsquo;au 11 mars, propose un programme riche et diversifi\u00e9. Au-del\u00e0 des soir\u00e9es artistiques qui se d\u00e9ploieront non seulement dans la ville de Mila mais \u00e9galement dans plusieurs communes de la wilaya, des conf\u00e9rences th\u00e9matiques aborderont les questions de \u00ab\u00a0Codification et localisation du patrimoine des A\u00efssaoua\u00a0\u00bb. Des expositions d\u00e9di\u00e9es compl\u00e8teront cette programmation, offrant aux visiteurs l&rsquo;opportunit\u00e9 de d\u00e9couvrir la richesse mat\u00e9rielle associ\u00e9e \u00e0 cette tradition spirituelle et musicale s\u00e9culaire. Ainsi, ce festival s&rsquo;affirme non seulement comme un moment de c\u00e9l\u00e9bration artistique mais \u00e9galement comme un espace de r\u00e9flexion sur les moyens de pr\u00e9server et de transmettre ce patrimoine immat\u00e9riel, \u00e0 la crois\u00e9e des chemins entre tradition orale et n\u00e9cessit\u00e9 de documentation \u00e9crite, entre expressions locales et reconnaissance nationale.<\/p>\n\n\n\n<p>M.S.<\/p>\n","protected":false},"excerpt":{"rendered":"<p>La 14e \u00e9dition du Festival culturel national des A\u00efssaoua s&rsquo;est ouverte samedi soir \u00e0 la maison de la culture Moubarak<\/p>\n","protected":false},"author":6,"featured_media":63959,"comment_status":"open","ping_status":"closed","sticky":false,"template":"","format":"standard","meta":{"colormag_page_container_layout":"default_layout","colormag_page_sidebar_layout":"default_layout","om_disable_all_campaigns":false,"_monsterinsights_skip_tracking":false,"_monsterinsights_sitenote_active":false,"_monsterinsights_sitenote_note":"","_monsterinsights_sitenote_category":0,"footnotes":"","_wpscppro_dont_share_socialmedia":false,"_wpscppro_custom_social_share_image":0,"_facebook_share_type":"default","_twitter_share_type":"default","_linkedin_share_type":"default","_pinterest_share_type":"default","_linkedin_share_type_page":"","_instagram_share_type":"default","_medium_share_type":"default","_threads_share_type":"","_google_business_share_type":"","_selected_social_profile":[],"_wpsp_enable_custom_social_template":false,"_wpsp_social_scheduling":{"enabled":false,"datetime":null,"platforms":[],"status":"template_only","dateOption":"today","timeOption":"now","customDays":"","customHours":"","customDate":"","customTime":"","schedulingType":"absolute"},"_wpsp_active_default_template":true},"categories":[36],"tags":[],"class_list":["post-64081","post","type-post","status-publish","format-standard","has-post-thumbnail","hentry","category-culture"],"aioseo_notices":[],"yoast_head":"<!-- This site is optimized with the Yoast SEO plugin v27.5 - https:\/\/yoast.com\/product\/yoast-seo-wordpress\/ -->\n<title>Festival des A\u00efssaoua \u00e0 Mila : Une c\u00e9l\u00e9bration du patrimoine musical soufi - La Sentinelle<\/title>\n<meta name=\"robots\" content=\"index, follow, max-snippet:-1, max-image-preview:large, max-video-preview:-1\" \/>\n<link rel=\"canonical\" href=\"https:\/\/lasentinelle.dz\/index.php\/2025\/03\/10\/festival-des-aissaoua-a-mila-une-celebration-du-patrimoine-musical-soufi\/\" \/>\n<meta property=\"og:locale\" content=\"fr_FR\" \/>\n<meta property=\"og:type\" content=\"article\" \/>\n<meta property=\"og:title\" content=\"Festival des A\u00efssaoua \u00e0 Mila : Une c\u00e9l\u00e9bration du patrimoine musical soufi - La Sentinelle\" \/>\n<meta property=\"og:description\" content=\"La 14e \u00e9dition du Festival culturel national des A\u00efssaoua s&rsquo;est ouverte samedi soir \u00e0 la maison de la culture Moubarak\" \/>\n<meta property=\"og:url\" content=\"https:\/\/lasentinelle.dz\/index.php\/2025\/03\/10\/festival-des-aissaoua-a-mila-une-celebration-du-patrimoine-musical-soufi\/\" \/>\n<meta property=\"og:site_name\" content=\"La Sentinelle\" \/>\n<meta property=\"article:publisher\" content=\"https:\/\/www.facebook.com\/La-Sentinelle-104059864394773\" \/>\n<meta property=\"article:published_time\" content=\"2025-03-10T11:47:54+00:00\" \/>\n<meta property=\"og:image\" content=\"https:\/\/lasentinelle.dz\/wp-content\/uploads\/2025\/03\/aissaoua.jpg\" \/>\n\t<meta property=\"og:image:width\" content=\"745\" \/>\n\t<meta property=\"og:image:height\" content=\"470\" \/>\n\t<meta property=\"og:image:type\" content=\"image\/jpeg\" \/>\n<meta name=\"author\" content=\"admin\" \/>\n<meta name=\"twitter:card\" content=\"summary_large_image\" \/>\n<meta name=\"twitter:label1\" content=\"\u00c9crit par\" \/>\n\t<meta name=\"twitter:data1\" content=\"admin\" \/>\n\t<meta name=\"twitter:label2\" content=\"Dur\u00e9e de lecture estim\u00e9e\" \/>\n\t<meta name=\"twitter:data2\" content=\"3 minutes\" \/>\n<script type=\"application\/ld+json\" class=\"yoast-schema-graph\">{\"@context\":\"https:\\\/\\\/schema.org\",\"@graph\":[{\"@type\":\"Article\",\"@id\":\"https:\\\/\\\/lasentinelle.dz\\\/index.php\\\/2025\\\/03\\\/10\\\/festival-des-aissaoua-a-mila-une-celebration-du-patrimoine-musical-soufi\\\/#article\",\"isPartOf\":{\"@id\":\"https:\\\/\\\/lasentinelle.dz\\\/index.php\\\/2025\\\/03\\\/10\\\/festival-des-aissaoua-a-mila-une-celebration-du-patrimoine-musical-soufi\\\/\"},\"author\":{\"name\":\"admin\",\"@id\":\"https:\\\/\\\/lasentinelle.dz\\\/#\\\/schema\\\/person\\\/729ee0024f24e0b8c5ec17232f8e8b41\"},\"headline\":\"Festival des A\u00efssaoua \u00e0 Mila : Une c\u00e9l\u00e9bration du patrimoine musical soufi\",\"datePublished\":\"2025-03-10T11:47:54+00:00\",\"mainEntityOfPage\":{\"@id\":\"https:\\\/\\\/lasentinelle.dz\\\/index.php\\\/2025\\\/03\\\/10\\\/festival-des-aissaoua-a-mila-une-celebration-du-patrimoine-musical-soufi\\\/\"},\"wordCount\":600,\"commentCount\":0,\"publisher\":{\"@id\":\"https:\\\/\\\/lasentinelle.dz\\\/#organization\"},\"image\":{\"@id\":\"https:\\\/\\\/lasentinelle.dz\\\/index.php\\\/2025\\\/03\\\/10\\\/festival-des-aissaoua-a-mila-une-celebration-du-patrimoine-musical-soufi\\\/#primaryimage\"},\"thumbnailUrl\":\"https:\\\/\\\/lasentinelle.dz\\\/wp-content\\\/uploads\\\/2025\\\/03\\\/aissaoua.jpg\",\"articleSection\":[\"Culture\"],\"inLanguage\":\"fr-FR\",\"potentialAction\":[{\"@type\":\"CommentAction\",\"name\":\"Comment\",\"target\":[\"https:\\\/\\\/lasentinelle.dz\\\/index.php\\\/2025\\\/03\\\/10\\\/festival-des-aissaoua-a-mila-une-celebration-du-patrimoine-musical-soufi\\\/#respond\"]}]},{\"@type\":\"WebPage\",\"@id\":\"https:\\\/\\\/lasentinelle.dz\\\/index.php\\\/2025\\\/03\\\/10\\\/festival-des-aissaoua-a-mila-une-celebration-du-patrimoine-musical-soufi\\\/\",\"url\":\"https:\\\/\\\/lasentinelle.dz\\\/index.php\\\/2025\\\/03\\\/10\\\/festival-des-aissaoua-a-mila-une-celebration-du-patrimoine-musical-soufi\\\/\",\"name\":\"Festival des A\u00efssaoua \u00e0 Mila : Une c\u00e9l\u00e9bration du patrimoine musical soufi - La Sentinelle\",\"isPartOf\":{\"@id\":\"https:\\\/\\\/lasentinelle.dz\\\/#website\"},\"primaryImageOfPage\":{\"@id\":\"https:\\\/\\\/lasentinelle.dz\\\/index.php\\\/2025\\\/03\\\/10\\\/festival-des-aissaoua-a-mila-une-celebration-du-patrimoine-musical-soufi\\\/#primaryimage\"},\"image\":{\"@id\":\"https:\\\/\\\/lasentinelle.dz\\\/index.php\\\/2025\\\/03\\\/10\\\/festival-des-aissaoua-a-mila-une-celebration-du-patrimoine-musical-soufi\\\/#primaryimage\"},\"thumbnailUrl\":\"https:\\\/\\\/lasentinelle.dz\\\/wp-content\\\/uploads\\\/2025\\\/03\\\/aissaoua.jpg\",\"datePublished\":\"2025-03-10T11:47:54+00:00\",\"breadcrumb\":{\"@id\":\"https:\\\/\\\/lasentinelle.dz\\\/index.php\\\/2025\\\/03\\\/10\\\/festival-des-aissaoua-a-mila-une-celebration-du-patrimoine-musical-soufi\\\/#breadcrumb\"},\"inLanguage\":\"fr-FR\",\"potentialAction\":[{\"@type\":\"ReadAction\",\"target\":[\"https:\\\/\\\/lasentinelle.dz\\\/index.php\\\/2025\\\/03\\\/10\\\/festival-des-aissaoua-a-mila-une-celebration-du-patrimoine-musical-soufi\\\/\"]}]},{\"@type\":\"ImageObject\",\"inLanguage\":\"fr-FR\",\"@id\":\"https:\\\/\\\/lasentinelle.dz\\\/index.php\\\/2025\\\/03\\\/10\\\/festival-des-aissaoua-a-mila-une-celebration-du-patrimoine-musical-soufi\\\/#primaryimage\",\"url\":\"https:\\\/\\\/lasentinelle.dz\\\/wp-content\\\/uploads\\\/2025\\\/03\\\/aissaoua.jpg\",\"contentUrl\":\"https:\\\/\\\/lasentinelle.dz\\\/wp-content\\\/uploads\\\/2025\\\/03\\\/aissaoua.jpg\",\"width\":745,\"height\":470},{\"@type\":\"BreadcrumbList\",\"@id\":\"https:\\\/\\\/lasentinelle.dz\\\/index.php\\\/2025\\\/03\\\/10\\\/festival-des-aissaoua-a-mila-une-celebration-du-patrimoine-musical-soufi\\\/#breadcrumb\",\"itemListElement\":[{\"@type\":\"ListItem\",\"position\":1,\"name\":\"Accueil\",\"item\":\"https:\\\/\\\/lasentinelle.dz\\\/\"},{\"@type\":\"ListItem\",\"position\":2,\"name\":\"Festival des A\u00efssaoua \u00e0 Mila : Une c\u00e9l\u00e9bration du patrimoine musical soufi\"}]},{\"@type\":\"WebSite\",\"@id\":\"https:\\\/\\\/lasentinelle.dz\\\/#website\",\"url\":\"https:\\\/\\\/lasentinelle.dz\\\/\",\"name\":\"La Sentinelle\",\"description\":\"Quotidien national d&#039;information\",\"publisher\":{\"@id\":\"https:\\\/\\\/lasentinelle.dz\\\/#organization\"},\"potentialAction\":[{\"@type\":\"SearchAction\",\"target\":{\"@type\":\"EntryPoint\",\"urlTemplate\":\"https:\\\/\\\/lasentinelle.dz\\\/?s={search_term_string}\"},\"query-input\":{\"@type\":\"PropertyValueSpecification\",\"valueRequired\":true,\"valueName\":\"search_term_string\"}}],\"inLanguage\":\"fr-FR\"},{\"@type\":\"Organization\",\"@id\":\"https:\\\/\\\/lasentinelle.dz\\\/#organization\",\"name\":\"Quotidien La Sentinelle\",\"url\":\"https:\\\/\\\/lasentinelle.dz\\\/\",\"logo\":{\"@type\":\"ImageObject\",\"inLanguage\":\"fr-FR\",\"@id\":\"https:\\\/\\\/lasentinelle.dz\\\/#\\\/schema\\\/logo\\\/image\\\/\",\"url\":\"https:\\\/\\\/lasentinelle.dz\\\/wp-content\\\/uploads\\\/2021\\\/09\\\/logo-sentinelleSLOGAN-1.png\",\"contentUrl\":\"https:\\\/\\\/lasentinelle.dz\\\/wp-content\\\/uploads\\\/2021\\\/09\\\/logo-sentinelleSLOGAN-1.png\",\"width\":615,\"height\":142,\"caption\":\"Quotidien La Sentinelle\"},\"image\":{\"@id\":\"https:\\\/\\\/lasentinelle.dz\\\/#\\\/schema\\\/logo\\\/image\\\/\"},\"sameAs\":[\"https:\\\/\\\/www.facebook.com\\\/La-Sentinelle-104059864394773\"]},{\"@type\":\"Person\",\"@id\":\"https:\\\/\\\/lasentinelle.dz\\\/#\\\/schema\\\/person\\\/729ee0024f24e0b8c5ec17232f8e8b41\",\"name\":\"admin\",\"image\":{\"@type\":\"ImageObject\",\"inLanguage\":\"fr-FR\",\"@id\":\"https:\\\/\\\/secure.gravatar.com\\\/avatar\\\/4c81fed838786e9b53f540bf46533e750f5d292099ae3b66cfc6fb1982e29df7?s=96&d=mm&r=g\",\"url\":\"https:\\\/\\\/secure.gravatar.com\\\/avatar\\\/4c81fed838786e9b53f540bf46533e750f5d292099ae3b66cfc6fb1982e29df7?s=96&d=mm&r=g\",\"contentUrl\":\"https:\\\/\\\/secure.gravatar.com\\\/avatar\\\/4c81fed838786e9b53f540bf46533e750f5d292099ae3b66cfc6fb1982e29df7?s=96&d=mm&r=g\",\"caption\":\"admin\"},\"description\":\"admin\",\"url\":\"https:\\\/\\\/lasentinelle.dz\\\/author\\\/admin\\\/\"}]}<\/script>\n<!-- \/ Yoast SEO plugin. -->","yoast_head_json":{"title":"Festival des A\u00efssaoua \u00e0 Mila : Une c\u00e9l\u00e9bration du patrimoine musical soufi - La Sentinelle","robots":{"index":"index","follow":"follow","max-snippet":"max-snippet:-1","max-image-preview":"max-image-preview:large","max-video-preview":"max-video-preview:-1"},"canonical":"https:\/\/lasentinelle.dz\/index.php\/2025\/03\/10\/festival-des-aissaoua-a-mila-une-celebration-du-patrimoine-musical-soufi\/","og_locale":"fr_FR","og_type":"article","og_title":"Festival des A\u00efssaoua \u00e0 Mila : Une c\u00e9l\u00e9bration du patrimoine musical soufi - La Sentinelle","og_description":"La 14e \u00e9dition du Festival culturel national des A\u00efssaoua s&rsquo;est ouverte samedi soir \u00e0 la maison de la culture Moubarak","og_url":"https:\/\/lasentinelle.dz\/index.php\/2025\/03\/10\/festival-des-aissaoua-a-mila-une-celebration-du-patrimoine-musical-soufi\/","og_site_name":"La Sentinelle","article_publisher":"https:\/\/www.facebook.com\/La-Sentinelle-104059864394773","article_published_time":"2025-03-10T11:47:54+00:00","og_image":[{"width":745,"height":470,"url":"https:\/\/lasentinelle.dz\/wp-content\/uploads\/2025\/03\/aissaoua.jpg","type":"image\/jpeg"}],"author":"admin","twitter_card":"summary_large_image","twitter_misc":{"\u00c9crit par":"admin","Dur\u00e9e de lecture estim\u00e9e":"3 minutes"},"schema":{"@context":"https:\/\/schema.org","@graph":[{"@type":"Article","@id":"https:\/\/lasentinelle.dz\/index.php\/2025\/03\/10\/festival-des-aissaoua-a-mila-une-celebration-du-patrimoine-musical-soufi\/#article","isPartOf":{"@id":"https:\/\/lasentinelle.dz\/index.php\/2025\/03\/10\/festival-des-aissaoua-a-mila-une-celebration-du-patrimoine-musical-soufi\/"},"author":{"name":"admin","@id":"https:\/\/lasentinelle.dz\/#\/schema\/person\/729ee0024f24e0b8c5ec17232f8e8b41"},"headline":"Festival des A\u00efssaoua \u00e0 Mila : Une c\u00e9l\u00e9bration du patrimoine musical soufi","datePublished":"2025-03-10T11:47:54+00:00","mainEntityOfPage":{"@id":"https:\/\/lasentinelle.dz\/index.php\/2025\/03\/10\/festival-des-aissaoua-a-mila-une-celebration-du-patrimoine-musical-soufi\/"},"wordCount":600,"commentCount":0,"publisher":{"@id":"https:\/\/lasentinelle.dz\/#organization"},"image":{"@id":"https:\/\/lasentinelle.dz\/index.php\/2025\/03\/10\/festival-des-aissaoua-a-mila-une-celebration-du-patrimoine-musical-soufi\/#primaryimage"},"thumbnailUrl":"https:\/\/lasentinelle.dz\/wp-content\/uploads\/2025\/03\/aissaoua.jpg","articleSection":["Culture"],"inLanguage":"fr-FR","potentialAction":[{"@type":"CommentAction","name":"Comment","target":["https:\/\/lasentinelle.dz\/index.php\/2025\/03\/10\/festival-des-aissaoua-a-mila-une-celebration-du-patrimoine-musical-soufi\/#respond"]}]},{"@type":"WebPage","@id":"https:\/\/lasentinelle.dz\/index.php\/2025\/03\/10\/festival-des-aissaoua-a-mila-une-celebration-du-patrimoine-musical-soufi\/","url":"https:\/\/lasentinelle.dz\/index.php\/2025\/03\/10\/festival-des-aissaoua-a-mila-une-celebration-du-patrimoine-musical-soufi\/","name":"Festival des A\u00efssaoua \u00e0 Mila : Une c\u00e9l\u00e9bration du patrimoine musical soufi - La Sentinelle","isPartOf":{"@id":"https:\/\/lasentinelle.dz\/#website"},"primaryImageOfPage":{"@id":"https:\/\/lasentinelle.dz\/index.php\/2025\/03\/10\/festival-des-aissaoua-a-mila-une-celebration-du-patrimoine-musical-soufi\/#primaryimage"},"image":{"@id":"https:\/\/lasentinelle.dz\/index.php\/2025\/03\/10\/festival-des-aissaoua-a-mila-une-celebration-du-patrimoine-musical-soufi\/#primaryimage"},"thumbnailUrl":"https:\/\/lasentinelle.dz\/wp-content\/uploads\/2025\/03\/aissaoua.jpg","datePublished":"2025-03-10T11:47:54+00:00","breadcrumb":{"@id":"https:\/\/lasentinelle.dz\/index.php\/2025\/03\/10\/festival-des-aissaoua-a-mila-une-celebration-du-patrimoine-musical-soufi\/#breadcrumb"},"inLanguage":"fr-FR","potentialAction":[{"@type":"ReadAction","target":["https:\/\/lasentinelle.dz\/index.php\/2025\/03\/10\/festival-des-aissaoua-a-mila-une-celebration-du-patrimoine-musical-soufi\/"]}]},{"@type":"ImageObject","inLanguage":"fr-FR","@id":"https:\/\/lasentinelle.dz\/index.php\/2025\/03\/10\/festival-des-aissaoua-a-mila-une-celebration-du-patrimoine-musical-soufi\/#primaryimage","url":"https:\/\/lasentinelle.dz\/wp-content\/uploads\/2025\/03\/aissaoua.jpg","contentUrl":"https:\/\/lasentinelle.dz\/wp-content\/uploads\/2025\/03\/aissaoua.jpg","width":745,"height":470},{"@type":"BreadcrumbList","@id":"https:\/\/lasentinelle.dz\/index.php\/2025\/03\/10\/festival-des-aissaoua-a-mila-une-celebration-du-patrimoine-musical-soufi\/#breadcrumb","itemListElement":[{"@type":"ListItem","position":1,"name":"Accueil","item":"https:\/\/lasentinelle.dz\/"},{"@type":"ListItem","position":2,"name":"Festival des A\u00efssaoua \u00e0 Mila : Une c\u00e9l\u00e9bration du patrimoine musical soufi"}]},{"@type":"WebSite","@id":"https:\/\/lasentinelle.dz\/#website","url":"https:\/\/lasentinelle.dz\/","name":"La Sentinelle","description":"Quotidien national d&#039;information","publisher":{"@id":"https:\/\/lasentinelle.dz\/#organization"},"potentialAction":[{"@type":"SearchAction","target":{"@type":"EntryPoint","urlTemplate":"https:\/\/lasentinelle.dz\/?s={search_term_string}"},"query-input":{"@type":"PropertyValueSpecification","valueRequired":true,"valueName":"search_term_string"}}],"inLanguage":"fr-FR"},{"@type":"Organization","@id":"https:\/\/lasentinelle.dz\/#organization","name":"Quotidien La Sentinelle","url":"https:\/\/lasentinelle.dz\/","logo":{"@type":"ImageObject","inLanguage":"fr-FR","@id":"https:\/\/lasentinelle.dz\/#\/schema\/logo\/image\/","url":"https:\/\/lasentinelle.dz\/wp-content\/uploads\/2021\/09\/logo-sentinelleSLOGAN-1.png","contentUrl":"https:\/\/lasentinelle.dz\/wp-content\/uploads\/2021\/09\/logo-sentinelleSLOGAN-1.png","width":615,"height":142,"caption":"Quotidien La Sentinelle"},"image":{"@id":"https:\/\/lasentinelle.dz\/#\/schema\/logo\/image\/"},"sameAs":["https:\/\/www.facebook.com\/La-Sentinelle-104059864394773"]},{"@type":"Person","@id":"https:\/\/lasentinelle.dz\/#\/schema\/person\/729ee0024f24e0b8c5ec17232f8e8b41","name":"admin","image":{"@type":"ImageObject","inLanguage":"fr-FR","@id":"https:\/\/secure.gravatar.com\/avatar\/4c81fed838786e9b53f540bf46533e750f5d292099ae3b66cfc6fb1982e29df7?s=96&d=mm&r=g","url":"https:\/\/secure.gravatar.com\/avatar\/4c81fed838786e9b53f540bf46533e750f5d292099ae3b66cfc6fb1982e29df7?s=96&d=mm&r=g","contentUrl":"https:\/\/secure.gravatar.com\/avatar\/4c81fed838786e9b53f540bf46533e750f5d292099ae3b66cfc6fb1982e29df7?s=96&d=mm&r=g","caption":"admin"},"description":"admin","url":"https:\/\/lasentinelle.dz\/author\/admin\/"}]}},"_links":{"self":[{"href":"https:\/\/lasentinelle.dz\/index.php\/wp-json\/wp\/v2\/posts\/64081","targetHints":{"allow":["GET"]}}],"collection":[{"href":"https:\/\/lasentinelle.dz\/index.php\/wp-json\/wp\/v2\/posts"}],"about":[{"href":"https:\/\/lasentinelle.dz\/index.php\/wp-json\/wp\/v2\/types\/post"}],"author":[{"embeddable":true,"href":"https:\/\/lasentinelle.dz\/index.php\/wp-json\/wp\/v2\/users\/6"}],"replies":[{"embeddable":true,"href":"https:\/\/lasentinelle.dz\/index.php\/wp-json\/wp\/v2\/comments?post=64081"}],"version-history":[{"count":1,"href":"https:\/\/lasentinelle.dz\/index.php\/wp-json\/wp\/v2\/posts\/64081\/revisions"}],"predecessor-version":[{"id":64082,"href":"https:\/\/lasentinelle.dz\/index.php\/wp-json\/wp\/v2\/posts\/64081\/revisions\/64082"}],"wp:featuredmedia":[{"embeddable":true,"href":"https:\/\/lasentinelle.dz\/index.php\/wp-json\/wp\/v2\/media\/63959"}],"wp:attachment":[{"href":"https:\/\/lasentinelle.dz\/index.php\/wp-json\/wp\/v2\/media?parent=64081"}],"wp:term":[{"taxonomy":"category","embeddable":true,"href":"https:\/\/lasentinelle.dz\/index.php\/wp-json\/wp\/v2\/categories?post=64081"},{"taxonomy":"post_tag","embeddable":true,"href":"https:\/\/lasentinelle.dz\/index.php\/wp-json\/wp\/v2\/tags?post=64081"}],"curies":[{"name":"wp","href":"https:\/\/api.w.org\/{rel}","templated":true}]}}