{"id":64104,"date":"2025-03-10T12:59:35","date_gmt":"2025-03-10T11:59:35","guid":{"rendered":"https:\/\/lasentinelle.dz\/?p=64104"},"modified":"2025-03-10T12:59:36","modified_gmt":"2025-03-10T11:59:36","slug":"industrie-un-point-de-vente-et-de-maintenance-des-equipements-agricoles-inaugure-a-adrar","status":"publish","type":"post","link":"https:\/\/lasentinelle.dz\/index.php\/2025\/03\/10\/industrie-un-point-de-vente-et-de-maintenance-des-equipements-agricoles-inaugure-a-adrar\/","title":{"rendered":"Industrie: Un point de vente et de maintenance des \u00e9quipements agricoles inaugur\u00e9 \u00e0 Adrar"},"content":{"rendered":"\n<p>Le ministre de l&rsquo;Industrie, Sifi Ghrieb, a proc\u00e9d\u00e9, samedi \u00e0 Adrar, \u00e0 l&rsquo;inauguration d\u2019un point de vente et de maintenance des \u00e9quipements et machines agricoles relevant de l\u2019Entreprise publique de commercialisation des \u00e9quipements et machines agricoles PMA-Trading , indique un communiqu\u00e9 du minist\u00e8re. Cette structure, inaugur\u00e9e dans le cadre de la visite de travail qu&rsquo;effectue le ministre dans la wilaya, expose une gamme d\u2019\u00e9quipements agricoles, notamment des charrues lourdes, des syst\u00e8mes d\u2019irrigation et des pompes \u00e0 eau, ainsi que des moissonneuses et des engins de transport, fabriqu\u00e9s par l\u2019Entreprise de construction de mat\u00e9riels agricoles (CMA) de Sidi Bel Abb\u00e8s, filiale du Groupe public des industries m\u00e9caniques (Algerian General Mechanics &#8211; AGM). Cette initiative s\u2019inscrit en droite ligne dans la strat\u00e9gie nationale visant \u00e0 assurer la s\u00e9curit\u00e9 alimentaire, la wilaya d\u2019Adrar \u00e9tant un p\u00f4le agricole par excellence, pr\u00e9cise le communiqu\u00e9. Par ailleurs, le ministre a appel\u00e9 le groupe AGM \u00e0 renforcer la production locale, en concluant un partenariat avec l\u2019Entreprise nationale de tubes et transformations des produits plats (Anabib), filiale de la Soci\u00e9t\u00e9 nationale de sid\u00e9rurgie (SNS), afin de renoncer progressivement \u00e0 l&rsquo;importation de certains composants plastiques utilis\u00e9s dans la fabrication d\u2019\u00e9quipements m\u00e9caniques. Dans le m\u00eame sillage, le ministre a inspect\u00e9 le projet de r\u00e9habilitation de la briqueterie de la commune de Fenoughil, qui fait partie des biens immobiliers et mobiliers r\u00e9cup\u00e9r\u00e9s et transf\u00e9r\u00e9s au Groupe Industriel des Ciments d&rsquo;Alg\u00e9rie (GICA), o\u00f9 il a re\u00e7u une pr\u00e9sentation sur l&rsquo;\u00e9tat de l&rsquo;usine et les \u00e9quipements techniques et logistiques n\u00e9cessaires au lancement de la production. La ligne de production reste incompl\u00e8te en raison du manque de certains \u00e9quipements et de l&rsquo;absence de plans op\u00e9rationnels, lesquels sont en cours d\u2019\u00e9laboration par la Soci\u00e9t\u00e9 de Maintenance de l&rsquo;Est (SME), filiale du groupe GICA, note le communiqu\u00e9. Le ministre a, \u00e0 cet \u00e9gard, enjoint au groupe de coordonner avec les diff\u00e9rents acteurs industriels nationaux pour fournir \u00e0 l\u2019usine les \u00e9quipements et pi\u00e8ces de rechange n\u00e9cessaires avant de recourir \u00e0 l&rsquo;importation. Il a \u00e9galement inspect\u00e9 l&rsquo;avancement des travaux du projet de cimenterie dans la commune de Timekten, qui fait partie des biens immobiliers et mobiliers r\u00e9cup\u00e9r\u00e9s et transf\u00e9r\u00e9s au Groupe GICA et a insist\u00e9 sur l&rsquo;engagement des parties prenantes \u00e0 lever les obstacles pour acc\u00e9l\u00e9rer la cadence des travaux, en vue de la mise en service de l&rsquo;usine dans les d\u00e9lais impartis. L&rsquo;un des principaux d\u00e9fis auxquels est confront\u00e9 le projet est l&rsquo;am\u00e9nagement de la route menant \u00e0 l&rsquo;usine, qui s&rsquo;\u00e9tend sur 25 km, souligne le communiqu\u00e9 indiquant qu&rsquo;il a \u00e9t\u00e9 convenu de la r\u00e9alisation conjointe des travaux par le groupe GICA et la wilaya d&rsquo;Adrar, avec l&rsquo;engagement de les achever avant la fin du mois de Ramadhan.<\/p>\n\n\n\n<p>APS<\/p>\n","protected":false},"excerpt":{"rendered":"<p>Le ministre de l&rsquo;Industrie, Sifi Ghrieb, a proc\u00e9d\u00e9, samedi \u00e0 Adrar, \u00e0 l&rsquo;inauguration d\u2019un point de vente et de maintenance<\/p>\n","protected":false},"author":6,"featured_media":64105,"comment_status":"open","ping_status":"closed","sticky":false,"template":"","format":"standard","meta":{"colormag_page_container_layout":"default_layout","colormag_page_sidebar_layout":"default_layout","om_disable_all_campaigns":false,"_monsterinsights_skip_tracking":false,"_monsterinsights_sitenote_active":false,"_monsterinsights_sitenote_note":"","_monsterinsights_sitenote_category":0,"footnotes":"","_wpscppro_dont_share_socialmedia":false,"_wpscppro_custom_social_share_image":0,"_facebook_share_type":"default","_twitter_share_type":"default","_linkedin_share_type":"default","_pinterest_share_type":"default","_linkedin_share_type_page":"","_instagram_share_type":"default","_medium_share_type":"default","_threads_share_type":"","_google_business_share_type":"","_selected_social_profile":[],"_wpsp_enable_custom_social_template":false,"_wpsp_social_scheduling":{"enabled":false,"datetime":null,"platforms":[],"status":"template_only","dateOption":"today","timeOption":"now","customDays":"","customHours":"","customDate":"","customTime":"","schedulingType":"absolute"},"_wpsp_active_default_template":true},"categories":[29],"tags":[],"class_list":["post-64104","post","type-post","status-publish","format-standard","has-post-thumbnail","hentry","category-economie"],"aioseo_notices":[],"yoast_head":"<!-- This site is optimized with the Yoast SEO plugin v27.5 - https:\/\/yoast.com\/product\/yoast-seo-wordpress\/ -->\n<title>Industrie: Un point de vente et de maintenance des \u00e9quipements agricoles inaugur\u00e9 \u00e0 Adrar - La Sentinelle<\/title>\n<meta name=\"robots\" content=\"index, follow, max-snippet:-1, max-image-preview:large, max-video-preview:-1\" \/>\n<link rel=\"canonical\" href=\"https:\/\/lasentinelle.dz\/index.php\/2025\/03\/10\/industrie-un-point-de-vente-et-de-maintenance-des-equipements-agricoles-inaugure-a-adrar\/\" \/>\n<meta property=\"og:locale\" content=\"fr_FR\" \/>\n<meta property=\"og:type\" content=\"article\" \/>\n<meta property=\"og:title\" content=\"Industrie: Un point de vente et de maintenance des \u00e9quipements agricoles inaugur\u00e9 \u00e0 Adrar - La Sentinelle\" \/>\n<meta property=\"og:description\" content=\"Le ministre de l&rsquo;Industrie, Sifi Ghrieb, a proc\u00e9d\u00e9, samedi \u00e0 Adrar, \u00e0 l&rsquo;inauguration d\u2019un point de vente et de maintenance\" \/>\n<meta property=\"og:url\" content=\"https:\/\/lasentinelle.dz\/index.php\/2025\/03\/10\/industrie-un-point-de-vente-et-de-maintenance-des-equipements-agricoles-inaugure-a-adrar\/\" \/>\n<meta property=\"og:site_name\" content=\"La Sentinelle\" \/>\n<meta property=\"article:publisher\" content=\"https:\/\/www.facebook.com\/La-Sentinelle-104059864394773\" \/>\n<meta property=\"article:published_time\" content=\"2025-03-10T11:59:35+00:00\" \/>\n<meta property=\"article:modified_time\" content=\"2025-03-10T11:59:36+00:00\" \/>\n<meta property=\"og:image\" content=\"https:\/\/lasentinelle.dz\/wp-content\/uploads\/2025\/03\/480961935_957381599908571_6978886194675273380_n.jpg\" \/>\n\t<meta property=\"og:image:width\" content=\"1280\" \/>\n\t<meta property=\"og:image:height\" content=\"960\" \/>\n\t<meta property=\"og:image:type\" content=\"image\/jpeg\" \/>\n<meta name=\"author\" content=\"admin\" \/>\n<meta name=\"twitter:card\" content=\"summary_large_image\" \/>\n<meta name=\"twitter:label1\" content=\"\u00c9crit par\" \/>\n\t<meta name=\"twitter:data1\" content=\"admin\" \/>\n\t<meta name=\"twitter:label2\" content=\"Dur\u00e9e de lecture estim\u00e9e\" \/>\n\t<meta name=\"twitter:data2\" content=\"3 minutes\" \/>\n<script type=\"application\/ld+json\" class=\"yoast-schema-graph\">{\"@context\":\"https:\\\/\\\/schema.org\",\"@graph\":[{\"@type\":\"Article\",\"@id\":\"https:\\\/\\\/lasentinelle.dz\\\/index.php\\\/2025\\\/03\\\/10\\\/industrie-un-point-de-vente-et-de-maintenance-des-equipements-agricoles-inaugure-a-adrar\\\/#article\",\"isPartOf\":{\"@id\":\"https:\\\/\\\/lasentinelle.dz\\\/index.php\\\/2025\\\/03\\\/10\\\/industrie-un-point-de-vente-et-de-maintenance-des-equipements-agricoles-inaugure-a-adrar\\\/\"},\"author\":{\"name\":\"admin\",\"@id\":\"https:\\\/\\\/lasentinelle.dz\\\/#\\\/schema\\\/person\\\/729ee0024f24e0b8c5ec17232f8e8b41\"},\"headline\":\"Industrie: Un point de vente et de maintenance des \u00e9quipements agricoles inaugur\u00e9 \u00e0 Adrar\",\"datePublished\":\"2025-03-10T11:59:35+00:00\",\"dateModified\":\"2025-03-10T11:59:36+00:00\",\"mainEntityOfPage\":{\"@id\":\"https:\\\/\\\/lasentinelle.dz\\\/index.php\\\/2025\\\/03\\\/10\\\/industrie-un-point-de-vente-et-de-maintenance-des-equipements-agricoles-inaugure-a-adrar\\\/\"},\"wordCount\":517,\"commentCount\":0,\"publisher\":{\"@id\":\"https:\\\/\\\/lasentinelle.dz\\\/#organization\"},\"image\":{\"@id\":\"https:\\\/\\\/lasentinelle.dz\\\/index.php\\\/2025\\\/03\\\/10\\\/industrie-un-point-de-vente-et-de-maintenance-des-equipements-agricoles-inaugure-a-adrar\\\/#primaryimage\"},\"thumbnailUrl\":\"https:\\\/\\\/lasentinelle.dz\\\/wp-content\\\/uploads\\\/2025\\\/03\\\/480961935_957381599908571_6978886194675273380_n.jpg\",\"articleSection\":[\"\u00c9conomie\"],\"inLanguage\":\"fr-FR\",\"potentialAction\":[{\"@type\":\"CommentAction\",\"name\":\"Comment\",\"target\":[\"https:\\\/\\\/lasentinelle.dz\\\/index.php\\\/2025\\\/03\\\/10\\\/industrie-un-point-de-vente-et-de-maintenance-des-equipements-agricoles-inaugure-a-adrar\\\/#respond\"]}]},{\"@type\":\"WebPage\",\"@id\":\"https:\\\/\\\/lasentinelle.dz\\\/index.php\\\/2025\\\/03\\\/10\\\/industrie-un-point-de-vente-et-de-maintenance-des-equipements-agricoles-inaugure-a-adrar\\\/\",\"url\":\"https:\\\/\\\/lasentinelle.dz\\\/index.php\\\/2025\\\/03\\\/10\\\/industrie-un-point-de-vente-et-de-maintenance-des-equipements-agricoles-inaugure-a-adrar\\\/\",\"name\":\"Industrie: Un point de vente et de maintenance des \u00e9quipements agricoles inaugur\u00e9 \u00e0 Adrar - La Sentinelle\",\"isPartOf\":{\"@id\":\"https:\\\/\\\/lasentinelle.dz\\\/#website\"},\"primaryImageOfPage\":{\"@id\":\"https:\\\/\\\/lasentinelle.dz\\\/index.php\\\/2025\\\/03\\\/10\\\/industrie-un-point-de-vente-et-de-maintenance-des-equipements-agricoles-inaugure-a-adrar\\\/#primaryimage\"},\"image\":{\"@id\":\"https:\\\/\\\/lasentinelle.dz\\\/index.php\\\/2025\\\/03\\\/10\\\/industrie-un-point-de-vente-et-de-maintenance-des-equipements-agricoles-inaugure-a-adrar\\\/#primaryimage\"},\"thumbnailUrl\":\"https:\\\/\\\/lasentinelle.dz\\\/wp-content\\\/uploads\\\/2025\\\/03\\\/480961935_957381599908571_6978886194675273380_n.jpg\",\"datePublished\":\"2025-03-10T11:59:35+00:00\",\"dateModified\":\"2025-03-10T11:59:36+00:00\",\"breadcrumb\":{\"@id\":\"https:\\\/\\\/lasentinelle.dz\\\/index.php\\\/2025\\\/03\\\/10\\\/industrie-un-point-de-vente-et-de-maintenance-des-equipements-agricoles-inaugure-a-adrar\\\/#breadcrumb\"},\"inLanguage\":\"fr-FR\",\"potentialAction\":[{\"@type\":\"ReadAction\",\"target\":[\"https:\\\/\\\/lasentinelle.dz\\\/index.php\\\/2025\\\/03\\\/10\\\/industrie-un-point-de-vente-et-de-maintenance-des-equipements-agricoles-inaugure-a-adrar\\\/\"]}]},{\"@type\":\"ImageObject\",\"inLanguage\":\"fr-FR\",\"@id\":\"https:\\\/\\\/lasentinelle.dz\\\/index.php\\\/2025\\\/03\\\/10\\\/industrie-un-point-de-vente-et-de-maintenance-des-equipements-agricoles-inaugure-a-adrar\\\/#primaryimage\",\"url\":\"https:\\\/\\\/lasentinelle.dz\\\/wp-content\\\/uploads\\\/2025\\\/03\\\/480961935_957381599908571_6978886194675273380_n.jpg\",\"contentUrl\":\"https:\\\/\\\/lasentinelle.dz\\\/wp-content\\\/uploads\\\/2025\\\/03\\\/480961935_957381599908571_6978886194675273380_n.jpg\",\"width\":1280,\"height\":960},{\"@type\":\"BreadcrumbList\",\"@id\":\"https:\\\/\\\/lasentinelle.dz\\\/index.php\\\/2025\\\/03\\\/10\\\/industrie-un-point-de-vente-et-de-maintenance-des-equipements-agricoles-inaugure-a-adrar\\\/#breadcrumb\",\"itemListElement\":[{\"@type\":\"ListItem\",\"position\":1,\"name\":\"Accueil\",\"item\":\"https:\\\/\\\/lasentinelle.dz\\\/\"},{\"@type\":\"ListItem\",\"position\":2,\"name\":\"Industrie: Un point de vente et de maintenance des \u00e9quipements agricoles inaugur\u00e9 \u00e0 Adrar\"}]},{\"@type\":\"WebSite\",\"@id\":\"https:\\\/\\\/lasentinelle.dz\\\/#website\",\"url\":\"https:\\\/\\\/lasentinelle.dz\\\/\",\"name\":\"La Sentinelle\",\"description\":\"Quotidien national d&#039;information\",\"publisher\":{\"@id\":\"https:\\\/\\\/lasentinelle.dz\\\/#organization\"},\"potentialAction\":[{\"@type\":\"SearchAction\",\"target\":{\"@type\":\"EntryPoint\",\"urlTemplate\":\"https:\\\/\\\/lasentinelle.dz\\\/?s={search_term_string}\"},\"query-input\":{\"@type\":\"PropertyValueSpecification\",\"valueRequired\":true,\"valueName\":\"search_term_string\"}}],\"inLanguage\":\"fr-FR\"},{\"@type\":\"Organization\",\"@id\":\"https:\\\/\\\/lasentinelle.dz\\\/#organization\",\"name\":\"Quotidien La Sentinelle\",\"url\":\"https:\\\/\\\/lasentinelle.dz\\\/\",\"logo\":{\"@type\":\"ImageObject\",\"inLanguage\":\"fr-FR\",\"@id\":\"https:\\\/\\\/lasentinelle.dz\\\/#\\\/schema\\\/logo\\\/image\\\/\",\"url\":\"https:\\\/\\\/lasentinelle.dz\\\/wp-content\\\/uploads\\\/2021\\\/09\\\/logo-sentinelleSLOGAN-1.png\",\"contentUrl\":\"https:\\\/\\\/lasentinelle.dz\\\/wp-content\\\/uploads\\\/2021\\\/09\\\/logo-sentinelleSLOGAN-1.png\",\"width\":615,\"height\":142,\"caption\":\"Quotidien La Sentinelle\"},\"image\":{\"@id\":\"https:\\\/\\\/lasentinelle.dz\\\/#\\\/schema\\\/logo\\\/image\\\/\"},\"sameAs\":[\"https:\\\/\\\/www.facebook.com\\\/La-Sentinelle-104059864394773\"]},{\"@type\":\"Person\",\"@id\":\"https:\\\/\\\/lasentinelle.dz\\\/#\\\/schema\\\/person\\\/729ee0024f24e0b8c5ec17232f8e8b41\",\"name\":\"admin\",\"image\":{\"@type\":\"ImageObject\",\"inLanguage\":\"fr-FR\",\"@id\":\"https:\\\/\\\/secure.gravatar.com\\\/avatar\\\/4c81fed838786e9b53f540bf46533e750f5d292099ae3b66cfc6fb1982e29df7?s=96&d=mm&r=g\",\"url\":\"https:\\\/\\\/secure.gravatar.com\\\/avatar\\\/4c81fed838786e9b53f540bf46533e750f5d292099ae3b66cfc6fb1982e29df7?s=96&d=mm&r=g\",\"contentUrl\":\"https:\\\/\\\/secure.gravatar.com\\\/avatar\\\/4c81fed838786e9b53f540bf46533e750f5d292099ae3b66cfc6fb1982e29df7?s=96&d=mm&r=g\",\"caption\":\"admin\"},\"description\":\"admin\",\"url\":\"https:\\\/\\\/lasentinelle.dz\\\/author\\\/admin\\\/\"}]}<\/script>\n<!-- \/ Yoast SEO plugin. -->","yoast_head_json":{"title":"Industrie: Un point de vente et de maintenance des \u00e9quipements agricoles inaugur\u00e9 \u00e0 Adrar - La Sentinelle","robots":{"index":"index","follow":"follow","max-snippet":"max-snippet:-1","max-image-preview":"max-image-preview:large","max-video-preview":"max-video-preview:-1"},"canonical":"https:\/\/lasentinelle.dz\/index.php\/2025\/03\/10\/industrie-un-point-de-vente-et-de-maintenance-des-equipements-agricoles-inaugure-a-adrar\/","og_locale":"fr_FR","og_type":"article","og_title":"Industrie: Un point de vente et de maintenance des \u00e9quipements agricoles inaugur\u00e9 \u00e0 Adrar - La Sentinelle","og_description":"Le ministre de l&rsquo;Industrie, Sifi Ghrieb, a proc\u00e9d\u00e9, samedi \u00e0 Adrar, \u00e0 l&rsquo;inauguration d\u2019un point de vente et de maintenance","og_url":"https:\/\/lasentinelle.dz\/index.php\/2025\/03\/10\/industrie-un-point-de-vente-et-de-maintenance-des-equipements-agricoles-inaugure-a-adrar\/","og_site_name":"La Sentinelle","article_publisher":"https:\/\/www.facebook.com\/La-Sentinelle-104059864394773","article_published_time":"2025-03-10T11:59:35+00:00","article_modified_time":"2025-03-10T11:59:36+00:00","og_image":[{"width":1280,"height":960,"url":"https:\/\/lasentinelle.dz\/wp-content\/uploads\/2025\/03\/480961935_957381599908571_6978886194675273380_n.jpg","type":"image\/jpeg"}],"author":"admin","twitter_card":"summary_large_image","twitter_misc":{"\u00c9crit par":"admin","Dur\u00e9e de lecture estim\u00e9e":"3 minutes"},"schema":{"@context":"https:\/\/schema.org","@graph":[{"@type":"Article","@id":"https:\/\/lasentinelle.dz\/index.php\/2025\/03\/10\/industrie-un-point-de-vente-et-de-maintenance-des-equipements-agricoles-inaugure-a-adrar\/#article","isPartOf":{"@id":"https:\/\/lasentinelle.dz\/index.php\/2025\/03\/10\/industrie-un-point-de-vente-et-de-maintenance-des-equipements-agricoles-inaugure-a-adrar\/"},"author":{"name":"admin","@id":"https:\/\/lasentinelle.dz\/#\/schema\/person\/729ee0024f24e0b8c5ec17232f8e8b41"},"headline":"Industrie: Un point de vente et de maintenance des \u00e9quipements agricoles inaugur\u00e9 \u00e0 Adrar","datePublished":"2025-03-10T11:59:35+00:00","dateModified":"2025-03-10T11:59:36+00:00","mainEntityOfPage":{"@id":"https:\/\/lasentinelle.dz\/index.php\/2025\/03\/10\/industrie-un-point-de-vente-et-de-maintenance-des-equipements-agricoles-inaugure-a-adrar\/"},"wordCount":517,"commentCount":0,"publisher":{"@id":"https:\/\/lasentinelle.dz\/#organization"},"image":{"@id":"https:\/\/lasentinelle.dz\/index.php\/2025\/03\/10\/industrie-un-point-de-vente-et-de-maintenance-des-equipements-agricoles-inaugure-a-adrar\/#primaryimage"},"thumbnailUrl":"https:\/\/lasentinelle.dz\/wp-content\/uploads\/2025\/03\/480961935_957381599908571_6978886194675273380_n.jpg","articleSection":["\u00c9conomie"],"inLanguage":"fr-FR","potentialAction":[{"@type":"CommentAction","name":"Comment","target":["https:\/\/lasentinelle.dz\/index.php\/2025\/03\/10\/industrie-un-point-de-vente-et-de-maintenance-des-equipements-agricoles-inaugure-a-adrar\/#respond"]}]},{"@type":"WebPage","@id":"https:\/\/lasentinelle.dz\/index.php\/2025\/03\/10\/industrie-un-point-de-vente-et-de-maintenance-des-equipements-agricoles-inaugure-a-adrar\/","url":"https:\/\/lasentinelle.dz\/index.php\/2025\/03\/10\/industrie-un-point-de-vente-et-de-maintenance-des-equipements-agricoles-inaugure-a-adrar\/","name":"Industrie: Un point de vente et de maintenance des \u00e9quipements agricoles inaugur\u00e9 \u00e0 Adrar - La Sentinelle","isPartOf":{"@id":"https:\/\/lasentinelle.dz\/#website"},"primaryImageOfPage":{"@id":"https:\/\/lasentinelle.dz\/index.php\/2025\/03\/10\/industrie-un-point-de-vente-et-de-maintenance-des-equipements-agricoles-inaugure-a-adrar\/#primaryimage"},"image":{"@id":"https:\/\/lasentinelle.dz\/index.php\/2025\/03\/10\/industrie-un-point-de-vente-et-de-maintenance-des-equipements-agricoles-inaugure-a-adrar\/#primaryimage"},"thumbnailUrl":"https:\/\/lasentinelle.dz\/wp-content\/uploads\/2025\/03\/480961935_957381599908571_6978886194675273380_n.jpg","datePublished":"2025-03-10T11:59:35+00:00","dateModified":"2025-03-10T11:59:36+00:00","breadcrumb":{"@id":"https:\/\/lasentinelle.dz\/index.php\/2025\/03\/10\/industrie-un-point-de-vente-et-de-maintenance-des-equipements-agricoles-inaugure-a-adrar\/#breadcrumb"},"inLanguage":"fr-FR","potentialAction":[{"@type":"ReadAction","target":["https:\/\/lasentinelle.dz\/index.php\/2025\/03\/10\/industrie-un-point-de-vente-et-de-maintenance-des-equipements-agricoles-inaugure-a-adrar\/"]}]},{"@type":"ImageObject","inLanguage":"fr-FR","@id":"https:\/\/lasentinelle.dz\/index.php\/2025\/03\/10\/industrie-un-point-de-vente-et-de-maintenance-des-equipements-agricoles-inaugure-a-adrar\/#primaryimage","url":"https:\/\/lasentinelle.dz\/wp-content\/uploads\/2025\/03\/480961935_957381599908571_6978886194675273380_n.jpg","contentUrl":"https:\/\/lasentinelle.dz\/wp-content\/uploads\/2025\/03\/480961935_957381599908571_6978886194675273380_n.jpg","width":1280,"height":960},{"@type":"BreadcrumbList","@id":"https:\/\/lasentinelle.dz\/index.php\/2025\/03\/10\/industrie-un-point-de-vente-et-de-maintenance-des-equipements-agricoles-inaugure-a-adrar\/#breadcrumb","itemListElement":[{"@type":"ListItem","position":1,"name":"Accueil","item":"https:\/\/lasentinelle.dz\/"},{"@type":"ListItem","position":2,"name":"Industrie: Un point de vente et de maintenance des \u00e9quipements agricoles inaugur\u00e9 \u00e0 Adrar"}]},{"@type":"WebSite","@id":"https:\/\/lasentinelle.dz\/#website","url":"https:\/\/lasentinelle.dz\/","name":"La Sentinelle","description":"Quotidien national d&#039;information","publisher":{"@id":"https:\/\/lasentinelle.dz\/#organization"},"potentialAction":[{"@type":"SearchAction","target":{"@type":"EntryPoint","urlTemplate":"https:\/\/lasentinelle.dz\/?s={search_term_string}"},"query-input":{"@type":"PropertyValueSpecification","valueRequired":true,"valueName":"search_term_string"}}],"inLanguage":"fr-FR"},{"@type":"Organization","@id":"https:\/\/lasentinelle.dz\/#organization","name":"Quotidien La Sentinelle","url":"https:\/\/lasentinelle.dz\/","logo":{"@type":"ImageObject","inLanguage":"fr-FR","@id":"https:\/\/lasentinelle.dz\/#\/schema\/logo\/image\/","url":"https:\/\/lasentinelle.dz\/wp-content\/uploads\/2021\/09\/logo-sentinelleSLOGAN-1.png","contentUrl":"https:\/\/lasentinelle.dz\/wp-content\/uploads\/2021\/09\/logo-sentinelleSLOGAN-1.png","width":615,"height":142,"caption":"Quotidien La Sentinelle"},"image":{"@id":"https:\/\/lasentinelle.dz\/#\/schema\/logo\/image\/"},"sameAs":["https:\/\/www.facebook.com\/La-Sentinelle-104059864394773"]},{"@type":"Person","@id":"https:\/\/lasentinelle.dz\/#\/schema\/person\/729ee0024f24e0b8c5ec17232f8e8b41","name":"admin","image":{"@type":"ImageObject","inLanguage":"fr-FR","@id":"https:\/\/secure.gravatar.com\/avatar\/4c81fed838786e9b53f540bf46533e750f5d292099ae3b66cfc6fb1982e29df7?s=96&d=mm&r=g","url":"https:\/\/secure.gravatar.com\/avatar\/4c81fed838786e9b53f540bf46533e750f5d292099ae3b66cfc6fb1982e29df7?s=96&d=mm&r=g","contentUrl":"https:\/\/secure.gravatar.com\/avatar\/4c81fed838786e9b53f540bf46533e750f5d292099ae3b66cfc6fb1982e29df7?s=96&d=mm&r=g","caption":"admin"},"description":"admin","url":"https:\/\/lasentinelle.dz\/author\/admin\/"}]}},"_links":{"self":[{"href":"https:\/\/lasentinelle.dz\/index.php\/wp-json\/wp\/v2\/posts\/64104","targetHints":{"allow":["GET"]}}],"collection":[{"href":"https:\/\/lasentinelle.dz\/index.php\/wp-json\/wp\/v2\/posts"}],"about":[{"href":"https:\/\/lasentinelle.dz\/index.php\/wp-json\/wp\/v2\/types\/post"}],"author":[{"embeddable":true,"href":"https:\/\/lasentinelle.dz\/index.php\/wp-json\/wp\/v2\/users\/6"}],"replies":[{"embeddable":true,"href":"https:\/\/lasentinelle.dz\/index.php\/wp-json\/wp\/v2\/comments?post=64104"}],"version-history":[{"count":1,"href":"https:\/\/lasentinelle.dz\/index.php\/wp-json\/wp\/v2\/posts\/64104\/revisions"}],"predecessor-version":[{"id":64106,"href":"https:\/\/lasentinelle.dz\/index.php\/wp-json\/wp\/v2\/posts\/64104\/revisions\/64106"}],"wp:featuredmedia":[{"embeddable":true,"href":"https:\/\/lasentinelle.dz\/index.php\/wp-json\/wp\/v2\/media\/64105"}],"wp:attachment":[{"href":"https:\/\/lasentinelle.dz\/index.php\/wp-json\/wp\/v2\/media?parent=64104"}],"wp:term":[{"taxonomy":"category","embeddable":true,"href":"https:\/\/lasentinelle.dz\/index.php\/wp-json\/wp\/v2\/categories?post=64104"},{"taxonomy":"post_tag","embeddable":true,"href":"https:\/\/lasentinelle.dz\/index.php\/wp-json\/wp\/v2\/tags?post=64104"}],"curies":[{"name":"wp","href":"https:\/\/api.w.org\/{rel}","templated":true}]}}