{"id":64107,"date":"2025-03-10T13:00:17","date_gmt":"2025-03-10T12:00:17","guid":{"rendered":"https:\/\/lasentinelle.dz\/?p=64107"},"modified":"2025-03-10T13:00:18","modified_gmt":"2025-03-10T12:00:18","slug":"negociations-climatiques-dans-le-cadre-de-la-cop-le-constat-severe-de-lopep","status":"publish","type":"post","link":"https:\/\/lasentinelle.dz\/index.php\/2025\/03\/10\/negociations-climatiques-dans-le-cadre-de-la-cop-le-constat-severe-de-lopep\/","title":{"rendered":"N\u00e9gociations climatiques dans le cadre de la COP: Le constat s\u00e9v\u00e8re de l&rsquo;OPEP"},"content":{"rendered":"\n<p>Alors que la communaut\u00e9 internationale se pr\u00e9pare aux prochaines n\u00e9gociations climatiques, le Secr\u00e9taire G\u00e9n\u00e9ral de l&rsquo;Organisation des Pays Exportateurs de P\u00e9trole (OPEP), Haitham Al Ghais, lance un appel \u00e0 la r\u00e9flexion sur le processus m\u00eame des Conf\u00e9rences des Parties (COP). Dans une tribune publi\u00e9e mercredi sur le site de l&rsquo;organisation, Al Ghais questionne l&rsquo;\u00e9volution des sommets climatiques et plaide pour un retour \u00e0 l&rsquo;esprit original de la Convention-cadre des Nations Unies sur les changements climatiques (CCNUCC) de 1992. Le constat du Secr\u00e9taire G\u00e9n\u00e9ral est s\u00e9v\u00e8re : les COP deviennent \u00ab\u00a0de plus en plus difficiles\u00a0\u00bb et semblent produire \u00ab\u00a0de tr\u00e8s petites avanc\u00e9es, voire aucune\u00a0\u00bb. Selon lui, ces sommets se d\u00e9roulent d\u00e9sormais dans \u00ab\u00a0un monde parall\u00e8le, d\u00e9connect\u00e9 des r\u00e9alit\u00e9s auxquelles sont confront\u00e9es les populations du monde entier\u00a0\u00bb.<\/p>\n\n\n\n<p>Au c\u0153ur de sa critique, Al Ghais pointe l&rsquo;oubli progressif du principe de \u00ab\u00a0responsabilit\u00e9s communes mais diff\u00e9renci\u00e9es\u00a0\u00bb inscrit dans le document fondateur de 1992. \u00ab\u00a0Parfois, aujourd&rsquo;hui, on peut avoir l&rsquo;impression que certains oublient cette distinction lors des r\u00e9unions de la COP, mais il est essentiel que cela reste au c\u0153ur du processus \u00e0 l&rsquo;avenir, dans l&rsquo;int\u00e9r\u00eat de voies \u00e9nerg\u00e9tiques futures r\u00e9alistes et \u00e9quitables pour tous\u00a0\u00bb, souligne-t-il. Cette distinction est d&rsquo;autant plus importante que les responsabilit\u00e9s historiques dans les \u00e9missions de gaz \u00e0 effet de serre sont tr\u00e8s in\u00e9galement r\u00e9parties. Le Secr\u00e9taire G\u00e9n\u00e9ral rappelle que \u00ab\u00a0depuis 1850, les \u00c9tats-Unis repr\u00e9sentent environ 25% des \u00e9missions de CO2, l&rsquo;UE pr\u00e8s de 17% et les pays du G7 plus de 43%\u00a0\u00bb, tandis que \u00ab\u00a0les pays membres de l&rsquo;OPEP sont \u00e0 4%, l&rsquo;Inde \u00e0 3,5%, et l&rsquo;Afrique et l&rsquo;Am\u00e9rique du Sud sont en dessous de 3%\u00a0\u00bb.<\/p>\n\n\n\n<p><strong>La souverainet\u00e9 \u00e9nerg\u00e9tique en question<\/strong><\/p>\n\n\n\n<p>L&rsquo;OPEP d\u00e9fend \u00e9galement le \u00ab\u00a0droit souverain des nations d&rsquo;exploiter leurs propres ressources\u00a0\u00bb et rappelle que la CCNUCC reconna\u00eet explicitement \u00ab\u00a0les difficult\u00e9s particuli\u00e8res des pays, en particulier les pays en d\u00e9veloppement, dont les \u00e9conomies sont particuli\u00e8rement d\u00e9pendantes de la production, de l&rsquo;utilisation et de l&rsquo;exportation de combustibles fossiles\u00a0\u00bb. Pour Al Ghais, il est crucial de garder \u00e0 l&rsquo;esprit que \u00ab\u00a0environ 100 pays produisent actuellement du p\u00e9trole, les pays consommateurs continuent \u00e0 l&rsquo;acheter, avec une demande mondiale qui augmente d&rsquo;ann\u00e9e en ann\u00e9e, et les produits p\u00e9troliers restent vitaux pour les besoins quotidiens\u00a0\u00bb. Il va jusqu&rsquo;\u00e0 affirmer, non sans ironie, qu'\u00a0\u00bbon ne pourrait pas organiser une COP sans eux\u00a0\u00bb. Le Secr\u00e9taire G\u00e9n\u00e9ral pointe \u00e9galement du doigt le retard pris dans la mise en \u0153uvre des engagements financiers des pays d\u00e9velopp\u00e9s. Il rappelle que la CCNUCC pr\u00e9voyait \u00ab\u00a0la n\u00e9cessit\u00e9 pour les Parties des pays d\u00e9velopp\u00e9s de fournir des ressources financi\u00e8res nouvelles et suppl\u00e9mentaires, y compris pour le transfert de technologie\u00a0\u00bb. Or, \u00ab\u00a0la question des pays d\u00e9velopp\u00e9s remplissant leurs obligations pour combler les lacunes de financement et augmenter le financement climatique aux pays en d\u00e9veloppement \u00e9tait encore \u00e0 l&rsquo;ordre du jour \u00e0 Bakou, 32 ans plus tard\u00a0\u00bb, d\u00e9plore-t-il, faisant r\u00e9f\u00e9rence \u00e0 la COP29 qui s&rsquo;est tenue en Azerba\u00efdjan. Bien qu&rsquo;un nouvel objectif de financement y ait \u00e9t\u00e9 atteint, \u00ab\u00a0il est important qu&rsquo;il soit pleinement r\u00e9alis\u00e9\u00a0\u00bb, avertit Al Ghais.<\/p>\n\n\n\n<p>Face \u00e0 ces d\u00e9fis, l&rsquo;OPEP d\u00e9fend une vision qu&rsquo;elle qualifie d'\u00a0\u00bbapproche globale\u00a0\u00bb. \u00ab\u00a0Nous ne pouvons \u00e9carter aucune \u00e9nergie, aucune technologie ou aucun peuple\u00a0\u00bb, affirme le Secr\u00e9taire G\u00e9n\u00e9ral, qui rejette le \u00ab\u00a0discours anti-p\u00e9trole qui s&rsquo;est en quelque sorte attach\u00e9 aux discussions sur la COP\u00a0\u00bb et qui, selon lui, \u00ab\u00a0n&rsquo;a aucune base dans ce texte fondateur\u00a0\u00bb. Al Ghais souligne que la CCNUCC \u00ab\u00a0ne fait aucune r\u00e9f\u00e9rence au choix des sources d&rsquo;\u00e9nergie, mais insiste plut\u00f4t sur la n\u00e9cessit\u00e9 de r\u00e9duire les \u00e9missions et d&rsquo;exploiter les technologies appropri\u00e9es\u00a0\u00bb. Cette nuance est essentielle pour l&rsquo;OPEP, qui met en avant les efforts de ses membres pour r\u00e9duire les \u00e9missions \u00ab\u00a0en am\u00e9liorant l&rsquo;efficacit\u00e9 op\u00e9rationnelle et en d\u00e9veloppant des technologies existantes et nouvelles\u00a0\u00bb. \u00ab\u00a0Nous avons besoin de solutions gagnant-gagnant lors des r\u00e9unions de la COP qui prennent en compte tous les points de vue, tout comme la CCNUCC a \u00e9t\u00e9 cr\u00e9\u00e9e pour le faire\u00a0\u00bb, conclut Haitham Al Ghais, appelant \u00e0 un retour \u00e0 l&rsquo;esprit de coop\u00e9ration qui avait pr\u00e9sid\u00e9 \u00e0 la cr\u00e9ation de ce cadre international.<\/p>\n\n\n\n<p>Samira Ghrib<\/p>\n","protected":false},"excerpt":{"rendered":"<p>Alors que la communaut\u00e9 internationale se pr\u00e9pare aux prochaines n\u00e9gociations climatiques, le Secr\u00e9taire G\u00e9n\u00e9ral de l&rsquo;Organisation des Pays Exportateurs de<\/p>\n","protected":false},"author":6,"featured_media":40250,"comment_status":"open","ping_status":"closed","sticky":false,"template":"","format":"standard","meta":{"colormag_page_container_layout":"default_layout","colormag_page_sidebar_layout":"default_layout","om_disable_all_campaigns":false,"_monsterinsights_skip_tracking":false,"_monsterinsights_sitenote_active":false,"_monsterinsights_sitenote_note":"","_monsterinsights_sitenote_category":0,"footnotes":"","_wpscppro_dont_share_socialmedia":false,"_wpscppro_custom_social_share_image":0,"_facebook_share_type":"default","_twitter_share_type":"default","_linkedin_share_type":"default","_pinterest_share_type":"default","_linkedin_share_type_page":"","_instagram_share_type":"default","_medium_share_type":"default","_threads_share_type":"","_google_business_share_type":"","_selected_social_profile":[],"_wpsp_enable_custom_social_template":false,"_wpsp_social_scheduling":{"enabled":false,"datetime":null,"platforms":[],"status":"template_only","dateOption":"today","timeOption":"now","customDays":"","customHours":"","customDate":"","customTime":"","schedulingType":"absolute"},"_wpsp_active_default_template":true},"categories":[29],"tags":[],"class_list":["post-64107","post","type-post","status-publish","format-standard","has-post-thumbnail","hentry","category-economie"],"aioseo_notices":[],"yoast_head":"<!-- This site is optimized with the Yoast SEO plugin v27.5 - https:\/\/yoast.com\/product\/yoast-seo-wordpress\/ -->\n<title>N\u00e9gociations climatiques dans le cadre de la COP: Le constat s\u00e9v\u00e8re de l&rsquo;OPEP - La Sentinelle<\/title>\n<meta name=\"robots\" content=\"index, follow, max-snippet:-1, max-image-preview:large, max-video-preview:-1\" \/>\n<link rel=\"canonical\" href=\"https:\/\/lasentinelle.dz\/index.php\/2025\/03\/10\/negociations-climatiques-dans-le-cadre-de-la-cop-le-constat-severe-de-lopep\/\" \/>\n<meta property=\"og:locale\" content=\"fr_FR\" \/>\n<meta property=\"og:type\" content=\"article\" \/>\n<meta property=\"og:title\" content=\"N\u00e9gociations climatiques dans le cadre de la COP: Le constat s\u00e9v\u00e8re de l&rsquo;OPEP - La Sentinelle\" \/>\n<meta property=\"og:description\" content=\"Alors que la communaut\u00e9 internationale se pr\u00e9pare aux prochaines n\u00e9gociations climatiques, le Secr\u00e9taire G\u00e9n\u00e9ral de l&rsquo;Organisation des Pays Exportateurs de\" \/>\n<meta property=\"og:url\" content=\"https:\/\/lasentinelle.dz\/index.php\/2025\/03\/10\/negociations-climatiques-dans-le-cadre-de-la-cop-le-constat-severe-de-lopep\/\" \/>\n<meta property=\"og:site_name\" content=\"La Sentinelle\" \/>\n<meta property=\"article:publisher\" content=\"https:\/\/www.facebook.com\/La-Sentinelle-104059864394773\" \/>\n<meta property=\"article:published_time\" content=\"2025-03-10T12:00:17+00:00\" \/>\n<meta property=\"article:modified_time\" content=\"2025-03-10T12:00:18+00:00\" \/>\n<meta property=\"og:image\" content=\"https:\/\/lasentinelle.dz\/wp-content\/uploads\/2023\/04\/al-ghais.png\" \/>\n\t<meta property=\"og:image:width\" content=\"1351\" \/>\n\t<meta property=\"og:image:height\" content=\"900\" \/>\n\t<meta property=\"og:image:type\" content=\"image\/png\" \/>\n<meta name=\"author\" content=\"admin\" \/>\n<meta name=\"twitter:card\" content=\"summary_large_image\" \/>\n<meta name=\"twitter:label1\" content=\"\u00c9crit par\" \/>\n\t<meta name=\"twitter:data1\" content=\"admin\" \/>\n\t<meta name=\"twitter:label2\" content=\"Dur\u00e9e de lecture estim\u00e9e\" \/>\n\t<meta name=\"twitter:data2\" content=\"4 minutes\" \/>\n<script type=\"application\/ld+json\" class=\"yoast-schema-graph\">{\"@context\":\"https:\\\/\\\/schema.org\",\"@graph\":[{\"@type\":\"Article\",\"@id\":\"https:\\\/\\\/lasentinelle.dz\\\/index.php\\\/2025\\\/03\\\/10\\\/negociations-climatiques-dans-le-cadre-de-la-cop-le-constat-severe-de-lopep\\\/#article\",\"isPartOf\":{\"@id\":\"https:\\\/\\\/lasentinelle.dz\\\/index.php\\\/2025\\\/03\\\/10\\\/negociations-climatiques-dans-le-cadre-de-la-cop-le-constat-severe-de-lopep\\\/\"},\"author\":{\"name\":\"admin\",\"@id\":\"https:\\\/\\\/lasentinelle.dz\\\/#\\\/schema\\\/person\\\/729ee0024f24e0b8c5ec17232f8e8b41\"},\"headline\":\"N\u00e9gociations climatiques dans le cadre de la COP: Le constat s\u00e9v\u00e8re de l&rsquo;OPEP\",\"datePublished\":\"2025-03-10T12:00:17+00:00\",\"dateModified\":\"2025-03-10T12:00:18+00:00\",\"mainEntityOfPage\":{\"@id\":\"https:\\\/\\\/lasentinelle.dz\\\/index.php\\\/2025\\\/03\\\/10\\\/negociations-climatiques-dans-le-cadre-de-la-cop-le-constat-severe-de-lopep\\\/\"},\"wordCount\":788,\"commentCount\":0,\"publisher\":{\"@id\":\"https:\\\/\\\/lasentinelle.dz\\\/#organization\"},\"image\":{\"@id\":\"https:\\\/\\\/lasentinelle.dz\\\/index.php\\\/2025\\\/03\\\/10\\\/negociations-climatiques-dans-le-cadre-de-la-cop-le-constat-severe-de-lopep\\\/#primaryimage\"},\"thumbnailUrl\":\"https:\\\/\\\/lasentinelle.dz\\\/wp-content\\\/uploads\\\/2023\\\/04\\\/al-ghais.png\",\"articleSection\":[\"\u00c9conomie\"],\"inLanguage\":\"fr-FR\",\"potentialAction\":[{\"@type\":\"CommentAction\",\"name\":\"Comment\",\"target\":[\"https:\\\/\\\/lasentinelle.dz\\\/index.php\\\/2025\\\/03\\\/10\\\/negociations-climatiques-dans-le-cadre-de-la-cop-le-constat-severe-de-lopep\\\/#respond\"]}]},{\"@type\":\"WebPage\",\"@id\":\"https:\\\/\\\/lasentinelle.dz\\\/index.php\\\/2025\\\/03\\\/10\\\/negociations-climatiques-dans-le-cadre-de-la-cop-le-constat-severe-de-lopep\\\/\",\"url\":\"https:\\\/\\\/lasentinelle.dz\\\/index.php\\\/2025\\\/03\\\/10\\\/negociations-climatiques-dans-le-cadre-de-la-cop-le-constat-severe-de-lopep\\\/\",\"name\":\"N\u00e9gociations climatiques dans le cadre de la COP: Le constat s\u00e9v\u00e8re de l&rsquo;OPEP - La Sentinelle\",\"isPartOf\":{\"@id\":\"https:\\\/\\\/lasentinelle.dz\\\/#website\"},\"primaryImageOfPage\":{\"@id\":\"https:\\\/\\\/lasentinelle.dz\\\/index.php\\\/2025\\\/03\\\/10\\\/negociations-climatiques-dans-le-cadre-de-la-cop-le-constat-severe-de-lopep\\\/#primaryimage\"},\"image\":{\"@id\":\"https:\\\/\\\/lasentinelle.dz\\\/index.php\\\/2025\\\/03\\\/10\\\/negociations-climatiques-dans-le-cadre-de-la-cop-le-constat-severe-de-lopep\\\/#primaryimage\"},\"thumbnailUrl\":\"https:\\\/\\\/lasentinelle.dz\\\/wp-content\\\/uploads\\\/2023\\\/04\\\/al-ghais.png\",\"datePublished\":\"2025-03-10T12:00:17+00:00\",\"dateModified\":\"2025-03-10T12:00:18+00:00\",\"breadcrumb\":{\"@id\":\"https:\\\/\\\/lasentinelle.dz\\\/index.php\\\/2025\\\/03\\\/10\\\/negociations-climatiques-dans-le-cadre-de-la-cop-le-constat-severe-de-lopep\\\/#breadcrumb\"},\"inLanguage\":\"fr-FR\",\"potentialAction\":[{\"@type\":\"ReadAction\",\"target\":[\"https:\\\/\\\/lasentinelle.dz\\\/index.php\\\/2025\\\/03\\\/10\\\/negociations-climatiques-dans-le-cadre-de-la-cop-le-constat-severe-de-lopep\\\/\"]}]},{\"@type\":\"ImageObject\",\"inLanguage\":\"fr-FR\",\"@id\":\"https:\\\/\\\/lasentinelle.dz\\\/index.php\\\/2025\\\/03\\\/10\\\/negociations-climatiques-dans-le-cadre-de-la-cop-le-constat-severe-de-lopep\\\/#primaryimage\",\"url\":\"https:\\\/\\\/lasentinelle.dz\\\/wp-content\\\/uploads\\\/2023\\\/04\\\/al-ghais.png\",\"contentUrl\":\"https:\\\/\\\/lasentinelle.dz\\\/wp-content\\\/uploads\\\/2023\\\/04\\\/al-ghais.png\",\"width\":1351,\"height\":900},{\"@type\":\"BreadcrumbList\",\"@id\":\"https:\\\/\\\/lasentinelle.dz\\\/index.php\\\/2025\\\/03\\\/10\\\/negociations-climatiques-dans-le-cadre-de-la-cop-le-constat-severe-de-lopep\\\/#breadcrumb\",\"itemListElement\":[{\"@type\":\"ListItem\",\"position\":1,\"name\":\"Accueil\",\"item\":\"https:\\\/\\\/lasentinelle.dz\\\/\"},{\"@type\":\"ListItem\",\"position\":2,\"name\":\"N\u00e9gociations climatiques dans le cadre de la COP: Le constat s\u00e9v\u00e8re de l&rsquo;OPEP\"}]},{\"@type\":\"WebSite\",\"@id\":\"https:\\\/\\\/lasentinelle.dz\\\/#website\",\"url\":\"https:\\\/\\\/lasentinelle.dz\\\/\",\"name\":\"La Sentinelle\",\"description\":\"Quotidien national d&#039;information\",\"publisher\":{\"@id\":\"https:\\\/\\\/lasentinelle.dz\\\/#organization\"},\"potentialAction\":[{\"@type\":\"SearchAction\",\"target\":{\"@type\":\"EntryPoint\",\"urlTemplate\":\"https:\\\/\\\/lasentinelle.dz\\\/?s={search_term_string}\"},\"query-input\":{\"@type\":\"PropertyValueSpecification\",\"valueRequired\":true,\"valueName\":\"search_term_string\"}}],\"inLanguage\":\"fr-FR\"},{\"@type\":\"Organization\",\"@id\":\"https:\\\/\\\/lasentinelle.dz\\\/#organization\",\"name\":\"Quotidien La Sentinelle\",\"url\":\"https:\\\/\\\/lasentinelle.dz\\\/\",\"logo\":{\"@type\":\"ImageObject\",\"inLanguage\":\"fr-FR\",\"@id\":\"https:\\\/\\\/lasentinelle.dz\\\/#\\\/schema\\\/logo\\\/image\\\/\",\"url\":\"https:\\\/\\\/lasentinelle.dz\\\/wp-content\\\/uploads\\\/2021\\\/09\\\/logo-sentinelleSLOGAN-1.png\",\"contentUrl\":\"https:\\\/\\\/lasentinelle.dz\\\/wp-content\\\/uploads\\\/2021\\\/09\\\/logo-sentinelleSLOGAN-1.png\",\"width\":615,\"height\":142,\"caption\":\"Quotidien La Sentinelle\"},\"image\":{\"@id\":\"https:\\\/\\\/lasentinelle.dz\\\/#\\\/schema\\\/logo\\\/image\\\/\"},\"sameAs\":[\"https:\\\/\\\/www.facebook.com\\\/La-Sentinelle-104059864394773\"]},{\"@type\":\"Person\",\"@id\":\"https:\\\/\\\/lasentinelle.dz\\\/#\\\/schema\\\/person\\\/729ee0024f24e0b8c5ec17232f8e8b41\",\"name\":\"admin\",\"image\":{\"@type\":\"ImageObject\",\"inLanguage\":\"fr-FR\",\"@id\":\"https:\\\/\\\/secure.gravatar.com\\\/avatar\\\/4c81fed838786e9b53f540bf46533e750f5d292099ae3b66cfc6fb1982e29df7?s=96&d=mm&r=g\",\"url\":\"https:\\\/\\\/secure.gravatar.com\\\/avatar\\\/4c81fed838786e9b53f540bf46533e750f5d292099ae3b66cfc6fb1982e29df7?s=96&d=mm&r=g\",\"contentUrl\":\"https:\\\/\\\/secure.gravatar.com\\\/avatar\\\/4c81fed838786e9b53f540bf46533e750f5d292099ae3b66cfc6fb1982e29df7?s=96&d=mm&r=g\",\"caption\":\"admin\"},\"description\":\"admin\",\"url\":\"https:\\\/\\\/lasentinelle.dz\\\/author\\\/admin\\\/\"}]}<\/script>\n<!-- \/ Yoast SEO plugin. -->","yoast_head_json":{"title":"N\u00e9gociations climatiques dans le cadre de la COP: Le constat s\u00e9v\u00e8re de l&rsquo;OPEP - La Sentinelle","robots":{"index":"index","follow":"follow","max-snippet":"max-snippet:-1","max-image-preview":"max-image-preview:large","max-video-preview":"max-video-preview:-1"},"canonical":"https:\/\/lasentinelle.dz\/index.php\/2025\/03\/10\/negociations-climatiques-dans-le-cadre-de-la-cop-le-constat-severe-de-lopep\/","og_locale":"fr_FR","og_type":"article","og_title":"N\u00e9gociations climatiques dans le cadre de la COP: Le constat s\u00e9v\u00e8re de l&rsquo;OPEP - La Sentinelle","og_description":"Alors que la communaut\u00e9 internationale se pr\u00e9pare aux prochaines n\u00e9gociations climatiques, le Secr\u00e9taire G\u00e9n\u00e9ral de l&rsquo;Organisation des Pays Exportateurs de","og_url":"https:\/\/lasentinelle.dz\/index.php\/2025\/03\/10\/negociations-climatiques-dans-le-cadre-de-la-cop-le-constat-severe-de-lopep\/","og_site_name":"La Sentinelle","article_publisher":"https:\/\/www.facebook.com\/La-Sentinelle-104059864394773","article_published_time":"2025-03-10T12:00:17+00:00","article_modified_time":"2025-03-10T12:00:18+00:00","og_image":[{"width":1351,"height":900,"url":"https:\/\/lasentinelle.dz\/wp-content\/uploads\/2023\/04\/al-ghais.png","type":"image\/png"}],"author":"admin","twitter_card":"summary_large_image","twitter_misc":{"\u00c9crit par":"admin","Dur\u00e9e de lecture estim\u00e9e":"4 minutes"},"schema":{"@context":"https:\/\/schema.org","@graph":[{"@type":"Article","@id":"https:\/\/lasentinelle.dz\/index.php\/2025\/03\/10\/negociations-climatiques-dans-le-cadre-de-la-cop-le-constat-severe-de-lopep\/#article","isPartOf":{"@id":"https:\/\/lasentinelle.dz\/index.php\/2025\/03\/10\/negociations-climatiques-dans-le-cadre-de-la-cop-le-constat-severe-de-lopep\/"},"author":{"name":"admin","@id":"https:\/\/lasentinelle.dz\/#\/schema\/person\/729ee0024f24e0b8c5ec17232f8e8b41"},"headline":"N\u00e9gociations climatiques dans le cadre de la COP: Le constat s\u00e9v\u00e8re de l&rsquo;OPEP","datePublished":"2025-03-10T12:00:17+00:00","dateModified":"2025-03-10T12:00:18+00:00","mainEntityOfPage":{"@id":"https:\/\/lasentinelle.dz\/index.php\/2025\/03\/10\/negociations-climatiques-dans-le-cadre-de-la-cop-le-constat-severe-de-lopep\/"},"wordCount":788,"commentCount":0,"publisher":{"@id":"https:\/\/lasentinelle.dz\/#organization"},"image":{"@id":"https:\/\/lasentinelle.dz\/index.php\/2025\/03\/10\/negociations-climatiques-dans-le-cadre-de-la-cop-le-constat-severe-de-lopep\/#primaryimage"},"thumbnailUrl":"https:\/\/lasentinelle.dz\/wp-content\/uploads\/2023\/04\/al-ghais.png","articleSection":["\u00c9conomie"],"inLanguage":"fr-FR","potentialAction":[{"@type":"CommentAction","name":"Comment","target":["https:\/\/lasentinelle.dz\/index.php\/2025\/03\/10\/negociations-climatiques-dans-le-cadre-de-la-cop-le-constat-severe-de-lopep\/#respond"]}]},{"@type":"WebPage","@id":"https:\/\/lasentinelle.dz\/index.php\/2025\/03\/10\/negociations-climatiques-dans-le-cadre-de-la-cop-le-constat-severe-de-lopep\/","url":"https:\/\/lasentinelle.dz\/index.php\/2025\/03\/10\/negociations-climatiques-dans-le-cadre-de-la-cop-le-constat-severe-de-lopep\/","name":"N\u00e9gociations climatiques dans le cadre de la COP: Le constat s\u00e9v\u00e8re de l&rsquo;OPEP - La Sentinelle","isPartOf":{"@id":"https:\/\/lasentinelle.dz\/#website"},"primaryImageOfPage":{"@id":"https:\/\/lasentinelle.dz\/index.php\/2025\/03\/10\/negociations-climatiques-dans-le-cadre-de-la-cop-le-constat-severe-de-lopep\/#primaryimage"},"image":{"@id":"https:\/\/lasentinelle.dz\/index.php\/2025\/03\/10\/negociations-climatiques-dans-le-cadre-de-la-cop-le-constat-severe-de-lopep\/#primaryimage"},"thumbnailUrl":"https:\/\/lasentinelle.dz\/wp-content\/uploads\/2023\/04\/al-ghais.png","datePublished":"2025-03-10T12:00:17+00:00","dateModified":"2025-03-10T12:00:18+00:00","breadcrumb":{"@id":"https:\/\/lasentinelle.dz\/index.php\/2025\/03\/10\/negociations-climatiques-dans-le-cadre-de-la-cop-le-constat-severe-de-lopep\/#breadcrumb"},"inLanguage":"fr-FR","potentialAction":[{"@type":"ReadAction","target":["https:\/\/lasentinelle.dz\/index.php\/2025\/03\/10\/negociations-climatiques-dans-le-cadre-de-la-cop-le-constat-severe-de-lopep\/"]}]},{"@type":"ImageObject","inLanguage":"fr-FR","@id":"https:\/\/lasentinelle.dz\/index.php\/2025\/03\/10\/negociations-climatiques-dans-le-cadre-de-la-cop-le-constat-severe-de-lopep\/#primaryimage","url":"https:\/\/lasentinelle.dz\/wp-content\/uploads\/2023\/04\/al-ghais.png","contentUrl":"https:\/\/lasentinelle.dz\/wp-content\/uploads\/2023\/04\/al-ghais.png","width":1351,"height":900},{"@type":"BreadcrumbList","@id":"https:\/\/lasentinelle.dz\/index.php\/2025\/03\/10\/negociations-climatiques-dans-le-cadre-de-la-cop-le-constat-severe-de-lopep\/#breadcrumb","itemListElement":[{"@type":"ListItem","position":1,"name":"Accueil","item":"https:\/\/lasentinelle.dz\/"},{"@type":"ListItem","position":2,"name":"N\u00e9gociations climatiques dans le cadre de la COP: Le constat s\u00e9v\u00e8re de l&rsquo;OPEP"}]},{"@type":"WebSite","@id":"https:\/\/lasentinelle.dz\/#website","url":"https:\/\/lasentinelle.dz\/","name":"La Sentinelle","description":"Quotidien national d&#039;information","publisher":{"@id":"https:\/\/lasentinelle.dz\/#organization"},"potentialAction":[{"@type":"SearchAction","target":{"@type":"EntryPoint","urlTemplate":"https:\/\/lasentinelle.dz\/?s={search_term_string}"},"query-input":{"@type":"PropertyValueSpecification","valueRequired":true,"valueName":"search_term_string"}}],"inLanguage":"fr-FR"},{"@type":"Organization","@id":"https:\/\/lasentinelle.dz\/#organization","name":"Quotidien La Sentinelle","url":"https:\/\/lasentinelle.dz\/","logo":{"@type":"ImageObject","inLanguage":"fr-FR","@id":"https:\/\/lasentinelle.dz\/#\/schema\/logo\/image\/","url":"https:\/\/lasentinelle.dz\/wp-content\/uploads\/2021\/09\/logo-sentinelleSLOGAN-1.png","contentUrl":"https:\/\/lasentinelle.dz\/wp-content\/uploads\/2021\/09\/logo-sentinelleSLOGAN-1.png","width":615,"height":142,"caption":"Quotidien La Sentinelle"},"image":{"@id":"https:\/\/lasentinelle.dz\/#\/schema\/logo\/image\/"},"sameAs":["https:\/\/www.facebook.com\/La-Sentinelle-104059864394773"]},{"@type":"Person","@id":"https:\/\/lasentinelle.dz\/#\/schema\/person\/729ee0024f24e0b8c5ec17232f8e8b41","name":"admin","image":{"@type":"ImageObject","inLanguage":"fr-FR","@id":"https:\/\/secure.gravatar.com\/avatar\/4c81fed838786e9b53f540bf46533e750f5d292099ae3b66cfc6fb1982e29df7?s=96&d=mm&r=g","url":"https:\/\/secure.gravatar.com\/avatar\/4c81fed838786e9b53f540bf46533e750f5d292099ae3b66cfc6fb1982e29df7?s=96&d=mm&r=g","contentUrl":"https:\/\/secure.gravatar.com\/avatar\/4c81fed838786e9b53f540bf46533e750f5d292099ae3b66cfc6fb1982e29df7?s=96&d=mm&r=g","caption":"admin"},"description":"admin","url":"https:\/\/lasentinelle.dz\/author\/admin\/"}]}},"_links":{"self":[{"href":"https:\/\/lasentinelle.dz\/index.php\/wp-json\/wp\/v2\/posts\/64107","targetHints":{"allow":["GET"]}}],"collection":[{"href":"https:\/\/lasentinelle.dz\/index.php\/wp-json\/wp\/v2\/posts"}],"about":[{"href":"https:\/\/lasentinelle.dz\/index.php\/wp-json\/wp\/v2\/types\/post"}],"author":[{"embeddable":true,"href":"https:\/\/lasentinelle.dz\/index.php\/wp-json\/wp\/v2\/users\/6"}],"replies":[{"embeddable":true,"href":"https:\/\/lasentinelle.dz\/index.php\/wp-json\/wp\/v2\/comments?post=64107"}],"version-history":[{"count":2,"href":"https:\/\/lasentinelle.dz\/index.php\/wp-json\/wp\/v2\/posts\/64107\/revisions"}],"predecessor-version":[{"id":64109,"href":"https:\/\/lasentinelle.dz\/index.php\/wp-json\/wp\/v2\/posts\/64107\/revisions\/64109"}],"wp:featuredmedia":[{"embeddable":true,"href":"https:\/\/lasentinelle.dz\/index.php\/wp-json\/wp\/v2\/media\/40250"}],"wp:attachment":[{"href":"https:\/\/lasentinelle.dz\/index.php\/wp-json\/wp\/v2\/media?parent=64107"}],"wp:term":[{"taxonomy":"category","embeddable":true,"href":"https:\/\/lasentinelle.dz\/index.php\/wp-json\/wp\/v2\/categories?post=64107"},{"taxonomy":"post_tag","embeddable":true,"href":"https:\/\/lasentinelle.dz\/index.php\/wp-json\/wp\/v2\/tags?post=64107"}],"curies":[{"name":"wp","href":"https:\/\/api.w.org\/{rel}","templated":true}]}}