{"id":64140,"date":"2025-03-10T13:21:04","date_gmt":"2025-03-10T12:21:04","guid":{"rendered":"https:\/\/lasentinelle.dz\/?p=64140"},"modified":"2025-03-10T13:21:05","modified_gmt":"2025-03-10T12:21:05","slug":"pour-contrer-la-flambee-des-prix-des-betes-tebboune-ordonne-limportation-de-moutons-pour-laid","status":"publish","type":"post","link":"https:\/\/lasentinelle.dz\/index.php\/2025\/03\/10\/pour-contrer-la-flambee-des-prix-des-betes-tebboune-ordonne-limportation-de-moutons-pour-laid\/","title":{"rendered":"Pour contrer la flamb\u00e9e des prix des b\u00eates : Tebboune ordonne l&rsquo;importation de moutons pour l&rsquo;A\u00efd"},"content":{"rendered":"\n<p>Le pr\u00e9sident de la R\u00e9publique, M. Abdelmadjid Tebboune, Commandant supr\u00eame des Forces arm\u00e9es et ministre de la D\u00e9fense nationale, a pr\u00e9sid\u00e9 hier une r\u00e9union du Conseil des ministres consacr\u00e9e \u00e0 plusieurs dossiers strat\u00e9giques. Parmi les sujets abord\u00e9s figuraient l&rsquo;avancement de la r\u00e9alisation du tron\u00e7on ferroviaire reliant Gara Djebilet \u00e0 B\u00e9char, les \u00e9tudes pr\u00e9liminaires des projets ferroviaires Laghouat-Tamanrasset et El Meniaa-Timimoun-Adrar, ainsi que l&rsquo;\u00e9tude de la possibilit\u00e9 d&rsquo;importer du b\u00e9tail en pr\u00e9vision de l&rsquo;A\u00efd Al-Adha.<\/p>\n\n\n\n<p>\u00c0 l&rsquo;approche de la f\u00eate de l&rsquo;A\u00efd el-Adha, le pr\u00e9sident de la R\u00e9publique a mis\u00e9 sur l&rsquo;importation de moutons pour permettre aux citoyens d&rsquo;accomplir le rituel du sacrifice dans un contexte marqu\u00e9 par une flamb\u00e9e des prix des b\u00eates.<\/p>\n\n\n\n<p>Ces derni\u00e8res ann\u00e9es, les prix du b\u00e9tail, particuli\u00e8rement des moutons, ont atteint des niveaux sans pr\u00e9c\u00e9dent. Cette flamb\u00e9e s&rsquo;explique principalement par la diminution du nombre de t\u00eates disponibles sur le march\u00e9 national, cons\u00e9quence directe de l&rsquo;irr\u00e9gularit\u00e9 des pluies, de la s\u00e9cheresse persistante et du manque de fourrages qui affectent le pays. Si la question de l&rsquo;approvisionnement en viande du march\u00e9 national durant le mois de Ramadan a pu \u00eatre en grande partie r\u00e9gl\u00e9e par des importations, celle li\u00e9e au rituel du sacrifice de l&rsquo;A\u00efd el-Adha restait jusqu&rsquo;\u00e0 pr\u00e9sent sans r\u00e9ponse concr\u00e8te.<\/p>\n\n\n\n<p>Lors de la r\u00e9union du Conseil des ministres, le pr\u00e9sident de la R\u00e9publique a ordonn\u00e9 au ministre de l&rsquo;Agriculture de pr\u00e9parer dans les plus brefs d\u00e9lais un cahier des charges pour lancer une consultation internationale avec des pays capables d&rsquo;approvisionner l&rsquo;Alg\u00e9rie jusqu&rsquo;\u00e0 un million de t\u00eates de b\u00e9tail. Cette initiative vise non seulement \u00e0 r\u00e9pondre \u00e0 la demande croissante, mais aussi \u00e0 r\u00e9guler les prix sur le march\u00e9 local.<\/p>\n\n\n\n<p>\u00ab\u00a0Le cahier des charges devra imp\u00e9rativement inclure un plafonnement des prix\u00a0\u00bb, a insist\u00e9 le pr\u00e9sident Tebboune, soulignant ainsi la volont\u00e9 de l&rsquo;\u00c9tat de prot\u00e9ger le pouvoir d&rsquo;achat des citoyens. Pour garantir l&rsquo;efficacit\u00e9 de cette mesure, l&rsquo;\u00c9tat prendra en charge l&rsquo;importation par le biais de ses institutions et organismes sp\u00e9cialis\u00e9s dans la fili\u00e8re ovine.<\/p>\n\n\n\n<p>Au-del\u00e0 de l&rsquo;importation elle-m\u00eame, un dispositif de distribution structur\u00e9 pour ces moutons est pr\u00e9vu. Le pr\u00e9sident a ainsi ordonn\u00e9 de travailler avec des coop\u00e9ratives publiques sp\u00e9cialis\u00e9es \u00e0 travers les diff\u00e9rentes wilayas du pays pour organiser la vente des moutons destin\u00e9s au sacrifice. La distribution s&rsquo;appuiera \u00e9galement sur les services sociaux des organismes, institutions et entreprises publiques, qui se chargeront de la coordination avec les partenaires sociaux. Cette approche vise \u00e0 garantir une r\u00e9partition \u00e9quitable et \u00e0 \u00e9viter la sp\u00e9culation qui accompagne g\u00e9n\u00e9ralement la p\u00e9riode pr\u00e9c\u00e9dant l&rsquo;A\u00efd el-Adha.<\/p>\n\n\n\n<p>Cette d\u00e9cision gouvernementale a re\u00e7u un accueil favorable de la part des organisations de protection des consommateurs. Mustapha Zebdi, pr\u00e9sident de l&rsquo;Association alg\u00e9rienne de protection des consommateurs (Apoce), a qualifi\u00e9 cette initiative de \u00ab\u00a0louable\u00a0\u00bb, estimant qu&rsquo;elle permettrait de pr\u00e9venir \u00ab\u00a0une \u00e9ventuelle flamb\u00e9e record des prix\u00a0\u00bb des moutons \u00e0 l&rsquo;approche de la f\u00eate religieuse.<\/p>\n\n\n\n<p>\u00ab\u00a0En ouvrant les portes \u00e0 l&rsquo;importation en pr\u00e9vision de la f\u00eate du sacrifice, l&rsquo;Alg\u00e9rie vise non seulement \u00e0 pallier le manque de moutons sur le march\u00e9 pour satisfaire la demande, mais aussi \u00e0 contenir la hausse exag\u00e9r\u00e9e des prix du b\u00e9tail\u00a0\u00bb, a-t-il d\u00e9clar\u00e9 sur sa page Facebook ce dimanche.<\/p>\n\n\n\n<p>Cette mesure devrait \u00e9galement contribuer \u00e0 pr\u00e9server le cheptel ovin national, en r\u00e9duisant l&rsquo;\u00e9puisement des r\u00e9serves de productivit\u00e9 du pays. En effet, l&rsquo;importation temporaire de moutons destin\u00e9s au sacrifice permettra de soulager la pression sur le b\u00e9tail local, offrant ainsi aux \u00e9leveurs alg\u00e9riens la possibilit\u00e9 de reconstituer leurs troupeaux.<\/p>\n\n\n\n<p><strong>Des projets ferroviaires strat\u00e9giques<\/strong><\/p>\n\n\n\n<p>Cette discussion sur l&rsquo;importation de b\u00e9tail s&rsquo;est inscrite dans une r\u00e9union plus large du Conseil des ministres, qui a \u00e9galement abord\u00e9 d&rsquo;importants projets d&rsquo;infrastructure. Parmi eux, le pr\u00e9sident a ordonn\u00e9 le lancement imm\u00e9diat de la concr\u00e9tisation du projet de ligne ferroviaire reliant Laghouat \u00e0 Tamanrasset, ainsi que de la ligne El Meniaa-Timimoun-Adrar.<\/p>\n\n\n\n<p>Ces projets ferroviaires s&rsquo;inscrivent dans une vision plus large de d\u00e9veloppement des infrastructures nationales qui pr\u00e9voient de relier le Nord et le Sud par le rail et qui s&rsquo;inscrivent dans le cadre du projet de connexions ferroviaires entre Alger et Tamanrasset et Alger et Adrar. Le ministre des Travaux publics et des Infrastructures de base, Lakhdar Rekhroukh, avait annonc\u00e9 le 8 f\u00e9vrier dernier que les premiers coups de pioche des tron\u00e7ons manquants de la ligne Alger-Tamanrasset, longue de plus de 2000 km, seraient donn\u00e9s cette ann\u00e9e.<\/p>\n\n\n\n<p>Ce chantier colossal, qui s&rsquo;\u00e9tend sur 2039 km et traverse 10 wilayas, permettra de relier le nord et l&rsquo;extr\u00eame sud du pays. Il s&rsquo;agit du troisi\u00e8me grand projet ferroviaire que l&rsquo;Alg\u00e9rie met en chantier en 2025, apr\u00e8s les lignes reliant Gara Djebilet (Tindouf) \u00e0 B\u00e9char sur 950 km, et Djebel Onk (T\u00e9bessa) \u00e0 Annaba, destin\u00e9es respectivement au transport du minerai de fer et du phosphate. Selon les pr\u00e9visions, le r\u00e9seau ferroviaire alg\u00e9rien passera de 4737 km actuellement \u00e0 pr\u00e8s de 10 000 km avec l&rsquo;ach\u00e8vement de la ligne Alger-Tamanrasset, avant d&rsquo;atteindre \u00e0 terme 15 000 km de voies ferr\u00e9es.<\/p>\n\n\n\n<p>D&rsquo;autres dossiers ont \u00e9t\u00e9 examin\u00e9s. Suite \u00e0 un expos\u00e9 d\u00e9taill\u00e9 pr\u00e9sent\u00e9 par la Haute commissaire \u00e0 la num\u00e9risation sur l&rsquo;interconnexion num\u00e9rique des donn\u00e9es fiscales nationales avec la base de donn\u00e9es num\u00e9rique nationale, le pr\u00e9sident a ordonn\u00e9 d&rsquo;acc\u00e9l\u00e9rer davantage le projet de connexion dans ce domaine afin d&rsquo;\u00e9liminer toutes les formes d&rsquo;intervention humaine dans la gestion des donn\u00e9es. Cette d\u00e9marche facilitera les missions des investisseurs d&rsquo;une part et assurera la transparence dans la collecte, le suivi et la rectification fiscale, puisque le processus deviendra enti\u00e8rement \u00e9lectronique. Concernant le secteur du marbre, le pr\u00e9sident de la R\u00e9publique a ordonn\u00e9 l&rsquo;organisation de ce domaine traditionnel et strat\u00e9gique et la coop\u00e9ration avec des partenaires internationaux professionnels et leaders dans cette industrie. Pour soutenir la production nationale, il a ordonn\u00e9 l&rsquo;interdiction de toute importation de plaques de marbre pr\u00eates \u00e0 l&#8217;emploi, tout en initiant de nouveaux investissements et en introduisant des r\u00e9formes dans cette industrie. Le pr\u00e9sident Tebboune a encourag\u00e9 les responsables de ce secteur \u00e0 augmenter le plafond d&rsquo;investissement de mani\u00e8re rigoureusement \u00e9tudi\u00e9e, car il repr\u00e9sente une source non n\u00e9gligeable de devises et permet de cr\u00e9er des emplois pour les jeunes.<\/p>\n\n\n\n<p>En ce qui concerne la rentr\u00e9e de la formation professionnelle de f\u00e9vrier 2025, le pr\u00e9sident a confirm\u00e9 que le secteur attire d\u00e9sormais les jeunes, le minist\u00e8re ayant adopt\u00e9 une nouvelle vision de la formation qui r\u00e9pond aux demandes du march\u00e9 dans des sp\u00e9cialit\u00e9s strat\u00e9giques. Il a ordonn\u00e9 une formation accrue des jeunes dans le secteur agricole, particuli\u00e8rement dans les fili\u00e8res d&rsquo;\u00e9levage dans le cadre de la production familiale, l&rsquo;arboriculture, ainsi que les jardins de fleurs \u00e0 usage \u00e9tendu, ce qui permet l&rsquo;utilisation des technologies scientifiques modernes. Le pr\u00e9sident a \u00e9galement ordonn\u00e9 l&rsquo;organisation d&rsquo;une exposition nationale d\u00e9di\u00e9e aux petits \u00e9leveurs de b\u00e9tail en coordination avec le minist\u00e8re de l&rsquo;Agriculture.<\/p>\n\n\n\n<p>Avant la cl\u00f4ture, le Conseil des ministres a approuv\u00e9 un d\u00e9cret pr\u00e9sidentiel comportant un accord entre l&rsquo;Alg\u00e9rie et la Slov\u00e9nie amie sur l&rsquo;exemption mutuelle des exigences de visa de court s\u00e9jour pour les titulaires de passeports diplomatiques et de mission.<\/p>\n\n\n\n<p>Samir Benisid<\/p>\n","protected":false},"excerpt":{"rendered":"<p>Le pr\u00e9sident de la R\u00e9publique, M. Abdelmadjid Tebboune, Commandant supr\u00eame des Forces arm\u00e9es et ministre de la D\u00e9fense nationale, a<\/p>\n","protected":false},"author":6,"featured_media":64141,"comment_status":"open","ping_status":"closed","sticky":false,"template":"","format":"standard","meta":{"colormag_page_container_layout":"default_layout","colormag_page_sidebar_layout":"default_layout","om_disable_all_campaigns":false,"_monsterinsights_skip_tracking":false,"_monsterinsights_sitenote_active":false,"_monsterinsights_sitenote_note":"","_monsterinsights_sitenote_category":0,"footnotes":"","_wpscppro_dont_share_socialmedia":false,"_wpscppro_custom_social_share_image":0,"_facebook_share_type":"default","_twitter_share_type":"default","_linkedin_share_type":"default","_pinterest_share_type":"default","_linkedin_share_type_page":"","_instagram_share_type":"default","_medium_share_type":"default","_threads_share_type":"","_google_business_share_type":"","_selected_social_profile":[],"_wpsp_enable_custom_social_template":false,"_wpsp_social_scheduling":{"enabled":false,"datetime":null,"platforms":[],"status":"template_only","dateOption":"today","timeOption":"now","customDays":"","customHours":"","customDate":"","customTime":"","schedulingType":"absolute"},"_wpsp_active_default_template":true},"categories":[52,27],"tags":[],"class_list":["post-64140","post","type-post","status-publish","format-standard","has-post-thumbnail","hentry","category-a-la-une","category-actualite"],"aioseo_notices":[],"yoast_head":"<!-- This site is optimized with the Yoast SEO plugin v27.5 - https:\/\/yoast.com\/product\/yoast-seo-wordpress\/ -->\n<title>Pour contrer la flamb\u00e9e des prix des b\u00eates : Tebboune ordonne l&rsquo;importation de moutons pour l&rsquo;A\u00efd - La Sentinelle<\/title>\n<meta name=\"robots\" content=\"index, follow, max-snippet:-1, max-image-preview:large, max-video-preview:-1\" \/>\n<link rel=\"canonical\" href=\"https:\/\/lasentinelle.dz\/index.php\/2025\/03\/10\/pour-contrer-la-flambee-des-prix-des-betes-tebboune-ordonne-limportation-de-moutons-pour-laid\/\" \/>\n<meta property=\"og:locale\" content=\"fr_FR\" \/>\n<meta property=\"og:type\" content=\"article\" \/>\n<meta property=\"og:title\" content=\"Pour contrer la flamb\u00e9e des prix des b\u00eates : Tebboune ordonne l&rsquo;importation de moutons pour l&rsquo;A\u00efd - La Sentinelle\" \/>\n<meta property=\"og:description\" content=\"Le pr\u00e9sident de la R\u00e9publique, M. Abdelmadjid Tebboune, Commandant supr\u00eame des Forces arm\u00e9es et ministre de la D\u00e9fense nationale, a\" \/>\n<meta property=\"og:url\" content=\"https:\/\/lasentinelle.dz\/index.php\/2025\/03\/10\/pour-contrer-la-flambee-des-prix-des-betes-tebboune-ordonne-limportation-de-moutons-pour-laid\/\" \/>\n<meta property=\"og:site_name\" content=\"La Sentinelle\" \/>\n<meta property=\"article:publisher\" content=\"https:\/\/www.facebook.com\/La-Sentinelle-104059864394773\" \/>\n<meta property=\"article:published_time\" content=\"2025-03-10T12:21:04+00:00\" \/>\n<meta property=\"article:modified_time\" content=\"2025-03-10T12:21:05+00:00\" \/>\n<meta property=\"og:image\" content=\"https:\/\/lasentinelle.dz\/wp-content\/uploads\/2025\/03\/tebboune.jpg\" \/>\n\t<meta property=\"og:image:width\" content=\"2048\" \/>\n\t<meta property=\"og:image:height\" content=\"1366\" \/>\n\t<meta property=\"og:image:type\" content=\"image\/jpeg\" \/>\n<meta name=\"author\" content=\"admin\" \/>\n<meta name=\"twitter:card\" content=\"summary_large_image\" \/>\n<meta name=\"twitter:label1\" content=\"\u00c9crit par\" \/>\n\t<meta name=\"twitter:data1\" content=\"admin\" \/>\n\t<meta name=\"twitter:label2\" content=\"Dur\u00e9e de lecture estim\u00e9e\" \/>\n\t<meta name=\"twitter:data2\" content=\"7 minutes\" \/>\n<script type=\"application\/ld+json\" class=\"yoast-schema-graph\">{\"@context\":\"https:\\\/\\\/schema.org\",\"@graph\":[{\"@type\":\"Article\",\"@id\":\"https:\\\/\\\/lasentinelle.dz\\\/index.php\\\/2025\\\/03\\\/10\\\/pour-contrer-la-flambee-des-prix-des-betes-tebboune-ordonne-limportation-de-moutons-pour-laid\\\/#article\",\"isPartOf\":{\"@id\":\"https:\\\/\\\/lasentinelle.dz\\\/index.php\\\/2025\\\/03\\\/10\\\/pour-contrer-la-flambee-des-prix-des-betes-tebboune-ordonne-limportation-de-moutons-pour-laid\\\/\"},\"author\":{\"name\":\"admin\",\"@id\":\"https:\\\/\\\/lasentinelle.dz\\\/#\\\/schema\\\/person\\\/729ee0024f24e0b8c5ec17232f8e8b41\"},\"headline\":\"Pour contrer la flamb\u00e9e des prix des b\u00eates : Tebboune ordonne l&rsquo;importation de moutons pour l&rsquo;A\u00efd\",\"datePublished\":\"2025-03-10T12:21:04+00:00\",\"dateModified\":\"2025-03-10T12:21:05+00:00\",\"mainEntityOfPage\":{\"@id\":\"https:\\\/\\\/lasentinelle.dz\\\/index.php\\\/2025\\\/03\\\/10\\\/pour-contrer-la-flambee-des-prix-des-betes-tebboune-ordonne-limportation-de-moutons-pour-laid\\\/\"},\"wordCount\":1354,\"commentCount\":0,\"publisher\":{\"@id\":\"https:\\\/\\\/lasentinelle.dz\\\/#organization\"},\"image\":{\"@id\":\"https:\\\/\\\/lasentinelle.dz\\\/index.php\\\/2025\\\/03\\\/10\\\/pour-contrer-la-flambee-des-prix-des-betes-tebboune-ordonne-limportation-de-moutons-pour-laid\\\/#primaryimage\"},\"thumbnailUrl\":\"https:\\\/\\\/lasentinelle.dz\\\/wp-content\\\/uploads\\\/2025\\\/03\\\/tebboune.jpg\",\"articleSection\":[\"\u00c0 la Une\",\"Actualit\u00e9\"],\"inLanguage\":\"fr-FR\",\"potentialAction\":[{\"@type\":\"CommentAction\",\"name\":\"Comment\",\"target\":[\"https:\\\/\\\/lasentinelle.dz\\\/index.php\\\/2025\\\/03\\\/10\\\/pour-contrer-la-flambee-des-prix-des-betes-tebboune-ordonne-limportation-de-moutons-pour-laid\\\/#respond\"]}]},{\"@type\":\"WebPage\",\"@id\":\"https:\\\/\\\/lasentinelle.dz\\\/index.php\\\/2025\\\/03\\\/10\\\/pour-contrer-la-flambee-des-prix-des-betes-tebboune-ordonne-limportation-de-moutons-pour-laid\\\/\",\"url\":\"https:\\\/\\\/lasentinelle.dz\\\/index.php\\\/2025\\\/03\\\/10\\\/pour-contrer-la-flambee-des-prix-des-betes-tebboune-ordonne-limportation-de-moutons-pour-laid\\\/\",\"name\":\"Pour contrer la flamb\u00e9e des prix des b\u00eates : Tebboune ordonne l&rsquo;importation de moutons pour l&rsquo;A\u00efd - La Sentinelle\",\"isPartOf\":{\"@id\":\"https:\\\/\\\/lasentinelle.dz\\\/#website\"},\"primaryImageOfPage\":{\"@id\":\"https:\\\/\\\/lasentinelle.dz\\\/index.php\\\/2025\\\/03\\\/10\\\/pour-contrer-la-flambee-des-prix-des-betes-tebboune-ordonne-limportation-de-moutons-pour-laid\\\/#primaryimage\"},\"image\":{\"@id\":\"https:\\\/\\\/lasentinelle.dz\\\/index.php\\\/2025\\\/03\\\/10\\\/pour-contrer-la-flambee-des-prix-des-betes-tebboune-ordonne-limportation-de-moutons-pour-laid\\\/#primaryimage\"},\"thumbnailUrl\":\"https:\\\/\\\/lasentinelle.dz\\\/wp-content\\\/uploads\\\/2025\\\/03\\\/tebboune.jpg\",\"datePublished\":\"2025-03-10T12:21:04+00:00\",\"dateModified\":\"2025-03-10T12:21:05+00:00\",\"breadcrumb\":{\"@id\":\"https:\\\/\\\/lasentinelle.dz\\\/index.php\\\/2025\\\/03\\\/10\\\/pour-contrer-la-flambee-des-prix-des-betes-tebboune-ordonne-limportation-de-moutons-pour-laid\\\/#breadcrumb\"},\"inLanguage\":\"fr-FR\",\"potentialAction\":[{\"@type\":\"ReadAction\",\"target\":[\"https:\\\/\\\/lasentinelle.dz\\\/index.php\\\/2025\\\/03\\\/10\\\/pour-contrer-la-flambee-des-prix-des-betes-tebboune-ordonne-limportation-de-moutons-pour-laid\\\/\"]}]},{\"@type\":\"ImageObject\",\"inLanguage\":\"fr-FR\",\"@id\":\"https:\\\/\\\/lasentinelle.dz\\\/index.php\\\/2025\\\/03\\\/10\\\/pour-contrer-la-flambee-des-prix-des-betes-tebboune-ordonne-limportation-de-moutons-pour-laid\\\/#primaryimage\",\"url\":\"https:\\\/\\\/lasentinelle.dz\\\/wp-content\\\/uploads\\\/2025\\\/03\\\/tebboune.jpg\",\"contentUrl\":\"https:\\\/\\\/lasentinelle.dz\\\/wp-content\\\/uploads\\\/2025\\\/03\\\/tebboune.jpg\",\"width\":2048,\"height\":1366},{\"@type\":\"BreadcrumbList\",\"@id\":\"https:\\\/\\\/lasentinelle.dz\\\/index.php\\\/2025\\\/03\\\/10\\\/pour-contrer-la-flambee-des-prix-des-betes-tebboune-ordonne-limportation-de-moutons-pour-laid\\\/#breadcrumb\",\"itemListElement\":[{\"@type\":\"ListItem\",\"position\":1,\"name\":\"Accueil\",\"item\":\"https:\\\/\\\/lasentinelle.dz\\\/\"},{\"@type\":\"ListItem\",\"position\":2,\"name\":\"Pour contrer la flamb\u00e9e des prix des b\u00eates : Tebboune ordonne l&rsquo;importation de moutons pour l&rsquo;A\u00efd\"}]},{\"@type\":\"WebSite\",\"@id\":\"https:\\\/\\\/lasentinelle.dz\\\/#website\",\"url\":\"https:\\\/\\\/lasentinelle.dz\\\/\",\"name\":\"La Sentinelle\",\"description\":\"Quotidien national d&#039;information\",\"publisher\":{\"@id\":\"https:\\\/\\\/lasentinelle.dz\\\/#organization\"},\"potentialAction\":[{\"@type\":\"SearchAction\",\"target\":{\"@type\":\"EntryPoint\",\"urlTemplate\":\"https:\\\/\\\/lasentinelle.dz\\\/?s={search_term_string}\"},\"query-input\":{\"@type\":\"PropertyValueSpecification\",\"valueRequired\":true,\"valueName\":\"search_term_string\"}}],\"inLanguage\":\"fr-FR\"},{\"@type\":\"Organization\",\"@id\":\"https:\\\/\\\/lasentinelle.dz\\\/#organization\",\"name\":\"Quotidien La Sentinelle\",\"url\":\"https:\\\/\\\/lasentinelle.dz\\\/\",\"logo\":{\"@type\":\"ImageObject\",\"inLanguage\":\"fr-FR\",\"@id\":\"https:\\\/\\\/lasentinelle.dz\\\/#\\\/schema\\\/logo\\\/image\\\/\",\"url\":\"https:\\\/\\\/lasentinelle.dz\\\/wp-content\\\/uploads\\\/2021\\\/09\\\/logo-sentinelleSLOGAN-1.png\",\"contentUrl\":\"https:\\\/\\\/lasentinelle.dz\\\/wp-content\\\/uploads\\\/2021\\\/09\\\/logo-sentinelleSLOGAN-1.png\",\"width\":615,\"height\":142,\"caption\":\"Quotidien La Sentinelle\"},\"image\":{\"@id\":\"https:\\\/\\\/lasentinelle.dz\\\/#\\\/schema\\\/logo\\\/image\\\/\"},\"sameAs\":[\"https:\\\/\\\/www.facebook.com\\\/La-Sentinelle-104059864394773\"]},{\"@type\":\"Person\",\"@id\":\"https:\\\/\\\/lasentinelle.dz\\\/#\\\/schema\\\/person\\\/729ee0024f24e0b8c5ec17232f8e8b41\",\"name\":\"admin\",\"image\":{\"@type\":\"ImageObject\",\"inLanguage\":\"fr-FR\",\"@id\":\"https:\\\/\\\/secure.gravatar.com\\\/avatar\\\/4c81fed838786e9b53f540bf46533e750f5d292099ae3b66cfc6fb1982e29df7?s=96&d=mm&r=g\",\"url\":\"https:\\\/\\\/secure.gravatar.com\\\/avatar\\\/4c81fed838786e9b53f540bf46533e750f5d292099ae3b66cfc6fb1982e29df7?s=96&d=mm&r=g\",\"contentUrl\":\"https:\\\/\\\/secure.gravatar.com\\\/avatar\\\/4c81fed838786e9b53f540bf46533e750f5d292099ae3b66cfc6fb1982e29df7?s=96&d=mm&r=g\",\"caption\":\"admin\"},\"description\":\"admin\",\"url\":\"https:\\\/\\\/lasentinelle.dz\\\/author\\\/admin\\\/\"}]}<\/script>\n<!-- \/ Yoast SEO plugin. -->","yoast_head_json":{"title":"Pour contrer la flamb\u00e9e des prix des b\u00eates : Tebboune ordonne l&rsquo;importation de moutons pour l&rsquo;A\u00efd - La Sentinelle","robots":{"index":"index","follow":"follow","max-snippet":"max-snippet:-1","max-image-preview":"max-image-preview:large","max-video-preview":"max-video-preview:-1"},"canonical":"https:\/\/lasentinelle.dz\/index.php\/2025\/03\/10\/pour-contrer-la-flambee-des-prix-des-betes-tebboune-ordonne-limportation-de-moutons-pour-laid\/","og_locale":"fr_FR","og_type":"article","og_title":"Pour contrer la flamb\u00e9e des prix des b\u00eates : Tebboune ordonne l&rsquo;importation de moutons pour l&rsquo;A\u00efd - La Sentinelle","og_description":"Le pr\u00e9sident de la R\u00e9publique, M. Abdelmadjid Tebboune, Commandant supr\u00eame des Forces arm\u00e9es et ministre de la D\u00e9fense nationale, a","og_url":"https:\/\/lasentinelle.dz\/index.php\/2025\/03\/10\/pour-contrer-la-flambee-des-prix-des-betes-tebboune-ordonne-limportation-de-moutons-pour-laid\/","og_site_name":"La Sentinelle","article_publisher":"https:\/\/www.facebook.com\/La-Sentinelle-104059864394773","article_published_time":"2025-03-10T12:21:04+00:00","article_modified_time":"2025-03-10T12:21:05+00:00","og_image":[{"width":2048,"height":1366,"url":"https:\/\/lasentinelle.dz\/wp-content\/uploads\/2025\/03\/tebboune.jpg","type":"image\/jpeg"}],"author":"admin","twitter_card":"summary_large_image","twitter_misc":{"\u00c9crit par":"admin","Dur\u00e9e de lecture estim\u00e9e":"7 minutes"},"schema":{"@context":"https:\/\/schema.org","@graph":[{"@type":"Article","@id":"https:\/\/lasentinelle.dz\/index.php\/2025\/03\/10\/pour-contrer-la-flambee-des-prix-des-betes-tebboune-ordonne-limportation-de-moutons-pour-laid\/#article","isPartOf":{"@id":"https:\/\/lasentinelle.dz\/index.php\/2025\/03\/10\/pour-contrer-la-flambee-des-prix-des-betes-tebboune-ordonne-limportation-de-moutons-pour-laid\/"},"author":{"name":"admin","@id":"https:\/\/lasentinelle.dz\/#\/schema\/person\/729ee0024f24e0b8c5ec17232f8e8b41"},"headline":"Pour contrer la flamb\u00e9e des prix des b\u00eates : Tebboune ordonne l&rsquo;importation de moutons pour l&rsquo;A\u00efd","datePublished":"2025-03-10T12:21:04+00:00","dateModified":"2025-03-10T12:21:05+00:00","mainEntityOfPage":{"@id":"https:\/\/lasentinelle.dz\/index.php\/2025\/03\/10\/pour-contrer-la-flambee-des-prix-des-betes-tebboune-ordonne-limportation-de-moutons-pour-laid\/"},"wordCount":1354,"commentCount":0,"publisher":{"@id":"https:\/\/lasentinelle.dz\/#organization"},"image":{"@id":"https:\/\/lasentinelle.dz\/index.php\/2025\/03\/10\/pour-contrer-la-flambee-des-prix-des-betes-tebboune-ordonne-limportation-de-moutons-pour-laid\/#primaryimage"},"thumbnailUrl":"https:\/\/lasentinelle.dz\/wp-content\/uploads\/2025\/03\/tebboune.jpg","articleSection":["\u00c0 la Une","Actualit\u00e9"],"inLanguage":"fr-FR","potentialAction":[{"@type":"CommentAction","name":"Comment","target":["https:\/\/lasentinelle.dz\/index.php\/2025\/03\/10\/pour-contrer-la-flambee-des-prix-des-betes-tebboune-ordonne-limportation-de-moutons-pour-laid\/#respond"]}]},{"@type":"WebPage","@id":"https:\/\/lasentinelle.dz\/index.php\/2025\/03\/10\/pour-contrer-la-flambee-des-prix-des-betes-tebboune-ordonne-limportation-de-moutons-pour-laid\/","url":"https:\/\/lasentinelle.dz\/index.php\/2025\/03\/10\/pour-contrer-la-flambee-des-prix-des-betes-tebboune-ordonne-limportation-de-moutons-pour-laid\/","name":"Pour contrer la flamb\u00e9e des prix des b\u00eates : Tebboune ordonne l&rsquo;importation de moutons pour l&rsquo;A\u00efd - La Sentinelle","isPartOf":{"@id":"https:\/\/lasentinelle.dz\/#website"},"primaryImageOfPage":{"@id":"https:\/\/lasentinelle.dz\/index.php\/2025\/03\/10\/pour-contrer-la-flambee-des-prix-des-betes-tebboune-ordonne-limportation-de-moutons-pour-laid\/#primaryimage"},"image":{"@id":"https:\/\/lasentinelle.dz\/index.php\/2025\/03\/10\/pour-contrer-la-flambee-des-prix-des-betes-tebboune-ordonne-limportation-de-moutons-pour-laid\/#primaryimage"},"thumbnailUrl":"https:\/\/lasentinelle.dz\/wp-content\/uploads\/2025\/03\/tebboune.jpg","datePublished":"2025-03-10T12:21:04+00:00","dateModified":"2025-03-10T12:21:05+00:00","breadcrumb":{"@id":"https:\/\/lasentinelle.dz\/index.php\/2025\/03\/10\/pour-contrer-la-flambee-des-prix-des-betes-tebboune-ordonne-limportation-de-moutons-pour-laid\/#breadcrumb"},"inLanguage":"fr-FR","potentialAction":[{"@type":"ReadAction","target":["https:\/\/lasentinelle.dz\/index.php\/2025\/03\/10\/pour-contrer-la-flambee-des-prix-des-betes-tebboune-ordonne-limportation-de-moutons-pour-laid\/"]}]},{"@type":"ImageObject","inLanguage":"fr-FR","@id":"https:\/\/lasentinelle.dz\/index.php\/2025\/03\/10\/pour-contrer-la-flambee-des-prix-des-betes-tebboune-ordonne-limportation-de-moutons-pour-laid\/#primaryimage","url":"https:\/\/lasentinelle.dz\/wp-content\/uploads\/2025\/03\/tebboune.jpg","contentUrl":"https:\/\/lasentinelle.dz\/wp-content\/uploads\/2025\/03\/tebboune.jpg","width":2048,"height":1366},{"@type":"BreadcrumbList","@id":"https:\/\/lasentinelle.dz\/index.php\/2025\/03\/10\/pour-contrer-la-flambee-des-prix-des-betes-tebboune-ordonne-limportation-de-moutons-pour-laid\/#breadcrumb","itemListElement":[{"@type":"ListItem","position":1,"name":"Accueil","item":"https:\/\/lasentinelle.dz\/"},{"@type":"ListItem","position":2,"name":"Pour contrer la flamb\u00e9e des prix des b\u00eates : Tebboune ordonne l&rsquo;importation de moutons pour l&rsquo;A\u00efd"}]},{"@type":"WebSite","@id":"https:\/\/lasentinelle.dz\/#website","url":"https:\/\/lasentinelle.dz\/","name":"La Sentinelle","description":"Quotidien national d&#039;information","publisher":{"@id":"https:\/\/lasentinelle.dz\/#organization"},"potentialAction":[{"@type":"SearchAction","target":{"@type":"EntryPoint","urlTemplate":"https:\/\/lasentinelle.dz\/?s={search_term_string}"},"query-input":{"@type":"PropertyValueSpecification","valueRequired":true,"valueName":"search_term_string"}}],"inLanguage":"fr-FR"},{"@type":"Organization","@id":"https:\/\/lasentinelle.dz\/#organization","name":"Quotidien La Sentinelle","url":"https:\/\/lasentinelle.dz\/","logo":{"@type":"ImageObject","inLanguage":"fr-FR","@id":"https:\/\/lasentinelle.dz\/#\/schema\/logo\/image\/","url":"https:\/\/lasentinelle.dz\/wp-content\/uploads\/2021\/09\/logo-sentinelleSLOGAN-1.png","contentUrl":"https:\/\/lasentinelle.dz\/wp-content\/uploads\/2021\/09\/logo-sentinelleSLOGAN-1.png","width":615,"height":142,"caption":"Quotidien La Sentinelle"},"image":{"@id":"https:\/\/lasentinelle.dz\/#\/schema\/logo\/image\/"},"sameAs":["https:\/\/www.facebook.com\/La-Sentinelle-104059864394773"]},{"@type":"Person","@id":"https:\/\/lasentinelle.dz\/#\/schema\/person\/729ee0024f24e0b8c5ec17232f8e8b41","name":"admin","image":{"@type":"ImageObject","inLanguage":"fr-FR","@id":"https:\/\/secure.gravatar.com\/avatar\/4c81fed838786e9b53f540bf46533e750f5d292099ae3b66cfc6fb1982e29df7?s=96&d=mm&r=g","url":"https:\/\/secure.gravatar.com\/avatar\/4c81fed838786e9b53f540bf46533e750f5d292099ae3b66cfc6fb1982e29df7?s=96&d=mm&r=g","contentUrl":"https:\/\/secure.gravatar.com\/avatar\/4c81fed838786e9b53f540bf46533e750f5d292099ae3b66cfc6fb1982e29df7?s=96&d=mm&r=g","caption":"admin"},"description":"admin","url":"https:\/\/lasentinelle.dz\/author\/admin\/"}]}},"_links":{"self":[{"href":"https:\/\/lasentinelle.dz\/index.php\/wp-json\/wp\/v2\/posts\/64140","targetHints":{"allow":["GET"]}}],"collection":[{"href":"https:\/\/lasentinelle.dz\/index.php\/wp-json\/wp\/v2\/posts"}],"about":[{"href":"https:\/\/lasentinelle.dz\/index.php\/wp-json\/wp\/v2\/types\/post"}],"author":[{"embeddable":true,"href":"https:\/\/lasentinelle.dz\/index.php\/wp-json\/wp\/v2\/users\/6"}],"replies":[{"embeddable":true,"href":"https:\/\/lasentinelle.dz\/index.php\/wp-json\/wp\/v2\/comments?post=64140"}],"version-history":[{"count":2,"href":"https:\/\/lasentinelle.dz\/index.php\/wp-json\/wp\/v2\/posts\/64140\/revisions"}],"predecessor-version":[{"id":64143,"href":"https:\/\/lasentinelle.dz\/index.php\/wp-json\/wp\/v2\/posts\/64140\/revisions\/64143"}],"wp:featuredmedia":[{"embeddable":true,"href":"https:\/\/lasentinelle.dz\/index.php\/wp-json\/wp\/v2\/media\/64141"}],"wp:attachment":[{"href":"https:\/\/lasentinelle.dz\/index.php\/wp-json\/wp\/v2\/media?parent=64140"}],"wp:term":[{"taxonomy":"category","embeddable":true,"href":"https:\/\/lasentinelle.dz\/index.php\/wp-json\/wp\/v2\/categories?post=64140"},{"taxonomy":"post_tag","embeddable":true,"href":"https:\/\/lasentinelle.dz\/index.php\/wp-json\/wp\/v2\/tags?post=64140"}],"curies":[{"name":"wp","href":"https:\/\/api.w.org\/{rel}","templated":true}]}}