{"id":64235,"date":"2025-03-12T11:12:45","date_gmt":"2025-03-12T10:12:45","guid":{"rendered":"https:\/\/lasentinelle.dz\/?p=64235"},"modified":"2025-03-12T11:12:46","modified_gmt":"2025-03-12T10:12:46","slug":"organisation-de-la-filiere-du-marbre-un-pas-important-dans-la-protection-dune-industrie-locale-naissante","status":"publish","type":"post","link":"https:\/\/lasentinelle.dz\/index.php\/2025\/03\/12\/organisation-de-la-filiere-du-marbre-un-pas-important-dans-la-protection-dune-industrie-locale-naissante\/","title":{"rendered":"Organisation de la fili\u00e8re du marbre : Un pas important dans la protection d&rsquo;une industrie locale naissante"},"content":{"rendered":"\n<p>La derni\u00e8re instruction du pr\u00e9sident de la R\u00e9publique, M. Abdelmadjid Tebboune, relative \u00e0 l&rsquo;organisation de la fili\u00e8re du marbre et l&rsquo;encouragement de l&rsquo;investissement dans ce secteur constitue un pas important dans la protection et le d\u00e9veloppement d&rsquo;une industrie locale naissante, selon un professionnel de l&rsquo;industrie de la pierre. \u00a0\u00bbCette instruction permettra de mieux se concentrer sur l&rsquo;\u00e9laboration d&rsquo;une strat\u00e9gie de d\u00e9veloppement de la fili\u00e8re marbre\u00a0\u00bb, a estim\u00e9 Djallal Guitoune, pr\u00e9sident de la F\u00e9d\u00e9ration alg\u00e9rienne des min\u00e9raux, du secteur minier et de l&rsquo;industrie de la pierre (FAMMIP). Le pr\u00e9sident de la R\u00e9publique a ordonn\u00e9 dimanche, lors de la r\u00e9union du Conseil des ministres, \u00ab\u00a0l&rsquo;organisation de ce secteur ancien et strat\u00e9gique, ainsi que la collaboration avec des partenaires internationaux professionnels et leaders dans cette industrie\u00a0\u00bb, avec \u00ab\u00a0l&rsquo;interdiction de l&rsquo;importation de dalles de marbre finies, tout en lan\u00e7ant de nouveaux investissements et en introduisant des r\u00e9formes dans cette industrie, afin de soutenir le produit national\u00a0\u00bb. Le pr\u00e9sident de la R\u00e9publique a encourag\u00e9, en outre, les responsables de ce secteur \u00e0 \u00ab\u00a0relever le seuil de l&rsquo;investissement de fa\u00e7on minutieusement \u00e9tudi\u00e9e, \u00e9tant une source non n\u00e9gligeable de devises, et pourvoyeur d&#8217;emplois pour les jeunes\u00a0\u00bb. Dans une d\u00e9claration \u00e0 l&rsquo;APS, M. Guitoune a estim\u00e9 que l&rsquo;organisation de la fili\u00e8re marbre passe obligatoirement par \u00a0\u00bbl&rsquo;interdiction de l&rsquo;importation de dalles de marbre semi-finis pour faire valoir l&rsquo;effort local d\u00e9ploy\u00e9 dans le d\u00e9veloppement de l&rsquo;industrie de la pierre\u00a0\u00bb. De plus, le projet de loi r\u00e9gissant les activit\u00e9s mini\u00e8res, actuellement en en cours d&rsquo;\u00e9tude au niveau de la commission sp\u00e9cialis\u00e9e de l&rsquo;APN, devra contribuer \u00e0 am\u00e9liorer le climat d\u2019investissement minier, a-t-il soutenu . \u00a0\u00bbLa nouvelle loi r\u00e9gissant les activit\u00e9s mini\u00e8res lib\u00e8rera les initiatives et encouragera les op\u00e9rateurs locaux et m\u00eame internationaux \u00e0 investir aussi bien dans l&rsquo;extraction que la transformation\u00a0\u00bb, explique-t-il. M. Guitoune atteste que la fili\u00e8re marbre a connu un d\u00e9veloppement significatif depuis 2017, date de l&rsquo;interdiction de l&rsquo;importation des produits finis, ce qui avait contribu\u00e9 \u00e0 l&rsquo;\u00e9mergence d&rsquo;une industrie locale, d\u00e9taillant qu&rsquo;entre 2017 et 2023, plusieurs investissements dans l&rsquo;industrie de la pierre ont \u00e9t\u00e9 r\u00e9alis\u00e9s par des op\u00e9rateurs priv\u00e9s. La FAMMIP compte aujourd&rsquo;hui 38 entreprises sp\u00e9cialis\u00e9es dans la production et la transformation de marbre, a-t-il avanc\u00e9. L&rsquo;investissement dans l&rsquo;exploitation des carri\u00e8res de marbre pour assurer la mati\u00e8re premi\u00e8re, alli\u00e9e \u00e0 la formation d&rsquo;une main \u0153uvre qualifi\u00e9e, sont \u00e9galement n\u00e9cessaires dans l&rsquo;organisation de la fili\u00e8re marbre et le d\u00e9veloppement de la production nationale en la mati\u00e8re, selon le pr\u00e9sident de la FAMMIP. Dans ce volet, M. Guitoune a rappel\u00e9 que la FAMMIP a sign\u00e9 en juillet 2022, un M\u00e9morandum d&rsquo;entente avec la F\u00e9d\u00e9ration italienne de l&rsquo;industrie de la pierre pour la cr\u00e9ation d&rsquo;un centre de formation et de technologie alg\u00e9ro-italien destin\u00e9 \u00e0 la formation des professionnels des m\u00e9tiers de marbre sous la supervision de la soci\u00e9t\u00e9 industrielle mini\u00e8re \u00ab\u00a0Sonarem\u00a0\u00bb, via sa filiale \u00ab\u00a0Sonarem Ettakwine\u00a0\u00bb. \u00a0\u00bbLes italiens sont leaders dans l&rsquo;industrie de marbre et la vision de la FAMMIP est d&rsquo;acqu\u00e9rir le savoir-faire et la technicit\u00e9 n\u00e9cessaire pour avancer tout en scellant des partenariats solides\u00a0\u00bb.<\/p>\n\n\n\n<p>APS<\/p>\n","protected":false},"excerpt":{"rendered":"<p>La derni\u00e8re instruction du pr\u00e9sident de la R\u00e9publique, M. Abdelmadjid Tebboune, relative \u00e0 l&rsquo;organisation de la fili\u00e8re du marbre et<\/p>\n","protected":false},"author":6,"featured_media":64236,"comment_status":"open","ping_status":"closed","sticky":false,"template":"","format":"standard","meta":{"colormag_page_container_layout":"default_layout","colormag_page_sidebar_layout":"default_layout","om_disable_all_campaigns":false,"_monsterinsights_skip_tracking":false,"_monsterinsights_sitenote_active":false,"_monsterinsights_sitenote_note":"","_monsterinsights_sitenote_category":0,"footnotes":"","_wpscppro_dont_share_socialmedia":false,"_wpscppro_custom_social_share_image":0,"_facebook_share_type":"default","_twitter_share_type":"default","_linkedin_share_type":"default","_pinterest_share_type":"default","_linkedin_share_type_page":"","_instagram_share_type":"default","_medium_share_type":"default","_threads_share_type":"","_google_business_share_type":"","_selected_social_profile":[],"_wpsp_enable_custom_social_template":false,"_wpsp_social_scheduling":{"enabled":false,"datetime":null,"platforms":[],"status":"template_only","dateOption":"today","timeOption":"now","customDays":"","customHours":"","customDate":"","customTime":"","schedulingType":"absolute"},"_wpsp_active_default_template":true},"categories":[29],"tags":[],"class_list":["post-64235","post","type-post","status-publish","format-standard","has-post-thumbnail","hentry","category-economie"],"aioseo_notices":[],"yoast_head":"<!-- This site is optimized with the Yoast SEO plugin v27.5 - https:\/\/yoast.com\/product\/yoast-seo-wordpress\/ -->\n<title>Organisation de la fili\u00e8re du marbre : Un pas important dans la protection d&rsquo;une industrie locale naissante - La Sentinelle<\/title>\n<meta name=\"robots\" content=\"index, follow, max-snippet:-1, max-image-preview:large, max-video-preview:-1\" \/>\n<link rel=\"canonical\" href=\"https:\/\/lasentinelle.dz\/index.php\/2025\/03\/12\/organisation-de-la-filiere-du-marbre-un-pas-important-dans-la-protection-dune-industrie-locale-naissante\/\" \/>\n<meta property=\"og:locale\" content=\"fr_FR\" \/>\n<meta property=\"og:type\" content=\"article\" \/>\n<meta property=\"og:title\" content=\"Organisation de la fili\u00e8re du marbre : Un pas important dans la protection d&rsquo;une industrie locale naissante - La Sentinelle\" \/>\n<meta property=\"og:description\" content=\"La derni\u00e8re instruction du pr\u00e9sident de la R\u00e9publique, M. Abdelmadjid Tebboune, relative \u00e0 l&rsquo;organisation de la fili\u00e8re du marbre et\" \/>\n<meta property=\"og:url\" content=\"https:\/\/lasentinelle.dz\/index.php\/2025\/03\/12\/organisation-de-la-filiere-du-marbre-un-pas-important-dans-la-protection-dune-industrie-locale-naissante\/\" \/>\n<meta property=\"og:site_name\" content=\"La Sentinelle\" \/>\n<meta property=\"article:publisher\" content=\"https:\/\/www.facebook.com\/La-Sentinelle-104059864394773\" \/>\n<meta property=\"article:published_time\" content=\"2025-03-12T10:12:45+00:00\" \/>\n<meta property=\"article:modified_time\" content=\"2025-03-12T10:12:46+00:00\" \/>\n<meta property=\"og:image\" content=\"https:\/\/lasentinelle.dz\/wp-content\/uploads\/2025\/03\/marbre.jpg\" \/>\n\t<meta property=\"og:image:width\" content=\"730\" \/>\n\t<meta property=\"og:image:height\" content=\"456\" \/>\n\t<meta property=\"og:image:type\" content=\"image\/jpeg\" \/>\n<meta name=\"author\" content=\"admin\" \/>\n<meta name=\"twitter:card\" content=\"summary_large_image\" \/>\n<meta name=\"twitter:label1\" content=\"\u00c9crit par\" \/>\n\t<meta name=\"twitter:data1\" content=\"admin\" \/>\n\t<meta name=\"twitter:label2\" content=\"Dur\u00e9e de lecture estim\u00e9e\" \/>\n\t<meta name=\"twitter:data2\" content=\"3 minutes\" \/>\n<script type=\"application\/ld+json\" class=\"yoast-schema-graph\">{\"@context\":\"https:\\\/\\\/schema.org\",\"@graph\":[{\"@type\":\"Article\",\"@id\":\"https:\\\/\\\/lasentinelle.dz\\\/index.php\\\/2025\\\/03\\\/12\\\/organisation-de-la-filiere-du-marbre-un-pas-important-dans-la-protection-dune-industrie-locale-naissante\\\/#article\",\"isPartOf\":{\"@id\":\"https:\\\/\\\/lasentinelle.dz\\\/index.php\\\/2025\\\/03\\\/12\\\/organisation-de-la-filiere-du-marbre-un-pas-important-dans-la-protection-dune-industrie-locale-naissante\\\/\"},\"author\":{\"name\":\"admin\",\"@id\":\"https:\\\/\\\/lasentinelle.dz\\\/#\\\/schema\\\/person\\\/729ee0024f24e0b8c5ec17232f8e8b41\"},\"headline\":\"Organisation de la fili\u00e8re du marbre : Un pas important dans la protection d&rsquo;une industrie locale naissante\",\"datePublished\":\"2025-03-12T10:12:45+00:00\",\"dateModified\":\"2025-03-12T10:12:46+00:00\",\"mainEntityOfPage\":{\"@id\":\"https:\\\/\\\/lasentinelle.dz\\\/index.php\\\/2025\\\/03\\\/12\\\/organisation-de-la-filiere-du-marbre-un-pas-important-dans-la-protection-dune-industrie-locale-naissante\\\/\"},\"wordCount\":609,\"commentCount\":0,\"publisher\":{\"@id\":\"https:\\\/\\\/lasentinelle.dz\\\/#organization\"},\"image\":{\"@id\":\"https:\\\/\\\/lasentinelle.dz\\\/index.php\\\/2025\\\/03\\\/12\\\/organisation-de-la-filiere-du-marbre-un-pas-important-dans-la-protection-dune-industrie-locale-naissante\\\/#primaryimage\"},\"thumbnailUrl\":\"https:\\\/\\\/lasentinelle.dz\\\/wp-content\\\/uploads\\\/2025\\\/03\\\/marbre.jpg\",\"articleSection\":[\"\u00c9conomie\"],\"inLanguage\":\"fr-FR\",\"potentialAction\":[{\"@type\":\"CommentAction\",\"name\":\"Comment\",\"target\":[\"https:\\\/\\\/lasentinelle.dz\\\/index.php\\\/2025\\\/03\\\/12\\\/organisation-de-la-filiere-du-marbre-un-pas-important-dans-la-protection-dune-industrie-locale-naissante\\\/#respond\"]}]},{\"@type\":\"WebPage\",\"@id\":\"https:\\\/\\\/lasentinelle.dz\\\/index.php\\\/2025\\\/03\\\/12\\\/organisation-de-la-filiere-du-marbre-un-pas-important-dans-la-protection-dune-industrie-locale-naissante\\\/\",\"url\":\"https:\\\/\\\/lasentinelle.dz\\\/index.php\\\/2025\\\/03\\\/12\\\/organisation-de-la-filiere-du-marbre-un-pas-important-dans-la-protection-dune-industrie-locale-naissante\\\/\",\"name\":\"Organisation de la fili\u00e8re du marbre : Un pas important dans la protection d&rsquo;une industrie locale naissante - La Sentinelle\",\"isPartOf\":{\"@id\":\"https:\\\/\\\/lasentinelle.dz\\\/#website\"},\"primaryImageOfPage\":{\"@id\":\"https:\\\/\\\/lasentinelle.dz\\\/index.php\\\/2025\\\/03\\\/12\\\/organisation-de-la-filiere-du-marbre-un-pas-important-dans-la-protection-dune-industrie-locale-naissante\\\/#primaryimage\"},\"image\":{\"@id\":\"https:\\\/\\\/lasentinelle.dz\\\/index.php\\\/2025\\\/03\\\/12\\\/organisation-de-la-filiere-du-marbre-un-pas-important-dans-la-protection-dune-industrie-locale-naissante\\\/#primaryimage\"},\"thumbnailUrl\":\"https:\\\/\\\/lasentinelle.dz\\\/wp-content\\\/uploads\\\/2025\\\/03\\\/marbre.jpg\",\"datePublished\":\"2025-03-12T10:12:45+00:00\",\"dateModified\":\"2025-03-12T10:12:46+00:00\",\"breadcrumb\":{\"@id\":\"https:\\\/\\\/lasentinelle.dz\\\/index.php\\\/2025\\\/03\\\/12\\\/organisation-de-la-filiere-du-marbre-un-pas-important-dans-la-protection-dune-industrie-locale-naissante\\\/#breadcrumb\"},\"inLanguage\":\"fr-FR\",\"potentialAction\":[{\"@type\":\"ReadAction\",\"target\":[\"https:\\\/\\\/lasentinelle.dz\\\/index.php\\\/2025\\\/03\\\/12\\\/organisation-de-la-filiere-du-marbre-un-pas-important-dans-la-protection-dune-industrie-locale-naissante\\\/\"]}]},{\"@type\":\"ImageObject\",\"inLanguage\":\"fr-FR\",\"@id\":\"https:\\\/\\\/lasentinelle.dz\\\/index.php\\\/2025\\\/03\\\/12\\\/organisation-de-la-filiere-du-marbre-un-pas-important-dans-la-protection-dune-industrie-locale-naissante\\\/#primaryimage\",\"url\":\"https:\\\/\\\/lasentinelle.dz\\\/wp-content\\\/uploads\\\/2025\\\/03\\\/marbre.jpg\",\"contentUrl\":\"https:\\\/\\\/lasentinelle.dz\\\/wp-content\\\/uploads\\\/2025\\\/03\\\/marbre.jpg\",\"width\":730,\"height\":456},{\"@type\":\"BreadcrumbList\",\"@id\":\"https:\\\/\\\/lasentinelle.dz\\\/index.php\\\/2025\\\/03\\\/12\\\/organisation-de-la-filiere-du-marbre-un-pas-important-dans-la-protection-dune-industrie-locale-naissante\\\/#breadcrumb\",\"itemListElement\":[{\"@type\":\"ListItem\",\"position\":1,\"name\":\"Accueil\",\"item\":\"https:\\\/\\\/lasentinelle.dz\\\/\"},{\"@type\":\"ListItem\",\"position\":2,\"name\":\"Organisation de la fili\u00e8re du marbre : Un pas important dans la protection d&rsquo;une industrie locale naissante\"}]},{\"@type\":\"WebSite\",\"@id\":\"https:\\\/\\\/lasentinelle.dz\\\/#website\",\"url\":\"https:\\\/\\\/lasentinelle.dz\\\/\",\"name\":\"La Sentinelle\",\"description\":\"Quotidien national d&#039;information\",\"publisher\":{\"@id\":\"https:\\\/\\\/lasentinelle.dz\\\/#organization\"},\"potentialAction\":[{\"@type\":\"SearchAction\",\"target\":{\"@type\":\"EntryPoint\",\"urlTemplate\":\"https:\\\/\\\/lasentinelle.dz\\\/?s={search_term_string}\"},\"query-input\":{\"@type\":\"PropertyValueSpecification\",\"valueRequired\":true,\"valueName\":\"search_term_string\"}}],\"inLanguage\":\"fr-FR\"},{\"@type\":\"Organization\",\"@id\":\"https:\\\/\\\/lasentinelle.dz\\\/#organization\",\"name\":\"Quotidien La Sentinelle\",\"url\":\"https:\\\/\\\/lasentinelle.dz\\\/\",\"logo\":{\"@type\":\"ImageObject\",\"inLanguage\":\"fr-FR\",\"@id\":\"https:\\\/\\\/lasentinelle.dz\\\/#\\\/schema\\\/logo\\\/image\\\/\",\"url\":\"https:\\\/\\\/lasentinelle.dz\\\/wp-content\\\/uploads\\\/2021\\\/09\\\/logo-sentinelleSLOGAN-1.png\",\"contentUrl\":\"https:\\\/\\\/lasentinelle.dz\\\/wp-content\\\/uploads\\\/2021\\\/09\\\/logo-sentinelleSLOGAN-1.png\",\"width\":615,\"height\":142,\"caption\":\"Quotidien La Sentinelle\"},\"image\":{\"@id\":\"https:\\\/\\\/lasentinelle.dz\\\/#\\\/schema\\\/logo\\\/image\\\/\"},\"sameAs\":[\"https:\\\/\\\/www.facebook.com\\\/La-Sentinelle-104059864394773\"]},{\"@type\":\"Person\",\"@id\":\"https:\\\/\\\/lasentinelle.dz\\\/#\\\/schema\\\/person\\\/729ee0024f24e0b8c5ec17232f8e8b41\",\"name\":\"admin\",\"image\":{\"@type\":\"ImageObject\",\"inLanguage\":\"fr-FR\",\"@id\":\"https:\\\/\\\/secure.gravatar.com\\\/avatar\\\/4c81fed838786e9b53f540bf46533e750f5d292099ae3b66cfc6fb1982e29df7?s=96&d=mm&r=g\",\"url\":\"https:\\\/\\\/secure.gravatar.com\\\/avatar\\\/4c81fed838786e9b53f540bf46533e750f5d292099ae3b66cfc6fb1982e29df7?s=96&d=mm&r=g\",\"contentUrl\":\"https:\\\/\\\/secure.gravatar.com\\\/avatar\\\/4c81fed838786e9b53f540bf46533e750f5d292099ae3b66cfc6fb1982e29df7?s=96&d=mm&r=g\",\"caption\":\"admin\"},\"description\":\"admin\",\"url\":\"https:\\\/\\\/lasentinelle.dz\\\/author\\\/admin\\\/\"}]}<\/script>\n<!-- \/ Yoast SEO plugin. -->","yoast_head_json":{"title":"Organisation de la fili\u00e8re du marbre : Un pas important dans la protection d&rsquo;une industrie locale naissante - La Sentinelle","robots":{"index":"index","follow":"follow","max-snippet":"max-snippet:-1","max-image-preview":"max-image-preview:large","max-video-preview":"max-video-preview:-1"},"canonical":"https:\/\/lasentinelle.dz\/index.php\/2025\/03\/12\/organisation-de-la-filiere-du-marbre-un-pas-important-dans-la-protection-dune-industrie-locale-naissante\/","og_locale":"fr_FR","og_type":"article","og_title":"Organisation de la fili\u00e8re du marbre : Un pas important dans la protection d&rsquo;une industrie locale naissante - La Sentinelle","og_description":"La derni\u00e8re instruction du pr\u00e9sident de la R\u00e9publique, M. Abdelmadjid Tebboune, relative \u00e0 l&rsquo;organisation de la fili\u00e8re du marbre et","og_url":"https:\/\/lasentinelle.dz\/index.php\/2025\/03\/12\/organisation-de-la-filiere-du-marbre-un-pas-important-dans-la-protection-dune-industrie-locale-naissante\/","og_site_name":"La Sentinelle","article_publisher":"https:\/\/www.facebook.com\/La-Sentinelle-104059864394773","article_published_time":"2025-03-12T10:12:45+00:00","article_modified_time":"2025-03-12T10:12:46+00:00","og_image":[{"width":730,"height":456,"url":"https:\/\/lasentinelle.dz\/wp-content\/uploads\/2025\/03\/marbre.jpg","type":"image\/jpeg"}],"author":"admin","twitter_card":"summary_large_image","twitter_misc":{"\u00c9crit par":"admin","Dur\u00e9e de lecture estim\u00e9e":"3 minutes"},"schema":{"@context":"https:\/\/schema.org","@graph":[{"@type":"Article","@id":"https:\/\/lasentinelle.dz\/index.php\/2025\/03\/12\/organisation-de-la-filiere-du-marbre-un-pas-important-dans-la-protection-dune-industrie-locale-naissante\/#article","isPartOf":{"@id":"https:\/\/lasentinelle.dz\/index.php\/2025\/03\/12\/organisation-de-la-filiere-du-marbre-un-pas-important-dans-la-protection-dune-industrie-locale-naissante\/"},"author":{"name":"admin","@id":"https:\/\/lasentinelle.dz\/#\/schema\/person\/729ee0024f24e0b8c5ec17232f8e8b41"},"headline":"Organisation de la fili\u00e8re du marbre : Un pas important dans la protection d&rsquo;une industrie locale naissante","datePublished":"2025-03-12T10:12:45+00:00","dateModified":"2025-03-12T10:12:46+00:00","mainEntityOfPage":{"@id":"https:\/\/lasentinelle.dz\/index.php\/2025\/03\/12\/organisation-de-la-filiere-du-marbre-un-pas-important-dans-la-protection-dune-industrie-locale-naissante\/"},"wordCount":609,"commentCount":0,"publisher":{"@id":"https:\/\/lasentinelle.dz\/#organization"},"image":{"@id":"https:\/\/lasentinelle.dz\/index.php\/2025\/03\/12\/organisation-de-la-filiere-du-marbre-un-pas-important-dans-la-protection-dune-industrie-locale-naissante\/#primaryimage"},"thumbnailUrl":"https:\/\/lasentinelle.dz\/wp-content\/uploads\/2025\/03\/marbre.jpg","articleSection":["\u00c9conomie"],"inLanguage":"fr-FR","potentialAction":[{"@type":"CommentAction","name":"Comment","target":["https:\/\/lasentinelle.dz\/index.php\/2025\/03\/12\/organisation-de-la-filiere-du-marbre-un-pas-important-dans-la-protection-dune-industrie-locale-naissante\/#respond"]}]},{"@type":"WebPage","@id":"https:\/\/lasentinelle.dz\/index.php\/2025\/03\/12\/organisation-de-la-filiere-du-marbre-un-pas-important-dans-la-protection-dune-industrie-locale-naissante\/","url":"https:\/\/lasentinelle.dz\/index.php\/2025\/03\/12\/organisation-de-la-filiere-du-marbre-un-pas-important-dans-la-protection-dune-industrie-locale-naissante\/","name":"Organisation de la fili\u00e8re du marbre : Un pas important dans la protection d&rsquo;une industrie locale naissante - La Sentinelle","isPartOf":{"@id":"https:\/\/lasentinelle.dz\/#website"},"primaryImageOfPage":{"@id":"https:\/\/lasentinelle.dz\/index.php\/2025\/03\/12\/organisation-de-la-filiere-du-marbre-un-pas-important-dans-la-protection-dune-industrie-locale-naissante\/#primaryimage"},"image":{"@id":"https:\/\/lasentinelle.dz\/index.php\/2025\/03\/12\/organisation-de-la-filiere-du-marbre-un-pas-important-dans-la-protection-dune-industrie-locale-naissante\/#primaryimage"},"thumbnailUrl":"https:\/\/lasentinelle.dz\/wp-content\/uploads\/2025\/03\/marbre.jpg","datePublished":"2025-03-12T10:12:45+00:00","dateModified":"2025-03-12T10:12:46+00:00","breadcrumb":{"@id":"https:\/\/lasentinelle.dz\/index.php\/2025\/03\/12\/organisation-de-la-filiere-du-marbre-un-pas-important-dans-la-protection-dune-industrie-locale-naissante\/#breadcrumb"},"inLanguage":"fr-FR","potentialAction":[{"@type":"ReadAction","target":["https:\/\/lasentinelle.dz\/index.php\/2025\/03\/12\/organisation-de-la-filiere-du-marbre-un-pas-important-dans-la-protection-dune-industrie-locale-naissante\/"]}]},{"@type":"ImageObject","inLanguage":"fr-FR","@id":"https:\/\/lasentinelle.dz\/index.php\/2025\/03\/12\/organisation-de-la-filiere-du-marbre-un-pas-important-dans-la-protection-dune-industrie-locale-naissante\/#primaryimage","url":"https:\/\/lasentinelle.dz\/wp-content\/uploads\/2025\/03\/marbre.jpg","contentUrl":"https:\/\/lasentinelle.dz\/wp-content\/uploads\/2025\/03\/marbre.jpg","width":730,"height":456},{"@type":"BreadcrumbList","@id":"https:\/\/lasentinelle.dz\/index.php\/2025\/03\/12\/organisation-de-la-filiere-du-marbre-un-pas-important-dans-la-protection-dune-industrie-locale-naissante\/#breadcrumb","itemListElement":[{"@type":"ListItem","position":1,"name":"Accueil","item":"https:\/\/lasentinelle.dz\/"},{"@type":"ListItem","position":2,"name":"Organisation de la fili\u00e8re du marbre : Un pas important dans la protection d&rsquo;une industrie locale naissante"}]},{"@type":"WebSite","@id":"https:\/\/lasentinelle.dz\/#website","url":"https:\/\/lasentinelle.dz\/","name":"La Sentinelle","description":"Quotidien national d&#039;information","publisher":{"@id":"https:\/\/lasentinelle.dz\/#organization"},"potentialAction":[{"@type":"SearchAction","target":{"@type":"EntryPoint","urlTemplate":"https:\/\/lasentinelle.dz\/?s={search_term_string}"},"query-input":{"@type":"PropertyValueSpecification","valueRequired":true,"valueName":"search_term_string"}}],"inLanguage":"fr-FR"},{"@type":"Organization","@id":"https:\/\/lasentinelle.dz\/#organization","name":"Quotidien La Sentinelle","url":"https:\/\/lasentinelle.dz\/","logo":{"@type":"ImageObject","inLanguage":"fr-FR","@id":"https:\/\/lasentinelle.dz\/#\/schema\/logo\/image\/","url":"https:\/\/lasentinelle.dz\/wp-content\/uploads\/2021\/09\/logo-sentinelleSLOGAN-1.png","contentUrl":"https:\/\/lasentinelle.dz\/wp-content\/uploads\/2021\/09\/logo-sentinelleSLOGAN-1.png","width":615,"height":142,"caption":"Quotidien La Sentinelle"},"image":{"@id":"https:\/\/lasentinelle.dz\/#\/schema\/logo\/image\/"},"sameAs":["https:\/\/www.facebook.com\/La-Sentinelle-104059864394773"]},{"@type":"Person","@id":"https:\/\/lasentinelle.dz\/#\/schema\/person\/729ee0024f24e0b8c5ec17232f8e8b41","name":"admin","image":{"@type":"ImageObject","inLanguage":"fr-FR","@id":"https:\/\/secure.gravatar.com\/avatar\/4c81fed838786e9b53f540bf46533e750f5d292099ae3b66cfc6fb1982e29df7?s=96&d=mm&r=g","url":"https:\/\/secure.gravatar.com\/avatar\/4c81fed838786e9b53f540bf46533e750f5d292099ae3b66cfc6fb1982e29df7?s=96&d=mm&r=g","contentUrl":"https:\/\/secure.gravatar.com\/avatar\/4c81fed838786e9b53f540bf46533e750f5d292099ae3b66cfc6fb1982e29df7?s=96&d=mm&r=g","caption":"admin"},"description":"admin","url":"https:\/\/lasentinelle.dz\/author\/admin\/"}]}},"_links":{"self":[{"href":"https:\/\/lasentinelle.dz\/index.php\/wp-json\/wp\/v2\/posts\/64235","targetHints":{"allow":["GET"]}}],"collection":[{"href":"https:\/\/lasentinelle.dz\/index.php\/wp-json\/wp\/v2\/posts"}],"about":[{"href":"https:\/\/lasentinelle.dz\/index.php\/wp-json\/wp\/v2\/types\/post"}],"author":[{"embeddable":true,"href":"https:\/\/lasentinelle.dz\/index.php\/wp-json\/wp\/v2\/users\/6"}],"replies":[{"embeddable":true,"href":"https:\/\/lasentinelle.dz\/index.php\/wp-json\/wp\/v2\/comments?post=64235"}],"version-history":[{"count":2,"href":"https:\/\/lasentinelle.dz\/index.php\/wp-json\/wp\/v2\/posts\/64235\/revisions"}],"predecessor-version":[{"id":64238,"href":"https:\/\/lasentinelle.dz\/index.php\/wp-json\/wp\/v2\/posts\/64235\/revisions\/64238"}],"wp:featuredmedia":[{"embeddable":true,"href":"https:\/\/lasentinelle.dz\/index.php\/wp-json\/wp\/v2\/media\/64236"}],"wp:attachment":[{"href":"https:\/\/lasentinelle.dz\/index.php\/wp-json\/wp\/v2\/media?parent=64235"}],"wp:term":[{"taxonomy":"category","embeddable":true,"href":"https:\/\/lasentinelle.dz\/index.php\/wp-json\/wp\/v2\/categories?post=64235"},{"taxonomy":"post_tag","embeddable":true,"href":"https:\/\/lasentinelle.dz\/index.php\/wp-json\/wp\/v2\/tags?post=64235"}],"curies":[{"name":"wp","href":"https:\/\/api.w.org\/{rel}","templated":true}]}}