{"id":64239,"date":"2025-03-12T11:14:30","date_gmt":"2025-03-12T10:14:30","guid":{"rendered":"https:\/\/lasentinelle.dz\/?p=64239"},"modified":"2025-03-12T11:14:30","modified_gmt":"2025-03-12T10:14:30","slug":"electricite-sonelgaz-se-deploie-en-afrique-de-louest","status":"publish","type":"post","link":"https:\/\/lasentinelle.dz\/index.php\/2025\/03\/12\/electricite-sonelgaz-se-deploie-en-afrique-de-louest\/","title":{"rendered":"\u00c9lectricit\u00e9 : Sonelgaz se d\u00e9ploie en Afrique de l&rsquo;Ouest"},"content":{"rendered":"\n<p>Le groupe \u00e9nerg\u00e9tique national Sonelgaz affiche ses ambitions continentales et internationales. Le g\u00e9ant \u00e9nerg\u00e9tique public ne cache plus sa volont\u00e9 de s&rsquo;imposer comme un acteur incontournable dans la r\u00e9gion, avec une strat\u00e9gie clairement orient\u00e9e vers l&rsquo;export et la coop\u00e9ration transfrontali\u00e8re. Comme l&rsquo;indique un communiqu\u00e9 r\u00e9cent du groupe, Sonelgaz pr\u00e9pare actuellement \u00ab\u00a0des r\u00e9unions de concertation par visioconf\u00e9rence avec des responsables et des op\u00e9rateurs du secteur de l&rsquo;\u00e9nergie au S\u00e9n\u00e9gal, en Guin\u00e9e-Bissau, en Gambie et au Cap-Vert, afin d&rsquo;examiner les opportunit\u00e9s de coop\u00e9ration possibles\u00a0\u00bb. Cette initiative, annonc\u00e9e lors d&rsquo;une rencontre entre le PDG de Sonelgaz, Mourad Adjal, et l&rsquo;ambassadeur d&rsquo;Alg\u00e9rie au S\u00e9n\u00e9gal, Ridha Nebais, s&rsquo;inscrit pleinement dans \u00ab\u00a0la mise en \u0153uvre des directives des hautes autorit\u00e9s visant \u00e0 renforcer les relations \u00e9conomiques avec les pays africains, notamment en Afrique de l&rsquo;Ouest\u00a0\u00bb. Le PDG du groupe a d&rsquo;ailleurs soulign\u00e9 que \u00ab\u00a0les r\u00e9sultats positifs obtenus par le groupe dans sa coop\u00e9ration avec la soci\u00e9t\u00e9 nig\u00e9rienne d&rsquo;\u00e9lectricit\u00e9 Nigelec encouragent l&rsquo;organisation de ces r\u00e9unions\u00a0\u00bb. Une visite de travail au S\u00e9n\u00e9gal est \u00e9galement en pr\u00e9paration, en coordination avec l&rsquo;ambassade d&rsquo;Alg\u00e9rie, qui sera men\u00e9e par M. Adjal accompagn\u00e9 \u00ab\u00a0d&rsquo;une d\u00e9l\u00e9gation compos\u00e9e de cadres du groupe et de responsables de plusieurs entreprises publiques et priv\u00e9es activant dans la cha\u00eene de valeur du secteur \u00e9nerg\u00e9tique\u00a0\u00bb.<\/p>\n\n\n\n<p><strong>Des performances \u00e0 l&rsquo;export<\/strong><\/p>\n\n\n\n<p>Les performances \u00e0 l&rsquo;export de Sonelgaz sont d\u00e9j\u00e0 impressionnantes. Selon Khalil Hodna, porte-parole du groupe qui intervenait hier sur les ondes de la Radio alg\u00e9rienne, \u00ab\u00a0le groupe a export\u00e9 en 2024 pour 268 millions d&rsquo;euros d&rsquo;\u00e9nergie \u00e9lectrique et d&rsquo;\u00e9quipements industriels, soit une augmentation de 22% par rapport \u00e0 2023\u00a0\u00bb, avec des perspectives prometteuses d&rsquo;accroissement \u00e0 moyen et long terme. Sur le plan technique, Sonelgaz produit des turbines \u00e0 gaz et \u00e0 vapeur avec un taux d&rsquo;int\u00e9gration d\u00e9passant 57%, fabriqu\u00e9es localement par sa filiale \u00ab\u00a0GEAT\u00a0\u00bb en partenariat avec General Electric. Ces \u00e9quipements, capables d&rsquo;alimenter un million de foyers selon les normes internationales, sont aujourd&rsquo;hui \u00ab\u00a0tr\u00e8s demand\u00e9s au Moyen-Orient, en Europe et sur les march\u00e9s asiatiques\u00a0\u00bb, avec des n\u00e9gociations en cours pour fournir \u00e9galement des pays africains. Au-del\u00e0 de ces coop\u00e9rations r\u00e9gionales, Sonelgaz nourrit des ambitions europ\u00e9ennes. Le porte-parole a qualifi\u00e9 de \u00ab\u00a0projet du si\u00e8cle\u00a0\u00bb la future interconnexion \u00e9lectrique sous-marine entre l&rsquo;Alg\u00e9rie et l&rsquo;Italie via la Sardaigne, destin\u00e9e \u00e0 exporter de l&rsquo;\u00e9lectricit\u00e9 propre vers l&rsquo;Europe. Cette initiative s&rsquo;inscrit dans une vision strat\u00e9gique o\u00f9 l&rsquo;Alg\u00e9rie deviendrait \u00ab\u00a0un partenaire strat\u00e9gique pour les pays m\u00e9diterran\u00e9ens\u00a0\u00bb, parall\u00e8lement au projet ambitieux visant \u00e0 produire 15 000 m\u00e9gawatts d&rsquo;\u00e9nergies renouvelables d&rsquo;ici 2035. La coop\u00e9ration avec le Niger illustre parfaitement cette dynamique africaine. Sonelgaz est en phase finale de construction d&rsquo;une centrale \u00e9lectrique de 40 m\u00e9gawatts pr\u00e8s de Niamey, un \u00ab\u00a0cadeau du pr\u00e9sident de la R\u00e9publique \u00e0 ce pays voisin\u00a0\u00bb. Initialement pr\u00e9vue pour fin 2025, cette centrale pourrait \u00eatre livr\u00e9e d\u00e8s juin prochain, avec un engagement de Sonelgaz pour \u00ab\u00a0assurer la maintenance et former le personnel nig\u00e9rien \u00e0 la gestion de cette installation\u00a0\u00bb. Cette strat\u00e9gie multidimensionnelle, combinant exportation d&rsquo;\u00e9nergie, transfert de technologie et d\u00e9veloppement d&rsquo;infrastructures, positionne d\u00e9sormais Sonelgaz comme un acteur \u00e9nerg\u00e9tique majeur dont l&rsquo;influence d\u00e9passe largement les fronti\u00e8res alg\u00e9riennes.<\/p>\n\n\n\n<p><strong>Sabrina Aziouez<\/strong><\/p>\n","protected":false},"excerpt":{"rendered":"<p>Le groupe \u00e9nerg\u00e9tique national Sonelgaz affiche ses ambitions continentales et internationales. Le g\u00e9ant \u00e9nerg\u00e9tique public ne cache plus sa volont\u00e9<\/p>\n","protected":false},"author":6,"featured_media":64240,"comment_status":"open","ping_status":"closed","sticky":false,"template":"","format":"standard","meta":{"colormag_page_container_layout":"default_layout","colormag_page_sidebar_layout":"default_layout","om_disable_all_campaigns":false,"_monsterinsights_skip_tracking":false,"_monsterinsights_sitenote_active":false,"_monsterinsights_sitenote_note":"","_monsterinsights_sitenote_category":0,"footnotes":"","_wpscppro_dont_share_socialmedia":false,"_wpscppro_custom_social_share_image":0,"_facebook_share_type":"default","_twitter_share_type":"default","_linkedin_share_type":"default","_pinterest_share_type":"default","_linkedin_share_type_page":"","_instagram_share_type":"default","_medium_share_type":"default","_threads_share_type":"","_google_business_share_type":"","_selected_social_profile":[],"_wpsp_enable_custom_social_template":false,"_wpsp_social_scheduling":{"enabled":false,"datetime":null,"platforms":[],"status":"template_only","dateOption":"today","timeOption":"now","customDays":"","customHours":"","customDate":"","customTime":"","schedulingType":"absolute"},"_wpsp_active_default_template":true},"categories":[29],"tags":[],"class_list":["post-64239","post","type-post","status-publish","format-standard","has-post-thumbnail","hentry","category-economie"],"aioseo_notices":[],"yoast_head":"<!-- This site is optimized with the Yoast SEO plugin v27.5 - https:\/\/yoast.com\/product\/yoast-seo-wordpress\/ -->\n<title>\u00c9lectricit\u00e9 : Sonelgaz se d\u00e9ploie en Afrique de l&rsquo;Ouest - La Sentinelle<\/title>\n<meta name=\"robots\" content=\"index, follow, max-snippet:-1, max-image-preview:large, max-video-preview:-1\" \/>\n<link rel=\"canonical\" href=\"https:\/\/lasentinelle.dz\/index.php\/2025\/03\/12\/electricite-sonelgaz-se-deploie-en-afrique-de-louest\/\" \/>\n<meta property=\"og:locale\" content=\"fr_FR\" \/>\n<meta property=\"og:type\" content=\"article\" \/>\n<meta property=\"og:title\" content=\"\u00c9lectricit\u00e9 : Sonelgaz se d\u00e9ploie en Afrique de l&rsquo;Ouest - La Sentinelle\" \/>\n<meta property=\"og:description\" content=\"Le groupe \u00e9nerg\u00e9tique national Sonelgaz affiche ses ambitions continentales et internationales. Le g\u00e9ant \u00e9nerg\u00e9tique public ne cache plus sa volont\u00e9\" \/>\n<meta property=\"og:url\" content=\"https:\/\/lasentinelle.dz\/index.php\/2025\/03\/12\/electricite-sonelgaz-se-deploie-en-afrique-de-louest\/\" \/>\n<meta property=\"og:site_name\" content=\"La Sentinelle\" \/>\n<meta property=\"article:publisher\" content=\"https:\/\/www.facebook.com\/La-Sentinelle-104059864394773\" \/>\n<meta property=\"article:published_time\" content=\"2025-03-12T10:14:30+00:00\" \/>\n<meta property=\"og:image\" content=\"https:\/\/lasentinelle.dz\/wp-content\/uploads\/2025\/03\/483606890_1109214134553453_7601412454136956298_n.jpg\" \/>\n\t<meta property=\"og:image:width\" content=\"1032\" \/>\n\t<meta property=\"og:image:height\" content=\"774\" \/>\n\t<meta property=\"og:image:type\" content=\"image\/jpeg\" \/>\n<meta name=\"author\" content=\"admin\" \/>\n<meta name=\"twitter:card\" content=\"summary_large_image\" \/>\n<meta name=\"twitter:label1\" content=\"\u00c9crit par\" \/>\n\t<meta name=\"twitter:data1\" content=\"admin\" \/>\n\t<meta name=\"twitter:label2\" content=\"Dur\u00e9e de lecture estim\u00e9e\" \/>\n\t<meta name=\"twitter:data2\" content=\"3 minutes\" \/>\n<script type=\"application\/ld+json\" class=\"yoast-schema-graph\">{\"@context\":\"https:\\\/\\\/schema.org\",\"@graph\":[{\"@type\":\"Article\",\"@id\":\"https:\\\/\\\/lasentinelle.dz\\\/index.php\\\/2025\\\/03\\\/12\\\/electricite-sonelgaz-se-deploie-en-afrique-de-louest\\\/#article\",\"isPartOf\":{\"@id\":\"https:\\\/\\\/lasentinelle.dz\\\/index.php\\\/2025\\\/03\\\/12\\\/electricite-sonelgaz-se-deploie-en-afrique-de-louest\\\/\"},\"author\":{\"name\":\"admin\",\"@id\":\"https:\\\/\\\/lasentinelle.dz\\\/#\\\/schema\\\/person\\\/729ee0024f24e0b8c5ec17232f8e8b41\"},\"headline\":\"\u00c9lectricit\u00e9 : Sonelgaz se d\u00e9ploie en Afrique de l&rsquo;Ouest\",\"datePublished\":\"2025-03-12T10:14:30+00:00\",\"mainEntityOfPage\":{\"@id\":\"https:\\\/\\\/lasentinelle.dz\\\/index.php\\\/2025\\\/03\\\/12\\\/electricite-sonelgaz-se-deploie-en-afrique-de-louest\\\/\"},\"wordCount\":606,\"commentCount\":0,\"publisher\":{\"@id\":\"https:\\\/\\\/lasentinelle.dz\\\/#organization\"},\"image\":{\"@id\":\"https:\\\/\\\/lasentinelle.dz\\\/index.php\\\/2025\\\/03\\\/12\\\/electricite-sonelgaz-se-deploie-en-afrique-de-louest\\\/#primaryimage\"},\"thumbnailUrl\":\"https:\\\/\\\/lasentinelle.dz\\\/wp-content\\\/uploads\\\/2025\\\/03\\\/483606890_1109214134553453_7601412454136956298_n.jpg\",\"articleSection\":[\"\u00c9conomie\"],\"inLanguage\":\"fr-FR\",\"potentialAction\":[{\"@type\":\"CommentAction\",\"name\":\"Comment\",\"target\":[\"https:\\\/\\\/lasentinelle.dz\\\/index.php\\\/2025\\\/03\\\/12\\\/electricite-sonelgaz-se-deploie-en-afrique-de-louest\\\/#respond\"]}]},{\"@type\":\"WebPage\",\"@id\":\"https:\\\/\\\/lasentinelle.dz\\\/index.php\\\/2025\\\/03\\\/12\\\/electricite-sonelgaz-se-deploie-en-afrique-de-louest\\\/\",\"url\":\"https:\\\/\\\/lasentinelle.dz\\\/index.php\\\/2025\\\/03\\\/12\\\/electricite-sonelgaz-se-deploie-en-afrique-de-louest\\\/\",\"name\":\"\u00c9lectricit\u00e9 : Sonelgaz se d\u00e9ploie en Afrique de l&rsquo;Ouest - La Sentinelle\",\"isPartOf\":{\"@id\":\"https:\\\/\\\/lasentinelle.dz\\\/#website\"},\"primaryImageOfPage\":{\"@id\":\"https:\\\/\\\/lasentinelle.dz\\\/index.php\\\/2025\\\/03\\\/12\\\/electricite-sonelgaz-se-deploie-en-afrique-de-louest\\\/#primaryimage\"},\"image\":{\"@id\":\"https:\\\/\\\/lasentinelle.dz\\\/index.php\\\/2025\\\/03\\\/12\\\/electricite-sonelgaz-se-deploie-en-afrique-de-louest\\\/#primaryimage\"},\"thumbnailUrl\":\"https:\\\/\\\/lasentinelle.dz\\\/wp-content\\\/uploads\\\/2025\\\/03\\\/483606890_1109214134553453_7601412454136956298_n.jpg\",\"datePublished\":\"2025-03-12T10:14:30+00:00\",\"breadcrumb\":{\"@id\":\"https:\\\/\\\/lasentinelle.dz\\\/index.php\\\/2025\\\/03\\\/12\\\/electricite-sonelgaz-se-deploie-en-afrique-de-louest\\\/#breadcrumb\"},\"inLanguage\":\"fr-FR\",\"potentialAction\":[{\"@type\":\"ReadAction\",\"target\":[\"https:\\\/\\\/lasentinelle.dz\\\/index.php\\\/2025\\\/03\\\/12\\\/electricite-sonelgaz-se-deploie-en-afrique-de-louest\\\/\"]}]},{\"@type\":\"ImageObject\",\"inLanguage\":\"fr-FR\",\"@id\":\"https:\\\/\\\/lasentinelle.dz\\\/index.php\\\/2025\\\/03\\\/12\\\/electricite-sonelgaz-se-deploie-en-afrique-de-louest\\\/#primaryimage\",\"url\":\"https:\\\/\\\/lasentinelle.dz\\\/wp-content\\\/uploads\\\/2025\\\/03\\\/483606890_1109214134553453_7601412454136956298_n.jpg\",\"contentUrl\":\"https:\\\/\\\/lasentinelle.dz\\\/wp-content\\\/uploads\\\/2025\\\/03\\\/483606890_1109214134553453_7601412454136956298_n.jpg\",\"width\":1032,\"height\":774},{\"@type\":\"BreadcrumbList\",\"@id\":\"https:\\\/\\\/lasentinelle.dz\\\/index.php\\\/2025\\\/03\\\/12\\\/electricite-sonelgaz-se-deploie-en-afrique-de-louest\\\/#breadcrumb\",\"itemListElement\":[{\"@type\":\"ListItem\",\"position\":1,\"name\":\"Accueil\",\"item\":\"https:\\\/\\\/lasentinelle.dz\\\/\"},{\"@type\":\"ListItem\",\"position\":2,\"name\":\"\u00c9lectricit\u00e9 : Sonelgaz se d\u00e9ploie en Afrique de l&rsquo;Ouest\"}]},{\"@type\":\"WebSite\",\"@id\":\"https:\\\/\\\/lasentinelle.dz\\\/#website\",\"url\":\"https:\\\/\\\/lasentinelle.dz\\\/\",\"name\":\"La Sentinelle\",\"description\":\"Quotidien national d&#039;information\",\"publisher\":{\"@id\":\"https:\\\/\\\/lasentinelle.dz\\\/#organization\"},\"potentialAction\":[{\"@type\":\"SearchAction\",\"target\":{\"@type\":\"EntryPoint\",\"urlTemplate\":\"https:\\\/\\\/lasentinelle.dz\\\/?s={search_term_string}\"},\"query-input\":{\"@type\":\"PropertyValueSpecification\",\"valueRequired\":true,\"valueName\":\"search_term_string\"}}],\"inLanguage\":\"fr-FR\"},{\"@type\":\"Organization\",\"@id\":\"https:\\\/\\\/lasentinelle.dz\\\/#organization\",\"name\":\"Quotidien La Sentinelle\",\"url\":\"https:\\\/\\\/lasentinelle.dz\\\/\",\"logo\":{\"@type\":\"ImageObject\",\"inLanguage\":\"fr-FR\",\"@id\":\"https:\\\/\\\/lasentinelle.dz\\\/#\\\/schema\\\/logo\\\/image\\\/\",\"url\":\"https:\\\/\\\/lasentinelle.dz\\\/wp-content\\\/uploads\\\/2021\\\/09\\\/logo-sentinelleSLOGAN-1.png\",\"contentUrl\":\"https:\\\/\\\/lasentinelle.dz\\\/wp-content\\\/uploads\\\/2021\\\/09\\\/logo-sentinelleSLOGAN-1.png\",\"width\":615,\"height\":142,\"caption\":\"Quotidien La Sentinelle\"},\"image\":{\"@id\":\"https:\\\/\\\/lasentinelle.dz\\\/#\\\/schema\\\/logo\\\/image\\\/\"},\"sameAs\":[\"https:\\\/\\\/www.facebook.com\\\/La-Sentinelle-104059864394773\"]},{\"@type\":\"Person\",\"@id\":\"https:\\\/\\\/lasentinelle.dz\\\/#\\\/schema\\\/person\\\/729ee0024f24e0b8c5ec17232f8e8b41\",\"name\":\"admin\",\"image\":{\"@type\":\"ImageObject\",\"inLanguage\":\"fr-FR\",\"@id\":\"https:\\\/\\\/secure.gravatar.com\\\/avatar\\\/4c81fed838786e9b53f540bf46533e750f5d292099ae3b66cfc6fb1982e29df7?s=96&d=mm&r=g\",\"url\":\"https:\\\/\\\/secure.gravatar.com\\\/avatar\\\/4c81fed838786e9b53f540bf46533e750f5d292099ae3b66cfc6fb1982e29df7?s=96&d=mm&r=g\",\"contentUrl\":\"https:\\\/\\\/secure.gravatar.com\\\/avatar\\\/4c81fed838786e9b53f540bf46533e750f5d292099ae3b66cfc6fb1982e29df7?s=96&d=mm&r=g\",\"caption\":\"admin\"},\"description\":\"admin\",\"url\":\"https:\\\/\\\/lasentinelle.dz\\\/author\\\/admin\\\/\"}]}<\/script>\n<!-- \/ Yoast SEO plugin. -->","yoast_head_json":{"title":"\u00c9lectricit\u00e9 : Sonelgaz se d\u00e9ploie en Afrique de l&rsquo;Ouest - La Sentinelle","robots":{"index":"index","follow":"follow","max-snippet":"max-snippet:-1","max-image-preview":"max-image-preview:large","max-video-preview":"max-video-preview:-1"},"canonical":"https:\/\/lasentinelle.dz\/index.php\/2025\/03\/12\/electricite-sonelgaz-se-deploie-en-afrique-de-louest\/","og_locale":"fr_FR","og_type":"article","og_title":"\u00c9lectricit\u00e9 : Sonelgaz se d\u00e9ploie en Afrique de l&rsquo;Ouest - La Sentinelle","og_description":"Le groupe \u00e9nerg\u00e9tique national Sonelgaz affiche ses ambitions continentales et internationales. Le g\u00e9ant \u00e9nerg\u00e9tique public ne cache plus sa volont\u00e9","og_url":"https:\/\/lasentinelle.dz\/index.php\/2025\/03\/12\/electricite-sonelgaz-se-deploie-en-afrique-de-louest\/","og_site_name":"La Sentinelle","article_publisher":"https:\/\/www.facebook.com\/La-Sentinelle-104059864394773","article_published_time":"2025-03-12T10:14:30+00:00","og_image":[{"width":1032,"height":774,"url":"https:\/\/lasentinelle.dz\/wp-content\/uploads\/2025\/03\/483606890_1109214134553453_7601412454136956298_n.jpg","type":"image\/jpeg"}],"author":"admin","twitter_card":"summary_large_image","twitter_misc":{"\u00c9crit par":"admin","Dur\u00e9e de lecture estim\u00e9e":"3 minutes"},"schema":{"@context":"https:\/\/schema.org","@graph":[{"@type":"Article","@id":"https:\/\/lasentinelle.dz\/index.php\/2025\/03\/12\/electricite-sonelgaz-se-deploie-en-afrique-de-louest\/#article","isPartOf":{"@id":"https:\/\/lasentinelle.dz\/index.php\/2025\/03\/12\/electricite-sonelgaz-se-deploie-en-afrique-de-louest\/"},"author":{"name":"admin","@id":"https:\/\/lasentinelle.dz\/#\/schema\/person\/729ee0024f24e0b8c5ec17232f8e8b41"},"headline":"\u00c9lectricit\u00e9 : Sonelgaz se d\u00e9ploie en Afrique de l&rsquo;Ouest","datePublished":"2025-03-12T10:14:30+00:00","mainEntityOfPage":{"@id":"https:\/\/lasentinelle.dz\/index.php\/2025\/03\/12\/electricite-sonelgaz-se-deploie-en-afrique-de-louest\/"},"wordCount":606,"commentCount":0,"publisher":{"@id":"https:\/\/lasentinelle.dz\/#organization"},"image":{"@id":"https:\/\/lasentinelle.dz\/index.php\/2025\/03\/12\/electricite-sonelgaz-se-deploie-en-afrique-de-louest\/#primaryimage"},"thumbnailUrl":"https:\/\/lasentinelle.dz\/wp-content\/uploads\/2025\/03\/483606890_1109214134553453_7601412454136956298_n.jpg","articleSection":["\u00c9conomie"],"inLanguage":"fr-FR","potentialAction":[{"@type":"CommentAction","name":"Comment","target":["https:\/\/lasentinelle.dz\/index.php\/2025\/03\/12\/electricite-sonelgaz-se-deploie-en-afrique-de-louest\/#respond"]}]},{"@type":"WebPage","@id":"https:\/\/lasentinelle.dz\/index.php\/2025\/03\/12\/electricite-sonelgaz-se-deploie-en-afrique-de-louest\/","url":"https:\/\/lasentinelle.dz\/index.php\/2025\/03\/12\/electricite-sonelgaz-se-deploie-en-afrique-de-louest\/","name":"\u00c9lectricit\u00e9 : Sonelgaz se d\u00e9ploie en Afrique de l&rsquo;Ouest - La Sentinelle","isPartOf":{"@id":"https:\/\/lasentinelle.dz\/#website"},"primaryImageOfPage":{"@id":"https:\/\/lasentinelle.dz\/index.php\/2025\/03\/12\/electricite-sonelgaz-se-deploie-en-afrique-de-louest\/#primaryimage"},"image":{"@id":"https:\/\/lasentinelle.dz\/index.php\/2025\/03\/12\/electricite-sonelgaz-se-deploie-en-afrique-de-louest\/#primaryimage"},"thumbnailUrl":"https:\/\/lasentinelle.dz\/wp-content\/uploads\/2025\/03\/483606890_1109214134553453_7601412454136956298_n.jpg","datePublished":"2025-03-12T10:14:30+00:00","breadcrumb":{"@id":"https:\/\/lasentinelle.dz\/index.php\/2025\/03\/12\/electricite-sonelgaz-se-deploie-en-afrique-de-louest\/#breadcrumb"},"inLanguage":"fr-FR","potentialAction":[{"@type":"ReadAction","target":["https:\/\/lasentinelle.dz\/index.php\/2025\/03\/12\/electricite-sonelgaz-se-deploie-en-afrique-de-louest\/"]}]},{"@type":"ImageObject","inLanguage":"fr-FR","@id":"https:\/\/lasentinelle.dz\/index.php\/2025\/03\/12\/electricite-sonelgaz-se-deploie-en-afrique-de-louest\/#primaryimage","url":"https:\/\/lasentinelle.dz\/wp-content\/uploads\/2025\/03\/483606890_1109214134553453_7601412454136956298_n.jpg","contentUrl":"https:\/\/lasentinelle.dz\/wp-content\/uploads\/2025\/03\/483606890_1109214134553453_7601412454136956298_n.jpg","width":1032,"height":774},{"@type":"BreadcrumbList","@id":"https:\/\/lasentinelle.dz\/index.php\/2025\/03\/12\/electricite-sonelgaz-se-deploie-en-afrique-de-louest\/#breadcrumb","itemListElement":[{"@type":"ListItem","position":1,"name":"Accueil","item":"https:\/\/lasentinelle.dz\/"},{"@type":"ListItem","position":2,"name":"\u00c9lectricit\u00e9 : Sonelgaz se d\u00e9ploie en Afrique de l&rsquo;Ouest"}]},{"@type":"WebSite","@id":"https:\/\/lasentinelle.dz\/#website","url":"https:\/\/lasentinelle.dz\/","name":"La Sentinelle","description":"Quotidien national d&#039;information","publisher":{"@id":"https:\/\/lasentinelle.dz\/#organization"},"potentialAction":[{"@type":"SearchAction","target":{"@type":"EntryPoint","urlTemplate":"https:\/\/lasentinelle.dz\/?s={search_term_string}"},"query-input":{"@type":"PropertyValueSpecification","valueRequired":true,"valueName":"search_term_string"}}],"inLanguage":"fr-FR"},{"@type":"Organization","@id":"https:\/\/lasentinelle.dz\/#organization","name":"Quotidien La Sentinelle","url":"https:\/\/lasentinelle.dz\/","logo":{"@type":"ImageObject","inLanguage":"fr-FR","@id":"https:\/\/lasentinelle.dz\/#\/schema\/logo\/image\/","url":"https:\/\/lasentinelle.dz\/wp-content\/uploads\/2021\/09\/logo-sentinelleSLOGAN-1.png","contentUrl":"https:\/\/lasentinelle.dz\/wp-content\/uploads\/2021\/09\/logo-sentinelleSLOGAN-1.png","width":615,"height":142,"caption":"Quotidien La Sentinelle"},"image":{"@id":"https:\/\/lasentinelle.dz\/#\/schema\/logo\/image\/"},"sameAs":["https:\/\/www.facebook.com\/La-Sentinelle-104059864394773"]},{"@type":"Person","@id":"https:\/\/lasentinelle.dz\/#\/schema\/person\/729ee0024f24e0b8c5ec17232f8e8b41","name":"admin","image":{"@type":"ImageObject","inLanguage":"fr-FR","@id":"https:\/\/secure.gravatar.com\/avatar\/4c81fed838786e9b53f540bf46533e750f5d292099ae3b66cfc6fb1982e29df7?s=96&d=mm&r=g","url":"https:\/\/secure.gravatar.com\/avatar\/4c81fed838786e9b53f540bf46533e750f5d292099ae3b66cfc6fb1982e29df7?s=96&d=mm&r=g","contentUrl":"https:\/\/secure.gravatar.com\/avatar\/4c81fed838786e9b53f540bf46533e750f5d292099ae3b66cfc6fb1982e29df7?s=96&d=mm&r=g","caption":"admin"},"description":"admin","url":"https:\/\/lasentinelle.dz\/author\/admin\/"}]}},"_links":{"self":[{"href":"https:\/\/lasentinelle.dz\/index.php\/wp-json\/wp\/v2\/posts\/64239","targetHints":{"allow":["GET"]}}],"collection":[{"href":"https:\/\/lasentinelle.dz\/index.php\/wp-json\/wp\/v2\/posts"}],"about":[{"href":"https:\/\/lasentinelle.dz\/index.php\/wp-json\/wp\/v2\/types\/post"}],"author":[{"embeddable":true,"href":"https:\/\/lasentinelle.dz\/index.php\/wp-json\/wp\/v2\/users\/6"}],"replies":[{"embeddable":true,"href":"https:\/\/lasentinelle.dz\/index.php\/wp-json\/wp\/v2\/comments?post=64239"}],"version-history":[{"count":2,"href":"https:\/\/lasentinelle.dz\/index.php\/wp-json\/wp\/v2\/posts\/64239\/revisions"}],"predecessor-version":[{"id":64242,"href":"https:\/\/lasentinelle.dz\/index.php\/wp-json\/wp\/v2\/posts\/64239\/revisions\/64242"}],"wp:featuredmedia":[{"embeddable":true,"href":"https:\/\/lasentinelle.dz\/index.php\/wp-json\/wp\/v2\/media\/64240"}],"wp:attachment":[{"href":"https:\/\/lasentinelle.dz\/index.php\/wp-json\/wp\/v2\/media?parent=64239"}],"wp:term":[{"taxonomy":"category","embeddable":true,"href":"https:\/\/lasentinelle.dz\/index.php\/wp-json\/wp\/v2\/categories?post=64239"},{"taxonomy":"post_tag","embeddable":true,"href":"https:\/\/lasentinelle.dz\/index.php\/wp-json\/wp\/v2\/tags?post=64239"}],"curies":[{"name":"wp","href":"https:\/\/api.w.org\/{rel}","templated":true}]}}