{"id":64253,"date":"2025-03-12T11:18:22","date_gmt":"2025-03-12T10:18:22","guid":{"rendered":"https:\/\/lasentinelle.dz\/?p=64253"},"modified":"2025-03-12T11:18:23","modified_gmt":"2025-03-12T10:18:23","slug":"renouvellement-partiel-des-membres-du-conseil-de-la-nation-le-fln-en-tete-trois-recours-introduits","status":"publish","type":"post","link":"https:\/\/lasentinelle.dz\/index.php\/2025\/03\/12\/renouvellement-partiel-des-membres-du-conseil-de-la-nation-le-fln-en-tete-trois-recours-introduits\/","title":{"rendered":"Renouvellement partiel des membres du Conseil de la Nation: \u00a0Le FLN en t\u00eate, trois recours introduits"},"content":{"rendered":"\n<p>La Cour constitutionnelle a re\u00e7u, hier, trois recours concernant les r\u00e9sultats provisoires des \u00e9lections pour le renouvellement par moiti\u00e9 des membres du Conseil de la nation, qui se sont d\u00e9roul\u00e9es dimanche dernier.<\/p>\n\n\n\n<p>Le Secr\u00e9taire g\u00e9n\u00e9ral par int\u00e9rim de la Cour constitutionnelle, Ibrahim Ahmed Boukhari, a indiqu\u00e9 hier que l&rsquo;instance a des recours le jour m\u00eame o\u00f9 l&rsquo;Autorit\u00e9 nationale ind\u00e9pendante des \u00e9lections (ANIE) rendait publics les r\u00e9sultats provisoires de cette \u00e9ch\u00e9ance \u00e9lectorale. \u00ab\u00a0\u00c0 l&rsquo;heure actuelle, trois recours concernant les r\u00e9sultats provisoires des \u00e9lections du renouvellement par moiti\u00e9 des membres du Conseil de la nation ont \u00e9t\u00e9 re\u00e7us et se trouvent au niveau du greffe de la Cour constitutionnelle\u00a0\u00bb, a pr\u00e9cis\u00e9 M. Boukhari dans une d\u00e9claration \u00e0 la presse apr\u00e8s la r\u00e9ception des proc\u00e8s-verbaux de d\u00e9pouillement et de centralisation des r\u00e9sultats. Selon les r\u00e9sultats annonc\u00e9s par le pr\u00e9sident par int\u00e9rim de l&rsquo;ANIE, Karim Khelfane, lors d&rsquo;une conf\u00e9rence de presse tenue au si\u00e8ge de l&rsquo;ANIE au Palais des nations (Club des Pins), le taux de participation \u00e0 ces \u00e9lections a atteint 96,31%. M. Khelfane a d\u00e9taill\u00e9 que \u00ab\u00a0le nombre de votants \u00e0 ce scrutin est de 26.231, celui des suffrages exprim\u00e9s est de 24.183, celui des bulletins nuls est de 2.048 et le nombre des non-votants est de 1.005, tandis qu&rsquo;un seul bulletin objet de litige a \u00e9t\u00e9 recens\u00e9, sans toutefois enregistrer de contestation.\u00a0\u00bb En termes de r\u00e9sultats par formation politique, le parti du Front de lib\u00e9ration nationale (FLN) est arriv\u00e9 en t\u00eate avec 19 si\u00e8ges, suivi du Rassemblement national d\u00e9mocratique (RND) avec 14 si\u00e8ges. Le Front El Moustakbal a obtenu 10 si\u00e8ges, tandis que les candidats Ind\u00e9pendants en ont remport\u00e9 6. Le Mouvement El Bina et le Mouvement de la soci\u00e9t\u00e9 pour la paix (MSP) ont obtenu chacun 3 si\u00e8ges, le Front des Forces socialistes (FFS) 2 si\u00e8ges, et enfin Tadjamou Amel el Jazair (TAJ) a d\u00e9croch\u00e9 1 si\u00e8ge.<\/p>\n\n\n\n<p>La Cour constitutionnelle avait d\u00e9fini, plus t\u00f4t dans la journ\u00e9e, les conditions et modalit\u00e9s d&rsquo;introduction de recours contre ces r\u00e9sultats provisoires. Dans un communiqu\u00e9 rendu public, elle rappelait que \u00ab\u00a0Conform\u00e9ment aux dispositions de l&rsquo;article 191 de la Constitution, la Cour constitutionnelle rappelle aux candidats aux \u00e9lections pour le renouvellement par moiti\u00e9 des membres du Conseil de la nation, qui se sont d\u00e9roul\u00e9es le 9 mars 2025, qu&rsquo;en vertu des dispositions de l&rsquo;article 240 de l&rsquo;ordonnance 21-01 portant loi organique relative au r\u00e9gime \u00e9lectoral, modifi\u00e9e et compl\u00e9t\u00e9e, et de l&rsquo;article 69 du r\u00e8glement fixant les r\u00e8gles de fonctionnement de la Cour constitutionnelle, tout candidat a le droit de contester les r\u00e9sultats du scrutin en introduisant un recours, d\u00e9pos\u00e9 aupr\u00e8s du greffe de la Cour constitutionnelle, dans les vingt-quatre (24) heures qui suivent la proclamation des r\u00e9sultats provisoires.\u00a0\u00bb La Cour a \u00e9galement pr\u00e9cis\u00e9 que \u00ab\u00a0L&rsquo;auteur du recours doit \u00eatre candidat aux \u00e9lections pour le renouvellement par moiti\u00e9 des membres du Conseil de la nation, qui se sont d\u00e9roul\u00e9es le 9 mars 2025, dans la wilaya concern\u00e9e. Le recours doit \u00eatre d\u00e9pos\u00e9 par le candidat lui-m\u00eame aupr\u00e8s du greffe de la Cour constitutionnelle dans un d\u00e9lai de vingt-quatre (24) heures suivant la proclamation des r\u00e9sultats provisoires par l&rsquo;Autorit\u00e9 nationale ind\u00e9pendante des \u00e9lections. En cas de d\u00e9l\u00e9gation, le repr\u00e9sentant charg\u00e9 du d\u00e9p\u00f4t du recours doit \u00eatre muni d&rsquo;une procuration sp\u00e9ciale l&rsquo;y habilitant.\u00a0\u00bb Concernant les modalit\u00e9s pratiques, le communiqu\u00e9 indiquait que \u00ab\u00a0La requ\u00eate doit comporter le nom, le pr\u00e9nom, la profession, l&rsquo;adresse et la signature de l&rsquo;auteur du recours et mentionner l&rsquo;assembl\u00e9e populaire communale (APC) ou de wilaya (APW) \u00e0 laquelle il appartient. Elle doit \u00eatre r\u00e9dig\u00e9e en langue arabe. Le concern\u00e9 doit exposer les motifs du recours \u00e0 l&rsquo;aide d&rsquo;arguments et l&rsquo;\u00e9tayer par des pi\u00e8ces et documents justificatifs.\u00a0\u00bb Ibrahim Ahmed Boukhari a par ailleurs r\u00e9v\u00e9l\u00e9 que conform\u00e9ment aux instructions du pr\u00e9sident de la Cour constitutionnelle, Omar Belhadj, \u00ab\u00a0une \u00e9quipe de travail compos\u00e9e de 11 groupes a \u00e9t\u00e9 mise en place pour examiner les proc\u00e8s-verbaux\u00a0\u00bb remis par l&rsquo;ANIE. La Cour constitutionnelle a d\u00e9j\u00e0 \u00ab\u00a0entam\u00e9 son travail\u00a0\u00bb d&rsquo;examen des r\u00e9sultats et des recours d\u00e9pos\u00e9s. La Cour constitutionnelle a \u00e9galement indiqu\u00e9 qu&rsquo;elle \u00ab\u00a0statuera sur les recours dans un d\u00e9lai de trois (3) jours francs, conform\u00e9ment \u00e0 l&rsquo;article 241 de l&rsquo;ordonnance 21-01 portant loi organique relative au r\u00e9gime \u00e9lectoral, modifi\u00e9e et compl\u00e9t\u00e9e\u00a0\u00bb, invitant les personnes concern\u00e9es \u00e0 consulter son site web ou \u00e0 contacter ses services par t\u00e9l\u00e9phone ou par fax pour tout compl\u00e9ment d&rsquo;information.<\/p>\n\n\n\n<p>Ces \u00e9lections s\u00e9natoriales partielles rev\u00eatent une importance particuli\u00e8re dans le paysage politique, avec un taux de participation tr\u00e8s \u00e9lev\u00e9 t\u00e9moignant de l&rsquo;engagement des \u00e9lus locaux dans ce processus de renouvellement partiel de la chambre haute du Parlement. La pr\u00e9dominance du FLN et du RND, qui ont obtenu ensemble 33 si\u00e8ges sur les 58 \u00e0 pourvoir, confirme la position dominante de ces deux formations sur la sc\u00e8ne politique nationale, particuli\u00e8rement au niveau des assembl\u00e9es locales dont sont issus les grands \u00e9lecteurs ayant particip\u00e9 \u00e0 ce scrutin.<\/p>\n\n\n\n<p>Hocine Fadheli<\/p>\n","protected":false},"excerpt":{"rendered":"<p>La Cour constitutionnelle a re\u00e7u, hier, trois recours concernant les r\u00e9sultats provisoires des \u00e9lections pour le renouvellement par moiti\u00e9 des<\/p>\n","protected":false},"author":6,"featured_media":64254,"comment_status":"open","ping_status":"closed","sticky":false,"template":"","format":"standard","meta":{"colormag_page_container_layout":"default_layout","colormag_page_sidebar_layout":"default_layout","om_disable_all_campaigns":false,"_monsterinsights_skip_tracking":false,"_monsterinsights_sitenote_active":false,"_monsterinsights_sitenote_note":"","_monsterinsights_sitenote_category":0,"footnotes":"","_wpscppro_dont_share_socialmedia":false,"_wpscppro_custom_social_share_image":0,"_facebook_share_type":"default","_twitter_share_type":"default","_linkedin_share_type":"default","_pinterest_share_type":"default","_linkedin_share_type_page":"","_instagram_share_type":"default","_medium_share_type":"default","_threads_share_type":"","_google_business_share_type":"","_selected_social_profile":[],"_wpsp_enable_custom_social_template":false,"_wpsp_social_scheduling":{"enabled":false,"datetime":null,"platforms":[],"status":"template_only","dateOption":"today","timeOption":"now","customDays":"","customHours":"","customDate":"","customTime":"","schedulingType":"absolute"},"_wpsp_active_default_template":true},"categories":[52,27],"tags":[],"class_list":["post-64253","post","type-post","status-publish","format-standard","has-post-thumbnail","hentry","category-a-la-une","category-actualite"],"aioseo_notices":[],"yoast_head":"<!-- This site is optimized with the Yoast SEO plugin v27.5 - https:\/\/yoast.com\/product\/yoast-seo-wordpress\/ -->\n<title>Renouvellement partiel des membres du Conseil de la Nation: \u00a0Le FLN en t\u00eate, trois recours introduits - La Sentinelle<\/title>\n<meta name=\"robots\" content=\"index, follow, max-snippet:-1, max-image-preview:large, max-video-preview:-1\" \/>\n<link rel=\"canonical\" href=\"https:\/\/lasentinelle.dz\/index.php\/2025\/03\/12\/renouvellement-partiel-des-membres-du-conseil-de-la-nation-le-fln-en-tete-trois-recours-introduits\/\" \/>\n<meta property=\"og:locale\" content=\"fr_FR\" \/>\n<meta property=\"og:type\" content=\"article\" \/>\n<meta property=\"og:title\" content=\"Renouvellement partiel des membres du Conseil de la Nation: \u00a0Le FLN en t\u00eate, trois recours introduits - La Sentinelle\" \/>\n<meta property=\"og:description\" content=\"La Cour constitutionnelle a re\u00e7u, hier, trois recours concernant les r\u00e9sultats provisoires des \u00e9lections pour le renouvellement par moiti\u00e9 des\" \/>\n<meta property=\"og:url\" content=\"https:\/\/lasentinelle.dz\/index.php\/2025\/03\/12\/renouvellement-partiel-des-membres-du-conseil-de-la-nation-le-fln-en-tete-trois-recours-introduits\/\" \/>\n<meta property=\"og:site_name\" content=\"La Sentinelle\" \/>\n<meta property=\"article:publisher\" content=\"https:\/\/www.facebook.com\/La-Sentinelle-104059864394773\" \/>\n<meta property=\"article:published_time\" content=\"2025-03-12T10:18:22+00:00\" \/>\n<meta property=\"article:modified_time\" content=\"2025-03-12T10:18:23+00:00\" \/>\n<meta property=\"og:image\" content=\"https:\/\/lasentinelle.dz\/wp-content\/uploads\/2025\/03\/Ibrahim-Ahmed-Boukhari-.jpg\" \/>\n\t<meta property=\"og:image:width\" content=\"745\" \/>\n\t<meta property=\"og:image:height\" content=\"470\" \/>\n\t<meta property=\"og:image:type\" content=\"image\/jpeg\" \/>\n<meta name=\"author\" content=\"admin\" \/>\n<meta name=\"twitter:card\" content=\"summary_large_image\" \/>\n<meta name=\"twitter:label1\" content=\"\u00c9crit par\" \/>\n\t<meta name=\"twitter:data1\" content=\"admin\" \/>\n\t<meta name=\"twitter:label2\" content=\"Dur\u00e9e de lecture estim\u00e9e\" \/>\n\t<meta name=\"twitter:data2\" content=\"5 minutes\" \/>\n<script type=\"application\/ld+json\" class=\"yoast-schema-graph\">{\"@context\":\"https:\\\/\\\/schema.org\",\"@graph\":[{\"@type\":\"Article\",\"@id\":\"https:\\\/\\\/lasentinelle.dz\\\/index.php\\\/2025\\\/03\\\/12\\\/renouvellement-partiel-des-membres-du-conseil-de-la-nation-le-fln-en-tete-trois-recours-introduits\\\/#article\",\"isPartOf\":{\"@id\":\"https:\\\/\\\/lasentinelle.dz\\\/index.php\\\/2025\\\/03\\\/12\\\/renouvellement-partiel-des-membres-du-conseil-de-la-nation-le-fln-en-tete-trois-recours-introduits\\\/\"},\"author\":{\"name\":\"admin\",\"@id\":\"https:\\\/\\\/lasentinelle.dz\\\/#\\\/schema\\\/person\\\/729ee0024f24e0b8c5ec17232f8e8b41\"},\"headline\":\"Renouvellement partiel des membres du Conseil de la Nation: \u00a0Le FLN en t\u00eate, trois recours introduits\",\"datePublished\":\"2025-03-12T10:18:22+00:00\",\"dateModified\":\"2025-03-12T10:18:23+00:00\",\"mainEntityOfPage\":{\"@id\":\"https:\\\/\\\/lasentinelle.dz\\\/index.php\\\/2025\\\/03\\\/12\\\/renouvellement-partiel-des-membres-du-conseil-de-la-nation-le-fln-en-tete-trois-recours-introduits\\\/\"},\"wordCount\":924,\"commentCount\":0,\"publisher\":{\"@id\":\"https:\\\/\\\/lasentinelle.dz\\\/#organization\"},\"image\":{\"@id\":\"https:\\\/\\\/lasentinelle.dz\\\/index.php\\\/2025\\\/03\\\/12\\\/renouvellement-partiel-des-membres-du-conseil-de-la-nation-le-fln-en-tete-trois-recours-introduits\\\/#primaryimage\"},\"thumbnailUrl\":\"https:\\\/\\\/lasentinelle.dz\\\/wp-content\\\/uploads\\\/2025\\\/03\\\/Ibrahim-Ahmed-Boukhari-.jpg\",\"articleSection\":[\"\u00c0 la Une\",\"Actualit\u00e9\"],\"inLanguage\":\"fr-FR\",\"potentialAction\":[{\"@type\":\"CommentAction\",\"name\":\"Comment\",\"target\":[\"https:\\\/\\\/lasentinelle.dz\\\/index.php\\\/2025\\\/03\\\/12\\\/renouvellement-partiel-des-membres-du-conseil-de-la-nation-le-fln-en-tete-trois-recours-introduits\\\/#respond\"]}]},{\"@type\":\"WebPage\",\"@id\":\"https:\\\/\\\/lasentinelle.dz\\\/index.php\\\/2025\\\/03\\\/12\\\/renouvellement-partiel-des-membres-du-conseil-de-la-nation-le-fln-en-tete-trois-recours-introduits\\\/\",\"url\":\"https:\\\/\\\/lasentinelle.dz\\\/index.php\\\/2025\\\/03\\\/12\\\/renouvellement-partiel-des-membres-du-conseil-de-la-nation-le-fln-en-tete-trois-recours-introduits\\\/\",\"name\":\"Renouvellement partiel des membres du Conseil de la Nation: \u00a0Le FLN en t\u00eate, trois recours introduits - La Sentinelle\",\"isPartOf\":{\"@id\":\"https:\\\/\\\/lasentinelle.dz\\\/#website\"},\"primaryImageOfPage\":{\"@id\":\"https:\\\/\\\/lasentinelle.dz\\\/index.php\\\/2025\\\/03\\\/12\\\/renouvellement-partiel-des-membres-du-conseil-de-la-nation-le-fln-en-tete-trois-recours-introduits\\\/#primaryimage\"},\"image\":{\"@id\":\"https:\\\/\\\/lasentinelle.dz\\\/index.php\\\/2025\\\/03\\\/12\\\/renouvellement-partiel-des-membres-du-conseil-de-la-nation-le-fln-en-tete-trois-recours-introduits\\\/#primaryimage\"},\"thumbnailUrl\":\"https:\\\/\\\/lasentinelle.dz\\\/wp-content\\\/uploads\\\/2025\\\/03\\\/Ibrahim-Ahmed-Boukhari-.jpg\",\"datePublished\":\"2025-03-12T10:18:22+00:00\",\"dateModified\":\"2025-03-12T10:18:23+00:00\",\"breadcrumb\":{\"@id\":\"https:\\\/\\\/lasentinelle.dz\\\/index.php\\\/2025\\\/03\\\/12\\\/renouvellement-partiel-des-membres-du-conseil-de-la-nation-le-fln-en-tete-trois-recours-introduits\\\/#breadcrumb\"},\"inLanguage\":\"fr-FR\",\"potentialAction\":[{\"@type\":\"ReadAction\",\"target\":[\"https:\\\/\\\/lasentinelle.dz\\\/index.php\\\/2025\\\/03\\\/12\\\/renouvellement-partiel-des-membres-du-conseil-de-la-nation-le-fln-en-tete-trois-recours-introduits\\\/\"]}]},{\"@type\":\"ImageObject\",\"inLanguage\":\"fr-FR\",\"@id\":\"https:\\\/\\\/lasentinelle.dz\\\/index.php\\\/2025\\\/03\\\/12\\\/renouvellement-partiel-des-membres-du-conseil-de-la-nation-le-fln-en-tete-trois-recours-introduits\\\/#primaryimage\",\"url\":\"https:\\\/\\\/lasentinelle.dz\\\/wp-content\\\/uploads\\\/2025\\\/03\\\/Ibrahim-Ahmed-Boukhari-.jpg\",\"contentUrl\":\"https:\\\/\\\/lasentinelle.dz\\\/wp-content\\\/uploads\\\/2025\\\/03\\\/Ibrahim-Ahmed-Boukhari-.jpg\",\"width\":745,\"height\":470},{\"@type\":\"BreadcrumbList\",\"@id\":\"https:\\\/\\\/lasentinelle.dz\\\/index.php\\\/2025\\\/03\\\/12\\\/renouvellement-partiel-des-membres-du-conseil-de-la-nation-le-fln-en-tete-trois-recours-introduits\\\/#breadcrumb\",\"itemListElement\":[{\"@type\":\"ListItem\",\"position\":1,\"name\":\"Accueil\",\"item\":\"https:\\\/\\\/lasentinelle.dz\\\/\"},{\"@type\":\"ListItem\",\"position\":2,\"name\":\"Renouvellement partiel des membres du Conseil de la Nation: \u00a0Le FLN en t\u00eate, trois recours introduits\"}]},{\"@type\":\"WebSite\",\"@id\":\"https:\\\/\\\/lasentinelle.dz\\\/#website\",\"url\":\"https:\\\/\\\/lasentinelle.dz\\\/\",\"name\":\"La Sentinelle\",\"description\":\"Quotidien national d&#039;information\",\"publisher\":{\"@id\":\"https:\\\/\\\/lasentinelle.dz\\\/#organization\"},\"potentialAction\":[{\"@type\":\"SearchAction\",\"target\":{\"@type\":\"EntryPoint\",\"urlTemplate\":\"https:\\\/\\\/lasentinelle.dz\\\/?s={search_term_string}\"},\"query-input\":{\"@type\":\"PropertyValueSpecification\",\"valueRequired\":true,\"valueName\":\"search_term_string\"}}],\"inLanguage\":\"fr-FR\"},{\"@type\":\"Organization\",\"@id\":\"https:\\\/\\\/lasentinelle.dz\\\/#organization\",\"name\":\"Quotidien La Sentinelle\",\"url\":\"https:\\\/\\\/lasentinelle.dz\\\/\",\"logo\":{\"@type\":\"ImageObject\",\"inLanguage\":\"fr-FR\",\"@id\":\"https:\\\/\\\/lasentinelle.dz\\\/#\\\/schema\\\/logo\\\/image\\\/\",\"url\":\"https:\\\/\\\/lasentinelle.dz\\\/wp-content\\\/uploads\\\/2021\\\/09\\\/logo-sentinelleSLOGAN-1.png\",\"contentUrl\":\"https:\\\/\\\/lasentinelle.dz\\\/wp-content\\\/uploads\\\/2021\\\/09\\\/logo-sentinelleSLOGAN-1.png\",\"width\":615,\"height\":142,\"caption\":\"Quotidien La Sentinelle\"},\"image\":{\"@id\":\"https:\\\/\\\/lasentinelle.dz\\\/#\\\/schema\\\/logo\\\/image\\\/\"},\"sameAs\":[\"https:\\\/\\\/www.facebook.com\\\/La-Sentinelle-104059864394773\"]},{\"@type\":\"Person\",\"@id\":\"https:\\\/\\\/lasentinelle.dz\\\/#\\\/schema\\\/person\\\/729ee0024f24e0b8c5ec17232f8e8b41\",\"name\":\"admin\",\"image\":{\"@type\":\"ImageObject\",\"inLanguage\":\"fr-FR\",\"@id\":\"https:\\\/\\\/secure.gravatar.com\\\/avatar\\\/4c81fed838786e9b53f540bf46533e750f5d292099ae3b66cfc6fb1982e29df7?s=96&d=mm&r=g\",\"url\":\"https:\\\/\\\/secure.gravatar.com\\\/avatar\\\/4c81fed838786e9b53f540bf46533e750f5d292099ae3b66cfc6fb1982e29df7?s=96&d=mm&r=g\",\"contentUrl\":\"https:\\\/\\\/secure.gravatar.com\\\/avatar\\\/4c81fed838786e9b53f540bf46533e750f5d292099ae3b66cfc6fb1982e29df7?s=96&d=mm&r=g\",\"caption\":\"admin\"},\"description\":\"admin\",\"url\":\"https:\\\/\\\/lasentinelle.dz\\\/author\\\/admin\\\/\"}]}<\/script>\n<!-- \/ Yoast SEO plugin. -->","yoast_head_json":{"title":"Renouvellement partiel des membres du Conseil de la Nation: \u00a0Le FLN en t\u00eate, trois recours introduits - La Sentinelle","robots":{"index":"index","follow":"follow","max-snippet":"max-snippet:-1","max-image-preview":"max-image-preview:large","max-video-preview":"max-video-preview:-1"},"canonical":"https:\/\/lasentinelle.dz\/index.php\/2025\/03\/12\/renouvellement-partiel-des-membres-du-conseil-de-la-nation-le-fln-en-tete-trois-recours-introduits\/","og_locale":"fr_FR","og_type":"article","og_title":"Renouvellement partiel des membres du Conseil de la Nation: \u00a0Le FLN en t\u00eate, trois recours introduits - La Sentinelle","og_description":"La Cour constitutionnelle a re\u00e7u, hier, trois recours concernant les r\u00e9sultats provisoires des \u00e9lections pour le renouvellement par moiti\u00e9 des","og_url":"https:\/\/lasentinelle.dz\/index.php\/2025\/03\/12\/renouvellement-partiel-des-membres-du-conseil-de-la-nation-le-fln-en-tete-trois-recours-introduits\/","og_site_name":"La Sentinelle","article_publisher":"https:\/\/www.facebook.com\/La-Sentinelle-104059864394773","article_published_time":"2025-03-12T10:18:22+00:00","article_modified_time":"2025-03-12T10:18:23+00:00","og_image":[{"width":745,"height":470,"url":"https:\/\/lasentinelle.dz\/wp-content\/uploads\/2025\/03\/Ibrahim-Ahmed-Boukhari-.jpg","type":"image\/jpeg"}],"author":"admin","twitter_card":"summary_large_image","twitter_misc":{"\u00c9crit par":"admin","Dur\u00e9e de lecture estim\u00e9e":"5 minutes"},"schema":{"@context":"https:\/\/schema.org","@graph":[{"@type":"Article","@id":"https:\/\/lasentinelle.dz\/index.php\/2025\/03\/12\/renouvellement-partiel-des-membres-du-conseil-de-la-nation-le-fln-en-tete-trois-recours-introduits\/#article","isPartOf":{"@id":"https:\/\/lasentinelle.dz\/index.php\/2025\/03\/12\/renouvellement-partiel-des-membres-du-conseil-de-la-nation-le-fln-en-tete-trois-recours-introduits\/"},"author":{"name":"admin","@id":"https:\/\/lasentinelle.dz\/#\/schema\/person\/729ee0024f24e0b8c5ec17232f8e8b41"},"headline":"Renouvellement partiel des membres du Conseil de la Nation: \u00a0Le FLN en t\u00eate, trois recours introduits","datePublished":"2025-03-12T10:18:22+00:00","dateModified":"2025-03-12T10:18:23+00:00","mainEntityOfPage":{"@id":"https:\/\/lasentinelle.dz\/index.php\/2025\/03\/12\/renouvellement-partiel-des-membres-du-conseil-de-la-nation-le-fln-en-tete-trois-recours-introduits\/"},"wordCount":924,"commentCount":0,"publisher":{"@id":"https:\/\/lasentinelle.dz\/#organization"},"image":{"@id":"https:\/\/lasentinelle.dz\/index.php\/2025\/03\/12\/renouvellement-partiel-des-membres-du-conseil-de-la-nation-le-fln-en-tete-trois-recours-introduits\/#primaryimage"},"thumbnailUrl":"https:\/\/lasentinelle.dz\/wp-content\/uploads\/2025\/03\/Ibrahim-Ahmed-Boukhari-.jpg","articleSection":["\u00c0 la Une","Actualit\u00e9"],"inLanguage":"fr-FR","potentialAction":[{"@type":"CommentAction","name":"Comment","target":["https:\/\/lasentinelle.dz\/index.php\/2025\/03\/12\/renouvellement-partiel-des-membres-du-conseil-de-la-nation-le-fln-en-tete-trois-recours-introduits\/#respond"]}]},{"@type":"WebPage","@id":"https:\/\/lasentinelle.dz\/index.php\/2025\/03\/12\/renouvellement-partiel-des-membres-du-conseil-de-la-nation-le-fln-en-tete-trois-recours-introduits\/","url":"https:\/\/lasentinelle.dz\/index.php\/2025\/03\/12\/renouvellement-partiel-des-membres-du-conseil-de-la-nation-le-fln-en-tete-trois-recours-introduits\/","name":"Renouvellement partiel des membres du Conseil de la Nation: \u00a0Le FLN en t\u00eate, trois recours introduits - La Sentinelle","isPartOf":{"@id":"https:\/\/lasentinelle.dz\/#website"},"primaryImageOfPage":{"@id":"https:\/\/lasentinelle.dz\/index.php\/2025\/03\/12\/renouvellement-partiel-des-membres-du-conseil-de-la-nation-le-fln-en-tete-trois-recours-introduits\/#primaryimage"},"image":{"@id":"https:\/\/lasentinelle.dz\/index.php\/2025\/03\/12\/renouvellement-partiel-des-membres-du-conseil-de-la-nation-le-fln-en-tete-trois-recours-introduits\/#primaryimage"},"thumbnailUrl":"https:\/\/lasentinelle.dz\/wp-content\/uploads\/2025\/03\/Ibrahim-Ahmed-Boukhari-.jpg","datePublished":"2025-03-12T10:18:22+00:00","dateModified":"2025-03-12T10:18:23+00:00","breadcrumb":{"@id":"https:\/\/lasentinelle.dz\/index.php\/2025\/03\/12\/renouvellement-partiel-des-membres-du-conseil-de-la-nation-le-fln-en-tete-trois-recours-introduits\/#breadcrumb"},"inLanguage":"fr-FR","potentialAction":[{"@type":"ReadAction","target":["https:\/\/lasentinelle.dz\/index.php\/2025\/03\/12\/renouvellement-partiel-des-membres-du-conseil-de-la-nation-le-fln-en-tete-trois-recours-introduits\/"]}]},{"@type":"ImageObject","inLanguage":"fr-FR","@id":"https:\/\/lasentinelle.dz\/index.php\/2025\/03\/12\/renouvellement-partiel-des-membres-du-conseil-de-la-nation-le-fln-en-tete-trois-recours-introduits\/#primaryimage","url":"https:\/\/lasentinelle.dz\/wp-content\/uploads\/2025\/03\/Ibrahim-Ahmed-Boukhari-.jpg","contentUrl":"https:\/\/lasentinelle.dz\/wp-content\/uploads\/2025\/03\/Ibrahim-Ahmed-Boukhari-.jpg","width":745,"height":470},{"@type":"BreadcrumbList","@id":"https:\/\/lasentinelle.dz\/index.php\/2025\/03\/12\/renouvellement-partiel-des-membres-du-conseil-de-la-nation-le-fln-en-tete-trois-recours-introduits\/#breadcrumb","itemListElement":[{"@type":"ListItem","position":1,"name":"Accueil","item":"https:\/\/lasentinelle.dz\/"},{"@type":"ListItem","position":2,"name":"Renouvellement partiel des membres du Conseil de la Nation: \u00a0Le FLN en t\u00eate, trois recours introduits"}]},{"@type":"WebSite","@id":"https:\/\/lasentinelle.dz\/#website","url":"https:\/\/lasentinelle.dz\/","name":"La Sentinelle","description":"Quotidien national d&#039;information","publisher":{"@id":"https:\/\/lasentinelle.dz\/#organization"},"potentialAction":[{"@type":"SearchAction","target":{"@type":"EntryPoint","urlTemplate":"https:\/\/lasentinelle.dz\/?s={search_term_string}"},"query-input":{"@type":"PropertyValueSpecification","valueRequired":true,"valueName":"search_term_string"}}],"inLanguage":"fr-FR"},{"@type":"Organization","@id":"https:\/\/lasentinelle.dz\/#organization","name":"Quotidien La Sentinelle","url":"https:\/\/lasentinelle.dz\/","logo":{"@type":"ImageObject","inLanguage":"fr-FR","@id":"https:\/\/lasentinelle.dz\/#\/schema\/logo\/image\/","url":"https:\/\/lasentinelle.dz\/wp-content\/uploads\/2021\/09\/logo-sentinelleSLOGAN-1.png","contentUrl":"https:\/\/lasentinelle.dz\/wp-content\/uploads\/2021\/09\/logo-sentinelleSLOGAN-1.png","width":615,"height":142,"caption":"Quotidien La Sentinelle"},"image":{"@id":"https:\/\/lasentinelle.dz\/#\/schema\/logo\/image\/"},"sameAs":["https:\/\/www.facebook.com\/La-Sentinelle-104059864394773"]},{"@type":"Person","@id":"https:\/\/lasentinelle.dz\/#\/schema\/person\/729ee0024f24e0b8c5ec17232f8e8b41","name":"admin","image":{"@type":"ImageObject","inLanguage":"fr-FR","@id":"https:\/\/secure.gravatar.com\/avatar\/4c81fed838786e9b53f540bf46533e750f5d292099ae3b66cfc6fb1982e29df7?s=96&d=mm&r=g","url":"https:\/\/secure.gravatar.com\/avatar\/4c81fed838786e9b53f540bf46533e750f5d292099ae3b66cfc6fb1982e29df7?s=96&d=mm&r=g","contentUrl":"https:\/\/secure.gravatar.com\/avatar\/4c81fed838786e9b53f540bf46533e750f5d292099ae3b66cfc6fb1982e29df7?s=96&d=mm&r=g","caption":"admin"},"description":"admin","url":"https:\/\/lasentinelle.dz\/author\/admin\/"}]}},"_links":{"self":[{"href":"https:\/\/lasentinelle.dz\/index.php\/wp-json\/wp\/v2\/posts\/64253","targetHints":{"allow":["GET"]}}],"collection":[{"href":"https:\/\/lasentinelle.dz\/index.php\/wp-json\/wp\/v2\/posts"}],"about":[{"href":"https:\/\/lasentinelle.dz\/index.php\/wp-json\/wp\/v2\/types\/post"}],"author":[{"embeddable":true,"href":"https:\/\/lasentinelle.dz\/index.php\/wp-json\/wp\/v2\/users\/6"}],"replies":[{"embeddable":true,"href":"https:\/\/lasentinelle.dz\/index.php\/wp-json\/wp\/v2\/comments?post=64253"}],"version-history":[{"count":1,"href":"https:\/\/lasentinelle.dz\/index.php\/wp-json\/wp\/v2\/posts\/64253\/revisions"}],"predecessor-version":[{"id":64255,"href":"https:\/\/lasentinelle.dz\/index.php\/wp-json\/wp\/v2\/posts\/64253\/revisions\/64255"}],"wp:featuredmedia":[{"embeddable":true,"href":"https:\/\/lasentinelle.dz\/index.php\/wp-json\/wp\/v2\/media\/64254"}],"wp:attachment":[{"href":"https:\/\/lasentinelle.dz\/index.php\/wp-json\/wp\/v2\/media?parent=64253"}],"wp:term":[{"taxonomy":"category","embeddable":true,"href":"https:\/\/lasentinelle.dz\/index.php\/wp-json\/wp\/v2\/categories?post=64253"},{"taxonomy":"post_tag","embeddable":true,"href":"https:\/\/lasentinelle.dz\/index.php\/wp-json\/wp\/v2\/tags?post=64253"}],"curies":[{"name":"wp","href":"https:\/\/api.w.org\/{rel}","templated":true}]}}