{"id":64256,"date":"2025-03-12T11:20:25","date_gmt":"2025-03-12T10:20:25","guid":{"rendered":"https:\/\/lasentinelle.dz\/?p=64256"},"modified":"2025-03-12T11:20:26","modified_gmt":"2025-03-12T10:20:26","slug":"dessalement-un-savoir-faire-algerien-est-ne","status":"publish","type":"post","link":"https:\/\/lasentinelle.dz\/index.php\/2025\/03\/12\/dessalement-un-savoir-faire-algerien-est-ne\/","title":{"rendered":"Dessalement : Un savoir-faire alg\u00e9rien est n\u00e9"},"content":{"rendered":"\n<p>L&rsquo;Alg\u00e9rie franchi une \u00e9tape d\u00e9cisive dans sa qu\u00eate d&rsquo;ind\u00e9pendance hydrique gr\u00e2ce \u00e0 une strat\u00e9gie ambitieuse de dessalement d&rsquo;eau de mer.<\/p>\n\n\n\n<p>Le pr\u00e9sident de la R\u00e9publique, Abdelmadjid Tebboune, a inaugur\u00e9 hier l&rsquo;usine de dessalement \u00ab\u00a0Cap Djinet 2\u00a0\u00bb dans la wilaya de Boumerdes, marquant ainsi la concr\u00e9tisation d&rsquo;un programme national d&rsquo;envergure destin\u00e9 \u00e0 renforcer la s\u00e9curit\u00e9 hydrique du pays. Une nouvelle r\u00e9alisation qui s&rsquo;inscrit dans le cadre d&rsquo;une s\u00e9rie d&rsquo;inaugurations d&rsquo;infrastructures strat\u00e9giques de dessalement initi\u00e9e depuis le 20 f\u00e9vrier dernier, lorsque le pr\u00e9sident avait d\u00e9marr\u00e9 sa tourn\u00e9e par l&rsquo;usine de Cap Blanc dans la r\u00e9gion d&rsquo;A\u00efn Kerma \u00e0 Oran, suivi de celle de Fouka \u00e0 Tipaza et De Koudiat Eddraouech dans la wilaya d&rsquo;El Tarf.<\/p>\n\n\n\n<p>Lors de la c\u00e9r\u00e9monie d&rsquo;inauguration, le pr\u00e9sident Tebboune a exprim\u00e9 sa fiert\u00e9 devant cette r\u00e9alisation nationale : \u00ab\u00a0Nous ne pouvons qu&rsquo;\u00eatre fiers et nous enorgueillir de ce que nos filles et nos fils ont accompli en Alg\u00e9rie. En peu de temps, ce projet a \u00e9t\u00e9 r\u00e9alis\u00e9 par des mains alg\u00e9riennes et je les remercie&#8230; Les remercier ne suffit pas pour ce qu&rsquo;ils ont accompli, comme je remercie tous les responsables de ces projets et ils ont fond\u00e9 une v\u00e9ritable \u00e9cole alg\u00e9rienne dans le domaine du dessalement de l&rsquo;eau de mer.\u00a0\u00bb Apr\u00e8s avoir suivi des pr\u00e9sentations techniques sur le d\u00e9roulement et la r\u00e9alisation de l&rsquo;usine de dessalement de Cap Djinet 2, le pr\u00e9sident Tebboune a affirm\u00e9 : \u00ab\u00a0Je r\u00e9p\u00e8te ce que j&rsquo;ai d\u00e9clar\u00e9 r\u00e9cemment lors de l&rsquo;inauguration des trois usines de dessalement qui ont pr\u00e9c\u00e9d\u00e9 celle de Cap Djinet 2, c&rsquo;est un sentiment extraordinaire alors que nous accomplissons un devoir pour lequel nos martyrs bien-aim\u00e9s se sont sacrifi\u00e9s pendant la r\u00e9volution de lib\u00e9ration. Aujourd&rsquo;hui, nous concr\u00e9tisons leurs r\u00eaves, surtout en ce mois de mars, le mois des martyrs durant lequel la plupart des dirigeants de la glorieuse r\u00e9volution sont tomb\u00e9s en martyrs.\u00a0\u00bb Le pr\u00e9sident a poursuivi : \u00ab\u00a0Comme nous sommes dans le contexte des c\u00e9l\u00e9brations comm\u00e9morant le 70e anniversaire du d\u00e9clenchement de la glorieuse r\u00e9volution de lib\u00e9ration, nous devons lier les \u00e9v\u00e9nements et les r\u00e9alisations pour nous rappeler ce qu&rsquo;ont fait nos vertueux pr\u00e9d\u00e9cesseurs qui ont affront\u00e9 les arm\u00e9es les plus puissantes pendant la r\u00e9volution de lib\u00e9ration. Nous ne pouvons \u2014 Dieu merci \u2014 qu&rsquo;\u00eatre fiers et nous enorgueillir de ce qu&rsquo;ont accompli les bras de nos fils et filles de notre noble pays.\u00a0\u00bb Le pr\u00e9sident de la R\u00e9publique a salu\u00e9 \u00e0 cette occasion \u00ab\u00a0la r\u00e9alisation purement nationale\u00a0\u00bb des usines de dessalement d&rsquo;eau de mer, affirmant \u00e0 cet \u00e9gard que \u00ab\u00a0l&rsquo;\u00e9tude est alg\u00e9rienne, la r\u00e9alisation est alg\u00e9rienne, et les techniciens, les cadres et les travailleurs sont tous alg\u00e9riens\u00a0\u00bb, soulignant que cette r\u00e9alisation, achev\u00e9e dans un d\u00e9lai record (26 mois), est \u00ab\u00a0le r\u00eave de tout Alg\u00e9rien\u00a0\u00bb. Le chef de l&rsquo;\u00c9tat a \u00e9galement soulign\u00e9 que le lancement des usines de dessalement d&rsquo;eau de mer et leur concr\u00e9tisation sur le terrain \u00ab\u00a0ont fond\u00e9 une \u00e9cole alg\u00e9rienne dans la r\u00e9alisation de projets\u00a0\u00bb, ajoutant dans le m\u00eame contexte que ces projets strat\u00e9giques qui voient le jour aujourd&rsquo;hui constituent un mod\u00e8le \u00e0 suivre \u00ab\u00a0dans la r\u00e9alisation de grands projets\u00a0\u00bb. \u00c0 cette occasion, le pr\u00e9sident de la R\u00e9publique a adress\u00e9 ses f\u00e9licitations aux citoyens pour cette r\u00e9alisation colossale, r\u00e9affirmant que la satisfaction des besoins des citoyens \u00e0 travers tout le territoire national est sa \u00ab\u00a0pr\u00e9occupation principale\u00a0\u00bb. Il a rappel\u00e9 dans ce contexte que la r\u00e9alisation des usines de dessalement d&rsquo;eau de mer est venue pour \u00e9viter les cons\u00e9quences de la raret\u00e9 des pluies et des eaux souterraines, indiquant que la wilaya de Boumerdes, qui \u00ab\u00a0a souffert d&rsquo;une sorte de retard pendant la p\u00e9riode de la trag\u00e9die nationale dans les ann\u00e9es 1990, commence aujourd&rsquo;hui \u00e0 b\u00e9n\u00e9ficier de diff\u00e9rents projets de d\u00e9veloppement\u00a0\u00bb. En conclusion, le pr\u00e9sident de la R\u00e9publique a renouvel\u00e9 ses remerciements \u00e0 tous les cadres et travailleurs pour \u00ab\u00a0tout ce qu&rsquo;ils ont fait\u00a0\u00bb dans la concr\u00e9tisation de ce projet, affirmant que \u00ab\u00a0c&rsquo;est l\u00e0 le chemin que nous avons trac\u00e9 d\u00e8s le d\u00e9but, consistant \u00e0 rattraper le d\u00e9ficit enregistr\u00e9 dans tous les domaines afin de rejoindre les pays \u00e9mergents et d\u00e9velopp\u00e9s, et nous sommes sur la bonne voie.\u00a0\u00bb<\/p>\n\n\n\n<p>L&rsquo;Alg\u00e9rie en t\u00eate des pays africains<\/p>\n\n\n\n<p>L&rsquo;usine de Cap Djinet 2 repr\u00e9sente la cinqui\u00e8me installation de dessalement d&rsquo;eau de mer inaugur\u00e9e par le pr\u00e9sident Tebboune depuis mi-f\u00e9vrier. Cette infrastructure, qui s&rsquo;\u00e9tend sur une superficie de 18 hectares, est dot\u00e9e d&rsquo;une capacit\u00e9 de production de 300 000 m\u00e8tres cubes par jour et permettra d&rsquo;assurer l&rsquo;approvisionnement en eau potable non seulement des habitants de la wilaya de Boumerdes mais \u00e9galement des wilayas limitrophes. La c\u00e9r\u00e9monie s&rsquo;est d\u00e9roul\u00e9e en pr\u00e9sence de plusieurs hauts responsables, notamment le ministre d\u00e9l\u00e9gu\u00e9 aupr\u00e8s du ministre de la D\u00e9fense nationale, Chef d&rsquo;\u00c9tat-major de l&rsquo;Arm\u00e9e nationale populaire, le G\u00e9n\u00e9ral d&rsquo;Arm\u00e9e Sa\u00efd Chanegriha, le ministre d&rsquo;\u00c9tat, ministre de l&rsquo;\u00c9nergie, des Mines et des \u00c9nergies renouvelables, Mohamed Arkab, ainsi que d&rsquo;autres ministres et autorit\u00e9s locales. Ce vaste programme national de dessalement, d\u00e9cid\u00e9 par le pr\u00e9sident de la R\u00e9publique, comprend au total cinq grandes stations r\u00e9parties dans les wilayas d&rsquo;El Tarf (Koudiet Eddraouche), de B\u00e9ja\u00efa (Tighremt-Toudja), de Boumerdes (Cap Djinet), de Tipasa (Fouka) et d&rsquo;Oran (Cap Blanc). Chacune de ces installations dispose d&rsquo;une capacit\u00e9 de production identique de 300 000 m\u00e8tres cubes quotidiens, pour un investissement global avoisinant les 2,4 milliards de dollars.<\/p>\n\n\n\n<p>Gr\u00e2ce \u00e0 ce programme ambitieux, l&rsquo;Alg\u00e9rie se positionne comme le premier pays africain et le deuxi\u00e8me dans le monde arabe apr\u00e8s l&rsquo;Arabie Saoudite en termes de capacit\u00e9s de production d&rsquo;eau dessal\u00e9e. La capacit\u00e9 totale nationale atteindra 3,7 millions de m\u00e8tres cubes par jour, couvrant ainsi 42% de la demande nationale en eau potable. Dans un entretien accord\u00e9 au magazine \u00ab\u00a0El Djeich\u00a0\u00bb publi\u00e9 en mars 2025, le ministre d&rsquo;\u00c9tat, ministre de l&rsquo;\u00c9nergie, des Mines et des \u00c9nergies renouvelables, Mohamed Arkab, a d\u00e9taill\u00e9 la vision strat\u00e9gique alg\u00e9rienne dans ce domaine : \u00ab\u00a0La strat\u00e9gie de l&rsquo;Alg\u00e9rie dans le domaine du dessalement d&rsquo;eau de mer vise \u00e0 localiser les principaux composants des stations de dessalement au niveau national, ce qui permettra \u00e0 l&rsquo;Alg\u00e9rie d&rsquo;atteindre l&rsquo;ind\u00e9pendance technologique et industrielle dans ce domaine.\u00a0\u00bb<\/p>\n\n\n\n<p><strong>Souverainet\u00e9 hydrique<\/strong><\/p>\n\n\n\n<p>Le ministre Arkab a pr\u00e9cis\u00e9 que cette vision, inspir\u00e9e des orientations du pr\u00e9sident Tebboune, s&rsquo;articule sur le long terme autour de \u00ab\u00a0la r\u00e9alisation d&rsquo;une souverainet\u00e9 hydrique compl\u00e8te\u00a0\u00bb gr\u00e2ce notamment \u00e0 \u00ab\u00a0la localisation de la fabrication des membranes d&rsquo;osmose inverse qui permettra \u00e0 l&rsquo;Alg\u00e9rie d&rsquo;atteindre l&rsquo;ind\u00e9pendance technologique et industrielle dans ce domaine strat\u00e9gique.\u00a0\u00bb La strat\u00e9gie nationale ne s&rsquo;arr\u00eate pas \u00e0 la simple production d&rsquo;eau, mais int\u00e8gre une approche globale visant \u00e0 maximiser les retomb\u00e9es \u00e9conomiques et environnementales. Ainsi, l&rsquo;Alg\u00e9rie pr\u00e9voit d&rsquo;augmenter l&rsquo;utilisation des \u00e9nergies renouvelables dans le fonctionnement des stations de dessalement, avec un objectif d&rsquo;atteindre 30% d&rsquo;\u00e9nergie solaire, ce qui contribuera \u00e0 r\u00e9duire les co\u00fbts \u00e9nerg\u00e9tiques et l&#8217;empreinte carbone. Un autre aspect innovant concerne l&rsquo;exploitation de la saumure r\u00e9sultant du processus de dessalement dans les industries mini\u00e8res, notamment pour l&rsquo;extraction du lithium utilis\u00e9 dans les batteries de v\u00e9hicules \u00e9lectriques. Cette approche s&rsquo;inscrit dans une logique d&rsquo;\u00e9conomie circulaire et d&rsquo;int\u00e9gration dans l&rsquo;\u00e9conomie verte \u00e0 travers la production d&rsquo;hydrog\u00e8ne vert \u00e0 partir d&rsquo;eau dessal\u00e9e, renfor\u00e7ant ainsi la transition \u00e9nerg\u00e9tique du pays. Pour concr\u00e9tiser cette vision d&rsquo;ind\u00e9pendance technologique, la Soci\u00e9t\u00e9 Alg\u00e9rienne de l&rsquo;\u00c9nergie (filiale du groupe Sonatrach) a entam\u00e9 des pourparlers avec de grandes entreprises internationales pour la localisation des composants des stations de dessalement. Des accords de partenariat ont d\u00e9j\u00e0 \u00e9t\u00e9 sign\u00e9s avec des acteurs internationaux, notamment la soci\u00e9t\u00e9 allemande \u00ab\u00a0Port Energy Logistic\u00a0\u00bb pour la production locale de membranes d&rsquo;osmose inverse. Le ministre Arkab a \u00e9galement soulign\u00e9 l&rsquo;importance de la dimension acad\u00e9mique de cette strat\u00e9gie, avec la signature d&rsquo;accords de partenariat avec les universit\u00e9s et centres de recherche nationaux pour d\u00e9velopper des solutions innovantes et former des comp\u00e9tences sp\u00e9cialis\u00e9es dans le domaine du dessalement d&rsquo;eau de mer. L&rsquo;objectif est de d\u00e9velopper des technologies adapt\u00e9es aux sp\u00e9cificit\u00e9s alg\u00e9riennes et de pr\u00e9parer une nouvelle g\u00e9n\u00e9ration d&rsquo;experts. Ces projets d&rsquo;envergure, r\u00e9alis\u00e9s en un temps record gr\u00e2ce \u00e0 des comp\u00e9tences nationales, refl\u00e8tent un exploit sans pr\u00e9c\u00e9dent dans l&rsquo;histoire du pays. Comme l&rsquo;a affirm\u00e9 le ministre Arkab, le dessalement d&rsquo;eau de mer est devenu \u00ab\u00a0un pilier fondamental\u00a0\u00bb de la strat\u00e9gie gouvernementale visant \u00e0 garantir la s\u00e9curit\u00e9 hydrique nationale, o\u00f9 \u00ab\u00a0le minist\u00e8re de l&rsquo;\u00c9nergie, des Mines et des \u00c9nergies renouvelables, en collaboration avec diverses instances, joue un r\u00f4le central dans la mise en \u0153uvre de cette vision.\u00a0\u00bb La mise en service des cinq nouvelles stations portera le nombre total d&rsquo;installations de dessalement dans le pays \u00e0 19, augmentant la capacit\u00e9 productive nationale de 2,2 millions \u00e0 3,7 millions de m\u00e8tres cubes d&rsquo;eau par jour. Cet accomplissement d\u00e9montre l&rsquo;engagement de l&rsquo;Alg\u00e9rie \u00e0 assurer une gestion durable et souveraine de ses ressources hydriques et \u00e0 consolider sa position parmi les pays leaders mondiaux dans l&rsquo;industrie du dessalement d&rsquo;eau.<\/p>\n\n\n\n<p>Samir Benisid<\/p>\n","protected":false},"excerpt":{"rendered":"<p>L&rsquo;Alg\u00e9rie franchi une \u00e9tape d\u00e9cisive dans sa qu\u00eate d&rsquo;ind\u00e9pendance hydrique gr\u00e2ce \u00e0 une strat\u00e9gie ambitieuse de dessalement d&rsquo;eau de mer.<\/p>\n","protected":false},"author":6,"featured_media":64257,"comment_status":"open","ping_status":"closed","sticky":false,"template":"","format":"standard","meta":{"colormag_page_container_layout":"default_layout","colormag_page_sidebar_layout":"default_layout","om_disable_all_campaigns":false,"_monsterinsights_skip_tracking":false,"_monsterinsights_sitenote_active":false,"_monsterinsights_sitenote_note":"","_monsterinsights_sitenote_category":0,"footnotes":"","_wpscppro_dont_share_socialmedia":false,"_wpscppro_custom_social_share_image":0,"_facebook_share_type":"default","_twitter_share_type":"default","_linkedin_share_type":"default","_pinterest_share_type":"default","_linkedin_share_type_page":"","_instagram_share_type":"default","_medium_share_type":"default","_threads_share_type":"","_google_business_share_type":"","_selected_social_profile":[],"_wpsp_enable_custom_social_template":false,"_wpsp_social_scheduling":{"enabled":false,"datetime":null,"platforms":[],"status":"template_only","dateOption":"today","timeOption":"now","customDays":"","customHours":"","customDate":"","customTime":"","schedulingType":"absolute"},"_wpsp_active_default_template":true},"categories":[52,27],"tags":[],"class_list":["post-64256","post","type-post","status-publish","format-standard","has-post-thumbnail","hentry","category-a-la-une","category-actualite"],"aioseo_notices":[],"yoast_head":"<!-- This site is optimized with the Yoast SEO plugin v27.5 - https:\/\/yoast.com\/product\/yoast-seo-wordpress\/ -->\n<title>Dessalement : Un savoir-faire alg\u00e9rien est n\u00e9 - La Sentinelle<\/title>\n<meta name=\"robots\" content=\"index, follow, max-snippet:-1, max-image-preview:large, max-video-preview:-1\" \/>\n<link rel=\"canonical\" href=\"https:\/\/lasentinelle.dz\/index.php\/2025\/03\/12\/dessalement-un-savoir-faire-algerien-est-ne\/\" \/>\n<meta property=\"og:locale\" content=\"fr_FR\" \/>\n<meta property=\"og:type\" content=\"article\" \/>\n<meta property=\"og:title\" content=\"Dessalement : Un savoir-faire alg\u00e9rien est n\u00e9 - La Sentinelle\" \/>\n<meta property=\"og:description\" content=\"L&rsquo;Alg\u00e9rie franchi une \u00e9tape d\u00e9cisive dans sa qu\u00eate d&rsquo;ind\u00e9pendance hydrique gr\u00e2ce \u00e0 une strat\u00e9gie ambitieuse de dessalement d&rsquo;eau de mer.\" \/>\n<meta property=\"og:url\" content=\"https:\/\/lasentinelle.dz\/index.php\/2025\/03\/12\/dessalement-un-savoir-faire-algerien-est-ne\/\" \/>\n<meta property=\"og:site_name\" content=\"La Sentinelle\" \/>\n<meta property=\"article:publisher\" content=\"https:\/\/www.facebook.com\/La-Sentinelle-104059864394773\" \/>\n<meta property=\"article:published_time\" content=\"2025-03-12T10:20:25+00:00\" \/>\n<meta property=\"article:modified_time\" content=\"2025-03-12T10:20:26+00:00\" \/>\n<meta property=\"og:image\" content=\"https:\/\/lasentinelle.dz\/wp-content\/uploads\/2025\/03\/tebboune-1.jpg\" \/>\n\t<meta property=\"og:image:width\" content=\"1280\" \/>\n\t<meta property=\"og:image:height\" content=\"853\" \/>\n\t<meta property=\"og:image:type\" content=\"image\/jpeg\" \/>\n<meta name=\"author\" content=\"admin\" \/>\n<meta name=\"twitter:card\" content=\"summary_large_image\" \/>\n<meta name=\"twitter:label1\" content=\"\u00c9crit par\" \/>\n\t<meta name=\"twitter:data1\" content=\"admin\" \/>\n\t<meta name=\"twitter:label2\" content=\"Dur\u00e9e de lecture estim\u00e9e\" \/>\n\t<meta name=\"twitter:data2\" content=\"8 minutes\" \/>\n<script type=\"application\/ld+json\" class=\"yoast-schema-graph\">{\"@context\":\"https:\\\/\\\/schema.org\",\"@graph\":[{\"@type\":\"Article\",\"@id\":\"https:\\\/\\\/lasentinelle.dz\\\/index.php\\\/2025\\\/03\\\/12\\\/dessalement-un-savoir-faire-algerien-est-ne\\\/#article\",\"isPartOf\":{\"@id\":\"https:\\\/\\\/lasentinelle.dz\\\/index.php\\\/2025\\\/03\\\/12\\\/dessalement-un-savoir-faire-algerien-est-ne\\\/\"},\"author\":{\"name\":\"admin\",\"@id\":\"https:\\\/\\\/lasentinelle.dz\\\/#\\\/schema\\\/person\\\/729ee0024f24e0b8c5ec17232f8e8b41\"},\"headline\":\"Dessalement : Un savoir-faire alg\u00e9rien est n\u00e9\",\"datePublished\":\"2025-03-12T10:20:25+00:00\",\"dateModified\":\"2025-03-12T10:20:26+00:00\",\"mainEntityOfPage\":{\"@id\":\"https:\\\/\\\/lasentinelle.dz\\\/index.php\\\/2025\\\/03\\\/12\\\/dessalement-un-savoir-faire-algerien-est-ne\\\/\"},\"wordCount\":1699,\"commentCount\":1,\"publisher\":{\"@id\":\"https:\\\/\\\/lasentinelle.dz\\\/#organization\"},\"image\":{\"@id\":\"https:\\\/\\\/lasentinelle.dz\\\/index.php\\\/2025\\\/03\\\/12\\\/dessalement-un-savoir-faire-algerien-est-ne\\\/#primaryimage\"},\"thumbnailUrl\":\"https:\\\/\\\/lasentinelle.dz\\\/wp-content\\\/uploads\\\/2025\\\/03\\\/tebboune-1.jpg\",\"articleSection\":[\"\u00c0 la Une\",\"Actualit\u00e9\"],\"inLanguage\":\"fr-FR\",\"potentialAction\":[{\"@type\":\"CommentAction\",\"name\":\"Comment\",\"target\":[\"https:\\\/\\\/lasentinelle.dz\\\/index.php\\\/2025\\\/03\\\/12\\\/dessalement-un-savoir-faire-algerien-est-ne\\\/#respond\"]}]},{\"@type\":\"WebPage\",\"@id\":\"https:\\\/\\\/lasentinelle.dz\\\/index.php\\\/2025\\\/03\\\/12\\\/dessalement-un-savoir-faire-algerien-est-ne\\\/\",\"url\":\"https:\\\/\\\/lasentinelle.dz\\\/index.php\\\/2025\\\/03\\\/12\\\/dessalement-un-savoir-faire-algerien-est-ne\\\/\",\"name\":\"Dessalement : Un savoir-faire alg\u00e9rien est n\u00e9 - La Sentinelle\",\"isPartOf\":{\"@id\":\"https:\\\/\\\/lasentinelle.dz\\\/#website\"},\"primaryImageOfPage\":{\"@id\":\"https:\\\/\\\/lasentinelle.dz\\\/index.php\\\/2025\\\/03\\\/12\\\/dessalement-un-savoir-faire-algerien-est-ne\\\/#primaryimage\"},\"image\":{\"@id\":\"https:\\\/\\\/lasentinelle.dz\\\/index.php\\\/2025\\\/03\\\/12\\\/dessalement-un-savoir-faire-algerien-est-ne\\\/#primaryimage\"},\"thumbnailUrl\":\"https:\\\/\\\/lasentinelle.dz\\\/wp-content\\\/uploads\\\/2025\\\/03\\\/tebboune-1.jpg\",\"datePublished\":\"2025-03-12T10:20:25+00:00\",\"dateModified\":\"2025-03-12T10:20:26+00:00\",\"breadcrumb\":{\"@id\":\"https:\\\/\\\/lasentinelle.dz\\\/index.php\\\/2025\\\/03\\\/12\\\/dessalement-un-savoir-faire-algerien-est-ne\\\/#breadcrumb\"},\"inLanguage\":\"fr-FR\",\"potentialAction\":[{\"@type\":\"ReadAction\",\"target\":[\"https:\\\/\\\/lasentinelle.dz\\\/index.php\\\/2025\\\/03\\\/12\\\/dessalement-un-savoir-faire-algerien-est-ne\\\/\"]}]},{\"@type\":\"ImageObject\",\"inLanguage\":\"fr-FR\",\"@id\":\"https:\\\/\\\/lasentinelle.dz\\\/index.php\\\/2025\\\/03\\\/12\\\/dessalement-un-savoir-faire-algerien-est-ne\\\/#primaryimage\",\"url\":\"https:\\\/\\\/lasentinelle.dz\\\/wp-content\\\/uploads\\\/2025\\\/03\\\/tebboune-1.jpg\",\"contentUrl\":\"https:\\\/\\\/lasentinelle.dz\\\/wp-content\\\/uploads\\\/2025\\\/03\\\/tebboune-1.jpg\",\"width\":1280,\"height\":853},{\"@type\":\"BreadcrumbList\",\"@id\":\"https:\\\/\\\/lasentinelle.dz\\\/index.php\\\/2025\\\/03\\\/12\\\/dessalement-un-savoir-faire-algerien-est-ne\\\/#breadcrumb\",\"itemListElement\":[{\"@type\":\"ListItem\",\"position\":1,\"name\":\"Accueil\",\"item\":\"https:\\\/\\\/lasentinelle.dz\\\/\"},{\"@type\":\"ListItem\",\"position\":2,\"name\":\"Dessalement : Un savoir-faire alg\u00e9rien est n\u00e9\"}]},{\"@type\":\"WebSite\",\"@id\":\"https:\\\/\\\/lasentinelle.dz\\\/#website\",\"url\":\"https:\\\/\\\/lasentinelle.dz\\\/\",\"name\":\"La Sentinelle\",\"description\":\"Quotidien national d&#039;information\",\"publisher\":{\"@id\":\"https:\\\/\\\/lasentinelle.dz\\\/#organization\"},\"potentialAction\":[{\"@type\":\"SearchAction\",\"target\":{\"@type\":\"EntryPoint\",\"urlTemplate\":\"https:\\\/\\\/lasentinelle.dz\\\/?s={search_term_string}\"},\"query-input\":{\"@type\":\"PropertyValueSpecification\",\"valueRequired\":true,\"valueName\":\"search_term_string\"}}],\"inLanguage\":\"fr-FR\"},{\"@type\":\"Organization\",\"@id\":\"https:\\\/\\\/lasentinelle.dz\\\/#organization\",\"name\":\"Quotidien La Sentinelle\",\"url\":\"https:\\\/\\\/lasentinelle.dz\\\/\",\"logo\":{\"@type\":\"ImageObject\",\"inLanguage\":\"fr-FR\",\"@id\":\"https:\\\/\\\/lasentinelle.dz\\\/#\\\/schema\\\/logo\\\/image\\\/\",\"url\":\"https:\\\/\\\/lasentinelle.dz\\\/wp-content\\\/uploads\\\/2021\\\/09\\\/logo-sentinelleSLOGAN-1.png\",\"contentUrl\":\"https:\\\/\\\/lasentinelle.dz\\\/wp-content\\\/uploads\\\/2021\\\/09\\\/logo-sentinelleSLOGAN-1.png\",\"width\":615,\"height\":142,\"caption\":\"Quotidien La Sentinelle\"},\"image\":{\"@id\":\"https:\\\/\\\/lasentinelle.dz\\\/#\\\/schema\\\/logo\\\/image\\\/\"},\"sameAs\":[\"https:\\\/\\\/www.facebook.com\\\/La-Sentinelle-104059864394773\"]},{\"@type\":\"Person\",\"@id\":\"https:\\\/\\\/lasentinelle.dz\\\/#\\\/schema\\\/person\\\/729ee0024f24e0b8c5ec17232f8e8b41\",\"name\":\"admin\",\"image\":{\"@type\":\"ImageObject\",\"inLanguage\":\"fr-FR\",\"@id\":\"https:\\\/\\\/secure.gravatar.com\\\/avatar\\\/4c81fed838786e9b53f540bf46533e750f5d292099ae3b66cfc6fb1982e29df7?s=96&d=mm&r=g\",\"url\":\"https:\\\/\\\/secure.gravatar.com\\\/avatar\\\/4c81fed838786e9b53f540bf46533e750f5d292099ae3b66cfc6fb1982e29df7?s=96&d=mm&r=g\",\"contentUrl\":\"https:\\\/\\\/secure.gravatar.com\\\/avatar\\\/4c81fed838786e9b53f540bf46533e750f5d292099ae3b66cfc6fb1982e29df7?s=96&d=mm&r=g\",\"caption\":\"admin\"},\"description\":\"admin\",\"url\":\"https:\\\/\\\/lasentinelle.dz\\\/author\\\/admin\\\/\"}]}<\/script>\n<!-- \/ Yoast SEO plugin. -->","yoast_head_json":{"title":"Dessalement : Un savoir-faire alg\u00e9rien est n\u00e9 - La Sentinelle","robots":{"index":"index","follow":"follow","max-snippet":"max-snippet:-1","max-image-preview":"max-image-preview:large","max-video-preview":"max-video-preview:-1"},"canonical":"https:\/\/lasentinelle.dz\/index.php\/2025\/03\/12\/dessalement-un-savoir-faire-algerien-est-ne\/","og_locale":"fr_FR","og_type":"article","og_title":"Dessalement : Un savoir-faire alg\u00e9rien est n\u00e9 - La Sentinelle","og_description":"L&rsquo;Alg\u00e9rie franchi une \u00e9tape d\u00e9cisive dans sa qu\u00eate d&rsquo;ind\u00e9pendance hydrique gr\u00e2ce \u00e0 une strat\u00e9gie ambitieuse de dessalement d&rsquo;eau de mer.","og_url":"https:\/\/lasentinelle.dz\/index.php\/2025\/03\/12\/dessalement-un-savoir-faire-algerien-est-ne\/","og_site_name":"La Sentinelle","article_publisher":"https:\/\/www.facebook.com\/La-Sentinelle-104059864394773","article_published_time":"2025-03-12T10:20:25+00:00","article_modified_time":"2025-03-12T10:20:26+00:00","og_image":[{"width":1280,"height":853,"url":"https:\/\/lasentinelle.dz\/wp-content\/uploads\/2025\/03\/tebboune-1.jpg","type":"image\/jpeg"}],"author":"admin","twitter_card":"summary_large_image","twitter_misc":{"\u00c9crit par":"admin","Dur\u00e9e de lecture estim\u00e9e":"8 minutes"},"schema":{"@context":"https:\/\/schema.org","@graph":[{"@type":"Article","@id":"https:\/\/lasentinelle.dz\/index.php\/2025\/03\/12\/dessalement-un-savoir-faire-algerien-est-ne\/#article","isPartOf":{"@id":"https:\/\/lasentinelle.dz\/index.php\/2025\/03\/12\/dessalement-un-savoir-faire-algerien-est-ne\/"},"author":{"name":"admin","@id":"https:\/\/lasentinelle.dz\/#\/schema\/person\/729ee0024f24e0b8c5ec17232f8e8b41"},"headline":"Dessalement : Un savoir-faire alg\u00e9rien est n\u00e9","datePublished":"2025-03-12T10:20:25+00:00","dateModified":"2025-03-12T10:20:26+00:00","mainEntityOfPage":{"@id":"https:\/\/lasentinelle.dz\/index.php\/2025\/03\/12\/dessalement-un-savoir-faire-algerien-est-ne\/"},"wordCount":1699,"commentCount":1,"publisher":{"@id":"https:\/\/lasentinelle.dz\/#organization"},"image":{"@id":"https:\/\/lasentinelle.dz\/index.php\/2025\/03\/12\/dessalement-un-savoir-faire-algerien-est-ne\/#primaryimage"},"thumbnailUrl":"https:\/\/lasentinelle.dz\/wp-content\/uploads\/2025\/03\/tebboune-1.jpg","articleSection":["\u00c0 la Une","Actualit\u00e9"],"inLanguage":"fr-FR","potentialAction":[{"@type":"CommentAction","name":"Comment","target":["https:\/\/lasentinelle.dz\/index.php\/2025\/03\/12\/dessalement-un-savoir-faire-algerien-est-ne\/#respond"]}]},{"@type":"WebPage","@id":"https:\/\/lasentinelle.dz\/index.php\/2025\/03\/12\/dessalement-un-savoir-faire-algerien-est-ne\/","url":"https:\/\/lasentinelle.dz\/index.php\/2025\/03\/12\/dessalement-un-savoir-faire-algerien-est-ne\/","name":"Dessalement : Un savoir-faire alg\u00e9rien est n\u00e9 - La Sentinelle","isPartOf":{"@id":"https:\/\/lasentinelle.dz\/#website"},"primaryImageOfPage":{"@id":"https:\/\/lasentinelle.dz\/index.php\/2025\/03\/12\/dessalement-un-savoir-faire-algerien-est-ne\/#primaryimage"},"image":{"@id":"https:\/\/lasentinelle.dz\/index.php\/2025\/03\/12\/dessalement-un-savoir-faire-algerien-est-ne\/#primaryimage"},"thumbnailUrl":"https:\/\/lasentinelle.dz\/wp-content\/uploads\/2025\/03\/tebboune-1.jpg","datePublished":"2025-03-12T10:20:25+00:00","dateModified":"2025-03-12T10:20:26+00:00","breadcrumb":{"@id":"https:\/\/lasentinelle.dz\/index.php\/2025\/03\/12\/dessalement-un-savoir-faire-algerien-est-ne\/#breadcrumb"},"inLanguage":"fr-FR","potentialAction":[{"@type":"ReadAction","target":["https:\/\/lasentinelle.dz\/index.php\/2025\/03\/12\/dessalement-un-savoir-faire-algerien-est-ne\/"]}]},{"@type":"ImageObject","inLanguage":"fr-FR","@id":"https:\/\/lasentinelle.dz\/index.php\/2025\/03\/12\/dessalement-un-savoir-faire-algerien-est-ne\/#primaryimage","url":"https:\/\/lasentinelle.dz\/wp-content\/uploads\/2025\/03\/tebboune-1.jpg","contentUrl":"https:\/\/lasentinelle.dz\/wp-content\/uploads\/2025\/03\/tebboune-1.jpg","width":1280,"height":853},{"@type":"BreadcrumbList","@id":"https:\/\/lasentinelle.dz\/index.php\/2025\/03\/12\/dessalement-un-savoir-faire-algerien-est-ne\/#breadcrumb","itemListElement":[{"@type":"ListItem","position":1,"name":"Accueil","item":"https:\/\/lasentinelle.dz\/"},{"@type":"ListItem","position":2,"name":"Dessalement : Un savoir-faire alg\u00e9rien est n\u00e9"}]},{"@type":"WebSite","@id":"https:\/\/lasentinelle.dz\/#website","url":"https:\/\/lasentinelle.dz\/","name":"La Sentinelle","description":"Quotidien national d&#039;information","publisher":{"@id":"https:\/\/lasentinelle.dz\/#organization"},"potentialAction":[{"@type":"SearchAction","target":{"@type":"EntryPoint","urlTemplate":"https:\/\/lasentinelle.dz\/?s={search_term_string}"},"query-input":{"@type":"PropertyValueSpecification","valueRequired":true,"valueName":"search_term_string"}}],"inLanguage":"fr-FR"},{"@type":"Organization","@id":"https:\/\/lasentinelle.dz\/#organization","name":"Quotidien La Sentinelle","url":"https:\/\/lasentinelle.dz\/","logo":{"@type":"ImageObject","inLanguage":"fr-FR","@id":"https:\/\/lasentinelle.dz\/#\/schema\/logo\/image\/","url":"https:\/\/lasentinelle.dz\/wp-content\/uploads\/2021\/09\/logo-sentinelleSLOGAN-1.png","contentUrl":"https:\/\/lasentinelle.dz\/wp-content\/uploads\/2021\/09\/logo-sentinelleSLOGAN-1.png","width":615,"height":142,"caption":"Quotidien La Sentinelle"},"image":{"@id":"https:\/\/lasentinelle.dz\/#\/schema\/logo\/image\/"},"sameAs":["https:\/\/www.facebook.com\/La-Sentinelle-104059864394773"]},{"@type":"Person","@id":"https:\/\/lasentinelle.dz\/#\/schema\/person\/729ee0024f24e0b8c5ec17232f8e8b41","name":"admin","image":{"@type":"ImageObject","inLanguage":"fr-FR","@id":"https:\/\/secure.gravatar.com\/avatar\/4c81fed838786e9b53f540bf46533e750f5d292099ae3b66cfc6fb1982e29df7?s=96&d=mm&r=g","url":"https:\/\/secure.gravatar.com\/avatar\/4c81fed838786e9b53f540bf46533e750f5d292099ae3b66cfc6fb1982e29df7?s=96&d=mm&r=g","contentUrl":"https:\/\/secure.gravatar.com\/avatar\/4c81fed838786e9b53f540bf46533e750f5d292099ae3b66cfc6fb1982e29df7?s=96&d=mm&r=g","caption":"admin"},"description":"admin","url":"https:\/\/lasentinelle.dz\/author\/admin\/"}]}},"_links":{"self":[{"href":"https:\/\/lasentinelle.dz\/index.php\/wp-json\/wp\/v2\/posts\/64256","targetHints":{"allow":["GET"]}}],"collection":[{"href":"https:\/\/lasentinelle.dz\/index.php\/wp-json\/wp\/v2\/posts"}],"about":[{"href":"https:\/\/lasentinelle.dz\/index.php\/wp-json\/wp\/v2\/types\/post"}],"author":[{"embeddable":true,"href":"https:\/\/lasentinelle.dz\/index.php\/wp-json\/wp\/v2\/users\/6"}],"replies":[{"embeddable":true,"href":"https:\/\/lasentinelle.dz\/index.php\/wp-json\/wp\/v2\/comments?post=64256"}],"version-history":[{"count":1,"href":"https:\/\/lasentinelle.dz\/index.php\/wp-json\/wp\/v2\/posts\/64256\/revisions"}],"predecessor-version":[{"id":64258,"href":"https:\/\/lasentinelle.dz\/index.php\/wp-json\/wp\/v2\/posts\/64256\/revisions\/64258"}],"wp:featuredmedia":[{"embeddable":true,"href":"https:\/\/lasentinelle.dz\/index.php\/wp-json\/wp\/v2\/media\/64257"}],"wp:attachment":[{"href":"https:\/\/lasentinelle.dz\/index.php\/wp-json\/wp\/v2\/media?parent=64256"}],"wp:term":[{"taxonomy":"category","embeddable":true,"href":"https:\/\/lasentinelle.dz\/index.php\/wp-json\/wp\/v2\/categories?post=64256"},{"taxonomy":"post_tag","embeddable":true,"href":"https:\/\/lasentinelle.dz\/index.php\/wp-json\/wp\/v2\/tags?post=64256"}],"curies":[{"name":"wp","href":"https:\/\/api.w.org\/{rel}","templated":true}]}}