{"id":64277,"date":"2025-03-16T12:37:26","date_gmt":"2025-03-16T11:37:26","guid":{"rendered":"https:\/\/lasentinelle.dz\/?p=64277"},"modified":"2025-03-16T12:37:27","modified_gmt":"2025-03-16T11:37:27","slug":"mustapha-berraf-reelu-par-acclamation-a-la-presidence-de-lacnoa","status":"publish","type":"post","link":"https:\/\/lasentinelle.dz\/index.php\/2025\/03\/16\/mustapha-berraf-reelu-par-acclamation-a-la-presidence-de-lacnoa\/","title":{"rendered":"Mustapha Berraf r\u00e9\u00e9lu par acclamation \u00e0 la pr\u00e9sidence de l&rsquo;ACNOA"},"content":{"rendered":"\n<p>L&rsquo;Association des Comit\u00e9s Nationaux Olympiques d&rsquo;Afrique (ACNOA) a renouvel\u00e9 sa confiance en l&rsquo;Alg\u00e9rien Mustapha Berraf, r\u00e9\u00e9lu par acclamation \u00e0 la pr\u00e9sidence de l&rsquo;instance continentale pour le mandat olympique 2025-2028.<\/p>\n\n\n\n<p>Cette \u00e9lection sans opposition s&rsquo;est d\u00e9roul\u00e9e hier lors de la 22e session ordinaire de l&rsquo;assembl\u00e9e g\u00e9n\u00e9rale, organis\u00e9e au Centre International des Conf\u00e9rences Abdelatif-Rahal \u00e0 Alger, en pr\u00e9sence des repr\u00e9sentants des 54 pays membres de l&rsquo;organisation. Seul candidat \u00e0 sa propre succession, Berraf a \u00e9t\u00e9 pl\u00e9biscit\u00e9 de mani\u00e8re unanime, confirmant ainsi la reconnaissance de son leadership et de sa vision pour le d\u00e9veloppement du sport africain. \u00c0 71 ans, ce membre du Comit\u00e9 International Olympique (CIO) depuis 2019 et pr\u00e9sident de la Fondation Olympafrica, entame ainsi un nouveau chapitre dans son impressionnante carri\u00e8re au service du mouvement olympique africain. Cette r\u00e9\u00e9lection consacre une trajectoire exemplaire pour celui qui a d\u00e9j\u00e0 dirig\u00e9 le Comit\u00e9 olympique alg\u00e9rien pendant deux mandats distincts (2001-2009 puis 2013-2020) avant d&rsquo;occuper la fonction de vice-pr\u00e9sident de l&rsquo;ACNOA entre 2002 et 2017. Berraf avait pris la rel\u00e8ve de Lassano Palenfo en 2018 pour terminer le mandat 2017-2021, avant d&rsquo;\u00eatre confirm\u00e9 dans ses fonctions en mai 2021 pour un premier mandat complet. Les personnalit\u00e9s du mouvement olympique africain n&rsquo;ont pas tari d&rsquo;\u00e9loges \u00e0 l&rsquo;\u00e9gard du dirigeant alg\u00e9rien. Pour Joao Afonso, de Sao Tom\u00e9-et-Principe, r\u00e9\u00e9lu premier vice-pr\u00e9sident de l&rsquo;ACNOA, \u00ab\u00a0ce pl\u00e9biscite est le reflet d&rsquo;une gestion rigoureuse, d&rsquo;une gouvernance visionnaire et d&rsquo;un engagement sans faille au service du d\u00e9veloppement du sport africain.\u00a0\u00bb Il a soulign\u00e9 que \u00ab\u00a0depuis son \u00e9lection \u00e0 la t\u00eate de l&rsquo;ACNOA, Mustapha Berraf a insuffl\u00e9 une nouvelle dynamique \u00e0 l&rsquo;organisation. Gr\u00e2ce \u00e0 une gestion exemplaire, il a su f\u00e9d\u00e9rer l&rsquo;ensemble des acteurs du Mouvement Olympique africain pour un seul objectif : hisser le sport africain au plus haut niveau mondial.\u00a0\u00bb Selon le premier vice-pr\u00e9sident, l&rsquo;instance africaine a connu \u00ab\u00a0des avanc\u00e9es notables en mati\u00e8re de bonne gouvernance, d&rsquo;infrastructures sportives et d&rsquo;accompagnement des athl\u00e8tes\u00a0\u00bb sous la houlette de Berraf, qui a \u00e9galement \u00ab\u00a0\u0153uvr\u00e9 pour une meilleure repr\u00e9sentativit\u00e9 des femmes dans les instances sportives africaines et internationales, conform\u00e9ment aux principes du CIO.\u00a0\u00bb Dans la m\u00eame veine, le Soudanais Ahmed Abou Elgasim Hashim, reconduit au poste de secr\u00e9taire g\u00e9n\u00e9ral, a salu\u00e9 le travail accompli par Berraf, soulignant qu&rsquo;il a \u00ab\u00a0initi\u00e9 et concr\u00e9tis\u00e9 plusieurs projets majeurs visant \u00e0 restructurer le sport africain et \u00e0 offrir aux athl\u00e8tes les meilleures conditions d&rsquo;\u00e9panouissement.\u00a0\u00bb La question de la parit\u00e9 et de la repr\u00e9sentation f\u00e9minine dans les instances sportives africaines, un axe majeur de la politique de Berraf, a \u00e9t\u00e9 mise en avant par la Namibienne Gaby Ahrens, pr\u00e9sidente de la Commission des Athl\u00e8tes. Elle a rappel\u00e9 que \u00ab\u00a0l&rsquo;ACNOA a multipli\u00e9 les actions en faveur de la f\u00e9minisation des instances sportives et du soutien aux athl\u00e8tes f\u00e9minines.\u00a0\u00bb Concernant les r\u00e9sultats tangibles de cette politique, elle a indiqu\u00e9 qu'\u00a0\u00bbaux Jeux olympiques, les femmes africaines ont \u00e9t\u00e9 des figures embl\u00e9matiques. Elles ont remport\u00e9 des m\u00e9dailles dans des disciplines aussi vari\u00e9es que l&rsquo;athl\u00e9tisme, la boxe, la gymnastique, le taekwondo et bien d&rsquo;autres. Leur succ\u00e8s est le fruit d&rsquo;un travail acharn\u00e9, d&rsquo;une d\u00e9termination sans faille et d&rsquo;un soutien croissant de la part des institutions sportives africaines.\u00a0\u00bb Cette assembl\u00e9e g\u00e9n\u00e9rale a \u00e9galement \u00e9t\u00e9 l&rsquo;occasion de proc\u00e9der \u00e0 l&rsquo;\u00e9lection des autres membres du bureau ex\u00e9cutif de l&rsquo;ACNOA pour le mandat 2025-2028. Aux c\u00f4t\u00e9s de Mustapha Berraf et de Joao Afonso, le bureau comporte d\u00e9sormais Filomena Fortes (Cap-Vert) comme deuxi\u00e8me vice-pr\u00e9sidente, Alfred Foloko (Zambie) au poste de troisi\u00e8me vice-pr\u00e9sident, et Fardouza Moussa Egueh (Djibouti) en tant que quatri\u00e8me vice-pr\u00e9sidente. Le Nig\u00e9rian Habu Ahmed Gumel conserve quant \u00e0 lui le poste de tr\u00e9sorier g\u00e9n\u00e9ral.<\/p>\n\n\n\n<p>Engagement de l&rsquo;Alg\u00e9rie envers les valeurs olympiques<\/p>\n\n\n\n<p>La veille de cette \u00e9lection, le ministre des Sports, Walid Sadi, avait ouvert les travaux de la 22e Assembl\u00e9e g\u00e9n\u00e9rale par un discours remarqu\u00e9, dans lequel il a r\u00e9affirm\u00e9 l&rsquo;engagement de l&rsquo;Alg\u00e9rie envers les valeurs olympiques et son soutien au mouvement sportif africain. \u00ab\u00a0Ma pr\u00e9sence parmi vous aujourd&rsquo;hui rev\u00eat une signification particuli\u00e8re, traduisant notre soutien et notre adh\u00e9sion au noble message du mouvement olympique, en vue de promouvoir les valeurs et les principes de la Charte olympique dans notre continent africain, riche en histoire, en gloires et en diversit\u00e9 culturelle,\u00a0\u00bb a d\u00e9clar\u00e9 le ministre. Il a soulign\u00e9 la fiert\u00e9 de l&rsquo;Alg\u00e9rie d&rsquo;appartenir \u00e0 \u00ab\u00a0ce continent exemplaire, qui conna\u00eet une dynamique de d\u00e9veloppement dans de nombreux domaines gr\u00e2ce \u00e0 la conscience et \u00e0 la vigilance de ses enfants, quant \u00e0 la n\u00e9cessit\u00e9 de redoubler d&rsquo;efforts pour relever les d\u00e9fis de l&rsquo;\u00e9poque, faire face \u00e0 ses enjeux et avancer avec un esprit professionnel fond\u00e9 sur les sciences, les technologies, les talents, la cr\u00e9ativit\u00e9 et l&rsquo;innovation.\u00a0\u00bb Le ministre a \u00e9galement mis en exergue l&rsquo;engagement personnel du pr\u00e9sident alg\u00e9rien Abdelmadjid Tebboune en faveur du d\u00e9veloppement sportif, affirmant que \u00ab\u00a0le d\u00e9veloppement du sport en Alg\u00e9rie est au c\u0153ur des pr\u00e9occupations des hautes autorit\u00e9s du pays, en tant que priorit\u00e9 des politiques publiques, \u00e0 travers le soutien constant du pr\u00e9sident de la R\u00e9publique, M. Abdelmadjid Tebboune, qui suit personnellement et de pr\u00e8s l&rsquo;\u00e9volution du mouvement sportif national, continental et international, et veille \u00e0 assurer les meilleures conditions pour permettre aux jeunes de mettre en avant leurs talents.\u00a0\u00bb Cette politique se traduit notamment par \u00ab\u00a0une intensification des programmes et projets de construction d&rsquo;infrastructures sportives aux normes internationales, au service du sport et de la jeunesse,\u00a0\u00bb a ajout\u00e9 M. Sadi. \u00c9voquant les performances des athl\u00e8tes africains lors des r\u00e9cents Jeux Olympiques de Paris 2024, le ministre a soulign\u00e9 que \u00ab\u00a0le sport, \u00e0 travers ses institutions, ses champions, ses hommes et ses femmes, a su \u00eatre un facteur positif et efficace pour redonner \u00e0 l&rsquo;individu africain sa place dans de nombreuses occasions et affirmer sa pr\u00e9sence parmi l&rsquo;\u00e9lite sportive mondiale.\u00a0\u00bb Il a conclu en exprimant sa conviction que \u00ab\u00a0l&rsquo;ACNOA contribue de mani\u00e8re s\u00e9rieuse et efficace \u00e0 concr\u00e9tiser les aspirations de ceux qui nous ont pr\u00e9c\u00e9d\u00e9s et les ambitions de la jeunesse africaine pour atteindre, au plus vite, les plus hauts niveaux avec une d\u00e9termination sans faille.\u00a0\u00bb Cette 22e Assembl\u00e9e g\u00e9n\u00e9rale de l&rsquo;ACNOA marque ainsi une \u00e9tape importante dans la consolidation du mouvement olympique africain, avec une direction renouvel\u00e9e et d\u00e9termin\u00e9e \u00e0 poursuivre les efforts de d\u00e9veloppement et de promotion du sport sur le continent. La r\u00e9\u00e9lection de Mustapha Berraf t\u00e9moigne non seulement de la confiance que lui accordent les comit\u00e9s nationaux olympiques africains, mais aussi de la reconnaissance de son travail acharn\u00e9 pour faire du sport un vecteur de progr\u00e8s et d&rsquo;unit\u00e9 en Afrique.<\/p>\n\n\n\n<p>M. Dahleb<\/p>\n","protected":false},"excerpt":{"rendered":"<p>L&rsquo;Association des Comit\u00e9s Nationaux Olympiques d&rsquo;Afrique (ACNOA) a renouvel\u00e9 sa confiance en l&rsquo;Alg\u00e9rien Mustapha Berraf, r\u00e9\u00e9lu par acclamation \u00e0 la<\/p>\n","protected":false},"author":6,"featured_media":64278,"comment_status":"open","ping_status":"closed","sticky":false,"template":"","format":"standard","meta":{"colormag_page_container_layout":"default_layout","colormag_page_sidebar_layout":"default_layout","om_disable_all_campaigns":false,"_monsterinsights_skip_tracking":false,"_monsterinsights_sitenote_active":false,"_monsterinsights_sitenote_note":"","_monsterinsights_sitenote_category":0,"footnotes":"","_wpscppro_dont_share_socialmedia":false,"_wpscppro_custom_social_share_image":0,"_facebook_share_type":"default","_twitter_share_type":"default","_linkedin_share_type":"default","_pinterest_share_type":"default","_linkedin_share_type_page":"","_instagram_share_type":"default","_medium_share_type":"default","_threads_share_type":"","_google_business_share_type":"","_selected_social_profile":[],"_wpsp_enable_custom_social_template":false,"_wpsp_social_scheduling":{"enabled":false,"datetime":null,"platforms":[],"status":"template_only","dateOption":"today","timeOption":"now","customDays":"","customHours":"","customDate":"","customTime":"","schedulingType":"absolute"},"_wpsp_active_default_template":true},"categories":[33],"tags":[],"class_list":["post-64277","post","type-post","status-publish","format-standard","has-post-thumbnail","hentry","category-sports"],"aioseo_notices":[],"yoast_head":"<!-- This site is optimized with the Yoast SEO plugin v27.5 - https:\/\/yoast.com\/product\/yoast-seo-wordpress\/ -->\n<title>Mustapha Berraf r\u00e9\u00e9lu par acclamation \u00e0 la pr\u00e9sidence de l&rsquo;ACNOA - La Sentinelle<\/title>\n<meta name=\"robots\" content=\"index, follow, max-snippet:-1, max-image-preview:large, max-video-preview:-1\" \/>\n<link rel=\"canonical\" href=\"https:\/\/lasentinelle.dz\/index.php\/2025\/03\/16\/mustapha-berraf-reelu-par-acclamation-a-la-presidence-de-lacnoa\/\" \/>\n<meta property=\"og:locale\" content=\"fr_FR\" \/>\n<meta property=\"og:type\" content=\"article\" \/>\n<meta property=\"og:title\" content=\"Mustapha Berraf r\u00e9\u00e9lu par acclamation \u00e0 la pr\u00e9sidence de l&rsquo;ACNOA - La Sentinelle\" \/>\n<meta property=\"og:description\" content=\"L&rsquo;Association des Comit\u00e9s Nationaux Olympiques d&rsquo;Afrique (ACNOA) a renouvel\u00e9 sa confiance en l&rsquo;Alg\u00e9rien Mustapha Berraf, r\u00e9\u00e9lu par acclamation \u00e0 la\" \/>\n<meta property=\"og:url\" content=\"https:\/\/lasentinelle.dz\/index.php\/2025\/03\/16\/mustapha-berraf-reelu-par-acclamation-a-la-presidence-de-lacnoa\/\" \/>\n<meta property=\"og:site_name\" content=\"La Sentinelle\" \/>\n<meta property=\"article:publisher\" content=\"https:\/\/www.facebook.com\/La-Sentinelle-104059864394773\" \/>\n<meta property=\"article:published_time\" content=\"2025-03-16T11:37:26+00:00\" \/>\n<meta property=\"article:modified_time\" content=\"2025-03-16T11:37:27+00:00\" \/>\n<meta property=\"og:image\" content=\"https:\/\/lasentinelle.dz\/wp-content\/uploads\/2025\/03\/berraf-sadi.jpg\" \/>\n\t<meta property=\"og:image:width\" content=\"2048\" \/>\n\t<meta property=\"og:image:height\" content=\"1411\" \/>\n\t<meta property=\"og:image:type\" content=\"image\/jpeg\" \/>\n<meta name=\"author\" content=\"admin\" \/>\n<meta name=\"twitter:card\" content=\"summary_large_image\" \/>\n<meta name=\"twitter:label1\" content=\"\u00c9crit par\" \/>\n\t<meta name=\"twitter:data1\" content=\"admin\" \/>\n\t<meta name=\"twitter:label2\" content=\"Dur\u00e9e de lecture estim\u00e9e\" \/>\n\t<meta name=\"twitter:data2\" content=\"6 minutes\" \/>\n<script type=\"application\/ld+json\" class=\"yoast-schema-graph\">{\"@context\":\"https:\\\/\\\/schema.org\",\"@graph\":[{\"@type\":\"Article\",\"@id\":\"https:\\\/\\\/lasentinelle.dz\\\/index.php\\\/2025\\\/03\\\/16\\\/mustapha-berraf-reelu-par-acclamation-a-la-presidence-de-lacnoa\\\/#article\",\"isPartOf\":{\"@id\":\"https:\\\/\\\/lasentinelle.dz\\\/index.php\\\/2025\\\/03\\\/16\\\/mustapha-berraf-reelu-par-acclamation-a-la-presidence-de-lacnoa\\\/\"},\"author\":{\"name\":\"admin\",\"@id\":\"https:\\\/\\\/lasentinelle.dz\\\/#\\\/schema\\\/person\\\/729ee0024f24e0b8c5ec17232f8e8b41\"},\"headline\":\"Mustapha Berraf r\u00e9\u00e9lu par acclamation \u00e0 la pr\u00e9sidence de l&rsquo;ACNOA\",\"datePublished\":\"2025-03-16T11:37:26+00:00\",\"dateModified\":\"2025-03-16T11:37:27+00:00\",\"mainEntityOfPage\":{\"@id\":\"https:\\\/\\\/lasentinelle.dz\\\/index.php\\\/2025\\\/03\\\/16\\\/mustapha-berraf-reelu-par-acclamation-a-la-presidence-de-lacnoa\\\/\"},\"wordCount\":1223,\"commentCount\":0,\"publisher\":{\"@id\":\"https:\\\/\\\/lasentinelle.dz\\\/#organization\"},\"image\":{\"@id\":\"https:\\\/\\\/lasentinelle.dz\\\/index.php\\\/2025\\\/03\\\/16\\\/mustapha-berraf-reelu-par-acclamation-a-la-presidence-de-lacnoa\\\/#primaryimage\"},\"thumbnailUrl\":\"https:\\\/\\\/lasentinelle.dz\\\/wp-content\\\/uploads\\\/2025\\\/03\\\/berraf-sadi.jpg\",\"articleSection\":[\"Sports\"],\"inLanguage\":\"fr-FR\",\"potentialAction\":[{\"@type\":\"CommentAction\",\"name\":\"Comment\",\"target\":[\"https:\\\/\\\/lasentinelle.dz\\\/index.php\\\/2025\\\/03\\\/16\\\/mustapha-berraf-reelu-par-acclamation-a-la-presidence-de-lacnoa\\\/#respond\"]}]},{\"@type\":\"WebPage\",\"@id\":\"https:\\\/\\\/lasentinelle.dz\\\/index.php\\\/2025\\\/03\\\/16\\\/mustapha-berraf-reelu-par-acclamation-a-la-presidence-de-lacnoa\\\/\",\"url\":\"https:\\\/\\\/lasentinelle.dz\\\/index.php\\\/2025\\\/03\\\/16\\\/mustapha-berraf-reelu-par-acclamation-a-la-presidence-de-lacnoa\\\/\",\"name\":\"Mustapha Berraf r\u00e9\u00e9lu par acclamation \u00e0 la pr\u00e9sidence de l&rsquo;ACNOA - La Sentinelle\",\"isPartOf\":{\"@id\":\"https:\\\/\\\/lasentinelle.dz\\\/#website\"},\"primaryImageOfPage\":{\"@id\":\"https:\\\/\\\/lasentinelle.dz\\\/index.php\\\/2025\\\/03\\\/16\\\/mustapha-berraf-reelu-par-acclamation-a-la-presidence-de-lacnoa\\\/#primaryimage\"},\"image\":{\"@id\":\"https:\\\/\\\/lasentinelle.dz\\\/index.php\\\/2025\\\/03\\\/16\\\/mustapha-berraf-reelu-par-acclamation-a-la-presidence-de-lacnoa\\\/#primaryimage\"},\"thumbnailUrl\":\"https:\\\/\\\/lasentinelle.dz\\\/wp-content\\\/uploads\\\/2025\\\/03\\\/berraf-sadi.jpg\",\"datePublished\":\"2025-03-16T11:37:26+00:00\",\"dateModified\":\"2025-03-16T11:37:27+00:00\",\"breadcrumb\":{\"@id\":\"https:\\\/\\\/lasentinelle.dz\\\/index.php\\\/2025\\\/03\\\/16\\\/mustapha-berraf-reelu-par-acclamation-a-la-presidence-de-lacnoa\\\/#breadcrumb\"},\"inLanguage\":\"fr-FR\",\"potentialAction\":[{\"@type\":\"ReadAction\",\"target\":[\"https:\\\/\\\/lasentinelle.dz\\\/index.php\\\/2025\\\/03\\\/16\\\/mustapha-berraf-reelu-par-acclamation-a-la-presidence-de-lacnoa\\\/\"]}]},{\"@type\":\"ImageObject\",\"inLanguage\":\"fr-FR\",\"@id\":\"https:\\\/\\\/lasentinelle.dz\\\/index.php\\\/2025\\\/03\\\/16\\\/mustapha-berraf-reelu-par-acclamation-a-la-presidence-de-lacnoa\\\/#primaryimage\",\"url\":\"https:\\\/\\\/lasentinelle.dz\\\/wp-content\\\/uploads\\\/2025\\\/03\\\/berraf-sadi.jpg\",\"contentUrl\":\"https:\\\/\\\/lasentinelle.dz\\\/wp-content\\\/uploads\\\/2025\\\/03\\\/berraf-sadi.jpg\",\"width\":2048,\"height\":1411},{\"@type\":\"BreadcrumbList\",\"@id\":\"https:\\\/\\\/lasentinelle.dz\\\/index.php\\\/2025\\\/03\\\/16\\\/mustapha-berraf-reelu-par-acclamation-a-la-presidence-de-lacnoa\\\/#breadcrumb\",\"itemListElement\":[{\"@type\":\"ListItem\",\"position\":1,\"name\":\"Accueil\",\"item\":\"https:\\\/\\\/lasentinelle.dz\\\/\"},{\"@type\":\"ListItem\",\"position\":2,\"name\":\"Mustapha Berraf r\u00e9\u00e9lu par acclamation \u00e0 la pr\u00e9sidence de l&rsquo;ACNOA\"}]},{\"@type\":\"WebSite\",\"@id\":\"https:\\\/\\\/lasentinelle.dz\\\/#website\",\"url\":\"https:\\\/\\\/lasentinelle.dz\\\/\",\"name\":\"La Sentinelle\",\"description\":\"Quotidien national d&#039;information\",\"publisher\":{\"@id\":\"https:\\\/\\\/lasentinelle.dz\\\/#organization\"},\"potentialAction\":[{\"@type\":\"SearchAction\",\"target\":{\"@type\":\"EntryPoint\",\"urlTemplate\":\"https:\\\/\\\/lasentinelle.dz\\\/?s={search_term_string}\"},\"query-input\":{\"@type\":\"PropertyValueSpecification\",\"valueRequired\":true,\"valueName\":\"search_term_string\"}}],\"inLanguage\":\"fr-FR\"},{\"@type\":\"Organization\",\"@id\":\"https:\\\/\\\/lasentinelle.dz\\\/#organization\",\"name\":\"Quotidien La Sentinelle\",\"url\":\"https:\\\/\\\/lasentinelle.dz\\\/\",\"logo\":{\"@type\":\"ImageObject\",\"inLanguage\":\"fr-FR\",\"@id\":\"https:\\\/\\\/lasentinelle.dz\\\/#\\\/schema\\\/logo\\\/image\\\/\",\"url\":\"https:\\\/\\\/lasentinelle.dz\\\/wp-content\\\/uploads\\\/2021\\\/09\\\/logo-sentinelleSLOGAN-1.png\",\"contentUrl\":\"https:\\\/\\\/lasentinelle.dz\\\/wp-content\\\/uploads\\\/2021\\\/09\\\/logo-sentinelleSLOGAN-1.png\",\"width\":615,\"height\":142,\"caption\":\"Quotidien La Sentinelle\"},\"image\":{\"@id\":\"https:\\\/\\\/lasentinelle.dz\\\/#\\\/schema\\\/logo\\\/image\\\/\"},\"sameAs\":[\"https:\\\/\\\/www.facebook.com\\\/La-Sentinelle-104059864394773\"]},{\"@type\":\"Person\",\"@id\":\"https:\\\/\\\/lasentinelle.dz\\\/#\\\/schema\\\/person\\\/729ee0024f24e0b8c5ec17232f8e8b41\",\"name\":\"admin\",\"image\":{\"@type\":\"ImageObject\",\"inLanguage\":\"fr-FR\",\"@id\":\"https:\\\/\\\/secure.gravatar.com\\\/avatar\\\/4c81fed838786e9b53f540bf46533e750f5d292099ae3b66cfc6fb1982e29df7?s=96&d=mm&r=g\",\"url\":\"https:\\\/\\\/secure.gravatar.com\\\/avatar\\\/4c81fed838786e9b53f540bf46533e750f5d292099ae3b66cfc6fb1982e29df7?s=96&d=mm&r=g\",\"contentUrl\":\"https:\\\/\\\/secure.gravatar.com\\\/avatar\\\/4c81fed838786e9b53f540bf46533e750f5d292099ae3b66cfc6fb1982e29df7?s=96&d=mm&r=g\",\"caption\":\"admin\"},\"description\":\"admin\",\"url\":\"https:\\\/\\\/lasentinelle.dz\\\/author\\\/admin\\\/\"}]}<\/script>\n<!-- \/ Yoast SEO plugin. -->","yoast_head_json":{"title":"Mustapha Berraf r\u00e9\u00e9lu par acclamation \u00e0 la pr\u00e9sidence de l&rsquo;ACNOA - La Sentinelle","robots":{"index":"index","follow":"follow","max-snippet":"max-snippet:-1","max-image-preview":"max-image-preview:large","max-video-preview":"max-video-preview:-1"},"canonical":"https:\/\/lasentinelle.dz\/index.php\/2025\/03\/16\/mustapha-berraf-reelu-par-acclamation-a-la-presidence-de-lacnoa\/","og_locale":"fr_FR","og_type":"article","og_title":"Mustapha Berraf r\u00e9\u00e9lu par acclamation \u00e0 la pr\u00e9sidence de l&rsquo;ACNOA - La Sentinelle","og_description":"L&rsquo;Association des Comit\u00e9s Nationaux Olympiques d&rsquo;Afrique (ACNOA) a renouvel\u00e9 sa confiance en l&rsquo;Alg\u00e9rien Mustapha Berraf, r\u00e9\u00e9lu par acclamation \u00e0 la","og_url":"https:\/\/lasentinelle.dz\/index.php\/2025\/03\/16\/mustapha-berraf-reelu-par-acclamation-a-la-presidence-de-lacnoa\/","og_site_name":"La Sentinelle","article_publisher":"https:\/\/www.facebook.com\/La-Sentinelle-104059864394773","article_published_time":"2025-03-16T11:37:26+00:00","article_modified_time":"2025-03-16T11:37:27+00:00","og_image":[{"width":2048,"height":1411,"url":"https:\/\/lasentinelle.dz\/wp-content\/uploads\/2025\/03\/berraf-sadi.jpg","type":"image\/jpeg"}],"author":"admin","twitter_card":"summary_large_image","twitter_misc":{"\u00c9crit par":"admin","Dur\u00e9e de lecture estim\u00e9e":"6 minutes"},"schema":{"@context":"https:\/\/schema.org","@graph":[{"@type":"Article","@id":"https:\/\/lasentinelle.dz\/index.php\/2025\/03\/16\/mustapha-berraf-reelu-par-acclamation-a-la-presidence-de-lacnoa\/#article","isPartOf":{"@id":"https:\/\/lasentinelle.dz\/index.php\/2025\/03\/16\/mustapha-berraf-reelu-par-acclamation-a-la-presidence-de-lacnoa\/"},"author":{"name":"admin","@id":"https:\/\/lasentinelle.dz\/#\/schema\/person\/729ee0024f24e0b8c5ec17232f8e8b41"},"headline":"Mustapha Berraf r\u00e9\u00e9lu par acclamation \u00e0 la pr\u00e9sidence de l&rsquo;ACNOA","datePublished":"2025-03-16T11:37:26+00:00","dateModified":"2025-03-16T11:37:27+00:00","mainEntityOfPage":{"@id":"https:\/\/lasentinelle.dz\/index.php\/2025\/03\/16\/mustapha-berraf-reelu-par-acclamation-a-la-presidence-de-lacnoa\/"},"wordCount":1223,"commentCount":0,"publisher":{"@id":"https:\/\/lasentinelle.dz\/#organization"},"image":{"@id":"https:\/\/lasentinelle.dz\/index.php\/2025\/03\/16\/mustapha-berraf-reelu-par-acclamation-a-la-presidence-de-lacnoa\/#primaryimage"},"thumbnailUrl":"https:\/\/lasentinelle.dz\/wp-content\/uploads\/2025\/03\/berraf-sadi.jpg","articleSection":["Sports"],"inLanguage":"fr-FR","potentialAction":[{"@type":"CommentAction","name":"Comment","target":["https:\/\/lasentinelle.dz\/index.php\/2025\/03\/16\/mustapha-berraf-reelu-par-acclamation-a-la-presidence-de-lacnoa\/#respond"]}]},{"@type":"WebPage","@id":"https:\/\/lasentinelle.dz\/index.php\/2025\/03\/16\/mustapha-berraf-reelu-par-acclamation-a-la-presidence-de-lacnoa\/","url":"https:\/\/lasentinelle.dz\/index.php\/2025\/03\/16\/mustapha-berraf-reelu-par-acclamation-a-la-presidence-de-lacnoa\/","name":"Mustapha Berraf r\u00e9\u00e9lu par acclamation \u00e0 la pr\u00e9sidence de l&rsquo;ACNOA - La Sentinelle","isPartOf":{"@id":"https:\/\/lasentinelle.dz\/#website"},"primaryImageOfPage":{"@id":"https:\/\/lasentinelle.dz\/index.php\/2025\/03\/16\/mustapha-berraf-reelu-par-acclamation-a-la-presidence-de-lacnoa\/#primaryimage"},"image":{"@id":"https:\/\/lasentinelle.dz\/index.php\/2025\/03\/16\/mustapha-berraf-reelu-par-acclamation-a-la-presidence-de-lacnoa\/#primaryimage"},"thumbnailUrl":"https:\/\/lasentinelle.dz\/wp-content\/uploads\/2025\/03\/berraf-sadi.jpg","datePublished":"2025-03-16T11:37:26+00:00","dateModified":"2025-03-16T11:37:27+00:00","breadcrumb":{"@id":"https:\/\/lasentinelle.dz\/index.php\/2025\/03\/16\/mustapha-berraf-reelu-par-acclamation-a-la-presidence-de-lacnoa\/#breadcrumb"},"inLanguage":"fr-FR","potentialAction":[{"@type":"ReadAction","target":["https:\/\/lasentinelle.dz\/index.php\/2025\/03\/16\/mustapha-berraf-reelu-par-acclamation-a-la-presidence-de-lacnoa\/"]}]},{"@type":"ImageObject","inLanguage":"fr-FR","@id":"https:\/\/lasentinelle.dz\/index.php\/2025\/03\/16\/mustapha-berraf-reelu-par-acclamation-a-la-presidence-de-lacnoa\/#primaryimage","url":"https:\/\/lasentinelle.dz\/wp-content\/uploads\/2025\/03\/berraf-sadi.jpg","contentUrl":"https:\/\/lasentinelle.dz\/wp-content\/uploads\/2025\/03\/berraf-sadi.jpg","width":2048,"height":1411},{"@type":"BreadcrumbList","@id":"https:\/\/lasentinelle.dz\/index.php\/2025\/03\/16\/mustapha-berraf-reelu-par-acclamation-a-la-presidence-de-lacnoa\/#breadcrumb","itemListElement":[{"@type":"ListItem","position":1,"name":"Accueil","item":"https:\/\/lasentinelle.dz\/"},{"@type":"ListItem","position":2,"name":"Mustapha Berraf r\u00e9\u00e9lu par acclamation \u00e0 la pr\u00e9sidence de l&rsquo;ACNOA"}]},{"@type":"WebSite","@id":"https:\/\/lasentinelle.dz\/#website","url":"https:\/\/lasentinelle.dz\/","name":"La Sentinelle","description":"Quotidien national d&#039;information","publisher":{"@id":"https:\/\/lasentinelle.dz\/#organization"},"potentialAction":[{"@type":"SearchAction","target":{"@type":"EntryPoint","urlTemplate":"https:\/\/lasentinelle.dz\/?s={search_term_string}"},"query-input":{"@type":"PropertyValueSpecification","valueRequired":true,"valueName":"search_term_string"}}],"inLanguage":"fr-FR"},{"@type":"Organization","@id":"https:\/\/lasentinelle.dz\/#organization","name":"Quotidien La Sentinelle","url":"https:\/\/lasentinelle.dz\/","logo":{"@type":"ImageObject","inLanguage":"fr-FR","@id":"https:\/\/lasentinelle.dz\/#\/schema\/logo\/image\/","url":"https:\/\/lasentinelle.dz\/wp-content\/uploads\/2021\/09\/logo-sentinelleSLOGAN-1.png","contentUrl":"https:\/\/lasentinelle.dz\/wp-content\/uploads\/2021\/09\/logo-sentinelleSLOGAN-1.png","width":615,"height":142,"caption":"Quotidien La Sentinelle"},"image":{"@id":"https:\/\/lasentinelle.dz\/#\/schema\/logo\/image\/"},"sameAs":["https:\/\/www.facebook.com\/La-Sentinelle-104059864394773"]},{"@type":"Person","@id":"https:\/\/lasentinelle.dz\/#\/schema\/person\/729ee0024f24e0b8c5ec17232f8e8b41","name":"admin","image":{"@type":"ImageObject","inLanguage":"fr-FR","@id":"https:\/\/secure.gravatar.com\/avatar\/4c81fed838786e9b53f540bf46533e750f5d292099ae3b66cfc6fb1982e29df7?s=96&d=mm&r=g","url":"https:\/\/secure.gravatar.com\/avatar\/4c81fed838786e9b53f540bf46533e750f5d292099ae3b66cfc6fb1982e29df7?s=96&d=mm&r=g","contentUrl":"https:\/\/secure.gravatar.com\/avatar\/4c81fed838786e9b53f540bf46533e750f5d292099ae3b66cfc6fb1982e29df7?s=96&d=mm&r=g","caption":"admin"},"description":"admin","url":"https:\/\/lasentinelle.dz\/author\/admin\/"}]}},"_links":{"self":[{"href":"https:\/\/lasentinelle.dz\/index.php\/wp-json\/wp\/v2\/posts\/64277","targetHints":{"allow":["GET"]}}],"collection":[{"href":"https:\/\/lasentinelle.dz\/index.php\/wp-json\/wp\/v2\/posts"}],"about":[{"href":"https:\/\/lasentinelle.dz\/index.php\/wp-json\/wp\/v2\/types\/post"}],"author":[{"embeddable":true,"href":"https:\/\/lasentinelle.dz\/index.php\/wp-json\/wp\/v2\/users\/6"}],"replies":[{"embeddable":true,"href":"https:\/\/lasentinelle.dz\/index.php\/wp-json\/wp\/v2\/comments?post=64277"}],"version-history":[{"count":2,"href":"https:\/\/lasentinelle.dz\/index.php\/wp-json\/wp\/v2\/posts\/64277\/revisions"}],"predecessor-version":[{"id":64280,"href":"https:\/\/lasentinelle.dz\/index.php\/wp-json\/wp\/v2\/posts\/64277\/revisions\/64280"}],"wp:featuredmedia":[{"embeddable":true,"href":"https:\/\/lasentinelle.dz\/index.php\/wp-json\/wp\/v2\/media\/64278"}],"wp:attachment":[{"href":"https:\/\/lasentinelle.dz\/index.php\/wp-json\/wp\/v2\/media?parent=64277"}],"wp:term":[{"taxonomy":"category","embeddable":true,"href":"https:\/\/lasentinelle.dz\/index.php\/wp-json\/wp\/v2\/categories?post=64277"},{"taxonomy":"post_tag","embeddable":true,"href":"https:\/\/lasentinelle.dz\/index.php\/wp-json\/wp\/v2\/tags?post=64277"}],"curies":[{"name":"wp","href":"https:\/\/api.w.org\/{rel}","templated":true}]}}