{"id":64297,"date":"2025-03-16T12:44:14","date_gmt":"2025-03-16T11:44:14","guid":{"rendered":"https:\/\/lasentinelle.dz\/?p=64297"},"modified":"2025-03-16T12:44:14","modified_gmt":"2025-03-16T11:44:14","slug":"journee-nationale-des-personnes-aux-besoins-specifiques-le-cndh-appelle-a-la-necessite-de-conjuguer-les-efforts","status":"publish","type":"post","link":"https:\/\/lasentinelle.dz\/index.php\/2025\/03\/16\/journee-nationale-des-personnes-aux-besoins-specifiques-le-cndh-appelle-a-la-necessite-de-conjuguer-les-efforts\/","title":{"rendered":"Journ\u00e9e nationale des personnes aux besoins sp\u00e9cifiques : Le CNDH appelle \u00e0 la n\u00e9cessit\u00e9 de conjuguer les efforts"},"content":{"rendered":"\n<p>Le Conseil national des droits de l&rsquo;Homme (CNDH), a appel\u00e9, dans un communiqu\u00e9 rendu public vendredi \u00e0 l&rsquo;occasion de la Journ\u00e9e nationale des personnes aux besoins sp\u00e9cifiques, \u00e0 la n\u00e9cessit\u00e9 de conjuguer les efforts pour relever les d\u00e9fis auxquels fait face cette cat\u00e9gorie de la soci\u00e9t\u00e9, saluant les m\u00e9canismes juridiques consacr\u00e9s par le l\u00e9gislateur alg\u00e9rien en vue de sa protection et de sa promotion. Dans ce cadre, le CNDH a salu\u00e9 les efforts consentis par l&rsquo;Alg\u00e9rie dans le domaine l\u00e9gislatif, depuis la promulgation en 2002 de la loi relative \u00e0 \u00ab\u00a0la protection et \u00e0 la promotion des personnes aux besoins sp\u00e9cifiques\u00a0\u00bb, jusqu&rsquo;\u00e0 la publication de la nouvelle loi de 2025 relative \u00e0 la protection des personnes aux besoins sp\u00e9cifiques, visant \u00e0 renforcer les m\u00e9canismes de prise en charge au profit de cette cat\u00e9gorie, ce qui refl\u00e8te le caract\u00e8re social de l&rsquo;Etat, issu du r\u00e9f\u00e9rent national. Le Conseil a \u00e9galement exhort\u00e9 \u00e0 \u00ab\u00a0acc\u00e9l\u00e9rer la promulgation des textes d&rsquo;application de cette nouvelle loi\u00a0\u00bb, ainsi qu&rsquo;\u00e0 l&rsquo;installation du Conseil national des personnes aux besoins sp\u00e9cifiques, qui sera charg\u00e9 de formuler des propositions et des recommandations concernant la protection de cette frange. Le CNDH a en outre \u00e9voqu\u00e9 les principaux obstacles rencontr\u00e9s par les personnes aux besoins sp\u00e9cifiques, appelant les employeurs \u00e0 \u00ab\u00a0consacr\u00e9 un taux plus important de postes de travail\u00a0\u00bb \u00e0 cette cat\u00e9gorie, et \u00e0 \u00ab\u00a0faire un inventaire inclusif des cas de handicap, en les classant selon des m\u00e9thodes scientifiques en vigueur, insistant sur l&rsquo;intensification des campagnes de sensibilisation pour cr\u00e9er une coh\u00e9sion sociale favorisant l&rsquo;insertion des personnes aux besoins sp\u00e9cifiques\u00a0\u00bb. Dans ce sillage, le Conseil a soulign\u00e9 l&rsquo;importance de renforcer les services sanitaires, notamment dans le domaine du d\u00e9pistage pr\u00e9coce des handicaps et de consentir davantage d&rsquo;efforts pour pr\u00e9venir les accidents causant des handicaps, tels que les accidents de la route. Le CNDH a \u00ab\u00a0r\u00e9affirm\u00e9 son engagement \u00e0 \u0153uvrer de concert avec tous les partenaires pour renforcer les droits des personnes aux besoins sp\u00e9cifiques et garantir leur bien-\u00eatre\u00a0\u00bb, r\u00e9it\u00e9rant son appel aux Pouvoirs publics, \u00e0 la soci\u00e9t\u00e9 civile et aux m\u00e9dias pour \u00ab\u00a0\u0153uvrer \u00e0 faciliter la vie \u00e0 cette cat\u00e9gorie\u00a0\u00bb, et lui permettre de jouer pleinement son r\u00f4le en tant qu&rsquo;acteur pleinement int\u00e9gr\u00e9 \u00e0 la vie sociale.<\/p>\n\n\n\n<p>APS<\/p>\n","protected":false},"excerpt":{"rendered":"<p>Le Conseil national des droits de l&rsquo;Homme (CNDH), a appel\u00e9, dans un communiqu\u00e9 rendu public vendredi \u00e0 l&rsquo;occasion de la<\/p>\n","protected":false},"author":6,"featured_media":38780,"comment_status":"open","ping_status":"closed","sticky":false,"template":"","format":"standard","meta":{"colormag_page_container_layout":"default_layout","colormag_page_sidebar_layout":"default_layout","om_disable_all_campaigns":false,"_monsterinsights_skip_tracking":false,"_monsterinsights_sitenote_active":false,"_monsterinsights_sitenote_note":"","_monsterinsights_sitenote_category":0,"footnotes":"","_wpscppro_dont_share_socialmedia":false,"_wpscppro_custom_social_share_image":0,"_facebook_share_type":"default","_twitter_share_type":"default","_linkedin_share_type":"default","_pinterest_share_type":"default","_linkedin_share_type_page":"","_instagram_share_type":"default","_medium_share_type":"default","_threads_share_type":"","_google_business_share_type":"","_selected_social_profile":[],"_wpsp_enable_custom_social_template":false,"_wpsp_social_scheduling":{"enabled":false,"datetime":null,"platforms":[],"status":"template_only","dateOption":"today","timeOption":"now","customDays":"","customHours":"","customDate":"","customTime":"","schedulingType":"absolute"},"_wpsp_active_default_template":true},"categories":[27],"tags":[],"class_list":["post-64297","post","type-post","status-publish","format-standard","has-post-thumbnail","hentry","category-actualite"],"aioseo_notices":[],"yoast_head":"<!-- This site is optimized with the Yoast SEO plugin v27.5 - https:\/\/yoast.com\/product\/yoast-seo-wordpress\/ -->\n<title>Journ\u00e9e nationale des personnes aux besoins sp\u00e9cifiques : Le CNDH appelle \u00e0 la n\u00e9cessit\u00e9 de conjuguer les efforts - La Sentinelle<\/title>\n<meta name=\"robots\" content=\"index, follow, max-snippet:-1, max-image-preview:large, max-video-preview:-1\" \/>\n<link rel=\"canonical\" href=\"https:\/\/lasentinelle.dz\/index.php\/2025\/03\/16\/journee-nationale-des-personnes-aux-besoins-specifiques-le-cndh-appelle-a-la-necessite-de-conjuguer-les-efforts\/\" \/>\n<meta property=\"og:locale\" content=\"fr_FR\" \/>\n<meta property=\"og:type\" content=\"article\" \/>\n<meta property=\"og:title\" content=\"Journ\u00e9e nationale des personnes aux besoins sp\u00e9cifiques : Le CNDH appelle \u00e0 la n\u00e9cessit\u00e9 de conjuguer les efforts - La Sentinelle\" \/>\n<meta property=\"og:description\" content=\"Le Conseil national des droits de l&rsquo;Homme (CNDH), a appel\u00e9, dans un communiqu\u00e9 rendu public vendredi \u00e0 l&rsquo;occasion de la\" \/>\n<meta property=\"og:url\" content=\"https:\/\/lasentinelle.dz\/index.php\/2025\/03\/16\/journee-nationale-des-personnes-aux-besoins-specifiques-le-cndh-appelle-a-la-necessite-de-conjuguer-les-efforts\/\" \/>\n<meta property=\"og:site_name\" content=\"La Sentinelle\" \/>\n<meta property=\"article:publisher\" content=\"https:\/\/www.facebook.com\/La-Sentinelle-104059864394773\" \/>\n<meta property=\"article:published_time\" content=\"2025-03-16T11:44:14+00:00\" \/>\n<meta property=\"og:image\" content=\"https:\/\/lasentinelle.dz\/wp-content\/uploads\/2023\/04\/CNDH.png\" \/>\n\t<meta property=\"og:image:width\" content=\"1427\" \/>\n\t<meta property=\"og:image:height\" content=\"900\" \/>\n\t<meta property=\"og:image:type\" content=\"image\/png\" \/>\n<meta name=\"author\" content=\"admin\" \/>\n<meta name=\"twitter:card\" content=\"summary_large_image\" \/>\n<meta name=\"twitter:label1\" content=\"\u00c9crit par\" \/>\n\t<meta name=\"twitter:data1\" content=\"admin\" \/>\n\t<meta name=\"twitter:label2\" content=\"Dur\u00e9e de lecture estim\u00e9e\" \/>\n\t<meta name=\"twitter:data2\" content=\"3 minutes\" \/>\n<script type=\"application\/ld+json\" class=\"yoast-schema-graph\">{\"@context\":\"https:\\\/\\\/schema.org\",\"@graph\":[{\"@type\":\"Article\",\"@id\":\"https:\\\/\\\/lasentinelle.dz\\\/index.php\\\/2025\\\/03\\\/16\\\/journee-nationale-des-personnes-aux-besoins-specifiques-le-cndh-appelle-a-la-necessite-de-conjuguer-les-efforts\\\/#article\",\"isPartOf\":{\"@id\":\"https:\\\/\\\/lasentinelle.dz\\\/index.php\\\/2025\\\/03\\\/16\\\/journee-nationale-des-personnes-aux-besoins-specifiques-le-cndh-appelle-a-la-necessite-de-conjuguer-les-efforts\\\/\"},\"author\":{\"name\":\"admin\",\"@id\":\"https:\\\/\\\/lasentinelle.dz\\\/#\\\/schema\\\/person\\\/729ee0024f24e0b8c5ec17232f8e8b41\"},\"headline\":\"Journ\u00e9e nationale des personnes aux besoins sp\u00e9cifiques : Le CNDH appelle \u00e0 la n\u00e9cessit\u00e9 de conjuguer les efforts\",\"datePublished\":\"2025-03-16T11:44:14+00:00\",\"mainEntityOfPage\":{\"@id\":\"https:\\\/\\\/lasentinelle.dz\\\/index.php\\\/2025\\\/03\\\/16\\\/journee-nationale-des-personnes-aux-besoins-specifiques-le-cndh-appelle-a-la-necessite-de-conjuguer-les-efforts\\\/\"},\"wordCount\":422,\"commentCount\":0,\"publisher\":{\"@id\":\"https:\\\/\\\/lasentinelle.dz\\\/#organization\"},\"image\":{\"@id\":\"https:\\\/\\\/lasentinelle.dz\\\/index.php\\\/2025\\\/03\\\/16\\\/journee-nationale-des-personnes-aux-besoins-specifiques-le-cndh-appelle-a-la-necessite-de-conjuguer-les-efforts\\\/#primaryimage\"},\"thumbnailUrl\":\"https:\\\/\\\/lasentinelle.dz\\\/wp-content\\\/uploads\\\/2023\\\/04\\\/CNDH.png\",\"articleSection\":[\"Actualit\u00e9\"],\"inLanguage\":\"fr-FR\",\"potentialAction\":[{\"@type\":\"CommentAction\",\"name\":\"Comment\",\"target\":[\"https:\\\/\\\/lasentinelle.dz\\\/index.php\\\/2025\\\/03\\\/16\\\/journee-nationale-des-personnes-aux-besoins-specifiques-le-cndh-appelle-a-la-necessite-de-conjuguer-les-efforts\\\/#respond\"]}]},{\"@type\":\"WebPage\",\"@id\":\"https:\\\/\\\/lasentinelle.dz\\\/index.php\\\/2025\\\/03\\\/16\\\/journee-nationale-des-personnes-aux-besoins-specifiques-le-cndh-appelle-a-la-necessite-de-conjuguer-les-efforts\\\/\",\"url\":\"https:\\\/\\\/lasentinelle.dz\\\/index.php\\\/2025\\\/03\\\/16\\\/journee-nationale-des-personnes-aux-besoins-specifiques-le-cndh-appelle-a-la-necessite-de-conjuguer-les-efforts\\\/\",\"name\":\"Journ\u00e9e nationale des personnes aux besoins sp\u00e9cifiques : Le CNDH appelle \u00e0 la n\u00e9cessit\u00e9 de conjuguer les efforts - La Sentinelle\",\"isPartOf\":{\"@id\":\"https:\\\/\\\/lasentinelle.dz\\\/#website\"},\"primaryImageOfPage\":{\"@id\":\"https:\\\/\\\/lasentinelle.dz\\\/index.php\\\/2025\\\/03\\\/16\\\/journee-nationale-des-personnes-aux-besoins-specifiques-le-cndh-appelle-a-la-necessite-de-conjuguer-les-efforts\\\/#primaryimage\"},\"image\":{\"@id\":\"https:\\\/\\\/lasentinelle.dz\\\/index.php\\\/2025\\\/03\\\/16\\\/journee-nationale-des-personnes-aux-besoins-specifiques-le-cndh-appelle-a-la-necessite-de-conjuguer-les-efforts\\\/#primaryimage\"},\"thumbnailUrl\":\"https:\\\/\\\/lasentinelle.dz\\\/wp-content\\\/uploads\\\/2023\\\/04\\\/CNDH.png\",\"datePublished\":\"2025-03-16T11:44:14+00:00\",\"breadcrumb\":{\"@id\":\"https:\\\/\\\/lasentinelle.dz\\\/index.php\\\/2025\\\/03\\\/16\\\/journee-nationale-des-personnes-aux-besoins-specifiques-le-cndh-appelle-a-la-necessite-de-conjuguer-les-efforts\\\/#breadcrumb\"},\"inLanguage\":\"fr-FR\",\"potentialAction\":[{\"@type\":\"ReadAction\",\"target\":[\"https:\\\/\\\/lasentinelle.dz\\\/index.php\\\/2025\\\/03\\\/16\\\/journee-nationale-des-personnes-aux-besoins-specifiques-le-cndh-appelle-a-la-necessite-de-conjuguer-les-efforts\\\/\"]}]},{\"@type\":\"ImageObject\",\"inLanguage\":\"fr-FR\",\"@id\":\"https:\\\/\\\/lasentinelle.dz\\\/index.php\\\/2025\\\/03\\\/16\\\/journee-nationale-des-personnes-aux-besoins-specifiques-le-cndh-appelle-a-la-necessite-de-conjuguer-les-efforts\\\/#primaryimage\",\"url\":\"https:\\\/\\\/lasentinelle.dz\\\/wp-content\\\/uploads\\\/2023\\\/04\\\/CNDH.png\",\"contentUrl\":\"https:\\\/\\\/lasentinelle.dz\\\/wp-content\\\/uploads\\\/2023\\\/04\\\/CNDH.png\",\"width\":1427,\"height\":900},{\"@type\":\"BreadcrumbList\",\"@id\":\"https:\\\/\\\/lasentinelle.dz\\\/index.php\\\/2025\\\/03\\\/16\\\/journee-nationale-des-personnes-aux-besoins-specifiques-le-cndh-appelle-a-la-necessite-de-conjuguer-les-efforts\\\/#breadcrumb\",\"itemListElement\":[{\"@type\":\"ListItem\",\"position\":1,\"name\":\"Accueil\",\"item\":\"https:\\\/\\\/lasentinelle.dz\\\/\"},{\"@type\":\"ListItem\",\"position\":2,\"name\":\"Journ\u00e9e nationale des personnes aux besoins sp\u00e9cifiques : Le CNDH appelle \u00e0 la n\u00e9cessit\u00e9 de conjuguer les efforts\"}]},{\"@type\":\"WebSite\",\"@id\":\"https:\\\/\\\/lasentinelle.dz\\\/#website\",\"url\":\"https:\\\/\\\/lasentinelle.dz\\\/\",\"name\":\"La Sentinelle\",\"description\":\"Quotidien national d&#039;information\",\"publisher\":{\"@id\":\"https:\\\/\\\/lasentinelle.dz\\\/#organization\"},\"potentialAction\":[{\"@type\":\"SearchAction\",\"target\":{\"@type\":\"EntryPoint\",\"urlTemplate\":\"https:\\\/\\\/lasentinelle.dz\\\/?s={search_term_string}\"},\"query-input\":{\"@type\":\"PropertyValueSpecification\",\"valueRequired\":true,\"valueName\":\"search_term_string\"}}],\"inLanguage\":\"fr-FR\"},{\"@type\":\"Organization\",\"@id\":\"https:\\\/\\\/lasentinelle.dz\\\/#organization\",\"name\":\"Quotidien La Sentinelle\",\"url\":\"https:\\\/\\\/lasentinelle.dz\\\/\",\"logo\":{\"@type\":\"ImageObject\",\"inLanguage\":\"fr-FR\",\"@id\":\"https:\\\/\\\/lasentinelle.dz\\\/#\\\/schema\\\/logo\\\/image\\\/\",\"url\":\"https:\\\/\\\/lasentinelle.dz\\\/wp-content\\\/uploads\\\/2021\\\/09\\\/logo-sentinelleSLOGAN-1.png\",\"contentUrl\":\"https:\\\/\\\/lasentinelle.dz\\\/wp-content\\\/uploads\\\/2021\\\/09\\\/logo-sentinelleSLOGAN-1.png\",\"width\":615,\"height\":142,\"caption\":\"Quotidien La Sentinelle\"},\"image\":{\"@id\":\"https:\\\/\\\/lasentinelle.dz\\\/#\\\/schema\\\/logo\\\/image\\\/\"},\"sameAs\":[\"https:\\\/\\\/www.facebook.com\\\/La-Sentinelle-104059864394773\"]},{\"@type\":\"Person\",\"@id\":\"https:\\\/\\\/lasentinelle.dz\\\/#\\\/schema\\\/person\\\/729ee0024f24e0b8c5ec17232f8e8b41\",\"name\":\"admin\",\"image\":{\"@type\":\"ImageObject\",\"inLanguage\":\"fr-FR\",\"@id\":\"https:\\\/\\\/secure.gravatar.com\\\/avatar\\\/4c81fed838786e9b53f540bf46533e750f5d292099ae3b66cfc6fb1982e29df7?s=96&d=mm&r=g\",\"url\":\"https:\\\/\\\/secure.gravatar.com\\\/avatar\\\/4c81fed838786e9b53f540bf46533e750f5d292099ae3b66cfc6fb1982e29df7?s=96&d=mm&r=g\",\"contentUrl\":\"https:\\\/\\\/secure.gravatar.com\\\/avatar\\\/4c81fed838786e9b53f540bf46533e750f5d292099ae3b66cfc6fb1982e29df7?s=96&d=mm&r=g\",\"caption\":\"admin\"},\"description\":\"admin\",\"url\":\"https:\\\/\\\/lasentinelle.dz\\\/author\\\/admin\\\/\"}]}<\/script>\n<!-- \/ Yoast SEO plugin. -->","yoast_head_json":{"title":"Journ\u00e9e nationale des personnes aux besoins sp\u00e9cifiques : Le CNDH appelle \u00e0 la n\u00e9cessit\u00e9 de conjuguer les efforts - La Sentinelle","robots":{"index":"index","follow":"follow","max-snippet":"max-snippet:-1","max-image-preview":"max-image-preview:large","max-video-preview":"max-video-preview:-1"},"canonical":"https:\/\/lasentinelle.dz\/index.php\/2025\/03\/16\/journee-nationale-des-personnes-aux-besoins-specifiques-le-cndh-appelle-a-la-necessite-de-conjuguer-les-efforts\/","og_locale":"fr_FR","og_type":"article","og_title":"Journ\u00e9e nationale des personnes aux besoins sp\u00e9cifiques : Le CNDH appelle \u00e0 la n\u00e9cessit\u00e9 de conjuguer les efforts - La Sentinelle","og_description":"Le Conseil national des droits de l&rsquo;Homme (CNDH), a appel\u00e9, dans un communiqu\u00e9 rendu public vendredi \u00e0 l&rsquo;occasion de la","og_url":"https:\/\/lasentinelle.dz\/index.php\/2025\/03\/16\/journee-nationale-des-personnes-aux-besoins-specifiques-le-cndh-appelle-a-la-necessite-de-conjuguer-les-efforts\/","og_site_name":"La Sentinelle","article_publisher":"https:\/\/www.facebook.com\/La-Sentinelle-104059864394773","article_published_time":"2025-03-16T11:44:14+00:00","og_image":[{"width":1427,"height":900,"url":"https:\/\/lasentinelle.dz\/wp-content\/uploads\/2023\/04\/CNDH.png","type":"image\/png"}],"author":"admin","twitter_card":"summary_large_image","twitter_misc":{"\u00c9crit par":"admin","Dur\u00e9e de lecture estim\u00e9e":"3 minutes"},"schema":{"@context":"https:\/\/schema.org","@graph":[{"@type":"Article","@id":"https:\/\/lasentinelle.dz\/index.php\/2025\/03\/16\/journee-nationale-des-personnes-aux-besoins-specifiques-le-cndh-appelle-a-la-necessite-de-conjuguer-les-efforts\/#article","isPartOf":{"@id":"https:\/\/lasentinelle.dz\/index.php\/2025\/03\/16\/journee-nationale-des-personnes-aux-besoins-specifiques-le-cndh-appelle-a-la-necessite-de-conjuguer-les-efforts\/"},"author":{"name":"admin","@id":"https:\/\/lasentinelle.dz\/#\/schema\/person\/729ee0024f24e0b8c5ec17232f8e8b41"},"headline":"Journ\u00e9e nationale des personnes aux besoins sp\u00e9cifiques : Le CNDH appelle \u00e0 la n\u00e9cessit\u00e9 de conjuguer les efforts","datePublished":"2025-03-16T11:44:14+00:00","mainEntityOfPage":{"@id":"https:\/\/lasentinelle.dz\/index.php\/2025\/03\/16\/journee-nationale-des-personnes-aux-besoins-specifiques-le-cndh-appelle-a-la-necessite-de-conjuguer-les-efforts\/"},"wordCount":422,"commentCount":0,"publisher":{"@id":"https:\/\/lasentinelle.dz\/#organization"},"image":{"@id":"https:\/\/lasentinelle.dz\/index.php\/2025\/03\/16\/journee-nationale-des-personnes-aux-besoins-specifiques-le-cndh-appelle-a-la-necessite-de-conjuguer-les-efforts\/#primaryimage"},"thumbnailUrl":"https:\/\/lasentinelle.dz\/wp-content\/uploads\/2023\/04\/CNDH.png","articleSection":["Actualit\u00e9"],"inLanguage":"fr-FR","potentialAction":[{"@type":"CommentAction","name":"Comment","target":["https:\/\/lasentinelle.dz\/index.php\/2025\/03\/16\/journee-nationale-des-personnes-aux-besoins-specifiques-le-cndh-appelle-a-la-necessite-de-conjuguer-les-efforts\/#respond"]}]},{"@type":"WebPage","@id":"https:\/\/lasentinelle.dz\/index.php\/2025\/03\/16\/journee-nationale-des-personnes-aux-besoins-specifiques-le-cndh-appelle-a-la-necessite-de-conjuguer-les-efforts\/","url":"https:\/\/lasentinelle.dz\/index.php\/2025\/03\/16\/journee-nationale-des-personnes-aux-besoins-specifiques-le-cndh-appelle-a-la-necessite-de-conjuguer-les-efforts\/","name":"Journ\u00e9e nationale des personnes aux besoins sp\u00e9cifiques : Le CNDH appelle \u00e0 la n\u00e9cessit\u00e9 de conjuguer les efforts - La Sentinelle","isPartOf":{"@id":"https:\/\/lasentinelle.dz\/#website"},"primaryImageOfPage":{"@id":"https:\/\/lasentinelle.dz\/index.php\/2025\/03\/16\/journee-nationale-des-personnes-aux-besoins-specifiques-le-cndh-appelle-a-la-necessite-de-conjuguer-les-efforts\/#primaryimage"},"image":{"@id":"https:\/\/lasentinelle.dz\/index.php\/2025\/03\/16\/journee-nationale-des-personnes-aux-besoins-specifiques-le-cndh-appelle-a-la-necessite-de-conjuguer-les-efforts\/#primaryimage"},"thumbnailUrl":"https:\/\/lasentinelle.dz\/wp-content\/uploads\/2023\/04\/CNDH.png","datePublished":"2025-03-16T11:44:14+00:00","breadcrumb":{"@id":"https:\/\/lasentinelle.dz\/index.php\/2025\/03\/16\/journee-nationale-des-personnes-aux-besoins-specifiques-le-cndh-appelle-a-la-necessite-de-conjuguer-les-efforts\/#breadcrumb"},"inLanguage":"fr-FR","potentialAction":[{"@type":"ReadAction","target":["https:\/\/lasentinelle.dz\/index.php\/2025\/03\/16\/journee-nationale-des-personnes-aux-besoins-specifiques-le-cndh-appelle-a-la-necessite-de-conjuguer-les-efforts\/"]}]},{"@type":"ImageObject","inLanguage":"fr-FR","@id":"https:\/\/lasentinelle.dz\/index.php\/2025\/03\/16\/journee-nationale-des-personnes-aux-besoins-specifiques-le-cndh-appelle-a-la-necessite-de-conjuguer-les-efforts\/#primaryimage","url":"https:\/\/lasentinelle.dz\/wp-content\/uploads\/2023\/04\/CNDH.png","contentUrl":"https:\/\/lasentinelle.dz\/wp-content\/uploads\/2023\/04\/CNDH.png","width":1427,"height":900},{"@type":"BreadcrumbList","@id":"https:\/\/lasentinelle.dz\/index.php\/2025\/03\/16\/journee-nationale-des-personnes-aux-besoins-specifiques-le-cndh-appelle-a-la-necessite-de-conjuguer-les-efforts\/#breadcrumb","itemListElement":[{"@type":"ListItem","position":1,"name":"Accueil","item":"https:\/\/lasentinelle.dz\/"},{"@type":"ListItem","position":2,"name":"Journ\u00e9e nationale des personnes aux besoins sp\u00e9cifiques : Le CNDH appelle \u00e0 la n\u00e9cessit\u00e9 de conjuguer les efforts"}]},{"@type":"WebSite","@id":"https:\/\/lasentinelle.dz\/#website","url":"https:\/\/lasentinelle.dz\/","name":"La Sentinelle","description":"Quotidien national d&#039;information","publisher":{"@id":"https:\/\/lasentinelle.dz\/#organization"},"potentialAction":[{"@type":"SearchAction","target":{"@type":"EntryPoint","urlTemplate":"https:\/\/lasentinelle.dz\/?s={search_term_string}"},"query-input":{"@type":"PropertyValueSpecification","valueRequired":true,"valueName":"search_term_string"}}],"inLanguage":"fr-FR"},{"@type":"Organization","@id":"https:\/\/lasentinelle.dz\/#organization","name":"Quotidien La Sentinelle","url":"https:\/\/lasentinelle.dz\/","logo":{"@type":"ImageObject","inLanguage":"fr-FR","@id":"https:\/\/lasentinelle.dz\/#\/schema\/logo\/image\/","url":"https:\/\/lasentinelle.dz\/wp-content\/uploads\/2021\/09\/logo-sentinelleSLOGAN-1.png","contentUrl":"https:\/\/lasentinelle.dz\/wp-content\/uploads\/2021\/09\/logo-sentinelleSLOGAN-1.png","width":615,"height":142,"caption":"Quotidien La Sentinelle"},"image":{"@id":"https:\/\/lasentinelle.dz\/#\/schema\/logo\/image\/"},"sameAs":["https:\/\/www.facebook.com\/La-Sentinelle-104059864394773"]},{"@type":"Person","@id":"https:\/\/lasentinelle.dz\/#\/schema\/person\/729ee0024f24e0b8c5ec17232f8e8b41","name":"admin","image":{"@type":"ImageObject","inLanguage":"fr-FR","@id":"https:\/\/secure.gravatar.com\/avatar\/4c81fed838786e9b53f540bf46533e750f5d292099ae3b66cfc6fb1982e29df7?s=96&d=mm&r=g","url":"https:\/\/secure.gravatar.com\/avatar\/4c81fed838786e9b53f540bf46533e750f5d292099ae3b66cfc6fb1982e29df7?s=96&d=mm&r=g","contentUrl":"https:\/\/secure.gravatar.com\/avatar\/4c81fed838786e9b53f540bf46533e750f5d292099ae3b66cfc6fb1982e29df7?s=96&d=mm&r=g","caption":"admin"},"description":"admin","url":"https:\/\/lasentinelle.dz\/author\/admin\/"}]}},"_links":{"self":[{"href":"https:\/\/lasentinelle.dz\/index.php\/wp-json\/wp\/v2\/posts\/64297","targetHints":{"allow":["GET"]}}],"collection":[{"href":"https:\/\/lasentinelle.dz\/index.php\/wp-json\/wp\/v2\/posts"}],"about":[{"href":"https:\/\/lasentinelle.dz\/index.php\/wp-json\/wp\/v2\/types\/post"}],"author":[{"embeddable":true,"href":"https:\/\/lasentinelle.dz\/index.php\/wp-json\/wp\/v2\/users\/6"}],"replies":[{"embeddable":true,"href":"https:\/\/lasentinelle.dz\/index.php\/wp-json\/wp\/v2\/comments?post=64297"}],"version-history":[{"count":1,"href":"https:\/\/lasentinelle.dz\/index.php\/wp-json\/wp\/v2\/posts\/64297\/revisions"}],"predecessor-version":[{"id":64298,"href":"https:\/\/lasentinelle.dz\/index.php\/wp-json\/wp\/v2\/posts\/64297\/revisions\/64298"}],"wp:featuredmedia":[{"embeddable":true,"href":"https:\/\/lasentinelle.dz\/index.php\/wp-json\/wp\/v2\/media\/38780"}],"wp:attachment":[{"href":"https:\/\/lasentinelle.dz\/index.php\/wp-json\/wp\/v2\/media?parent=64297"}],"wp:term":[{"taxonomy":"category","embeddable":true,"href":"https:\/\/lasentinelle.dz\/index.php\/wp-json\/wp\/v2\/categories?post=64297"},{"taxonomy":"post_tag","embeddable":true,"href":"https:\/\/lasentinelle.dz\/index.php\/wp-json\/wp\/v2\/tags?post=64297"}],"curies":[{"name":"wp","href":"https:\/\/api.w.org\/{rel}","templated":true}]}}