{"id":64307,"date":"2025-03-16T12:48:09","date_gmt":"2025-03-16T11:48:09","guid":{"rendered":"https:\/\/lasentinelle.dz\/?p=64307"},"modified":"2025-03-16T12:48:10","modified_gmt":"2025-03-16T11:48:10","slug":"lutte-contre-le-financement-du-terrorisme-lalgerie-renforce-son-dispositif","status":"publish","type":"post","link":"https:\/\/lasentinelle.dz\/index.php\/2025\/03\/16\/lutte-contre-le-financement-du-terrorisme-lalgerie-renforce-son-dispositif\/","title":{"rendered":"Lutte contre le financement du terrorisme : L&rsquo;Alg\u00e9rie renforce son dispositif"},"content":{"rendered":"\n<p>L&rsquo;Alg\u00e9rie vient de consolider sa strat\u00e9gie de lutte contre le blanchiment d&rsquo;argent et le financement du terrorisme. Le Premier ministre Nadir Larbaoui a sign\u00e9 le d\u00e9cret ex\u00e9cutif n\u00b0 25-101 dat\u00e9 du 12 mars qui \u00e9tablit de nouvelles proc\u00e9dures pour le gel et la saisie des fonds li\u00e9s au terrorisme et \u00e0 la prolif\u00e9ration des armes de destruction massive. Ce texte, publi\u00e9 dans la derni\u00e8re livraison du Journal officiel et qui abroge un pr\u00e9c\u00e9dent d\u00e9cret de novembre 2023, s&rsquo;inscrit dans une d\u00e9marche d&rsquo;alignement aux standards internationaux et aux r\u00e9solutions du Conseil de s\u00e9curit\u00e9 des Nations unies. Le dispositif mis en place repose sur un principe d&rsquo;action imm\u00e9diate. D\u00e8s qu&rsquo;une personne ou une entit\u00e9 est inscrite sur la liste r\u00e9capitulative des sanctions \u00e9tablie par le Conseil de s\u00e9curit\u00e9 de l&rsquo;ONU, les autorit\u00e9s alg\u00e9riennes et les institutions financi\u00e8res disposent d&rsquo;un d\u00e9lai maximum de 24 heures pour proc\u00e9der au gel de ses avoirs. Cette c\u00e9l\u00e9rit\u00e9 vise \u00e0 emp\u00eacher tout transfert ou mouvement de fonds qui pourrait servir \u00e0 financer des activit\u00e9s terroristes. La Cellule de traitement du renseignement financier (CTRF) joue un r\u00f4le central dans ce nouveau dispositif. En tant qu&rsquo;organe sp\u00e9cialis\u00e9, elle est charg\u00e9e de publier sur son site web officiel la liste des personnes et entit\u00e9s sanctionn\u00e9es et d&rsquo;informer imm\u00e9diatement les institutions concern\u00e9es. Les banques, \u00e9tablissements financiers et autres entit\u00e9s assujetties sont tenus de s&rsquo;inscrire sur ce site et de fournir une adresse \u00e9lectronique pour recevoir les notifications en temps r\u00e9el.<\/p>\n\n\n\n<p>Le d\u00e9cret instaure un syst\u00e8me de vigilance permanente. Les institutions financi\u00e8res doivent v\u00e9rifier en continu si leurs clients figurent sur la liste des sanctions. Cette obligation s&rsquo;\u00e9tend \u00e0 toutes les nouvelles relations d&rsquo;affaires et aux transactions occasionnelles. En cas de correspondance, les fonds doivent \u00eatre imm\u00e9diatement gel\u00e9s et la CTRF inform\u00e9e sans d\u00e9lai.<\/p>\n\n\n\n<p>Les mesures prises ne se limitent pas au gel des avoirs. Le texte pr\u00e9voit \u00e9galement l&rsquo;interdiction de toute activit\u00e9 pour les personnes et entit\u00e9s inscrites sur la liste des sanctions, y compris la fermeture de leurs locaux et l&rsquo;interdiction de leurs r\u00e9unions. Pour les associations, cela se traduit par une suspension de leurs activit\u00e9s, voire leur dissolution par d\u00e9cision judiciaire.<\/p>\n\n\n\n<p>L&rsquo;interdiction de voyager constitue un autre volet important du dispositif. Les personnes inscrites sur la liste des sanctions se voient retirer leur passeport et interdire la d\u00e9livrance d&rsquo;un nouveau document de voyage pendant toute la dur\u00e9e de leur inscription. Cette mesure s&rsquo;applique \u00e9galement aux membres des entit\u00e9s terroristes inscrites et peut comprendre le refus d&rsquo;entr\u00e9e sur le territoire national pour les \u00e9trangers concern\u00e9s.<\/p>\n\n\n\n<p>Le d\u00e9cret pr\u00e9voit n\u00e9anmoins des exceptions humanitaires. Les personnes dont les avoirs sont gel\u00e9s peuvent demander l&rsquo;autorisation d&rsquo;utiliser une partie de ces fonds pour couvrir leurs besoins essentiels (alimentation, loyer, soins m\u00e9dicaux) ou des d\u00e9penses exceptionnelles. Ces demandes sont examin\u00e9es par le ministre des Finances apr\u00e8s avis des organes comp\u00e9tents du Conseil de s\u00e9curit\u00e9.<\/p>\n\n\n\n<p>Le texte accorde une attention particuli\u00e8re aux droits des tiers de bonne foi, d\u00e9finis comme des personnes n&rsquo;ayant pas fait l&rsquo;objet d&rsquo;enqu\u00eate ou de poursuite pour les faits ayant entra\u00een\u00e9 l&rsquo;inscription sur la liste des sanctions et dont le titre de propri\u00e9t\u00e9 est r\u00e9gulier et licite.<\/p>\n\n\n\n<p>Un r\u00e9gime de contr\u00f4le rigoureux est mis en place. Les autorit\u00e9s de r\u00e9gulation doivent soumettre un rapport semestriel \u00e0 la CTRF sur les r\u00e9sultats de la surveillance de la mise en \u0153uvre des obligations par les institutions assujetties. Ces derni\u00e8res sont tenues d&rsquo;\u00e9tablir des proc\u00e9dures internes pour se conformer rapidement aux exigences du dispositif et interdire \u00e0 leurs employ\u00e9s d&rsquo;informer leurs clients des mesures prises \u00e0 leur encontre.<\/p>\n\n\n\n<p>Les contrevenants s&rsquo;exposent aux sanctions pr\u00e9vues par la loi n\u00b0 05-01 du 6 f\u00e9vrier 2005 relative \u00e0 la pr\u00e9vention et \u00e0 la lutte contre le blanchiment d&rsquo;argent et le financement du terrorisme.<\/p>\n\n\n\n<p>Ce renforcement du cadre juridique alg\u00e9rien traduit la volont\u00e9 du pays de s&rsquo;aligner sur les normes internationales en mati\u00e8re de lutte contre le financement du terrorisme et le blanchiment d&rsquo;argent, notamment les recommandations du Groupe d&rsquo;action financi\u00e8re (GAFI). Il t\u00e9moigne \u00e9galement de l&rsquo;engagement de l&rsquo;Alg\u00e9rie \u00e0 respecter ses obligations internationales dans le cadre des r\u00e9solutions du Conseil de s\u00e9curit\u00e9 des Nations unies.<\/p>\n\n\n\n<p>Amar Malki<\/p>\n","protected":false},"excerpt":{"rendered":"<p>L&rsquo;Alg\u00e9rie vient de consolider sa strat\u00e9gie de lutte contre le blanchiment d&rsquo;argent et le financement du terrorisme. Le Premier ministre<\/p>\n","protected":false},"author":6,"featured_media":54327,"comment_status":"open","ping_status":"closed","sticky":false,"template":"","format":"standard","meta":{"colormag_page_container_layout":"default_layout","colormag_page_sidebar_layout":"default_layout","om_disable_all_campaigns":false,"_monsterinsights_skip_tracking":false,"_monsterinsights_sitenote_active":false,"_monsterinsights_sitenote_note":"","_monsterinsights_sitenote_category":0,"footnotes":"","_wpscppro_dont_share_socialmedia":false,"_wpscppro_custom_social_share_image":0,"_facebook_share_type":"default","_twitter_share_type":"default","_linkedin_share_type":"default","_pinterest_share_type":"default","_linkedin_share_type_page":"","_instagram_share_type":"default","_medium_share_type":"default","_threads_share_type":"","_google_business_share_type":"","_selected_social_profile":[],"_wpsp_enable_custom_social_template":false,"_wpsp_social_scheduling":{"enabled":false,"datetime":null,"platforms":[],"status":"template_only","dateOption":"today","timeOption":"now","customDays":"","customHours":"","customDate":"","customTime":"","schedulingType":"absolute"},"_wpsp_active_default_template":true},"categories":[27],"tags":[],"class_list":["post-64307","post","type-post","status-publish","format-standard","has-post-thumbnail","hentry","category-actualite"],"aioseo_notices":[],"yoast_head":"<!-- This site is optimized with the Yoast SEO plugin v27.5 - https:\/\/yoast.com\/product\/yoast-seo-wordpress\/ -->\n<title>Lutte contre le financement du terrorisme : L&rsquo;Alg\u00e9rie renforce son dispositif - La Sentinelle<\/title>\n<meta name=\"robots\" content=\"index, follow, max-snippet:-1, max-image-preview:large, max-video-preview:-1\" \/>\n<link rel=\"canonical\" href=\"https:\/\/lasentinelle.dz\/index.php\/2025\/03\/16\/lutte-contre-le-financement-du-terrorisme-lalgerie-renforce-son-dispositif\/\" \/>\n<meta property=\"og:locale\" content=\"fr_FR\" \/>\n<meta property=\"og:type\" content=\"article\" \/>\n<meta property=\"og:title\" content=\"Lutte contre le financement du terrorisme : L&rsquo;Alg\u00e9rie renforce son dispositif - La Sentinelle\" \/>\n<meta property=\"og:description\" content=\"L&rsquo;Alg\u00e9rie vient de consolider sa strat\u00e9gie de lutte contre le blanchiment d&rsquo;argent et le financement du terrorisme. Le Premier ministre\" \/>\n<meta property=\"og:url\" content=\"https:\/\/lasentinelle.dz\/index.php\/2025\/03\/16\/lutte-contre-le-financement-du-terrorisme-lalgerie-renforce-son-dispositif\/\" \/>\n<meta property=\"og:site_name\" content=\"La Sentinelle\" \/>\n<meta property=\"article:publisher\" content=\"https:\/\/www.facebook.com\/La-Sentinelle-104059864394773\" \/>\n<meta property=\"article:published_time\" content=\"2025-03-16T11:48:09+00:00\" \/>\n<meta property=\"article:modified_time\" content=\"2025-03-16T11:48:10+00:00\" \/>\n<meta property=\"og:image\" content=\"https:\/\/lasentinelle.dz\/wp-content\/uploads\/2024\/07\/blanchiment.webp\" \/>\n\t<meta property=\"og:image:width\" content=\"600\" \/>\n\t<meta property=\"og:image:height\" content=\"450\" \/>\n\t<meta property=\"og:image:type\" content=\"image\/webp\" \/>\n<meta name=\"author\" content=\"admin\" \/>\n<meta name=\"twitter:card\" content=\"summary_large_image\" \/>\n<meta name=\"twitter:label1\" content=\"\u00c9crit par\" \/>\n\t<meta name=\"twitter:data1\" content=\"admin\" \/>\n\t<meta name=\"twitter:label2\" content=\"Dur\u00e9e de lecture estim\u00e9e\" \/>\n\t<meta name=\"twitter:data2\" content=\"4 minutes\" \/>\n<script type=\"application\/ld+json\" class=\"yoast-schema-graph\">{\"@context\":\"https:\\\/\\\/schema.org\",\"@graph\":[{\"@type\":\"Article\",\"@id\":\"https:\\\/\\\/lasentinelle.dz\\\/index.php\\\/2025\\\/03\\\/16\\\/lutte-contre-le-financement-du-terrorisme-lalgerie-renforce-son-dispositif\\\/#article\",\"isPartOf\":{\"@id\":\"https:\\\/\\\/lasentinelle.dz\\\/index.php\\\/2025\\\/03\\\/16\\\/lutte-contre-le-financement-du-terrorisme-lalgerie-renforce-son-dispositif\\\/\"},\"author\":{\"name\":\"admin\",\"@id\":\"https:\\\/\\\/lasentinelle.dz\\\/#\\\/schema\\\/person\\\/729ee0024f24e0b8c5ec17232f8e8b41\"},\"headline\":\"Lutte contre le financement du terrorisme : L&rsquo;Alg\u00e9rie renforce son dispositif\",\"datePublished\":\"2025-03-16T11:48:09+00:00\",\"dateModified\":\"2025-03-16T11:48:10+00:00\",\"mainEntityOfPage\":{\"@id\":\"https:\\\/\\\/lasentinelle.dz\\\/index.php\\\/2025\\\/03\\\/16\\\/lutte-contre-le-financement-du-terrorisme-lalgerie-renforce-son-dispositif\\\/\"},\"wordCount\":799,\"commentCount\":0,\"publisher\":{\"@id\":\"https:\\\/\\\/lasentinelle.dz\\\/#organization\"},\"image\":{\"@id\":\"https:\\\/\\\/lasentinelle.dz\\\/index.php\\\/2025\\\/03\\\/16\\\/lutte-contre-le-financement-du-terrorisme-lalgerie-renforce-son-dispositif\\\/#primaryimage\"},\"thumbnailUrl\":\"https:\\\/\\\/lasentinelle.dz\\\/wp-content\\\/uploads\\\/2024\\\/07\\\/blanchiment.webp\",\"articleSection\":[\"Actualit\u00e9\"],\"inLanguage\":\"fr-FR\",\"potentialAction\":[{\"@type\":\"CommentAction\",\"name\":\"Comment\",\"target\":[\"https:\\\/\\\/lasentinelle.dz\\\/index.php\\\/2025\\\/03\\\/16\\\/lutte-contre-le-financement-du-terrorisme-lalgerie-renforce-son-dispositif\\\/#respond\"]}]},{\"@type\":\"WebPage\",\"@id\":\"https:\\\/\\\/lasentinelle.dz\\\/index.php\\\/2025\\\/03\\\/16\\\/lutte-contre-le-financement-du-terrorisme-lalgerie-renforce-son-dispositif\\\/\",\"url\":\"https:\\\/\\\/lasentinelle.dz\\\/index.php\\\/2025\\\/03\\\/16\\\/lutte-contre-le-financement-du-terrorisme-lalgerie-renforce-son-dispositif\\\/\",\"name\":\"Lutte contre le financement du terrorisme : L&rsquo;Alg\u00e9rie renforce son dispositif - La Sentinelle\",\"isPartOf\":{\"@id\":\"https:\\\/\\\/lasentinelle.dz\\\/#website\"},\"primaryImageOfPage\":{\"@id\":\"https:\\\/\\\/lasentinelle.dz\\\/index.php\\\/2025\\\/03\\\/16\\\/lutte-contre-le-financement-du-terrorisme-lalgerie-renforce-son-dispositif\\\/#primaryimage\"},\"image\":{\"@id\":\"https:\\\/\\\/lasentinelle.dz\\\/index.php\\\/2025\\\/03\\\/16\\\/lutte-contre-le-financement-du-terrorisme-lalgerie-renforce-son-dispositif\\\/#primaryimage\"},\"thumbnailUrl\":\"https:\\\/\\\/lasentinelle.dz\\\/wp-content\\\/uploads\\\/2024\\\/07\\\/blanchiment.webp\",\"datePublished\":\"2025-03-16T11:48:09+00:00\",\"dateModified\":\"2025-03-16T11:48:10+00:00\",\"breadcrumb\":{\"@id\":\"https:\\\/\\\/lasentinelle.dz\\\/index.php\\\/2025\\\/03\\\/16\\\/lutte-contre-le-financement-du-terrorisme-lalgerie-renforce-son-dispositif\\\/#breadcrumb\"},\"inLanguage\":\"fr-FR\",\"potentialAction\":[{\"@type\":\"ReadAction\",\"target\":[\"https:\\\/\\\/lasentinelle.dz\\\/index.php\\\/2025\\\/03\\\/16\\\/lutte-contre-le-financement-du-terrorisme-lalgerie-renforce-son-dispositif\\\/\"]}]},{\"@type\":\"ImageObject\",\"inLanguage\":\"fr-FR\",\"@id\":\"https:\\\/\\\/lasentinelle.dz\\\/index.php\\\/2025\\\/03\\\/16\\\/lutte-contre-le-financement-du-terrorisme-lalgerie-renforce-son-dispositif\\\/#primaryimage\",\"url\":\"https:\\\/\\\/lasentinelle.dz\\\/wp-content\\\/uploads\\\/2024\\\/07\\\/blanchiment.webp\",\"contentUrl\":\"https:\\\/\\\/lasentinelle.dz\\\/wp-content\\\/uploads\\\/2024\\\/07\\\/blanchiment.webp\",\"width\":600,\"height\":450},{\"@type\":\"BreadcrumbList\",\"@id\":\"https:\\\/\\\/lasentinelle.dz\\\/index.php\\\/2025\\\/03\\\/16\\\/lutte-contre-le-financement-du-terrorisme-lalgerie-renforce-son-dispositif\\\/#breadcrumb\",\"itemListElement\":[{\"@type\":\"ListItem\",\"position\":1,\"name\":\"Accueil\",\"item\":\"https:\\\/\\\/lasentinelle.dz\\\/\"},{\"@type\":\"ListItem\",\"position\":2,\"name\":\"Lutte contre le financement du terrorisme : L&rsquo;Alg\u00e9rie renforce son dispositif\"}]},{\"@type\":\"WebSite\",\"@id\":\"https:\\\/\\\/lasentinelle.dz\\\/#website\",\"url\":\"https:\\\/\\\/lasentinelle.dz\\\/\",\"name\":\"La Sentinelle\",\"description\":\"Quotidien national d&#039;information\",\"publisher\":{\"@id\":\"https:\\\/\\\/lasentinelle.dz\\\/#organization\"},\"potentialAction\":[{\"@type\":\"SearchAction\",\"target\":{\"@type\":\"EntryPoint\",\"urlTemplate\":\"https:\\\/\\\/lasentinelle.dz\\\/?s={search_term_string}\"},\"query-input\":{\"@type\":\"PropertyValueSpecification\",\"valueRequired\":true,\"valueName\":\"search_term_string\"}}],\"inLanguage\":\"fr-FR\"},{\"@type\":\"Organization\",\"@id\":\"https:\\\/\\\/lasentinelle.dz\\\/#organization\",\"name\":\"Quotidien La Sentinelle\",\"url\":\"https:\\\/\\\/lasentinelle.dz\\\/\",\"logo\":{\"@type\":\"ImageObject\",\"inLanguage\":\"fr-FR\",\"@id\":\"https:\\\/\\\/lasentinelle.dz\\\/#\\\/schema\\\/logo\\\/image\\\/\",\"url\":\"https:\\\/\\\/lasentinelle.dz\\\/wp-content\\\/uploads\\\/2021\\\/09\\\/logo-sentinelleSLOGAN-1.png\",\"contentUrl\":\"https:\\\/\\\/lasentinelle.dz\\\/wp-content\\\/uploads\\\/2021\\\/09\\\/logo-sentinelleSLOGAN-1.png\",\"width\":615,\"height\":142,\"caption\":\"Quotidien La Sentinelle\"},\"image\":{\"@id\":\"https:\\\/\\\/lasentinelle.dz\\\/#\\\/schema\\\/logo\\\/image\\\/\"},\"sameAs\":[\"https:\\\/\\\/www.facebook.com\\\/La-Sentinelle-104059864394773\"]},{\"@type\":\"Person\",\"@id\":\"https:\\\/\\\/lasentinelle.dz\\\/#\\\/schema\\\/person\\\/729ee0024f24e0b8c5ec17232f8e8b41\",\"name\":\"admin\",\"image\":{\"@type\":\"ImageObject\",\"inLanguage\":\"fr-FR\",\"@id\":\"https:\\\/\\\/secure.gravatar.com\\\/avatar\\\/4c81fed838786e9b53f540bf46533e750f5d292099ae3b66cfc6fb1982e29df7?s=96&d=mm&r=g\",\"url\":\"https:\\\/\\\/secure.gravatar.com\\\/avatar\\\/4c81fed838786e9b53f540bf46533e750f5d292099ae3b66cfc6fb1982e29df7?s=96&d=mm&r=g\",\"contentUrl\":\"https:\\\/\\\/secure.gravatar.com\\\/avatar\\\/4c81fed838786e9b53f540bf46533e750f5d292099ae3b66cfc6fb1982e29df7?s=96&d=mm&r=g\",\"caption\":\"admin\"},\"description\":\"admin\",\"url\":\"https:\\\/\\\/lasentinelle.dz\\\/author\\\/admin\\\/\"}]}<\/script>\n<!-- \/ Yoast SEO plugin. -->","yoast_head_json":{"title":"Lutte contre le financement du terrorisme : L&rsquo;Alg\u00e9rie renforce son dispositif - La Sentinelle","robots":{"index":"index","follow":"follow","max-snippet":"max-snippet:-1","max-image-preview":"max-image-preview:large","max-video-preview":"max-video-preview:-1"},"canonical":"https:\/\/lasentinelle.dz\/index.php\/2025\/03\/16\/lutte-contre-le-financement-du-terrorisme-lalgerie-renforce-son-dispositif\/","og_locale":"fr_FR","og_type":"article","og_title":"Lutte contre le financement du terrorisme : L&rsquo;Alg\u00e9rie renforce son dispositif - La Sentinelle","og_description":"L&rsquo;Alg\u00e9rie vient de consolider sa strat\u00e9gie de lutte contre le blanchiment d&rsquo;argent et le financement du terrorisme. Le Premier ministre","og_url":"https:\/\/lasentinelle.dz\/index.php\/2025\/03\/16\/lutte-contre-le-financement-du-terrorisme-lalgerie-renforce-son-dispositif\/","og_site_name":"La Sentinelle","article_publisher":"https:\/\/www.facebook.com\/La-Sentinelle-104059864394773","article_published_time":"2025-03-16T11:48:09+00:00","article_modified_time":"2025-03-16T11:48:10+00:00","og_image":[{"width":600,"height":450,"url":"https:\/\/lasentinelle.dz\/wp-content\/uploads\/2024\/07\/blanchiment.webp","type":"image\/webp"}],"author":"admin","twitter_card":"summary_large_image","twitter_misc":{"\u00c9crit par":"admin","Dur\u00e9e de lecture estim\u00e9e":"4 minutes"},"schema":{"@context":"https:\/\/schema.org","@graph":[{"@type":"Article","@id":"https:\/\/lasentinelle.dz\/index.php\/2025\/03\/16\/lutte-contre-le-financement-du-terrorisme-lalgerie-renforce-son-dispositif\/#article","isPartOf":{"@id":"https:\/\/lasentinelle.dz\/index.php\/2025\/03\/16\/lutte-contre-le-financement-du-terrorisme-lalgerie-renforce-son-dispositif\/"},"author":{"name":"admin","@id":"https:\/\/lasentinelle.dz\/#\/schema\/person\/729ee0024f24e0b8c5ec17232f8e8b41"},"headline":"Lutte contre le financement du terrorisme : L&rsquo;Alg\u00e9rie renforce son dispositif","datePublished":"2025-03-16T11:48:09+00:00","dateModified":"2025-03-16T11:48:10+00:00","mainEntityOfPage":{"@id":"https:\/\/lasentinelle.dz\/index.php\/2025\/03\/16\/lutte-contre-le-financement-du-terrorisme-lalgerie-renforce-son-dispositif\/"},"wordCount":799,"commentCount":0,"publisher":{"@id":"https:\/\/lasentinelle.dz\/#organization"},"image":{"@id":"https:\/\/lasentinelle.dz\/index.php\/2025\/03\/16\/lutte-contre-le-financement-du-terrorisme-lalgerie-renforce-son-dispositif\/#primaryimage"},"thumbnailUrl":"https:\/\/lasentinelle.dz\/wp-content\/uploads\/2024\/07\/blanchiment.webp","articleSection":["Actualit\u00e9"],"inLanguage":"fr-FR","potentialAction":[{"@type":"CommentAction","name":"Comment","target":["https:\/\/lasentinelle.dz\/index.php\/2025\/03\/16\/lutte-contre-le-financement-du-terrorisme-lalgerie-renforce-son-dispositif\/#respond"]}]},{"@type":"WebPage","@id":"https:\/\/lasentinelle.dz\/index.php\/2025\/03\/16\/lutte-contre-le-financement-du-terrorisme-lalgerie-renforce-son-dispositif\/","url":"https:\/\/lasentinelle.dz\/index.php\/2025\/03\/16\/lutte-contre-le-financement-du-terrorisme-lalgerie-renforce-son-dispositif\/","name":"Lutte contre le financement du terrorisme : L&rsquo;Alg\u00e9rie renforce son dispositif - La Sentinelle","isPartOf":{"@id":"https:\/\/lasentinelle.dz\/#website"},"primaryImageOfPage":{"@id":"https:\/\/lasentinelle.dz\/index.php\/2025\/03\/16\/lutte-contre-le-financement-du-terrorisme-lalgerie-renforce-son-dispositif\/#primaryimage"},"image":{"@id":"https:\/\/lasentinelle.dz\/index.php\/2025\/03\/16\/lutte-contre-le-financement-du-terrorisme-lalgerie-renforce-son-dispositif\/#primaryimage"},"thumbnailUrl":"https:\/\/lasentinelle.dz\/wp-content\/uploads\/2024\/07\/blanchiment.webp","datePublished":"2025-03-16T11:48:09+00:00","dateModified":"2025-03-16T11:48:10+00:00","breadcrumb":{"@id":"https:\/\/lasentinelle.dz\/index.php\/2025\/03\/16\/lutte-contre-le-financement-du-terrorisme-lalgerie-renforce-son-dispositif\/#breadcrumb"},"inLanguage":"fr-FR","potentialAction":[{"@type":"ReadAction","target":["https:\/\/lasentinelle.dz\/index.php\/2025\/03\/16\/lutte-contre-le-financement-du-terrorisme-lalgerie-renforce-son-dispositif\/"]}]},{"@type":"ImageObject","inLanguage":"fr-FR","@id":"https:\/\/lasentinelle.dz\/index.php\/2025\/03\/16\/lutte-contre-le-financement-du-terrorisme-lalgerie-renforce-son-dispositif\/#primaryimage","url":"https:\/\/lasentinelle.dz\/wp-content\/uploads\/2024\/07\/blanchiment.webp","contentUrl":"https:\/\/lasentinelle.dz\/wp-content\/uploads\/2024\/07\/blanchiment.webp","width":600,"height":450},{"@type":"BreadcrumbList","@id":"https:\/\/lasentinelle.dz\/index.php\/2025\/03\/16\/lutte-contre-le-financement-du-terrorisme-lalgerie-renforce-son-dispositif\/#breadcrumb","itemListElement":[{"@type":"ListItem","position":1,"name":"Accueil","item":"https:\/\/lasentinelle.dz\/"},{"@type":"ListItem","position":2,"name":"Lutte contre le financement du terrorisme : L&rsquo;Alg\u00e9rie renforce son dispositif"}]},{"@type":"WebSite","@id":"https:\/\/lasentinelle.dz\/#website","url":"https:\/\/lasentinelle.dz\/","name":"La Sentinelle","description":"Quotidien national d&#039;information","publisher":{"@id":"https:\/\/lasentinelle.dz\/#organization"},"potentialAction":[{"@type":"SearchAction","target":{"@type":"EntryPoint","urlTemplate":"https:\/\/lasentinelle.dz\/?s={search_term_string}"},"query-input":{"@type":"PropertyValueSpecification","valueRequired":true,"valueName":"search_term_string"}}],"inLanguage":"fr-FR"},{"@type":"Organization","@id":"https:\/\/lasentinelle.dz\/#organization","name":"Quotidien La Sentinelle","url":"https:\/\/lasentinelle.dz\/","logo":{"@type":"ImageObject","inLanguage":"fr-FR","@id":"https:\/\/lasentinelle.dz\/#\/schema\/logo\/image\/","url":"https:\/\/lasentinelle.dz\/wp-content\/uploads\/2021\/09\/logo-sentinelleSLOGAN-1.png","contentUrl":"https:\/\/lasentinelle.dz\/wp-content\/uploads\/2021\/09\/logo-sentinelleSLOGAN-1.png","width":615,"height":142,"caption":"Quotidien La Sentinelle"},"image":{"@id":"https:\/\/lasentinelle.dz\/#\/schema\/logo\/image\/"},"sameAs":["https:\/\/www.facebook.com\/La-Sentinelle-104059864394773"]},{"@type":"Person","@id":"https:\/\/lasentinelle.dz\/#\/schema\/person\/729ee0024f24e0b8c5ec17232f8e8b41","name":"admin","image":{"@type":"ImageObject","inLanguage":"fr-FR","@id":"https:\/\/secure.gravatar.com\/avatar\/4c81fed838786e9b53f540bf46533e750f5d292099ae3b66cfc6fb1982e29df7?s=96&d=mm&r=g","url":"https:\/\/secure.gravatar.com\/avatar\/4c81fed838786e9b53f540bf46533e750f5d292099ae3b66cfc6fb1982e29df7?s=96&d=mm&r=g","contentUrl":"https:\/\/secure.gravatar.com\/avatar\/4c81fed838786e9b53f540bf46533e750f5d292099ae3b66cfc6fb1982e29df7?s=96&d=mm&r=g","caption":"admin"},"description":"admin","url":"https:\/\/lasentinelle.dz\/author\/admin\/"}]}},"_links":{"self":[{"href":"https:\/\/lasentinelle.dz\/index.php\/wp-json\/wp\/v2\/posts\/64307","targetHints":{"allow":["GET"]}}],"collection":[{"href":"https:\/\/lasentinelle.dz\/index.php\/wp-json\/wp\/v2\/posts"}],"about":[{"href":"https:\/\/lasentinelle.dz\/index.php\/wp-json\/wp\/v2\/types\/post"}],"author":[{"embeddable":true,"href":"https:\/\/lasentinelle.dz\/index.php\/wp-json\/wp\/v2\/users\/6"}],"replies":[{"embeddable":true,"href":"https:\/\/lasentinelle.dz\/index.php\/wp-json\/wp\/v2\/comments?post=64307"}],"version-history":[{"count":2,"href":"https:\/\/lasentinelle.dz\/index.php\/wp-json\/wp\/v2\/posts\/64307\/revisions"}],"predecessor-version":[{"id":64309,"href":"https:\/\/lasentinelle.dz\/index.php\/wp-json\/wp\/v2\/posts\/64307\/revisions\/64309"}],"wp:featuredmedia":[{"embeddable":true,"href":"https:\/\/lasentinelle.dz\/index.php\/wp-json\/wp\/v2\/media\/54327"}],"wp:attachment":[{"href":"https:\/\/lasentinelle.dz\/index.php\/wp-json\/wp\/v2\/media?parent=64307"}],"wp:term":[{"taxonomy":"category","embeddable":true,"href":"https:\/\/lasentinelle.dz\/index.php\/wp-json\/wp\/v2\/categories?post=64307"},{"taxonomy":"post_tag","embeddable":true,"href":"https:\/\/lasentinelle.dz\/index.php\/wp-json\/wp\/v2\/tags?post=64307"}],"curies":[{"name":"wp","href":"https:\/\/api.w.org\/{rel}","templated":true}]}}