{"id":64314,"date":"2025-03-16T12:50:49","date_gmt":"2025-03-16T11:50:49","guid":{"rendered":"https:\/\/lasentinelle.dz\/?p=64314"},"modified":"2025-03-16T12:50:50","modified_gmt":"2025-03-16T11:50:50","slug":"ces-voix-qui-selevent-contre-le-revisionnisme-historique","status":"publish","type":"post","link":"https:\/\/lasentinelle.dz\/index.php\/2025\/03\/16\/ces-voix-qui-selevent-contre-le-revisionnisme-historique\/","title":{"rendered":"Ces voix qui s&rsquo;\u00e9l\u00e8vent contre le r\u00e9visionnisme historique"},"content":{"rendered":"\n<p>Un mouvement prend forme en France s&rsquo;opposant fermement au r\u00e9visionnisme historique qui tente de minimiser les crimes coloniaux commis en Alg\u00e9rie. Cette dynamique s&rsquo;inscrit dans un contexte o\u00f9 plusieurs voix fran\u00e7aises s&rsquo;\u00e9l\u00e8vent d\u00e9sormais pour d\u00e9noncer les atrocit\u00e9s perp\u00e9tr\u00e9es durant la p\u00e9riode coloniale, malgr\u00e9 les pressions exerc\u00e9es par les milieux politiques conservateurs.<\/p>\n\n\n\n<p>Jean-Michel Apathie, \u00e9ditorialiste respect\u00e9, s&rsquo;est retrouv\u00e9 au c\u0153ur d&rsquo;une temp\u00eate m\u00e9diatique apr\u00e8s avoir os\u00e9 \u00e9tablir un parall\u00e8le entre les massacres d&rsquo;Oradour-sur-Glane et les exactions fran\u00e7aises en Alg\u00e9rie. \u00ab Chaque ann\u00e9e en France, on comm\u00e9more ce qui s&rsquo;est pass\u00e9 \u00e0 Oradour-sur-Glane, c&rsquo;est-\u00e0-dire le massacre de tout un village. Nous en avons fait des centaines en Alg\u00e9rie \u00bb, avait-il d\u00e9clar\u00e9 lors d&rsquo;un d\u00e9bat en \u00e9voquant les massacres de villages entiers les razzias, les d\u00e9capitations, les viols et surtout les enfumades notamment&nbsp; celles de la Dahra. Cette comparaison, factuelle mais incommodante pour une certaine France, qui lui a valu v\u00e9ritable cabale et a pr\u00e9cipit\u00e9 son d\u00e9part de RTL. Cette affaire s&rsquo;inscrit dans un mouvement plus large o\u00f9 des Fran\u00e7ais, journalistes, historiens et chercheurs, bravent les r\u00e9sistances institutionnelles pour mettre en lumi\u00e8re la v\u00e9rit\u00e9 historique concernant la colonisation fran\u00e7aise en Alg\u00e9rie.<\/p>\n\n\n\n<p>Dans ce contexte, le m\u00e9dia ind\u00e9pendant \u00ab\u00a0Streetpress\u00a0\u00bb a r\u00e9cemment consacr\u00e9 une vid\u00e9o \u00e0 Florence Beaug\u00e9, journaliste au Monde, qui avait publi\u00e9 au d\u00e9but des ann\u00e9es 2000 une enqu\u00eate retentissante sur les s\u00e9vices subis par la moudjahida Louisette Ighilahriz pendant la Guerre de lib\u00e9ration nationale. Son article, \u00ab\u00a0Tortur\u00e9e par l&rsquo;Arm\u00e9e fran\u00e7aise en Alg\u00e9rie, Lila recherche l&rsquo;homme qui l&rsquo;a sauv\u00e9e\u00a0\u00bb, paru \u00e0 la Une du Monde le 20 juin 2000, a d\u00e9clench\u00e9 une onde de choc dans l&rsquo;opinion publique fran\u00e7aise. Cette enqu\u00eate courageuse a permis d&rsquo;obtenir des aveux au plus haut niveau de la hi\u00e9rarchie militaire fran\u00e7aise. Le g\u00e9n\u00e9ral Massu a reconnu l&rsquo;usage de la torture en d\u00e9clarant : \u00ab Quand je repense \u00e0 l&rsquo;Alg\u00e9rie, cela me d\u00e9sole, on aurait pu faire diff\u00e9remment \u00bb. Plus troublant encore, Paul Aussaresses, ancien militaire, a r\u00e9v\u00e9l\u00e9 \u00e0 Beaug\u00e9 avoir \u00ab personnellement ex\u00e9cut\u00e9 24 personnes et dirig\u00e9 un escadron de la mort \u00bb, confirmant l&rsquo;existence d&rsquo;un \u00ab syst\u00e8me de torture syst\u00e9matique depuis 1830 \u00bb, tout en avouant qu&rsquo;il \u00ab n&rsquo;avait pas de remord \u00bb. Toutefois, il n&rsquo; a pas manqu\u00e9 d&rsquo;avouer qu&rsquo;il n'\u00a0\u00bbavait pas de remord\u00a0\u00bb. Selon \u00ab\u00a0Streetpress\u00a0\u00bb, les t\u00e9moignages recueillis par la journaliste du Monde ont mis en lumi\u00e8re les diff\u00e9rentes m\u00e9thodes de torture, incluant la torture \u00e0 la baignoire, les exactions corporels, et les ex\u00e9cutions sommaires.<\/p>\n\n\n\n<p><strong>Se rem\u00e9morer les crimes coloniaux oubli\u00e9s<\/strong><\/p>\n\n\n\n<p>Dans ce sillage, un nouveau documentaire, \u00ab\u00a0Alg\u00e9rie, sections armes sp\u00e9ciales\u00a0\u00bb, r\u00e9alis\u00e9 par Claire Billet, apporte des preuves suppl\u00e9mentaires sur l&rsquo;utilisation d&rsquo;armes chimiques prohib\u00e9es par l&rsquo;arm\u00e9e fran\u00e7aise. S&rsquo;appuyant sur dix ann\u00e9es de recherches de l&rsquo;historien Christophe Lafaye, le film recueille des t\u00e9moignages poignants de survivants alg\u00e9riens, comme celui d&rsquo;Amar Aggoun : \u00ab L&rsquo;arm\u00e9e fran\u00e7aise, apr\u00e8s avoir pris d&rsquo;assaut notre hameau \u00e0 l&rsquo;aide d&rsquo;avions de guerre, en y larguant plusieurs bombes, nous a pourchass\u00e9s jusqu&rsquo;\u00e0 une grotte de la r\u00e9gion o\u00f9 nous \u00e9tions all\u00e9s nous r\u00e9fugier. Devant notre refus de sortir de cette grotte, l&rsquo;arm\u00e9e fran\u00e7aise a fait venir des h\u00e9licopt\u00e8res charg\u00e9s de gaz toxiques. \u00bb Le chercheur Amar Mansouri, sp\u00e9cialiste en g\u00e9nie nucl\u00e9aire, a r\u00e9v\u00e9l\u00e9 que \u00ab entre 1830 et 1962, il y a eu 300 utilisations d&rsquo;armes chimiques contre les Alg\u00e9riens, alors que 800 villages ont \u00e9t\u00e9 d\u00e9truits au napalm et 800.000 tonnes de TNT ont \u00e9t\u00e9 d\u00e9vers\u00e9es sur plusieurs r\u00e9gions du sud du pays \u00bb. Il a \u00e9galement document\u00e9 qu&rsquo;en \u00ab 1845, au moins 1.000 personnes de la tribu d&rsquo;Ouled Ryah (Mostaganem) ont \u00e9t\u00e9 tu\u00e9es par asphyxie dans une grotte \u00bb, qualifiant ces actes de \u00ab g\u00e9nocides r\u00e9p\u00e9t\u00e9s \u00bb. Ce mouvement de v\u00e9rit\u00e9 se heurte \u00e0 une r\u00e9sistance farouche des institutions fran\u00e7aises et d&rsquo;une certaine classe politique. Depuis l&rsquo;\u00e8re Sarkozy jusqu&rsquo;aux discours de Marine Le Pen et \u00c9ric Zemmour, une rh\u00e9torique r\u00e9visionniste s&rsquo;est impos\u00e9e, tentant de r\u00e9\u00e9crire l&rsquo;histoire coloniale sous un jour plus favorable. Et face \u00e0 ce mouvement, la r\u00e9sistance au sein des institutions fran\u00e7aises est l\u00e0. Preuve en est la d\u00e9programmation du documentaire de Claire Billet qui devait \u00eatre diffus\u00e9 la semaine derni\u00e8re sur France 5.<\/p>\n\n\n\n<p>Christophe Lafaye t\u00e9moigne pour sa part avoir sollicit\u00e9 \u00e0 plusieurs reprises le minist\u00e8re fran\u00e7ais des Arm\u00e9es pour acc\u00e9der aux archives de la Guerre de lib\u00e9ration, en vain. Il a pourtant pu recenser \u00ab environ 450 op\u00e9rations fran\u00e7aises impliquant l&rsquo;utilisation d&rsquo;armes chimiques en Alg\u00e9rie \u00bb, estimant qu&rsquo;il y a eu \u00ab au total entre 5.000 et 10.000 actions de ce type \u00bb sur l&rsquo;ensemble du territoire alg\u00e9rien.<\/p>\n\n\n\n<p>Cette r\u00e9sistance au n\u00e9gationnisme colonial fait \u00e9cho aux \u00e9crits visionnaires d&rsquo;Aim\u00e9 C\u00e9saire qui, dans son \u00ab\u00a0Discours sur le colonialisme\u00a0\u00bb (1950), d\u00e9non\u00e7ait d\u00e9j\u00e0 la barbarie inh\u00e9rente au syst\u00e8me colonial : \u00ab Entre colonisateur et colonis\u00e9, il n&rsquo;y a de place que pour la corv\u00e9e, l&rsquo;intimidation, la pression, la police, l&rsquo;imp\u00f4t, le vol, le viol, les cultures obligatoires, le m\u00e9pris, la m\u00e9fiance, la morgue, la suffisance, la muflerie, des \u00e9lites d\u00e9c\u00e9r\u00e9br\u00e9es, des masses avilies. \u00bb Face aux d\u00e9fenseurs des pr\u00e9tendus bienfaits de la colonisation, C\u00e9saire r\u00e9pondait : \u00ab On me parle de progr\u00e8s, de &lsquo;r\u00e9alisations&rsquo;, de maladies gu\u00e9ries, de niveaux de vie \u00e9lev\u00e9s au-dessus d&rsquo;eux-m\u00eames. Moi, je parle de soci\u00e9t\u00e9s vid\u00e9es d&rsquo;elles-m\u00eames, de cultures pi\u00e9tin\u00e9es, d&rsquo;institutions min\u00e9es, de terres confisqu\u00e9es, de religions assassin\u00e9es, de magnificences artistiques an\u00e9anties, d&rsquo;extraordinaires possibilit\u00e9s supprim\u00e9es. \u00bb<\/p>\n\n\n\n<p>L&rsquo;affaire Apathie, loin d&rsquo;\u00eatre un incident isol\u00e9, r\u00e9v\u00e8le une dynamique profonde o\u00f9 de plus en plus de Fran\u00e7ais confrontent leur pass\u00e9 colonial avec honn\u00eatet\u00e9. Ces voix qui s&rsquo;\u00e9l\u00e8vent contre le r\u00e9visionnisme, mais font face aux pressions politiques et m\u00e9diatiques. Pour les Alg\u00e9riens, ce mouvement repr\u00e9sente un d\u00e9but de reconnaissance des souffrances endur\u00e9es pendant 132 ans de colonisation qui devra toutefois trouver \u00e9chos au sein des institutions. Il ouvre la voie \u00e0 un dialogue plus \u00e9quilibr\u00e9 entre les deux pays, fond\u00e9 sur la reconnaissance des faits historiques plut\u00f4t que sur leur n\u00e9gation ou leur minimisation. Comme le soulignait C\u00e9saire, \u00ab Une civilisation qui s&rsquo;av\u00e8re incapable de r\u00e9soudre les probl\u00e8mes que suscite son fonctionnement est une civilisation d\u00e9cadente. \u00bb<\/p>\n\n\n\n<p><strong>Hocine Fadheli<\/strong><\/p>\n","protected":false},"excerpt":{"rendered":"<p>Un mouvement prend forme en France s&rsquo;opposant fermement au r\u00e9visionnisme historique qui tente de minimiser les crimes coloniaux commis en<\/p>\n","protected":false},"author":6,"featured_media":64315,"comment_status":"open","ping_status":"closed","sticky":false,"template":"","format":"standard","meta":{"colormag_page_container_layout":"default_layout","colormag_page_sidebar_layout":"default_layout","om_disable_all_campaigns":false,"_monsterinsights_skip_tracking":false,"_monsterinsights_sitenote_active":false,"_monsterinsights_sitenote_note":"","_monsterinsights_sitenote_category":0,"footnotes":"","_wpscppro_dont_share_socialmedia":false,"_wpscppro_custom_social_share_image":0,"_facebook_share_type":"default","_twitter_share_type":"default","_linkedin_share_type":"default","_pinterest_share_type":"default","_linkedin_share_type_page":"","_instagram_share_type":"default","_medium_share_type":"default","_threads_share_type":"","_google_business_share_type":"","_selected_social_profile":[],"_wpsp_enable_custom_social_template":false,"_wpsp_social_scheduling":{"enabled":false,"datetime":null,"platforms":[],"status":"template_only","dateOption":"today","timeOption":"now","customDays":"","customHours":"","customDate":"","customTime":"","schedulingType":"absolute"},"_wpsp_active_default_template":true},"categories":[52,27],"tags":[],"class_list":["post-64314","post","type-post","status-publish","format-standard","has-post-thumbnail","hentry","category-a-la-une","category-actualite"],"aioseo_notices":[],"yoast_head":"<!-- This site is optimized with the Yoast SEO plugin v27.5 - https:\/\/yoast.com\/product\/yoast-seo-wordpress\/ -->\n<title>Ces voix qui s&rsquo;\u00e9l\u00e8vent contre le r\u00e9visionnisme historique - La Sentinelle<\/title>\n<meta name=\"robots\" content=\"index, follow, max-snippet:-1, max-image-preview:large, max-video-preview:-1\" \/>\n<link rel=\"canonical\" href=\"https:\/\/lasentinelle.dz\/index.php\/2025\/03\/16\/ces-voix-qui-selevent-contre-le-revisionnisme-historique\/\" \/>\n<meta property=\"og:locale\" content=\"fr_FR\" \/>\n<meta property=\"og:type\" content=\"article\" \/>\n<meta property=\"og:title\" content=\"Ces voix qui s&rsquo;\u00e9l\u00e8vent contre le r\u00e9visionnisme historique - La Sentinelle\" \/>\n<meta property=\"og:description\" content=\"Un mouvement prend forme en France s&rsquo;opposant fermement au r\u00e9visionnisme historique qui tente de minimiser les crimes coloniaux commis en\" \/>\n<meta property=\"og:url\" content=\"https:\/\/lasentinelle.dz\/index.php\/2025\/03\/16\/ces-voix-qui-selevent-contre-le-revisionnisme-historique\/\" \/>\n<meta property=\"og:site_name\" content=\"La Sentinelle\" \/>\n<meta property=\"article:publisher\" content=\"https:\/\/www.facebook.com\/La-Sentinelle-104059864394773\" \/>\n<meta property=\"article:published_time\" content=\"2025-03-16T11:50:49+00:00\" \/>\n<meta property=\"article:modified_time\" content=\"2025-03-16T11:50:50+00:00\" \/>\n<meta property=\"og:image\" content=\"https:\/\/lasentinelle.dz\/wp-content\/uploads\/2025\/03\/france-crimes-coloniaux.jpg\" \/>\n\t<meta property=\"og:image:width\" content=\"1060\" \/>\n\t<meta property=\"og:image:height\" content=\"800\" \/>\n\t<meta property=\"og:image:type\" content=\"image\/jpeg\" \/>\n<meta name=\"author\" content=\"admin\" \/>\n<meta name=\"twitter:card\" content=\"summary_large_image\" \/>\n<meta name=\"twitter:label1\" content=\"\u00c9crit par\" \/>\n\t<meta name=\"twitter:data1\" content=\"admin\" \/>\n\t<meta name=\"twitter:label2\" content=\"Dur\u00e9e de lecture estim\u00e9e\" \/>\n\t<meta name=\"twitter:data2\" content=\"6 minutes\" \/>\n<script type=\"application\/ld+json\" class=\"yoast-schema-graph\">{\"@context\":\"https:\\\/\\\/schema.org\",\"@graph\":[{\"@type\":\"Article\",\"@id\":\"https:\\\/\\\/lasentinelle.dz\\\/index.php\\\/2025\\\/03\\\/16\\\/ces-voix-qui-selevent-contre-le-revisionnisme-historique\\\/#article\",\"isPartOf\":{\"@id\":\"https:\\\/\\\/lasentinelle.dz\\\/index.php\\\/2025\\\/03\\\/16\\\/ces-voix-qui-selevent-contre-le-revisionnisme-historique\\\/\"},\"author\":{\"name\":\"admin\",\"@id\":\"https:\\\/\\\/lasentinelle.dz\\\/#\\\/schema\\\/person\\\/729ee0024f24e0b8c5ec17232f8e8b41\"},\"headline\":\"Ces voix qui s&rsquo;\u00e9l\u00e8vent contre le r\u00e9visionnisme historique\",\"datePublished\":\"2025-03-16T11:50:49+00:00\",\"dateModified\":\"2025-03-16T11:50:50+00:00\",\"mainEntityOfPage\":{\"@id\":\"https:\\\/\\\/lasentinelle.dz\\\/index.php\\\/2025\\\/03\\\/16\\\/ces-voix-qui-selevent-contre-le-revisionnisme-historique\\\/\"},\"wordCount\":1184,\"commentCount\":0,\"publisher\":{\"@id\":\"https:\\\/\\\/lasentinelle.dz\\\/#organization\"},\"image\":{\"@id\":\"https:\\\/\\\/lasentinelle.dz\\\/index.php\\\/2025\\\/03\\\/16\\\/ces-voix-qui-selevent-contre-le-revisionnisme-historique\\\/#primaryimage\"},\"thumbnailUrl\":\"https:\\\/\\\/lasentinelle.dz\\\/wp-content\\\/uploads\\\/2025\\\/03\\\/france-crimes-coloniaux.jpg\",\"articleSection\":[\"\u00c0 la Une\",\"Actualit\u00e9\"],\"inLanguage\":\"fr-FR\",\"potentialAction\":[{\"@type\":\"CommentAction\",\"name\":\"Comment\",\"target\":[\"https:\\\/\\\/lasentinelle.dz\\\/index.php\\\/2025\\\/03\\\/16\\\/ces-voix-qui-selevent-contre-le-revisionnisme-historique\\\/#respond\"]}]},{\"@type\":\"WebPage\",\"@id\":\"https:\\\/\\\/lasentinelle.dz\\\/index.php\\\/2025\\\/03\\\/16\\\/ces-voix-qui-selevent-contre-le-revisionnisme-historique\\\/\",\"url\":\"https:\\\/\\\/lasentinelle.dz\\\/index.php\\\/2025\\\/03\\\/16\\\/ces-voix-qui-selevent-contre-le-revisionnisme-historique\\\/\",\"name\":\"Ces voix qui s&rsquo;\u00e9l\u00e8vent contre le r\u00e9visionnisme historique - La Sentinelle\",\"isPartOf\":{\"@id\":\"https:\\\/\\\/lasentinelle.dz\\\/#website\"},\"primaryImageOfPage\":{\"@id\":\"https:\\\/\\\/lasentinelle.dz\\\/index.php\\\/2025\\\/03\\\/16\\\/ces-voix-qui-selevent-contre-le-revisionnisme-historique\\\/#primaryimage\"},\"image\":{\"@id\":\"https:\\\/\\\/lasentinelle.dz\\\/index.php\\\/2025\\\/03\\\/16\\\/ces-voix-qui-selevent-contre-le-revisionnisme-historique\\\/#primaryimage\"},\"thumbnailUrl\":\"https:\\\/\\\/lasentinelle.dz\\\/wp-content\\\/uploads\\\/2025\\\/03\\\/france-crimes-coloniaux.jpg\",\"datePublished\":\"2025-03-16T11:50:49+00:00\",\"dateModified\":\"2025-03-16T11:50:50+00:00\",\"breadcrumb\":{\"@id\":\"https:\\\/\\\/lasentinelle.dz\\\/index.php\\\/2025\\\/03\\\/16\\\/ces-voix-qui-selevent-contre-le-revisionnisme-historique\\\/#breadcrumb\"},\"inLanguage\":\"fr-FR\",\"potentialAction\":[{\"@type\":\"ReadAction\",\"target\":[\"https:\\\/\\\/lasentinelle.dz\\\/index.php\\\/2025\\\/03\\\/16\\\/ces-voix-qui-selevent-contre-le-revisionnisme-historique\\\/\"]}]},{\"@type\":\"ImageObject\",\"inLanguage\":\"fr-FR\",\"@id\":\"https:\\\/\\\/lasentinelle.dz\\\/index.php\\\/2025\\\/03\\\/16\\\/ces-voix-qui-selevent-contre-le-revisionnisme-historique\\\/#primaryimage\",\"url\":\"https:\\\/\\\/lasentinelle.dz\\\/wp-content\\\/uploads\\\/2025\\\/03\\\/france-crimes-coloniaux.jpg\",\"contentUrl\":\"https:\\\/\\\/lasentinelle.dz\\\/wp-content\\\/uploads\\\/2025\\\/03\\\/france-crimes-coloniaux.jpg\",\"width\":1060,\"height\":800},{\"@type\":\"BreadcrumbList\",\"@id\":\"https:\\\/\\\/lasentinelle.dz\\\/index.php\\\/2025\\\/03\\\/16\\\/ces-voix-qui-selevent-contre-le-revisionnisme-historique\\\/#breadcrumb\",\"itemListElement\":[{\"@type\":\"ListItem\",\"position\":1,\"name\":\"Accueil\",\"item\":\"https:\\\/\\\/lasentinelle.dz\\\/\"},{\"@type\":\"ListItem\",\"position\":2,\"name\":\"Ces voix qui s&rsquo;\u00e9l\u00e8vent contre le r\u00e9visionnisme historique\"}]},{\"@type\":\"WebSite\",\"@id\":\"https:\\\/\\\/lasentinelle.dz\\\/#website\",\"url\":\"https:\\\/\\\/lasentinelle.dz\\\/\",\"name\":\"La Sentinelle\",\"description\":\"Quotidien national d&#039;information\",\"publisher\":{\"@id\":\"https:\\\/\\\/lasentinelle.dz\\\/#organization\"},\"potentialAction\":[{\"@type\":\"SearchAction\",\"target\":{\"@type\":\"EntryPoint\",\"urlTemplate\":\"https:\\\/\\\/lasentinelle.dz\\\/?s={search_term_string}\"},\"query-input\":{\"@type\":\"PropertyValueSpecification\",\"valueRequired\":true,\"valueName\":\"search_term_string\"}}],\"inLanguage\":\"fr-FR\"},{\"@type\":\"Organization\",\"@id\":\"https:\\\/\\\/lasentinelle.dz\\\/#organization\",\"name\":\"Quotidien La Sentinelle\",\"url\":\"https:\\\/\\\/lasentinelle.dz\\\/\",\"logo\":{\"@type\":\"ImageObject\",\"inLanguage\":\"fr-FR\",\"@id\":\"https:\\\/\\\/lasentinelle.dz\\\/#\\\/schema\\\/logo\\\/image\\\/\",\"url\":\"https:\\\/\\\/lasentinelle.dz\\\/wp-content\\\/uploads\\\/2021\\\/09\\\/logo-sentinelleSLOGAN-1.png\",\"contentUrl\":\"https:\\\/\\\/lasentinelle.dz\\\/wp-content\\\/uploads\\\/2021\\\/09\\\/logo-sentinelleSLOGAN-1.png\",\"width\":615,\"height\":142,\"caption\":\"Quotidien La Sentinelle\"},\"image\":{\"@id\":\"https:\\\/\\\/lasentinelle.dz\\\/#\\\/schema\\\/logo\\\/image\\\/\"},\"sameAs\":[\"https:\\\/\\\/www.facebook.com\\\/La-Sentinelle-104059864394773\"]},{\"@type\":\"Person\",\"@id\":\"https:\\\/\\\/lasentinelle.dz\\\/#\\\/schema\\\/person\\\/729ee0024f24e0b8c5ec17232f8e8b41\",\"name\":\"admin\",\"image\":{\"@type\":\"ImageObject\",\"inLanguage\":\"fr-FR\",\"@id\":\"https:\\\/\\\/secure.gravatar.com\\\/avatar\\\/4c81fed838786e9b53f540bf46533e750f5d292099ae3b66cfc6fb1982e29df7?s=96&d=mm&r=g\",\"url\":\"https:\\\/\\\/secure.gravatar.com\\\/avatar\\\/4c81fed838786e9b53f540bf46533e750f5d292099ae3b66cfc6fb1982e29df7?s=96&d=mm&r=g\",\"contentUrl\":\"https:\\\/\\\/secure.gravatar.com\\\/avatar\\\/4c81fed838786e9b53f540bf46533e750f5d292099ae3b66cfc6fb1982e29df7?s=96&d=mm&r=g\",\"caption\":\"admin\"},\"description\":\"admin\",\"url\":\"https:\\\/\\\/lasentinelle.dz\\\/author\\\/admin\\\/\"}]}<\/script>\n<!-- \/ Yoast SEO plugin. -->","yoast_head_json":{"title":"Ces voix qui s&rsquo;\u00e9l\u00e8vent contre le r\u00e9visionnisme historique - La Sentinelle","robots":{"index":"index","follow":"follow","max-snippet":"max-snippet:-1","max-image-preview":"max-image-preview:large","max-video-preview":"max-video-preview:-1"},"canonical":"https:\/\/lasentinelle.dz\/index.php\/2025\/03\/16\/ces-voix-qui-selevent-contre-le-revisionnisme-historique\/","og_locale":"fr_FR","og_type":"article","og_title":"Ces voix qui s&rsquo;\u00e9l\u00e8vent contre le r\u00e9visionnisme historique - La Sentinelle","og_description":"Un mouvement prend forme en France s&rsquo;opposant fermement au r\u00e9visionnisme historique qui tente de minimiser les crimes coloniaux commis en","og_url":"https:\/\/lasentinelle.dz\/index.php\/2025\/03\/16\/ces-voix-qui-selevent-contre-le-revisionnisme-historique\/","og_site_name":"La Sentinelle","article_publisher":"https:\/\/www.facebook.com\/La-Sentinelle-104059864394773","article_published_time":"2025-03-16T11:50:49+00:00","article_modified_time":"2025-03-16T11:50:50+00:00","og_image":[{"width":1060,"height":800,"url":"https:\/\/lasentinelle.dz\/wp-content\/uploads\/2025\/03\/france-crimes-coloniaux.jpg","type":"image\/jpeg"}],"author":"admin","twitter_card":"summary_large_image","twitter_misc":{"\u00c9crit par":"admin","Dur\u00e9e de lecture estim\u00e9e":"6 minutes"},"schema":{"@context":"https:\/\/schema.org","@graph":[{"@type":"Article","@id":"https:\/\/lasentinelle.dz\/index.php\/2025\/03\/16\/ces-voix-qui-selevent-contre-le-revisionnisme-historique\/#article","isPartOf":{"@id":"https:\/\/lasentinelle.dz\/index.php\/2025\/03\/16\/ces-voix-qui-selevent-contre-le-revisionnisme-historique\/"},"author":{"name":"admin","@id":"https:\/\/lasentinelle.dz\/#\/schema\/person\/729ee0024f24e0b8c5ec17232f8e8b41"},"headline":"Ces voix qui s&rsquo;\u00e9l\u00e8vent contre le r\u00e9visionnisme historique","datePublished":"2025-03-16T11:50:49+00:00","dateModified":"2025-03-16T11:50:50+00:00","mainEntityOfPage":{"@id":"https:\/\/lasentinelle.dz\/index.php\/2025\/03\/16\/ces-voix-qui-selevent-contre-le-revisionnisme-historique\/"},"wordCount":1184,"commentCount":0,"publisher":{"@id":"https:\/\/lasentinelle.dz\/#organization"},"image":{"@id":"https:\/\/lasentinelle.dz\/index.php\/2025\/03\/16\/ces-voix-qui-selevent-contre-le-revisionnisme-historique\/#primaryimage"},"thumbnailUrl":"https:\/\/lasentinelle.dz\/wp-content\/uploads\/2025\/03\/france-crimes-coloniaux.jpg","articleSection":["\u00c0 la Une","Actualit\u00e9"],"inLanguage":"fr-FR","potentialAction":[{"@type":"CommentAction","name":"Comment","target":["https:\/\/lasentinelle.dz\/index.php\/2025\/03\/16\/ces-voix-qui-selevent-contre-le-revisionnisme-historique\/#respond"]}]},{"@type":"WebPage","@id":"https:\/\/lasentinelle.dz\/index.php\/2025\/03\/16\/ces-voix-qui-selevent-contre-le-revisionnisme-historique\/","url":"https:\/\/lasentinelle.dz\/index.php\/2025\/03\/16\/ces-voix-qui-selevent-contre-le-revisionnisme-historique\/","name":"Ces voix qui s&rsquo;\u00e9l\u00e8vent contre le r\u00e9visionnisme historique - La Sentinelle","isPartOf":{"@id":"https:\/\/lasentinelle.dz\/#website"},"primaryImageOfPage":{"@id":"https:\/\/lasentinelle.dz\/index.php\/2025\/03\/16\/ces-voix-qui-selevent-contre-le-revisionnisme-historique\/#primaryimage"},"image":{"@id":"https:\/\/lasentinelle.dz\/index.php\/2025\/03\/16\/ces-voix-qui-selevent-contre-le-revisionnisme-historique\/#primaryimage"},"thumbnailUrl":"https:\/\/lasentinelle.dz\/wp-content\/uploads\/2025\/03\/france-crimes-coloniaux.jpg","datePublished":"2025-03-16T11:50:49+00:00","dateModified":"2025-03-16T11:50:50+00:00","breadcrumb":{"@id":"https:\/\/lasentinelle.dz\/index.php\/2025\/03\/16\/ces-voix-qui-selevent-contre-le-revisionnisme-historique\/#breadcrumb"},"inLanguage":"fr-FR","potentialAction":[{"@type":"ReadAction","target":["https:\/\/lasentinelle.dz\/index.php\/2025\/03\/16\/ces-voix-qui-selevent-contre-le-revisionnisme-historique\/"]}]},{"@type":"ImageObject","inLanguage":"fr-FR","@id":"https:\/\/lasentinelle.dz\/index.php\/2025\/03\/16\/ces-voix-qui-selevent-contre-le-revisionnisme-historique\/#primaryimage","url":"https:\/\/lasentinelle.dz\/wp-content\/uploads\/2025\/03\/france-crimes-coloniaux.jpg","contentUrl":"https:\/\/lasentinelle.dz\/wp-content\/uploads\/2025\/03\/france-crimes-coloniaux.jpg","width":1060,"height":800},{"@type":"BreadcrumbList","@id":"https:\/\/lasentinelle.dz\/index.php\/2025\/03\/16\/ces-voix-qui-selevent-contre-le-revisionnisme-historique\/#breadcrumb","itemListElement":[{"@type":"ListItem","position":1,"name":"Accueil","item":"https:\/\/lasentinelle.dz\/"},{"@type":"ListItem","position":2,"name":"Ces voix qui s&rsquo;\u00e9l\u00e8vent contre le r\u00e9visionnisme historique"}]},{"@type":"WebSite","@id":"https:\/\/lasentinelle.dz\/#website","url":"https:\/\/lasentinelle.dz\/","name":"La Sentinelle","description":"Quotidien national d&#039;information","publisher":{"@id":"https:\/\/lasentinelle.dz\/#organization"},"potentialAction":[{"@type":"SearchAction","target":{"@type":"EntryPoint","urlTemplate":"https:\/\/lasentinelle.dz\/?s={search_term_string}"},"query-input":{"@type":"PropertyValueSpecification","valueRequired":true,"valueName":"search_term_string"}}],"inLanguage":"fr-FR"},{"@type":"Organization","@id":"https:\/\/lasentinelle.dz\/#organization","name":"Quotidien La Sentinelle","url":"https:\/\/lasentinelle.dz\/","logo":{"@type":"ImageObject","inLanguage":"fr-FR","@id":"https:\/\/lasentinelle.dz\/#\/schema\/logo\/image\/","url":"https:\/\/lasentinelle.dz\/wp-content\/uploads\/2021\/09\/logo-sentinelleSLOGAN-1.png","contentUrl":"https:\/\/lasentinelle.dz\/wp-content\/uploads\/2021\/09\/logo-sentinelleSLOGAN-1.png","width":615,"height":142,"caption":"Quotidien La Sentinelle"},"image":{"@id":"https:\/\/lasentinelle.dz\/#\/schema\/logo\/image\/"},"sameAs":["https:\/\/www.facebook.com\/La-Sentinelle-104059864394773"]},{"@type":"Person","@id":"https:\/\/lasentinelle.dz\/#\/schema\/person\/729ee0024f24e0b8c5ec17232f8e8b41","name":"admin","image":{"@type":"ImageObject","inLanguage":"fr-FR","@id":"https:\/\/secure.gravatar.com\/avatar\/4c81fed838786e9b53f540bf46533e750f5d292099ae3b66cfc6fb1982e29df7?s=96&d=mm&r=g","url":"https:\/\/secure.gravatar.com\/avatar\/4c81fed838786e9b53f540bf46533e750f5d292099ae3b66cfc6fb1982e29df7?s=96&d=mm&r=g","contentUrl":"https:\/\/secure.gravatar.com\/avatar\/4c81fed838786e9b53f540bf46533e750f5d292099ae3b66cfc6fb1982e29df7?s=96&d=mm&r=g","caption":"admin"},"description":"admin","url":"https:\/\/lasentinelle.dz\/author\/admin\/"}]}},"_links":{"self":[{"href":"https:\/\/lasentinelle.dz\/index.php\/wp-json\/wp\/v2\/posts\/64314","targetHints":{"allow":["GET"]}}],"collection":[{"href":"https:\/\/lasentinelle.dz\/index.php\/wp-json\/wp\/v2\/posts"}],"about":[{"href":"https:\/\/lasentinelle.dz\/index.php\/wp-json\/wp\/v2\/types\/post"}],"author":[{"embeddable":true,"href":"https:\/\/lasentinelle.dz\/index.php\/wp-json\/wp\/v2\/users\/6"}],"replies":[{"embeddable":true,"href":"https:\/\/lasentinelle.dz\/index.php\/wp-json\/wp\/v2\/comments?post=64314"}],"version-history":[{"count":2,"href":"https:\/\/lasentinelle.dz\/index.php\/wp-json\/wp\/v2\/posts\/64314\/revisions"}],"predecessor-version":[{"id":64317,"href":"https:\/\/lasentinelle.dz\/index.php\/wp-json\/wp\/v2\/posts\/64314\/revisions\/64317"}],"wp:featuredmedia":[{"embeddable":true,"href":"https:\/\/lasentinelle.dz\/index.php\/wp-json\/wp\/v2\/media\/64315"}],"wp:attachment":[{"href":"https:\/\/lasentinelle.dz\/index.php\/wp-json\/wp\/v2\/media?parent=64314"}],"wp:term":[{"taxonomy":"category","embeddable":true,"href":"https:\/\/lasentinelle.dz\/index.php\/wp-json\/wp\/v2\/categories?post=64314"},{"taxonomy":"post_tag","embeddable":true,"href":"https:\/\/lasentinelle.dz\/index.php\/wp-json\/wp\/v2\/tags?post=64314"}],"curies":[{"name":"wp","href":"https:\/\/api.w.org\/{rel}","templated":true}]}}