{"id":64327,"date":"2025-03-13T12:56:05","date_gmt":"2025-03-13T11:56:05","guid":{"rendered":"https:\/\/lasentinelle.dz\/?p=64327"},"modified":"2025-03-16T12:56:56","modified_gmt":"2025-03-16T11:56:56","slug":"il-y-a-onze-seteignait-na-cherifa-le-chant-kabyle-en-heritage","status":"publish","type":"post","link":"https:\/\/lasentinelle.dz\/index.php\/2025\/03\/13\/il-y-a-onze-seteignait-na-cherifa-le-chant-kabyle-en-heritage\/","title":{"rendered":"Il y a onze s&rsquo;\u00e9teignait Na Cherifa : Le chant kabyle en h\u00e9ritage"},"content":{"rendered":"\n<p>\u00c0 une \u00e9poque o\u00f9 le chant f\u00e9minin se cantonnait aux sph\u00e8res intimes des c\u00e9r\u00e9monies familiales, oser s&rsquo;exposer au public relevait d&rsquo;une audace confondante.<\/p>\n\n\n\n<p>Il y a onze ans s&rsquo;\u00e9teignait \u00e0 jamais la voix qui avait d\u00e9fi\u00e9 tous les carcans de son \u00e9poque. Na Cherifa, ic\u00f4ne incontest\u00e9e de la chanson kabyle, nous quittait le 13 mars 2014, emportant avec elle pr\u00e8s d&rsquo;un si\u00e8cle d&rsquo;histoire musicale alg\u00e9rienne. Derri\u00e8re ce nom de sc\u00e8ne r\u00e9sonnant comme un titre honorifique se cachait Ouardia Bouchemal, femme d&rsquo;exception dont la trajectoire fulgurante continue d&rsquo;inspirer g\u00e9n\u00e9rations apr\u00e8s g\u00e9n\u00e9rations. D&rsquo;Akbou \u00e0 Paris, en passant par les studios de la radio nationale d&rsquo;Alger, celle que l&rsquo;on surnomme affectueusement \u00ab\u00a0la m\u00e8re du pr\u00e9lude\u00a0\u00bb (Achewiq) a trac\u00e9 une voie royale pour toutes les artistes f\u00e9minines qui lui ont succ\u00e9d\u00e9, bravant avec une d\u00e9termination sans faille les obstacles dress\u00e9s sur son chemin. \u00c0 une \u00e9poque o\u00f9 le chant f\u00e9minin se cantonnait aux sph\u00e8res intimes des c\u00e9r\u00e9monies familiales, oser s&rsquo;exposer au public relevait d&rsquo;une audace confondante. C&rsquo;est ce que l&rsquo;anthropologue Tassadit Yacine qualifie sans d\u00e9tour de \u00ab\u00a0r\u00e9volution sociale\u00a0\u00bb, r\u00e9f\u00e9rence \u00e0 l&rsquo;\u00e9mergence simultan\u00e9e de Na Cherifa et de la grande H&rsquo;nifa sur la sc\u00e8ne artistique alg\u00e9rienne. L&rsquo;\u00e9mission radiophonique \u00ab\u00a0Urar l&rsquo;Khelath\u00a0\u00bb (f\u00eate de femmes) qu&rsquo;animait Na Cherifa constitua non seulement une plateforme d&rsquo;expression pour une cr\u00e9ation f\u00e9minine jusque-l\u00e0 m\u00e9connue, mais \u00e9galement un formidable tremplin pour la culture kabyle tout enti\u00e8re. \u00ab\u00a0C&rsquo;\u00e9tait une femme \u00e9mancip\u00e9e pour sa g\u00e9n\u00e9ration\u00a0\u00bb, analyse Tassadit Yacine, qui souligne \u00ab\u00a0ses tr\u00e8s beaux textes de penseur libre\u00a0\u00bb. L&rsquo;\u0153uvre de Na Cherifa d\u00e9passe largement le cadre strictement musical : \u00ab\u00a0Elle chante l&rsquo;amour et tout ce que vivait sa soci\u00e9t\u00e9 en dehors de la tradition. Sa cr\u00e9ation avait un puissant ancrage social et politique. Pour cette raison, elle \u00e9tait aussi engag\u00e9e contre le colonialisme\u00a0\u00bb, pr\u00e9cise encore l&rsquo;anthropologue, mettant en lumi\u00e8re \u00ab\u00a0les richesses tant po\u00e9tiques que musicales\u00a0\u00bb d&rsquo;un r\u00e9pertoire d&rsquo;une rare profondeur. N\u00e9e en janvier 1926 \u00e0 El Main, dans la wilaya de Bordj-Bou-Arredj, l&rsquo;artiste laisse derri\u00e8re elle un patrimoine colossal estim\u00e9 \u00e0 un millier de chansons, dont 800 d\u00fbment r\u00e9pertori\u00e9es, le reste s&rsquo;\u00e9tant malheureusement perdu dans les m\u00e9andres du temps ou ayant \u00e9t\u00e9 repris anonymement par d&rsquo;autres interpr\u00e8tes. Son r\u00e9pertoire regorge de joyaux intemporels qui ont travers\u00e9 les d\u00e9cennies sans prendre une ride, comme \u00ab\u00a0Bqa aala Khir aya Akbou\u00a0\u00bb, expression devenue proverbiale en kabyle pour signifier un adieu d\u00e9finitif, \u00ab\u00a0Aya Zerzour\u00a0\u00bb (\u00d4 \u00e9tourneau) ou encore \u00ab\u00a0Idak Erouh\u00a0\u00bb (l&rsquo;\u00e2me est \u00e9puis\u00e9e). Ces succ\u00e8s, pour la plupart enregistr\u00e9s \u00e0 partir de 1952 durant une p\u00e9riode d&rsquo;intense cr\u00e9ativit\u00e9, continuent de fasciner le public et inspirent les nouvelles g\u00e9n\u00e9rations d&rsquo;artistes. Le parcours de Na Cherifa s&rsquo;apparente \u00e0 un roman aux multiples rebondissements, digne d&rsquo;une fresque cin\u00e9matographique. Orpheline tr\u00e8s jeune, elle grandit dans le d\u00e9nuement le plus total, \u00e0 l&rsquo;image de nombreux Alg\u00e9riens sous le joug colonial. Sa jeunesse se partage entre la garde des moutons et les chants improvis\u00e9s dans les champs, seule \u00e9chappatoire \u00e0 une r\u00e9alit\u00e9 oppressante. Consciente de son talent inn\u00e9, elle prend \u00e0 18 ans une d\u00e9cision qui changera \u00e0 jamais le cours de sa vie : quitter son village natal avec pour seul bagage son courage et sa voix exceptionnelle. Son premier arr\u00eat sera Akbou, o\u00f9 elle fait ses d\u00e9buts, avant de rejoindre Alger o\u00f9 elle s&rsquo;\u00e9tablit durablement, notamment \u00e0 la radio nationale. Apr\u00e8s des ann\u00e9es de carri\u00e8re entrecoup\u00e9es de difficult\u00e9s financi\u00e8res, l&rsquo;artiste s&rsquo;exile un temps en France avant de revenir en Alg\u00e9rie dans les ann\u00e9es 70 pour une renaissance artistique. Mais l&rsquo;engagement de Na Cherifa ne se limitait pas \u00e0 sa musique. Profond\u00e9ment marqu\u00e9e par son propre v\u00e9cu, elle consacra une partie importante de sa vie \u00e0 soutenir les plus d\u00e9munis, et tout particuli\u00e8rement les orphelins, reflet douloureux de sa propre enfance. Alger l&rsquo;accueillit jusqu&rsquo;\u00e0 son dernier souffle ce 13 mars 2014, cl\u00f4turant le chapitre d&rsquo;une existence tumultueuse mais passionnante, dont l&rsquo;h\u00e9ritage musical continue de r\u00e9sonner comme un hymne \u00e0 la libert\u00e9 et \u00e0 la r\u00e9silience. Plus qu&rsquo;une simple chanteuse, Na Cherifa demeure un symbole d&rsquo;\u00e9mancipation f\u00e9minine et de r\u00e9sistance culturelle, dont la voix cristalline continue de porter, par-del\u00e0 le temps, l&rsquo;\u00e2me vibrante du chant kabyle.<\/p>\n\n\n\n<p><strong>Mohand Seghir<\/strong><\/p>\n","protected":false},"excerpt":{"rendered":"<p>\u00c0 une \u00e9poque o\u00f9 le chant f\u00e9minin se cantonnait aux sph\u00e8res intimes des c\u00e9r\u00e9monies familiales, oser s&rsquo;exposer au public relevait<\/p>\n","protected":false},"author":6,"featured_media":64328,"comment_status":"open","ping_status":"closed","sticky":false,"template":"","format":"standard","meta":{"colormag_page_container_layout":"default_layout","colormag_page_sidebar_layout":"default_layout","om_disable_all_campaigns":false,"_monsterinsights_skip_tracking":false,"_monsterinsights_sitenote_active":false,"_monsterinsights_sitenote_note":"","_monsterinsights_sitenote_category":0,"footnotes":"","_wpscppro_dont_share_socialmedia":false,"_wpscppro_custom_social_share_image":0,"_facebook_share_type":"default","_twitter_share_type":"default","_linkedin_share_type":"default","_pinterest_share_type":"default","_linkedin_share_type_page":"","_instagram_share_type":"default","_medium_share_type":"default","_threads_share_type":"","_google_business_share_type":"","_selected_social_profile":[],"_wpsp_enable_custom_social_template":false,"_wpsp_social_scheduling":{"enabled":false,"datetime":null,"platforms":[],"status":"template_only","dateOption":"today","timeOption":"now","customDays":"","customHours":"","customDate":"","customTime":"","schedulingType":"absolute"},"_wpsp_active_default_template":true},"categories":[36],"tags":[],"class_list":["post-64327","post","type-post","status-publish","format-standard","has-post-thumbnail","hentry","category-culture"],"aioseo_notices":[],"yoast_head":"<!-- This site is optimized with the Yoast SEO plugin v27.5 - https:\/\/yoast.com\/product\/yoast-seo-wordpress\/ -->\n<title>Il y a onze s&rsquo;\u00e9teignait Na Cherifa : Le chant kabyle en h\u00e9ritage - La Sentinelle<\/title>\n<meta name=\"robots\" content=\"index, follow, max-snippet:-1, max-image-preview:large, max-video-preview:-1\" \/>\n<link rel=\"canonical\" href=\"https:\/\/lasentinelle.dz\/index.php\/2025\/03\/13\/il-y-a-onze-seteignait-na-cherifa-le-chant-kabyle-en-heritage\/\" \/>\n<meta property=\"og:locale\" content=\"fr_FR\" \/>\n<meta property=\"og:type\" content=\"article\" \/>\n<meta property=\"og:title\" content=\"Il y a onze s&rsquo;\u00e9teignait Na Cherifa : Le chant kabyle en h\u00e9ritage - La Sentinelle\" \/>\n<meta property=\"og:description\" content=\"\u00c0 une \u00e9poque o\u00f9 le chant f\u00e9minin se cantonnait aux sph\u00e8res intimes des c\u00e9r\u00e9monies familiales, oser s&rsquo;exposer au public relevait\" \/>\n<meta property=\"og:url\" content=\"https:\/\/lasentinelle.dz\/index.php\/2025\/03\/13\/il-y-a-onze-seteignait-na-cherifa-le-chant-kabyle-en-heritage\/\" \/>\n<meta property=\"og:site_name\" content=\"La Sentinelle\" \/>\n<meta property=\"article:publisher\" content=\"https:\/\/www.facebook.com\/La-Sentinelle-104059864394773\" \/>\n<meta property=\"article:published_time\" content=\"2025-03-13T11:56:05+00:00\" \/>\n<meta property=\"article:modified_time\" content=\"2025-03-16T11:56:56+00:00\" \/>\n<meta property=\"og:image\" content=\"https:\/\/lasentinelle.dz\/wp-content\/uploads\/2025\/03\/Na-Cherifa.jpg\" \/>\n\t<meta property=\"og:image:width\" content=\"850\" \/>\n\t<meta property=\"og:image:height\" content=\"480\" \/>\n\t<meta property=\"og:image:type\" content=\"image\/jpeg\" \/>\n<meta name=\"author\" content=\"admin\" \/>\n<meta name=\"twitter:card\" content=\"summary_large_image\" \/>\n<meta name=\"twitter:label1\" content=\"\u00c9crit par\" \/>\n\t<meta name=\"twitter:data1\" content=\"admin\" \/>\n\t<meta name=\"twitter:label2\" content=\"Dur\u00e9e de lecture estim\u00e9e\" \/>\n\t<meta name=\"twitter:data2\" content=\"4 minutes\" \/>\n<script type=\"application\/ld+json\" class=\"yoast-schema-graph\">{\"@context\":\"https:\\\/\\\/schema.org\",\"@graph\":[{\"@type\":\"Article\",\"@id\":\"https:\\\/\\\/lasentinelle.dz\\\/index.php\\\/2025\\\/03\\\/13\\\/il-y-a-onze-seteignait-na-cherifa-le-chant-kabyle-en-heritage\\\/#article\",\"isPartOf\":{\"@id\":\"https:\\\/\\\/lasentinelle.dz\\\/index.php\\\/2025\\\/03\\\/13\\\/il-y-a-onze-seteignait-na-cherifa-le-chant-kabyle-en-heritage\\\/\"},\"author\":{\"name\":\"admin\",\"@id\":\"https:\\\/\\\/lasentinelle.dz\\\/#\\\/schema\\\/person\\\/729ee0024f24e0b8c5ec17232f8e8b41\"},\"headline\":\"Il y a onze s&rsquo;\u00e9teignait Na Cherifa : Le chant kabyle en h\u00e9ritage\",\"datePublished\":\"2025-03-13T11:56:05+00:00\",\"dateModified\":\"2025-03-16T11:56:56+00:00\",\"mainEntityOfPage\":{\"@id\":\"https:\\\/\\\/lasentinelle.dz\\\/index.php\\\/2025\\\/03\\\/13\\\/il-y-a-onze-seteignait-na-cherifa-le-chant-kabyle-en-heritage\\\/\"},\"wordCount\":800,\"commentCount\":0,\"publisher\":{\"@id\":\"https:\\\/\\\/lasentinelle.dz\\\/#organization\"},\"image\":{\"@id\":\"https:\\\/\\\/lasentinelle.dz\\\/index.php\\\/2025\\\/03\\\/13\\\/il-y-a-onze-seteignait-na-cherifa-le-chant-kabyle-en-heritage\\\/#primaryimage\"},\"thumbnailUrl\":\"https:\\\/\\\/lasentinelle.dz\\\/wp-content\\\/uploads\\\/2025\\\/03\\\/Na-Cherifa.jpg\",\"articleSection\":[\"Culture\"],\"inLanguage\":\"fr-FR\",\"potentialAction\":[{\"@type\":\"CommentAction\",\"name\":\"Comment\",\"target\":[\"https:\\\/\\\/lasentinelle.dz\\\/index.php\\\/2025\\\/03\\\/13\\\/il-y-a-onze-seteignait-na-cherifa-le-chant-kabyle-en-heritage\\\/#respond\"]}]},{\"@type\":\"WebPage\",\"@id\":\"https:\\\/\\\/lasentinelle.dz\\\/index.php\\\/2025\\\/03\\\/13\\\/il-y-a-onze-seteignait-na-cherifa-le-chant-kabyle-en-heritage\\\/\",\"url\":\"https:\\\/\\\/lasentinelle.dz\\\/index.php\\\/2025\\\/03\\\/13\\\/il-y-a-onze-seteignait-na-cherifa-le-chant-kabyle-en-heritage\\\/\",\"name\":\"Il y a onze s&rsquo;\u00e9teignait Na Cherifa : Le chant kabyle en h\u00e9ritage - La Sentinelle\",\"isPartOf\":{\"@id\":\"https:\\\/\\\/lasentinelle.dz\\\/#website\"},\"primaryImageOfPage\":{\"@id\":\"https:\\\/\\\/lasentinelle.dz\\\/index.php\\\/2025\\\/03\\\/13\\\/il-y-a-onze-seteignait-na-cherifa-le-chant-kabyle-en-heritage\\\/#primaryimage\"},\"image\":{\"@id\":\"https:\\\/\\\/lasentinelle.dz\\\/index.php\\\/2025\\\/03\\\/13\\\/il-y-a-onze-seteignait-na-cherifa-le-chant-kabyle-en-heritage\\\/#primaryimage\"},\"thumbnailUrl\":\"https:\\\/\\\/lasentinelle.dz\\\/wp-content\\\/uploads\\\/2025\\\/03\\\/Na-Cherifa.jpg\",\"datePublished\":\"2025-03-13T11:56:05+00:00\",\"dateModified\":\"2025-03-16T11:56:56+00:00\",\"breadcrumb\":{\"@id\":\"https:\\\/\\\/lasentinelle.dz\\\/index.php\\\/2025\\\/03\\\/13\\\/il-y-a-onze-seteignait-na-cherifa-le-chant-kabyle-en-heritage\\\/#breadcrumb\"},\"inLanguage\":\"fr-FR\",\"potentialAction\":[{\"@type\":\"ReadAction\",\"target\":[\"https:\\\/\\\/lasentinelle.dz\\\/index.php\\\/2025\\\/03\\\/13\\\/il-y-a-onze-seteignait-na-cherifa-le-chant-kabyle-en-heritage\\\/\"]}]},{\"@type\":\"ImageObject\",\"inLanguage\":\"fr-FR\",\"@id\":\"https:\\\/\\\/lasentinelle.dz\\\/index.php\\\/2025\\\/03\\\/13\\\/il-y-a-onze-seteignait-na-cherifa-le-chant-kabyle-en-heritage\\\/#primaryimage\",\"url\":\"https:\\\/\\\/lasentinelle.dz\\\/wp-content\\\/uploads\\\/2025\\\/03\\\/Na-Cherifa.jpg\",\"contentUrl\":\"https:\\\/\\\/lasentinelle.dz\\\/wp-content\\\/uploads\\\/2025\\\/03\\\/Na-Cherifa.jpg\",\"width\":850,\"height\":480},{\"@type\":\"BreadcrumbList\",\"@id\":\"https:\\\/\\\/lasentinelle.dz\\\/index.php\\\/2025\\\/03\\\/13\\\/il-y-a-onze-seteignait-na-cherifa-le-chant-kabyle-en-heritage\\\/#breadcrumb\",\"itemListElement\":[{\"@type\":\"ListItem\",\"position\":1,\"name\":\"Accueil\",\"item\":\"https:\\\/\\\/lasentinelle.dz\\\/\"},{\"@type\":\"ListItem\",\"position\":2,\"name\":\"Il y a onze s&rsquo;\u00e9teignait Na Cherifa : Le chant kabyle en h\u00e9ritage\"}]},{\"@type\":\"WebSite\",\"@id\":\"https:\\\/\\\/lasentinelle.dz\\\/#website\",\"url\":\"https:\\\/\\\/lasentinelle.dz\\\/\",\"name\":\"La Sentinelle\",\"description\":\"Quotidien national d&#039;information\",\"publisher\":{\"@id\":\"https:\\\/\\\/lasentinelle.dz\\\/#organization\"},\"potentialAction\":[{\"@type\":\"SearchAction\",\"target\":{\"@type\":\"EntryPoint\",\"urlTemplate\":\"https:\\\/\\\/lasentinelle.dz\\\/?s={search_term_string}\"},\"query-input\":{\"@type\":\"PropertyValueSpecification\",\"valueRequired\":true,\"valueName\":\"search_term_string\"}}],\"inLanguage\":\"fr-FR\"},{\"@type\":\"Organization\",\"@id\":\"https:\\\/\\\/lasentinelle.dz\\\/#organization\",\"name\":\"Quotidien La Sentinelle\",\"url\":\"https:\\\/\\\/lasentinelle.dz\\\/\",\"logo\":{\"@type\":\"ImageObject\",\"inLanguage\":\"fr-FR\",\"@id\":\"https:\\\/\\\/lasentinelle.dz\\\/#\\\/schema\\\/logo\\\/image\\\/\",\"url\":\"https:\\\/\\\/lasentinelle.dz\\\/wp-content\\\/uploads\\\/2021\\\/09\\\/logo-sentinelleSLOGAN-1.png\",\"contentUrl\":\"https:\\\/\\\/lasentinelle.dz\\\/wp-content\\\/uploads\\\/2021\\\/09\\\/logo-sentinelleSLOGAN-1.png\",\"width\":615,\"height\":142,\"caption\":\"Quotidien La Sentinelle\"},\"image\":{\"@id\":\"https:\\\/\\\/lasentinelle.dz\\\/#\\\/schema\\\/logo\\\/image\\\/\"},\"sameAs\":[\"https:\\\/\\\/www.facebook.com\\\/La-Sentinelle-104059864394773\"]},{\"@type\":\"Person\",\"@id\":\"https:\\\/\\\/lasentinelle.dz\\\/#\\\/schema\\\/person\\\/729ee0024f24e0b8c5ec17232f8e8b41\",\"name\":\"admin\",\"image\":{\"@type\":\"ImageObject\",\"inLanguage\":\"fr-FR\",\"@id\":\"https:\\\/\\\/secure.gravatar.com\\\/avatar\\\/4c81fed838786e9b53f540bf46533e750f5d292099ae3b66cfc6fb1982e29df7?s=96&d=mm&r=g\",\"url\":\"https:\\\/\\\/secure.gravatar.com\\\/avatar\\\/4c81fed838786e9b53f540bf46533e750f5d292099ae3b66cfc6fb1982e29df7?s=96&d=mm&r=g\",\"contentUrl\":\"https:\\\/\\\/secure.gravatar.com\\\/avatar\\\/4c81fed838786e9b53f540bf46533e750f5d292099ae3b66cfc6fb1982e29df7?s=96&d=mm&r=g\",\"caption\":\"admin\"},\"description\":\"admin\",\"url\":\"https:\\\/\\\/lasentinelle.dz\\\/author\\\/admin\\\/\"}]}<\/script>\n<!-- \/ Yoast SEO plugin. -->","yoast_head_json":{"title":"Il y a onze s&rsquo;\u00e9teignait Na Cherifa : Le chant kabyle en h\u00e9ritage - La Sentinelle","robots":{"index":"index","follow":"follow","max-snippet":"max-snippet:-1","max-image-preview":"max-image-preview:large","max-video-preview":"max-video-preview:-1"},"canonical":"https:\/\/lasentinelle.dz\/index.php\/2025\/03\/13\/il-y-a-onze-seteignait-na-cherifa-le-chant-kabyle-en-heritage\/","og_locale":"fr_FR","og_type":"article","og_title":"Il y a onze s&rsquo;\u00e9teignait Na Cherifa : Le chant kabyle en h\u00e9ritage - La Sentinelle","og_description":"\u00c0 une \u00e9poque o\u00f9 le chant f\u00e9minin se cantonnait aux sph\u00e8res intimes des c\u00e9r\u00e9monies familiales, oser s&rsquo;exposer au public relevait","og_url":"https:\/\/lasentinelle.dz\/index.php\/2025\/03\/13\/il-y-a-onze-seteignait-na-cherifa-le-chant-kabyle-en-heritage\/","og_site_name":"La Sentinelle","article_publisher":"https:\/\/www.facebook.com\/La-Sentinelle-104059864394773","article_published_time":"2025-03-13T11:56:05+00:00","article_modified_time":"2025-03-16T11:56:56+00:00","og_image":[{"width":850,"height":480,"url":"https:\/\/lasentinelle.dz\/wp-content\/uploads\/2025\/03\/Na-Cherifa.jpg","type":"image\/jpeg"}],"author":"admin","twitter_card":"summary_large_image","twitter_misc":{"\u00c9crit par":"admin","Dur\u00e9e de lecture estim\u00e9e":"4 minutes"},"schema":{"@context":"https:\/\/schema.org","@graph":[{"@type":"Article","@id":"https:\/\/lasentinelle.dz\/index.php\/2025\/03\/13\/il-y-a-onze-seteignait-na-cherifa-le-chant-kabyle-en-heritage\/#article","isPartOf":{"@id":"https:\/\/lasentinelle.dz\/index.php\/2025\/03\/13\/il-y-a-onze-seteignait-na-cherifa-le-chant-kabyle-en-heritage\/"},"author":{"name":"admin","@id":"https:\/\/lasentinelle.dz\/#\/schema\/person\/729ee0024f24e0b8c5ec17232f8e8b41"},"headline":"Il y a onze s&rsquo;\u00e9teignait Na Cherifa : Le chant kabyle en h\u00e9ritage","datePublished":"2025-03-13T11:56:05+00:00","dateModified":"2025-03-16T11:56:56+00:00","mainEntityOfPage":{"@id":"https:\/\/lasentinelle.dz\/index.php\/2025\/03\/13\/il-y-a-onze-seteignait-na-cherifa-le-chant-kabyle-en-heritage\/"},"wordCount":800,"commentCount":0,"publisher":{"@id":"https:\/\/lasentinelle.dz\/#organization"},"image":{"@id":"https:\/\/lasentinelle.dz\/index.php\/2025\/03\/13\/il-y-a-onze-seteignait-na-cherifa-le-chant-kabyle-en-heritage\/#primaryimage"},"thumbnailUrl":"https:\/\/lasentinelle.dz\/wp-content\/uploads\/2025\/03\/Na-Cherifa.jpg","articleSection":["Culture"],"inLanguage":"fr-FR","potentialAction":[{"@type":"CommentAction","name":"Comment","target":["https:\/\/lasentinelle.dz\/index.php\/2025\/03\/13\/il-y-a-onze-seteignait-na-cherifa-le-chant-kabyle-en-heritage\/#respond"]}]},{"@type":"WebPage","@id":"https:\/\/lasentinelle.dz\/index.php\/2025\/03\/13\/il-y-a-onze-seteignait-na-cherifa-le-chant-kabyle-en-heritage\/","url":"https:\/\/lasentinelle.dz\/index.php\/2025\/03\/13\/il-y-a-onze-seteignait-na-cherifa-le-chant-kabyle-en-heritage\/","name":"Il y a onze s&rsquo;\u00e9teignait Na Cherifa : Le chant kabyle en h\u00e9ritage - La Sentinelle","isPartOf":{"@id":"https:\/\/lasentinelle.dz\/#website"},"primaryImageOfPage":{"@id":"https:\/\/lasentinelle.dz\/index.php\/2025\/03\/13\/il-y-a-onze-seteignait-na-cherifa-le-chant-kabyle-en-heritage\/#primaryimage"},"image":{"@id":"https:\/\/lasentinelle.dz\/index.php\/2025\/03\/13\/il-y-a-onze-seteignait-na-cherifa-le-chant-kabyle-en-heritage\/#primaryimage"},"thumbnailUrl":"https:\/\/lasentinelle.dz\/wp-content\/uploads\/2025\/03\/Na-Cherifa.jpg","datePublished":"2025-03-13T11:56:05+00:00","dateModified":"2025-03-16T11:56:56+00:00","breadcrumb":{"@id":"https:\/\/lasentinelle.dz\/index.php\/2025\/03\/13\/il-y-a-onze-seteignait-na-cherifa-le-chant-kabyle-en-heritage\/#breadcrumb"},"inLanguage":"fr-FR","potentialAction":[{"@type":"ReadAction","target":["https:\/\/lasentinelle.dz\/index.php\/2025\/03\/13\/il-y-a-onze-seteignait-na-cherifa-le-chant-kabyle-en-heritage\/"]}]},{"@type":"ImageObject","inLanguage":"fr-FR","@id":"https:\/\/lasentinelle.dz\/index.php\/2025\/03\/13\/il-y-a-onze-seteignait-na-cherifa-le-chant-kabyle-en-heritage\/#primaryimage","url":"https:\/\/lasentinelle.dz\/wp-content\/uploads\/2025\/03\/Na-Cherifa.jpg","contentUrl":"https:\/\/lasentinelle.dz\/wp-content\/uploads\/2025\/03\/Na-Cherifa.jpg","width":850,"height":480},{"@type":"BreadcrumbList","@id":"https:\/\/lasentinelle.dz\/index.php\/2025\/03\/13\/il-y-a-onze-seteignait-na-cherifa-le-chant-kabyle-en-heritage\/#breadcrumb","itemListElement":[{"@type":"ListItem","position":1,"name":"Accueil","item":"https:\/\/lasentinelle.dz\/"},{"@type":"ListItem","position":2,"name":"Il y a onze s&rsquo;\u00e9teignait Na Cherifa : Le chant kabyle en h\u00e9ritage"}]},{"@type":"WebSite","@id":"https:\/\/lasentinelle.dz\/#website","url":"https:\/\/lasentinelle.dz\/","name":"La Sentinelle","description":"Quotidien national d&#039;information","publisher":{"@id":"https:\/\/lasentinelle.dz\/#organization"},"potentialAction":[{"@type":"SearchAction","target":{"@type":"EntryPoint","urlTemplate":"https:\/\/lasentinelle.dz\/?s={search_term_string}"},"query-input":{"@type":"PropertyValueSpecification","valueRequired":true,"valueName":"search_term_string"}}],"inLanguage":"fr-FR"},{"@type":"Organization","@id":"https:\/\/lasentinelle.dz\/#organization","name":"Quotidien La Sentinelle","url":"https:\/\/lasentinelle.dz\/","logo":{"@type":"ImageObject","inLanguage":"fr-FR","@id":"https:\/\/lasentinelle.dz\/#\/schema\/logo\/image\/","url":"https:\/\/lasentinelle.dz\/wp-content\/uploads\/2021\/09\/logo-sentinelleSLOGAN-1.png","contentUrl":"https:\/\/lasentinelle.dz\/wp-content\/uploads\/2021\/09\/logo-sentinelleSLOGAN-1.png","width":615,"height":142,"caption":"Quotidien La Sentinelle"},"image":{"@id":"https:\/\/lasentinelle.dz\/#\/schema\/logo\/image\/"},"sameAs":["https:\/\/www.facebook.com\/La-Sentinelle-104059864394773"]},{"@type":"Person","@id":"https:\/\/lasentinelle.dz\/#\/schema\/person\/729ee0024f24e0b8c5ec17232f8e8b41","name":"admin","image":{"@type":"ImageObject","inLanguage":"fr-FR","@id":"https:\/\/secure.gravatar.com\/avatar\/4c81fed838786e9b53f540bf46533e750f5d292099ae3b66cfc6fb1982e29df7?s=96&d=mm&r=g","url":"https:\/\/secure.gravatar.com\/avatar\/4c81fed838786e9b53f540bf46533e750f5d292099ae3b66cfc6fb1982e29df7?s=96&d=mm&r=g","contentUrl":"https:\/\/secure.gravatar.com\/avatar\/4c81fed838786e9b53f540bf46533e750f5d292099ae3b66cfc6fb1982e29df7?s=96&d=mm&r=g","caption":"admin"},"description":"admin","url":"https:\/\/lasentinelle.dz\/author\/admin\/"}]}},"_links":{"self":[{"href":"https:\/\/lasentinelle.dz\/index.php\/wp-json\/wp\/v2\/posts\/64327","targetHints":{"allow":["GET"]}}],"collection":[{"href":"https:\/\/lasentinelle.dz\/index.php\/wp-json\/wp\/v2\/posts"}],"about":[{"href":"https:\/\/lasentinelle.dz\/index.php\/wp-json\/wp\/v2\/types\/post"}],"author":[{"embeddable":true,"href":"https:\/\/lasentinelle.dz\/index.php\/wp-json\/wp\/v2\/users\/6"}],"replies":[{"embeddable":true,"href":"https:\/\/lasentinelle.dz\/index.php\/wp-json\/wp\/v2\/comments?post=64327"}],"version-history":[{"count":2,"href":"https:\/\/lasentinelle.dz\/index.php\/wp-json\/wp\/v2\/posts\/64327\/revisions"}],"predecessor-version":[{"id":64330,"href":"https:\/\/lasentinelle.dz\/index.php\/wp-json\/wp\/v2\/posts\/64327\/revisions\/64330"}],"wp:featuredmedia":[{"embeddable":true,"href":"https:\/\/lasentinelle.dz\/index.php\/wp-json\/wp\/v2\/media\/64328"}],"wp:attachment":[{"href":"https:\/\/lasentinelle.dz\/index.php\/wp-json\/wp\/v2\/media?parent=64327"}],"wp:term":[{"taxonomy":"category","embeddable":true,"href":"https:\/\/lasentinelle.dz\/index.php\/wp-json\/wp\/v2\/categories?post=64327"},{"taxonomy":"post_tag","embeddable":true,"href":"https:\/\/lasentinelle.dz\/index.php\/wp-json\/wp\/v2\/tags?post=64327"}],"curies":[{"name":"wp","href":"https:\/\/api.w.org\/{rel}","templated":true}]}}