{"id":64336,"date":"2025-03-13T12:58:21","date_gmt":"2025-03-13T11:58:21","guid":{"rendered":"https:\/\/lasentinelle.dz\/?p=64336"},"modified":"2025-03-16T12:58:53","modified_gmt":"2025-03-16T11:58:53","slug":"caf-walid-sadi-elu-par-acclamation-integre-le-comite-executif","status":"publish","type":"post","link":"https:\/\/lasentinelle.dz\/index.php\/2025\/03\/13\/caf-walid-sadi-elu-par-acclamation-integre-le-comite-executif\/","title":{"rendered":"CAF: Walid Sadi, \u00e9lu par acclamation, int\u00e8gre le Comit\u00e9 ex\u00e9cutif"},"content":{"rendered":"\n<p>Le pr\u00e9sident de la F\u00e9d\u00e9ration alg\u00e9rienne de football (FAF), Walid Sadi, a \u00e9t\u00e9 \u00e9lu hier par acclamation au sein du Bureau ex\u00e9cutif de la Conf\u00e9d\u00e9ration africaine de football (CAF), lors de la 14e Assembl\u00e9e g\u00e9n\u00e9rale extraordinaire qui s&rsquo;est tenue dans la capitale \u00e9gyptienne le Caire.<\/p>\n\n\n\n<p>eul candidat \u00e9ligible pour la r\u00e9gion Nord du continent apr\u00e8s le retrait du Tunisien Hussein Jenayeh, l&rsquo;Alg\u00e9rien a \u00e9t\u00e9 \u00e9lu, par acclamation, par les membres de l&rsquo;Assembl\u00e9e g\u00e9n\u00e9rale extraordinaire de la CAF. Son \u00e9lection incontest\u00e9e t\u00e9moigne de la confiance accord\u00e9e par l&rsquo;ensemble des membres de l&rsquo;Assembl\u00e9e g\u00e9n\u00e9rale extraordinaire de la CAF, reconnaissant ainsi le travail accompli par Sadi \u00e0 la t\u00eate de la FAF et son engagement pour le d\u00e9veloppement du football nord-africain. Elle marque aussi le retour de l&rsquo;Alg\u00e9rie au Comex de la CAF apr\u00e8s huit ans d&rsquo;absence. Avant m\u00eame cette \u00e9lection au Bureau ex\u00e9cutif, Walid Sadi avait d\u00e9j\u00e0 fait montre de son leadership en pr\u00e9sidant, en sa qualit\u00e9 de pr\u00e9sident par int\u00e9rim, l&rsquo;Assembl\u00e9e g\u00e9n\u00e9rale de l&rsquo;Union Nord-Africaine de Football (UNAF) qui s&rsquo;est tenue la veille au Caire. Durant cette r\u00e9union, plusieurs d\u00e9cisions strat\u00e9giques ont \u00e9t\u00e9 adopt\u00e9es, notamment la nomination de l&rsquo;\u00c9gyptien Hani Abou Rida pour achever le mandat de son compatriote Gamal Allam \u00e0 la pr\u00e9sidence de l&rsquo;UNAF, ainsi que la mise en place d&rsquo;un programme d&rsquo;\u00e9change d&rsquo;arbitres entre les f\u00e9d\u00e9rations nationales membres pour les comp\u00e9titions locales. Cette initiative vise \u00e0 am\u00e9liorer la qualit\u00e9 de l&rsquo;arbitrage dans la r\u00e9gion et d\u00e9montre la vision progressiste de Sadi pour le football nord-africain. Le m\u00eame jour, toujours en tant que pr\u00e9sident int\u00e9rimaire de l&rsquo;UNAF, il a \u00e9galement particip\u00e9 \u00e0 la derni\u00e8re r\u00e9union du Comit\u00e9 Ex\u00e9cutif sortant de la CAF. Les discussions ont principalement port\u00e9 sur la Coupe d&rsquo;Afrique des Nations U-20 TotalEnergies, les phases finales de la Ligue des Champions F\u00e9minine de la CAF et l&rsquo;Association des Clubs Africains, soulignant ainsi son implication active dans les affaires continentales avant m\u00eame son \u00e9lection officielle. Cette \u00e9lection de Walid Sadi au Bureau ex\u00e9cutif de la CAF s&rsquo;inscrit dans une dynamique de renouvellement des instances dirigeantes du football africain. Il rejoint d\u00e9sormais d&rsquo;autres figures importantes du football continental au sein de ce Bureau, comme le Tanzanien Wallace John Karia pour la r\u00e9gion Est et Centre, le Lib\u00e9rien Mustafa Raji pour la r\u00e9gion Ouest A, le Ghan\u00e9en Kurt Okraku pour la r\u00e9gion Ouest B, ainsi que Bestine Kazadi de la R\u00e9publique d\u00e9mocratique du Congo qui occupe le si\u00e8ge r\u00e9serv\u00e9 aux femmes. Tous ces candidats ont \u00e9galement \u00e9t\u00e9 \u00e9lus sans opposition dans leurs r\u00e9gions respectives. Pour le football alg\u00e9rien, cette \u00e9lection repr\u00e9sente une opportunit\u00e9 majeure d&rsquo;avoir une voix influente au sein des instances d\u00e9cisionnelles du football africain. En tant que membre du Bureau ex\u00e9cutif de la CAF, Walid Sadi sera en mesure de d\u00e9fendre les int\u00e9r\u00eats du football alg\u00e9rien tout en contribuant au d\u00e9veloppement du football \u00e0 l&rsquo;\u00e9chelle continentale. Sa pr\u00e9sence pourrait faciliter la mise en \u0153uvre de nouvelles initiatives b\u00e9n\u00e9fiques non seulement pour l&rsquo;Alg\u00e9rie mais pour l&rsquo;ensemble du football nord-africain. Cette Assembl\u00e9e g\u00e9n\u00e9rale extraordinaire a \u00e9galement vu la reconduction du Sud-Africain Patrice Motsepe \u00e0 la pr\u00e9sidence de la CAF pour un nouveau mandat jusqu&rsquo;en 2029. Seul candidat en lice, Motsepe a \u00e9t\u00e9 r\u00e9\u00e9lu par acclamation. Le propri\u00e9taire du club de Mamelodi Sundowns avait acc\u00e9d\u00e9 \u00e0 la pr\u00e9sidence en mars 2021, succ\u00e9dant au Malgache Ahmad Ahmad. L&rsquo;\u00e9lection de Walid Sadi au Bureau ex\u00e9cutif de la CAF marque donc une \u00e9tape importante pour le football alg\u00e9rien qui gagne en influence sur la sc\u00e8ne africaine. Cette nomination vient couronner les efforts d\u00e9ploy\u00e9s par le pr\u00e9sident de la FAF qui aura d\u00e9sormais la responsabilit\u00e9 de contribuer activement aux d\u00e9cisions strat\u00e9giques qui fa\u00e7onneront l&rsquo;avenir du football africain pour les ann\u00e9es \u00e0 venir.<\/p>\n\n\n\n<p><strong>Moncef D.<\/strong><\/p>\n","protected":false},"excerpt":{"rendered":"<p>Le pr\u00e9sident de la F\u00e9d\u00e9ration alg\u00e9rienne de football (FAF), Walid Sadi, a \u00e9t\u00e9 \u00e9lu hier par acclamation au sein du<\/p>\n","protected":false},"author":6,"featured_media":64337,"comment_status":"open","ping_status":"closed","sticky":false,"template":"","format":"standard","meta":{"colormag_page_container_layout":"default_layout","colormag_page_sidebar_layout":"default_layout","om_disable_all_campaigns":false,"_monsterinsights_skip_tracking":false,"_monsterinsights_sitenote_active":false,"_monsterinsights_sitenote_note":"","_monsterinsights_sitenote_category":0,"footnotes":"","_wpscppro_dont_share_socialmedia":false,"_wpscppro_custom_social_share_image":0,"_facebook_share_type":"default","_twitter_share_type":"default","_linkedin_share_type":"default","_pinterest_share_type":"default","_linkedin_share_type_page":"","_instagram_share_type":"default","_medium_share_type":"default","_threads_share_type":"","_google_business_share_type":"","_selected_social_profile":[],"_wpsp_enable_custom_social_template":false,"_wpsp_social_scheduling":{"enabled":false,"datetime":null,"platforms":[],"status":"template_only","dateOption":"today","timeOption":"now","customDays":"","customHours":"","customDate":"","customTime":"","schedulingType":"absolute"},"_wpsp_active_default_template":true},"categories":[33],"tags":[],"class_list":["post-64336","post","type-post","status-publish","format-standard","has-post-thumbnail","hentry","category-sports"],"aioseo_notices":[],"yoast_head":"<!-- This site is optimized with the Yoast SEO plugin v27.5 - https:\/\/yoast.com\/product\/yoast-seo-wordpress\/ -->\n<title>CAF: Walid Sadi, \u00e9lu par acclamation, int\u00e8gre le Comit\u00e9 ex\u00e9cutif - La Sentinelle<\/title>\n<meta name=\"robots\" content=\"index, follow, max-snippet:-1, max-image-preview:large, max-video-preview:-1\" \/>\n<link rel=\"canonical\" href=\"https:\/\/lasentinelle.dz\/index.php\/2025\/03\/13\/caf-walid-sadi-elu-par-acclamation-integre-le-comite-executif\/\" \/>\n<meta property=\"og:locale\" content=\"fr_FR\" \/>\n<meta property=\"og:type\" content=\"article\" \/>\n<meta property=\"og:title\" content=\"CAF: Walid Sadi, \u00e9lu par acclamation, int\u00e8gre le Comit\u00e9 ex\u00e9cutif - La Sentinelle\" \/>\n<meta property=\"og:description\" content=\"Le pr\u00e9sident de la F\u00e9d\u00e9ration alg\u00e9rienne de football (FAF), Walid Sadi, a \u00e9t\u00e9 \u00e9lu hier par acclamation au sein du\" \/>\n<meta property=\"og:url\" content=\"https:\/\/lasentinelle.dz\/index.php\/2025\/03\/13\/caf-walid-sadi-elu-par-acclamation-integre-le-comite-executif\/\" \/>\n<meta property=\"og:site_name\" content=\"La Sentinelle\" \/>\n<meta property=\"article:publisher\" content=\"https:\/\/www.facebook.com\/La-Sentinelle-104059864394773\" \/>\n<meta property=\"article:published_time\" content=\"2025-03-13T11:58:21+00:00\" \/>\n<meta property=\"article:modified_time\" content=\"2025-03-16T11:58:53+00:00\" \/>\n<meta property=\"og:image\" content=\"https:\/\/lasentinelle.dz\/wp-content\/uploads\/2025\/03\/Sadi.jpg\" \/>\n\t<meta property=\"og:image:width\" content=\"1440\" \/>\n\t<meta property=\"og:image:height\" content=\"960\" \/>\n\t<meta property=\"og:image:type\" content=\"image\/jpeg\" \/>\n<meta name=\"author\" content=\"admin\" \/>\n<meta name=\"twitter:card\" content=\"summary_large_image\" \/>\n<meta name=\"twitter:label1\" content=\"\u00c9crit par\" \/>\n\t<meta name=\"twitter:data1\" content=\"admin\" \/>\n\t<meta name=\"twitter:label2\" content=\"Dur\u00e9e de lecture estim\u00e9e\" \/>\n\t<meta name=\"twitter:data2\" content=\"4 minutes\" \/>\n<script type=\"application\/ld+json\" class=\"yoast-schema-graph\">{\"@context\":\"https:\\\/\\\/schema.org\",\"@graph\":[{\"@type\":\"Article\",\"@id\":\"https:\\\/\\\/lasentinelle.dz\\\/index.php\\\/2025\\\/03\\\/13\\\/caf-walid-sadi-elu-par-acclamation-integre-le-comite-executif\\\/#article\",\"isPartOf\":{\"@id\":\"https:\\\/\\\/lasentinelle.dz\\\/index.php\\\/2025\\\/03\\\/13\\\/caf-walid-sadi-elu-par-acclamation-integre-le-comite-executif\\\/\"},\"author\":{\"name\":\"admin\",\"@id\":\"https:\\\/\\\/lasentinelle.dz\\\/#\\\/schema\\\/person\\\/729ee0024f24e0b8c5ec17232f8e8b41\"},\"headline\":\"CAF: Walid Sadi, \u00e9lu par acclamation, int\u00e8gre le Comit\u00e9 ex\u00e9cutif\",\"datePublished\":\"2025-03-13T11:58:21+00:00\",\"dateModified\":\"2025-03-16T11:58:53+00:00\",\"mainEntityOfPage\":{\"@id\":\"https:\\\/\\\/lasentinelle.dz\\\/index.php\\\/2025\\\/03\\\/13\\\/caf-walid-sadi-elu-par-acclamation-integre-le-comite-executif\\\/\"},\"wordCount\":738,\"commentCount\":0,\"publisher\":{\"@id\":\"https:\\\/\\\/lasentinelle.dz\\\/#organization\"},\"image\":{\"@id\":\"https:\\\/\\\/lasentinelle.dz\\\/index.php\\\/2025\\\/03\\\/13\\\/caf-walid-sadi-elu-par-acclamation-integre-le-comite-executif\\\/#primaryimage\"},\"thumbnailUrl\":\"https:\\\/\\\/lasentinelle.dz\\\/wp-content\\\/uploads\\\/2025\\\/03\\\/Sadi.jpg\",\"articleSection\":[\"Sports\"],\"inLanguage\":\"fr-FR\",\"potentialAction\":[{\"@type\":\"CommentAction\",\"name\":\"Comment\",\"target\":[\"https:\\\/\\\/lasentinelle.dz\\\/index.php\\\/2025\\\/03\\\/13\\\/caf-walid-sadi-elu-par-acclamation-integre-le-comite-executif\\\/#respond\"]}]},{\"@type\":\"WebPage\",\"@id\":\"https:\\\/\\\/lasentinelle.dz\\\/index.php\\\/2025\\\/03\\\/13\\\/caf-walid-sadi-elu-par-acclamation-integre-le-comite-executif\\\/\",\"url\":\"https:\\\/\\\/lasentinelle.dz\\\/index.php\\\/2025\\\/03\\\/13\\\/caf-walid-sadi-elu-par-acclamation-integre-le-comite-executif\\\/\",\"name\":\"CAF: Walid Sadi, \u00e9lu par acclamation, int\u00e8gre le Comit\u00e9 ex\u00e9cutif - La Sentinelle\",\"isPartOf\":{\"@id\":\"https:\\\/\\\/lasentinelle.dz\\\/#website\"},\"primaryImageOfPage\":{\"@id\":\"https:\\\/\\\/lasentinelle.dz\\\/index.php\\\/2025\\\/03\\\/13\\\/caf-walid-sadi-elu-par-acclamation-integre-le-comite-executif\\\/#primaryimage\"},\"image\":{\"@id\":\"https:\\\/\\\/lasentinelle.dz\\\/index.php\\\/2025\\\/03\\\/13\\\/caf-walid-sadi-elu-par-acclamation-integre-le-comite-executif\\\/#primaryimage\"},\"thumbnailUrl\":\"https:\\\/\\\/lasentinelle.dz\\\/wp-content\\\/uploads\\\/2025\\\/03\\\/Sadi.jpg\",\"datePublished\":\"2025-03-13T11:58:21+00:00\",\"dateModified\":\"2025-03-16T11:58:53+00:00\",\"breadcrumb\":{\"@id\":\"https:\\\/\\\/lasentinelle.dz\\\/index.php\\\/2025\\\/03\\\/13\\\/caf-walid-sadi-elu-par-acclamation-integre-le-comite-executif\\\/#breadcrumb\"},\"inLanguage\":\"fr-FR\",\"potentialAction\":[{\"@type\":\"ReadAction\",\"target\":[\"https:\\\/\\\/lasentinelle.dz\\\/index.php\\\/2025\\\/03\\\/13\\\/caf-walid-sadi-elu-par-acclamation-integre-le-comite-executif\\\/\"]}]},{\"@type\":\"ImageObject\",\"inLanguage\":\"fr-FR\",\"@id\":\"https:\\\/\\\/lasentinelle.dz\\\/index.php\\\/2025\\\/03\\\/13\\\/caf-walid-sadi-elu-par-acclamation-integre-le-comite-executif\\\/#primaryimage\",\"url\":\"https:\\\/\\\/lasentinelle.dz\\\/wp-content\\\/uploads\\\/2025\\\/03\\\/Sadi.jpg\",\"contentUrl\":\"https:\\\/\\\/lasentinelle.dz\\\/wp-content\\\/uploads\\\/2025\\\/03\\\/Sadi.jpg\",\"width\":1440,\"height\":960},{\"@type\":\"BreadcrumbList\",\"@id\":\"https:\\\/\\\/lasentinelle.dz\\\/index.php\\\/2025\\\/03\\\/13\\\/caf-walid-sadi-elu-par-acclamation-integre-le-comite-executif\\\/#breadcrumb\",\"itemListElement\":[{\"@type\":\"ListItem\",\"position\":1,\"name\":\"Accueil\",\"item\":\"https:\\\/\\\/lasentinelle.dz\\\/\"},{\"@type\":\"ListItem\",\"position\":2,\"name\":\"CAF: Walid Sadi, \u00e9lu par acclamation, int\u00e8gre le Comit\u00e9 ex\u00e9cutif\"}]},{\"@type\":\"WebSite\",\"@id\":\"https:\\\/\\\/lasentinelle.dz\\\/#website\",\"url\":\"https:\\\/\\\/lasentinelle.dz\\\/\",\"name\":\"La Sentinelle\",\"description\":\"Quotidien national d&#039;information\",\"publisher\":{\"@id\":\"https:\\\/\\\/lasentinelle.dz\\\/#organization\"},\"potentialAction\":[{\"@type\":\"SearchAction\",\"target\":{\"@type\":\"EntryPoint\",\"urlTemplate\":\"https:\\\/\\\/lasentinelle.dz\\\/?s={search_term_string}\"},\"query-input\":{\"@type\":\"PropertyValueSpecification\",\"valueRequired\":true,\"valueName\":\"search_term_string\"}}],\"inLanguage\":\"fr-FR\"},{\"@type\":\"Organization\",\"@id\":\"https:\\\/\\\/lasentinelle.dz\\\/#organization\",\"name\":\"Quotidien La Sentinelle\",\"url\":\"https:\\\/\\\/lasentinelle.dz\\\/\",\"logo\":{\"@type\":\"ImageObject\",\"inLanguage\":\"fr-FR\",\"@id\":\"https:\\\/\\\/lasentinelle.dz\\\/#\\\/schema\\\/logo\\\/image\\\/\",\"url\":\"https:\\\/\\\/lasentinelle.dz\\\/wp-content\\\/uploads\\\/2021\\\/09\\\/logo-sentinelleSLOGAN-1.png\",\"contentUrl\":\"https:\\\/\\\/lasentinelle.dz\\\/wp-content\\\/uploads\\\/2021\\\/09\\\/logo-sentinelleSLOGAN-1.png\",\"width\":615,\"height\":142,\"caption\":\"Quotidien La Sentinelle\"},\"image\":{\"@id\":\"https:\\\/\\\/lasentinelle.dz\\\/#\\\/schema\\\/logo\\\/image\\\/\"},\"sameAs\":[\"https:\\\/\\\/www.facebook.com\\\/La-Sentinelle-104059864394773\"]},{\"@type\":\"Person\",\"@id\":\"https:\\\/\\\/lasentinelle.dz\\\/#\\\/schema\\\/person\\\/729ee0024f24e0b8c5ec17232f8e8b41\",\"name\":\"admin\",\"image\":{\"@type\":\"ImageObject\",\"inLanguage\":\"fr-FR\",\"@id\":\"https:\\\/\\\/secure.gravatar.com\\\/avatar\\\/4c81fed838786e9b53f540bf46533e750f5d292099ae3b66cfc6fb1982e29df7?s=96&d=mm&r=g\",\"url\":\"https:\\\/\\\/secure.gravatar.com\\\/avatar\\\/4c81fed838786e9b53f540bf46533e750f5d292099ae3b66cfc6fb1982e29df7?s=96&d=mm&r=g\",\"contentUrl\":\"https:\\\/\\\/secure.gravatar.com\\\/avatar\\\/4c81fed838786e9b53f540bf46533e750f5d292099ae3b66cfc6fb1982e29df7?s=96&d=mm&r=g\",\"caption\":\"admin\"},\"description\":\"admin\",\"url\":\"https:\\\/\\\/lasentinelle.dz\\\/author\\\/admin\\\/\"}]}<\/script>\n<!-- \/ Yoast SEO plugin. -->","yoast_head_json":{"title":"CAF: Walid Sadi, \u00e9lu par acclamation, int\u00e8gre le Comit\u00e9 ex\u00e9cutif - La Sentinelle","robots":{"index":"index","follow":"follow","max-snippet":"max-snippet:-1","max-image-preview":"max-image-preview:large","max-video-preview":"max-video-preview:-1"},"canonical":"https:\/\/lasentinelle.dz\/index.php\/2025\/03\/13\/caf-walid-sadi-elu-par-acclamation-integre-le-comite-executif\/","og_locale":"fr_FR","og_type":"article","og_title":"CAF: Walid Sadi, \u00e9lu par acclamation, int\u00e8gre le Comit\u00e9 ex\u00e9cutif - La Sentinelle","og_description":"Le pr\u00e9sident de la F\u00e9d\u00e9ration alg\u00e9rienne de football (FAF), Walid Sadi, a \u00e9t\u00e9 \u00e9lu hier par acclamation au sein du","og_url":"https:\/\/lasentinelle.dz\/index.php\/2025\/03\/13\/caf-walid-sadi-elu-par-acclamation-integre-le-comite-executif\/","og_site_name":"La Sentinelle","article_publisher":"https:\/\/www.facebook.com\/La-Sentinelle-104059864394773","article_published_time":"2025-03-13T11:58:21+00:00","article_modified_time":"2025-03-16T11:58:53+00:00","og_image":[{"width":1440,"height":960,"url":"https:\/\/lasentinelle.dz\/wp-content\/uploads\/2025\/03\/Sadi.jpg","type":"image\/jpeg"}],"author":"admin","twitter_card":"summary_large_image","twitter_misc":{"\u00c9crit par":"admin","Dur\u00e9e de lecture estim\u00e9e":"4 minutes"},"schema":{"@context":"https:\/\/schema.org","@graph":[{"@type":"Article","@id":"https:\/\/lasentinelle.dz\/index.php\/2025\/03\/13\/caf-walid-sadi-elu-par-acclamation-integre-le-comite-executif\/#article","isPartOf":{"@id":"https:\/\/lasentinelle.dz\/index.php\/2025\/03\/13\/caf-walid-sadi-elu-par-acclamation-integre-le-comite-executif\/"},"author":{"name":"admin","@id":"https:\/\/lasentinelle.dz\/#\/schema\/person\/729ee0024f24e0b8c5ec17232f8e8b41"},"headline":"CAF: Walid Sadi, \u00e9lu par acclamation, int\u00e8gre le Comit\u00e9 ex\u00e9cutif","datePublished":"2025-03-13T11:58:21+00:00","dateModified":"2025-03-16T11:58:53+00:00","mainEntityOfPage":{"@id":"https:\/\/lasentinelle.dz\/index.php\/2025\/03\/13\/caf-walid-sadi-elu-par-acclamation-integre-le-comite-executif\/"},"wordCount":738,"commentCount":0,"publisher":{"@id":"https:\/\/lasentinelle.dz\/#organization"},"image":{"@id":"https:\/\/lasentinelle.dz\/index.php\/2025\/03\/13\/caf-walid-sadi-elu-par-acclamation-integre-le-comite-executif\/#primaryimage"},"thumbnailUrl":"https:\/\/lasentinelle.dz\/wp-content\/uploads\/2025\/03\/Sadi.jpg","articleSection":["Sports"],"inLanguage":"fr-FR","potentialAction":[{"@type":"CommentAction","name":"Comment","target":["https:\/\/lasentinelle.dz\/index.php\/2025\/03\/13\/caf-walid-sadi-elu-par-acclamation-integre-le-comite-executif\/#respond"]}]},{"@type":"WebPage","@id":"https:\/\/lasentinelle.dz\/index.php\/2025\/03\/13\/caf-walid-sadi-elu-par-acclamation-integre-le-comite-executif\/","url":"https:\/\/lasentinelle.dz\/index.php\/2025\/03\/13\/caf-walid-sadi-elu-par-acclamation-integre-le-comite-executif\/","name":"CAF: Walid Sadi, \u00e9lu par acclamation, int\u00e8gre le Comit\u00e9 ex\u00e9cutif - La Sentinelle","isPartOf":{"@id":"https:\/\/lasentinelle.dz\/#website"},"primaryImageOfPage":{"@id":"https:\/\/lasentinelle.dz\/index.php\/2025\/03\/13\/caf-walid-sadi-elu-par-acclamation-integre-le-comite-executif\/#primaryimage"},"image":{"@id":"https:\/\/lasentinelle.dz\/index.php\/2025\/03\/13\/caf-walid-sadi-elu-par-acclamation-integre-le-comite-executif\/#primaryimage"},"thumbnailUrl":"https:\/\/lasentinelle.dz\/wp-content\/uploads\/2025\/03\/Sadi.jpg","datePublished":"2025-03-13T11:58:21+00:00","dateModified":"2025-03-16T11:58:53+00:00","breadcrumb":{"@id":"https:\/\/lasentinelle.dz\/index.php\/2025\/03\/13\/caf-walid-sadi-elu-par-acclamation-integre-le-comite-executif\/#breadcrumb"},"inLanguage":"fr-FR","potentialAction":[{"@type":"ReadAction","target":["https:\/\/lasentinelle.dz\/index.php\/2025\/03\/13\/caf-walid-sadi-elu-par-acclamation-integre-le-comite-executif\/"]}]},{"@type":"ImageObject","inLanguage":"fr-FR","@id":"https:\/\/lasentinelle.dz\/index.php\/2025\/03\/13\/caf-walid-sadi-elu-par-acclamation-integre-le-comite-executif\/#primaryimage","url":"https:\/\/lasentinelle.dz\/wp-content\/uploads\/2025\/03\/Sadi.jpg","contentUrl":"https:\/\/lasentinelle.dz\/wp-content\/uploads\/2025\/03\/Sadi.jpg","width":1440,"height":960},{"@type":"BreadcrumbList","@id":"https:\/\/lasentinelle.dz\/index.php\/2025\/03\/13\/caf-walid-sadi-elu-par-acclamation-integre-le-comite-executif\/#breadcrumb","itemListElement":[{"@type":"ListItem","position":1,"name":"Accueil","item":"https:\/\/lasentinelle.dz\/"},{"@type":"ListItem","position":2,"name":"CAF: Walid Sadi, \u00e9lu par acclamation, int\u00e8gre le Comit\u00e9 ex\u00e9cutif"}]},{"@type":"WebSite","@id":"https:\/\/lasentinelle.dz\/#website","url":"https:\/\/lasentinelle.dz\/","name":"La Sentinelle","description":"Quotidien national d&#039;information","publisher":{"@id":"https:\/\/lasentinelle.dz\/#organization"},"potentialAction":[{"@type":"SearchAction","target":{"@type":"EntryPoint","urlTemplate":"https:\/\/lasentinelle.dz\/?s={search_term_string}"},"query-input":{"@type":"PropertyValueSpecification","valueRequired":true,"valueName":"search_term_string"}}],"inLanguage":"fr-FR"},{"@type":"Organization","@id":"https:\/\/lasentinelle.dz\/#organization","name":"Quotidien La Sentinelle","url":"https:\/\/lasentinelle.dz\/","logo":{"@type":"ImageObject","inLanguage":"fr-FR","@id":"https:\/\/lasentinelle.dz\/#\/schema\/logo\/image\/","url":"https:\/\/lasentinelle.dz\/wp-content\/uploads\/2021\/09\/logo-sentinelleSLOGAN-1.png","contentUrl":"https:\/\/lasentinelle.dz\/wp-content\/uploads\/2021\/09\/logo-sentinelleSLOGAN-1.png","width":615,"height":142,"caption":"Quotidien La Sentinelle"},"image":{"@id":"https:\/\/lasentinelle.dz\/#\/schema\/logo\/image\/"},"sameAs":["https:\/\/www.facebook.com\/La-Sentinelle-104059864394773"]},{"@type":"Person","@id":"https:\/\/lasentinelle.dz\/#\/schema\/person\/729ee0024f24e0b8c5ec17232f8e8b41","name":"admin","image":{"@type":"ImageObject","inLanguage":"fr-FR","@id":"https:\/\/secure.gravatar.com\/avatar\/4c81fed838786e9b53f540bf46533e750f5d292099ae3b66cfc6fb1982e29df7?s=96&d=mm&r=g","url":"https:\/\/secure.gravatar.com\/avatar\/4c81fed838786e9b53f540bf46533e750f5d292099ae3b66cfc6fb1982e29df7?s=96&d=mm&r=g","contentUrl":"https:\/\/secure.gravatar.com\/avatar\/4c81fed838786e9b53f540bf46533e750f5d292099ae3b66cfc6fb1982e29df7?s=96&d=mm&r=g","caption":"admin"},"description":"admin","url":"https:\/\/lasentinelle.dz\/author\/admin\/"}]}},"_links":{"self":[{"href":"https:\/\/lasentinelle.dz\/index.php\/wp-json\/wp\/v2\/posts\/64336","targetHints":{"allow":["GET"]}}],"collection":[{"href":"https:\/\/lasentinelle.dz\/index.php\/wp-json\/wp\/v2\/posts"}],"about":[{"href":"https:\/\/lasentinelle.dz\/index.php\/wp-json\/wp\/v2\/types\/post"}],"author":[{"embeddable":true,"href":"https:\/\/lasentinelle.dz\/index.php\/wp-json\/wp\/v2\/users\/6"}],"replies":[{"embeddable":true,"href":"https:\/\/lasentinelle.dz\/index.php\/wp-json\/wp\/v2\/comments?post=64336"}],"version-history":[{"count":1,"href":"https:\/\/lasentinelle.dz\/index.php\/wp-json\/wp\/v2\/posts\/64336\/revisions"}],"predecessor-version":[{"id":64338,"href":"https:\/\/lasentinelle.dz\/index.php\/wp-json\/wp\/v2\/posts\/64336\/revisions\/64338"}],"wp:featuredmedia":[{"embeddable":true,"href":"https:\/\/lasentinelle.dz\/index.php\/wp-json\/wp\/v2\/media\/64337"}],"wp:attachment":[{"href":"https:\/\/lasentinelle.dz\/index.php\/wp-json\/wp\/v2\/media?parent=64336"}],"wp:term":[{"taxonomy":"category","embeddable":true,"href":"https:\/\/lasentinelle.dz\/index.php\/wp-json\/wp\/v2\/categories?post=64336"},{"taxonomy":"post_tag","embeddable":true,"href":"https:\/\/lasentinelle.dz\/index.php\/wp-json\/wp\/v2\/tags?post=64336"}],"curies":[{"name":"wp","href":"https:\/\/api.w.org\/{rel}","templated":true}]}}