{"id":64344,"date":"2025-03-13T13:00:50","date_gmt":"2025-03-13T12:00:50","guid":{"rendered":"https:\/\/lasentinelle.dz\/?p=64344"},"modified":"2025-03-16T13:01:36","modified_gmt":"2025-03-16T12:01:36","slug":"port-de-djen-djen-jijel-bond-des-exportations-hors-hydrocarbures","status":"publish","type":"post","link":"https:\/\/lasentinelle.dz\/index.php\/2025\/03\/13\/port-de-djen-djen-jijel-bond-des-exportations-hors-hydrocarbures\/","title":{"rendered":"Port de Djen-Djen (Jijel) : Bond des exportations hors-hydrocarbures"},"content":{"rendered":"\n<p>Le port de Djen-Djen dans la wilaya de Jijel a r\u00e9alis\u00e9 des progr\u00e8s notables en mati\u00e8re d\u2019exportations hors hydrocarbures. Il a \u00e9t\u00e9 r\u00e9v\u00e9l\u00e9 dans ce sens que le l\u2019\u00e9tablissement a enregistr\u00e9, au cours de l\u2019exercice 2024, une forte croissance en mati\u00e8re d\u2019exportations hors hydrocarbures.<\/p>\n\n\n\n<p>Les chiffres d\u00e9voil\u00e9s font \u00e9tat de pas moins de huit millions de tonnes de marchandises, qui ont \u00e9t\u00e9 trait\u00e9es par le port de Djen-Djen, dont la moiti\u00e9, soit 40 %, n&rsquo;\u00e9tait pas li\u00e9e aux hydrocarbures. Cela s&rsquo;harmonise avec la nouvelle politique de l\u2019\u00c9tat visant \u00e0 renforcer le niveau des exportations hors hydrocarbures et \u00e0 augmenter progressivement les exportations du pays, qui ont r\u00e9cemment d\u00e9pass\u00e9 sept milliards de dollars, au cours de la m\u00eame p\u00e9riode. Les produits export\u00e9s se composent essentiellement de fer, fabriqu\u00e9 par l&rsquo;usine sid\u00e9rurgique de Bellara ainsi que le ciment clinker, en plus d&rsquo;autres mat\u00e9riaux de construction et de certains produits agricoles, qui ont domin\u00e9 la liste des mati\u00e8res export\u00e9es via le port de Djen-Djen. Ces progr\u00e8s ont renforc\u00e9 les espoirs d\u2019atteindre des niveaux d\u2019exportation plus \u00e9lev\u00e9s dans les p\u00e9riodes \u00e0 venir, surtout avec les importants \u00e9quipements, dont \u00e0 b\u00e9n\u00e9fici\u00e9 r\u00e9cemment le port. Il s\u2019agit notamment de grues g\u00e9antes capables de traiter diff\u00e9rents types de marchandises, acc\u00e9l\u00e9rant ainsi les op\u00e9rations de d\u00e9chargement et de chargement, permettant ainsi de gagner du temps et d&rsquo;\u00e9viter les co\u00fbts suppl\u00e9mentaires souvent li\u00e9s \u00e0 l&rsquo;immobilisation prolong\u00e9e des navires et des cargos dans le port. Il y a un r\u00e9el optimisme quant \u00e0 l&rsquo;augmentation de l&rsquo;activit\u00e9 du port. Cet optimisme est surtout li\u00e9 aux nouveaux quais ouverts dans le port, capables d&rsquo;accueillir des navires g\u00e9ants, dont la capacit\u00e9 varie entre six mille et dix-huit mille conteneurs. Et ce dans l\u2019attente de la r\u00e9ception d\u00e9finitive du projet de terminal \u00e0 conteneurs, qui devrait constituer un tournant d\u00e9cisif dans l\u2019\u00e9volution du port de Djen-Djen, auquel les hautes autorit\u00e9s accordent une attention particuli\u00e8re \u00e0 travers le projet d\u2019extension , dont a b\u00e9n\u00e9fici\u00e9 derni\u00e8rement le port, et pour lequel un cons\u00e9quent budget a \u00e9t\u00e9 allou\u00e9. Ce d\u00e9veloppement dans l&rsquo;activit\u00e9 du port de Djen-Djen co\u00efncide avec la poursuite du processus de recrutement de main-d&rsquo;\u0153uvre sp\u00e9cialis\u00e9e au sein de l\u2019\u00e9tablissement portuaire. On souligne que r\u00e9cemment, il a \u00e9t\u00e9 annonc\u00e9 le recrutement de dizaines de nouveaux ouvriers dans diverses sp\u00e9cialit\u00e9s techniques directement li\u00e9es \u00e0 l\u2019activit\u00e9 portuaire. Un processus qui devrait se poursuivre \u00e0 un rythme soutenu dans les mois \u00e0 venir, en parall\u00e8le avec l\u2019entr\u00e9e en application du travail en mode continu, d\u00e9cid\u00e9 par le Pr\u00e9sident de la R\u00e9publique, M. Abdelmadjid Tebboune. Dans ce contexte, le wali de Jijel, Ahmed Makhlati, a effectu\u00e9 hier, une visite surprise au port de Djen-Djen, pour s\u2019enqu\u00e9rir et \u00e9valuer la mise en \u0153uvre des instructions donn\u00e9es aux responsables et le respect du syst\u00e8me de travail en continu 24h\/24h et 7j\/7j. Cette visite inopin\u00e9e, qui a eu lieu \u00e0 23h45, a permis au wali de s\u2019entretenir sur le fonctionnement du travail de nuit du port et sur la mise en application de l&rsquo;instruction r\u00e9cente du Pr\u00e9sident de la R\u00e9publique, qui a ordonn\u00e9 le passage \u00e0 un syst\u00e8me de travail continu dans certains des principaux ports du pays, dont celui de Jijel, Skikda et Annaba. La visite a \u00e9t\u00e9, pour le wali, une occasion pour inspecter le projet du terminal \u00e0 conteneurs et v\u00e9rifier si l\u2019entreprise charg\u00e9e des travaux respecte les directives en mati\u00e8re de travail en 3X8. Il faut souligner que le port de Djen-Djen constitue, avec d\u2019autres projets, dont l\u2019usine d\u2019huiles de Bazoul et le point d&rsquo;acc\u00e8s de l&rsquo;autoroute Jijel \/ El-Eulma, un enjeu majeur pour les autorit\u00e9s de la wilaya et les hautes autorit\u00e9s du pays en raison de leur r\u00f4le essentiel et strat\u00e9gique dans la dynamisation de l&rsquo;\u00e9conomie locale et nationale. Cela explique pourquoi il y a eu une intensification des visites minist\u00e9rielles et locales \u00e0 ces installations au cours des derniers jours.<\/p>\n\n\n\n<p><strong>Sofia Chahine<\/strong><\/p>\n","protected":false},"excerpt":{"rendered":"<p>Le port de Djen-Djen dans la wilaya de Jijel a r\u00e9alis\u00e9 des progr\u00e8s notables en mati\u00e8re d\u2019exportations hors hydrocarbures. Il<\/p>\n","protected":false},"author":6,"featured_media":64345,"comment_status":"open","ping_status":"closed","sticky":false,"template":"","format":"standard","meta":{"colormag_page_container_layout":"default_layout","colormag_page_sidebar_layout":"default_layout","om_disable_all_campaigns":false,"_monsterinsights_skip_tracking":false,"_monsterinsights_sitenote_active":false,"_monsterinsights_sitenote_note":"","_monsterinsights_sitenote_category":0,"footnotes":"","_wpscppro_dont_share_socialmedia":false,"_wpscppro_custom_social_share_image":0,"_facebook_share_type":"default","_twitter_share_type":"default","_linkedin_share_type":"default","_pinterest_share_type":"default","_linkedin_share_type_page":"","_instagram_share_type":"default","_medium_share_type":"default","_threads_share_type":"","_google_business_share_type":"","_selected_social_profile":[],"_wpsp_enable_custom_social_template":false,"_wpsp_social_scheduling":{"enabled":false,"datetime":null,"platforms":[],"status":"template_only","dateOption":"today","timeOption":"now","customDays":"","customHours":"","customDate":"","customTime":"","schedulingType":"absolute"},"_wpsp_active_default_template":true},"categories":[31],"tags":[],"class_list":["post-64344","post","type-post","status-publish","format-standard","has-post-thumbnail","hentry","category-regions"],"aioseo_notices":[],"yoast_head":"<!-- This site is optimized with the Yoast SEO plugin v27.5 - https:\/\/yoast.com\/product\/yoast-seo-wordpress\/ -->\n<title>Port de Djen-Djen (Jijel) : Bond des exportations hors-hydrocarbures - La Sentinelle<\/title>\n<meta name=\"robots\" content=\"index, follow, max-snippet:-1, max-image-preview:large, max-video-preview:-1\" \/>\n<link rel=\"canonical\" href=\"https:\/\/lasentinelle.dz\/index.php\/2025\/03\/13\/port-de-djen-djen-jijel-bond-des-exportations-hors-hydrocarbures\/\" \/>\n<meta property=\"og:locale\" content=\"fr_FR\" \/>\n<meta property=\"og:type\" content=\"article\" \/>\n<meta property=\"og:title\" content=\"Port de Djen-Djen (Jijel) : Bond des exportations hors-hydrocarbures - La Sentinelle\" \/>\n<meta property=\"og:description\" content=\"Le port de Djen-Djen dans la wilaya de Jijel a r\u00e9alis\u00e9 des progr\u00e8s notables en mati\u00e8re d\u2019exportations hors hydrocarbures. Il\" \/>\n<meta property=\"og:url\" content=\"https:\/\/lasentinelle.dz\/index.php\/2025\/03\/13\/port-de-djen-djen-jijel-bond-des-exportations-hors-hydrocarbures\/\" \/>\n<meta property=\"og:site_name\" content=\"La Sentinelle\" \/>\n<meta property=\"article:publisher\" content=\"https:\/\/www.facebook.com\/La-Sentinelle-104059864394773\" \/>\n<meta property=\"article:published_time\" content=\"2025-03-13T12:00:50+00:00\" \/>\n<meta property=\"article:modified_time\" content=\"2025-03-16T12:01:36+00:00\" \/>\n<meta property=\"og:image\" content=\"https:\/\/lasentinelle.dz\/wp-content\/uploads\/2025\/03\/DJENDJEN.png\" \/>\n\t<meta property=\"og:image:width\" content=\"900\" \/>\n\t<meta property=\"og:image:height\" content=\"600\" \/>\n\t<meta property=\"og:image:type\" content=\"image\/png\" \/>\n<meta name=\"author\" content=\"admin\" \/>\n<meta name=\"twitter:card\" content=\"summary_large_image\" \/>\n<meta name=\"twitter:label1\" content=\"\u00c9crit par\" \/>\n\t<meta name=\"twitter:data1\" content=\"admin\" \/>\n\t<meta name=\"twitter:label2\" content=\"Dur\u00e9e de lecture estim\u00e9e\" \/>\n\t<meta name=\"twitter:data2\" content=\"4 minutes\" \/>\n<script type=\"application\/ld+json\" class=\"yoast-schema-graph\">{\"@context\":\"https:\\\/\\\/schema.org\",\"@graph\":[{\"@type\":\"Article\",\"@id\":\"https:\\\/\\\/lasentinelle.dz\\\/index.php\\\/2025\\\/03\\\/13\\\/port-de-djen-djen-jijel-bond-des-exportations-hors-hydrocarbures\\\/#article\",\"isPartOf\":{\"@id\":\"https:\\\/\\\/lasentinelle.dz\\\/index.php\\\/2025\\\/03\\\/13\\\/port-de-djen-djen-jijel-bond-des-exportations-hors-hydrocarbures\\\/\"},\"author\":{\"name\":\"admin\",\"@id\":\"https:\\\/\\\/lasentinelle.dz\\\/#\\\/schema\\\/person\\\/729ee0024f24e0b8c5ec17232f8e8b41\"},\"headline\":\"Port de Djen-Djen (Jijel) : Bond des exportations hors-hydrocarbures\",\"datePublished\":\"2025-03-13T12:00:50+00:00\",\"dateModified\":\"2025-03-16T12:01:36+00:00\",\"mainEntityOfPage\":{\"@id\":\"https:\\\/\\\/lasentinelle.dz\\\/index.php\\\/2025\\\/03\\\/13\\\/port-de-djen-djen-jijel-bond-des-exportations-hors-hydrocarbures\\\/\"},\"wordCount\":737,\"commentCount\":0,\"publisher\":{\"@id\":\"https:\\\/\\\/lasentinelle.dz\\\/#organization\"},\"image\":{\"@id\":\"https:\\\/\\\/lasentinelle.dz\\\/index.php\\\/2025\\\/03\\\/13\\\/port-de-djen-djen-jijel-bond-des-exportations-hors-hydrocarbures\\\/#primaryimage\"},\"thumbnailUrl\":\"https:\\\/\\\/lasentinelle.dz\\\/wp-content\\\/uploads\\\/2025\\\/03\\\/DJENDJEN.png\",\"articleSection\":[\"R\u00e9gions\"],\"inLanguage\":\"fr-FR\",\"potentialAction\":[{\"@type\":\"CommentAction\",\"name\":\"Comment\",\"target\":[\"https:\\\/\\\/lasentinelle.dz\\\/index.php\\\/2025\\\/03\\\/13\\\/port-de-djen-djen-jijel-bond-des-exportations-hors-hydrocarbures\\\/#respond\"]}]},{\"@type\":\"WebPage\",\"@id\":\"https:\\\/\\\/lasentinelle.dz\\\/index.php\\\/2025\\\/03\\\/13\\\/port-de-djen-djen-jijel-bond-des-exportations-hors-hydrocarbures\\\/\",\"url\":\"https:\\\/\\\/lasentinelle.dz\\\/index.php\\\/2025\\\/03\\\/13\\\/port-de-djen-djen-jijel-bond-des-exportations-hors-hydrocarbures\\\/\",\"name\":\"Port de Djen-Djen (Jijel) : Bond des exportations hors-hydrocarbures - La Sentinelle\",\"isPartOf\":{\"@id\":\"https:\\\/\\\/lasentinelle.dz\\\/#website\"},\"primaryImageOfPage\":{\"@id\":\"https:\\\/\\\/lasentinelle.dz\\\/index.php\\\/2025\\\/03\\\/13\\\/port-de-djen-djen-jijel-bond-des-exportations-hors-hydrocarbures\\\/#primaryimage\"},\"image\":{\"@id\":\"https:\\\/\\\/lasentinelle.dz\\\/index.php\\\/2025\\\/03\\\/13\\\/port-de-djen-djen-jijel-bond-des-exportations-hors-hydrocarbures\\\/#primaryimage\"},\"thumbnailUrl\":\"https:\\\/\\\/lasentinelle.dz\\\/wp-content\\\/uploads\\\/2025\\\/03\\\/DJENDJEN.png\",\"datePublished\":\"2025-03-13T12:00:50+00:00\",\"dateModified\":\"2025-03-16T12:01:36+00:00\",\"breadcrumb\":{\"@id\":\"https:\\\/\\\/lasentinelle.dz\\\/index.php\\\/2025\\\/03\\\/13\\\/port-de-djen-djen-jijel-bond-des-exportations-hors-hydrocarbures\\\/#breadcrumb\"},\"inLanguage\":\"fr-FR\",\"potentialAction\":[{\"@type\":\"ReadAction\",\"target\":[\"https:\\\/\\\/lasentinelle.dz\\\/index.php\\\/2025\\\/03\\\/13\\\/port-de-djen-djen-jijel-bond-des-exportations-hors-hydrocarbures\\\/\"]}]},{\"@type\":\"ImageObject\",\"inLanguage\":\"fr-FR\",\"@id\":\"https:\\\/\\\/lasentinelle.dz\\\/index.php\\\/2025\\\/03\\\/13\\\/port-de-djen-djen-jijel-bond-des-exportations-hors-hydrocarbures\\\/#primaryimage\",\"url\":\"https:\\\/\\\/lasentinelle.dz\\\/wp-content\\\/uploads\\\/2025\\\/03\\\/DJENDJEN.png\",\"contentUrl\":\"https:\\\/\\\/lasentinelle.dz\\\/wp-content\\\/uploads\\\/2025\\\/03\\\/DJENDJEN.png\",\"width\":900,\"height\":600},{\"@type\":\"BreadcrumbList\",\"@id\":\"https:\\\/\\\/lasentinelle.dz\\\/index.php\\\/2025\\\/03\\\/13\\\/port-de-djen-djen-jijel-bond-des-exportations-hors-hydrocarbures\\\/#breadcrumb\",\"itemListElement\":[{\"@type\":\"ListItem\",\"position\":1,\"name\":\"Accueil\",\"item\":\"https:\\\/\\\/lasentinelle.dz\\\/\"},{\"@type\":\"ListItem\",\"position\":2,\"name\":\"Port de Djen-Djen (Jijel) : Bond des exportations hors-hydrocarbures\"}]},{\"@type\":\"WebSite\",\"@id\":\"https:\\\/\\\/lasentinelle.dz\\\/#website\",\"url\":\"https:\\\/\\\/lasentinelle.dz\\\/\",\"name\":\"La Sentinelle\",\"description\":\"Quotidien national d&#039;information\",\"publisher\":{\"@id\":\"https:\\\/\\\/lasentinelle.dz\\\/#organization\"},\"potentialAction\":[{\"@type\":\"SearchAction\",\"target\":{\"@type\":\"EntryPoint\",\"urlTemplate\":\"https:\\\/\\\/lasentinelle.dz\\\/?s={search_term_string}\"},\"query-input\":{\"@type\":\"PropertyValueSpecification\",\"valueRequired\":true,\"valueName\":\"search_term_string\"}}],\"inLanguage\":\"fr-FR\"},{\"@type\":\"Organization\",\"@id\":\"https:\\\/\\\/lasentinelle.dz\\\/#organization\",\"name\":\"Quotidien La Sentinelle\",\"url\":\"https:\\\/\\\/lasentinelle.dz\\\/\",\"logo\":{\"@type\":\"ImageObject\",\"inLanguage\":\"fr-FR\",\"@id\":\"https:\\\/\\\/lasentinelle.dz\\\/#\\\/schema\\\/logo\\\/image\\\/\",\"url\":\"https:\\\/\\\/lasentinelle.dz\\\/wp-content\\\/uploads\\\/2021\\\/09\\\/logo-sentinelleSLOGAN-1.png\",\"contentUrl\":\"https:\\\/\\\/lasentinelle.dz\\\/wp-content\\\/uploads\\\/2021\\\/09\\\/logo-sentinelleSLOGAN-1.png\",\"width\":615,\"height\":142,\"caption\":\"Quotidien La Sentinelle\"},\"image\":{\"@id\":\"https:\\\/\\\/lasentinelle.dz\\\/#\\\/schema\\\/logo\\\/image\\\/\"},\"sameAs\":[\"https:\\\/\\\/www.facebook.com\\\/La-Sentinelle-104059864394773\"]},{\"@type\":\"Person\",\"@id\":\"https:\\\/\\\/lasentinelle.dz\\\/#\\\/schema\\\/person\\\/729ee0024f24e0b8c5ec17232f8e8b41\",\"name\":\"admin\",\"image\":{\"@type\":\"ImageObject\",\"inLanguage\":\"fr-FR\",\"@id\":\"https:\\\/\\\/secure.gravatar.com\\\/avatar\\\/4c81fed838786e9b53f540bf46533e750f5d292099ae3b66cfc6fb1982e29df7?s=96&d=mm&r=g\",\"url\":\"https:\\\/\\\/secure.gravatar.com\\\/avatar\\\/4c81fed838786e9b53f540bf46533e750f5d292099ae3b66cfc6fb1982e29df7?s=96&d=mm&r=g\",\"contentUrl\":\"https:\\\/\\\/secure.gravatar.com\\\/avatar\\\/4c81fed838786e9b53f540bf46533e750f5d292099ae3b66cfc6fb1982e29df7?s=96&d=mm&r=g\",\"caption\":\"admin\"},\"description\":\"admin\",\"url\":\"https:\\\/\\\/lasentinelle.dz\\\/author\\\/admin\\\/\"}]}<\/script>\n<!-- \/ Yoast SEO plugin. -->","yoast_head_json":{"title":"Port de Djen-Djen (Jijel) : Bond des exportations hors-hydrocarbures - La Sentinelle","robots":{"index":"index","follow":"follow","max-snippet":"max-snippet:-1","max-image-preview":"max-image-preview:large","max-video-preview":"max-video-preview:-1"},"canonical":"https:\/\/lasentinelle.dz\/index.php\/2025\/03\/13\/port-de-djen-djen-jijel-bond-des-exportations-hors-hydrocarbures\/","og_locale":"fr_FR","og_type":"article","og_title":"Port de Djen-Djen (Jijel) : Bond des exportations hors-hydrocarbures - La Sentinelle","og_description":"Le port de Djen-Djen dans la wilaya de Jijel a r\u00e9alis\u00e9 des progr\u00e8s notables en mati\u00e8re d\u2019exportations hors hydrocarbures. Il","og_url":"https:\/\/lasentinelle.dz\/index.php\/2025\/03\/13\/port-de-djen-djen-jijel-bond-des-exportations-hors-hydrocarbures\/","og_site_name":"La Sentinelle","article_publisher":"https:\/\/www.facebook.com\/La-Sentinelle-104059864394773","article_published_time":"2025-03-13T12:00:50+00:00","article_modified_time":"2025-03-16T12:01:36+00:00","og_image":[{"width":900,"height":600,"url":"https:\/\/lasentinelle.dz\/wp-content\/uploads\/2025\/03\/DJENDJEN.png","type":"image\/png"}],"author":"admin","twitter_card":"summary_large_image","twitter_misc":{"\u00c9crit par":"admin","Dur\u00e9e de lecture estim\u00e9e":"4 minutes"},"schema":{"@context":"https:\/\/schema.org","@graph":[{"@type":"Article","@id":"https:\/\/lasentinelle.dz\/index.php\/2025\/03\/13\/port-de-djen-djen-jijel-bond-des-exportations-hors-hydrocarbures\/#article","isPartOf":{"@id":"https:\/\/lasentinelle.dz\/index.php\/2025\/03\/13\/port-de-djen-djen-jijel-bond-des-exportations-hors-hydrocarbures\/"},"author":{"name":"admin","@id":"https:\/\/lasentinelle.dz\/#\/schema\/person\/729ee0024f24e0b8c5ec17232f8e8b41"},"headline":"Port de Djen-Djen (Jijel) : Bond des exportations hors-hydrocarbures","datePublished":"2025-03-13T12:00:50+00:00","dateModified":"2025-03-16T12:01:36+00:00","mainEntityOfPage":{"@id":"https:\/\/lasentinelle.dz\/index.php\/2025\/03\/13\/port-de-djen-djen-jijel-bond-des-exportations-hors-hydrocarbures\/"},"wordCount":737,"commentCount":0,"publisher":{"@id":"https:\/\/lasentinelle.dz\/#organization"},"image":{"@id":"https:\/\/lasentinelle.dz\/index.php\/2025\/03\/13\/port-de-djen-djen-jijel-bond-des-exportations-hors-hydrocarbures\/#primaryimage"},"thumbnailUrl":"https:\/\/lasentinelle.dz\/wp-content\/uploads\/2025\/03\/DJENDJEN.png","articleSection":["R\u00e9gions"],"inLanguage":"fr-FR","potentialAction":[{"@type":"CommentAction","name":"Comment","target":["https:\/\/lasentinelle.dz\/index.php\/2025\/03\/13\/port-de-djen-djen-jijel-bond-des-exportations-hors-hydrocarbures\/#respond"]}]},{"@type":"WebPage","@id":"https:\/\/lasentinelle.dz\/index.php\/2025\/03\/13\/port-de-djen-djen-jijel-bond-des-exportations-hors-hydrocarbures\/","url":"https:\/\/lasentinelle.dz\/index.php\/2025\/03\/13\/port-de-djen-djen-jijel-bond-des-exportations-hors-hydrocarbures\/","name":"Port de Djen-Djen (Jijel) : Bond des exportations hors-hydrocarbures - La Sentinelle","isPartOf":{"@id":"https:\/\/lasentinelle.dz\/#website"},"primaryImageOfPage":{"@id":"https:\/\/lasentinelle.dz\/index.php\/2025\/03\/13\/port-de-djen-djen-jijel-bond-des-exportations-hors-hydrocarbures\/#primaryimage"},"image":{"@id":"https:\/\/lasentinelle.dz\/index.php\/2025\/03\/13\/port-de-djen-djen-jijel-bond-des-exportations-hors-hydrocarbures\/#primaryimage"},"thumbnailUrl":"https:\/\/lasentinelle.dz\/wp-content\/uploads\/2025\/03\/DJENDJEN.png","datePublished":"2025-03-13T12:00:50+00:00","dateModified":"2025-03-16T12:01:36+00:00","breadcrumb":{"@id":"https:\/\/lasentinelle.dz\/index.php\/2025\/03\/13\/port-de-djen-djen-jijel-bond-des-exportations-hors-hydrocarbures\/#breadcrumb"},"inLanguage":"fr-FR","potentialAction":[{"@type":"ReadAction","target":["https:\/\/lasentinelle.dz\/index.php\/2025\/03\/13\/port-de-djen-djen-jijel-bond-des-exportations-hors-hydrocarbures\/"]}]},{"@type":"ImageObject","inLanguage":"fr-FR","@id":"https:\/\/lasentinelle.dz\/index.php\/2025\/03\/13\/port-de-djen-djen-jijel-bond-des-exportations-hors-hydrocarbures\/#primaryimage","url":"https:\/\/lasentinelle.dz\/wp-content\/uploads\/2025\/03\/DJENDJEN.png","contentUrl":"https:\/\/lasentinelle.dz\/wp-content\/uploads\/2025\/03\/DJENDJEN.png","width":900,"height":600},{"@type":"BreadcrumbList","@id":"https:\/\/lasentinelle.dz\/index.php\/2025\/03\/13\/port-de-djen-djen-jijel-bond-des-exportations-hors-hydrocarbures\/#breadcrumb","itemListElement":[{"@type":"ListItem","position":1,"name":"Accueil","item":"https:\/\/lasentinelle.dz\/"},{"@type":"ListItem","position":2,"name":"Port de Djen-Djen (Jijel) : Bond des exportations hors-hydrocarbures"}]},{"@type":"WebSite","@id":"https:\/\/lasentinelle.dz\/#website","url":"https:\/\/lasentinelle.dz\/","name":"La Sentinelle","description":"Quotidien national d&#039;information","publisher":{"@id":"https:\/\/lasentinelle.dz\/#organization"},"potentialAction":[{"@type":"SearchAction","target":{"@type":"EntryPoint","urlTemplate":"https:\/\/lasentinelle.dz\/?s={search_term_string}"},"query-input":{"@type":"PropertyValueSpecification","valueRequired":true,"valueName":"search_term_string"}}],"inLanguage":"fr-FR"},{"@type":"Organization","@id":"https:\/\/lasentinelle.dz\/#organization","name":"Quotidien La Sentinelle","url":"https:\/\/lasentinelle.dz\/","logo":{"@type":"ImageObject","inLanguage":"fr-FR","@id":"https:\/\/lasentinelle.dz\/#\/schema\/logo\/image\/","url":"https:\/\/lasentinelle.dz\/wp-content\/uploads\/2021\/09\/logo-sentinelleSLOGAN-1.png","contentUrl":"https:\/\/lasentinelle.dz\/wp-content\/uploads\/2021\/09\/logo-sentinelleSLOGAN-1.png","width":615,"height":142,"caption":"Quotidien La Sentinelle"},"image":{"@id":"https:\/\/lasentinelle.dz\/#\/schema\/logo\/image\/"},"sameAs":["https:\/\/www.facebook.com\/La-Sentinelle-104059864394773"]},{"@type":"Person","@id":"https:\/\/lasentinelle.dz\/#\/schema\/person\/729ee0024f24e0b8c5ec17232f8e8b41","name":"admin","image":{"@type":"ImageObject","inLanguage":"fr-FR","@id":"https:\/\/secure.gravatar.com\/avatar\/4c81fed838786e9b53f540bf46533e750f5d292099ae3b66cfc6fb1982e29df7?s=96&d=mm&r=g","url":"https:\/\/secure.gravatar.com\/avatar\/4c81fed838786e9b53f540bf46533e750f5d292099ae3b66cfc6fb1982e29df7?s=96&d=mm&r=g","contentUrl":"https:\/\/secure.gravatar.com\/avatar\/4c81fed838786e9b53f540bf46533e750f5d292099ae3b66cfc6fb1982e29df7?s=96&d=mm&r=g","caption":"admin"},"description":"admin","url":"https:\/\/lasentinelle.dz\/author\/admin\/"}]}},"_links":{"self":[{"href":"https:\/\/lasentinelle.dz\/index.php\/wp-json\/wp\/v2\/posts\/64344","targetHints":{"allow":["GET"]}}],"collection":[{"href":"https:\/\/lasentinelle.dz\/index.php\/wp-json\/wp\/v2\/posts"}],"about":[{"href":"https:\/\/lasentinelle.dz\/index.php\/wp-json\/wp\/v2\/types\/post"}],"author":[{"embeddable":true,"href":"https:\/\/lasentinelle.dz\/index.php\/wp-json\/wp\/v2\/users\/6"}],"replies":[{"embeddable":true,"href":"https:\/\/lasentinelle.dz\/index.php\/wp-json\/wp\/v2\/comments?post=64344"}],"version-history":[{"count":1,"href":"https:\/\/lasentinelle.dz\/index.php\/wp-json\/wp\/v2\/posts\/64344\/revisions"}],"predecessor-version":[{"id":64346,"href":"https:\/\/lasentinelle.dz\/index.php\/wp-json\/wp\/v2\/posts\/64344\/revisions\/64346"}],"wp:featuredmedia":[{"embeddable":true,"href":"https:\/\/lasentinelle.dz\/index.php\/wp-json\/wp\/v2\/media\/64345"}],"wp:attachment":[{"href":"https:\/\/lasentinelle.dz\/index.php\/wp-json\/wp\/v2\/media?parent=64344"}],"wp:term":[{"taxonomy":"category","embeddable":true,"href":"https:\/\/lasentinelle.dz\/index.php\/wp-json\/wp\/v2\/categories?post=64344"},{"taxonomy":"post_tag","embeddable":true,"href":"https:\/\/lasentinelle.dz\/index.php\/wp-json\/wp\/v2\/tags?post=64344"}],"curies":[{"name":"wp","href":"https:\/\/api.w.org\/{rel}","templated":true}]}}