{"id":6436,"date":"2021-09-04T00:05:00","date_gmt":"2021-09-03T23:05:00","guid":{"rendered":"https:\/\/lasentinelle.dz\/?p=6436"},"modified":"2021-09-03T17:56:40","modified_gmt":"2021-09-03T16:56:40","slug":"lancement-aujourdhui-de-la-campagne-nationale-de-vaccination-anti-covid-eviter-de-nouvelles-vagues-de-contamination","status":"publish","type":"post","link":"https:\/\/lasentinelle.dz\/index.php\/2021\/09\/04\/lancement-aujourdhui-de-la-campagne-nationale-de-vaccination-anti-covid-eviter-de-nouvelles-vagues-de-contamination\/","title":{"rendered":"Lancement, aujourd\u2019hui, de la campagne nationale de vaccination anti-covid: \u00c9viter de nouvelles vagues de contamination"},"content":{"rendered":"\n<p>Une vaste campagne nationale de vaccination contre le covid-19 est lanc\u00e9e aujourd\u2019hui. L\u2019objectif est de vacciner le plus grand nombre de nos concitoyens et de sensibiliser les Alg\u00e9riens \u00e0 l\u2019importance de la vaccination, afin d\u2019atteindre l\u2019immunit\u00e9 collective avant la fin de l\u2019ann\u00e9e.<\/p>\n\n\n\n<p>D\u2019important moyens logistiques ont \u00e9t\u00e9 mobilis\u00e9s pour cette campagne plac\u00e9e sous le th\u00e8me \u00ab&nbsp;avec la vaccination, la vie continue&nbsp;\u00bb. Les structures publiques et priv\u00e9es de sant\u00e9 ont \u00e9t\u00e9 mobilis\u00e9es, tout comme les \u00e9coles et les universit\u00e9s&nbsp;et des chapiteaux sont install\u00e9s dans plusieurs villes du pays, afin de r\u00e9ussir cette vaste campagne. D\u2019ailleurs, le ministre de la Sant\u00e9, de la Population et de la R\u00e9forme hospitali\u00e8re a tenu \u00e0 mettre en lumi\u00e8re l\u2019importance de la vaccination. En r\u00e9unissant jeudi, les directeurs de la sant\u00e9 publique au niveau des wilayas, le Pr Abderrahmane Benbouzid a indiqu\u00e9 qu\u2019il<\/p>\n\n\n\n<p>est n\u00e9cessaire de rester prudent et de faire preuve de vigilance en intensifiant les op\u00e9rations de vaccination au niveau national pour parer \u00e0 l&rsquo;\u00e9mergence d&rsquo;une quatri\u00e8me vague dont la probabilit\u00e9 &nbsp;en subsiste encore et&nbsp; \u00e9viter la r\u00e9currence de tout autre sc\u00e9nario, en particulier avec l&rsquo;\u00e9mergence du nouveau mutant.Cette r\u00e9union visant \u00e0 donner les instructions et les directives n\u00e9cessaires et \u00e0 peaufiner les derni\u00e8res retouches&nbsp; logistiques avant le lancement samedi de la plus grande op\u00e9ration de vaccination \u00e0 travers tout le territoire nationale a \u00e9t\u00e9 mise \u00e0 profit par Pr Benbouzid pour donner les derni\u00e8res recommandations et instructions aux directeurs de la sant\u00e9 de toutes les wilayas de \u00ab\u00a0mobiliser tout le monde pour faire de cette campagne un succ\u00e8s, notamment dans les zones enclav\u00e9es loin des \u00e9tablissements hospitaliers, pour toucher le plus grand nombre de citoyens\u00a0\u00bb.<\/p>\n\n\n\n<p>Cette grande campagne destin\u00e9e \u00e0 mettre \u00e0 la disposition du&nbsp; plus grand nombre de citoyens, travailleurs et enseignants des doses de vaccination contre le virus repr\u00e9sente le meilleur moyen de garantir une rentr\u00e9e sociale et scolaire dans la calme et en toute s\u00e9curit\u00e9. Chose pour laquelle, plusieurs d\u00e9partements minist\u00e9riels sont mobilis\u00e9s. Ainsi, dans cette m\u00eame perspective, le ministre de l&rsquo;Int\u00e9rieur, des Collectivit\u00e9s locales et de l&rsquo;Am\u00e9nagement du territoire, Kamel Beldjoud qui pr\u00e9sidait jeudi une r\u00e9union par visioconf\u00e9rence avec les walis a donn\u00e9 des instructions fermes pour acc\u00e9l\u00e9rer la cadence de vaccination anti-Covid-19 en vue d&rsquo;atteindre l&rsquo;immunit\u00e9 collective dans les plus brefs d\u00e9lais et ma\u00eetriser la situation \u00e9pid\u00e9miologique et la courbe des infections, par la mobilisation de tous les moyens, et l&rsquo;application rigoureuse des mesures pr\u00e9ventives en pr\u00e9vision de tout impr\u00e9vu, et ce pour pr\u00e9server les vies et les biens \u00e0 l&rsquo;approche de l&rsquo;automne et de l&rsquo;hiver\u00a0\u00bb. Intervenant la veille du lancement de cette grande campagne de vaccination, M.&nbsp; Beldjoud a mis l&rsquo;accent sur les aspects sanitaires de la rentr\u00e9e sociale dont notamment l&rsquo;accompagnement de la famille de l&rsquo;\u00e9ducation pour garantir le bien-\u00eatre des scolaris\u00e9s et des&nbsp; encadreurs et surtout veiller \u00e0 la mise en application du protocole sanitaire au niveau des \u00e9tablissements scolaires\u00a0\u00bb.&nbsp;<\/p>\n\n\n\n<p>A rappeler que le minist\u00e8re de la sant\u00e9 lance cette grande et vaste op\u00e9ration de vaccination dont le le \u00ab\u00a0big day de vaccination\u00a0\u00bb est pr\u00e9vu le 11 septembre o\u00f9 les efforts seront redoubl\u00e9s et les moyens mobilis\u00e9s pour vacciner un maximum de citoyens n\u00e9cessitera la mobilisation des staffs m\u00e9dicaux ainsi que des autocars dot\u00e9s de tous les moyens n\u00e9cessaires pour sillonner les villages et cit\u00e9s en vue de vacciner un maximum de citoyens\u00a0\u00bb.&nbsp; Appel\u00e9e \u00e0 se poursuivre jusqu&rsquo;\u00e0 la fin de l&rsquo;ann\u00e9e, la campagne se fera en collaboration \u00e9troite avec les walis qui&nbsp; seront appel\u00e9s \u00e0 d\u00e9terminer au vu de leur connaissance du terrain les zones vers lesquelles se rendront les bus de vaccination avec l&rsquo;apport important des radios locales, les m\u00e9dias et la soci\u00e9t\u00e9 civile.&nbsp;<\/p>\n\n\n\n<p>A noter enfin que cette campagne de grande envergure intervient vise \u00e0 r\u00e9ussir le d\u00e9fi de vacciner 70%des Alg\u00e9riens avant la fin de l&rsquo;ann\u00e9e en cours. Un taux qui reste l&rsquo;unique moyen d&rsquo;acqu\u00e9rir une immunit\u00e9 collective et surtout donner aux citoyens&nbsp; la seule d\u00e9fense contre les effets graves du coronavirus.<\/p>\n\n\n\n<p><strong>Akli Amor<\/strong><\/p>\n","protected":false},"excerpt":{"rendered":"<p>Une vaste campagne nationale de vaccination contre le covid-19 est lanc\u00e9e aujourd\u2019hui. L\u2019objectif est de vacciner le plus grand nombre<\/p>\n","protected":false},"author":3,"featured_media":6443,"comment_status":"open","ping_status":"closed","sticky":false,"template":"","format":"standard","meta":{"colormag_page_container_layout":"default_layout","colormag_page_sidebar_layout":"default_layout","om_disable_all_campaigns":false,"_monsterinsights_skip_tracking":false,"_monsterinsights_sitenote_active":false,"_monsterinsights_sitenote_note":"","_monsterinsights_sitenote_category":0,"footnotes":"","_wpscppro_dont_share_socialmedia":false,"_wpscppro_custom_social_share_image":0,"_facebook_share_type":"","_twitter_share_type":"","_linkedin_share_type":"","_pinterest_share_type":"","_linkedin_share_type_page":"","_instagram_share_type":"","_medium_share_type":"","_threads_share_type":"","_google_business_share_type":"","_selected_social_profile":[],"_wpsp_enable_custom_social_template":false,"_wpsp_social_scheduling":{"enabled":false,"datetime":null,"platforms":[],"status":"template_only","dateOption":"today","timeOption":"now","customDays":"","customHours":"","customDate":"","customTime":"","schedulingType":"absolute"},"_wpsp_active_default_template":true},"categories":[52,27],"tags":[],"class_list":["post-6436","post","type-post","status-publish","format-standard","has-post-thumbnail","hentry","category-a-la-une","category-actualite"],"aioseo_notices":[],"yoast_head":"<!-- This site is optimized with the Yoast SEO plugin v27.5 - https:\/\/yoast.com\/product\/yoast-seo-wordpress\/ -->\n<title>Lancement, aujourd\u2019hui, de la campagne nationale de vaccination anti-covid: \u00c9viter de nouvelles vagues de contamination - La Sentinelle<\/title>\n<meta name=\"robots\" content=\"index, follow, max-snippet:-1, max-image-preview:large, max-video-preview:-1\" \/>\n<link rel=\"canonical\" href=\"https:\/\/lasentinelle.dz\/index.php\/2021\/09\/04\/lancement-aujourdhui-de-la-campagne-nationale-de-vaccination-anti-covid-eviter-de-nouvelles-vagues-de-contamination\/\" \/>\n<meta property=\"og:locale\" content=\"fr_FR\" \/>\n<meta property=\"og:type\" content=\"article\" \/>\n<meta property=\"og:title\" content=\"Lancement, aujourd\u2019hui, de la campagne nationale de vaccination anti-covid: \u00c9viter de nouvelles vagues de contamination - La Sentinelle\" \/>\n<meta property=\"og:description\" content=\"Une vaste campagne nationale de vaccination contre le covid-19 est lanc\u00e9e aujourd\u2019hui. L\u2019objectif est de vacciner le plus grand nombre\" \/>\n<meta property=\"og:url\" content=\"https:\/\/lasentinelle.dz\/index.php\/2021\/09\/04\/lancement-aujourdhui-de-la-campagne-nationale-de-vaccination-anti-covid-eviter-de-nouvelles-vagues-de-contamination\/\" \/>\n<meta property=\"og:site_name\" content=\"La Sentinelle\" \/>\n<meta property=\"article:publisher\" content=\"https:\/\/www.facebook.com\/La-Sentinelle-104059864394773\" \/>\n<meta property=\"article:published_time\" content=\"2021-09-03T23:05:00+00:00\" \/>\n<meta property=\"og:image\" content=\"https:\/\/lasentinelle.dz\/wp-content\/uploads\/2021\/09\/vaccination-algerien.jpeg\" \/>\n\t<meta property=\"og:image:width\" content=\"960\" \/>\n\t<meta property=\"og:image:height\" content=\"640\" \/>\n\t<meta property=\"og:image:type\" content=\"image\/jpeg\" \/>\n<meta name=\"author\" content=\"La Sentinelle\" \/>\n<meta name=\"twitter:card\" content=\"summary_large_image\" \/>\n<meta name=\"twitter:label1\" content=\"\u00c9crit par\" \/>\n\t<meta name=\"twitter:data1\" content=\"La Sentinelle\" \/>\n\t<meta name=\"twitter:label2\" content=\"Dur\u00e9e de lecture estim\u00e9e\" \/>\n\t<meta name=\"twitter:data2\" content=\"3 minutes\" \/>\n<script type=\"application\/ld+json\" class=\"yoast-schema-graph\">{\"@context\":\"https:\\\/\\\/schema.org\",\"@graph\":[{\"@type\":\"Article\",\"@id\":\"https:\\\/\\\/lasentinelle.dz\\\/index.php\\\/2021\\\/09\\\/04\\\/lancement-aujourdhui-de-la-campagne-nationale-de-vaccination-anti-covid-eviter-de-nouvelles-vagues-de-contamination\\\/#article\",\"isPartOf\":{\"@id\":\"https:\\\/\\\/lasentinelle.dz\\\/index.php\\\/2021\\\/09\\\/04\\\/lancement-aujourdhui-de-la-campagne-nationale-de-vaccination-anti-covid-eviter-de-nouvelles-vagues-de-contamination\\\/\"},\"author\":{\"name\":\"La Sentinelle\",\"@id\":\"https:\\\/\\\/lasentinelle.dz\\\/#\\\/schema\\\/person\\\/d865044e22e70a75174ce8bcad3acfb3\"},\"headline\":\"Lancement, aujourd\u2019hui, de la campagne nationale de vaccination anti-covid: \u00c9viter de nouvelles vagues de contamination\",\"datePublished\":\"2021-09-03T23:05:00+00:00\",\"mainEntityOfPage\":{\"@id\":\"https:\\\/\\\/lasentinelle.dz\\\/index.php\\\/2021\\\/09\\\/04\\\/lancement-aujourdhui-de-la-campagne-nationale-de-vaccination-anti-covid-eviter-de-nouvelles-vagues-de-contamination\\\/\"},\"wordCount\":774,\"commentCount\":0,\"publisher\":{\"@id\":\"https:\\\/\\\/lasentinelle.dz\\\/#organization\"},\"image\":{\"@id\":\"https:\\\/\\\/lasentinelle.dz\\\/index.php\\\/2021\\\/09\\\/04\\\/lancement-aujourdhui-de-la-campagne-nationale-de-vaccination-anti-covid-eviter-de-nouvelles-vagues-de-contamination\\\/#primaryimage\"},\"thumbnailUrl\":\"https:\\\/\\\/lasentinelle.dz\\\/wp-content\\\/uploads\\\/2021\\\/09\\\/vaccination-algerien.jpeg\",\"articleSection\":[\"\u00c0 la Une\",\"Actualit\u00e9\"],\"inLanguage\":\"fr-FR\",\"potentialAction\":[{\"@type\":\"CommentAction\",\"name\":\"Comment\",\"target\":[\"https:\\\/\\\/lasentinelle.dz\\\/index.php\\\/2021\\\/09\\\/04\\\/lancement-aujourdhui-de-la-campagne-nationale-de-vaccination-anti-covid-eviter-de-nouvelles-vagues-de-contamination\\\/#respond\"]}]},{\"@type\":\"WebPage\",\"@id\":\"https:\\\/\\\/lasentinelle.dz\\\/index.php\\\/2021\\\/09\\\/04\\\/lancement-aujourdhui-de-la-campagne-nationale-de-vaccination-anti-covid-eviter-de-nouvelles-vagues-de-contamination\\\/\",\"url\":\"https:\\\/\\\/lasentinelle.dz\\\/index.php\\\/2021\\\/09\\\/04\\\/lancement-aujourdhui-de-la-campagne-nationale-de-vaccination-anti-covid-eviter-de-nouvelles-vagues-de-contamination\\\/\",\"name\":\"Lancement, aujourd\u2019hui, de la campagne nationale de vaccination anti-covid: \u00c9viter de nouvelles vagues de contamination - La Sentinelle\",\"isPartOf\":{\"@id\":\"https:\\\/\\\/lasentinelle.dz\\\/#website\"},\"primaryImageOfPage\":{\"@id\":\"https:\\\/\\\/lasentinelle.dz\\\/index.php\\\/2021\\\/09\\\/04\\\/lancement-aujourdhui-de-la-campagne-nationale-de-vaccination-anti-covid-eviter-de-nouvelles-vagues-de-contamination\\\/#primaryimage\"},\"image\":{\"@id\":\"https:\\\/\\\/lasentinelle.dz\\\/index.php\\\/2021\\\/09\\\/04\\\/lancement-aujourdhui-de-la-campagne-nationale-de-vaccination-anti-covid-eviter-de-nouvelles-vagues-de-contamination\\\/#primaryimage\"},\"thumbnailUrl\":\"https:\\\/\\\/lasentinelle.dz\\\/wp-content\\\/uploads\\\/2021\\\/09\\\/vaccination-algerien.jpeg\",\"datePublished\":\"2021-09-03T23:05:00+00:00\",\"breadcrumb\":{\"@id\":\"https:\\\/\\\/lasentinelle.dz\\\/index.php\\\/2021\\\/09\\\/04\\\/lancement-aujourdhui-de-la-campagne-nationale-de-vaccination-anti-covid-eviter-de-nouvelles-vagues-de-contamination\\\/#breadcrumb\"},\"inLanguage\":\"fr-FR\",\"potentialAction\":[{\"@type\":\"ReadAction\",\"target\":[\"https:\\\/\\\/lasentinelle.dz\\\/index.php\\\/2021\\\/09\\\/04\\\/lancement-aujourdhui-de-la-campagne-nationale-de-vaccination-anti-covid-eviter-de-nouvelles-vagues-de-contamination\\\/\"]}]},{\"@type\":\"ImageObject\",\"inLanguage\":\"fr-FR\",\"@id\":\"https:\\\/\\\/lasentinelle.dz\\\/index.php\\\/2021\\\/09\\\/04\\\/lancement-aujourdhui-de-la-campagne-nationale-de-vaccination-anti-covid-eviter-de-nouvelles-vagues-de-contamination\\\/#primaryimage\",\"url\":\"https:\\\/\\\/lasentinelle.dz\\\/wp-content\\\/uploads\\\/2021\\\/09\\\/vaccination-algerien.jpeg\",\"contentUrl\":\"https:\\\/\\\/lasentinelle.dz\\\/wp-content\\\/uploads\\\/2021\\\/09\\\/vaccination-algerien.jpeg\",\"width\":960,\"height\":640},{\"@type\":\"BreadcrumbList\",\"@id\":\"https:\\\/\\\/lasentinelle.dz\\\/index.php\\\/2021\\\/09\\\/04\\\/lancement-aujourdhui-de-la-campagne-nationale-de-vaccination-anti-covid-eviter-de-nouvelles-vagues-de-contamination\\\/#breadcrumb\",\"itemListElement\":[{\"@type\":\"ListItem\",\"position\":1,\"name\":\"Accueil\",\"item\":\"https:\\\/\\\/lasentinelle.dz\\\/\"},{\"@type\":\"ListItem\",\"position\":2,\"name\":\"Lancement, aujourd\u2019hui, de la campagne nationale de vaccination anti-covid: \u00c9viter de nouvelles vagues de contamination\"}]},{\"@type\":\"WebSite\",\"@id\":\"https:\\\/\\\/lasentinelle.dz\\\/#website\",\"url\":\"https:\\\/\\\/lasentinelle.dz\\\/\",\"name\":\"La Sentinelle\",\"description\":\"Quotidien national d&#039;information\",\"publisher\":{\"@id\":\"https:\\\/\\\/lasentinelle.dz\\\/#organization\"},\"potentialAction\":[{\"@type\":\"SearchAction\",\"target\":{\"@type\":\"EntryPoint\",\"urlTemplate\":\"https:\\\/\\\/lasentinelle.dz\\\/?s={search_term_string}\"},\"query-input\":{\"@type\":\"PropertyValueSpecification\",\"valueRequired\":true,\"valueName\":\"search_term_string\"}}],\"inLanguage\":\"fr-FR\"},{\"@type\":\"Organization\",\"@id\":\"https:\\\/\\\/lasentinelle.dz\\\/#organization\",\"name\":\"Quotidien La Sentinelle\",\"url\":\"https:\\\/\\\/lasentinelle.dz\\\/\",\"logo\":{\"@type\":\"ImageObject\",\"inLanguage\":\"fr-FR\",\"@id\":\"https:\\\/\\\/lasentinelle.dz\\\/#\\\/schema\\\/logo\\\/image\\\/\",\"url\":\"https:\\\/\\\/lasentinelle.dz\\\/wp-content\\\/uploads\\\/2021\\\/09\\\/logo-sentinelleSLOGAN-1.png\",\"contentUrl\":\"https:\\\/\\\/lasentinelle.dz\\\/wp-content\\\/uploads\\\/2021\\\/09\\\/logo-sentinelleSLOGAN-1.png\",\"width\":615,\"height\":142,\"caption\":\"Quotidien La Sentinelle\"},\"image\":{\"@id\":\"https:\\\/\\\/lasentinelle.dz\\\/#\\\/schema\\\/logo\\\/image\\\/\"},\"sameAs\":[\"https:\\\/\\\/www.facebook.com\\\/La-Sentinelle-104059864394773\"]},{\"@type\":\"Person\",\"@id\":\"https:\\\/\\\/lasentinelle.dz\\\/#\\\/schema\\\/person\\\/d865044e22e70a75174ce8bcad3acfb3\",\"name\":\"La Sentinelle\",\"image\":{\"@type\":\"ImageObject\",\"inLanguage\":\"fr-FR\",\"@id\":\"https:\\\/\\\/secure.gravatar.com\\\/avatar\\\/57de8e5d4b15d43fb361a71fbb36338450fe67865b528a43dd10ef7c51a20392?s=96&d=mm&r=g\",\"url\":\"https:\\\/\\\/secure.gravatar.com\\\/avatar\\\/57de8e5d4b15d43fb361a71fbb36338450fe67865b528a43dd10ef7c51a20392?s=96&d=mm&r=g\",\"contentUrl\":\"https:\\\/\\\/secure.gravatar.com\\\/avatar\\\/57de8e5d4b15d43fb361a71fbb36338450fe67865b528a43dd10ef7c51a20392?s=96&d=mm&r=g\",\"caption\":\"La Sentinelle\"},\"sameAs\":[\"http:\\\/\\\/www.lasentinelle.dz\"],\"url\":\"https:\\\/\\\/lasentinelle.dz\\\/author\\\/redaction\\\/\"}]}<\/script>\n<!-- \/ Yoast SEO plugin. -->","yoast_head_json":{"title":"Lancement, aujourd\u2019hui, de la campagne nationale de vaccination anti-covid: \u00c9viter de nouvelles vagues de contamination - La Sentinelle","robots":{"index":"index","follow":"follow","max-snippet":"max-snippet:-1","max-image-preview":"max-image-preview:large","max-video-preview":"max-video-preview:-1"},"canonical":"https:\/\/lasentinelle.dz\/index.php\/2021\/09\/04\/lancement-aujourdhui-de-la-campagne-nationale-de-vaccination-anti-covid-eviter-de-nouvelles-vagues-de-contamination\/","og_locale":"fr_FR","og_type":"article","og_title":"Lancement, aujourd\u2019hui, de la campagne nationale de vaccination anti-covid: \u00c9viter de nouvelles vagues de contamination - La Sentinelle","og_description":"Une vaste campagne nationale de vaccination contre le covid-19 est lanc\u00e9e aujourd\u2019hui. L\u2019objectif est de vacciner le plus grand nombre","og_url":"https:\/\/lasentinelle.dz\/index.php\/2021\/09\/04\/lancement-aujourdhui-de-la-campagne-nationale-de-vaccination-anti-covid-eviter-de-nouvelles-vagues-de-contamination\/","og_site_name":"La Sentinelle","article_publisher":"https:\/\/www.facebook.com\/La-Sentinelle-104059864394773","article_published_time":"2021-09-03T23:05:00+00:00","og_image":[{"width":960,"height":640,"url":"https:\/\/lasentinelle.dz\/wp-content\/uploads\/2021\/09\/vaccination-algerien.jpeg","type":"image\/jpeg"}],"author":"La Sentinelle","twitter_card":"summary_large_image","twitter_misc":{"\u00c9crit par":"La Sentinelle","Dur\u00e9e de lecture estim\u00e9e":"3 minutes"},"schema":{"@context":"https:\/\/schema.org","@graph":[{"@type":"Article","@id":"https:\/\/lasentinelle.dz\/index.php\/2021\/09\/04\/lancement-aujourdhui-de-la-campagne-nationale-de-vaccination-anti-covid-eviter-de-nouvelles-vagues-de-contamination\/#article","isPartOf":{"@id":"https:\/\/lasentinelle.dz\/index.php\/2021\/09\/04\/lancement-aujourdhui-de-la-campagne-nationale-de-vaccination-anti-covid-eviter-de-nouvelles-vagues-de-contamination\/"},"author":{"name":"La Sentinelle","@id":"https:\/\/lasentinelle.dz\/#\/schema\/person\/d865044e22e70a75174ce8bcad3acfb3"},"headline":"Lancement, aujourd\u2019hui, de la campagne nationale de vaccination anti-covid: \u00c9viter de nouvelles vagues de contamination","datePublished":"2021-09-03T23:05:00+00:00","mainEntityOfPage":{"@id":"https:\/\/lasentinelle.dz\/index.php\/2021\/09\/04\/lancement-aujourdhui-de-la-campagne-nationale-de-vaccination-anti-covid-eviter-de-nouvelles-vagues-de-contamination\/"},"wordCount":774,"commentCount":0,"publisher":{"@id":"https:\/\/lasentinelle.dz\/#organization"},"image":{"@id":"https:\/\/lasentinelle.dz\/index.php\/2021\/09\/04\/lancement-aujourdhui-de-la-campagne-nationale-de-vaccination-anti-covid-eviter-de-nouvelles-vagues-de-contamination\/#primaryimage"},"thumbnailUrl":"https:\/\/lasentinelle.dz\/wp-content\/uploads\/2021\/09\/vaccination-algerien.jpeg","articleSection":["\u00c0 la Une","Actualit\u00e9"],"inLanguage":"fr-FR","potentialAction":[{"@type":"CommentAction","name":"Comment","target":["https:\/\/lasentinelle.dz\/index.php\/2021\/09\/04\/lancement-aujourdhui-de-la-campagne-nationale-de-vaccination-anti-covid-eviter-de-nouvelles-vagues-de-contamination\/#respond"]}]},{"@type":"WebPage","@id":"https:\/\/lasentinelle.dz\/index.php\/2021\/09\/04\/lancement-aujourdhui-de-la-campagne-nationale-de-vaccination-anti-covid-eviter-de-nouvelles-vagues-de-contamination\/","url":"https:\/\/lasentinelle.dz\/index.php\/2021\/09\/04\/lancement-aujourdhui-de-la-campagne-nationale-de-vaccination-anti-covid-eviter-de-nouvelles-vagues-de-contamination\/","name":"Lancement, aujourd\u2019hui, de la campagne nationale de vaccination anti-covid: \u00c9viter de nouvelles vagues de contamination - La Sentinelle","isPartOf":{"@id":"https:\/\/lasentinelle.dz\/#website"},"primaryImageOfPage":{"@id":"https:\/\/lasentinelle.dz\/index.php\/2021\/09\/04\/lancement-aujourdhui-de-la-campagne-nationale-de-vaccination-anti-covid-eviter-de-nouvelles-vagues-de-contamination\/#primaryimage"},"image":{"@id":"https:\/\/lasentinelle.dz\/index.php\/2021\/09\/04\/lancement-aujourdhui-de-la-campagne-nationale-de-vaccination-anti-covid-eviter-de-nouvelles-vagues-de-contamination\/#primaryimage"},"thumbnailUrl":"https:\/\/lasentinelle.dz\/wp-content\/uploads\/2021\/09\/vaccination-algerien.jpeg","datePublished":"2021-09-03T23:05:00+00:00","breadcrumb":{"@id":"https:\/\/lasentinelle.dz\/index.php\/2021\/09\/04\/lancement-aujourdhui-de-la-campagne-nationale-de-vaccination-anti-covid-eviter-de-nouvelles-vagues-de-contamination\/#breadcrumb"},"inLanguage":"fr-FR","potentialAction":[{"@type":"ReadAction","target":["https:\/\/lasentinelle.dz\/index.php\/2021\/09\/04\/lancement-aujourdhui-de-la-campagne-nationale-de-vaccination-anti-covid-eviter-de-nouvelles-vagues-de-contamination\/"]}]},{"@type":"ImageObject","inLanguage":"fr-FR","@id":"https:\/\/lasentinelle.dz\/index.php\/2021\/09\/04\/lancement-aujourdhui-de-la-campagne-nationale-de-vaccination-anti-covid-eviter-de-nouvelles-vagues-de-contamination\/#primaryimage","url":"https:\/\/lasentinelle.dz\/wp-content\/uploads\/2021\/09\/vaccination-algerien.jpeg","contentUrl":"https:\/\/lasentinelle.dz\/wp-content\/uploads\/2021\/09\/vaccination-algerien.jpeg","width":960,"height":640},{"@type":"BreadcrumbList","@id":"https:\/\/lasentinelle.dz\/index.php\/2021\/09\/04\/lancement-aujourdhui-de-la-campagne-nationale-de-vaccination-anti-covid-eviter-de-nouvelles-vagues-de-contamination\/#breadcrumb","itemListElement":[{"@type":"ListItem","position":1,"name":"Accueil","item":"https:\/\/lasentinelle.dz\/"},{"@type":"ListItem","position":2,"name":"Lancement, aujourd\u2019hui, de la campagne nationale de vaccination anti-covid: \u00c9viter de nouvelles vagues de contamination"}]},{"@type":"WebSite","@id":"https:\/\/lasentinelle.dz\/#website","url":"https:\/\/lasentinelle.dz\/","name":"La Sentinelle","description":"Quotidien national d&#039;information","publisher":{"@id":"https:\/\/lasentinelle.dz\/#organization"},"potentialAction":[{"@type":"SearchAction","target":{"@type":"EntryPoint","urlTemplate":"https:\/\/lasentinelle.dz\/?s={search_term_string}"},"query-input":{"@type":"PropertyValueSpecification","valueRequired":true,"valueName":"search_term_string"}}],"inLanguage":"fr-FR"},{"@type":"Organization","@id":"https:\/\/lasentinelle.dz\/#organization","name":"Quotidien La Sentinelle","url":"https:\/\/lasentinelle.dz\/","logo":{"@type":"ImageObject","inLanguage":"fr-FR","@id":"https:\/\/lasentinelle.dz\/#\/schema\/logo\/image\/","url":"https:\/\/lasentinelle.dz\/wp-content\/uploads\/2021\/09\/logo-sentinelleSLOGAN-1.png","contentUrl":"https:\/\/lasentinelle.dz\/wp-content\/uploads\/2021\/09\/logo-sentinelleSLOGAN-1.png","width":615,"height":142,"caption":"Quotidien La Sentinelle"},"image":{"@id":"https:\/\/lasentinelle.dz\/#\/schema\/logo\/image\/"},"sameAs":["https:\/\/www.facebook.com\/La-Sentinelle-104059864394773"]},{"@type":"Person","@id":"https:\/\/lasentinelle.dz\/#\/schema\/person\/d865044e22e70a75174ce8bcad3acfb3","name":"La Sentinelle","image":{"@type":"ImageObject","inLanguage":"fr-FR","@id":"https:\/\/secure.gravatar.com\/avatar\/57de8e5d4b15d43fb361a71fbb36338450fe67865b528a43dd10ef7c51a20392?s=96&d=mm&r=g","url":"https:\/\/secure.gravatar.com\/avatar\/57de8e5d4b15d43fb361a71fbb36338450fe67865b528a43dd10ef7c51a20392?s=96&d=mm&r=g","contentUrl":"https:\/\/secure.gravatar.com\/avatar\/57de8e5d4b15d43fb361a71fbb36338450fe67865b528a43dd10ef7c51a20392?s=96&d=mm&r=g","caption":"La Sentinelle"},"sameAs":["http:\/\/www.lasentinelle.dz"],"url":"https:\/\/lasentinelle.dz\/author\/redaction\/"}]}},"_links":{"self":[{"href":"https:\/\/lasentinelle.dz\/index.php\/wp-json\/wp\/v2\/posts\/6436","targetHints":{"allow":["GET"]}}],"collection":[{"href":"https:\/\/lasentinelle.dz\/index.php\/wp-json\/wp\/v2\/posts"}],"about":[{"href":"https:\/\/lasentinelle.dz\/index.php\/wp-json\/wp\/v2\/types\/post"}],"author":[{"embeddable":true,"href":"https:\/\/lasentinelle.dz\/index.php\/wp-json\/wp\/v2\/users\/3"}],"replies":[{"embeddable":true,"href":"https:\/\/lasentinelle.dz\/index.php\/wp-json\/wp\/v2\/comments?post=6436"}],"version-history":[{"count":1,"href":"https:\/\/lasentinelle.dz\/index.php\/wp-json\/wp\/v2\/posts\/6436\/revisions"}],"predecessor-version":[{"id":6444,"href":"https:\/\/lasentinelle.dz\/index.php\/wp-json\/wp\/v2\/posts\/6436\/revisions\/6444"}],"wp:featuredmedia":[{"embeddable":true,"href":"https:\/\/lasentinelle.dz\/index.php\/wp-json\/wp\/v2\/media\/6443"}],"wp:attachment":[{"href":"https:\/\/lasentinelle.dz\/index.php\/wp-json\/wp\/v2\/media?parent=6436"}],"wp:term":[{"taxonomy":"category","embeddable":true,"href":"https:\/\/lasentinelle.dz\/index.php\/wp-json\/wp\/v2\/categories?post=6436"},{"taxonomy":"post_tag","embeddable":true,"href":"https:\/\/lasentinelle.dz\/index.php\/wp-json\/wp\/v2\/tags?post=6436"}],"curies":[{"name":"wp","href":"https:\/\/api.w.org\/{rel}","templated":true}]}}