{"id":6440,"date":"2021-09-04T00:01:00","date_gmt":"2021-09-03T23:01:00","guid":{"rendered":"https:\/\/lasentinelle.dz\/?p=6440"},"modified":"2021-09-03T18:35:30","modified_gmt":"2021-09-03T17:35:30","slug":"ammar-belhimer-ministre-de-la-communication-lalgerie-fait-lobjet-dune-veritable-guerre-systematique","status":"publish","type":"post","link":"https:\/\/lasentinelle.dz\/index.php\/2021\/09\/04\/ammar-belhimer-ministre-de-la-communication-lalgerie-fait-lobjet-dune-veritable-guerre-systematique\/","title":{"rendered":"Ammar Belhimer, ministre de la Communication : \u00abL\u2019Alg\u00e9rie fait l\u2019objet d&rsquo;une v\u00e9ritable guerre syst\u00e9matique\u00bb"},"content":{"rendered":"\n<p>Le ministre de la Communication, Ammar Belhimer, a affirm\u00e9 mercredi entretien accord\u00e9 au m\u00e9dia \u00e9lectronique \u00ab Djalia.dz \u00bb,que l&rsquo;alliance maroco-sioniste contre l&rsquo;Alg\u00e9rie s&rsquo;est confront\u00e9 \u00e0 un\u00ab&nbsp;mur invincible \u00e9difi\u00e9 par une coalition infuse et solide&nbsp;\u00bb. Un rempart invincible constitu\u00e9, a expliqu\u00e9 Ammar Belhimer par \u00ab&nbsp;l\u2019alliance naturelle et forte entre le peuple et ses institutions \u00e9tatiques, alliance qui s\u2019est concr\u00e9tis\u00e9e par les positions immuables de tous les Alg\u00e9riens \u00e0 travers les r\u00e9seaux sociaux&nbsp;\u00bb.&nbsp; Le ministre de la Communication a r\u00e9affirm\u00e9 que \u00ab&nbsp;l\u2019Alg\u00e9rie forte des constantes de son peuple et de ses institutions constitutionnelles, fait l&rsquo;objet d&rsquo;une v\u00e9ritable guerre syst\u00e9matique qui n&rsquo;est pas seulement une campagne hostile de la part de plusieurs parties, en t\u00eate desquelles l&rsquo;alliance maroco-sioniste&nbsp; Le premier responsable du d\u00e9partement de la Communication a jug\u00e9 normal voire important&nbsp; que le secteur de l\u2019information&nbsp; soit mis \u00e0 contribution pour d\u00e9fendre notre&nbsp; pays contre les mensonges et fausses rumeurs distill\u00e9es par l\u2019alliance contre-nature constitu\u00e9e par le Maroc et l\u2019entit\u00e9 sioniste, en consacrant de grands et nombreux espaces pour r\u00e9pondre aux d\u00e9tracteurs et \u00e9clairer l\u2019opinion publique aussi bien nationale qu\u2019internationale et en mettant \u00e0 nu les desseins malveillants de ces deux ennemis de l\u2019Alg\u00e9rie, et m\u00eame des autres ennemis \u00ab&nbsp;en se basant sur les v\u00e9rit\u00e9s historiques, les documents et informations exacts qui d\u00e9voilent la perfidie et la d\u00e9sinformation de tous ceux qui attentent \u00e0 l&rsquo;Alg\u00e9rie, \u00e0 ses symboles historiques et r\u00e9volutionnaire et \u00e0 la solidit\u00e9, la coh\u00e9sion et la synergie entre son peuple et ses institutions, au premier rang desquelles figure l&rsquo;institution de l&rsquo;Arm\u00e9e nationale populaire (ANP), digne h\u00e9riti\u00e8re de l&rsquo;Arm\u00e9e de lib\u00e9ration nationale (ALN)&nbsp;\u00bb. Une op\u00e9ration, a soulign\u00e9 M. Belhimer, men\u00e9e par les m\u00e9dias nationaux des deux secteurs et qui est confort\u00e9e par \u00ab&nbsp;la contribution des ul\u00e9mas et des sp\u00e9cialistes alg\u00e9riens et internationaux connus pour leur int\u00e9grit\u00e9 intellectuelle et leur comp\u00e9tence scientifique dans divers domaines&nbsp;\u00bb. S\u2019exprimant sur les projets de loi organique concernant la communication et l\u2019audiovisuel, le ministre a indiqu\u00e9 que les deux textes \u00ab&nbsp;seront bient\u00f4t soumis au Parlement pour enrichissement et approbation, ceci en plus du prochain lancement de la chaine parlementaire alg\u00e9rienne dont les fondements sont d\u00e9j\u00e0 mis en place&nbsp;\u00bb. Et de pr\u00e9ciser que son d\u00e9partement continue son travail pour renforcer la communication institutionnelle et les moyens de communication \u00e9lectronique et th\u00e9matique, dont le lancement d\u2019une cha\u00eene internationale qui constitue l\u2019une des priorit\u00e9s inscrites au programme du pr\u00e9sident de la R\u00e9publique. Pour ce qui est de la cr\u00e9ation d\u2019une chaine internationale, Ammar Belhimer a rappel\u00e9 que, conform\u00e9ment au programme du pr\u00e9sident de la R\u00e9publique, l\u2019Alg\u00e9rie compte se doter d\u2019une chaine internationale pour faire conna\u00eetre l\u2019Alg\u00e9rie au niveau mondial tout en expliquant ses diff\u00e9rentes positions, afin de dresser des barri\u00e8res contre toutes les rumeurs qui circulent sur notre pays. \u00ab Le paysage audiovisuel alg\u00e9rien s\u2019est confort\u00e9 par la cr\u00e9ation de plusieurs chaines th\u00e9matiques, \u00e0 l\u2019instar de \u2018El Maarifa\u2019, \u2018Edhakira\u2019, \u2018Echchababia\u2019, bient\u00f4t la cha\u00eene parlementaire et nous sommes sur la voie de compl\u00e9ter sur cette voie par la cr\u00e9ation d\u2019une cha\u00eene internationale \u00bb, a annonc\u00e9 le ministre de la communication. Parmi les objectifs de la cr\u00e9ation d\u2019une cha\u00eene internationale, M. Belhimer a cit\u00e9 le raffermissement des liens d\u2019appartenance entre la patrie et notre communaut\u00e9 install\u00e9e \u00e0 l\u2019\u00e9tranger, afin de remplir le vide culturel et informationnel qui est mis en avant par l\u2019ignorance de nombreux \u00e9trangers de la v\u00e9rit\u00e9 et de la culture alg\u00e9riennes et, enfin, participer \u00e0 am\u00e9liorer l\u2019image de marque de l\u2019Alg\u00e9rie \u00e0 l\u2019\u00e9tranger, notamment pour promouvoir son c\u00f4t\u00e9 touristique<\/p>\n\n\n\n<p><strong>Sofia Chahine<\/strong><\/p>\n","protected":false},"excerpt":{"rendered":"<p>Le ministre de la Communication, Ammar Belhimer, a affirm\u00e9 mercredi entretien accord\u00e9 au m\u00e9dia \u00e9lectronique \u00ab Djalia.dz \u00bb,que l&rsquo;alliance maroco-sioniste<\/p>\n","protected":false},"author":3,"featured_media":6445,"comment_status":"open","ping_status":"closed","sticky":false,"template":"","format":"standard","meta":{"colormag_page_container_layout":"default_layout","colormag_page_sidebar_layout":"default_layout","om_disable_all_campaigns":false,"_monsterinsights_skip_tracking":false,"_monsterinsights_sitenote_active":false,"_monsterinsights_sitenote_note":"","_monsterinsights_sitenote_category":0,"footnotes":"","_wpscppro_dont_share_socialmedia":false,"_wpscppro_custom_social_share_image":0,"_facebook_share_type":"","_twitter_share_type":"","_linkedin_share_type":"","_pinterest_share_type":"","_linkedin_share_type_page":"","_instagram_share_type":"","_medium_share_type":"","_threads_share_type":"","_google_business_share_type":"","_selected_social_profile":[],"_wpsp_enable_custom_social_template":false,"_wpsp_social_scheduling":{"enabled":false,"datetime":null,"platforms":[],"status":"template_only","dateOption":"today","timeOption":"now","customDays":"","customHours":"","customDate":"","customTime":"","schedulingType":"absolute"},"_wpsp_active_default_template":true},"categories":[27],"tags":[],"class_list":["post-6440","post","type-post","status-publish","format-standard","has-post-thumbnail","hentry","category-actualite"],"aioseo_notices":[],"yoast_head":"<!-- This site is optimized with the Yoast SEO plugin v27.5 - https:\/\/yoast.com\/product\/yoast-seo-wordpress\/ -->\n<title>Ammar Belhimer, ministre de la Communication : \u00abL\u2019Alg\u00e9rie fait l\u2019objet d&#039;une v\u00e9ritable guerre syst\u00e9matique\u00bb - La Sentinelle<\/title>\n<meta name=\"robots\" content=\"index, follow, max-snippet:-1, max-image-preview:large, max-video-preview:-1\" \/>\n<link rel=\"canonical\" href=\"https:\/\/lasentinelle.dz\/index.php\/2021\/09\/04\/ammar-belhimer-ministre-de-la-communication-lalgerie-fait-lobjet-dune-veritable-guerre-systematique\/\" \/>\n<meta property=\"og:locale\" content=\"fr_FR\" \/>\n<meta property=\"og:type\" content=\"article\" \/>\n<meta property=\"og:title\" content=\"Ammar Belhimer, ministre de la Communication : \u00abL\u2019Alg\u00e9rie fait l\u2019objet d&#039;une v\u00e9ritable guerre syst\u00e9matique\u00bb - La Sentinelle\" \/>\n<meta property=\"og:description\" content=\"Le ministre de la Communication, Ammar Belhimer, a affirm\u00e9 mercredi entretien accord\u00e9 au m\u00e9dia \u00e9lectronique \u00ab Djalia.dz \u00bb,que l&rsquo;alliance maroco-sioniste\" \/>\n<meta property=\"og:url\" content=\"https:\/\/lasentinelle.dz\/index.php\/2021\/09\/04\/ammar-belhimer-ministre-de-la-communication-lalgerie-fait-lobjet-dune-veritable-guerre-systematique\/\" \/>\n<meta property=\"og:site_name\" content=\"La Sentinelle\" \/>\n<meta property=\"article:publisher\" content=\"https:\/\/www.facebook.com\/La-Sentinelle-104059864394773\" \/>\n<meta property=\"article:published_time\" content=\"2021-09-03T23:01:00+00:00\" \/>\n<meta property=\"og:image\" content=\"https:\/\/lasentinelle.dz\/wp-content\/uploads\/2021\/09\/image_2021-09-03_183524.png\" \/>\n\t<meta property=\"og:image:width\" content=\"512\" \/>\n\t<meta property=\"og:image:height\" content=\"289\" \/>\n\t<meta property=\"og:image:type\" content=\"image\/png\" \/>\n<meta name=\"author\" content=\"La Sentinelle\" \/>\n<meta name=\"twitter:card\" content=\"summary_large_image\" \/>\n<meta name=\"twitter:label1\" content=\"\u00c9crit par\" \/>\n\t<meta name=\"twitter:data1\" content=\"La Sentinelle\" \/>\n\t<meta name=\"twitter:label2\" content=\"Dur\u00e9e de lecture estim\u00e9e\" \/>\n\t<meta name=\"twitter:data2\" content=\"3 minutes\" \/>\n<script type=\"application\/ld+json\" class=\"yoast-schema-graph\">{\"@context\":\"https:\\\/\\\/schema.org\",\"@graph\":[{\"@type\":\"Article\",\"@id\":\"https:\\\/\\\/lasentinelle.dz\\\/index.php\\\/2021\\\/09\\\/04\\\/ammar-belhimer-ministre-de-la-communication-lalgerie-fait-lobjet-dune-veritable-guerre-systematique\\\/#article\",\"isPartOf\":{\"@id\":\"https:\\\/\\\/lasentinelle.dz\\\/index.php\\\/2021\\\/09\\\/04\\\/ammar-belhimer-ministre-de-la-communication-lalgerie-fait-lobjet-dune-veritable-guerre-systematique\\\/\"},\"author\":{\"name\":\"La Sentinelle\",\"@id\":\"https:\\\/\\\/lasentinelle.dz\\\/#\\\/schema\\\/person\\\/d865044e22e70a75174ce8bcad3acfb3\"},\"headline\":\"Ammar Belhimer, ministre de la Communication : \u00abL\u2019Alg\u00e9rie fait l\u2019objet d&rsquo;une v\u00e9ritable guerre syst\u00e9matique\u00bb\",\"datePublished\":\"2021-09-03T23:01:00+00:00\",\"mainEntityOfPage\":{\"@id\":\"https:\\\/\\\/lasentinelle.dz\\\/index.php\\\/2021\\\/09\\\/04\\\/ammar-belhimer-ministre-de-la-communication-lalgerie-fait-lobjet-dune-veritable-guerre-systematique\\\/\"},\"wordCount\":708,\"commentCount\":0,\"publisher\":{\"@id\":\"https:\\\/\\\/lasentinelle.dz\\\/#organization\"},\"image\":{\"@id\":\"https:\\\/\\\/lasentinelle.dz\\\/index.php\\\/2021\\\/09\\\/04\\\/ammar-belhimer-ministre-de-la-communication-lalgerie-fait-lobjet-dune-veritable-guerre-systematique\\\/#primaryimage\"},\"thumbnailUrl\":\"https:\\\/\\\/lasentinelle.dz\\\/wp-content\\\/uploads\\\/2021\\\/09\\\/image_2021-09-03_183524.png\",\"articleSection\":[\"Actualit\u00e9\"],\"inLanguage\":\"fr-FR\",\"potentialAction\":[{\"@type\":\"CommentAction\",\"name\":\"Comment\",\"target\":[\"https:\\\/\\\/lasentinelle.dz\\\/index.php\\\/2021\\\/09\\\/04\\\/ammar-belhimer-ministre-de-la-communication-lalgerie-fait-lobjet-dune-veritable-guerre-systematique\\\/#respond\"]}]},{\"@type\":\"WebPage\",\"@id\":\"https:\\\/\\\/lasentinelle.dz\\\/index.php\\\/2021\\\/09\\\/04\\\/ammar-belhimer-ministre-de-la-communication-lalgerie-fait-lobjet-dune-veritable-guerre-systematique\\\/\",\"url\":\"https:\\\/\\\/lasentinelle.dz\\\/index.php\\\/2021\\\/09\\\/04\\\/ammar-belhimer-ministre-de-la-communication-lalgerie-fait-lobjet-dune-veritable-guerre-systematique\\\/\",\"name\":\"Ammar Belhimer, ministre de la Communication : \u00abL\u2019Alg\u00e9rie fait l\u2019objet d'une v\u00e9ritable guerre syst\u00e9matique\u00bb - La Sentinelle\",\"isPartOf\":{\"@id\":\"https:\\\/\\\/lasentinelle.dz\\\/#website\"},\"primaryImageOfPage\":{\"@id\":\"https:\\\/\\\/lasentinelle.dz\\\/index.php\\\/2021\\\/09\\\/04\\\/ammar-belhimer-ministre-de-la-communication-lalgerie-fait-lobjet-dune-veritable-guerre-systematique\\\/#primaryimage\"},\"image\":{\"@id\":\"https:\\\/\\\/lasentinelle.dz\\\/index.php\\\/2021\\\/09\\\/04\\\/ammar-belhimer-ministre-de-la-communication-lalgerie-fait-lobjet-dune-veritable-guerre-systematique\\\/#primaryimage\"},\"thumbnailUrl\":\"https:\\\/\\\/lasentinelle.dz\\\/wp-content\\\/uploads\\\/2021\\\/09\\\/image_2021-09-03_183524.png\",\"datePublished\":\"2021-09-03T23:01:00+00:00\",\"breadcrumb\":{\"@id\":\"https:\\\/\\\/lasentinelle.dz\\\/index.php\\\/2021\\\/09\\\/04\\\/ammar-belhimer-ministre-de-la-communication-lalgerie-fait-lobjet-dune-veritable-guerre-systematique\\\/#breadcrumb\"},\"inLanguage\":\"fr-FR\",\"potentialAction\":[{\"@type\":\"ReadAction\",\"target\":[\"https:\\\/\\\/lasentinelle.dz\\\/index.php\\\/2021\\\/09\\\/04\\\/ammar-belhimer-ministre-de-la-communication-lalgerie-fait-lobjet-dune-veritable-guerre-systematique\\\/\"]}]},{\"@type\":\"ImageObject\",\"inLanguage\":\"fr-FR\",\"@id\":\"https:\\\/\\\/lasentinelle.dz\\\/index.php\\\/2021\\\/09\\\/04\\\/ammar-belhimer-ministre-de-la-communication-lalgerie-fait-lobjet-dune-veritable-guerre-systematique\\\/#primaryimage\",\"url\":\"https:\\\/\\\/lasentinelle.dz\\\/wp-content\\\/uploads\\\/2021\\\/09\\\/image_2021-09-03_183524.png\",\"contentUrl\":\"https:\\\/\\\/lasentinelle.dz\\\/wp-content\\\/uploads\\\/2021\\\/09\\\/image_2021-09-03_183524.png\",\"width\":512,\"height\":289},{\"@type\":\"BreadcrumbList\",\"@id\":\"https:\\\/\\\/lasentinelle.dz\\\/index.php\\\/2021\\\/09\\\/04\\\/ammar-belhimer-ministre-de-la-communication-lalgerie-fait-lobjet-dune-veritable-guerre-systematique\\\/#breadcrumb\",\"itemListElement\":[{\"@type\":\"ListItem\",\"position\":1,\"name\":\"Accueil\",\"item\":\"https:\\\/\\\/lasentinelle.dz\\\/\"},{\"@type\":\"ListItem\",\"position\":2,\"name\":\"Ammar Belhimer, ministre de la Communication : \u00abL\u2019Alg\u00e9rie fait l\u2019objet d&rsquo;une v\u00e9ritable guerre syst\u00e9matique\u00bb\"}]},{\"@type\":\"WebSite\",\"@id\":\"https:\\\/\\\/lasentinelle.dz\\\/#website\",\"url\":\"https:\\\/\\\/lasentinelle.dz\\\/\",\"name\":\"La Sentinelle\",\"description\":\"Quotidien national d&#039;information\",\"publisher\":{\"@id\":\"https:\\\/\\\/lasentinelle.dz\\\/#organization\"},\"potentialAction\":[{\"@type\":\"SearchAction\",\"target\":{\"@type\":\"EntryPoint\",\"urlTemplate\":\"https:\\\/\\\/lasentinelle.dz\\\/?s={search_term_string}\"},\"query-input\":{\"@type\":\"PropertyValueSpecification\",\"valueRequired\":true,\"valueName\":\"search_term_string\"}}],\"inLanguage\":\"fr-FR\"},{\"@type\":\"Organization\",\"@id\":\"https:\\\/\\\/lasentinelle.dz\\\/#organization\",\"name\":\"Quotidien La Sentinelle\",\"url\":\"https:\\\/\\\/lasentinelle.dz\\\/\",\"logo\":{\"@type\":\"ImageObject\",\"inLanguage\":\"fr-FR\",\"@id\":\"https:\\\/\\\/lasentinelle.dz\\\/#\\\/schema\\\/logo\\\/image\\\/\",\"url\":\"https:\\\/\\\/lasentinelle.dz\\\/wp-content\\\/uploads\\\/2021\\\/09\\\/logo-sentinelleSLOGAN-1.png\",\"contentUrl\":\"https:\\\/\\\/lasentinelle.dz\\\/wp-content\\\/uploads\\\/2021\\\/09\\\/logo-sentinelleSLOGAN-1.png\",\"width\":615,\"height\":142,\"caption\":\"Quotidien La Sentinelle\"},\"image\":{\"@id\":\"https:\\\/\\\/lasentinelle.dz\\\/#\\\/schema\\\/logo\\\/image\\\/\"},\"sameAs\":[\"https:\\\/\\\/www.facebook.com\\\/La-Sentinelle-104059864394773\"]},{\"@type\":\"Person\",\"@id\":\"https:\\\/\\\/lasentinelle.dz\\\/#\\\/schema\\\/person\\\/d865044e22e70a75174ce8bcad3acfb3\",\"name\":\"La Sentinelle\",\"image\":{\"@type\":\"ImageObject\",\"inLanguage\":\"fr-FR\",\"@id\":\"https:\\\/\\\/secure.gravatar.com\\\/avatar\\\/57de8e5d4b15d43fb361a71fbb36338450fe67865b528a43dd10ef7c51a20392?s=96&d=mm&r=g\",\"url\":\"https:\\\/\\\/secure.gravatar.com\\\/avatar\\\/57de8e5d4b15d43fb361a71fbb36338450fe67865b528a43dd10ef7c51a20392?s=96&d=mm&r=g\",\"contentUrl\":\"https:\\\/\\\/secure.gravatar.com\\\/avatar\\\/57de8e5d4b15d43fb361a71fbb36338450fe67865b528a43dd10ef7c51a20392?s=96&d=mm&r=g\",\"caption\":\"La Sentinelle\"},\"sameAs\":[\"http:\\\/\\\/www.lasentinelle.dz\"],\"url\":\"https:\\\/\\\/lasentinelle.dz\\\/author\\\/redaction\\\/\"}]}<\/script>\n<!-- \/ Yoast SEO plugin. -->","yoast_head_json":{"title":"Ammar Belhimer, ministre de la Communication : \u00abL\u2019Alg\u00e9rie fait l\u2019objet d'une v\u00e9ritable guerre syst\u00e9matique\u00bb - La Sentinelle","robots":{"index":"index","follow":"follow","max-snippet":"max-snippet:-1","max-image-preview":"max-image-preview:large","max-video-preview":"max-video-preview:-1"},"canonical":"https:\/\/lasentinelle.dz\/index.php\/2021\/09\/04\/ammar-belhimer-ministre-de-la-communication-lalgerie-fait-lobjet-dune-veritable-guerre-systematique\/","og_locale":"fr_FR","og_type":"article","og_title":"Ammar Belhimer, ministre de la Communication : \u00abL\u2019Alg\u00e9rie fait l\u2019objet d'une v\u00e9ritable guerre syst\u00e9matique\u00bb - La Sentinelle","og_description":"Le ministre de la Communication, Ammar Belhimer, a affirm\u00e9 mercredi entretien accord\u00e9 au m\u00e9dia \u00e9lectronique \u00ab Djalia.dz \u00bb,que l&rsquo;alliance maroco-sioniste","og_url":"https:\/\/lasentinelle.dz\/index.php\/2021\/09\/04\/ammar-belhimer-ministre-de-la-communication-lalgerie-fait-lobjet-dune-veritable-guerre-systematique\/","og_site_name":"La Sentinelle","article_publisher":"https:\/\/www.facebook.com\/La-Sentinelle-104059864394773","article_published_time":"2021-09-03T23:01:00+00:00","og_image":[{"width":512,"height":289,"url":"https:\/\/lasentinelle.dz\/wp-content\/uploads\/2021\/09\/image_2021-09-03_183524.png","type":"image\/png"}],"author":"La Sentinelle","twitter_card":"summary_large_image","twitter_misc":{"\u00c9crit par":"La Sentinelle","Dur\u00e9e de lecture estim\u00e9e":"3 minutes"},"schema":{"@context":"https:\/\/schema.org","@graph":[{"@type":"Article","@id":"https:\/\/lasentinelle.dz\/index.php\/2021\/09\/04\/ammar-belhimer-ministre-de-la-communication-lalgerie-fait-lobjet-dune-veritable-guerre-systematique\/#article","isPartOf":{"@id":"https:\/\/lasentinelle.dz\/index.php\/2021\/09\/04\/ammar-belhimer-ministre-de-la-communication-lalgerie-fait-lobjet-dune-veritable-guerre-systematique\/"},"author":{"name":"La Sentinelle","@id":"https:\/\/lasentinelle.dz\/#\/schema\/person\/d865044e22e70a75174ce8bcad3acfb3"},"headline":"Ammar Belhimer, ministre de la Communication : \u00abL\u2019Alg\u00e9rie fait l\u2019objet d&rsquo;une v\u00e9ritable guerre syst\u00e9matique\u00bb","datePublished":"2021-09-03T23:01:00+00:00","mainEntityOfPage":{"@id":"https:\/\/lasentinelle.dz\/index.php\/2021\/09\/04\/ammar-belhimer-ministre-de-la-communication-lalgerie-fait-lobjet-dune-veritable-guerre-systematique\/"},"wordCount":708,"commentCount":0,"publisher":{"@id":"https:\/\/lasentinelle.dz\/#organization"},"image":{"@id":"https:\/\/lasentinelle.dz\/index.php\/2021\/09\/04\/ammar-belhimer-ministre-de-la-communication-lalgerie-fait-lobjet-dune-veritable-guerre-systematique\/#primaryimage"},"thumbnailUrl":"https:\/\/lasentinelle.dz\/wp-content\/uploads\/2021\/09\/image_2021-09-03_183524.png","articleSection":["Actualit\u00e9"],"inLanguage":"fr-FR","potentialAction":[{"@type":"CommentAction","name":"Comment","target":["https:\/\/lasentinelle.dz\/index.php\/2021\/09\/04\/ammar-belhimer-ministre-de-la-communication-lalgerie-fait-lobjet-dune-veritable-guerre-systematique\/#respond"]}]},{"@type":"WebPage","@id":"https:\/\/lasentinelle.dz\/index.php\/2021\/09\/04\/ammar-belhimer-ministre-de-la-communication-lalgerie-fait-lobjet-dune-veritable-guerre-systematique\/","url":"https:\/\/lasentinelle.dz\/index.php\/2021\/09\/04\/ammar-belhimer-ministre-de-la-communication-lalgerie-fait-lobjet-dune-veritable-guerre-systematique\/","name":"Ammar Belhimer, ministre de la Communication : \u00abL\u2019Alg\u00e9rie fait l\u2019objet d'une v\u00e9ritable guerre syst\u00e9matique\u00bb - La Sentinelle","isPartOf":{"@id":"https:\/\/lasentinelle.dz\/#website"},"primaryImageOfPage":{"@id":"https:\/\/lasentinelle.dz\/index.php\/2021\/09\/04\/ammar-belhimer-ministre-de-la-communication-lalgerie-fait-lobjet-dune-veritable-guerre-systematique\/#primaryimage"},"image":{"@id":"https:\/\/lasentinelle.dz\/index.php\/2021\/09\/04\/ammar-belhimer-ministre-de-la-communication-lalgerie-fait-lobjet-dune-veritable-guerre-systematique\/#primaryimage"},"thumbnailUrl":"https:\/\/lasentinelle.dz\/wp-content\/uploads\/2021\/09\/image_2021-09-03_183524.png","datePublished":"2021-09-03T23:01:00+00:00","breadcrumb":{"@id":"https:\/\/lasentinelle.dz\/index.php\/2021\/09\/04\/ammar-belhimer-ministre-de-la-communication-lalgerie-fait-lobjet-dune-veritable-guerre-systematique\/#breadcrumb"},"inLanguage":"fr-FR","potentialAction":[{"@type":"ReadAction","target":["https:\/\/lasentinelle.dz\/index.php\/2021\/09\/04\/ammar-belhimer-ministre-de-la-communication-lalgerie-fait-lobjet-dune-veritable-guerre-systematique\/"]}]},{"@type":"ImageObject","inLanguage":"fr-FR","@id":"https:\/\/lasentinelle.dz\/index.php\/2021\/09\/04\/ammar-belhimer-ministre-de-la-communication-lalgerie-fait-lobjet-dune-veritable-guerre-systematique\/#primaryimage","url":"https:\/\/lasentinelle.dz\/wp-content\/uploads\/2021\/09\/image_2021-09-03_183524.png","contentUrl":"https:\/\/lasentinelle.dz\/wp-content\/uploads\/2021\/09\/image_2021-09-03_183524.png","width":512,"height":289},{"@type":"BreadcrumbList","@id":"https:\/\/lasentinelle.dz\/index.php\/2021\/09\/04\/ammar-belhimer-ministre-de-la-communication-lalgerie-fait-lobjet-dune-veritable-guerre-systematique\/#breadcrumb","itemListElement":[{"@type":"ListItem","position":1,"name":"Accueil","item":"https:\/\/lasentinelle.dz\/"},{"@type":"ListItem","position":2,"name":"Ammar Belhimer, ministre de la Communication : \u00abL\u2019Alg\u00e9rie fait l\u2019objet d&rsquo;une v\u00e9ritable guerre syst\u00e9matique\u00bb"}]},{"@type":"WebSite","@id":"https:\/\/lasentinelle.dz\/#website","url":"https:\/\/lasentinelle.dz\/","name":"La Sentinelle","description":"Quotidien national d&#039;information","publisher":{"@id":"https:\/\/lasentinelle.dz\/#organization"},"potentialAction":[{"@type":"SearchAction","target":{"@type":"EntryPoint","urlTemplate":"https:\/\/lasentinelle.dz\/?s={search_term_string}"},"query-input":{"@type":"PropertyValueSpecification","valueRequired":true,"valueName":"search_term_string"}}],"inLanguage":"fr-FR"},{"@type":"Organization","@id":"https:\/\/lasentinelle.dz\/#organization","name":"Quotidien La Sentinelle","url":"https:\/\/lasentinelle.dz\/","logo":{"@type":"ImageObject","inLanguage":"fr-FR","@id":"https:\/\/lasentinelle.dz\/#\/schema\/logo\/image\/","url":"https:\/\/lasentinelle.dz\/wp-content\/uploads\/2021\/09\/logo-sentinelleSLOGAN-1.png","contentUrl":"https:\/\/lasentinelle.dz\/wp-content\/uploads\/2021\/09\/logo-sentinelleSLOGAN-1.png","width":615,"height":142,"caption":"Quotidien La Sentinelle"},"image":{"@id":"https:\/\/lasentinelle.dz\/#\/schema\/logo\/image\/"},"sameAs":["https:\/\/www.facebook.com\/La-Sentinelle-104059864394773"]},{"@type":"Person","@id":"https:\/\/lasentinelle.dz\/#\/schema\/person\/d865044e22e70a75174ce8bcad3acfb3","name":"La Sentinelle","image":{"@type":"ImageObject","inLanguage":"fr-FR","@id":"https:\/\/secure.gravatar.com\/avatar\/57de8e5d4b15d43fb361a71fbb36338450fe67865b528a43dd10ef7c51a20392?s=96&d=mm&r=g","url":"https:\/\/secure.gravatar.com\/avatar\/57de8e5d4b15d43fb361a71fbb36338450fe67865b528a43dd10ef7c51a20392?s=96&d=mm&r=g","contentUrl":"https:\/\/secure.gravatar.com\/avatar\/57de8e5d4b15d43fb361a71fbb36338450fe67865b528a43dd10ef7c51a20392?s=96&d=mm&r=g","caption":"La Sentinelle"},"sameAs":["http:\/\/www.lasentinelle.dz"],"url":"https:\/\/lasentinelle.dz\/author\/redaction\/"}]}},"_links":{"self":[{"href":"https:\/\/lasentinelle.dz\/index.php\/wp-json\/wp\/v2\/posts\/6440","targetHints":{"allow":["GET"]}}],"collection":[{"href":"https:\/\/lasentinelle.dz\/index.php\/wp-json\/wp\/v2\/posts"}],"about":[{"href":"https:\/\/lasentinelle.dz\/index.php\/wp-json\/wp\/v2\/types\/post"}],"author":[{"embeddable":true,"href":"https:\/\/lasentinelle.dz\/index.php\/wp-json\/wp\/v2\/users\/3"}],"replies":[{"embeddable":true,"href":"https:\/\/lasentinelle.dz\/index.php\/wp-json\/wp\/v2\/comments?post=6440"}],"version-history":[{"count":1,"href":"https:\/\/lasentinelle.dz\/index.php\/wp-json\/wp\/v2\/posts\/6440\/revisions"}],"predecessor-version":[{"id":6446,"href":"https:\/\/lasentinelle.dz\/index.php\/wp-json\/wp\/v2\/posts\/6440\/revisions\/6446"}],"wp:featuredmedia":[{"embeddable":true,"href":"https:\/\/lasentinelle.dz\/index.php\/wp-json\/wp\/v2\/media\/6445"}],"wp:attachment":[{"href":"https:\/\/lasentinelle.dz\/index.php\/wp-json\/wp\/v2\/media?parent=6440"}],"wp:term":[{"taxonomy":"category","embeddable":true,"href":"https:\/\/lasentinelle.dz\/index.php\/wp-json\/wp\/v2\/categories?post=6440"},{"taxonomy":"post_tag","embeddable":true,"href":"https:\/\/lasentinelle.dz\/index.php\/wp-json\/wp\/v2\/tags?post=6440"}],"curies":[{"name":"wp","href":"https:\/\/api.w.org\/{rel}","templated":true}]}}