{"id":64409,"date":"2025-03-17T12:40:45","date_gmt":"2025-03-17T11:40:45","guid":{"rendered":"https:\/\/lasentinelle.dz\/?p=64409"},"modified":"2025-03-17T12:40:46","modified_gmt":"2025-03-17T11:40:46","slug":"africa-olympic-awards-imane-khelif-et-kaylia-nemour-honorees","status":"publish","type":"post","link":"https:\/\/lasentinelle.dz\/index.php\/2025\/03\/17\/africa-olympic-awards-imane-khelif-et-kaylia-nemour-honorees\/","title":{"rendered":"Africa Olympic Awards : Imane Khelif et Kaylia Nemour honor\u00e9es"},"content":{"rendered":"\n<p>La soir\u00e9e de gala des Africa Olympic Awards, organis\u00e9e par l&rsquo;Association des Comit\u00e9s Nationaux Olympiques Africains (ACNOA), s&rsquo;est tenue ce samedi au Cercle National de l&rsquo;Arm\u00e9e \u00e0 Alger, mettant \u00e0 l&rsquo;honneur l&rsquo;excellence sportive africaine de l&rsquo;ann\u00e9e 2024. Parmi les laur\u00e9ats figuraient deux athl\u00e8tes alg\u00e9riennes m\u00e9daill\u00e9es d&rsquo;or aux Jeux Olympiques de Paris 2024 : Imane Khelif en boxe et Kaylia Nemour en gymnastique, symbolisant la mont\u00e9e en puissance du sport f\u00e9minin alg\u00e9rien sur la sc\u00e8ne internationale.<\/p>\n\n\n\n<p>Cette prestigieuse c\u00e9r\u00e9monie s&rsquo;est d\u00e9roul\u00e9e en pr\u00e9sence de personnalit\u00e9s de premier plan, notamment le ministre des Sports, M. Walid Sadi, et le conseiller du pr\u00e9sident de la R\u00e9publique charg\u00e9 de la Direction g\u00e9n\u00e9rale de la communication, M. Kamel Sidi Said. L&rsquo;\u00e9v\u00e9nement co\u00efncidait avec la 22e session ordinaire de l&rsquo;assembl\u00e9e g\u00e9n\u00e9rale de l&rsquo;ACNOA, qui a vu la r\u00e9\u00e9lection de Mustapha Berraf \u00e0 la pr\u00e9sidence de l&rsquo;instance olympique continentale, confirmant ainsi la stabilit\u00e9 et la continuit\u00e9 dans la gouvernance du sport africain. Les Africa Olympic Awards ont c\u00e9l\u00e9br\u00e9 des parcours sportifs exceptionnels qui ont marqu\u00e9 l&rsquo;ann\u00e9e olympique 2024. La Kenyane Faith Chepngetich Kipyegon, v\u00e9ritable ph\u00e9nom\u00e8ne de l&rsquo;athl\u00e9tisme mondial avec son double titre olympique et son record du monde au 1500 m\u00e8tres, a remport\u00e9 le prix de la meilleure athl\u00e8te f\u00e9minine. Cette distinction vient couronner une carri\u00e8re d\u00e9j\u00e0 jalonn\u00e9e de succ\u00e8s pour celle qui s&rsquo;affirme comme l&rsquo;une des plus grandes coureuses de demi-fond de l&rsquo;histoire. Chez les hommes, c&rsquo;est le Botswanais Letsile Tebogo qui a \u00e9t\u00e9 sacr\u00e9 meilleur athl\u00e8te masculin, r\u00e9compensant ses performances remarquables en sprint sur 100m et 200m qui font de lui l&rsquo;un des successeurs potentiels des l\u00e9gendes du sprint mondial. La c\u00e9r\u00e9monie a \u00e9galement mis en lumi\u00e8re la nouvelle g\u00e9n\u00e9ration d&rsquo;athl\u00e8tes africains avec la cat\u00e9gorie des espoirs. Kaylia Nemour, prodige alg\u00e9rienne de 17 ans, a re\u00e7u le troph\u00e9e du meilleur espoir f\u00e9minin, cons\u00e9cration logique apr\u00e8s son \u00e9blouissante m\u00e9daille d&rsquo;or aux barres asym\u00e9triques lors des Jeux Olympiques de Paris. Son parcours exemplaire illustre l&rsquo;\u00e9mergence d&rsquo;une nouvelle excellence dans la gymnastique africaine, discipline traditionnellement domin\u00e9e par d&rsquo;autres continents. Rappelons que Nemour avait r\u00e9alis\u00e9 une performance historique en d\u00e9crochant la premi\u00e8re m\u00e9daille d&rsquo;or olympique de l&rsquo;histoire de l&rsquo;Alg\u00e9rie en gymnastique, avec un exercice d&rsquo;une difficult\u00e9 et d&rsquo;une ex\u00e9cution exceptionnelles qui lui avait valu la note de 15.700, surclassant la concurrence internationale. Chez les hommes, le Kenyan Emmanuel Wanyonyi, sp\u00e9cialiste du 800 m\u00e8tres, a \u00e9t\u00e9 distingu\u00e9 comme meilleur espoir masculin, confirmant la traditionnelle domination africaine dans les courses de demi-fond. Le secteur de l&rsquo;encadrement technique n&rsquo;a pas \u00e9t\u00e9 oubli\u00e9 avec la mise \u00e0 l&rsquo;honneur des entra\u00eeneurs ayant contribu\u00e9 significativement aux succ\u00e8s africains. Rena Wakama a \u00e9t\u00e9 sacr\u00e9e meilleure entra\u00eeneure f\u00e9minine pour son travail remarquable avec la s\u00e9lection f\u00e9minine nig\u00e9riane de basket-ball, tandis qu&rsquo;Emerse Fa\u00e9, artisan du renouveau du football ivoirien \u00e0 la t\u00eate des \u00c9l\u00e9phants, a \u00e9t\u00e9 d\u00e9sign\u00e9 meilleur entra\u00eeneur masculin.<\/p>\n\n\n\n<p>Hommage \u00e0 la r\u00e9silience<\/p>\n\n\n\n<p>L&rsquo;un des moments forts de la soir\u00e9e fut sans conteste la remise du prix de la r\u00e9silience \u00e0 Imane Khelif. Cette distinction sp\u00e9ciale honore le parcours extraordinaire de la boxeuse alg\u00e9rienne qui, malgr\u00e9 une campagne de harc\u00e8lement d&rsquo;une rare violence ayant entach\u00e9 sa participation aux Jeux Olympiques de Paris, a su faire preuve d&rsquo;une d\u00e9termination sans faille pour d\u00e9crocher la m\u00e9daille d&rsquo;or dans la cat\u00e9gorie des 66 kg. Visiblement \u00e9mue lors de la r\u00e9ception de son prix, Khelif a exprim\u00e9 toute sa gratitude : \u00ab Je suis tr\u00e8s fi\u00e8re de cette r\u00e9compense de la famille sportive africaine. J&rsquo;\u00e9tais en stage au Qatar, mais je tenais \u00e0 \u00eatre pr\u00e9sente ce soir. Merci aux responsables de l&rsquo;ACNOA pour cette distinction qui me va droit au c\u0153ur. \u00bb La boxeuse, qui avait surmont\u00e9 la temp\u00eate m\u00e9diatique pour triompher \u00e0 Paris avec une technique et une puissance impressionnantes, a \u00e9galement affirm\u00e9 sa volont\u00e9 de poursuivre sur sa lanc\u00e9e victorieuse en d\u00e9clarant qu&rsquo;elle continuerait \u00e0 se battre pour d\u00e9crocher de nouvelles cons\u00e9crations, incarnant parfaitement l&rsquo;esprit de pers\u00e9v\u00e9rance c\u00e9l\u00e9br\u00e9 par ce prix. Dans la cat\u00e9gorie masculine, le prix de la r\u00e9silience a \u00e9t\u00e9 attribu\u00e9 au pentathl\u00e8te \u00e9gyptien Ahmed El Gendy, r\u00e9compensant sa pers\u00e9v\u00e9rance et son excellence constante dans cette discipline exigeante. La c\u00e9r\u00e9monie s&rsquo;est \u00e9galement distingu\u00e9e par un moment d&rsquo;\u00e9motion avec la remise d&rsquo;un Prix d&rsquo;Honneur \u00e0 Mustapha Dahleb, l\u00e9gende du football alg\u00e9rien des ann\u00e9es 1970-1980 et ancien joueur embl\u00e9matique du Paris Saint-Germain. Cette reconnaissance tardive mais m\u00e9rit\u00e9e souligne l&rsquo;h\u00e9ritage durable de celui qui fut l&rsquo;un des premiers ambassadeurs du talent footballistique alg\u00e9rien en Europe. Dahleb a saisi cette occasion pour exprimer sa gratitude et r\u00e9affirmer son engagement en faveur des valeurs fondamentales du sport. Au-del\u00e0 des distinctions individuelles, cette soir\u00e9e des Africa Olympic Awards a mis en exergue la vitalit\u00e9 croissante du sport africain sur la sc\u00e8ne internationale. Les performances remarquables des athl\u00e8tes du continent aux Jeux Olympiques de Paris 2024 t\u00e9moignent d&rsquo;une progression constante, fruit d&rsquo;une politique de d\u00e9veloppement sportif \u00e0 long terme men\u00e9e par les diff\u00e9rentes instances nationales et continentales. Les succ\u00e8s d&rsquo;Imane Khelif et Kaylia Nemour illustrent parfaitement cette dynamique positive pour l&rsquo;Alg\u00e9rie, qui voit \u00e9merger une nouvelle g\u00e9n\u00e9ration d&rsquo;athl\u00e8tes f\u00e9minines capables de briller au plus haut niveau mondial. Cette c\u00e9r\u00e9monie des Africa Olympic Awards, en c\u00e9l\u00e9brant l&rsquo;excellence sportive africaine, a ainsi renforc\u00e9 l&rsquo;id\u00e9e que le sport constitue un puissant vecteur d&rsquo;unification et de d\u00e9veloppement pour le continent, tout en mettant en lumi\u00e8re les efforts et les sacrifices consentis par les athl\u00e8tes africains pour hisser haut les couleurs de leurs nations respectives sur les podiums internationaux.<\/p>\n\n\n\n<p>Moncef Dahleb<\/p>\n","protected":false},"excerpt":{"rendered":"<p>La soir\u00e9e de gala des Africa Olympic Awards, organis\u00e9e par l&rsquo;Association des Comit\u00e9s Nationaux Olympiques Africains (ACNOA), s&rsquo;est tenue ce<\/p>\n","protected":false},"author":6,"featured_media":64410,"comment_status":"open","ping_status":"closed","sticky":false,"template":"","format":"standard","meta":{"colormag_page_container_layout":"default_layout","colormag_page_sidebar_layout":"default_layout","om_disable_all_campaigns":false,"_monsterinsights_skip_tracking":false,"_monsterinsights_sitenote_active":false,"_monsterinsights_sitenote_note":"","_monsterinsights_sitenote_category":0,"footnotes":"","_wpscppro_dont_share_socialmedia":false,"_wpscppro_custom_social_share_image":0,"_facebook_share_type":"default","_twitter_share_type":"default","_linkedin_share_type":"default","_pinterest_share_type":"default","_linkedin_share_type_page":"","_instagram_share_type":"default","_medium_share_type":"default","_threads_share_type":"","_google_business_share_type":"","_selected_social_profile":[],"_wpsp_enable_custom_social_template":false,"_wpsp_social_scheduling":{"enabled":false,"datetime":null,"platforms":[],"status":"template_only","dateOption":"today","timeOption":"now","customDays":"","customHours":"","customDate":"","customTime":"","schedulingType":"absolute"},"_wpsp_active_default_template":true},"categories":[52,33],"tags":[],"class_list":["post-64409","post","type-post","status-publish","format-standard","has-post-thumbnail","hentry","category-a-la-une","category-sports"],"aioseo_notices":[],"yoast_head":"<!-- This site is optimized with the Yoast SEO plugin v27.5 - https:\/\/yoast.com\/product\/yoast-seo-wordpress\/ -->\n<title>Africa Olympic Awards : Imane Khelif et Kaylia Nemour honor\u00e9es - La Sentinelle<\/title>\n<meta name=\"robots\" content=\"index, follow, max-snippet:-1, max-image-preview:large, max-video-preview:-1\" \/>\n<link rel=\"canonical\" href=\"https:\/\/lasentinelle.dz\/index.php\/2025\/03\/17\/africa-olympic-awards-imane-khelif-et-kaylia-nemour-honorees\/\" \/>\n<meta property=\"og:locale\" content=\"fr_FR\" \/>\n<meta property=\"og:type\" content=\"article\" \/>\n<meta property=\"og:title\" content=\"Africa Olympic Awards : Imane Khelif et Kaylia Nemour honor\u00e9es - La Sentinelle\" \/>\n<meta property=\"og:description\" content=\"La soir\u00e9e de gala des Africa Olympic Awards, organis\u00e9e par l&rsquo;Association des Comit\u00e9s Nationaux Olympiques Africains (ACNOA), s&rsquo;est tenue ce\" \/>\n<meta property=\"og:url\" content=\"https:\/\/lasentinelle.dz\/index.php\/2025\/03\/17\/africa-olympic-awards-imane-khelif-et-kaylia-nemour-honorees\/\" \/>\n<meta property=\"og:site_name\" content=\"La Sentinelle\" \/>\n<meta property=\"article:publisher\" content=\"https:\/\/www.facebook.com\/La-Sentinelle-104059864394773\" \/>\n<meta property=\"article:published_time\" content=\"2025-03-17T11:40:45+00:00\" \/>\n<meta property=\"article:modified_time\" content=\"2025-03-17T11:40:46+00:00\" \/>\n<meta property=\"og:image\" content=\"https:\/\/lasentinelle.dz\/wp-content\/uploads\/2025\/03\/khelif.webp\" \/>\n\t<meta property=\"og:image:width\" content=\"900\" \/>\n\t<meta property=\"og:image:height\" content=\"675\" \/>\n\t<meta property=\"og:image:type\" content=\"image\/webp\" \/>\n<meta name=\"author\" content=\"admin\" \/>\n<meta name=\"twitter:card\" content=\"summary_large_image\" \/>\n<meta name=\"twitter:label1\" content=\"\u00c9crit par\" \/>\n\t<meta name=\"twitter:data1\" content=\"admin\" \/>\n\t<meta name=\"twitter:label2\" content=\"Dur\u00e9e de lecture estim\u00e9e\" \/>\n\t<meta name=\"twitter:data2\" content=\"5 minutes\" \/>\n<script type=\"application\/ld+json\" class=\"yoast-schema-graph\">{\"@context\":\"https:\\\/\\\/schema.org\",\"@graph\":[{\"@type\":\"Article\",\"@id\":\"https:\\\/\\\/lasentinelle.dz\\\/index.php\\\/2025\\\/03\\\/17\\\/africa-olympic-awards-imane-khelif-et-kaylia-nemour-honorees\\\/#article\",\"isPartOf\":{\"@id\":\"https:\\\/\\\/lasentinelle.dz\\\/index.php\\\/2025\\\/03\\\/17\\\/africa-olympic-awards-imane-khelif-et-kaylia-nemour-honorees\\\/\"},\"author\":{\"name\":\"admin\",\"@id\":\"https:\\\/\\\/lasentinelle.dz\\\/#\\\/schema\\\/person\\\/729ee0024f24e0b8c5ec17232f8e8b41\"},\"headline\":\"Africa Olympic Awards : Imane Khelif et Kaylia Nemour honor\u00e9es\",\"datePublished\":\"2025-03-17T11:40:45+00:00\",\"dateModified\":\"2025-03-17T11:40:46+00:00\",\"mainEntityOfPage\":{\"@id\":\"https:\\\/\\\/lasentinelle.dz\\\/index.php\\\/2025\\\/03\\\/17\\\/africa-olympic-awards-imane-khelif-et-kaylia-nemour-honorees\\\/\"},\"wordCount\":1081,\"commentCount\":0,\"publisher\":{\"@id\":\"https:\\\/\\\/lasentinelle.dz\\\/#organization\"},\"image\":{\"@id\":\"https:\\\/\\\/lasentinelle.dz\\\/index.php\\\/2025\\\/03\\\/17\\\/africa-olympic-awards-imane-khelif-et-kaylia-nemour-honorees\\\/#primaryimage\"},\"thumbnailUrl\":\"https:\\\/\\\/lasentinelle.dz\\\/wp-content\\\/uploads\\\/2025\\\/03\\\/khelif.webp\",\"articleSection\":[\"\u00c0 la Une\",\"Sports\"],\"inLanguage\":\"fr-FR\",\"potentialAction\":[{\"@type\":\"CommentAction\",\"name\":\"Comment\",\"target\":[\"https:\\\/\\\/lasentinelle.dz\\\/index.php\\\/2025\\\/03\\\/17\\\/africa-olympic-awards-imane-khelif-et-kaylia-nemour-honorees\\\/#respond\"]}]},{\"@type\":\"WebPage\",\"@id\":\"https:\\\/\\\/lasentinelle.dz\\\/index.php\\\/2025\\\/03\\\/17\\\/africa-olympic-awards-imane-khelif-et-kaylia-nemour-honorees\\\/\",\"url\":\"https:\\\/\\\/lasentinelle.dz\\\/index.php\\\/2025\\\/03\\\/17\\\/africa-olympic-awards-imane-khelif-et-kaylia-nemour-honorees\\\/\",\"name\":\"Africa Olympic Awards : Imane Khelif et Kaylia Nemour honor\u00e9es - La Sentinelle\",\"isPartOf\":{\"@id\":\"https:\\\/\\\/lasentinelle.dz\\\/#website\"},\"primaryImageOfPage\":{\"@id\":\"https:\\\/\\\/lasentinelle.dz\\\/index.php\\\/2025\\\/03\\\/17\\\/africa-olympic-awards-imane-khelif-et-kaylia-nemour-honorees\\\/#primaryimage\"},\"image\":{\"@id\":\"https:\\\/\\\/lasentinelle.dz\\\/index.php\\\/2025\\\/03\\\/17\\\/africa-olympic-awards-imane-khelif-et-kaylia-nemour-honorees\\\/#primaryimage\"},\"thumbnailUrl\":\"https:\\\/\\\/lasentinelle.dz\\\/wp-content\\\/uploads\\\/2025\\\/03\\\/khelif.webp\",\"datePublished\":\"2025-03-17T11:40:45+00:00\",\"dateModified\":\"2025-03-17T11:40:46+00:00\",\"breadcrumb\":{\"@id\":\"https:\\\/\\\/lasentinelle.dz\\\/index.php\\\/2025\\\/03\\\/17\\\/africa-olympic-awards-imane-khelif-et-kaylia-nemour-honorees\\\/#breadcrumb\"},\"inLanguage\":\"fr-FR\",\"potentialAction\":[{\"@type\":\"ReadAction\",\"target\":[\"https:\\\/\\\/lasentinelle.dz\\\/index.php\\\/2025\\\/03\\\/17\\\/africa-olympic-awards-imane-khelif-et-kaylia-nemour-honorees\\\/\"]}]},{\"@type\":\"ImageObject\",\"inLanguage\":\"fr-FR\",\"@id\":\"https:\\\/\\\/lasentinelle.dz\\\/index.php\\\/2025\\\/03\\\/17\\\/africa-olympic-awards-imane-khelif-et-kaylia-nemour-honorees\\\/#primaryimage\",\"url\":\"https:\\\/\\\/lasentinelle.dz\\\/wp-content\\\/uploads\\\/2025\\\/03\\\/khelif.webp\",\"contentUrl\":\"https:\\\/\\\/lasentinelle.dz\\\/wp-content\\\/uploads\\\/2025\\\/03\\\/khelif.webp\",\"width\":900,\"height\":675},{\"@type\":\"BreadcrumbList\",\"@id\":\"https:\\\/\\\/lasentinelle.dz\\\/index.php\\\/2025\\\/03\\\/17\\\/africa-olympic-awards-imane-khelif-et-kaylia-nemour-honorees\\\/#breadcrumb\",\"itemListElement\":[{\"@type\":\"ListItem\",\"position\":1,\"name\":\"Accueil\",\"item\":\"https:\\\/\\\/lasentinelle.dz\\\/\"},{\"@type\":\"ListItem\",\"position\":2,\"name\":\"Africa Olympic Awards : Imane Khelif et Kaylia Nemour honor\u00e9es\"}]},{\"@type\":\"WebSite\",\"@id\":\"https:\\\/\\\/lasentinelle.dz\\\/#website\",\"url\":\"https:\\\/\\\/lasentinelle.dz\\\/\",\"name\":\"La Sentinelle\",\"description\":\"Quotidien national d&#039;information\",\"publisher\":{\"@id\":\"https:\\\/\\\/lasentinelle.dz\\\/#organization\"},\"potentialAction\":[{\"@type\":\"SearchAction\",\"target\":{\"@type\":\"EntryPoint\",\"urlTemplate\":\"https:\\\/\\\/lasentinelle.dz\\\/?s={search_term_string}\"},\"query-input\":{\"@type\":\"PropertyValueSpecification\",\"valueRequired\":true,\"valueName\":\"search_term_string\"}}],\"inLanguage\":\"fr-FR\"},{\"@type\":\"Organization\",\"@id\":\"https:\\\/\\\/lasentinelle.dz\\\/#organization\",\"name\":\"Quotidien La Sentinelle\",\"url\":\"https:\\\/\\\/lasentinelle.dz\\\/\",\"logo\":{\"@type\":\"ImageObject\",\"inLanguage\":\"fr-FR\",\"@id\":\"https:\\\/\\\/lasentinelle.dz\\\/#\\\/schema\\\/logo\\\/image\\\/\",\"url\":\"https:\\\/\\\/lasentinelle.dz\\\/wp-content\\\/uploads\\\/2021\\\/09\\\/logo-sentinelleSLOGAN-1.png\",\"contentUrl\":\"https:\\\/\\\/lasentinelle.dz\\\/wp-content\\\/uploads\\\/2021\\\/09\\\/logo-sentinelleSLOGAN-1.png\",\"width\":615,\"height\":142,\"caption\":\"Quotidien La Sentinelle\"},\"image\":{\"@id\":\"https:\\\/\\\/lasentinelle.dz\\\/#\\\/schema\\\/logo\\\/image\\\/\"},\"sameAs\":[\"https:\\\/\\\/www.facebook.com\\\/La-Sentinelle-104059864394773\"]},{\"@type\":\"Person\",\"@id\":\"https:\\\/\\\/lasentinelle.dz\\\/#\\\/schema\\\/person\\\/729ee0024f24e0b8c5ec17232f8e8b41\",\"name\":\"admin\",\"image\":{\"@type\":\"ImageObject\",\"inLanguage\":\"fr-FR\",\"@id\":\"https:\\\/\\\/secure.gravatar.com\\\/avatar\\\/4c81fed838786e9b53f540bf46533e750f5d292099ae3b66cfc6fb1982e29df7?s=96&d=mm&r=g\",\"url\":\"https:\\\/\\\/secure.gravatar.com\\\/avatar\\\/4c81fed838786e9b53f540bf46533e750f5d292099ae3b66cfc6fb1982e29df7?s=96&d=mm&r=g\",\"contentUrl\":\"https:\\\/\\\/secure.gravatar.com\\\/avatar\\\/4c81fed838786e9b53f540bf46533e750f5d292099ae3b66cfc6fb1982e29df7?s=96&d=mm&r=g\",\"caption\":\"admin\"},\"description\":\"admin\",\"url\":\"https:\\\/\\\/lasentinelle.dz\\\/author\\\/admin\\\/\"}]}<\/script>\n<!-- \/ Yoast SEO plugin. -->","yoast_head_json":{"title":"Africa Olympic Awards : Imane Khelif et Kaylia Nemour honor\u00e9es - La Sentinelle","robots":{"index":"index","follow":"follow","max-snippet":"max-snippet:-1","max-image-preview":"max-image-preview:large","max-video-preview":"max-video-preview:-1"},"canonical":"https:\/\/lasentinelle.dz\/index.php\/2025\/03\/17\/africa-olympic-awards-imane-khelif-et-kaylia-nemour-honorees\/","og_locale":"fr_FR","og_type":"article","og_title":"Africa Olympic Awards : Imane Khelif et Kaylia Nemour honor\u00e9es - La Sentinelle","og_description":"La soir\u00e9e de gala des Africa Olympic Awards, organis\u00e9e par l&rsquo;Association des Comit\u00e9s Nationaux Olympiques Africains (ACNOA), s&rsquo;est tenue ce","og_url":"https:\/\/lasentinelle.dz\/index.php\/2025\/03\/17\/africa-olympic-awards-imane-khelif-et-kaylia-nemour-honorees\/","og_site_name":"La Sentinelle","article_publisher":"https:\/\/www.facebook.com\/La-Sentinelle-104059864394773","article_published_time":"2025-03-17T11:40:45+00:00","article_modified_time":"2025-03-17T11:40:46+00:00","og_image":[{"width":900,"height":675,"url":"https:\/\/lasentinelle.dz\/wp-content\/uploads\/2025\/03\/khelif.webp","type":"image\/webp"}],"author":"admin","twitter_card":"summary_large_image","twitter_misc":{"\u00c9crit par":"admin","Dur\u00e9e de lecture estim\u00e9e":"5 minutes"},"schema":{"@context":"https:\/\/schema.org","@graph":[{"@type":"Article","@id":"https:\/\/lasentinelle.dz\/index.php\/2025\/03\/17\/africa-olympic-awards-imane-khelif-et-kaylia-nemour-honorees\/#article","isPartOf":{"@id":"https:\/\/lasentinelle.dz\/index.php\/2025\/03\/17\/africa-olympic-awards-imane-khelif-et-kaylia-nemour-honorees\/"},"author":{"name":"admin","@id":"https:\/\/lasentinelle.dz\/#\/schema\/person\/729ee0024f24e0b8c5ec17232f8e8b41"},"headline":"Africa Olympic Awards : Imane Khelif et Kaylia Nemour honor\u00e9es","datePublished":"2025-03-17T11:40:45+00:00","dateModified":"2025-03-17T11:40:46+00:00","mainEntityOfPage":{"@id":"https:\/\/lasentinelle.dz\/index.php\/2025\/03\/17\/africa-olympic-awards-imane-khelif-et-kaylia-nemour-honorees\/"},"wordCount":1081,"commentCount":0,"publisher":{"@id":"https:\/\/lasentinelle.dz\/#organization"},"image":{"@id":"https:\/\/lasentinelle.dz\/index.php\/2025\/03\/17\/africa-olympic-awards-imane-khelif-et-kaylia-nemour-honorees\/#primaryimage"},"thumbnailUrl":"https:\/\/lasentinelle.dz\/wp-content\/uploads\/2025\/03\/khelif.webp","articleSection":["\u00c0 la Une","Sports"],"inLanguage":"fr-FR","potentialAction":[{"@type":"CommentAction","name":"Comment","target":["https:\/\/lasentinelle.dz\/index.php\/2025\/03\/17\/africa-olympic-awards-imane-khelif-et-kaylia-nemour-honorees\/#respond"]}]},{"@type":"WebPage","@id":"https:\/\/lasentinelle.dz\/index.php\/2025\/03\/17\/africa-olympic-awards-imane-khelif-et-kaylia-nemour-honorees\/","url":"https:\/\/lasentinelle.dz\/index.php\/2025\/03\/17\/africa-olympic-awards-imane-khelif-et-kaylia-nemour-honorees\/","name":"Africa Olympic Awards : Imane Khelif et Kaylia Nemour honor\u00e9es - La Sentinelle","isPartOf":{"@id":"https:\/\/lasentinelle.dz\/#website"},"primaryImageOfPage":{"@id":"https:\/\/lasentinelle.dz\/index.php\/2025\/03\/17\/africa-olympic-awards-imane-khelif-et-kaylia-nemour-honorees\/#primaryimage"},"image":{"@id":"https:\/\/lasentinelle.dz\/index.php\/2025\/03\/17\/africa-olympic-awards-imane-khelif-et-kaylia-nemour-honorees\/#primaryimage"},"thumbnailUrl":"https:\/\/lasentinelle.dz\/wp-content\/uploads\/2025\/03\/khelif.webp","datePublished":"2025-03-17T11:40:45+00:00","dateModified":"2025-03-17T11:40:46+00:00","breadcrumb":{"@id":"https:\/\/lasentinelle.dz\/index.php\/2025\/03\/17\/africa-olympic-awards-imane-khelif-et-kaylia-nemour-honorees\/#breadcrumb"},"inLanguage":"fr-FR","potentialAction":[{"@type":"ReadAction","target":["https:\/\/lasentinelle.dz\/index.php\/2025\/03\/17\/africa-olympic-awards-imane-khelif-et-kaylia-nemour-honorees\/"]}]},{"@type":"ImageObject","inLanguage":"fr-FR","@id":"https:\/\/lasentinelle.dz\/index.php\/2025\/03\/17\/africa-olympic-awards-imane-khelif-et-kaylia-nemour-honorees\/#primaryimage","url":"https:\/\/lasentinelle.dz\/wp-content\/uploads\/2025\/03\/khelif.webp","contentUrl":"https:\/\/lasentinelle.dz\/wp-content\/uploads\/2025\/03\/khelif.webp","width":900,"height":675},{"@type":"BreadcrumbList","@id":"https:\/\/lasentinelle.dz\/index.php\/2025\/03\/17\/africa-olympic-awards-imane-khelif-et-kaylia-nemour-honorees\/#breadcrumb","itemListElement":[{"@type":"ListItem","position":1,"name":"Accueil","item":"https:\/\/lasentinelle.dz\/"},{"@type":"ListItem","position":2,"name":"Africa Olympic Awards : Imane Khelif et Kaylia Nemour honor\u00e9es"}]},{"@type":"WebSite","@id":"https:\/\/lasentinelle.dz\/#website","url":"https:\/\/lasentinelle.dz\/","name":"La Sentinelle","description":"Quotidien national d&#039;information","publisher":{"@id":"https:\/\/lasentinelle.dz\/#organization"},"potentialAction":[{"@type":"SearchAction","target":{"@type":"EntryPoint","urlTemplate":"https:\/\/lasentinelle.dz\/?s={search_term_string}"},"query-input":{"@type":"PropertyValueSpecification","valueRequired":true,"valueName":"search_term_string"}}],"inLanguage":"fr-FR"},{"@type":"Organization","@id":"https:\/\/lasentinelle.dz\/#organization","name":"Quotidien La Sentinelle","url":"https:\/\/lasentinelle.dz\/","logo":{"@type":"ImageObject","inLanguage":"fr-FR","@id":"https:\/\/lasentinelle.dz\/#\/schema\/logo\/image\/","url":"https:\/\/lasentinelle.dz\/wp-content\/uploads\/2021\/09\/logo-sentinelleSLOGAN-1.png","contentUrl":"https:\/\/lasentinelle.dz\/wp-content\/uploads\/2021\/09\/logo-sentinelleSLOGAN-1.png","width":615,"height":142,"caption":"Quotidien La Sentinelle"},"image":{"@id":"https:\/\/lasentinelle.dz\/#\/schema\/logo\/image\/"},"sameAs":["https:\/\/www.facebook.com\/La-Sentinelle-104059864394773"]},{"@type":"Person","@id":"https:\/\/lasentinelle.dz\/#\/schema\/person\/729ee0024f24e0b8c5ec17232f8e8b41","name":"admin","image":{"@type":"ImageObject","inLanguage":"fr-FR","@id":"https:\/\/secure.gravatar.com\/avatar\/4c81fed838786e9b53f540bf46533e750f5d292099ae3b66cfc6fb1982e29df7?s=96&d=mm&r=g","url":"https:\/\/secure.gravatar.com\/avatar\/4c81fed838786e9b53f540bf46533e750f5d292099ae3b66cfc6fb1982e29df7?s=96&d=mm&r=g","contentUrl":"https:\/\/secure.gravatar.com\/avatar\/4c81fed838786e9b53f540bf46533e750f5d292099ae3b66cfc6fb1982e29df7?s=96&d=mm&r=g","caption":"admin"},"description":"admin","url":"https:\/\/lasentinelle.dz\/author\/admin\/"}]}},"_links":{"self":[{"href":"https:\/\/lasentinelle.dz\/index.php\/wp-json\/wp\/v2\/posts\/64409","targetHints":{"allow":["GET"]}}],"collection":[{"href":"https:\/\/lasentinelle.dz\/index.php\/wp-json\/wp\/v2\/posts"}],"about":[{"href":"https:\/\/lasentinelle.dz\/index.php\/wp-json\/wp\/v2\/types\/post"}],"author":[{"embeddable":true,"href":"https:\/\/lasentinelle.dz\/index.php\/wp-json\/wp\/v2\/users\/6"}],"replies":[{"embeddable":true,"href":"https:\/\/lasentinelle.dz\/index.php\/wp-json\/wp\/v2\/comments?post=64409"}],"version-history":[{"count":1,"href":"https:\/\/lasentinelle.dz\/index.php\/wp-json\/wp\/v2\/posts\/64409\/revisions"}],"predecessor-version":[{"id":64411,"href":"https:\/\/lasentinelle.dz\/index.php\/wp-json\/wp\/v2\/posts\/64409\/revisions\/64411"}],"wp:featuredmedia":[{"embeddable":true,"href":"https:\/\/lasentinelle.dz\/index.php\/wp-json\/wp\/v2\/media\/64410"}],"wp:attachment":[{"href":"https:\/\/lasentinelle.dz\/index.php\/wp-json\/wp\/v2\/media?parent=64409"}],"wp:term":[{"taxonomy":"category","embeddable":true,"href":"https:\/\/lasentinelle.dz\/index.php\/wp-json\/wp\/v2\/categories?post=64409"},{"taxonomy":"post_tag","embeddable":true,"href":"https:\/\/lasentinelle.dz\/index.php\/wp-json\/wp\/v2\/tags?post=64409"}],"curies":[{"name":"wp","href":"https:\/\/api.w.org\/{rel}","templated":true}]}}