{"id":64425,"date":"2025-03-17T12:47:43","date_gmt":"2025-03-17T11:47:43","guid":{"rendered":"https:\/\/lasentinelle.dz\/?p=64425"},"modified":"2025-03-17T12:47:44","modified_gmt":"2025-03-17T11:47:44","slug":"algerie-telecom-la-realisation-dun-centre-de-donnees-ia-lancee-a-oran","status":"publish","type":"post","link":"https:\/\/lasentinelle.dz\/index.php\/2025\/03\/17\/algerie-telecom-la-realisation-dun-centre-de-donnees-ia-lancee-a-oran\/","title":{"rendered":"Alg\u00e9rie T\u00e9l\u00e9com : La r\u00e9alisation d&rsquo;un centre de donn\u00e9es IA lanc\u00e9e \u00e0 Oran"},"content":{"rendered":"\n<p>Le ministre des Postes et des T\u00e9l\u00e9communications a donn\u00e9 le coup d&rsquo;envoi d&rsquo;un projet phare dans le domaine des nouvelles technologies : la pose de la premi\u00e8re pierre d&rsquo;un centre de donn\u00e9es avanc\u00e9, accompagn\u00e9 d&rsquo;un centre de calcul sp\u00e9cialis\u00e9 en intelligence artificielle, le \u00ab\u00a0AI Data Center\u00a0\u00bb. Ce projet, port\u00e9 par Alg\u00e9rie T\u00e9l\u00e9com, s&rsquo;inscrit pleinement dans la strat\u00e9gie nationale de num\u00e9risation et de modernisation des infrastructures technologiques du pays. Situ\u00e9 dans la zone c\u00f4ti\u00e8re de la wilaya d&rsquo;Oran, ce centre de donn\u00e9es constituera une infrastructure essentielle pour l&rsquo;\u00e9conomie num\u00e9rique nationale. Il offrira des solutions avanc\u00e9es en mati\u00e8re d&rsquo;h\u00e9bergement de donn\u00e9es, de stockage et de cloud computing, tout en int\u00e9grant des technologies d&rsquo;intelligence artificielle de pointe. Ce projet, premier du genre dans le pays, ambitionne de renforcer les capacit\u00e9s technologiques nationales gr\u00e2ce \u00e0 plusieurs innovations majeures. Il dispose en premier lieu d&rsquo;infrastructures de calcul avanc\u00e9es Le centre pourra en effet accueillir des unit\u00e9s de traitement graphiques (GPU) et des processeurs d&rsquo;intelligence artificielle (TPU) afin de supporter le calcul haute performance (HPC &#8211; High Performance Computing). L&rsquo;optimisation \u00e9nerg\u00e9tique est \u00e9galement prise en compte. L&rsquo;utilisation de syst\u00e8mes de refroidissement avanc\u00e9s garantira des performances accrues tout en r\u00e9duisant la consommation \u00e9nerg\u00e9tique, de m\u00eame que le recours aux \u00e9nergies renouvelables permettra de minimiser l&#8217;empreinte \u00e9cologique du projet. Enfin, le centre sera con\u00e7u pour s&rsquo;adapter \u00e0 l&rsquo;augmentation constante des besoins en capacit\u00e9 de calcul. Lors de la pr\u00e9sentation du projet, le ministre a insist\u00e9 sur son importance strat\u00e9gique : \u00ab\u00a0Ce centre de donn\u00e9es va jouer un r\u00f4le essentiel dans la modernisation de nos infrastructures num\u00e9riques et dans l&rsquo;accompagnement des entreprises, en particulier les start-ups, qui ont besoin de solutions technologiques performantes pour se d\u00e9velopper\u00a0\u00bb, a-t-il affirm\u00e9 Conscient du potentiel du site, il a \u00e9galement demand\u00e9 l&rsquo;optimisation de l&rsquo;espace disponible afin d&rsquo;y int\u00e9grer une agence commerciale et d&rsquo;autres unit\u00e9s li\u00e9es aux services num\u00e9riques. \u00ab\u00a0Ce projet doit r\u00e9pondre aux besoins croissants des entreprises et institutions pour au moins les trois prochaines ann\u00e9es, tout en respectant les standards internationaux.\u00a0\u00bb Ce centre de donn\u00e9es s&rsquo;inscrit ainsi dans une d\u00e9marche globale visant \u00e0 acc\u00e9l\u00e9rer la num\u00e9risation du pays et \u00e0 renforcer son attractivit\u00e9 \u00e9conomique dans un monde o\u00f9 la comp\u00e9titivit\u00e9 repose de plus en plus sur la ma\u00eetrise des technologies de l&rsquo;information et de l&rsquo;intelligence artificielle.<\/p>\n\n\n\n<p>Chokri Hafed<\/p>\n","protected":false},"excerpt":{"rendered":"<p>Le ministre des Postes et des T\u00e9l\u00e9communications a donn\u00e9 le coup d&rsquo;envoi d&rsquo;un projet phare dans le domaine des nouvelles<\/p>\n","protected":false},"author":6,"featured_media":64426,"comment_status":"open","ping_status":"closed","sticky":false,"template":"","format":"standard","meta":{"colormag_page_container_layout":"default_layout","colormag_page_sidebar_layout":"default_layout","om_disable_all_campaigns":false,"_monsterinsights_skip_tracking":false,"_monsterinsights_sitenote_active":false,"_monsterinsights_sitenote_note":"","_monsterinsights_sitenote_category":0,"footnotes":"","_wpscppro_dont_share_socialmedia":false,"_wpscppro_custom_social_share_image":0,"_facebook_share_type":"default","_twitter_share_type":"default","_linkedin_share_type":"default","_pinterest_share_type":"default","_linkedin_share_type_page":"","_instagram_share_type":"default","_medium_share_type":"default","_threads_share_type":"","_google_business_share_type":"","_selected_social_profile":[],"_wpsp_enable_custom_social_template":false,"_wpsp_social_scheduling":{"enabled":false,"datetime":null,"platforms":[],"status":"template_only","dateOption":"today","timeOption":"now","customDays":"","customHours":"","customDate":"","customTime":"","schedulingType":"absolute"},"_wpsp_active_default_template":true},"categories":[29],"tags":[],"class_list":["post-64425","post","type-post","status-publish","format-standard","has-post-thumbnail","hentry","category-economie"],"aioseo_notices":[],"yoast_head":"<!-- This site is optimized with the Yoast SEO plugin v27.5 - https:\/\/yoast.com\/product\/yoast-seo-wordpress\/ -->\n<title>Alg\u00e9rie T\u00e9l\u00e9com : La r\u00e9alisation d&rsquo;un centre de donn\u00e9es IA lanc\u00e9e \u00e0 Oran - La Sentinelle<\/title>\n<meta name=\"robots\" content=\"index, follow, max-snippet:-1, max-image-preview:large, max-video-preview:-1\" \/>\n<link rel=\"canonical\" href=\"https:\/\/lasentinelle.dz\/index.php\/2025\/03\/17\/algerie-telecom-la-realisation-dun-centre-de-donnees-ia-lancee-a-oran\/\" \/>\n<meta property=\"og:locale\" content=\"fr_FR\" \/>\n<meta property=\"og:type\" content=\"article\" \/>\n<meta property=\"og:title\" content=\"Alg\u00e9rie T\u00e9l\u00e9com : La r\u00e9alisation d&rsquo;un centre de donn\u00e9es IA lanc\u00e9e \u00e0 Oran - La Sentinelle\" \/>\n<meta property=\"og:description\" content=\"Le ministre des Postes et des T\u00e9l\u00e9communications a donn\u00e9 le coup d&rsquo;envoi d&rsquo;un projet phare dans le domaine des nouvelles\" \/>\n<meta property=\"og:url\" content=\"https:\/\/lasentinelle.dz\/index.php\/2025\/03\/17\/algerie-telecom-la-realisation-dun-centre-de-donnees-ia-lancee-a-oran\/\" \/>\n<meta property=\"og:site_name\" content=\"La Sentinelle\" \/>\n<meta property=\"article:publisher\" content=\"https:\/\/www.facebook.com\/La-Sentinelle-104059864394773\" \/>\n<meta property=\"article:published_time\" content=\"2025-03-17T11:47:43+00:00\" \/>\n<meta property=\"article:modified_time\" content=\"2025-03-17T11:47:44+00:00\" \/>\n<meta property=\"og:image\" content=\"https:\/\/lasentinelle.dz\/wp-content\/uploads\/2025\/03\/484975823_962588772719607_8338804933126809239_n.jpg\" \/>\n\t<meta property=\"og:image:width\" content=\"2048\" \/>\n\t<meta property=\"og:image:height\" content=\"1152\" \/>\n\t<meta property=\"og:image:type\" content=\"image\/jpeg\" \/>\n<meta name=\"author\" content=\"admin\" \/>\n<meta name=\"twitter:card\" content=\"summary_large_image\" \/>\n<meta name=\"twitter:label1\" content=\"\u00c9crit par\" \/>\n\t<meta name=\"twitter:data1\" content=\"admin\" \/>\n\t<meta name=\"twitter:label2\" content=\"Dur\u00e9e de lecture estim\u00e9e\" \/>\n\t<meta name=\"twitter:data2\" content=\"3 minutes\" \/>\n<script type=\"application\/ld+json\" class=\"yoast-schema-graph\">{\"@context\":\"https:\\\/\\\/schema.org\",\"@graph\":[{\"@type\":\"Article\",\"@id\":\"https:\\\/\\\/lasentinelle.dz\\\/index.php\\\/2025\\\/03\\\/17\\\/algerie-telecom-la-realisation-dun-centre-de-donnees-ia-lancee-a-oran\\\/#article\",\"isPartOf\":{\"@id\":\"https:\\\/\\\/lasentinelle.dz\\\/index.php\\\/2025\\\/03\\\/17\\\/algerie-telecom-la-realisation-dun-centre-de-donnees-ia-lancee-a-oran\\\/\"},\"author\":{\"name\":\"admin\",\"@id\":\"https:\\\/\\\/lasentinelle.dz\\\/#\\\/schema\\\/person\\\/729ee0024f24e0b8c5ec17232f8e8b41\"},\"headline\":\"Alg\u00e9rie T\u00e9l\u00e9com : La r\u00e9alisation d&rsquo;un centre de donn\u00e9es IA lanc\u00e9e \u00e0 Oran\",\"datePublished\":\"2025-03-17T11:47:43+00:00\",\"dateModified\":\"2025-03-17T11:47:44+00:00\",\"mainEntityOfPage\":{\"@id\":\"https:\\\/\\\/lasentinelle.dz\\\/index.php\\\/2025\\\/03\\\/17\\\/algerie-telecom-la-realisation-dun-centre-de-donnees-ia-lancee-a-oran\\\/\"},\"wordCount\":462,\"commentCount\":0,\"publisher\":{\"@id\":\"https:\\\/\\\/lasentinelle.dz\\\/#organization\"},\"image\":{\"@id\":\"https:\\\/\\\/lasentinelle.dz\\\/index.php\\\/2025\\\/03\\\/17\\\/algerie-telecom-la-realisation-dun-centre-de-donnees-ia-lancee-a-oran\\\/#primaryimage\"},\"thumbnailUrl\":\"https:\\\/\\\/lasentinelle.dz\\\/wp-content\\\/uploads\\\/2025\\\/03\\\/484975823_962588772719607_8338804933126809239_n.jpg\",\"articleSection\":[\"\u00c9conomie\"],\"inLanguage\":\"fr-FR\",\"potentialAction\":[{\"@type\":\"CommentAction\",\"name\":\"Comment\",\"target\":[\"https:\\\/\\\/lasentinelle.dz\\\/index.php\\\/2025\\\/03\\\/17\\\/algerie-telecom-la-realisation-dun-centre-de-donnees-ia-lancee-a-oran\\\/#respond\"]}]},{\"@type\":\"WebPage\",\"@id\":\"https:\\\/\\\/lasentinelle.dz\\\/index.php\\\/2025\\\/03\\\/17\\\/algerie-telecom-la-realisation-dun-centre-de-donnees-ia-lancee-a-oran\\\/\",\"url\":\"https:\\\/\\\/lasentinelle.dz\\\/index.php\\\/2025\\\/03\\\/17\\\/algerie-telecom-la-realisation-dun-centre-de-donnees-ia-lancee-a-oran\\\/\",\"name\":\"Alg\u00e9rie T\u00e9l\u00e9com : La r\u00e9alisation d&rsquo;un centre de donn\u00e9es IA lanc\u00e9e \u00e0 Oran - La Sentinelle\",\"isPartOf\":{\"@id\":\"https:\\\/\\\/lasentinelle.dz\\\/#website\"},\"primaryImageOfPage\":{\"@id\":\"https:\\\/\\\/lasentinelle.dz\\\/index.php\\\/2025\\\/03\\\/17\\\/algerie-telecom-la-realisation-dun-centre-de-donnees-ia-lancee-a-oran\\\/#primaryimage\"},\"image\":{\"@id\":\"https:\\\/\\\/lasentinelle.dz\\\/index.php\\\/2025\\\/03\\\/17\\\/algerie-telecom-la-realisation-dun-centre-de-donnees-ia-lancee-a-oran\\\/#primaryimage\"},\"thumbnailUrl\":\"https:\\\/\\\/lasentinelle.dz\\\/wp-content\\\/uploads\\\/2025\\\/03\\\/484975823_962588772719607_8338804933126809239_n.jpg\",\"datePublished\":\"2025-03-17T11:47:43+00:00\",\"dateModified\":\"2025-03-17T11:47:44+00:00\",\"breadcrumb\":{\"@id\":\"https:\\\/\\\/lasentinelle.dz\\\/index.php\\\/2025\\\/03\\\/17\\\/algerie-telecom-la-realisation-dun-centre-de-donnees-ia-lancee-a-oran\\\/#breadcrumb\"},\"inLanguage\":\"fr-FR\",\"potentialAction\":[{\"@type\":\"ReadAction\",\"target\":[\"https:\\\/\\\/lasentinelle.dz\\\/index.php\\\/2025\\\/03\\\/17\\\/algerie-telecom-la-realisation-dun-centre-de-donnees-ia-lancee-a-oran\\\/\"]}]},{\"@type\":\"ImageObject\",\"inLanguage\":\"fr-FR\",\"@id\":\"https:\\\/\\\/lasentinelle.dz\\\/index.php\\\/2025\\\/03\\\/17\\\/algerie-telecom-la-realisation-dun-centre-de-donnees-ia-lancee-a-oran\\\/#primaryimage\",\"url\":\"https:\\\/\\\/lasentinelle.dz\\\/wp-content\\\/uploads\\\/2025\\\/03\\\/484975823_962588772719607_8338804933126809239_n.jpg\",\"contentUrl\":\"https:\\\/\\\/lasentinelle.dz\\\/wp-content\\\/uploads\\\/2025\\\/03\\\/484975823_962588772719607_8338804933126809239_n.jpg\",\"width\":2048,\"height\":1152},{\"@type\":\"BreadcrumbList\",\"@id\":\"https:\\\/\\\/lasentinelle.dz\\\/index.php\\\/2025\\\/03\\\/17\\\/algerie-telecom-la-realisation-dun-centre-de-donnees-ia-lancee-a-oran\\\/#breadcrumb\",\"itemListElement\":[{\"@type\":\"ListItem\",\"position\":1,\"name\":\"Accueil\",\"item\":\"https:\\\/\\\/lasentinelle.dz\\\/\"},{\"@type\":\"ListItem\",\"position\":2,\"name\":\"Alg\u00e9rie T\u00e9l\u00e9com : La r\u00e9alisation d&rsquo;un centre de donn\u00e9es IA lanc\u00e9e \u00e0 Oran\"}]},{\"@type\":\"WebSite\",\"@id\":\"https:\\\/\\\/lasentinelle.dz\\\/#website\",\"url\":\"https:\\\/\\\/lasentinelle.dz\\\/\",\"name\":\"La Sentinelle\",\"description\":\"Quotidien national d&#039;information\",\"publisher\":{\"@id\":\"https:\\\/\\\/lasentinelle.dz\\\/#organization\"},\"potentialAction\":[{\"@type\":\"SearchAction\",\"target\":{\"@type\":\"EntryPoint\",\"urlTemplate\":\"https:\\\/\\\/lasentinelle.dz\\\/?s={search_term_string}\"},\"query-input\":{\"@type\":\"PropertyValueSpecification\",\"valueRequired\":true,\"valueName\":\"search_term_string\"}}],\"inLanguage\":\"fr-FR\"},{\"@type\":\"Organization\",\"@id\":\"https:\\\/\\\/lasentinelle.dz\\\/#organization\",\"name\":\"Quotidien La Sentinelle\",\"url\":\"https:\\\/\\\/lasentinelle.dz\\\/\",\"logo\":{\"@type\":\"ImageObject\",\"inLanguage\":\"fr-FR\",\"@id\":\"https:\\\/\\\/lasentinelle.dz\\\/#\\\/schema\\\/logo\\\/image\\\/\",\"url\":\"https:\\\/\\\/lasentinelle.dz\\\/wp-content\\\/uploads\\\/2021\\\/09\\\/logo-sentinelleSLOGAN-1.png\",\"contentUrl\":\"https:\\\/\\\/lasentinelle.dz\\\/wp-content\\\/uploads\\\/2021\\\/09\\\/logo-sentinelleSLOGAN-1.png\",\"width\":615,\"height\":142,\"caption\":\"Quotidien La Sentinelle\"},\"image\":{\"@id\":\"https:\\\/\\\/lasentinelle.dz\\\/#\\\/schema\\\/logo\\\/image\\\/\"},\"sameAs\":[\"https:\\\/\\\/www.facebook.com\\\/La-Sentinelle-104059864394773\"]},{\"@type\":\"Person\",\"@id\":\"https:\\\/\\\/lasentinelle.dz\\\/#\\\/schema\\\/person\\\/729ee0024f24e0b8c5ec17232f8e8b41\",\"name\":\"admin\",\"image\":{\"@type\":\"ImageObject\",\"inLanguage\":\"fr-FR\",\"@id\":\"https:\\\/\\\/secure.gravatar.com\\\/avatar\\\/4c81fed838786e9b53f540bf46533e750f5d292099ae3b66cfc6fb1982e29df7?s=96&d=mm&r=g\",\"url\":\"https:\\\/\\\/secure.gravatar.com\\\/avatar\\\/4c81fed838786e9b53f540bf46533e750f5d292099ae3b66cfc6fb1982e29df7?s=96&d=mm&r=g\",\"contentUrl\":\"https:\\\/\\\/secure.gravatar.com\\\/avatar\\\/4c81fed838786e9b53f540bf46533e750f5d292099ae3b66cfc6fb1982e29df7?s=96&d=mm&r=g\",\"caption\":\"admin\"},\"description\":\"admin\",\"url\":\"https:\\\/\\\/lasentinelle.dz\\\/author\\\/admin\\\/\"}]}<\/script>\n<!-- \/ Yoast SEO plugin. -->","yoast_head_json":{"title":"Alg\u00e9rie T\u00e9l\u00e9com : La r\u00e9alisation d&rsquo;un centre de donn\u00e9es IA lanc\u00e9e \u00e0 Oran - La Sentinelle","robots":{"index":"index","follow":"follow","max-snippet":"max-snippet:-1","max-image-preview":"max-image-preview:large","max-video-preview":"max-video-preview:-1"},"canonical":"https:\/\/lasentinelle.dz\/index.php\/2025\/03\/17\/algerie-telecom-la-realisation-dun-centre-de-donnees-ia-lancee-a-oran\/","og_locale":"fr_FR","og_type":"article","og_title":"Alg\u00e9rie T\u00e9l\u00e9com : La r\u00e9alisation d&rsquo;un centre de donn\u00e9es IA lanc\u00e9e \u00e0 Oran - La Sentinelle","og_description":"Le ministre des Postes et des T\u00e9l\u00e9communications a donn\u00e9 le coup d&rsquo;envoi d&rsquo;un projet phare dans le domaine des nouvelles","og_url":"https:\/\/lasentinelle.dz\/index.php\/2025\/03\/17\/algerie-telecom-la-realisation-dun-centre-de-donnees-ia-lancee-a-oran\/","og_site_name":"La Sentinelle","article_publisher":"https:\/\/www.facebook.com\/La-Sentinelle-104059864394773","article_published_time":"2025-03-17T11:47:43+00:00","article_modified_time":"2025-03-17T11:47:44+00:00","og_image":[{"width":2048,"height":1152,"url":"https:\/\/lasentinelle.dz\/wp-content\/uploads\/2025\/03\/484975823_962588772719607_8338804933126809239_n.jpg","type":"image\/jpeg"}],"author":"admin","twitter_card":"summary_large_image","twitter_misc":{"\u00c9crit par":"admin","Dur\u00e9e de lecture estim\u00e9e":"3 minutes"},"schema":{"@context":"https:\/\/schema.org","@graph":[{"@type":"Article","@id":"https:\/\/lasentinelle.dz\/index.php\/2025\/03\/17\/algerie-telecom-la-realisation-dun-centre-de-donnees-ia-lancee-a-oran\/#article","isPartOf":{"@id":"https:\/\/lasentinelle.dz\/index.php\/2025\/03\/17\/algerie-telecom-la-realisation-dun-centre-de-donnees-ia-lancee-a-oran\/"},"author":{"name":"admin","@id":"https:\/\/lasentinelle.dz\/#\/schema\/person\/729ee0024f24e0b8c5ec17232f8e8b41"},"headline":"Alg\u00e9rie T\u00e9l\u00e9com : La r\u00e9alisation d&rsquo;un centre de donn\u00e9es IA lanc\u00e9e \u00e0 Oran","datePublished":"2025-03-17T11:47:43+00:00","dateModified":"2025-03-17T11:47:44+00:00","mainEntityOfPage":{"@id":"https:\/\/lasentinelle.dz\/index.php\/2025\/03\/17\/algerie-telecom-la-realisation-dun-centre-de-donnees-ia-lancee-a-oran\/"},"wordCount":462,"commentCount":0,"publisher":{"@id":"https:\/\/lasentinelle.dz\/#organization"},"image":{"@id":"https:\/\/lasentinelle.dz\/index.php\/2025\/03\/17\/algerie-telecom-la-realisation-dun-centre-de-donnees-ia-lancee-a-oran\/#primaryimage"},"thumbnailUrl":"https:\/\/lasentinelle.dz\/wp-content\/uploads\/2025\/03\/484975823_962588772719607_8338804933126809239_n.jpg","articleSection":["\u00c9conomie"],"inLanguage":"fr-FR","potentialAction":[{"@type":"CommentAction","name":"Comment","target":["https:\/\/lasentinelle.dz\/index.php\/2025\/03\/17\/algerie-telecom-la-realisation-dun-centre-de-donnees-ia-lancee-a-oran\/#respond"]}]},{"@type":"WebPage","@id":"https:\/\/lasentinelle.dz\/index.php\/2025\/03\/17\/algerie-telecom-la-realisation-dun-centre-de-donnees-ia-lancee-a-oran\/","url":"https:\/\/lasentinelle.dz\/index.php\/2025\/03\/17\/algerie-telecom-la-realisation-dun-centre-de-donnees-ia-lancee-a-oran\/","name":"Alg\u00e9rie T\u00e9l\u00e9com : La r\u00e9alisation d&rsquo;un centre de donn\u00e9es IA lanc\u00e9e \u00e0 Oran - La Sentinelle","isPartOf":{"@id":"https:\/\/lasentinelle.dz\/#website"},"primaryImageOfPage":{"@id":"https:\/\/lasentinelle.dz\/index.php\/2025\/03\/17\/algerie-telecom-la-realisation-dun-centre-de-donnees-ia-lancee-a-oran\/#primaryimage"},"image":{"@id":"https:\/\/lasentinelle.dz\/index.php\/2025\/03\/17\/algerie-telecom-la-realisation-dun-centre-de-donnees-ia-lancee-a-oran\/#primaryimage"},"thumbnailUrl":"https:\/\/lasentinelle.dz\/wp-content\/uploads\/2025\/03\/484975823_962588772719607_8338804933126809239_n.jpg","datePublished":"2025-03-17T11:47:43+00:00","dateModified":"2025-03-17T11:47:44+00:00","breadcrumb":{"@id":"https:\/\/lasentinelle.dz\/index.php\/2025\/03\/17\/algerie-telecom-la-realisation-dun-centre-de-donnees-ia-lancee-a-oran\/#breadcrumb"},"inLanguage":"fr-FR","potentialAction":[{"@type":"ReadAction","target":["https:\/\/lasentinelle.dz\/index.php\/2025\/03\/17\/algerie-telecom-la-realisation-dun-centre-de-donnees-ia-lancee-a-oran\/"]}]},{"@type":"ImageObject","inLanguage":"fr-FR","@id":"https:\/\/lasentinelle.dz\/index.php\/2025\/03\/17\/algerie-telecom-la-realisation-dun-centre-de-donnees-ia-lancee-a-oran\/#primaryimage","url":"https:\/\/lasentinelle.dz\/wp-content\/uploads\/2025\/03\/484975823_962588772719607_8338804933126809239_n.jpg","contentUrl":"https:\/\/lasentinelle.dz\/wp-content\/uploads\/2025\/03\/484975823_962588772719607_8338804933126809239_n.jpg","width":2048,"height":1152},{"@type":"BreadcrumbList","@id":"https:\/\/lasentinelle.dz\/index.php\/2025\/03\/17\/algerie-telecom-la-realisation-dun-centre-de-donnees-ia-lancee-a-oran\/#breadcrumb","itemListElement":[{"@type":"ListItem","position":1,"name":"Accueil","item":"https:\/\/lasentinelle.dz\/"},{"@type":"ListItem","position":2,"name":"Alg\u00e9rie T\u00e9l\u00e9com : La r\u00e9alisation d&rsquo;un centre de donn\u00e9es IA lanc\u00e9e \u00e0 Oran"}]},{"@type":"WebSite","@id":"https:\/\/lasentinelle.dz\/#website","url":"https:\/\/lasentinelle.dz\/","name":"La Sentinelle","description":"Quotidien national d&#039;information","publisher":{"@id":"https:\/\/lasentinelle.dz\/#organization"},"potentialAction":[{"@type":"SearchAction","target":{"@type":"EntryPoint","urlTemplate":"https:\/\/lasentinelle.dz\/?s={search_term_string}"},"query-input":{"@type":"PropertyValueSpecification","valueRequired":true,"valueName":"search_term_string"}}],"inLanguage":"fr-FR"},{"@type":"Organization","@id":"https:\/\/lasentinelle.dz\/#organization","name":"Quotidien La Sentinelle","url":"https:\/\/lasentinelle.dz\/","logo":{"@type":"ImageObject","inLanguage":"fr-FR","@id":"https:\/\/lasentinelle.dz\/#\/schema\/logo\/image\/","url":"https:\/\/lasentinelle.dz\/wp-content\/uploads\/2021\/09\/logo-sentinelleSLOGAN-1.png","contentUrl":"https:\/\/lasentinelle.dz\/wp-content\/uploads\/2021\/09\/logo-sentinelleSLOGAN-1.png","width":615,"height":142,"caption":"Quotidien La Sentinelle"},"image":{"@id":"https:\/\/lasentinelle.dz\/#\/schema\/logo\/image\/"},"sameAs":["https:\/\/www.facebook.com\/La-Sentinelle-104059864394773"]},{"@type":"Person","@id":"https:\/\/lasentinelle.dz\/#\/schema\/person\/729ee0024f24e0b8c5ec17232f8e8b41","name":"admin","image":{"@type":"ImageObject","inLanguage":"fr-FR","@id":"https:\/\/secure.gravatar.com\/avatar\/4c81fed838786e9b53f540bf46533e750f5d292099ae3b66cfc6fb1982e29df7?s=96&d=mm&r=g","url":"https:\/\/secure.gravatar.com\/avatar\/4c81fed838786e9b53f540bf46533e750f5d292099ae3b66cfc6fb1982e29df7?s=96&d=mm&r=g","contentUrl":"https:\/\/secure.gravatar.com\/avatar\/4c81fed838786e9b53f540bf46533e750f5d292099ae3b66cfc6fb1982e29df7?s=96&d=mm&r=g","caption":"admin"},"description":"admin","url":"https:\/\/lasentinelle.dz\/author\/admin\/"}]}},"_links":{"self":[{"href":"https:\/\/lasentinelle.dz\/index.php\/wp-json\/wp\/v2\/posts\/64425","targetHints":{"allow":["GET"]}}],"collection":[{"href":"https:\/\/lasentinelle.dz\/index.php\/wp-json\/wp\/v2\/posts"}],"about":[{"href":"https:\/\/lasentinelle.dz\/index.php\/wp-json\/wp\/v2\/types\/post"}],"author":[{"embeddable":true,"href":"https:\/\/lasentinelle.dz\/index.php\/wp-json\/wp\/v2\/users\/6"}],"replies":[{"embeddable":true,"href":"https:\/\/lasentinelle.dz\/index.php\/wp-json\/wp\/v2\/comments?post=64425"}],"version-history":[{"count":2,"href":"https:\/\/lasentinelle.dz\/index.php\/wp-json\/wp\/v2\/posts\/64425\/revisions"}],"predecessor-version":[{"id":64428,"href":"https:\/\/lasentinelle.dz\/index.php\/wp-json\/wp\/v2\/posts\/64425\/revisions\/64428"}],"wp:featuredmedia":[{"embeddable":true,"href":"https:\/\/lasentinelle.dz\/index.php\/wp-json\/wp\/v2\/media\/64426"}],"wp:attachment":[{"href":"https:\/\/lasentinelle.dz\/index.php\/wp-json\/wp\/v2\/media?parent=64425"}],"wp:term":[{"taxonomy":"category","embeddable":true,"href":"https:\/\/lasentinelle.dz\/index.php\/wp-json\/wp\/v2\/categories?post=64425"},{"taxonomy":"post_tag","embeddable":true,"href":"https:\/\/lasentinelle.dz\/index.php\/wp-json\/wp\/v2\/tags?post=64425"}],"curies":[{"name":"wp","href":"https:\/\/api.w.org\/{rel}","templated":true}]}}