{"id":64449,"date":"2025-03-17T12:55:33","date_gmt":"2025-03-17T11:55:33","guid":{"rendered":"https:\/\/lasentinelle.dz\/?p=64449"},"modified":"2025-03-17T12:55:34","modified_gmt":"2025-03-17T11:55:34","slug":"ces-privileges-dont-beneficie-la-france-en-algerie","status":"publish","type":"post","link":"https:\/\/lasentinelle.dz\/index.php\/2025\/03\/17\/ces-privileges-dont-beneficie-la-france-en-algerie\/","title":{"rendered":"Ces privil\u00e8ges dont b\u00e9n\u00e9ficie la France en Alg\u00e9rie"},"content":{"rendered":"\n<p>Les tensions diplomatiques qui ont marqu\u00e9 les relations alg\u00e9ro-fran\u00e7aises et l&rsquo;instrumentalisation de la haine de l&rsquo;Alg\u00e9rieces derni\u00e8res semaines, r\u00e9v\u00e8lent au grand jour l&rsquo;hypocrisie qui caract\u00e9rise le discours de certains politiques fran\u00e7ais. C&rsquo;est ce que souligne avec force un r\u00e9cent commentaire de l&rsquo;Agence Presse Service (APS), qui met en lumi\u00e8re les contradictions flagrantes entre les accusations port\u00e9es par l&rsquo;extr\u00eame droite fran\u00e7aise et la r\u00e9alit\u00e9 des privil\u00e8ges dont b\u00e9n\u00e9ficie la France en Alg\u00e9rie.<\/p>\n\n\n\n<p>L&rsquo;APS, dans son analyse, rappelle que l&rsquo;extr\u00eame droite hexagonale et une partie de la droite classique multiplient les attaques contre l&rsquo;Alg\u00e9rie, l&rsquo;accusant de profiter ind\u00fbment d&rsquo;aides fran\u00e7aises et de ne pas honorer ses engagements bilat\u00e9raux. Pourtant, souligne l&rsquo;agence, un examen approfondi de la r\u00e9alit\u00e9 des relations entre les deux pays d\u00e9voile une toute autre v\u00e9rit\u00e9 : la France demeure le principal b\u00e9n\u00e9ficiaire d&rsquo;avantages consid\u00e9rables sur le sol alg\u00e9rien, avantages soigneusement pass\u00e9s sous silence dans les discours incendiaires des tribunes politiques parisiennes. L&rsquo;extr\u00eame droite fran\u00e7aise, toujours en qu\u00eate de boucs \u00e9missaires, a trouv\u00e9 un nouveau cheval de bataille : accuser l&rsquo;Alg\u00e9rie de profiter de pr\u00e9tendues aides fran\u00e7aises et de ne pas respecter les accords sign\u00e9s entre les deux pays. Bruno Retailleau, figure embl\u00e9matique de cette frange politique, n&rsquo;a pas h\u00e9sit\u00e9 \u00e0 relayer cette rh\u00e9torique aussi fausse qu\u2019invraisemblable, omettant d&rsquo;\u00e9voquer un fait essentiel: si un pays tire un v\u00e9ritable profit des relations bilat\u00e9rales, c&rsquo;est bien la France, \u00e9crit l&rsquo;APS. La convocation la semaine derni\u00e8re de l&rsquo;ambassadeur de France en Alg\u00e9rie, St\u00e9phane Romatet, par le minist\u00e8re des Affaires \u00e9trang\u00e8res alg\u00e9rien a mis en lumi\u00e8re un dossier longtemps occult\u00e9, comme le rapporte l&rsquo;APS : celui des biens immobiliers mis \u00e0 disposition de la France par l&rsquo;Alg\u00e9rie. Les chiffres avanc\u00e9s par l&rsquo;agence sont \u00e9loquents et r\u00e9v\u00e8lent une asym\u00e9trie frappante. Pas moins de 61 biens immobiliers sont actuellement occup\u00e9s par la France sur le territoire alg\u00e9rien, pour des loyers que l&rsquo;on pourrait qualifier d&rsquo;anecdotiques compar\u00e9s aux valeurs r\u00e9elles du march\u00e9 immobilier. D&rsquo;apr\u00e8s le commentaire de l&rsquo;APS, le plus embl\u00e9matique de ces biens n&rsquo;est autre que le si\u00e8ge de l&rsquo;ambassade de France \u00e0 Alger, un domaine princier de 14 hectares (140.000 m\u00e8tres carr\u00e9s) situ\u00e9 dans l&rsquo;un des quartiers les plus pris\u00e9s de la capitale alg\u00e9rienne. Pour cette propri\u00e9t\u00e9 d&rsquo;exception, l&rsquo;\u00c9tat fran\u00e7ais verse un loyer si d\u00e9risoire qu&rsquo;il ne permettrait m\u00eame pas de louer une modeste chambre de service dans les quartiers populaires de Paris. Plus saisissant encore, pr\u00e9cise l&rsquo;agence, la r\u00e9sidence personnelle de l&rsquo;ambassadeur fran\u00e7ais, connue sous le nom de \u00ab\u00a0Les Oliviers\u00a0\u00bb, s&rsquo;\u00e9tend sur 4 hectares (40.000 m\u00e8tres carr\u00e9s) et \u00e9tait lou\u00e9e jusqu&rsquo;\u00e0 r\u00e9cemment au franc symbolique, sur la base d&rsquo;un prix de bail rest\u00e9 fig\u00e9 depuis l&rsquo;ind\u00e9pendance alg\u00e9rienne en 1962 jusqu&rsquo;en ao\u00fbt 2023. L&rsquo;APS souligne que cette g\u00e9n\u00e9rosit\u00e9 alg\u00e9rienne n&rsquo;a jamais trouv\u00e9 d&rsquo;\u00e9quivalent pour les repr\u00e9sentations diplomatiques alg\u00e9riennes en France, qui doivent s&rsquo;acquitter de loyers conformes aux tarifs du march\u00e9 parisien, parmi les plus \u00e9lev\u00e9s au monde. Un d\u00e9s\u00e9quilibre qui illustre parfaitement la nature des relations franco-alg\u00e9riennes, bien loin de l&rsquo;image v\u00e9hicul\u00e9e par certains responsables politiques fran\u00e7ais qui se plaisent \u00e0 d\u00e9peindre l&rsquo;Alg\u00e9rie comme un \u00c9tat profiteur et ingrat.<\/p>\n\n\n\n<p>Le commentaire de l&rsquo;APS va plus loin en affirmant que les avantages dont b\u00e9n\u00e9ficie la France en Alg\u00e9rie ne se limitent pas au domaine immobilier. L&rsquo;agence met en exergue l&rsquo;accord de 1968, si souvent d\u00e9cri\u00e9 par les politiques fran\u00e7ais, notamment par Bruno Retailleau qui en fait d\u00e9sormais son cheval de bataille \u00e9lectoral en vue de 2027. Cet accord, qui r\u00e9git le statut des ressortissants alg\u00e9riens en France, est syst\u00e9matiquement pr\u00e9sent\u00e9 comme une faveur exceptionnelle accord\u00e9e \u00e0 l&rsquo;Alg\u00e9rie. Pourtant, ce que les d\u00e9tracteurs omettent sciemment de mentionner, selon l&rsquo;APS, c&rsquo;est que la France a largement profit\u00e9 de cet accord pour s&rsquo;assurer un flux constant de main-d&rsquo;\u0153uvre alg\u00e9rienne qui a consid\u00e9rablement contribu\u00e9 \u00e0 la reconstruction et au d\u00e9veloppement \u00e9conomique de l&rsquo;Hexagone dans les d\u00e9cennies d&rsquo;apr\u00e8s-guerre. L&rsquo;agence rappelle que les travailleurs alg\u00e9riens ont aliment\u00e9 les usines fran\u00e7aises, construit ses routes, ses ponts et ses immeubles, souvent dans des conditions pr\u00e9caires et pour des salaires modestes, participant ainsi activement \u00e0 la prosp\u00e9rit\u00e9 fran\u00e7aise sans que leur contribution ne soit pleinement reconnue. Aujourd&rsquo;hui encore, de nombreux secteurs de l&rsquo;\u00e9conomie fran\u00e7aise, notamment dans les services, la restauration ou le b\u00e2timent, d\u00e9pendent fortement de cette main-d&rsquo;\u0153uvre. L&rsquo;APS en conclut que l&rsquo;accord de 1968, loin d&rsquo;\u00eatre un cadeau fait \u00e0 l&rsquo;Alg\u00e9rie, appara\u00eet donc comme un instrument ayant servi avant tout les int\u00e9r\u00eats \u00e9conomiques fran\u00e7ais. L&rsquo;APS \u00e9voque \u00e9galement l&rsquo;accord de 1994, qui encadre divers aspects de la coop\u00e9ration entre les deux pays, notamment en mati\u00e8re de commerce et d&rsquo;investissements, comme un autre exemple flagrant de cette asym\u00e9trie. Selon l&rsquo;agence, cet accord a principalement permis aux entreprises fran\u00e7aises de b\u00e9n\u00e9ficier de conditions extr\u00eamement favorables pour s&rsquo;implanter et op\u00e9rer en Alg\u00e9rie, alors que les entreprises alg\u00e9riennes continuent de se heurter \u00e0 d&rsquo;innombrables obstacles administratifs et r\u00e9glementaires lorsqu&rsquo;elles tentent de p\u00e9n\u00e9trer le march\u00e9 fran\u00e7ais.<\/p>\n\n\n\n<p>L&rsquo;APS analyse cette rh\u00e9torique fallacieuse comme s&rsquo;inscrivant dans une strat\u00e9gie plus large d&rsquo;instrumentalisation politique des relations franco-alg\u00e9riennes. \u00c0 l&rsquo;approche des \u00e9ch\u00e9ances \u00e9lectorales, l&rsquo;alg\u00e9rophobie devient une arme \u00e9lectorale de choix pour certains, qui n&rsquo;h\u00e9sitent pas \u00e0 attiser les tensions diplomatiques pour servir leurs ambitions personnelles. L&rsquo;APS conclut son commentaire en affirmant que si la France souhaite v\u00e9ritablement ouvrir un d\u00e9bat sur la r\u00e9ciprocit\u00e9 et le respect des engagements bilat\u00e9raux, il serait peut-\u00eatre temps d&rsquo;examiner objectivement qui, de Paris ou d&rsquo;Alger, a le plus b\u00e9n\u00e9fici\u00e9 des accords sign\u00e9s depuis l&rsquo;ind\u00e9pendance. L&rsquo;examen des faits, loin des postures et des d\u00e9clarations enflamm\u00e9es, r\u00e9v\u00e8le une r\u00e9alit\u00e9 bien diff\u00e9rente de celle d\u00e9peinte dans les discours politiques fran\u00e7ais. L&rsquo;heure n&rsquo;est plus \u00e0 l&rsquo;hypocrisie diplomatique ni aux accusations infond\u00e9es, conclut l&rsquo;agence.<\/p>\n\n\n\n<p>Dans ce contexte, les r\u00e9centes sorties m\u00e9diatiques de Bruno Retailleau, qui semble vouloir faire de l&rsquo;hostilit\u00e9 envers l&rsquo;Alg\u00e9rie un tremplin pour ses ambitions pr\u00e9sidentielles de 2027, \u00e0 l&rsquo;image de la strat\u00e9gie adopt\u00e9e par Nicolas Sarkozy en son temps, apparaissent particuli\u00e8rement cyniques. En accusant l&rsquo;Alg\u00e9rie de profiter d&rsquo;aides au d\u00e9veloppement fantasm\u00e9es ou en \u00e9voquant des dettes hospitali\u00e8res pr\u00e9tendument impay\u00e9es, la droite et l&rsquo;extr\u00eame droite fran\u00e7aise jouent sur des cordes sensibles aupr\u00e8s d&rsquo;un certain \u00e9lectorat, tout en taisant soigneusement la r\u00e9alit\u00e9 des avantages consid\u00e9rables dont jouit la France en Alg\u00e9rie. Si certains responsables politiques fran\u00e7ais persistent \u00e0 vouloir faire de l&rsquo;Alg\u00e9rie un enjeu de politique int\u00e9rieure, ils devraient au moins avoir l&rsquo;honn\u00eatet\u00e9 de reconna\u00eetre les privil\u00e8ges consid\u00e9rables dont jouit leur pays sur le sol alg\u00e9rien. Les relations entre la France et l&rsquo;Alg\u00e9rie m\u00e9ritent mieux que ces manipulations. Elles m\u00e9ritent la v\u00e9rit\u00e9, aussi inconfortable soit-elle pour ceux qui ont fait de la d\u00e9formation des faits leur fonds de commerce \u00e9lectoral.<\/p>\n\n\n\n<p>Salim Amokrane<\/p>\n","protected":false},"excerpt":{"rendered":"<p>Les tensions diplomatiques qui ont marqu\u00e9 les relations alg\u00e9ro-fran\u00e7aises et l&rsquo;instrumentalisation de la haine de l&rsquo;Alg\u00e9rieces derni\u00e8res semaines, r\u00e9v\u00e8lent au<\/p>\n","protected":false},"author":6,"featured_media":64450,"comment_status":"open","ping_status":"closed","sticky":false,"template":"","format":"standard","meta":{"colormag_page_container_layout":"default_layout","colormag_page_sidebar_layout":"default_layout","om_disable_all_campaigns":false,"_monsterinsights_skip_tracking":false,"_monsterinsights_sitenote_active":false,"_monsterinsights_sitenote_note":"","_monsterinsights_sitenote_category":0,"footnotes":"","_wpscppro_dont_share_socialmedia":false,"_wpscppro_custom_social_share_image":0,"_facebook_share_type":"default","_twitter_share_type":"default","_linkedin_share_type":"default","_pinterest_share_type":"default","_linkedin_share_type_page":"","_instagram_share_type":"default","_medium_share_type":"default","_threads_share_type":"","_google_business_share_type":"","_selected_social_profile":[],"_wpsp_enable_custom_social_template":false,"_wpsp_social_scheduling":{"enabled":false,"datetime":null,"platforms":[],"status":"template_only","dateOption":"today","timeOption":"now","customDays":"","customHours":"","customDate":"","customTime":"","schedulingType":"absolute"},"_wpsp_active_default_template":true},"categories":[52,27],"tags":[],"class_list":["post-64449","post","type-post","status-publish","format-standard","has-post-thumbnail","hentry","category-a-la-une","category-actualite"],"aioseo_notices":[],"yoast_head":"<!-- This site is optimized with the Yoast SEO plugin v27.5 - https:\/\/yoast.com\/product\/yoast-seo-wordpress\/ -->\n<title>Ces privil\u00e8ges dont b\u00e9n\u00e9ficie la France en Alg\u00e9rie - La Sentinelle<\/title>\n<meta name=\"robots\" content=\"index, follow, max-snippet:-1, max-image-preview:large, max-video-preview:-1\" \/>\n<link rel=\"canonical\" href=\"https:\/\/lasentinelle.dz\/index.php\/2025\/03\/17\/ces-privileges-dont-beneficie-la-france-en-algerie\/\" \/>\n<meta property=\"og:locale\" content=\"fr_FR\" \/>\n<meta property=\"og:type\" content=\"article\" \/>\n<meta property=\"og:title\" content=\"Ces privil\u00e8ges dont b\u00e9n\u00e9ficie la France en Alg\u00e9rie - La Sentinelle\" \/>\n<meta property=\"og:description\" content=\"Les tensions diplomatiques qui ont marqu\u00e9 les relations alg\u00e9ro-fran\u00e7aises et l&rsquo;instrumentalisation de la haine de l&rsquo;Alg\u00e9rieces derni\u00e8res semaines, r\u00e9v\u00e8lent au\" \/>\n<meta property=\"og:url\" content=\"https:\/\/lasentinelle.dz\/index.php\/2025\/03\/17\/ces-privileges-dont-beneficie-la-france-en-algerie\/\" \/>\n<meta property=\"og:site_name\" content=\"La Sentinelle\" \/>\n<meta property=\"article:publisher\" content=\"https:\/\/www.facebook.com\/La-Sentinelle-104059864394773\" \/>\n<meta property=\"article:published_time\" content=\"2025-03-17T11:55:33+00:00\" \/>\n<meta property=\"article:modified_time\" content=\"2025-03-17T11:55:34+00:00\" \/>\n<meta property=\"og:image\" content=\"https:\/\/lasentinelle.dz\/wp-content\/uploads\/2025\/03\/Villa-des-oliviers.jpeg\" \/>\n\t<meta property=\"og:image:width\" content=\"689\" \/>\n\t<meta property=\"og:image:height\" content=\"445\" \/>\n\t<meta property=\"og:image:type\" content=\"image\/jpeg\" \/>\n<meta name=\"author\" content=\"admin\" \/>\n<meta name=\"twitter:card\" content=\"summary_large_image\" \/>\n<meta name=\"twitter:label1\" content=\"\u00c9crit par\" \/>\n\t<meta name=\"twitter:data1\" content=\"admin\" \/>\n\t<meta name=\"twitter:label2\" content=\"Dur\u00e9e de lecture estim\u00e9e\" \/>\n\t<meta name=\"twitter:data2\" content=\"6 minutes\" \/>\n<script type=\"application\/ld+json\" class=\"yoast-schema-graph\">{\"@context\":\"https:\\\/\\\/schema.org\",\"@graph\":[{\"@type\":\"Article\",\"@id\":\"https:\\\/\\\/lasentinelle.dz\\\/index.php\\\/2025\\\/03\\\/17\\\/ces-privileges-dont-beneficie-la-france-en-algerie\\\/#article\",\"isPartOf\":{\"@id\":\"https:\\\/\\\/lasentinelle.dz\\\/index.php\\\/2025\\\/03\\\/17\\\/ces-privileges-dont-beneficie-la-france-en-algerie\\\/\"},\"author\":{\"name\":\"admin\",\"@id\":\"https:\\\/\\\/lasentinelle.dz\\\/#\\\/schema\\\/person\\\/729ee0024f24e0b8c5ec17232f8e8b41\"},\"headline\":\"Ces privil\u00e8ges dont b\u00e9n\u00e9ficie la France en Alg\u00e9rie\",\"datePublished\":\"2025-03-17T11:55:33+00:00\",\"dateModified\":\"2025-03-17T11:55:34+00:00\",\"mainEntityOfPage\":{\"@id\":\"https:\\\/\\\/lasentinelle.dz\\\/index.php\\\/2025\\\/03\\\/17\\\/ces-privileges-dont-beneficie-la-france-en-algerie\\\/\"},\"wordCount\":1352,\"commentCount\":0,\"publisher\":{\"@id\":\"https:\\\/\\\/lasentinelle.dz\\\/#organization\"},\"image\":{\"@id\":\"https:\\\/\\\/lasentinelle.dz\\\/index.php\\\/2025\\\/03\\\/17\\\/ces-privileges-dont-beneficie-la-france-en-algerie\\\/#primaryimage\"},\"thumbnailUrl\":\"https:\\\/\\\/lasentinelle.dz\\\/wp-content\\\/uploads\\\/2025\\\/03\\\/Villa-des-oliviers.jpeg\",\"articleSection\":[\"\u00c0 la Une\",\"Actualit\u00e9\"],\"inLanguage\":\"fr-FR\",\"potentialAction\":[{\"@type\":\"CommentAction\",\"name\":\"Comment\",\"target\":[\"https:\\\/\\\/lasentinelle.dz\\\/index.php\\\/2025\\\/03\\\/17\\\/ces-privileges-dont-beneficie-la-france-en-algerie\\\/#respond\"]}]},{\"@type\":\"WebPage\",\"@id\":\"https:\\\/\\\/lasentinelle.dz\\\/index.php\\\/2025\\\/03\\\/17\\\/ces-privileges-dont-beneficie-la-france-en-algerie\\\/\",\"url\":\"https:\\\/\\\/lasentinelle.dz\\\/index.php\\\/2025\\\/03\\\/17\\\/ces-privileges-dont-beneficie-la-france-en-algerie\\\/\",\"name\":\"Ces privil\u00e8ges dont b\u00e9n\u00e9ficie la France en Alg\u00e9rie - La Sentinelle\",\"isPartOf\":{\"@id\":\"https:\\\/\\\/lasentinelle.dz\\\/#website\"},\"primaryImageOfPage\":{\"@id\":\"https:\\\/\\\/lasentinelle.dz\\\/index.php\\\/2025\\\/03\\\/17\\\/ces-privileges-dont-beneficie-la-france-en-algerie\\\/#primaryimage\"},\"image\":{\"@id\":\"https:\\\/\\\/lasentinelle.dz\\\/index.php\\\/2025\\\/03\\\/17\\\/ces-privileges-dont-beneficie-la-france-en-algerie\\\/#primaryimage\"},\"thumbnailUrl\":\"https:\\\/\\\/lasentinelle.dz\\\/wp-content\\\/uploads\\\/2025\\\/03\\\/Villa-des-oliviers.jpeg\",\"datePublished\":\"2025-03-17T11:55:33+00:00\",\"dateModified\":\"2025-03-17T11:55:34+00:00\",\"breadcrumb\":{\"@id\":\"https:\\\/\\\/lasentinelle.dz\\\/index.php\\\/2025\\\/03\\\/17\\\/ces-privileges-dont-beneficie-la-france-en-algerie\\\/#breadcrumb\"},\"inLanguage\":\"fr-FR\",\"potentialAction\":[{\"@type\":\"ReadAction\",\"target\":[\"https:\\\/\\\/lasentinelle.dz\\\/index.php\\\/2025\\\/03\\\/17\\\/ces-privileges-dont-beneficie-la-france-en-algerie\\\/\"]}]},{\"@type\":\"ImageObject\",\"inLanguage\":\"fr-FR\",\"@id\":\"https:\\\/\\\/lasentinelle.dz\\\/index.php\\\/2025\\\/03\\\/17\\\/ces-privileges-dont-beneficie-la-france-en-algerie\\\/#primaryimage\",\"url\":\"https:\\\/\\\/lasentinelle.dz\\\/wp-content\\\/uploads\\\/2025\\\/03\\\/Villa-des-oliviers.jpeg\",\"contentUrl\":\"https:\\\/\\\/lasentinelle.dz\\\/wp-content\\\/uploads\\\/2025\\\/03\\\/Villa-des-oliviers.jpeg\",\"width\":689,\"height\":445},{\"@type\":\"BreadcrumbList\",\"@id\":\"https:\\\/\\\/lasentinelle.dz\\\/index.php\\\/2025\\\/03\\\/17\\\/ces-privileges-dont-beneficie-la-france-en-algerie\\\/#breadcrumb\",\"itemListElement\":[{\"@type\":\"ListItem\",\"position\":1,\"name\":\"Accueil\",\"item\":\"https:\\\/\\\/lasentinelle.dz\\\/\"},{\"@type\":\"ListItem\",\"position\":2,\"name\":\"Ces privil\u00e8ges dont b\u00e9n\u00e9ficie la France en Alg\u00e9rie\"}]},{\"@type\":\"WebSite\",\"@id\":\"https:\\\/\\\/lasentinelle.dz\\\/#website\",\"url\":\"https:\\\/\\\/lasentinelle.dz\\\/\",\"name\":\"La Sentinelle\",\"description\":\"Quotidien national d&#039;information\",\"publisher\":{\"@id\":\"https:\\\/\\\/lasentinelle.dz\\\/#organization\"},\"potentialAction\":[{\"@type\":\"SearchAction\",\"target\":{\"@type\":\"EntryPoint\",\"urlTemplate\":\"https:\\\/\\\/lasentinelle.dz\\\/?s={search_term_string}\"},\"query-input\":{\"@type\":\"PropertyValueSpecification\",\"valueRequired\":true,\"valueName\":\"search_term_string\"}}],\"inLanguage\":\"fr-FR\"},{\"@type\":\"Organization\",\"@id\":\"https:\\\/\\\/lasentinelle.dz\\\/#organization\",\"name\":\"Quotidien La Sentinelle\",\"url\":\"https:\\\/\\\/lasentinelle.dz\\\/\",\"logo\":{\"@type\":\"ImageObject\",\"inLanguage\":\"fr-FR\",\"@id\":\"https:\\\/\\\/lasentinelle.dz\\\/#\\\/schema\\\/logo\\\/image\\\/\",\"url\":\"https:\\\/\\\/lasentinelle.dz\\\/wp-content\\\/uploads\\\/2021\\\/09\\\/logo-sentinelleSLOGAN-1.png\",\"contentUrl\":\"https:\\\/\\\/lasentinelle.dz\\\/wp-content\\\/uploads\\\/2021\\\/09\\\/logo-sentinelleSLOGAN-1.png\",\"width\":615,\"height\":142,\"caption\":\"Quotidien La Sentinelle\"},\"image\":{\"@id\":\"https:\\\/\\\/lasentinelle.dz\\\/#\\\/schema\\\/logo\\\/image\\\/\"},\"sameAs\":[\"https:\\\/\\\/www.facebook.com\\\/La-Sentinelle-104059864394773\"]},{\"@type\":\"Person\",\"@id\":\"https:\\\/\\\/lasentinelle.dz\\\/#\\\/schema\\\/person\\\/729ee0024f24e0b8c5ec17232f8e8b41\",\"name\":\"admin\",\"image\":{\"@type\":\"ImageObject\",\"inLanguage\":\"fr-FR\",\"@id\":\"https:\\\/\\\/secure.gravatar.com\\\/avatar\\\/4c81fed838786e9b53f540bf46533e750f5d292099ae3b66cfc6fb1982e29df7?s=96&d=mm&r=g\",\"url\":\"https:\\\/\\\/secure.gravatar.com\\\/avatar\\\/4c81fed838786e9b53f540bf46533e750f5d292099ae3b66cfc6fb1982e29df7?s=96&d=mm&r=g\",\"contentUrl\":\"https:\\\/\\\/secure.gravatar.com\\\/avatar\\\/4c81fed838786e9b53f540bf46533e750f5d292099ae3b66cfc6fb1982e29df7?s=96&d=mm&r=g\",\"caption\":\"admin\"},\"description\":\"admin\",\"url\":\"https:\\\/\\\/lasentinelle.dz\\\/author\\\/admin\\\/\"}]}<\/script>\n<!-- \/ Yoast SEO plugin. -->","yoast_head_json":{"title":"Ces privil\u00e8ges dont b\u00e9n\u00e9ficie la France en Alg\u00e9rie - La Sentinelle","robots":{"index":"index","follow":"follow","max-snippet":"max-snippet:-1","max-image-preview":"max-image-preview:large","max-video-preview":"max-video-preview:-1"},"canonical":"https:\/\/lasentinelle.dz\/index.php\/2025\/03\/17\/ces-privileges-dont-beneficie-la-france-en-algerie\/","og_locale":"fr_FR","og_type":"article","og_title":"Ces privil\u00e8ges dont b\u00e9n\u00e9ficie la France en Alg\u00e9rie - La Sentinelle","og_description":"Les tensions diplomatiques qui ont marqu\u00e9 les relations alg\u00e9ro-fran\u00e7aises et l&rsquo;instrumentalisation de la haine de l&rsquo;Alg\u00e9rieces derni\u00e8res semaines, r\u00e9v\u00e8lent au","og_url":"https:\/\/lasentinelle.dz\/index.php\/2025\/03\/17\/ces-privileges-dont-beneficie-la-france-en-algerie\/","og_site_name":"La Sentinelle","article_publisher":"https:\/\/www.facebook.com\/La-Sentinelle-104059864394773","article_published_time":"2025-03-17T11:55:33+00:00","article_modified_time":"2025-03-17T11:55:34+00:00","og_image":[{"width":689,"height":445,"url":"https:\/\/lasentinelle.dz\/wp-content\/uploads\/2025\/03\/Villa-des-oliviers.jpeg","type":"image\/jpeg"}],"author":"admin","twitter_card":"summary_large_image","twitter_misc":{"\u00c9crit par":"admin","Dur\u00e9e de lecture estim\u00e9e":"6 minutes"},"schema":{"@context":"https:\/\/schema.org","@graph":[{"@type":"Article","@id":"https:\/\/lasentinelle.dz\/index.php\/2025\/03\/17\/ces-privileges-dont-beneficie-la-france-en-algerie\/#article","isPartOf":{"@id":"https:\/\/lasentinelle.dz\/index.php\/2025\/03\/17\/ces-privileges-dont-beneficie-la-france-en-algerie\/"},"author":{"name":"admin","@id":"https:\/\/lasentinelle.dz\/#\/schema\/person\/729ee0024f24e0b8c5ec17232f8e8b41"},"headline":"Ces privil\u00e8ges dont b\u00e9n\u00e9ficie la France en Alg\u00e9rie","datePublished":"2025-03-17T11:55:33+00:00","dateModified":"2025-03-17T11:55:34+00:00","mainEntityOfPage":{"@id":"https:\/\/lasentinelle.dz\/index.php\/2025\/03\/17\/ces-privileges-dont-beneficie-la-france-en-algerie\/"},"wordCount":1352,"commentCount":0,"publisher":{"@id":"https:\/\/lasentinelle.dz\/#organization"},"image":{"@id":"https:\/\/lasentinelle.dz\/index.php\/2025\/03\/17\/ces-privileges-dont-beneficie-la-france-en-algerie\/#primaryimage"},"thumbnailUrl":"https:\/\/lasentinelle.dz\/wp-content\/uploads\/2025\/03\/Villa-des-oliviers.jpeg","articleSection":["\u00c0 la Une","Actualit\u00e9"],"inLanguage":"fr-FR","potentialAction":[{"@type":"CommentAction","name":"Comment","target":["https:\/\/lasentinelle.dz\/index.php\/2025\/03\/17\/ces-privileges-dont-beneficie-la-france-en-algerie\/#respond"]}]},{"@type":"WebPage","@id":"https:\/\/lasentinelle.dz\/index.php\/2025\/03\/17\/ces-privileges-dont-beneficie-la-france-en-algerie\/","url":"https:\/\/lasentinelle.dz\/index.php\/2025\/03\/17\/ces-privileges-dont-beneficie-la-france-en-algerie\/","name":"Ces privil\u00e8ges dont b\u00e9n\u00e9ficie la France en Alg\u00e9rie - La Sentinelle","isPartOf":{"@id":"https:\/\/lasentinelle.dz\/#website"},"primaryImageOfPage":{"@id":"https:\/\/lasentinelle.dz\/index.php\/2025\/03\/17\/ces-privileges-dont-beneficie-la-france-en-algerie\/#primaryimage"},"image":{"@id":"https:\/\/lasentinelle.dz\/index.php\/2025\/03\/17\/ces-privileges-dont-beneficie-la-france-en-algerie\/#primaryimage"},"thumbnailUrl":"https:\/\/lasentinelle.dz\/wp-content\/uploads\/2025\/03\/Villa-des-oliviers.jpeg","datePublished":"2025-03-17T11:55:33+00:00","dateModified":"2025-03-17T11:55:34+00:00","breadcrumb":{"@id":"https:\/\/lasentinelle.dz\/index.php\/2025\/03\/17\/ces-privileges-dont-beneficie-la-france-en-algerie\/#breadcrumb"},"inLanguage":"fr-FR","potentialAction":[{"@type":"ReadAction","target":["https:\/\/lasentinelle.dz\/index.php\/2025\/03\/17\/ces-privileges-dont-beneficie-la-france-en-algerie\/"]}]},{"@type":"ImageObject","inLanguage":"fr-FR","@id":"https:\/\/lasentinelle.dz\/index.php\/2025\/03\/17\/ces-privileges-dont-beneficie-la-france-en-algerie\/#primaryimage","url":"https:\/\/lasentinelle.dz\/wp-content\/uploads\/2025\/03\/Villa-des-oliviers.jpeg","contentUrl":"https:\/\/lasentinelle.dz\/wp-content\/uploads\/2025\/03\/Villa-des-oliviers.jpeg","width":689,"height":445},{"@type":"BreadcrumbList","@id":"https:\/\/lasentinelle.dz\/index.php\/2025\/03\/17\/ces-privileges-dont-beneficie-la-france-en-algerie\/#breadcrumb","itemListElement":[{"@type":"ListItem","position":1,"name":"Accueil","item":"https:\/\/lasentinelle.dz\/"},{"@type":"ListItem","position":2,"name":"Ces privil\u00e8ges dont b\u00e9n\u00e9ficie la France en Alg\u00e9rie"}]},{"@type":"WebSite","@id":"https:\/\/lasentinelle.dz\/#website","url":"https:\/\/lasentinelle.dz\/","name":"La Sentinelle","description":"Quotidien national d&#039;information","publisher":{"@id":"https:\/\/lasentinelle.dz\/#organization"},"potentialAction":[{"@type":"SearchAction","target":{"@type":"EntryPoint","urlTemplate":"https:\/\/lasentinelle.dz\/?s={search_term_string}"},"query-input":{"@type":"PropertyValueSpecification","valueRequired":true,"valueName":"search_term_string"}}],"inLanguage":"fr-FR"},{"@type":"Organization","@id":"https:\/\/lasentinelle.dz\/#organization","name":"Quotidien La Sentinelle","url":"https:\/\/lasentinelle.dz\/","logo":{"@type":"ImageObject","inLanguage":"fr-FR","@id":"https:\/\/lasentinelle.dz\/#\/schema\/logo\/image\/","url":"https:\/\/lasentinelle.dz\/wp-content\/uploads\/2021\/09\/logo-sentinelleSLOGAN-1.png","contentUrl":"https:\/\/lasentinelle.dz\/wp-content\/uploads\/2021\/09\/logo-sentinelleSLOGAN-1.png","width":615,"height":142,"caption":"Quotidien La Sentinelle"},"image":{"@id":"https:\/\/lasentinelle.dz\/#\/schema\/logo\/image\/"},"sameAs":["https:\/\/www.facebook.com\/La-Sentinelle-104059864394773"]},{"@type":"Person","@id":"https:\/\/lasentinelle.dz\/#\/schema\/person\/729ee0024f24e0b8c5ec17232f8e8b41","name":"admin","image":{"@type":"ImageObject","inLanguage":"fr-FR","@id":"https:\/\/secure.gravatar.com\/avatar\/4c81fed838786e9b53f540bf46533e750f5d292099ae3b66cfc6fb1982e29df7?s=96&d=mm&r=g","url":"https:\/\/secure.gravatar.com\/avatar\/4c81fed838786e9b53f540bf46533e750f5d292099ae3b66cfc6fb1982e29df7?s=96&d=mm&r=g","contentUrl":"https:\/\/secure.gravatar.com\/avatar\/4c81fed838786e9b53f540bf46533e750f5d292099ae3b66cfc6fb1982e29df7?s=96&d=mm&r=g","caption":"admin"},"description":"admin","url":"https:\/\/lasentinelle.dz\/author\/admin\/"}]}},"_links":{"self":[{"href":"https:\/\/lasentinelle.dz\/index.php\/wp-json\/wp\/v2\/posts\/64449","targetHints":{"allow":["GET"]}}],"collection":[{"href":"https:\/\/lasentinelle.dz\/index.php\/wp-json\/wp\/v2\/posts"}],"about":[{"href":"https:\/\/lasentinelle.dz\/index.php\/wp-json\/wp\/v2\/types\/post"}],"author":[{"embeddable":true,"href":"https:\/\/lasentinelle.dz\/index.php\/wp-json\/wp\/v2\/users\/6"}],"replies":[{"embeddable":true,"href":"https:\/\/lasentinelle.dz\/index.php\/wp-json\/wp\/v2\/comments?post=64449"}],"version-history":[{"count":1,"href":"https:\/\/lasentinelle.dz\/index.php\/wp-json\/wp\/v2\/posts\/64449\/revisions"}],"predecessor-version":[{"id":64451,"href":"https:\/\/lasentinelle.dz\/index.php\/wp-json\/wp\/v2\/posts\/64449\/revisions\/64451"}],"wp:featuredmedia":[{"embeddable":true,"href":"https:\/\/lasentinelle.dz\/index.php\/wp-json\/wp\/v2\/media\/64450"}],"wp:attachment":[{"href":"https:\/\/lasentinelle.dz\/index.php\/wp-json\/wp\/v2\/media?parent=64449"}],"wp:term":[{"taxonomy":"category","embeddable":true,"href":"https:\/\/lasentinelle.dz\/index.php\/wp-json\/wp\/v2\/categories?post=64449"},{"taxonomy":"post_tag","embeddable":true,"href":"https:\/\/lasentinelle.dz\/index.php\/wp-json\/wp\/v2\/tags?post=64449"}],"curies":[{"name":"wp","href":"https:\/\/api.w.org\/{rel}","templated":true}]}}