{"id":6447,"date":"2021-09-04T00:05:00","date_gmt":"2021-09-03T23:05:00","guid":{"rendered":"https:\/\/lasentinelle.dz\/?p=6447"},"modified":"2021-09-03T18:37:16","modified_gmt":"2021-09-03T17:37:16","slug":"de-nouvelles-modalites-dinscription-au-fichier-national-les-groupes-terroristes-en-ligne-de-mire","status":"publish","type":"post","link":"https:\/\/lasentinelle.dz\/index.php\/2021\/09\/04\/de-nouvelles-modalites-dinscription-au-fichier-national-les-groupes-terroristes-en-ligne-de-mire\/","title":{"rendered":"De nouvelles modalit\u00e9s d\u2019inscription au fichier national : Les groupes terroristes en ligne de mire"},"content":{"rendered":"\n<p>Un nouveau texte qui d\u00e9finit les modalit\u00e9s d\u2019inscription dans le fichier national des personnes et organisations terroristes sera examin\u00e9 aujourd\u2019hui par le gouvernement. Il s\u2019agit de compl\u00e9ter et d\u2019enrichir le dispositif de lutte contre le terrorisme.<\/p>\n\n\n\n<p>Le Premier ministre, ministre des Finances, A\u00efmene Benabderrahmane pr\u00e9sidera, aujourd\u2019hui, au Palais du gouvernement une r\u00e9union du gouvernement. Cette r\u00e9union sera consacr\u00e9e, selon nos sources, \u00e0 l\u2019examen de plusieurs dossiers relatifs aux secteurs de la justice, du commerce, de la transition \u00e9nerg\u00e9tique, de la sant\u00e9, de l\u2019industrie pharmaceutique, de l\u2019enseignement sup\u00e9rieur et de la recherche scientifique ainsi que l\u2019\u00e9conomie de la connaissance et les start-up. La premi\u00e8re communication sera pr\u00e9sent\u00e9e par le ministre de la Justice, Abderrachid Tebbi sur le projet de d\u00e9cret ex\u00e9cutif qui d\u00e9finit les modalit\u00e9s d\u2019inscription dans le fichier national des personnes et organisations terroristes. Un texte qui permettra de compl\u00e9ter le cadre r\u00e9glementaire et juridique relatif \u00e0 la lutte contre les groupes et organisations terroristes, \u00e0 travers leur identification et leur classification sur la base de crit\u00e8res pr\u00e9cis, d\u2019autant que le terrorisme rev\u00eat aujourd\u2019hui de nouvelles formes.<\/p>\n\n\n\n<p>Il est vrai que c\u2019est le second texte pr\u00e9sent\u00e9 par le gouvernement qui doit adapter le corpus l\u00e9gislatif aux d\u00e9fis de l\u2019heure en mati\u00e8re de lutte anti-terroriste, notamment au regard des \u00e9v\u00e9nements r\u00e9cents et des nombreux d\u00e9fis qu\u2019imposent la pr\u00e9servation de la s\u00e9curit\u00e9 et de la qui\u00e9tude de la population.<\/p>\n\n\n\n<p>En effet, au mois de juin dernier un texte a permis de mettre en place un dispositif pour la cr\u00e9ation d\u2019un fichier national des organisations terroristes.<\/p>\n\n\n\n<p>L\u2019Ordonnance n\u00b0 21-08 du 8 juin 2021 modifiant et compl\u00e9tant l\u2019ordonnance n\u00b0 66-156 du 8 juin 1966 portant code p\u00e9nal consid\u00e8re, dans son article \u00ab87 bis \u00bb, \u00ab(\u2026) comme acte terroriste ou sabotage, tout acte visant la s\u00fbret\u00e9 de l\u2019Etat, l\u2019unit\u00e9 nationale et la stabilit\u00e9 et le fonctionnement normal des institutions par toute action ayant pour objet d\u2019\u0153uvrer ou inciter, par quelque moyen que ce soit, \u00e0 acc\u00e9der au pouvoir ou \u00e0 changer le syst\u00e8me de gouvernance par des moyens non constitutionnels \u00bb. Autrement dit, s\u2019attaquer \u00e0 l&rsquo;Etat, \u00e0 ses institutions, notamment en portant atteinte \u00e0 la s\u00e9curit\u00e9 de la nation et \u00e0 son unit\u00e9 rel\u00e8vera du p\u00e9nal et ses auteurs seront poursuivis dans ce cadre. Le m\u00eame article rappelle \u00e0 l\u2019ordre ceux qui \u0153uvrent \u00e0 d\u00e9stabiliser le pays en tentant, par diff\u00e9rents moyens, d\u2019inciter la population \u00e0 la r\u00e9volte. C\u2019est ainsi que l\u2019\u00ab Art. 87 bis \u00bb de la pr\u00e9sente ordonnance, consid\u00e8re \u00abcomme acte terroriste ou sabotage, tout acte visant la s\u00fbret\u00e9 de l\u2019Etat, l\u2019unit\u00e9 nationale et la stabilit\u00e9 et le fonctionnement normal des institutions par toute action ayant pour objet de : \u0153uvrer ou inciter, par quelque moyen que ce soit, \u00e0 acc\u00e9der au pouvoir ou \u00e0 changer le syst\u00e8me de gouvernance par des moyens non constitutionnels\u00bb.Ladite ordonnance a pr\u00e9vue notamment l\u2019int\u00e9gration des groupes et organisations terroristes ainsi que leurs \u00e9l\u00e9ments dans un fichier national. Pour rappel, une r\u00e9union du Haut Conseil de s\u00e9curit\u00e9 a class\u00e9, au mois de mai dernierle MAK dirig\u00e9 par Ferhat Mhenni et Rachad en tant qu\u2019organisations terroristes. Notons par ailleurs qu\u2019au cours du dernier Haut conseil de s\u00e9curit\u00e9, tenu il y a deux semaines, le pr\u00e9sident de la R\u00e9publique, Abdelmadjid Tebboune s\u2019est engag\u00e9 \u00e0 \u00e9radiquer les deux organisations.<\/p>\n\n\n\n<p>Sur un autre registre, notons qu\u2019au cours de la r\u00e9union du gouvernement, le ministre du Commerce et de la Promotion des exportations, Kamel Rezig pr\u00e9sentera deux projets de d\u00e9crets ex\u00e9cutifs portant respectivement sur la r\u00e9organisation de la chambre alg\u00e9rienne du commerce et d\u2019industrie (CACI) et la cr\u00e9ation d\u2019un r\u00e9seau de laboratoires d\u2019analyses de conformit\u00e9 des produits. Le ministre de la Transition \u00e9nerg\u00e9tique et des \u00c9nergies renouvelables, Ben Attou Ziane pr\u00e9sentera une communication sur le d\u00e9veloppement des \u00e9nergies renouvelables et la transition \u00e9nerg\u00e9tique.<\/p>\n\n\n\n<p>Le ministre de la Sant\u00e9, M. Abderrahmane Benbouzid pr\u00e9sentera un expos\u00e9 sur la mise en place d\u2019un \u00e9tablissement hospitalier sp\u00e9cialis\u00e9 pour les grands brul\u00e9s au niveau de la wilaya d\u2019Alger. Son coll\u00e8gue charg\u00e9 de l\u2019Industrie pharmaceutique, Lotfi Benbahmed exposera lors de ce conseil l\u2019\u00e9tat d\u2019avancement du projet de fabrication du vaccin russe Sputnik V et le vaccin chinois Sinovac en Alg\u00e9rie. Un projet inscrit dans le plan d\u2019action du groupe pharmaceutique public Saidal.<\/p>\n\n\n\n<p><strong>Fai\u00e7al Bedjaoui<\/strong><\/p>\n","protected":false},"excerpt":{"rendered":"<p>Un nouveau texte qui d\u00e9finit les modalit\u00e9s d\u2019inscription dans le fichier national des personnes et organisations terroristes sera examin\u00e9 aujourd\u2019hui<\/p>\n","protected":false},"author":3,"featured_media":6452,"comment_status":"open","ping_status":"closed","sticky":false,"template":"","format":"standard","meta":{"colormag_page_container_layout":"default_layout","colormag_page_sidebar_layout":"default_layout","om_disable_all_campaigns":false,"_monsterinsights_skip_tracking":false,"_monsterinsights_sitenote_active":false,"_monsterinsights_sitenote_note":"","_monsterinsights_sitenote_category":0,"footnotes":"","_wpscppro_dont_share_socialmedia":false,"_wpscppro_custom_social_share_image":0,"_facebook_share_type":"","_twitter_share_type":"","_linkedin_share_type":"","_pinterest_share_type":"","_linkedin_share_type_page":"","_instagram_share_type":"","_medium_share_type":"","_threads_share_type":"","_google_business_share_type":"","_selected_social_profile":[],"_wpsp_enable_custom_social_template":false,"_wpsp_social_scheduling":{"enabled":false,"datetime":null,"platforms":[],"status":"template_only","dateOption":"today","timeOption":"now","customDays":"","customHours":"","customDate":"","customTime":"","schedulingType":"absolute"},"_wpsp_active_default_template":true},"categories":[52,27],"tags":[],"class_list":["post-6447","post","type-post","status-publish","format-standard","has-post-thumbnail","hentry","category-a-la-une","category-actualite"],"aioseo_notices":[],"yoast_head":"<!-- This site is optimized with the Yoast SEO plugin v27.5 - https:\/\/yoast.com\/product\/yoast-seo-wordpress\/ -->\n<title>De nouvelles modalit\u00e9s d\u2019inscription au fichier national : Les groupes terroristes en ligne de mire - La Sentinelle<\/title>\n<meta name=\"robots\" content=\"index, follow, max-snippet:-1, max-image-preview:large, max-video-preview:-1\" \/>\n<link rel=\"canonical\" href=\"https:\/\/lasentinelle.dz\/index.php\/2021\/09\/04\/de-nouvelles-modalites-dinscription-au-fichier-national-les-groupes-terroristes-en-ligne-de-mire\/\" \/>\n<meta property=\"og:locale\" content=\"fr_FR\" \/>\n<meta property=\"og:type\" content=\"article\" \/>\n<meta property=\"og:title\" content=\"De nouvelles modalit\u00e9s d\u2019inscription au fichier national : Les groupes terroristes en ligne de mire - La Sentinelle\" \/>\n<meta property=\"og:description\" content=\"Un nouveau texte qui d\u00e9finit les modalit\u00e9s d\u2019inscription dans le fichier national des personnes et organisations terroristes sera examin\u00e9 aujourd\u2019hui\" \/>\n<meta property=\"og:url\" content=\"https:\/\/lasentinelle.dz\/index.php\/2021\/09\/04\/de-nouvelles-modalites-dinscription-au-fichier-national-les-groupes-terroristes-en-ligne-de-mire\/\" \/>\n<meta property=\"og:site_name\" content=\"La Sentinelle\" \/>\n<meta property=\"article:publisher\" content=\"https:\/\/www.facebook.com\/La-Sentinelle-104059864394773\" \/>\n<meta property=\"article:published_time\" content=\"2021-09-03T23:05:00+00:00\" \/>\n<meta property=\"og:image\" content=\"https:\/\/lasentinelle.dz\/wp-content\/uploads\/2021\/09\/terrorisme-1.jpg\" \/>\n\t<meta property=\"og:image:width\" content=\"1078\" \/>\n\t<meta property=\"og:image:height\" content=\"516\" \/>\n\t<meta property=\"og:image:type\" content=\"image\/jpeg\" \/>\n<meta name=\"author\" content=\"La Sentinelle\" \/>\n<meta name=\"twitter:card\" content=\"summary_large_image\" \/>\n<meta name=\"twitter:label1\" content=\"\u00c9crit par\" \/>\n\t<meta name=\"twitter:data1\" content=\"La Sentinelle\" \/>\n\t<meta name=\"twitter:label2\" content=\"Dur\u00e9e de lecture estim\u00e9e\" \/>\n\t<meta name=\"twitter:data2\" content=\"4 minutes\" \/>\n<script type=\"application\/ld+json\" class=\"yoast-schema-graph\">{\"@context\":\"https:\\\/\\\/schema.org\",\"@graph\":[{\"@type\":\"Article\",\"@id\":\"https:\\\/\\\/lasentinelle.dz\\\/index.php\\\/2021\\\/09\\\/04\\\/de-nouvelles-modalites-dinscription-au-fichier-national-les-groupes-terroristes-en-ligne-de-mire\\\/#article\",\"isPartOf\":{\"@id\":\"https:\\\/\\\/lasentinelle.dz\\\/index.php\\\/2021\\\/09\\\/04\\\/de-nouvelles-modalites-dinscription-au-fichier-national-les-groupes-terroristes-en-ligne-de-mire\\\/\"},\"author\":{\"name\":\"La Sentinelle\",\"@id\":\"https:\\\/\\\/lasentinelle.dz\\\/#\\\/schema\\\/person\\\/d865044e22e70a75174ce8bcad3acfb3\"},\"headline\":\"De nouvelles modalit\u00e9s d\u2019inscription au fichier national : Les groupes terroristes en ligne de mire\",\"datePublished\":\"2021-09-03T23:05:00+00:00\",\"mainEntityOfPage\":{\"@id\":\"https:\\\/\\\/lasentinelle.dz\\\/index.php\\\/2021\\\/09\\\/04\\\/de-nouvelles-modalites-dinscription-au-fichier-national-les-groupes-terroristes-en-ligne-de-mire\\\/\"},\"wordCount\":805,\"commentCount\":0,\"publisher\":{\"@id\":\"https:\\\/\\\/lasentinelle.dz\\\/#organization\"},\"image\":{\"@id\":\"https:\\\/\\\/lasentinelle.dz\\\/index.php\\\/2021\\\/09\\\/04\\\/de-nouvelles-modalites-dinscription-au-fichier-national-les-groupes-terroristes-en-ligne-de-mire\\\/#primaryimage\"},\"thumbnailUrl\":\"https:\\\/\\\/lasentinelle.dz\\\/wp-content\\\/uploads\\\/2021\\\/09\\\/terrorisme-1.jpg\",\"articleSection\":[\"\u00c0 la Une\",\"Actualit\u00e9\"],\"inLanguage\":\"fr-FR\",\"potentialAction\":[{\"@type\":\"CommentAction\",\"name\":\"Comment\",\"target\":[\"https:\\\/\\\/lasentinelle.dz\\\/index.php\\\/2021\\\/09\\\/04\\\/de-nouvelles-modalites-dinscription-au-fichier-national-les-groupes-terroristes-en-ligne-de-mire\\\/#respond\"]}]},{\"@type\":\"WebPage\",\"@id\":\"https:\\\/\\\/lasentinelle.dz\\\/index.php\\\/2021\\\/09\\\/04\\\/de-nouvelles-modalites-dinscription-au-fichier-national-les-groupes-terroristes-en-ligne-de-mire\\\/\",\"url\":\"https:\\\/\\\/lasentinelle.dz\\\/index.php\\\/2021\\\/09\\\/04\\\/de-nouvelles-modalites-dinscription-au-fichier-national-les-groupes-terroristes-en-ligne-de-mire\\\/\",\"name\":\"De nouvelles modalit\u00e9s d\u2019inscription au fichier national : Les groupes terroristes en ligne de mire - La Sentinelle\",\"isPartOf\":{\"@id\":\"https:\\\/\\\/lasentinelle.dz\\\/#website\"},\"primaryImageOfPage\":{\"@id\":\"https:\\\/\\\/lasentinelle.dz\\\/index.php\\\/2021\\\/09\\\/04\\\/de-nouvelles-modalites-dinscription-au-fichier-national-les-groupes-terroristes-en-ligne-de-mire\\\/#primaryimage\"},\"image\":{\"@id\":\"https:\\\/\\\/lasentinelle.dz\\\/index.php\\\/2021\\\/09\\\/04\\\/de-nouvelles-modalites-dinscription-au-fichier-national-les-groupes-terroristes-en-ligne-de-mire\\\/#primaryimage\"},\"thumbnailUrl\":\"https:\\\/\\\/lasentinelle.dz\\\/wp-content\\\/uploads\\\/2021\\\/09\\\/terrorisme-1.jpg\",\"datePublished\":\"2021-09-03T23:05:00+00:00\",\"breadcrumb\":{\"@id\":\"https:\\\/\\\/lasentinelle.dz\\\/index.php\\\/2021\\\/09\\\/04\\\/de-nouvelles-modalites-dinscription-au-fichier-national-les-groupes-terroristes-en-ligne-de-mire\\\/#breadcrumb\"},\"inLanguage\":\"fr-FR\",\"potentialAction\":[{\"@type\":\"ReadAction\",\"target\":[\"https:\\\/\\\/lasentinelle.dz\\\/index.php\\\/2021\\\/09\\\/04\\\/de-nouvelles-modalites-dinscription-au-fichier-national-les-groupes-terroristes-en-ligne-de-mire\\\/\"]}]},{\"@type\":\"ImageObject\",\"inLanguage\":\"fr-FR\",\"@id\":\"https:\\\/\\\/lasentinelle.dz\\\/index.php\\\/2021\\\/09\\\/04\\\/de-nouvelles-modalites-dinscription-au-fichier-national-les-groupes-terroristes-en-ligne-de-mire\\\/#primaryimage\",\"url\":\"https:\\\/\\\/lasentinelle.dz\\\/wp-content\\\/uploads\\\/2021\\\/09\\\/terrorisme-1.jpg\",\"contentUrl\":\"https:\\\/\\\/lasentinelle.dz\\\/wp-content\\\/uploads\\\/2021\\\/09\\\/terrorisme-1.jpg\",\"width\":1078,\"height\":516},{\"@type\":\"BreadcrumbList\",\"@id\":\"https:\\\/\\\/lasentinelle.dz\\\/index.php\\\/2021\\\/09\\\/04\\\/de-nouvelles-modalites-dinscription-au-fichier-national-les-groupes-terroristes-en-ligne-de-mire\\\/#breadcrumb\",\"itemListElement\":[{\"@type\":\"ListItem\",\"position\":1,\"name\":\"Accueil\",\"item\":\"https:\\\/\\\/lasentinelle.dz\\\/\"},{\"@type\":\"ListItem\",\"position\":2,\"name\":\"De nouvelles modalit\u00e9s d\u2019inscription au fichier national : Les groupes terroristes en ligne de mire\"}]},{\"@type\":\"WebSite\",\"@id\":\"https:\\\/\\\/lasentinelle.dz\\\/#website\",\"url\":\"https:\\\/\\\/lasentinelle.dz\\\/\",\"name\":\"La Sentinelle\",\"description\":\"Quotidien national d&#039;information\",\"publisher\":{\"@id\":\"https:\\\/\\\/lasentinelle.dz\\\/#organization\"},\"potentialAction\":[{\"@type\":\"SearchAction\",\"target\":{\"@type\":\"EntryPoint\",\"urlTemplate\":\"https:\\\/\\\/lasentinelle.dz\\\/?s={search_term_string}\"},\"query-input\":{\"@type\":\"PropertyValueSpecification\",\"valueRequired\":true,\"valueName\":\"search_term_string\"}}],\"inLanguage\":\"fr-FR\"},{\"@type\":\"Organization\",\"@id\":\"https:\\\/\\\/lasentinelle.dz\\\/#organization\",\"name\":\"Quotidien La Sentinelle\",\"url\":\"https:\\\/\\\/lasentinelle.dz\\\/\",\"logo\":{\"@type\":\"ImageObject\",\"inLanguage\":\"fr-FR\",\"@id\":\"https:\\\/\\\/lasentinelle.dz\\\/#\\\/schema\\\/logo\\\/image\\\/\",\"url\":\"https:\\\/\\\/lasentinelle.dz\\\/wp-content\\\/uploads\\\/2021\\\/09\\\/logo-sentinelleSLOGAN-1.png\",\"contentUrl\":\"https:\\\/\\\/lasentinelle.dz\\\/wp-content\\\/uploads\\\/2021\\\/09\\\/logo-sentinelleSLOGAN-1.png\",\"width\":615,\"height\":142,\"caption\":\"Quotidien La Sentinelle\"},\"image\":{\"@id\":\"https:\\\/\\\/lasentinelle.dz\\\/#\\\/schema\\\/logo\\\/image\\\/\"},\"sameAs\":[\"https:\\\/\\\/www.facebook.com\\\/La-Sentinelle-104059864394773\"]},{\"@type\":\"Person\",\"@id\":\"https:\\\/\\\/lasentinelle.dz\\\/#\\\/schema\\\/person\\\/d865044e22e70a75174ce8bcad3acfb3\",\"name\":\"La Sentinelle\",\"image\":{\"@type\":\"ImageObject\",\"inLanguage\":\"fr-FR\",\"@id\":\"https:\\\/\\\/secure.gravatar.com\\\/avatar\\\/57de8e5d4b15d43fb361a71fbb36338450fe67865b528a43dd10ef7c51a20392?s=96&d=mm&r=g\",\"url\":\"https:\\\/\\\/secure.gravatar.com\\\/avatar\\\/57de8e5d4b15d43fb361a71fbb36338450fe67865b528a43dd10ef7c51a20392?s=96&d=mm&r=g\",\"contentUrl\":\"https:\\\/\\\/secure.gravatar.com\\\/avatar\\\/57de8e5d4b15d43fb361a71fbb36338450fe67865b528a43dd10ef7c51a20392?s=96&d=mm&r=g\",\"caption\":\"La Sentinelle\"},\"sameAs\":[\"http:\\\/\\\/www.lasentinelle.dz\"],\"url\":\"https:\\\/\\\/lasentinelle.dz\\\/author\\\/redaction\\\/\"}]}<\/script>\n<!-- \/ Yoast SEO plugin. -->","yoast_head_json":{"title":"De nouvelles modalit\u00e9s d\u2019inscription au fichier national : Les groupes terroristes en ligne de mire - La Sentinelle","robots":{"index":"index","follow":"follow","max-snippet":"max-snippet:-1","max-image-preview":"max-image-preview:large","max-video-preview":"max-video-preview:-1"},"canonical":"https:\/\/lasentinelle.dz\/index.php\/2021\/09\/04\/de-nouvelles-modalites-dinscription-au-fichier-national-les-groupes-terroristes-en-ligne-de-mire\/","og_locale":"fr_FR","og_type":"article","og_title":"De nouvelles modalit\u00e9s d\u2019inscription au fichier national : Les groupes terroristes en ligne de mire - La Sentinelle","og_description":"Un nouveau texte qui d\u00e9finit les modalit\u00e9s d\u2019inscription dans le fichier national des personnes et organisations terroristes sera examin\u00e9 aujourd\u2019hui","og_url":"https:\/\/lasentinelle.dz\/index.php\/2021\/09\/04\/de-nouvelles-modalites-dinscription-au-fichier-national-les-groupes-terroristes-en-ligne-de-mire\/","og_site_name":"La Sentinelle","article_publisher":"https:\/\/www.facebook.com\/La-Sentinelle-104059864394773","article_published_time":"2021-09-03T23:05:00+00:00","og_image":[{"width":1078,"height":516,"url":"https:\/\/lasentinelle.dz\/wp-content\/uploads\/2021\/09\/terrorisme-1.jpg","type":"image\/jpeg"}],"author":"La Sentinelle","twitter_card":"summary_large_image","twitter_misc":{"\u00c9crit par":"La Sentinelle","Dur\u00e9e de lecture estim\u00e9e":"4 minutes"},"schema":{"@context":"https:\/\/schema.org","@graph":[{"@type":"Article","@id":"https:\/\/lasentinelle.dz\/index.php\/2021\/09\/04\/de-nouvelles-modalites-dinscription-au-fichier-national-les-groupes-terroristes-en-ligne-de-mire\/#article","isPartOf":{"@id":"https:\/\/lasentinelle.dz\/index.php\/2021\/09\/04\/de-nouvelles-modalites-dinscription-au-fichier-national-les-groupes-terroristes-en-ligne-de-mire\/"},"author":{"name":"La Sentinelle","@id":"https:\/\/lasentinelle.dz\/#\/schema\/person\/d865044e22e70a75174ce8bcad3acfb3"},"headline":"De nouvelles modalit\u00e9s d\u2019inscription au fichier national : Les groupes terroristes en ligne de mire","datePublished":"2021-09-03T23:05:00+00:00","mainEntityOfPage":{"@id":"https:\/\/lasentinelle.dz\/index.php\/2021\/09\/04\/de-nouvelles-modalites-dinscription-au-fichier-national-les-groupes-terroristes-en-ligne-de-mire\/"},"wordCount":805,"commentCount":0,"publisher":{"@id":"https:\/\/lasentinelle.dz\/#organization"},"image":{"@id":"https:\/\/lasentinelle.dz\/index.php\/2021\/09\/04\/de-nouvelles-modalites-dinscription-au-fichier-national-les-groupes-terroristes-en-ligne-de-mire\/#primaryimage"},"thumbnailUrl":"https:\/\/lasentinelle.dz\/wp-content\/uploads\/2021\/09\/terrorisme-1.jpg","articleSection":["\u00c0 la Une","Actualit\u00e9"],"inLanguage":"fr-FR","potentialAction":[{"@type":"CommentAction","name":"Comment","target":["https:\/\/lasentinelle.dz\/index.php\/2021\/09\/04\/de-nouvelles-modalites-dinscription-au-fichier-national-les-groupes-terroristes-en-ligne-de-mire\/#respond"]}]},{"@type":"WebPage","@id":"https:\/\/lasentinelle.dz\/index.php\/2021\/09\/04\/de-nouvelles-modalites-dinscription-au-fichier-national-les-groupes-terroristes-en-ligne-de-mire\/","url":"https:\/\/lasentinelle.dz\/index.php\/2021\/09\/04\/de-nouvelles-modalites-dinscription-au-fichier-national-les-groupes-terroristes-en-ligne-de-mire\/","name":"De nouvelles modalit\u00e9s d\u2019inscription au fichier national : Les groupes terroristes en ligne de mire - La Sentinelle","isPartOf":{"@id":"https:\/\/lasentinelle.dz\/#website"},"primaryImageOfPage":{"@id":"https:\/\/lasentinelle.dz\/index.php\/2021\/09\/04\/de-nouvelles-modalites-dinscription-au-fichier-national-les-groupes-terroristes-en-ligne-de-mire\/#primaryimage"},"image":{"@id":"https:\/\/lasentinelle.dz\/index.php\/2021\/09\/04\/de-nouvelles-modalites-dinscription-au-fichier-national-les-groupes-terroristes-en-ligne-de-mire\/#primaryimage"},"thumbnailUrl":"https:\/\/lasentinelle.dz\/wp-content\/uploads\/2021\/09\/terrorisme-1.jpg","datePublished":"2021-09-03T23:05:00+00:00","breadcrumb":{"@id":"https:\/\/lasentinelle.dz\/index.php\/2021\/09\/04\/de-nouvelles-modalites-dinscription-au-fichier-national-les-groupes-terroristes-en-ligne-de-mire\/#breadcrumb"},"inLanguage":"fr-FR","potentialAction":[{"@type":"ReadAction","target":["https:\/\/lasentinelle.dz\/index.php\/2021\/09\/04\/de-nouvelles-modalites-dinscription-au-fichier-national-les-groupes-terroristes-en-ligne-de-mire\/"]}]},{"@type":"ImageObject","inLanguage":"fr-FR","@id":"https:\/\/lasentinelle.dz\/index.php\/2021\/09\/04\/de-nouvelles-modalites-dinscription-au-fichier-national-les-groupes-terroristes-en-ligne-de-mire\/#primaryimage","url":"https:\/\/lasentinelle.dz\/wp-content\/uploads\/2021\/09\/terrorisme-1.jpg","contentUrl":"https:\/\/lasentinelle.dz\/wp-content\/uploads\/2021\/09\/terrorisme-1.jpg","width":1078,"height":516},{"@type":"BreadcrumbList","@id":"https:\/\/lasentinelle.dz\/index.php\/2021\/09\/04\/de-nouvelles-modalites-dinscription-au-fichier-national-les-groupes-terroristes-en-ligne-de-mire\/#breadcrumb","itemListElement":[{"@type":"ListItem","position":1,"name":"Accueil","item":"https:\/\/lasentinelle.dz\/"},{"@type":"ListItem","position":2,"name":"De nouvelles modalit\u00e9s d\u2019inscription au fichier national : Les groupes terroristes en ligne de mire"}]},{"@type":"WebSite","@id":"https:\/\/lasentinelle.dz\/#website","url":"https:\/\/lasentinelle.dz\/","name":"La Sentinelle","description":"Quotidien national d&#039;information","publisher":{"@id":"https:\/\/lasentinelle.dz\/#organization"},"potentialAction":[{"@type":"SearchAction","target":{"@type":"EntryPoint","urlTemplate":"https:\/\/lasentinelle.dz\/?s={search_term_string}"},"query-input":{"@type":"PropertyValueSpecification","valueRequired":true,"valueName":"search_term_string"}}],"inLanguage":"fr-FR"},{"@type":"Organization","@id":"https:\/\/lasentinelle.dz\/#organization","name":"Quotidien La Sentinelle","url":"https:\/\/lasentinelle.dz\/","logo":{"@type":"ImageObject","inLanguage":"fr-FR","@id":"https:\/\/lasentinelle.dz\/#\/schema\/logo\/image\/","url":"https:\/\/lasentinelle.dz\/wp-content\/uploads\/2021\/09\/logo-sentinelleSLOGAN-1.png","contentUrl":"https:\/\/lasentinelle.dz\/wp-content\/uploads\/2021\/09\/logo-sentinelleSLOGAN-1.png","width":615,"height":142,"caption":"Quotidien La Sentinelle"},"image":{"@id":"https:\/\/lasentinelle.dz\/#\/schema\/logo\/image\/"},"sameAs":["https:\/\/www.facebook.com\/La-Sentinelle-104059864394773"]},{"@type":"Person","@id":"https:\/\/lasentinelle.dz\/#\/schema\/person\/d865044e22e70a75174ce8bcad3acfb3","name":"La Sentinelle","image":{"@type":"ImageObject","inLanguage":"fr-FR","@id":"https:\/\/secure.gravatar.com\/avatar\/57de8e5d4b15d43fb361a71fbb36338450fe67865b528a43dd10ef7c51a20392?s=96&d=mm&r=g","url":"https:\/\/secure.gravatar.com\/avatar\/57de8e5d4b15d43fb361a71fbb36338450fe67865b528a43dd10ef7c51a20392?s=96&d=mm&r=g","contentUrl":"https:\/\/secure.gravatar.com\/avatar\/57de8e5d4b15d43fb361a71fbb36338450fe67865b528a43dd10ef7c51a20392?s=96&d=mm&r=g","caption":"La Sentinelle"},"sameAs":["http:\/\/www.lasentinelle.dz"],"url":"https:\/\/lasentinelle.dz\/author\/redaction\/"}]}},"_links":{"self":[{"href":"https:\/\/lasentinelle.dz\/index.php\/wp-json\/wp\/v2\/posts\/6447","targetHints":{"allow":["GET"]}}],"collection":[{"href":"https:\/\/lasentinelle.dz\/index.php\/wp-json\/wp\/v2\/posts"}],"about":[{"href":"https:\/\/lasentinelle.dz\/index.php\/wp-json\/wp\/v2\/types\/post"}],"author":[{"embeddable":true,"href":"https:\/\/lasentinelle.dz\/index.php\/wp-json\/wp\/v2\/users\/3"}],"replies":[{"embeddable":true,"href":"https:\/\/lasentinelle.dz\/index.php\/wp-json\/wp\/v2\/comments?post=6447"}],"version-history":[{"count":2,"href":"https:\/\/lasentinelle.dz\/index.php\/wp-json\/wp\/v2\/posts\/6447\/revisions"}],"predecessor-version":[{"id":6549,"href":"https:\/\/lasentinelle.dz\/index.php\/wp-json\/wp\/v2\/posts\/6447\/revisions\/6549"}],"wp:featuredmedia":[{"embeddable":true,"href":"https:\/\/lasentinelle.dz\/index.php\/wp-json\/wp\/v2\/media\/6452"}],"wp:attachment":[{"href":"https:\/\/lasentinelle.dz\/index.php\/wp-json\/wp\/v2\/media?parent=6447"}],"wp:term":[{"taxonomy":"category","embeddable":true,"href":"https:\/\/lasentinelle.dz\/index.php\/wp-json\/wp\/v2\/categories?post=6447"},{"taxonomy":"post_tag","embeddable":true,"href":"https:\/\/lasentinelle.dz\/index.php\/wp-json\/wp\/v2\/tags?post=6447"}],"curies":[{"name":"wp","href":"https:\/\/api.w.org\/{rel}","templated":true}]}}