{"id":64492,"date":"2025-03-18T12:08:00","date_gmt":"2025-03-18T11:08:00","guid":{"rendered":"https:\/\/lasentinelle.dz\/?p=64492"},"modified":"2025-03-18T12:32:51","modified_gmt":"2025-03-18T11:32:51","slug":"ligne-de-chemin-de-fer-gara-djebilet-bechar-arkab-insiste-sur-lacceleration-des-travaux-de-realisation","status":"publish","type":"post","link":"https:\/\/lasentinelle.dz\/index.php\/2025\/03\/18\/ligne-de-chemin-de-fer-gara-djebilet-bechar-arkab-insiste-sur-lacceleration-des-travaux-de-realisation\/","title":{"rendered":"Ligne de chemin de fer Gara Djebilet-B\u00e9char: Arkab insiste sur l&rsquo;acc\u00e9l\u00e9ration des travaux de r\u00e9alisation"},"content":{"rendered":"\n<p>Le ministre de l&rsquo;\u00c9tat, ministre de l&rsquo;\u00c9nergie, des Mines et des \u00c9nergies Renouvelables a effectu\u00e9 une visite de travail et d&rsquo;inspection dans la wilaya de B\u00e9char, o\u00f9 il a supervis\u00e9 l&rsquo;avancement du projet de la ligne ferroviaire mini\u00e8re occidentale reliant B\u00e9char, Tindouf et Gara Djebilet. Ce projet strat\u00e9gique, inscrit dans le cadre du d\u00e9veloppement des infrastructures de transport minier, vise \u00e0 optimiser l&rsquo;exploitation des ressources mini\u00e8res, en particulier le minerai de fer de Gara Djebilet. Lors de cette visite, le ministre a insist\u00e9 sur l&rsquo;acc\u00e9l\u00e9ration des travaux de r\u00e9alisation apr\u00e8s avoir assist\u00e9 \u00e0 une pr\u00e9sentation d\u00e9taill\u00e9e des responsables de l&rsquo;Agence nationale des \u00e9tudes et du suivi de la r\u00e9alisation des investissements ferroviaires (ANESRIF), ainsi que des entreprises en charge des travaux, qui ont affirm\u00e9 le respect du calendrier fix\u00e9. D&rsquo;une longueur totale de 950 km, la ligne est divis\u00e9e en trois segments : le premier, de 200 km, relie B\u00e9char aux limites de la wilaya de B\u00e9ni Abb\u00e8s et est confi\u00e9 \u00e0 un groupement d&rsquo;entreprises publiques ; le deuxi\u00e8me, de 175 km, relie Oum El Assel \u00e0 Tindouf et est \u00e9galement attribu\u00e9 \u00e0 des soci\u00e9t\u00e9s publiques ; le troisi\u00e8me, le plus long avec 575 km, est r\u00e9alis\u00e9 par un consortium dirig\u00e9 par la soci\u00e9t\u00e9 chinoise CRCC. Ce dernier est segment\u00e9 en deux parties : 440 km de la borne kilom\u00e9trique 200 jusqu&rsquo;\u00e0 Oum El Assel et 135 km reliant Tindouf \u00e0 Gara Djebilet. Ce projet majeur, dont la pose de la premi\u00e8re pierre a \u00e9t\u00e9 effectu\u00e9e en novembre 2023 sous la supervision du pr\u00e9sident de la R\u00e9publique, vise \u00e0 renforcer l&rsquo;exploitation du minerai de fer et \u00e0 soutenir l&rsquo;industrialisation en garantissant un r\u00e9seau de transport moderne pour les mati\u00e8res premi\u00e8res. Il comprend \u00e9galement une station d\u00e9di\u00e9e au transport des travailleurs du site minier et une plateforme de chargement du minerai \u00e0 partir de l&rsquo;unit\u00e9 de traitement initiale, r\u00e9duisant ainsi les co\u00fbts logistiques et am\u00e9liorant la comp\u00e9titivit\u00e9 de l&rsquo;Alg\u00e9rie sur les march\u00e9s internationaux. Par ailleurs, le ministre a \u00e9galement proc\u00e9d\u00e9 \u00e0 la pose de la premi\u00e8re pierre d&rsquo;une centrale solaire photovolta\u00efque de 80 MW dans la commune d&rsquo;El Abadla. Ce projet, qui s&rsquo;inscrit dans la strat\u00e9gie nationale de transition \u00e9nerg\u00e9tique et de promotion des \u00e9nergies renouvelables, couvrira une superficie de 160 hectares et permettra de renforcer l&rsquo;approvisionnement \u00e9lectrique de la r\u00e9gion en utilisant une source d&rsquo;\u00e9nergie propre. L&rsquo;installation devrait r\u00e9duire les \u00e9missions de dioxyde de carbone et diminuer la d\u00e9pendance aux \u00e9nergies fossiles. Son ach\u00e8vement est pr\u00e9vu en deux phases, avec la mise en service des premiers champs solaires entre d\u00e9cembre 2025 et janvier 2026. Ce projet fait partie d&rsquo;un programme national plus vaste visant \u00e0 construire 15 centrales solaires photovolta\u00efques d&rsquo;une capacit\u00e9 totale de 3 200 MW r\u00e9parties sur 12 wilayas, dont B\u00e9char, M&rsquo;sila, Bordj Bou Arr\u00e9ridj, Batna, Laghouat, Gharda\u00efa, Tiaret, El Oued, Touggourt, El M&rsquo;Ghair, Biskra et Ouled Djellal. En plus de son impact environnemental positif, avec une r\u00e9duction annuelle des \u00e9missions de CO2 estim\u00e9e \u00e0 1,3 million de tonnes, cette centrale g\u00e9n\u00e9rera environ 400 emplois pendant la phase de construction et 39 emplois permanents lors de son exploitation. Elle sera dot\u00e9e de technologies de pointe, incluant des syst\u00e8mes avanc\u00e9s de contr\u00f4le et de surveillance ainsi qu&rsquo;un dispositif de nettoyage automatique des panneaux solaires pour assurer un rendement optimal \u00e0 long terme. L&rsquo;\u00e9nergie produite sera int\u00e9gr\u00e9e au r\u00e9seau \u00e9lectrique national via une station de transformation de 30\/60 kV, garantissant ainsi un approvisionnement stable et efficace pour la r\u00e9gion. Lors de son allocution, le ministre a soulign\u00e9 que ce projet illustre l&rsquo;engagement de l&rsquo;Alg\u00e9rie en faveur des \u00e9nergies renouvelables et du d\u00e9veloppement durable, conform\u00e9ment aux orientations strat\u00e9giques de l&rsquo;\u00c9tat en mati\u00e8re de s\u00e9curit\u00e9 \u00e9nerg\u00e9tique et de r\u00e9duction de l&#8217;empreinte carbone. Il a \u00e9galement salu\u00e9 la coop\u00e9ration entre les diff\u00e9rents acteurs du secteur pour la r\u00e9ussite de cette initiative ambitieuse, qui repr\u00e9sente une avanc\u00e9e significative vers la r\u00e9alisation des objectifs nationaux en mati\u00e8re d&rsquo;\u00e9nergie propre et durable. Enfin, le ministre a rappel\u00e9 l&rsquo;importance du raccordement des exploitations agricoles \u00e0 l&rsquo;\u00e9lectricit\u00e9, une priorit\u00e9 du gouvernement. \u00c0 ce jour, plus de 78 098 exploitations agricoles ont \u00e9t\u00e9 \u00e9lectrifi\u00e9es sur les 100 000 pr\u00e9vues, dont 1 602 situ\u00e9es dans la wilaya de B\u00e9char. Le secteur de l&rsquo;\u00e9nergie, par l&rsquo;interm\u00e9diaire du groupe Sonelgaz, continue de mettre en place les mesures n\u00e9cessaires pour acc\u00e9l\u00e9rer ces raccordements, permettant ainsi aux agriculteurs de d\u00e9velopper leurs activit\u00e9s et de contribuer \u00e0 l\u2019essor de la production nationale.<\/p>\n\n\n\n<p>R.E.<\/p>\n","protected":false},"excerpt":{"rendered":"<p>Le ministre de l&rsquo;\u00c9tat, ministre de l&rsquo;\u00c9nergie, des Mines et des \u00c9nergies Renouvelables a effectu\u00e9 une visite de travail et<\/p>\n","protected":false},"author":6,"featured_media":64493,"comment_status":"open","ping_status":"closed","sticky":false,"template":"","format":"standard","meta":{"colormag_page_container_layout":"default_layout","colormag_page_sidebar_layout":"default_layout","om_disable_all_campaigns":false,"_monsterinsights_skip_tracking":false,"_monsterinsights_sitenote_active":false,"_monsterinsights_sitenote_note":"","_monsterinsights_sitenote_category":0,"footnotes":"","_wpscppro_dont_share_socialmedia":false,"_wpscppro_custom_social_share_image":0,"_facebook_share_type":"default","_twitter_share_type":"default","_linkedin_share_type":"default","_pinterest_share_type":"default","_linkedin_share_type_page":"","_instagram_share_type":"default","_medium_share_type":"default","_threads_share_type":"","_google_business_share_type":"","_selected_social_profile":[],"_wpsp_enable_custom_social_template":false,"_wpsp_social_scheduling":{"enabled":false,"datetime":null,"platforms":[],"status":"template_only","dateOption":"today","timeOption":"now","customDays":"","customHours":"","customDate":"","customTime":"","schedulingType":"absolute"},"_wpsp_active_default_template":true},"categories":[29],"tags":[],"class_list":["post-64492","post","type-post","status-publish","format-standard","has-post-thumbnail","hentry","category-economie"],"aioseo_notices":[],"yoast_head":"<!-- This site is optimized with the Yoast SEO plugin v27.4 - https:\/\/yoast.com\/product\/yoast-seo-wordpress\/ -->\n<title>Ligne de chemin de fer Gara Djebilet-B\u00e9char: Arkab insiste sur l&rsquo;acc\u00e9l\u00e9ration des travaux de r\u00e9alisation - La Sentinelle<\/title>\n<meta name=\"robots\" content=\"index, follow, max-snippet:-1, max-image-preview:large, max-video-preview:-1\" \/>\n<link rel=\"canonical\" href=\"https:\/\/lasentinelle.dz\/index.php\/2025\/03\/18\/ligne-de-chemin-de-fer-gara-djebilet-bechar-arkab-insiste-sur-lacceleration-des-travaux-de-realisation\/\" \/>\n<meta property=\"og:locale\" content=\"fr_FR\" \/>\n<meta property=\"og:type\" content=\"article\" \/>\n<meta property=\"og:title\" content=\"Ligne de chemin de fer Gara Djebilet-B\u00e9char: Arkab insiste sur l&rsquo;acc\u00e9l\u00e9ration des travaux de r\u00e9alisation - La Sentinelle\" \/>\n<meta property=\"og:description\" content=\"Le ministre de l&rsquo;\u00c9tat, ministre de l&rsquo;\u00c9nergie, des Mines et des \u00c9nergies Renouvelables a effectu\u00e9 une visite de travail et\" \/>\n<meta property=\"og:url\" content=\"https:\/\/lasentinelle.dz\/index.php\/2025\/03\/18\/ligne-de-chemin-de-fer-gara-djebilet-bechar-arkab-insiste-sur-lacceleration-des-travaux-de-realisation\/\" \/>\n<meta property=\"og:site_name\" content=\"La Sentinelle\" \/>\n<meta property=\"article:publisher\" content=\"https:\/\/www.facebook.com\/La-Sentinelle-104059864394773\" \/>\n<meta property=\"article:published_time\" content=\"2025-03-18T11:08:00+00:00\" \/>\n<meta property=\"article:modified_time\" content=\"2025-03-18T11:32:51+00:00\" \/>\n<meta property=\"og:image\" content=\"https:\/\/lasentinelle.dz\/wp-content\/uploads\/2025\/03\/rail.jpg\" \/>\n\t<meta property=\"og:image:width\" content=\"2048\" \/>\n\t<meta property=\"og:image:height\" content=\"1280\" \/>\n\t<meta property=\"og:image:type\" content=\"image\/jpeg\" \/>\n<meta name=\"author\" content=\"admin\" \/>\n<meta name=\"twitter:card\" content=\"summary_large_image\" \/>\n<meta name=\"twitter:label1\" content=\"\u00c9crit par\" \/>\n\t<meta name=\"twitter:data1\" content=\"admin\" \/>\n\t<meta name=\"twitter:label2\" content=\"Dur\u00e9e de lecture estim\u00e9e\" \/>\n\t<meta name=\"twitter:data2\" content=\"4 minutes\" \/>\n<script type=\"application\/ld+json\" class=\"yoast-schema-graph\">{\"@context\":\"https:\\\/\\\/schema.org\",\"@graph\":[{\"@type\":\"Article\",\"@id\":\"https:\\\/\\\/lasentinelle.dz\\\/index.php\\\/2025\\\/03\\\/18\\\/ligne-de-chemin-de-fer-gara-djebilet-bechar-arkab-insiste-sur-lacceleration-des-travaux-de-realisation\\\/#article\",\"isPartOf\":{\"@id\":\"https:\\\/\\\/lasentinelle.dz\\\/index.php\\\/2025\\\/03\\\/18\\\/ligne-de-chemin-de-fer-gara-djebilet-bechar-arkab-insiste-sur-lacceleration-des-travaux-de-realisation\\\/\"},\"author\":{\"name\":\"admin\",\"@id\":\"https:\\\/\\\/lasentinelle.dz\\\/#\\\/schema\\\/person\\\/729ee0024f24e0b8c5ec17232f8e8b41\"},\"headline\":\"Ligne de chemin de fer Gara Djebilet-B\u00e9char: Arkab insiste sur l&rsquo;acc\u00e9l\u00e9ration des travaux de r\u00e9alisation\",\"datePublished\":\"2025-03-18T11:08:00+00:00\",\"dateModified\":\"2025-03-18T11:32:51+00:00\",\"mainEntityOfPage\":{\"@id\":\"https:\\\/\\\/lasentinelle.dz\\\/index.php\\\/2025\\\/03\\\/18\\\/ligne-de-chemin-de-fer-gara-djebilet-bechar-arkab-insiste-sur-lacceleration-des-travaux-de-realisation\\\/\"},\"wordCount\":832,\"commentCount\":0,\"publisher\":{\"@id\":\"https:\\\/\\\/lasentinelle.dz\\\/#organization\"},\"image\":{\"@id\":\"https:\\\/\\\/lasentinelle.dz\\\/index.php\\\/2025\\\/03\\\/18\\\/ligne-de-chemin-de-fer-gara-djebilet-bechar-arkab-insiste-sur-lacceleration-des-travaux-de-realisation\\\/#primaryimage\"},\"thumbnailUrl\":\"https:\\\/\\\/lasentinelle.dz\\\/wp-content\\\/uploads\\\/2025\\\/03\\\/rail.jpg\",\"articleSection\":[\"\u00c9conomie\"],\"inLanguage\":\"fr-FR\",\"potentialAction\":[{\"@type\":\"CommentAction\",\"name\":\"Comment\",\"target\":[\"https:\\\/\\\/lasentinelle.dz\\\/index.php\\\/2025\\\/03\\\/18\\\/ligne-de-chemin-de-fer-gara-djebilet-bechar-arkab-insiste-sur-lacceleration-des-travaux-de-realisation\\\/#respond\"]}]},{\"@type\":\"WebPage\",\"@id\":\"https:\\\/\\\/lasentinelle.dz\\\/index.php\\\/2025\\\/03\\\/18\\\/ligne-de-chemin-de-fer-gara-djebilet-bechar-arkab-insiste-sur-lacceleration-des-travaux-de-realisation\\\/\",\"url\":\"https:\\\/\\\/lasentinelle.dz\\\/index.php\\\/2025\\\/03\\\/18\\\/ligne-de-chemin-de-fer-gara-djebilet-bechar-arkab-insiste-sur-lacceleration-des-travaux-de-realisation\\\/\",\"name\":\"Ligne de chemin de fer Gara Djebilet-B\u00e9char: Arkab insiste sur l&rsquo;acc\u00e9l\u00e9ration des travaux de r\u00e9alisation - La Sentinelle\",\"isPartOf\":{\"@id\":\"https:\\\/\\\/lasentinelle.dz\\\/#website\"},\"primaryImageOfPage\":{\"@id\":\"https:\\\/\\\/lasentinelle.dz\\\/index.php\\\/2025\\\/03\\\/18\\\/ligne-de-chemin-de-fer-gara-djebilet-bechar-arkab-insiste-sur-lacceleration-des-travaux-de-realisation\\\/#primaryimage\"},\"image\":{\"@id\":\"https:\\\/\\\/lasentinelle.dz\\\/index.php\\\/2025\\\/03\\\/18\\\/ligne-de-chemin-de-fer-gara-djebilet-bechar-arkab-insiste-sur-lacceleration-des-travaux-de-realisation\\\/#primaryimage\"},\"thumbnailUrl\":\"https:\\\/\\\/lasentinelle.dz\\\/wp-content\\\/uploads\\\/2025\\\/03\\\/rail.jpg\",\"datePublished\":\"2025-03-18T11:08:00+00:00\",\"dateModified\":\"2025-03-18T11:32:51+00:00\",\"breadcrumb\":{\"@id\":\"https:\\\/\\\/lasentinelle.dz\\\/index.php\\\/2025\\\/03\\\/18\\\/ligne-de-chemin-de-fer-gara-djebilet-bechar-arkab-insiste-sur-lacceleration-des-travaux-de-realisation\\\/#breadcrumb\"},\"inLanguage\":\"fr-FR\",\"potentialAction\":[{\"@type\":\"ReadAction\",\"target\":[\"https:\\\/\\\/lasentinelle.dz\\\/index.php\\\/2025\\\/03\\\/18\\\/ligne-de-chemin-de-fer-gara-djebilet-bechar-arkab-insiste-sur-lacceleration-des-travaux-de-realisation\\\/\"]}]},{\"@type\":\"ImageObject\",\"inLanguage\":\"fr-FR\",\"@id\":\"https:\\\/\\\/lasentinelle.dz\\\/index.php\\\/2025\\\/03\\\/18\\\/ligne-de-chemin-de-fer-gara-djebilet-bechar-arkab-insiste-sur-lacceleration-des-travaux-de-realisation\\\/#primaryimage\",\"url\":\"https:\\\/\\\/lasentinelle.dz\\\/wp-content\\\/uploads\\\/2025\\\/03\\\/rail.jpg\",\"contentUrl\":\"https:\\\/\\\/lasentinelle.dz\\\/wp-content\\\/uploads\\\/2025\\\/03\\\/rail.jpg\",\"width\":2048,\"height\":1280},{\"@type\":\"BreadcrumbList\",\"@id\":\"https:\\\/\\\/lasentinelle.dz\\\/index.php\\\/2025\\\/03\\\/18\\\/ligne-de-chemin-de-fer-gara-djebilet-bechar-arkab-insiste-sur-lacceleration-des-travaux-de-realisation\\\/#breadcrumb\",\"itemListElement\":[{\"@type\":\"ListItem\",\"position\":1,\"name\":\"Accueil\",\"item\":\"https:\\\/\\\/lasentinelle.dz\\\/\"},{\"@type\":\"ListItem\",\"position\":2,\"name\":\"Ligne de chemin de fer Gara Djebilet-B\u00e9char: Arkab insiste sur l&rsquo;acc\u00e9l\u00e9ration des travaux de r\u00e9alisation\"}]},{\"@type\":\"WebSite\",\"@id\":\"https:\\\/\\\/lasentinelle.dz\\\/#website\",\"url\":\"https:\\\/\\\/lasentinelle.dz\\\/\",\"name\":\"La Sentinelle\",\"description\":\"Quotidien national d&#039;information\",\"publisher\":{\"@id\":\"https:\\\/\\\/lasentinelle.dz\\\/#organization\"},\"potentialAction\":[{\"@type\":\"SearchAction\",\"target\":{\"@type\":\"EntryPoint\",\"urlTemplate\":\"https:\\\/\\\/lasentinelle.dz\\\/?s={search_term_string}\"},\"query-input\":{\"@type\":\"PropertyValueSpecification\",\"valueRequired\":true,\"valueName\":\"search_term_string\"}}],\"inLanguage\":\"fr-FR\"},{\"@type\":\"Organization\",\"@id\":\"https:\\\/\\\/lasentinelle.dz\\\/#organization\",\"name\":\"Quotidien La Sentinelle\",\"url\":\"https:\\\/\\\/lasentinelle.dz\\\/\",\"logo\":{\"@type\":\"ImageObject\",\"inLanguage\":\"fr-FR\",\"@id\":\"https:\\\/\\\/lasentinelle.dz\\\/#\\\/schema\\\/logo\\\/image\\\/\",\"url\":\"https:\\\/\\\/lasentinelle.dz\\\/wp-content\\\/uploads\\\/2021\\\/09\\\/logo-sentinelleSLOGAN-1.png\",\"contentUrl\":\"https:\\\/\\\/lasentinelle.dz\\\/wp-content\\\/uploads\\\/2021\\\/09\\\/logo-sentinelleSLOGAN-1.png\",\"width\":615,\"height\":142,\"caption\":\"Quotidien La Sentinelle\"},\"image\":{\"@id\":\"https:\\\/\\\/lasentinelle.dz\\\/#\\\/schema\\\/logo\\\/image\\\/\"},\"sameAs\":[\"https:\\\/\\\/www.facebook.com\\\/La-Sentinelle-104059864394773\"]},{\"@type\":\"Person\",\"@id\":\"https:\\\/\\\/lasentinelle.dz\\\/#\\\/schema\\\/person\\\/729ee0024f24e0b8c5ec17232f8e8b41\",\"name\":\"admin\",\"image\":{\"@type\":\"ImageObject\",\"inLanguage\":\"fr-FR\",\"@id\":\"https:\\\/\\\/secure.gravatar.com\\\/avatar\\\/4c81fed838786e9b53f540bf46533e750f5d292099ae3b66cfc6fb1982e29df7?s=96&d=mm&r=g\",\"url\":\"https:\\\/\\\/secure.gravatar.com\\\/avatar\\\/4c81fed838786e9b53f540bf46533e750f5d292099ae3b66cfc6fb1982e29df7?s=96&d=mm&r=g\",\"contentUrl\":\"https:\\\/\\\/secure.gravatar.com\\\/avatar\\\/4c81fed838786e9b53f540bf46533e750f5d292099ae3b66cfc6fb1982e29df7?s=96&d=mm&r=g\",\"caption\":\"admin\"},\"description\":\"admin\",\"url\":\"https:\\\/\\\/lasentinelle.dz\\\/author\\\/admin\\\/\"}]}<\/script>\n<!-- \/ Yoast SEO plugin. -->","yoast_head_json":{"title":"Ligne de chemin de fer Gara Djebilet-B\u00e9char: Arkab insiste sur l&rsquo;acc\u00e9l\u00e9ration des travaux de r\u00e9alisation - La Sentinelle","robots":{"index":"index","follow":"follow","max-snippet":"max-snippet:-1","max-image-preview":"max-image-preview:large","max-video-preview":"max-video-preview:-1"},"canonical":"https:\/\/lasentinelle.dz\/index.php\/2025\/03\/18\/ligne-de-chemin-de-fer-gara-djebilet-bechar-arkab-insiste-sur-lacceleration-des-travaux-de-realisation\/","og_locale":"fr_FR","og_type":"article","og_title":"Ligne de chemin de fer Gara Djebilet-B\u00e9char: Arkab insiste sur l&rsquo;acc\u00e9l\u00e9ration des travaux de r\u00e9alisation - La Sentinelle","og_description":"Le ministre de l&rsquo;\u00c9tat, ministre de l&rsquo;\u00c9nergie, des Mines et des \u00c9nergies Renouvelables a effectu\u00e9 une visite de travail et","og_url":"https:\/\/lasentinelle.dz\/index.php\/2025\/03\/18\/ligne-de-chemin-de-fer-gara-djebilet-bechar-arkab-insiste-sur-lacceleration-des-travaux-de-realisation\/","og_site_name":"La Sentinelle","article_publisher":"https:\/\/www.facebook.com\/La-Sentinelle-104059864394773","article_published_time":"2025-03-18T11:08:00+00:00","article_modified_time":"2025-03-18T11:32:51+00:00","og_image":[{"width":2048,"height":1280,"url":"https:\/\/lasentinelle.dz\/wp-content\/uploads\/2025\/03\/rail.jpg","type":"image\/jpeg"}],"author":"admin","twitter_card":"summary_large_image","twitter_misc":{"\u00c9crit par":"admin","Dur\u00e9e de lecture estim\u00e9e":"4 minutes"},"schema":{"@context":"https:\/\/schema.org","@graph":[{"@type":"Article","@id":"https:\/\/lasentinelle.dz\/index.php\/2025\/03\/18\/ligne-de-chemin-de-fer-gara-djebilet-bechar-arkab-insiste-sur-lacceleration-des-travaux-de-realisation\/#article","isPartOf":{"@id":"https:\/\/lasentinelle.dz\/index.php\/2025\/03\/18\/ligne-de-chemin-de-fer-gara-djebilet-bechar-arkab-insiste-sur-lacceleration-des-travaux-de-realisation\/"},"author":{"name":"admin","@id":"https:\/\/lasentinelle.dz\/#\/schema\/person\/729ee0024f24e0b8c5ec17232f8e8b41"},"headline":"Ligne de chemin de fer Gara Djebilet-B\u00e9char: Arkab insiste sur l&rsquo;acc\u00e9l\u00e9ration des travaux de r\u00e9alisation","datePublished":"2025-03-18T11:08:00+00:00","dateModified":"2025-03-18T11:32:51+00:00","mainEntityOfPage":{"@id":"https:\/\/lasentinelle.dz\/index.php\/2025\/03\/18\/ligne-de-chemin-de-fer-gara-djebilet-bechar-arkab-insiste-sur-lacceleration-des-travaux-de-realisation\/"},"wordCount":832,"commentCount":0,"publisher":{"@id":"https:\/\/lasentinelle.dz\/#organization"},"image":{"@id":"https:\/\/lasentinelle.dz\/index.php\/2025\/03\/18\/ligne-de-chemin-de-fer-gara-djebilet-bechar-arkab-insiste-sur-lacceleration-des-travaux-de-realisation\/#primaryimage"},"thumbnailUrl":"https:\/\/lasentinelle.dz\/wp-content\/uploads\/2025\/03\/rail.jpg","articleSection":["\u00c9conomie"],"inLanguage":"fr-FR","potentialAction":[{"@type":"CommentAction","name":"Comment","target":["https:\/\/lasentinelle.dz\/index.php\/2025\/03\/18\/ligne-de-chemin-de-fer-gara-djebilet-bechar-arkab-insiste-sur-lacceleration-des-travaux-de-realisation\/#respond"]}]},{"@type":"WebPage","@id":"https:\/\/lasentinelle.dz\/index.php\/2025\/03\/18\/ligne-de-chemin-de-fer-gara-djebilet-bechar-arkab-insiste-sur-lacceleration-des-travaux-de-realisation\/","url":"https:\/\/lasentinelle.dz\/index.php\/2025\/03\/18\/ligne-de-chemin-de-fer-gara-djebilet-bechar-arkab-insiste-sur-lacceleration-des-travaux-de-realisation\/","name":"Ligne de chemin de fer Gara Djebilet-B\u00e9char: Arkab insiste sur l&rsquo;acc\u00e9l\u00e9ration des travaux de r\u00e9alisation - La Sentinelle","isPartOf":{"@id":"https:\/\/lasentinelle.dz\/#website"},"primaryImageOfPage":{"@id":"https:\/\/lasentinelle.dz\/index.php\/2025\/03\/18\/ligne-de-chemin-de-fer-gara-djebilet-bechar-arkab-insiste-sur-lacceleration-des-travaux-de-realisation\/#primaryimage"},"image":{"@id":"https:\/\/lasentinelle.dz\/index.php\/2025\/03\/18\/ligne-de-chemin-de-fer-gara-djebilet-bechar-arkab-insiste-sur-lacceleration-des-travaux-de-realisation\/#primaryimage"},"thumbnailUrl":"https:\/\/lasentinelle.dz\/wp-content\/uploads\/2025\/03\/rail.jpg","datePublished":"2025-03-18T11:08:00+00:00","dateModified":"2025-03-18T11:32:51+00:00","breadcrumb":{"@id":"https:\/\/lasentinelle.dz\/index.php\/2025\/03\/18\/ligne-de-chemin-de-fer-gara-djebilet-bechar-arkab-insiste-sur-lacceleration-des-travaux-de-realisation\/#breadcrumb"},"inLanguage":"fr-FR","potentialAction":[{"@type":"ReadAction","target":["https:\/\/lasentinelle.dz\/index.php\/2025\/03\/18\/ligne-de-chemin-de-fer-gara-djebilet-bechar-arkab-insiste-sur-lacceleration-des-travaux-de-realisation\/"]}]},{"@type":"ImageObject","inLanguage":"fr-FR","@id":"https:\/\/lasentinelle.dz\/index.php\/2025\/03\/18\/ligne-de-chemin-de-fer-gara-djebilet-bechar-arkab-insiste-sur-lacceleration-des-travaux-de-realisation\/#primaryimage","url":"https:\/\/lasentinelle.dz\/wp-content\/uploads\/2025\/03\/rail.jpg","contentUrl":"https:\/\/lasentinelle.dz\/wp-content\/uploads\/2025\/03\/rail.jpg","width":2048,"height":1280},{"@type":"BreadcrumbList","@id":"https:\/\/lasentinelle.dz\/index.php\/2025\/03\/18\/ligne-de-chemin-de-fer-gara-djebilet-bechar-arkab-insiste-sur-lacceleration-des-travaux-de-realisation\/#breadcrumb","itemListElement":[{"@type":"ListItem","position":1,"name":"Accueil","item":"https:\/\/lasentinelle.dz\/"},{"@type":"ListItem","position":2,"name":"Ligne de chemin de fer Gara Djebilet-B\u00e9char: Arkab insiste sur l&rsquo;acc\u00e9l\u00e9ration des travaux de r\u00e9alisation"}]},{"@type":"WebSite","@id":"https:\/\/lasentinelle.dz\/#website","url":"https:\/\/lasentinelle.dz\/","name":"La Sentinelle","description":"Quotidien national d&#039;information","publisher":{"@id":"https:\/\/lasentinelle.dz\/#organization"},"potentialAction":[{"@type":"SearchAction","target":{"@type":"EntryPoint","urlTemplate":"https:\/\/lasentinelle.dz\/?s={search_term_string}"},"query-input":{"@type":"PropertyValueSpecification","valueRequired":true,"valueName":"search_term_string"}}],"inLanguage":"fr-FR"},{"@type":"Organization","@id":"https:\/\/lasentinelle.dz\/#organization","name":"Quotidien La Sentinelle","url":"https:\/\/lasentinelle.dz\/","logo":{"@type":"ImageObject","inLanguage":"fr-FR","@id":"https:\/\/lasentinelle.dz\/#\/schema\/logo\/image\/","url":"https:\/\/lasentinelle.dz\/wp-content\/uploads\/2021\/09\/logo-sentinelleSLOGAN-1.png","contentUrl":"https:\/\/lasentinelle.dz\/wp-content\/uploads\/2021\/09\/logo-sentinelleSLOGAN-1.png","width":615,"height":142,"caption":"Quotidien La Sentinelle"},"image":{"@id":"https:\/\/lasentinelle.dz\/#\/schema\/logo\/image\/"},"sameAs":["https:\/\/www.facebook.com\/La-Sentinelle-104059864394773"]},{"@type":"Person","@id":"https:\/\/lasentinelle.dz\/#\/schema\/person\/729ee0024f24e0b8c5ec17232f8e8b41","name":"admin","image":{"@type":"ImageObject","inLanguage":"fr-FR","@id":"https:\/\/secure.gravatar.com\/avatar\/4c81fed838786e9b53f540bf46533e750f5d292099ae3b66cfc6fb1982e29df7?s=96&d=mm&r=g","url":"https:\/\/secure.gravatar.com\/avatar\/4c81fed838786e9b53f540bf46533e750f5d292099ae3b66cfc6fb1982e29df7?s=96&d=mm&r=g","contentUrl":"https:\/\/secure.gravatar.com\/avatar\/4c81fed838786e9b53f540bf46533e750f5d292099ae3b66cfc6fb1982e29df7?s=96&d=mm&r=g","caption":"admin"},"description":"admin","url":"https:\/\/lasentinelle.dz\/author\/admin\/"}]}},"_links":{"self":[{"href":"https:\/\/lasentinelle.dz\/index.php\/wp-json\/wp\/v2\/posts\/64492","targetHints":{"allow":["GET"]}}],"collection":[{"href":"https:\/\/lasentinelle.dz\/index.php\/wp-json\/wp\/v2\/posts"}],"about":[{"href":"https:\/\/lasentinelle.dz\/index.php\/wp-json\/wp\/v2\/types\/post"}],"author":[{"embeddable":true,"href":"https:\/\/lasentinelle.dz\/index.php\/wp-json\/wp\/v2\/users\/6"}],"replies":[{"embeddable":true,"href":"https:\/\/lasentinelle.dz\/index.php\/wp-json\/wp\/v2\/comments?post=64492"}],"version-history":[{"count":2,"href":"https:\/\/lasentinelle.dz\/index.php\/wp-json\/wp\/v2\/posts\/64492\/revisions"}],"predecessor-version":[{"id":64495,"href":"https:\/\/lasentinelle.dz\/index.php\/wp-json\/wp\/v2\/posts\/64492\/revisions\/64495"}],"wp:featuredmedia":[{"embeddable":true,"href":"https:\/\/lasentinelle.dz\/index.php\/wp-json\/wp\/v2\/media\/64493"}],"wp:attachment":[{"href":"https:\/\/lasentinelle.dz\/index.php\/wp-json\/wp\/v2\/media?parent=64492"}],"wp:term":[{"taxonomy":"category","embeddable":true,"href":"https:\/\/lasentinelle.dz\/index.php\/wp-json\/wp\/v2\/categories?post=64492"},{"taxonomy":"post_tag","embeddable":true,"href":"https:\/\/lasentinelle.dz\/index.php\/wp-json\/wp\/v2\/tags?post=64492"}],"curies":[{"name":"wp","href":"https:\/\/api.w.org\/{rel}","templated":true}]}}