{"id":64501,"date":"2025-03-18T12:38:01","date_gmt":"2025-03-18T11:38:01","guid":{"rendered":"https:\/\/lasentinelle.dz\/?p=64501"},"modified":"2025-03-18T12:38:02","modified_gmt":"2025-03-18T11:38:02","slug":"protection-des-donnees-personnelles-preserver-les-mineurs-des-dangers-dinternet","status":"publish","type":"post","link":"https:\/\/lasentinelle.dz\/index.php\/2025\/03\/18\/protection-des-donnees-personnelles-preserver-les-mineurs-des-dangers-dinternet\/","title":{"rendered":"Protection des donn\u00e9es personnelles : Pr\u00e9server les mineurs des dangers d&rsquo;internet"},"content":{"rendered":"\n<p>Face \u00e0 l&rsquo;utilisation croissante des nouvelles technologies par les jeunes, les autorit\u00e9s s&rsquo;inqui\u00e8tent des risques auxquels cette population vuln\u00e9rable est expos\u00e9e. Dans un entretien accord\u00e9 \u00e0 l&rsquo;Agence Presse Service (APS), le pr\u00e9sident de l&rsquo;Autorit\u00e9 nationale de protection des donn\u00e9es \u00e0 caract\u00e8re personnel, Samir Bourhil, a soulign\u00e9 hier l&rsquo;urgence de mettre en place des mesures sp\u00e9cifiques pour prot\u00e9ger les mineurs dans l&rsquo;environnement num\u00e9rique. La probl\u00e9matique de la protection des donn\u00e9es personnelles des enfants s&rsquo;inscrit dans un cadre juridique existant, notamment la loi 18-07, qui met l&rsquo;accent sur le respect de la dignit\u00e9 humaine et de la vie priv\u00e9e. Cette l\u00e9gislation vise \u00e0 garantir que le traitement des donn\u00e9es personnelles se d\u00e9roule dans un cadre respectueux des droits fondamentaux, sans porter atteinte \u00ab\u00a0\u00e0 l&rsquo;honneur et \u00e0 la r\u00e9putation\u00a0\u00bb des personnes concern\u00e9es. M. Bourhil rappelle \u00e9galement que cette protection est inscrite dans des textes internationaux. \u00ab\u00a0L&rsquo;article 16 de la Convention des Nations unies relative aux droits des enfants stipule qu&rsquo;aucun enfant ne fera l&rsquo;objet d&rsquo;immixtions arbitraires ou ill\u00e9gales dans sa vie priv\u00e9e, sa famille, son domicile ou sa correspondance, ni d&rsquo;atteintes ill\u00e9gales \u00e0 son honneur et \u00e0 sa r\u00e9putation\u00a0\u00bb, a-t-il pr\u00e9cis\u00e9. Le responsable a mis en \u00e9vidence la n\u00e9cessit\u00e9 d&rsquo;une approche adapt\u00e9e \u00e0 la situation particuli\u00e8re des mineurs. \u00ab\u00a0L&rsquo;utilisation massive des nouvelles technologies par les mineurs expose ces derniers \u00e0 des risques aussi vari\u00e9s que cette cat\u00e9gorie de population, d&rsquo;o\u00f9 la n\u00e9cessit\u00e9 de mettre en \u0153uvre une strat\u00e9gie sp\u00e9cifique de protection pour prot\u00e9ger l&rsquo;int\u00e9r\u00eat de l&rsquo;enfant\u00a0\u00bb, a-t-il d\u00e9clar\u00e9, consid\u00e9rant qu&rsquo;il s&rsquo;agit d&rsquo;un \u00ab\u00a0d\u00e9fi soci\u00e9tal majeur\u00a0\u00bb.<\/p>\n\n\n\n<p>&nbsp;Un des aspects fondamentaux de cette protection concerne le consentement. Contrairement aux adultes, la protection des donn\u00e9es personnelles des mineurs \u00ab\u00a0exige un second consentement, celui du mineur concern\u00e9 et celui de la personne responsable (parents ou tuteur l\u00e9gal)\u00a0\u00bb. M. Bourhil insiste sur le fait que \u00ab\u00a0le consentement doit \u00eatre donn\u00e9 de mani\u00e8re explicite et \u00eatre libre est \u00e9clair\u00e9. Par voie de cons\u00e9quence, une personne de moins de 19 ans fait l&rsquo;objet, de par la loi, d&rsquo;une protection sp\u00e9cifique\u00a0\u00bb. Le pr\u00e9sident de l&rsquo;Autorit\u00e9 a d\u00e9taill\u00e9 les caract\u00e9ristiques que doit rev\u00eatir ce consentement : \u00ab\u00a0Le consentement doit \u00eatre donn\u00e9 et express\u00e9ment formul\u00e9, d&rsquo;o\u00f9 l&rsquo;obligation d&rsquo;une preuve mat\u00e9rielle, la personne doit disposer du libre choix de donner son consentement ou non. Aussi le consentement doit s&rsquo;accompagner d&rsquo;informations pertinentes \u00e0 m\u00eame de renforcer la connaissance sur les conditions d&rsquo;utilisation de leurs donn\u00e9es personnelles et sur leurs droits\u00a0\u00bb. L&rsquo;information joue un r\u00f4le crucial dans cette d\u00e9marche de protection. M. Bourhil souligne que \u00ab\u00a0l&rsquo;obligation de consentement est indissociable de la n\u00e9cessit\u00e9 d&rsquo;informer car c&rsquo;est un moyen de s&rsquo;informer sur le traitement et sur le sort des donn\u00e9es personnelles apr\u00e8s la r\u00e9alisation de la finalit\u00e9 y aff\u00e9rente \u00e0 ce traitement\u00a0\u00bb. Pour renforcer efficacement les droits des mineurs dans l&rsquo;espace num\u00e9rique, plusieurs axes ont \u00e9t\u00e9 identifi\u00e9s. Selon M. Bourhil, \u00ab\u00a0la sensibilisation \u00e0 l&rsquo;importance des donn\u00e9es personnelles, la connaissance des droits et la protection de la vie priv\u00e9e sont essentielles pour un mineur\u00a0\u00bb. Il ajoute que \u00ab\u00a0l&rsquo;obligation de fournir des informations appropri\u00e9es est au c\u0153ur du syst\u00e8me de protection des mineurs, alors l&rsquo;adh\u00e9sion ou le consentement d\u00e9pend principalement de la compr\u00e9hension du service offert\u00a0\u00bb. Le r\u00f4le des parents est \u00e9galement soulign\u00e9 dans cette strat\u00e9gie de protection. Il est important de les sensibiliser aux \u00ab\u00a0effets positifs de la participation active et du maintien efficace de l&rsquo;offre et de la fourniture des technologies et services en ligne qui respectent la dignit\u00e9 des personnes\u00a0\u00bb. Quant aux fournisseurs de services qui collectent les donn\u00e9es des utilisateurs, M. Bourhil \u00e9num\u00e8re plusieurs responsabilit\u00e9s essentielles : \u00ab\u00a0le respect des lois et r\u00e8glements, notamment ceux relatifs \u00e0 la protection des donn\u00e9es personnelles, le d\u00e9veloppement de moyens techniques pour assurer que l&rsquo;exigence du consentement est accord\u00e9e ou autoris\u00e9e par le tuteur l\u00e9gal ou le d\u00e9veloppement de moyens fiables de v\u00e9rification de l&rsquo;\u00e2ge, en plus de mettre l&rsquo;accent sur le principe de la r\u00e9duction de la collecte des donn\u00e9es \u00e0 caract\u00e8re personnel lors de la prestation de services\u00a0\u00bb.<\/p>\n\n\n\n<p>Enfin, le pr\u00e9sident de l&rsquo;Autorit\u00e9 nationale de protection des donn\u00e9es \u00e0 caract\u00e8re personnel insiste sur l&rsquo;importance des \u00ab\u00a0moyens qui doivent \u00eatre mis en place pour v\u00e9rifier l&rsquo;\u00e2ge de l&rsquo;utilisateur, surtout s&rsquo;il est mineur\u00a0\u00bb, une mesure essentielle pour garantir une navigation s\u00e9curis\u00e9e des jeunes internautes dans un environnement num\u00e9rique de plus en plus complexe et potentiellement risqu\u00e9.<\/p>\n\n\n\n<p>Chokri Hafed<\/p>\n","protected":false},"excerpt":{"rendered":"<p>Face \u00e0 l&rsquo;utilisation croissante des nouvelles technologies par les jeunes, les autorit\u00e9s s&rsquo;inqui\u00e8tent des risques auxquels cette population vuln\u00e9rable est<\/p>\n","protected":false},"author":6,"featured_media":64502,"comment_status":"open","ping_status":"closed","sticky":false,"template":"","format":"standard","meta":{"colormag_page_container_layout":"default_layout","colormag_page_sidebar_layout":"default_layout","om_disable_all_campaigns":false,"_monsterinsights_skip_tracking":false,"_monsterinsights_sitenote_active":false,"_monsterinsights_sitenote_note":"","_monsterinsights_sitenote_category":0,"footnotes":"","_wpscppro_dont_share_socialmedia":false,"_wpscppro_custom_social_share_image":0,"_facebook_share_type":"default","_twitter_share_type":"default","_linkedin_share_type":"default","_pinterest_share_type":"default","_linkedin_share_type_page":"","_instagram_share_type":"default","_medium_share_type":"default","_threads_share_type":"","_google_business_share_type":"","_selected_social_profile":[],"_wpsp_enable_custom_social_template":false,"_wpsp_social_scheduling":{"enabled":false,"datetime":null,"platforms":[],"status":"template_only","dateOption":"today","timeOption":"now","customDays":"","customHours":"","customDate":"","customTime":"","schedulingType":"absolute"},"_wpsp_active_default_template":true},"categories":[27],"tags":[],"class_list":["post-64501","post","type-post","status-publish","format-standard","has-post-thumbnail","hentry","category-actualite"],"aioseo_notices":[],"yoast_head":"<!-- This site is optimized with the Yoast SEO plugin v27.5 - https:\/\/yoast.com\/product\/yoast-seo-wordpress\/ -->\n<title>Protection des donn\u00e9es personnelles : Pr\u00e9server les mineurs des dangers d&rsquo;internet - La Sentinelle<\/title>\n<meta name=\"robots\" content=\"index, follow, max-snippet:-1, max-image-preview:large, max-video-preview:-1\" \/>\n<link rel=\"canonical\" href=\"https:\/\/lasentinelle.dz\/index.php\/2025\/03\/18\/protection-des-donnees-personnelles-preserver-les-mineurs-des-dangers-dinternet\/\" \/>\n<meta property=\"og:locale\" content=\"fr_FR\" \/>\n<meta property=\"og:type\" content=\"article\" \/>\n<meta property=\"og:title\" content=\"Protection des donn\u00e9es personnelles : Pr\u00e9server les mineurs des dangers d&rsquo;internet - La Sentinelle\" \/>\n<meta property=\"og:description\" content=\"Face \u00e0 l&rsquo;utilisation croissante des nouvelles technologies par les jeunes, les autorit\u00e9s s&rsquo;inqui\u00e8tent des risques auxquels cette population vuln\u00e9rable est\" \/>\n<meta property=\"og:url\" content=\"https:\/\/lasentinelle.dz\/index.php\/2025\/03\/18\/protection-des-donnees-personnelles-preserver-les-mineurs-des-dangers-dinternet\/\" \/>\n<meta property=\"og:site_name\" content=\"La Sentinelle\" \/>\n<meta property=\"article:publisher\" content=\"https:\/\/www.facebook.com\/La-Sentinelle-104059864394773\" \/>\n<meta property=\"article:published_time\" content=\"2025-03-18T11:38:01+00:00\" \/>\n<meta property=\"article:modified_time\" content=\"2025-03-18T11:38:02+00:00\" \/>\n<meta property=\"og:image\" content=\"https:\/\/lasentinelle.dz\/wp-content\/uploads\/2025\/03\/internet-mineurs.jpg\" \/>\n\t<meta property=\"og:image:width\" content=\"780\" \/>\n\t<meta property=\"og:image:height\" content=\"470\" \/>\n\t<meta property=\"og:image:type\" content=\"image\/jpeg\" \/>\n<meta name=\"author\" content=\"admin\" \/>\n<meta name=\"twitter:card\" content=\"summary_large_image\" \/>\n<meta name=\"twitter:label1\" content=\"\u00c9crit par\" \/>\n\t<meta name=\"twitter:data1\" content=\"admin\" \/>\n\t<meta name=\"twitter:label2\" content=\"Dur\u00e9e de lecture estim\u00e9e\" \/>\n\t<meta name=\"twitter:data2\" content=\"4 minutes\" \/>\n<script type=\"application\/ld+json\" class=\"yoast-schema-graph\">{\"@context\":\"https:\\\/\\\/schema.org\",\"@graph\":[{\"@type\":\"Article\",\"@id\":\"https:\\\/\\\/lasentinelle.dz\\\/index.php\\\/2025\\\/03\\\/18\\\/protection-des-donnees-personnelles-preserver-les-mineurs-des-dangers-dinternet\\\/#article\",\"isPartOf\":{\"@id\":\"https:\\\/\\\/lasentinelle.dz\\\/index.php\\\/2025\\\/03\\\/18\\\/protection-des-donnees-personnelles-preserver-les-mineurs-des-dangers-dinternet\\\/\"},\"author\":{\"name\":\"admin\",\"@id\":\"https:\\\/\\\/lasentinelle.dz\\\/#\\\/schema\\\/person\\\/729ee0024f24e0b8c5ec17232f8e8b41\"},\"headline\":\"Protection des donn\u00e9es personnelles : Pr\u00e9server les mineurs des dangers d&rsquo;internet\",\"datePublished\":\"2025-03-18T11:38:01+00:00\",\"dateModified\":\"2025-03-18T11:38:02+00:00\",\"mainEntityOfPage\":{\"@id\":\"https:\\\/\\\/lasentinelle.dz\\\/index.php\\\/2025\\\/03\\\/18\\\/protection-des-donnees-personnelles-preserver-les-mineurs-des-dangers-dinternet\\\/\"},\"wordCount\":844,\"commentCount\":0,\"publisher\":{\"@id\":\"https:\\\/\\\/lasentinelle.dz\\\/#organization\"},\"image\":{\"@id\":\"https:\\\/\\\/lasentinelle.dz\\\/index.php\\\/2025\\\/03\\\/18\\\/protection-des-donnees-personnelles-preserver-les-mineurs-des-dangers-dinternet\\\/#primaryimage\"},\"thumbnailUrl\":\"https:\\\/\\\/lasentinelle.dz\\\/wp-content\\\/uploads\\\/2025\\\/03\\\/internet-mineurs.jpg\",\"articleSection\":[\"Actualit\u00e9\"],\"inLanguage\":\"fr-FR\",\"potentialAction\":[{\"@type\":\"CommentAction\",\"name\":\"Comment\",\"target\":[\"https:\\\/\\\/lasentinelle.dz\\\/index.php\\\/2025\\\/03\\\/18\\\/protection-des-donnees-personnelles-preserver-les-mineurs-des-dangers-dinternet\\\/#respond\"]}]},{\"@type\":\"WebPage\",\"@id\":\"https:\\\/\\\/lasentinelle.dz\\\/index.php\\\/2025\\\/03\\\/18\\\/protection-des-donnees-personnelles-preserver-les-mineurs-des-dangers-dinternet\\\/\",\"url\":\"https:\\\/\\\/lasentinelle.dz\\\/index.php\\\/2025\\\/03\\\/18\\\/protection-des-donnees-personnelles-preserver-les-mineurs-des-dangers-dinternet\\\/\",\"name\":\"Protection des donn\u00e9es personnelles : Pr\u00e9server les mineurs des dangers d&rsquo;internet - La Sentinelle\",\"isPartOf\":{\"@id\":\"https:\\\/\\\/lasentinelle.dz\\\/#website\"},\"primaryImageOfPage\":{\"@id\":\"https:\\\/\\\/lasentinelle.dz\\\/index.php\\\/2025\\\/03\\\/18\\\/protection-des-donnees-personnelles-preserver-les-mineurs-des-dangers-dinternet\\\/#primaryimage\"},\"image\":{\"@id\":\"https:\\\/\\\/lasentinelle.dz\\\/index.php\\\/2025\\\/03\\\/18\\\/protection-des-donnees-personnelles-preserver-les-mineurs-des-dangers-dinternet\\\/#primaryimage\"},\"thumbnailUrl\":\"https:\\\/\\\/lasentinelle.dz\\\/wp-content\\\/uploads\\\/2025\\\/03\\\/internet-mineurs.jpg\",\"datePublished\":\"2025-03-18T11:38:01+00:00\",\"dateModified\":\"2025-03-18T11:38:02+00:00\",\"breadcrumb\":{\"@id\":\"https:\\\/\\\/lasentinelle.dz\\\/index.php\\\/2025\\\/03\\\/18\\\/protection-des-donnees-personnelles-preserver-les-mineurs-des-dangers-dinternet\\\/#breadcrumb\"},\"inLanguage\":\"fr-FR\",\"potentialAction\":[{\"@type\":\"ReadAction\",\"target\":[\"https:\\\/\\\/lasentinelle.dz\\\/index.php\\\/2025\\\/03\\\/18\\\/protection-des-donnees-personnelles-preserver-les-mineurs-des-dangers-dinternet\\\/\"]}]},{\"@type\":\"ImageObject\",\"inLanguage\":\"fr-FR\",\"@id\":\"https:\\\/\\\/lasentinelle.dz\\\/index.php\\\/2025\\\/03\\\/18\\\/protection-des-donnees-personnelles-preserver-les-mineurs-des-dangers-dinternet\\\/#primaryimage\",\"url\":\"https:\\\/\\\/lasentinelle.dz\\\/wp-content\\\/uploads\\\/2025\\\/03\\\/internet-mineurs.jpg\",\"contentUrl\":\"https:\\\/\\\/lasentinelle.dz\\\/wp-content\\\/uploads\\\/2025\\\/03\\\/internet-mineurs.jpg\",\"width\":780,\"height\":470},{\"@type\":\"BreadcrumbList\",\"@id\":\"https:\\\/\\\/lasentinelle.dz\\\/index.php\\\/2025\\\/03\\\/18\\\/protection-des-donnees-personnelles-preserver-les-mineurs-des-dangers-dinternet\\\/#breadcrumb\",\"itemListElement\":[{\"@type\":\"ListItem\",\"position\":1,\"name\":\"Accueil\",\"item\":\"https:\\\/\\\/lasentinelle.dz\\\/\"},{\"@type\":\"ListItem\",\"position\":2,\"name\":\"Protection des donn\u00e9es personnelles : Pr\u00e9server les mineurs des dangers d&rsquo;internet\"}]},{\"@type\":\"WebSite\",\"@id\":\"https:\\\/\\\/lasentinelle.dz\\\/#website\",\"url\":\"https:\\\/\\\/lasentinelle.dz\\\/\",\"name\":\"La Sentinelle\",\"description\":\"Quotidien national d&#039;information\",\"publisher\":{\"@id\":\"https:\\\/\\\/lasentinelle.dz\\\/#organization\"},\"potentialAction\":[{\"@type\":\"SearchAction\",\"target\":{\"@type\":\"EntryPoint\",\"urlTemplate\":\"https:\\\/\\\/lasentinelle.dz\\\/?s={search_term_string}\"},\"query-input\":{\"@type\":\"PropertyValueSpecification\",\"valueRequired\":true,\"valueName\":\"search_term_string\"}}],\"inLanguage\":\"fr-FR\"},{\"@type\":\"Organization\",\"@id\":\"https:\\\/\\\/lasentinelle.dz\\\/#organization\",\"name\":\"Quotidien La Sentinelle\",\"url\":\"https:\\\/\\\/lasentinelle.dz\\\/\",\"logo\":{\"@type\":\"ImageObject\",\"inLanguage\":\"fr-FR\",\"@id\":\"https:\\\/\\\/lasentinelle.dz\\\/#\\\/schema\\\/logo\\\/image\\\/\",\"url\":\"https:\\\/\\\/lasentinelle.dz\\\/wp-content\\\/uploads\\\/2021\\\/09\\\/logo-sentinelleSLOGAN-1.png\",\"contentUrl\":\"https:\\\/\\\/lasentinelle.dz\\\/wp-content\\\/uploads\\\/2021\\\/09\\\/logo-sentinelleSLOGAN-1.png\",\"width\":615,\"height\":142,\"caption\":\"Quotidien La Sentinelle\"},\"image\":{\"@id\":\"https:\\\/\\\/lasentinelle.dz\\\/#\\\/schema\\\/logo\\\/image\\\/\"},\"sameAs\":[\"https:\\\/\\\/www.facebook.com\\\/La-Sentinelle-104059864394773\"]},{\"@type\":\"Person\",\"@id\":\"https:\\\/\\\/lasentinelle.dz\\\/#\\\/schema\\\/person\\\/729ee0024f24e0b8c5ec17232f8e8b41\",\"name\":\"admin\",\"image\":{\"@type\":\"ImageObject\",\"inLanguage\":\"fr-FR\",\"@id\":\"https:\\\/\\\/secure.gravatar.com\\\/avatar\\\/4c81fed838786e9b53f540bf46533e750f5d292099ae3b66cfc6fb1982e29df7?s=96&d=mm&r=g\",\"url\":\"https:\\\/\\\/secure.gravatar.com\\\/avatar\\\/4c81fed838786e9b53f540bf46533e750f5d292099ae3b66cfc6fb1982e29df7?s=96&d=mm&r=g\",\"contentUrl\":\"https:\\\/\\\/secure.gravatar.com\\\/avatar\\\/4c81fed838786e9b53f540bf46533e750f5d292099ae3b66cfc6fb1982e29df7?s=96&d=mm&r=g\",\"caption\":\"admin\"},\"description\":\"admin\",\"url\":\"https:\\\/\\\/lasentinelle.dz\\\/author\\\/admin\\\/\"}]}<\/script>\n<!-- \/ Yoast SEO plugin. -->","yoast_head_json":{"title":"Protection des donn\u00e9es personnelles : Pr\u00e9server les mineurs des dangers d&rsquo;internet - La Sentinelle","robots":{"index":"index","follow":"follow","max-snippet":"max-snippet:-1","max-image-preview":"max-image-preview:large","max-video-preview":"max-video-preview:-1"},"canonical":"https:\/\/lasentinelle.dz\/index.php\/2025\/03\/18\/protection-des-donnees-personnelles-preserver-les-mineurs-des-dangers-dinternet\/","og_locale":"fr_FR","og_type":"article","og_title":"Protection des donn\u00e9es personnelles : Pr\u00e9server les mineurs des dangers d&rsquo;internet - La Sentinelle","og_description":"Face \u00e0 l&rsquo;utilisation croissante des nouvelles technologies par les jeunes, les autorit\u00e9s s&rsquo;inqui\u00e8tent des risques auxquels cette population vuln\u00e9rable est","og_url":"https:\/\/lasentinelle.dz\/index.php\/2025\/03\/18\/protection-des-donnees-personnelles-preserver-les-mineurs-des-dangers-dinternet\/","og_site_name":"La Sentinelle","article_publisher":"https:\/\/www.facebook.com\/La-Sentinelle-104059864394773","article_published_time":"2025-03-18T11:38:01+00:00","article_modified_time":"2025-03-18T11:38:02+00:00","og_image":[{"width":780,"height":470,"url":"https:\/\/lasentinelle.dz\/wp-content\/uploads\/2025\/03\/internet-mineurs.jpg","type":"image\/jpeg"}],"author":"admin","twitter_card":"summary_large_image","twitter_misc":{"\u00c9crit par":"admin","Dur\u00e9e de lecture estim\u00e9e":"4 minutes"},"schema":{"@context":"https:\/\/schema.org","@graph":[{"@type":"Article","@id":"https:\/\/lasentinelle.dz\/index.php\/2025\/03\/18\/protection-des-donnees-personnelles-preserver-les-mineurs-des-dangers-dinternet\/#article","isPartOf":{"@id":"https:\/\/lasentinelle.dz\/index.php\/2025\/03\/18\/protection-des-donnees-personnelles-preserver-les-mineurs-des-dangers-dinternet\/"},"author":{"name":"admin","@id":"https:\/\/lasentinelle.dz\/#\/schema\/person\/729ee0024f24e0b8c5ec17232f8e8b41"},"headline":"Protection des donn\u00e9es personnelles : Pr\u00e9server les mineurs des dangers d&rsquo;internet","datePublished":"2025-03-18T11:38:01+00:00","dateModified":"2025-03-18T11:38:02+00:00","mainEntityOfPage":{"@id":"https:\/\/lasentinelle.dz\/index.php\/2025\/03\/18\/protection-des-donnees-personnelles-preserver-les-mineurs-des-dangers-dinternet\/"},"wordCount":844,"commentCount":0,"publisher":{"@id":"https:\/\/lasentinelle.dz\/#organization"},"image":{"@id":"https:\/\/lasentinelle.dz\/index.php\/2025\/03\/18\/protection-des-donnees-personnelles-preserver-les-mineurs-des-dangers-dinternet\/#primaryimage"},"thumbnailUrl":"https:\/\/lasentinelle.dz\/wp-content\/uploads\/2025\/03\/internet-mineurs.jpg","articleSection":["Actualit\u00e9"],"inLanguage":"fr-FR","potentialAction":[{"@type":"CommentAction","name":"Comment","target":["https:\/\/lasentinelle.dz\/index.php\/2025\/03\/18\/protection-des-donnees-personnelles-preserver-les-mineurs-des-dangers-dinternet\/#respond"]}]},{"@type":"WebPage","@id":"https:\/\/lasentinelle.dz\/index.php\/2025\/03\/18\/protection-des-donnees-personnelles-preserver-les-mineurs-des-dangers-dinternet\/","url":"https:\/\/lasentinelle.dz\/index.php\/2025\/03\/18\/protection-des-donnees-personnelles-preserver-les-mineurs-des-dangers-dinternet\/","name":"Protection des donn\u00e9es personnelles : Pr\u00e9server les mineurs des dangers d&rsquo;internet - La Sentinelle","isPartOf":{"@id":"https:\/\/lasentinelle.dz\/#website"},"primaryImageOfPage":{"@id":"https:\/\/lasentinelle.dz\/index.php\/2025\/03\/18\/protection-des-donnees-personnelles-preserver-les-mineurs-des-dangers-dinternet\/#primaryimage"},"image":{"@id":"https:\/\/lasentinelle.dz\/index.php\/2025\/03\/18\/protection-des-donnees-personnelles-preserver-les-mineurs-des-dangers-dinternet\/#primaryimage"},"thumbnailUrl":"https:\/\/lasentinelle.dz\/wp-content\/uploads\/2025\/03\/internet-mineurs.jpg","datePublished":"2025-03-18T11:38:01+00:00","dateModified":"2025-03-18T11:38:02+00:00","breadcrumb":{"@id":"https:\/\/lasentinelle.dz\/index.php\/2025\/03\/18\/protection-des-donnees-personnelles-preserver-les-mineurs-des-dangers-dinternet\/#breadcrumb"},"inLanguage":"fr-FR","potentialAction":[{"@type":"ReadAction","target":["https:\/\/lasentinelle.dz\/index.php\/2025\/03\/18\/protection-des-donnees-personnelles-preserver-les-mineurs-des-dangers-dinternet\/"]}]},{"@type":"ImageObject","inLanguage":"fr-FR","@id":"https:\/\/lasentinelle.dz\/index.php\/2025\/03\/18\/protection-des-donnees-personnelles-preserver-les-mineurs-des-dangers-dinternet\/#primaryimage","url":"https:\/\/lasentinelle.dz\/wp-content\/uploads\/2025\/03\/internet-mineurs.jpg","contentUrl":"https:\/\/lasentinelle.dz\/wp-content\/uploads\/2025\/03\/internet-mineurs.jpg","width":780,"height":470},{"@type":"BreadcrumbList","@id":"https:\/\/lasentinelle.dz\/index.php\/2025\/03\/18\/protection-des-donnees-personnelles-preserver-les-mineurs-des-dangers-dinternet\/#breadcrumb","itemListElement":[{"@type":"ListItem","position":1,"name":"Accueil","item":"https:\/\/lasentinelle.dz\/"},{"@type":"ListItem","position":2,"name":"Protection des donn\u00e9es personnelles : Pr\u00e9server les mineurs des dangers d&rsquo;internet"}]},{"@type":"WebSite","@id":"https:\/\/lasentinelle.dz\/#website","url":"https:\/\/lasentinelle.dz\/","name":"La Sentinelle","description":"Quotidien national d&#039;information","publisher":{"@id":"https:\/\/lasentinelle.dz\/#organization"},"potentialAction":[{"@type":"SearchAction","target":{"@type":"EntryPoint","urlTemplate":"https:\/\/lasentinelle.dz\/?s={search_term_string}"},"query-input":{"@type":"PropertyValueSpecification","valueRequired":true,"valueName":"search_term_string"}}],"inLanguage":"fr-FR"},{"@type":"Organization","@id":"https:\/\/lasentinelle.dz\/#organization","name":"Quotidien La Sentinelle","url":"https:\/\/lasentinelle.dz\/","logo":{"@type":"ImageObject","inLanguage":"fr-FR","@id":"https:\/\/lasentinelle.dz\/#\/schema\/logo\/image\/","url":"https:\/\/lasentinelle.dz\/wp-content\/uploads\/2021\/09\/logo-sentinelleSLOGAN-1.png","contentUrl":"https:\/\/lasentinelle.dz\/wp-content\/uploads\/2021\/09\/logo-sentinelleSLOGAN-1.png","width":615,"height":142,"caption":"Quotidien La Sentinelle"},"image":{"@id":"https:\/\/lasentinelle.dz\/#\/schema\/logo\/image\/"},"sameAs":["https:\/\/www.facebook.com\/La-Sentinelle-104059864394773"]},{"@type":"Person","@id":"https:\/\/lasentinelle.dz\/#\/schema\/person\/729ee0024f24e0b8c5ec17232f8e8b41","name":"admin","image":{"@type":"ImageObject","inLanguage":"fr-FR","@id":"https:\/\/secure.gravatar.com\/avatar\/4c81fed838786e9b53f540bf46533e750f5d292099ae3b66cfc6fb1982e29df7?s=96&d=mm&r=g","url":"https:\/\/secure.gravatar.com\/avatar\/4c81fed838786e9b53f540bf46533e750f5d292099ae3b66cfc6fb1982e29df7?s=96&d=mm&r=g","contentUrl":"https:\/\/secure.gravatar.com\/avatar\/4c81fed838786e9b53f540bf46533e750f5d292099ae3b66cfc6fb1982e29df7?s=96&d=mm&r=g","caption":"admin"},"description":"admin","url":"https:\/\/lasentinelle.dz\/author\/admin\/"}]}},"_links":{"self":[{"href":"https:\/\/lasentinelle.dz\/index.php\/wp-json\/wp\/v2\/posts\/64501","targetHints":{"allow":["GET"]}}],"collection":[{"href":"https:\/\/lasentinelle.dz\/index.php\/wp-json\/wp\/v2\/posts"}],"about":[{"href":"https:\/\/lasentinelle.dz\/index.php\/wp-json\/wp\/v2\/types\/post"}],"author":[{"embeddable":true,"href":"https:\/\/lasentinelle.dz\/index.php\/wp-json\/wp\/v2\/users\/6"}],"replies":[{"embeddable":true,"href":"https:\/\/lasentinelle.dz\/index.php\/wp-json\/wp\/v2\/comments?post=64501"}],"version-history":[{"count":2,"href":"https:\/\/lasentinelle.dz\/index.php\/wp-json\/wp\/v2\/posts\/64501\/revisions"}],"predecessor-version":[{"id":64504,"href":"https:\/\/lasentinelle.dz\/index.php\/wp-json\/wp\/v2\/posts\/64501\/revisions\/64504"}],"wp:featuredmedia":[{"embeddable":true,"href":"https:\/\/lasentinelle.dz\/index.php\/wp-json\/wp\/v2\/media\/64502"}],"wp:attachment":[{"href":"https:\/\/lasentinelle.dz\/index.php\/wp-json\/wp\/v2\/media?parent=64501"}],"wp:term":[{"taxonomy":"category","embeddable":true,"href":"https:\/\/lasentinelle.dz\/index.php\/wp-json\/wp\/v2\/categories?post=64501"},{"taxonomy":"post_tag","embeddable":true,"href":"https:\/\/lasentinelle.dz\/index.php\/wp-json\/wp\/v2\/tags?post=64501"}],"curies":[{"name":"wp","href":"https:\/\/api.w.org\/{rel}","templated":true}]}}