{"id":64505,"date":"2025-03-18T12:38:48","date_gmt":"2025-03-18T11:38:48","guid":{"rendered":"https:\/\/lasentinelle.dz\/?p=64505"},"modified":"2025-03-18T12:38:49","modified_gmt":"2025-03-18T11:38:49","slug":"ramadhan-lanca-souligne-labondance-des-produits-alimentaires","status":"publish","type":"post","link":"https:\/\/lasentinelle.dz\/index.php\/2025\/03\/18\/ramadhan-lanca-souligne-labondance-des-produits-alimentaires\/","title":{"rendered":"Ramadhan \u00a0: L&rsquo;ANCA souligne l&rsquo;\u00a0\u00bbabondance\u00a0\u00bb des produits alimentaires"},"content":{"rendered":"\n<p>Les quinze premiers jours du mois sacr\u00e9 de Ramadhan ont \u00e9t\u00e9 caract\u00e9ris\u00e9s par une \u00ab\u00a0abondance\u00a0\u00bb de produits alimentaires \u00e0 des prix \u00ab\u00a0abordables\u00a0\u00bb sur le march\u00e9 national, selon l&rsquo;Association nationale des commer\u00e7ants et artisans alg\u00e9riens (ANCA). Cette situation favorable est le r\u00e9sultat direct des mesures anticipatives adopt\u00e9es par le gouvernement alg\u00e9rien, notamment l&rsquo;installation de march\u00e9s de proximit\u00e9 dans diff\u00e9rentes r\u00e9gions du pays. Lors d&rsquo;une conf\u00e9rence de presse tenue ce lundi, le pr\u00e9sident de l&rsquo;ANCA, Tahar Boulanouar, a partag\u00e9 les observations recueillies par les repr\u00e9sentants de l&rsquo;association \u00e0 travers le territoire national, confirmant un approvisionnement stable sans aucune rupture ni p\u00e9nurie de produits alimentaires ou de consommation courante pendant cette p\u00e9riode. \u00ab\u00a0Ces actions ont permis d&rsquo;assurer un approvisionnement r\u00e9gulier \u00e0 des prix raisonnables\u00a0\u00bb, a soulign\u00e9 M. Boulanouar, qui a exprim\u00e9 le souhait de voir ces march\u00e9s de proximit\u00e9 devenir une installation permanente au-del\u00e0 de la p\u00e9riode du Ramadhan. Le pr\u00e9sident de l&rsquo;ANCA a attribu\u00e9 cette disponibilit\u00e9 \u00e0 plusieurs initiatives gouvernementales, notamment l&rsquo;injection de quantit\u00e9s suppl\u00e9mentaires de produits agroalimentaires essentiels comme l&rsquo;huile, le sucre et le lait en poudre sur le march\u00e9 national, ainsi que le renforcement des contr\u00f4les au niveau des usines. M. Boulanouar a \u00e9galement mis en \u00e9vidence une \u00e9volution significative de la production nationale, particuli\u00e8rement dans le secteur des fruits et l\u00e9gumes, qui satisfait largement les besoins du march\u00e9 local. Il a pr\u00e9cis\u00e9 que la production locale occupe aujourd&rsquo;hui une place plus importante dans plusieurs secteurs comparativement aux ann\u00e9es pr\u00e9c\u00e9dentes, b\u00e9n\u00e9ficiant d&rsquo;une confiance croissante des consommateurs alg\u00e9riens qui privil\u00e9gient d\u00e9sormais les produits nationaux. Dans ce contexte, il a cit\u00e9 le secteur du textile, dont la production locale couvre plus de 50% du march\u00e9 national, et celui de la chaussure, qui a progress\u00e9 pour r\u00e9pondre \u00e0 15% de la demande, contre seulement 5% auparavant. Ces \u00e9volutions positives, selon le pr\u00e9sident de l&rsquo;ANCA, permettront aux consommateurs qui pr\u00e9parent actuellement l&rsquo;A\u00efd el-Fitr de b\u00e9n\u00e9ficier de produits de qualit\u00e9 \u00e0 des prix accessibles.<\/p>\n\n\n\n<p>R.N.<\/p>\n","protected":false},"excerpt":{"rendered":"<p>Les quinze premiers jours du mois sacr\u00e9 de Ramadhan ont \u00e9t\u00e9 caract\u00e9ris\u00e9s par une \u00ab\u00a0abondance\u00a0\u00bb de produits alimentaires \u00e0 des<\/p>\n","protected":false},"author":6,"featured_media":58421,"comment_status":"open","ping_status":"closed","sticky":false,"template":"","format":"standard","meta":{"colormag_page_container_layout":"default_layout","colormag_page_sidebar_layout":"default_layout","om_disable_all_campaigns":false,"_monsterinsights_skip_tracking":false,"_monsterinsights_sitenote_active":false,"_monsterinsights_sitenote_note":"","_monsterinsights_sitenote_category":0,"footnotes":"","_wpscppro_dont_share_socialmedia":false,"_wpscppro_custom_social_share_image":0,"_facebook_share_type":"default","_twitter_share_type":"default","_linkedin_share_type":"default","_pinterest_share_type":"default","_linkedin_share_type_page":"","_instagram_share_type":"default","_medium_share_type":"default","_threads_share_type":"","_google_business_share_type":"","_selected_social_profile":[],"_wpsp_enable_custom_social_template":false,"_wpsp_social_scheduling":{"enabled":false,"datetime":null,"platforms":[],"status":"template_only","dateOption":"today","timeOption":"now","customDays":"","customHours":"","customDate":"","customTime":"","schedulingType":"absolute"},"_wpsp_active_default_template":true},"categories":[27],"tags":[],"class_list":["post-64505","post","type-post","status-publish","format-standard","has-post-thumbnail","hentry","category-actualite"],"aioseo_notices":[],"yoast_head":"<!-- This site is optimized with the Yoast SEO plugin v27.5 - https:\/\/yoast.com\/product\/yoast-seo-wordpress\/ -->\n<title>Ramadhan \u00a0: L&rsquo;ANCA souligne l&rsquo;\u00a0\u00bbabondance\u00a0\u00bb des produits alimentaires - La Sentinelle<\/title>\n<meta name=\"robots\" content=\"index, follow, max-snippet:-1, max-image-preview:large, max-video-preview:-1\" \/>\n<link rel=\"canonical\" href=\"https:\/\/lasentinelle.dz\/index.php\/2025\/03\/18\/ramadhan-lanca-souligne-labondance-des-produits-alimentaires\/\" \/>\n<meta property=\"og:locale\" content=\"fr_FR\" \/>\n<meta property=\"og:type\" content=\"article\" \/>\n<meta property=\"og:title\" content=\"Ramadhan \u00a0: L&rsquo;ANCA souligne l&rsquo;\u00a0\u00bbabondance\u00a0\u00bb des produits alimentaires - La Sentinelle\" \/>\n<meta property=\"og:description\" content=\"Les quinze premiers jours du mois sacr\u00e9 de Ramadhan ont \u00e9t\u00e9 caract\u00e9ris\u00e9s par une \u00ab\u00a0abondance\u00a0\u00bb de produits alimentaires \u00e0 des\" \/>\n<meta property=\"og:url\" content=\"https:\/\/lasentinelle.dz\/index.php\/2025\/03\/18\/ramadhan-lanca-souligne-labondance-des-produits-alimentaires\/\" \/>\n<meta property=\"og:site_name\" content=\"La Sentinelle\" \/>\n<meta property=\"article:publisher\" content=\"https:\/\/www.facebook.com\/La-Sentinelle-104059864394773\" \/>\n<meta property=\"article:published_time\" content=\"2025-03-18T11:38:48+00:00\" \/>\n<meta property=\"article:modified_time\" content=\"2025-03-18T11:38:49+00:00\" \/>\n<meta property=\"og:image\" content=\"https:\/\/lasentinelle.dz\/wp-content\/uploads\/2024\/10\/patate-marche.webp\" \/>\n\t<meta property=\"og:image:width\" content=\"900\" \/>\n\t<meta property=\"og:image:height\" content=\"598\" \/>\n\t<meta property=\"og:image:type\" content=\"image\/webp\" \/>\n<meta name=\"author\" content=\"admin\" \/>\n<meta name=\"twitter:card\" content=\"summary_large_image\" \/>\n<meta name=\"twitter:label1\" content=\"\u00c9crit par\" \/>\n\t<meta name=\"twitter:data1\" content=\"admin\" \/>\n\t<meta name=\"twitter:label2\" content=\"Dur\u00e9e de lecture estim\u00e9e\" \/>\n\t<meta name=\"twitter:data2\" content=\"2 minutes\" \/>\n<script type=\"application\/ld+json\" class=\"yoast-schema-graph\">{\"@context\":\"https:\\\/\\\/schema.org\",\"@graph\":[{\"@type\":\"Article\",\"@id\":\"https:\\\/\\\/lasentinelle.dz\\\/index.php\\\/2025\\\/03\\\/18\\\/ramadhan-lanca-souligne-labondance-des-produits-alimentaires\\\/#article\",\"isPartOf\":{\"@id\":\"https:\\\/\\\/lasentinelle.dz\\\/index.php\\\/2025\\\/03\\\/18\\\/ramadhan-lanca-souligne-labondance-des-produits-alimentaires\\\/\"},\"author\":{\"name\":\"admin\",\"@id\":\"https:\\\/\\\/lasentinelle.dz\\\/#\\\/schema\\\/person\\\/729ee0024f24e0b8c5ec17232f8e8b41\"},\"headline\":\"Ramadhan \u00a0: L&rsquo;ANCA souligne l&rsquo;\u00a0\u00bbabondance\u00a0\u00bb des produits alimentaires\",\"datePublished\":\"2025-03-18T11:38:48+00:00\",\"dateModified\":\"2025-03-18T11:38:49+00:00\",\"mainEntityOfPage\":{\"@id\":\"https:\\\/\\\/lasentinelle.dz\\\/index.php\\\/2025\\\/03\\\/18\\\/ramadhan-lanca-souligne-labondance-des-produits-alimentaires\\\/\"},\"wordCount\":375,\"commentCount\":0,\"publisher\":{\"@id\":\"https:\\\/\\\/lasentinelle.dz\\\/#organization\"},\"image\":{\"@id\":\"https:\\\/\\\/lasentinelle.dz\\\/index.php\\\/2025\\\/03\\\/18\\\/ramadhan-lanca-souligne-labondance-des-produits-alimentaires\\\/#primaryimage\"},\"thumbnailUrl\":\"https:\\\/\\\/lasentinelle.dz\\\/wp-content\\\/uploads\\\/2024\\\/10\\\/patate-marche.webp\",\"articleSection\":[\"Actualit\u00e9\"],\"inLanguage\":\"fr-FR\",\"potentialAction\":[{\"@type\":\"CommentAction\",\"name\":\"Comment\",\"target\":[\"https:\\\/\\\/lasentinelle.dz\\\/index.php\\\/2025\\\/03\\\/18\\\/ramadhan-lanca-souligne-labondance-des-produits-alimentaires\\\/#respond\"]}]},{\"@type\":\"WebPage\",\"@id\":\"https:\\\/\\\/lasentinelle.dz\\\/index.php\\\/2025\\\/03\\\/18\\\/ramadhan-lanca-souligne-labondance-des-produits-alimentaires\\\/\",\"url\":\"https:\\\/\\\/lasentinelle.dz\\\/index.php\\\/2025\\\/03\\\/18\\\/ramadhan-lanca-souligne-labondance-des-produits-alimentaires\\\/\",\"name\":\"Ramadhan \u00a0: L&rsquo;ANCA souligne l&rsquo;\u00a0\u00bbabondance\u00a0\u00bb des produits alimentaires - La Sentinelle\",\"isPartOf\":{\"@id\":\"https:\\\/\\\/lasentinelle.dz\\\/#website\"},\"primaryImageOfPage\":{\"@id\":\"https:\\\/\\\/lasentinelle.dz\\\/index.php\\\/2025\\\/03\\\/18\\\/ramadhan-lanca-souligne-labondance-des-produits-alimentaires\\\/#primaryimage\"},\"image\":{\"@id\":\"https:\\\/\\\/lasentinelle.dz\\\/index.php\\\/2025\\\/03\\\/18\\\/ramadhan-lanca-souligne-labondance-des-produits-alimentaires\\\/#primaryimage\"},\"thumbnailUrl\":\"https:\\\/\\\/lasentinelle.dz\\\/wp-content\\\/uploads\\\/2024\\\/10\\\/patate-marche.webp\",\"datePublished\":\"2025-03-18T11:38:48+00:00\",\"dateModified\":\"2025-03-18T11:38:49+00:00\",\"breadcrumb\":{\"@id\":\"https:\\\/\\\/lasentinelle.dz\\\/index.php\\\/2025\\\/03\\\/18\\\/ramadhan-lanca-souligne-labondance-des-produits-alimentaires\\\/#breadcrumb\"},\"inLanguage\":\"fr-FR\",\"potentialAction\":[{\"@type\":\"ReadAction\",\"target\":[\"https:\\\/\\\/lasentinelle.dz\\\/index.php\\\/2025\\\/03\\\/18\\\/ramadhan-lanca-souligne-labondance-des-produits-alimentaires\\\/\"]}]},{\"@type\":\"ImageObject\",\"inLanguage\":\"fr-FR\",\"@id\":\"https:\\\/\\\/lasentinelle.dz\\\/index.php\\\/2025\\\/03\\\/18\\\/ramadhan-lanca-souligne-labondance-des-produits-alimentaires\\\/#primaryimage\",\"url\":\"https:\\\/\\\/lasentinelle.dz\\\/wp-content\\\/uploads\\\/2024\\\/10\\\/patate-marche.webp\",\"contentUrl\":\"https:\\\/\\\/lasentinelle.dz\\\/wp-content\\\/uploads\\\/2024\\\/10\\\/patate-marche.webp\",\"width\":900,\"height\":598},{\"@type\":\"BreadcrumbList\",\"@id\":\"https:\\\/\\\/lasentinelle.dz\\\/index.php\\\/2025\\\/03\\\/18\\\/ramadhan-lanca-souligne-labondance-des-produits-alimentaires\\\/#breadcrumb\",\"itemListElement\":[{\"@type\":\"ListItem\",\"position\":1,\"name\":\"Accueil\",\"item\":\"https:\\\/\\\/lasentinelle.dz\\\/\"},{\"@type\":\"ListItem\",\"position\":2,\"name\":\"Ramadhan \u00a0: L&rsquo;ANCA souligne l&rsquo;\u00a0\u00bbabondance\u00a0\u00bb des produits alimentaires\"}]},{\"@type\":\"WebSite\",\"@id\":\"https:\\\/\\\/lasentinelle.dz\\\/#website\",\"url\":\"https:\\\/\\\/lasentinelle.dz\\\/\",\"name\":\"La Sentinelle\",\"description\":\"Quotidien national d&#039;information\",\"publisher\":{\"@id\":\"https:\\\/\\\/lasentinelle.dz\\\/#organization\"},\"potentialAction\":[{\"@type\":\"SearchAction\",\"target\":{\"@type\":\"EntryPoint\",\"urlTemplate\":\"https:\\\/\\\/lasentinelle.dz\\\/?s={search_term_string}\"},\"query-input\":{\"@type\":\"PropertyValueSpecification\",\"valueRequired\":true,\"valueName\":\"search_term_string\"}}],\"inLanguage\":\"fr-FR\"},{\"@type\":\"Organization\",\"@id\":\"https:\\\/\\\/lasentinelle.dz\\\/#organization\",\"name\":\"Quotidien La Sentinelle\",\"url\":\"https:\\\/\\\/lasentinelle.dz\\\/\",\"logo\":{\"@type\":\"ImageObject\",\"inLanguage\":\"fr-FR\",\"@id\":\"https:\\\/\\\/lasentinelle.dz\\\/#\\\/schema\\\/logo\\\/image\\\/\",\"url\":\"https:\\\/\\\/lasentinelle.dz\\\/wp-content\\\/uploads\\\/2021\\\/09\\\/logo-sentinelleSLOGAN-1.png\",\"contentUrl\":\"https:\\\/\\\/lasentinelle.dz\\\/wp-content\\\/uploads\\\/2021\\\/09\\\/logo-sentinelleSLOGAN-1.png\",\"width\":615,\"height\":142,\"caption\":\"Quotidien La Sentinelle\"},\"image\":{\"@id\":\"https:\\\/\\\/lasentinelle.dz\\\/#\\\/schema\\\/logo\\\/image\\\/\"},\"sameAs\":[\"https:\\\/\\\/www.facebook.com\\\/La-Sentinelle-104059864394773\"]},{\"@type\":\"Person\",\"@id\":\"https:\\\/\\\/lasentinelle.dz\\\/#\\\/schema\\\/person\\\/729ee0024f24e0b8c5ec17232f8e8b41\",\"name\":\"admin\",\"image\":{\"@type\":\"ImageObject\",\"inLanguage\":\"fr-FR\",\"@id\":\"https:\\\/\\\/secure.gravatar.com\\\/avatar\\\/4c81fed838786e9b53f540bf46533e750f5d292099ae3b66cfc6fb1982e29df7?s=96&d=mm&r=g\",\"url\":\"https:\\\/\\\/secure.gravatar.com\\\/avatar\\\/4c81fed838786e9b53f540bf46533e750f5d292099ae3b66cfc6fb1982e29df7?s=96&d=mm&r=g\",\"contentUrl\":\"https:\\\/\\\/secure.gravatar.com\\\/avatar\\\/4c81fed838786e9b53f540bf46533e750f5d292099ae3b66cfc6fb1982e29df7?s=96&d=mm&r=g\",\"caption\":\"admin\"},\"description\":\"admin\",\"url\":\"https:\\\/\\\/lasentinelle.dz\\\/author\\\/admin\\\/\"}]}<\/script>\n<!-- \/ Yoast SEO plugin. -->","yoast_head_json":{"title":"Ramadhan \u00a0: L&rsquo;ANCA souligne l&rsquo;\u00a0\u00bbabondance\u00a0\u00bb des produits alimentaires - La Sentinelle","robots":{"index":"index","follow":"follow","max-snippet":"max-snippet:-1","max-image-preview":"max-image-preview:large","max-video-preview":"max-video-preview:-1"},"canonical":"https:\/\/lasentinelle.dz\/index.php\/2025\/03\/18\/ramadhan-lanca-souligne-labondance-des-produits-alimentaires\/","og_locale":"fr_FR","og_type":"article","og_title":"Ramadhan \u00a0: L&rsquo;ANCA souligne l&rsquo;\u00a0\u00bbabondance\u00a0\u00bb des produits alimentaires - La Sentinelle","og_description":"Les quinze premiers jours du mois sacr\u00e9 de Ramadhan ont \u00e9t\u00e9 caract\u00e9ris\u00e9s par une \u00ab\u00a0abondance\u00a0\u00bb de produits alimentaires \u00e0 des","og_url":"https:\/\/lasentinelle.dz\/index.php\/2025\/03\/18\/ramadhan-lanca-souligne-labondance-des-produits-alimentaires\/","og_site_name":"La Sentinelle","article_publisher":"https:\/\/www.facebook.com\/La-Sentinelle-104059864394773","article_published_time":"2025-03-18T11:38:48+00:00","article_modified_time":"2025-03-18T11:38:49+00:00","og_image":[{"width":900,"height":598,"url":"https:\/\/lasentinelle.dz\/wp-content\/uploads\/2024\/10\/patate-marche.webp","type":"image\/webp"}],"author":"admin","twitter_card":"summary_large_image","twitter_misc":{"\u00c9crit par":"admin","Dur\u00e9e de lecture estim\u00e9e":"2 minutes"},"schema":{"@context":"https:\/\/schema.org","@graph":[{"@type":"Article","@id":"https:\/\/lasentinelle.dz\/index.php\/2025\/03\/18\/ramadhan-lanca-souligne-labondance-des-produits-alimentaires\/#article","isPartOf":{"@id":"https:\/\/lasentinelle.dz\/index.php\/2025\/03\/18\/ramadhan-lanca-souligne-labondance-des-produits-alimentaires\/"},"author":{"name":"admin","@id":"https:\/\/lasentinelle.dz\/#\/schema\/person\/729ee0024f24e0b8c5ec17232f8e8b41"},"headline":"Ramadhan \u00a0: L&rsquo;ANCA souligne l&rsquo;\u00a0\u00bbabondance\u00a0\u00bb des produits alimentaires","datePublished":"2025-03-18T11:38:48+00:00","dateModified":"2025-03-18T11:38:49+00:00","mainEntityOfPage":{"@id":"https:\/\/lasentinelle.dz\/index.php\/2025\/03\/18\/ramadhan-lanca-souligne-labondance-des-produits-alimentaires\/"},"wordCount":375,"commentCount":0,"publisher":{"@id":"https:\/\/lasentinelle.dz\/#organization"},"image":{"@id":"https:\/\/lasentinelle.dz\/index.php\/2025\/03\/18\/ramadhan-lanca-souligne-labondance-des-produits-alimentaires\/#primaryimage"},"thumbnailUrl":"https:\/\/lasentinelle.dz\/wp-content\/uploads\/2024\/10\/patate-marche.webp","articleSection":["Actualit\u00e9"],"inLanguage":"fr-FR","potentialAction":[{"@type":"CommentAction","name":"Comment","target":["https:\/\/lasentinelle.dz\/index.php\/2025\/03\/18\/ramadhan-lanca-souligne-labondance-des-produits-alimentaires\/#respond"]}]},{"@type":"WebPage","@id":"https:\/\/lasentinelle.dz\/index.php\/2025\/03\/18\/ramadhan-lanca-souligne-labondance-des-produits-alimentaires\/","url":"https:\/\/lasentinelle.dz\/index.php\/2025\/03\/18\/ramadhan-lanca-souligne-labondance-des-produits-alimentaires\/","name":"Ramadhan \u00a0: L&rsquo;ANCA souligne l&rsquo;\u00a0\u00bbabondance\u00a0\u00bb des produits alimentaires - La Sentinelle","isPartOf":{"@id":"https:\/\/lasentinelle.dz\/#website"},"primaryImageOfPage":{"@id":"https:\/\/lasentinelle.dz\/index.php\/2025\/03\/18\/ramadhan-lanca-souligne-labondance-des-produits-alimentaires\/#primaryimage"},"image":{"@id":"https:\/\/lasentinelle.dz\/index.php\/2025\/03\/18\/ramadhan-lanca-souligne-labondance-des-produits-alimentaires\/#primaryimage"},"thumbnailUrl":"https:\/\/lasentinelle.dz\/wp-content\/uploads\/2024\/10\/patate-marche.webp","datePublished":"2025-03-18T11:38:48+00:00","dateModified":"2025-03-18T11:38:49+00:00","breadcrumb":{"@id":"https:\/\/lasentinelle.dz\/index.php\/2025\/03\/18\/ramadhan-lanca-souligne-labondance-des-produits-alimentaires\/#breadcrumb"},"inLanguage":"fr-FR","potentialAction":[{"@type":"ReadAction","target":["https:\/\/lasentinelle.dz\/index.php\/2025\/03\/18\/ramadhan-lanca-souligne-labondance-des-produits-alimentaires\/"]}]},{"@type":"ImageObject","inLanguage":"fr-FR","@id":"https:\/\/lasentinelle.dz\/index.php\/2025\/03\/18\/ramadhan-lanca-souligne-labondance-des-produits-alimentaires\/#primaryimage","url":"https:\/\/lasentinelle.dz\/wp-content\/uploads\/2024\/10\/patate-marche.webp","contentUrl":"https:\/\/lasentinelle.dz\/wp-content\/uploads\/2024\/10\/patate-marche.webp","width":900,"height":598},{"@type":"BreadcrumbList","@id":"https:\/\/lasentinelle.dz\/index.php\/2025\/03\/18\/ramadhan-lanca-souligne-labondance-des-produits-alimentaires\/#breadcrumb","itemListElement":[{"@type":"ListItem","position":1,"name":"Accueil","item":"https:\/\/lasentinelle.dz\/"},{"@type":"ListItem","position":2,"name":"Ramadhan \u00a0: L&rsquo;ANCA souligne l&rsquo;\u00a0\u00bbabondance\u00a0\u00bb des produits alimentaires"}]},{"@type":"WebSite","@id":"https:\/\/lasentinelle.dz\/#website","url":"https:\/\/lasentinelle.dz\/","name":"La Sentinelle","description":"Quotidien national d&#039;information","publisher":{"@id":"https:\/\/lasentinelle.dz\/#organization"},"potentialAction":[{"@type":"SearchAction","target":{"@type":"EntryPoint","urlTemplate":"https:\/\/lasentinelle.dz\/?s={search_term_string}"},"query-input":{"@type":"PropertyValueSpecification","valueRequired":true,"valueName":"search_term_string"}}],"inLanguage":"fr-FR"},{"@type":"Organization","@id":"https:\/\/lasentinelle.dz\/#organization","name":"Quotidien La Sentinelle","url":"https:\/\/lasentinelle.dz\/","logo":{"@type":"ImageObject","inLanguage":"fr-FR","@id":"https:\/\/lasentinelle.dz\/#\/schema\/logo\/image\/","url":"https:\/\/lasentinelle.dz\/wp-content\/uploads\/2021\/09\/logo-sentinelleSLOGAN-1.png","contentUrl":"https:\/\/lasentinelle.dz\/wp-content\/uploads\/2021\/09\/logo-sentinelleSLOGAN-1.png","width":615,"height":142,"caption":"Quotidien La Sentinelle"},"image":{"@id":"https:\/\/lasentinelle.dz\/#\/schema\/logo\/image\/"},"sameAs":["https:\/\/www.facebook.com\/La-Sentinelle-104059864394773"]},{"@type":"Person","@id":"https:\/\/lasentinelle.dz\/#\/schema\/person\/729ee0024f24e0b8c5ec17232f8e8b41","name":"admin","image":{"@type":"ImageObject","inLanguage":"fr-FR","@id":"https:\/\/secure.gravatar.com\/avatar\/4c81fed838786e9b53f540bf46533e750f5d292099ae3b66cfc6fb1982e29df7?s=96&d=mm&r=g","url":"https:\/\/secure.gravatar.com\/avatar\/4c81fed838786e9b53f540bf46533e750f5d292099ae3b66cfc6fb1982e29df7?s=96&d=mm&r=g","contentUrl":"https:\/\/secure.gravatar.com\/avatar\/4c81fed838786e9b53f540bf46533e750f5d292099ae3b66cfc6fb1982e29df7?s=96&d=mm&r=g","caption":"admin"},"description":"admin","url":"https:\/\/lasentinelle.dz\/author\/admin\/"}]}},"_links":{"self":[{"href":"https:\/\/lasentinelle.dz\/index.php\/wp-json\/wp\/v2\/posts\/64505","targetHints":{"allow":["GET"]}}],"collection":[{"href":"https:\/\/lasentinelle.dz\/index.php\/wp-json\/wp\/v2\/posts"}],"about":[{"href":"https:\/\/lasentinelle.dz\/index.php\/wp-json\/wp\/v2\/types\/post"}],"author":[{"embeddable":true,"href":"https:\/\/lasentinelle.dz\/index.php\/wp-json\/wp\/v2\/users\/6"}],"replies":[{"embeddable":true,"href":"https:\/\/lasentinelle.dz\/index.php\/wp-json\/wp\/v2\/comments?post=64505"}],"version-history":[{"count":2,"href":"https:\/\/lasentinelle.dz\/index.php\/wp-json\/wp\/v2\/posts\/64505\/revisions"}],"predecessor-version":[{"id":64507,"href":"https:\/\/lasentinelle.dz\/index.php\/wp-json\/wp\/v2\/posts\/64505\/revisions\/64507"}],"wp:featuredmedia":[{"embeddable":true,"href":"https:\/\/lasentinelle.dz\/index.php\/wp-json\/wp\/v2\/media\/58421"}],"wp:attachment":[{"href":"https:\/\/lasentinelle.dz\/index.php\/wp-json\/wp\/v2\/media?parent=64505"}],"wp:term":[{"taxonomy":"category","embeddable":true,"href":"https:\/\/lasentinelle.dz\/index.php\/wp-json\/wp\/v2\/categories?post=64505"},{"taxonomy":"post_tag","embeddable":true,"href":"https:\/\/lasentinelle.dz\/index.php\/wp-json\/wp\/v2\/tags?post=64505"}],"curies":[{"name":"wp","href":"https:\/\/api.w.org\/{rel}","templated":true}]}}