{"id":64530,"date":"2025-03-19T12:37:43","date_gmt":"2025-03-19T11:37:43","guid":{"rendered":"https:\/\/lasentinelle.dz\/?p=64530"},"modified":"2025-03-19T12:37:43","modified_gmt":"2025-03-19T11:37:43","slug":"voyage-musical-entre-bechar-et-tamanrasset-el-ferda-et-imerhane-enchantent-lopera-dalger","status":"publish","type":"post","link":"https:\/\/lasentinelle.dz\/index.php\/2025\/03\/19\/voyage-musical-entre-bechar-et-tamanrasset-el-ferda-et-imerhane-enchantent-lopera-dalger\/","title":{"rendered":"Voyage musical entre B\u00e9char et Tamanrasset : El Ferda et Imerhane enchantent l&rsquo;Op\u00e9ra d&rsquo;Alger"},"content":{"rendered":"\n<p>L&rsquo;Op\u00e9ra d&rsquo;Alger Boualem-Bessaih a vibr\u00e9 lundi soir aux rythmes authentiques et envo\u00fbtants des &nbsp;Ensembles \u00ab\u00a0El Ferda\u00a0\u00bb de B\u00e9char et \u00ab\u00a0Imerhane\u00a0\u00bb de Tamanrasset qui ont offert au public alg\u00e9rois un voyage musical d&rsquo;exception, traversant les vastitudes du Sahara pour faire d\u00e9couvrir ou red\u00e9couvrir des traditions s\u00e9culaires sublim\u00e9es par une interpr\u00e9tation contemporaine. Organis\u00e9e sous l&rsquo;\u00e9gide du minist\u00e8re de la Culture et des Arts dans le cadre du programme artistique et culturel \u00ab\u00a0sp\u00e9cial-Ramadhan\u00a0\u00bb de l&rsquo;Op\u00e9ra d&rsquo;Alger, cette soir\u00e9e a mis en lumi\u00e8re la richesse et la diversit\u00e9 du patrimoine musical alg\u00e9rien, t\u00e9moignant de la vitalit\u00e9 de ces expressions culturelles r\u00e9gionales qui continuent de s\u00e9duire un public interg\u00e9n\u00e9rationnel. La premi\u00e8re partie du spectacle a transport\u00e9 l&rsquo;assistance dans l&rsquo;univers envo\u00fbtant du Melhoun de la r\u00e9gion de Kenadsa, port\u00e9e par la formation El Ferda. Sous la direction de Larbi Bestam, virtuose du luth et chanteur charismatique, l&rsquo;ensemble de sept musiciens a d\u00e9ploy\u00e9 pendant une heure un r\u00e9pertoire riche et vari\u00e9 m\u00ealant avec maestria Q&rsquo;\u00e7id soufi, Cha\u00e2bi et M&rsquo;dih. Les spectateurs ont rapidement succomb\u00e9 au charme des compositions interpr\u00e9t\u00e9es avec passion par cette formation qui fait la fiert\u00e9 de B\u00e9char depuis plusieurs d\u00e9cennies. La magie op\u00e9rait pleinement lorsque r\u00e9sonnaient dans la salle des titres phares comme \u00ab\u00a0El Kawtar\u00a0\u00bb, \u00ab\u00a0Krim El Kourama\u00a0\u00bb, \u00ab\u00a0Kif iwassi\u00a0\u00bb, \u00ab\u00a0Salamou\u00a0\u00bb et l&rsquo;incontournable \u00ab\u00a0Ben Bouziane\u00a0\u00bb, suscitant l&rsquo;enthousiasme d&rsquo;un public conquis. L&rsquo;ensemble, compos\u00e9 d&rsquo;artistes talentueux tels que El Hadj Bouhazma au Guenibri, Touhami Bouhazma aux percussions traditionnelles (derbouka et bendir), Abd-Rabbi Bouhazma au violon et Lakhdar Hamidi aux percussions typiques de la r\u00e9gion (mehraz et El Ferda), a d\u00e9montr\u00e9 une coh\u00e9sion parfaite et une ma\u00eetrise impressionnante de ce patrimoine musical exigeant. \u00c0 l&rsquo;issue de sa prestation, Larbi Bestam n&rsquo;a pas cach\u00e9 son \u00e9motion : \u00ab\u00a0C&rsquo;est une immense joie pour nous, les membres d&rsquo;El Ferda, de retrouver Alger et de chanter pour son public chaleureux et si accueillant\u00a0\u00bb. Cr\u00e9\u00e9e en 1992, la troupe El Ferda poursuit inlassablement son travail de pr\u00e9servation et de valorisation du Melhoun de Kenadsa, avec \u00e0 son actif un album \u00e9ponyme et plusieurs enregistrements produits par l&rsquo;Office national des Droits d&rsquo;auteur et des Droits voisins (ONDA). Comme l&rsquo;a pr\u00e9cis\u00e9 Larbi Bestam, la formation continue \u00ab\u00a0d&rsquo;explorer le r\u00e9pertoire musical de cette r\u00e9gion, en qu\u00eate de nouveaux textes et Q&rsquo;\u00e7id, pour raviver et promouvoir le patrimoine culturel local et mettre en valeur les particularit\u00e9s, po\u00e9tique, m\u00e9lodique et rythmique, propres \u00e0 ce genre de musique\u00a0\u00bb. La deuxi\u00e8me partie de la soir\u00e9e a transport\u00e9 le public vers les \u00e9tendues infinies du Sahara avec l&rsquo;Ensemble \u00ab\u00a0Imerhane\u00a0\u00bb. Accueilli par des applaudissements et des youyous nourris, le groupe dirig\u00e9 par Seddam, \u00e0 la guitare \u00e9lectrique et au chant, a imm\u00e9diatement impos\u00e9 sa pr\u00e9sence sc\u00e9nique magn\u00e9tique. Accompagn\u00e9 par Hichem Bouhas alternant entre guitare \u00e9lectro-acoustique et batterie, Habib Allah Akhamoukh \u00e0 la calebasse, Tahar Khaldi \u00e0 la basse \u00e9lectrique et Abdelkader Ourzik \u00e0 la guitare d&rsquo;accompagnement, le quintet a brillamment interpr\u00e9t\u00e9 le genre targui \u00ab\u00a0Assoufi\u00a0\u00bb de la r\u00e9gion de Tamanrasset. Durant une heure, des titres aux m\u00e9lodies envo\u00fbtantes et aux cadences ternaires caract\u00e9ristiques comme \u00ab\u00a0Dounya\u00a0\u00bb, \u00ab\u00a0Tiguettane\u00a0\u00bb, \u00ab\u00a0Assouf\u00a0\u00bb (nostalgie), \u00ab\u00a0Achenkadh\u00a0\u00bb (gazelle), \u00ab\u00a0Iresligh\u00a0\u00bb (ou\u00ef-dire), \u00ab\u00a0Touchal\u00a0\u00bb (coureur), \u00ab\u00a0Imerhane\u00a0\u00bb (les amis), \u00ab\u00a0Tinaghit\u00a0\u00bb, \u00ab\u00a0Tagh&rsquo;dert\u00a0\u00bb (trahison) et \u00ab\u00a0Soumagh\u00a0\u00bb (je me suis tu) ont cr\u00e9\u00e9 une atmosph\u00e8re euphorique o\u00f9 tradition et modernit\u00e9 se sont harmonieusement entrelac\u00e9es. Issue du c\u00e9l\u00e8bre groupe \u00ab\u00a0Tinariwine\u00a0\u00bb, la formation \u00ab\u00a0Imerhane\u00a0\u00bb a \u00e9t\u00e9 fond\u00e9e en 2006 sous l&rsquo;impulsion du bassiste Eyadou, qui a form\u00e9 et encadr\u00e9 \u00e0 Tamanrasset de nombreux musiciens, dont Seddam, aujourd&rsquo;hui leader du groupe. Fort d&rsquo;une reconnaissance nationale et internationale, l&rsquo;ensemble a d\u00e9j\u00e0 particip\u00e9 \u00e0 plusieurs tourn\u00e9es \u00e0 travers les plus grandes capitales du monde et compte \u00e0 son actif trois albums : \u00ab\u00a0Imerhane\u00a0\u00bb (les amis &#8211; 2006), \u00ab\u00a0Timit\u00a0\u00bb (lien ombilical &#8211; 2018) et \u00ab\u00a0Abougui\u00a0\u00bb (Z&rsquo;riba &#8211; 2021). La complicit\u00e9 \u00e9vidente entre les musiciens et le public, qui reprenait en ch\u0153ur les refrains de leurs chansons, t\u00e9moignait de l&rsquo;impact \u00e9motionnel et de la r\u00e9sonance culturelle profonde de cette musique. Les deux formations ont ainsi pleinement r\u00e9ussi leur mission en offrant aux spectateurs une soir\u00e9e exceptionnelle, c\u00e9l\u00e9brant la richesse et la diversit\u00e9 du patrimoine musical alg\u00e9rien dans toute sa splendeur. L&rsquo;Op\u00e9ra d&rsquo;Alger poursuit son programme d&rsquo;animation sp\u00e9cial-Ramadhan avec plusieurs plateaux artistiques vari\u00e9s, d\u00e9di\u00e9s \u00e0 tous les genres musicaux alg\u00e9riens, des plus classiques aux vari\u00e9t\u00e9s contemporaines.<\/p>\n\n\n\n<p>M.S.<\/p>\n","protected":false},"excerpt":{"rendered":"<p>L&rsquo;Op\u00e9ra d&rsquo;Alger Boualem-Bessaih a vibr\u00e9 lundi soir aux rythmes authentiques et envo\u00fbtants des &nbsp;Ensembles \u00ab\u00a0El Ferda\u00a0\u00bb de B\u00e9char et \u00ab\u00a0Imerhane\u00a0\u00bb<\/p>\n","protected":false},"author":6,"featured_media":64531,"comment_status":"open","ping_status":"closed","sticky":false,"template":"","format":"standard","meta":{"colormag_page_container_layout":"default_layout","colormag_page_sidebar_layout":"default_layout","om_disable_all_campaigns":false,"_monsterinsights_skip_tracking":false,"_monsterinsights_sitenote_active":false,"_monsterinsights_sitenote_note":"","_monsterinsights_sitenote_category":0,"footnotes":"","_wpscppro_dont_share_socialmedia":false,"_wpscppro_custom_social_share_image":0,"_facebook_share_type":"default","_twitter_share_type":"default","_linkedin_share_type":"default","_pinterest_share_type":"default","_linkedin_share_type_page":"","_instagram_share_type":"default","_medium_share_type":"default","_threads_share_type":"","_google_business_share_type":"","_selected_social_profile":[],"_wpsp_enable_custom_social_template":false,"_wpsp_social_scheduling":{"enabled":false,"datetime":null,"platforms":[],"status":"template_only","dateOption":"today","timeOption":"now","customDays":"","customHours":"","customDate":"","customTime":"","schedulingType":"absolute"},"_wpsp_active_default_template":true},"categories":[36],"tags":[],"class_list":["post-64530","post","type-post","status-publish","format-standard","has-post-thumbnail","hentry","category-culture"],"aioseo_notices":[],"yoast_head":"<!-- This site is optimized with the Yoast SEO plugin v27.5 - https:\/\/yoast.com\/product\/yoast-seo-wordpress\/ -->\n<title>Voyage musical entre B\u00e9char et Tamanrasset : El Ferda et Imerhane enchantent l&rsquo;Op\u00e9ra d&rsquo;Alger - La Sentinelle<\/title>\n<meta name=\"robots\" content=\"index, follow, max-snippet:-1, max-image-preview:large, max-video-preview:-1\" \/>\n<link rel=\"canonical\" href=\"https:\/\/lasentinelle.dz\/index.php\/2025\/03\/19\/voyage-musical-entre-bechar-et-tamanrasset-el-ferda-et-imerhane-enchantent-lopera-dalger\/\" \/>\n<meta property=\"og:locale\" content=\"fr_FR\" \/>\n<meta property=\"og:type\" content=\"article\" \/>\n<meta property=\"og:title\" content=\"Voyage musical entre B\u00e9char et Tamanrasset : El Ferda et Imerhane enchantent l&rsquo;Op\u00e9ra d&rsquo;Alger - La Sentinelle\" \/>\n<meta property=\"og:description\" content=\"L&rsquo;Op\u00e9ra d&rsquo;Alger Boualem-Bessaih a vibr\u00e9 lundi soir aux rythmes authentiques et envo\u00fbtants des &nbsp;Ensembles \u00ab\u00a0El Ferda\u00a0\u00bb de B\u00e9char et \u00ab\u00a0Imerhane\u00a0\u00bb\" \/>\n<meta property=\"og:url\" content=\"https:\/\/lasentinelle.dz\/index.php\/2025\/03\/19\/voyage-musical-entre-bechar-et-tamanrasset-el-ferda-et-imerhane-enchantent-lopera-dalger\/\" \/>\n<meta property=\"og:site_name\" content=\"La Sentinelle\" \/>\n<meta property=\"article:publisher\" content=\"https:\/\/www.facebook.com\/La-Sentinelle-104059864394773\" \/>\n<meta property=\"article:published_time\" content=\"2025-03-19T11:37:43+00:00\" \/>\n<meta property=\"og:image\" content=\"https:\/\/lasentinelle.dz\/wp-content\/uploads\/2025\/03\/ferda.jpg\" \/>\n\t<meta property=\"og:image:width\" content=\"1440\" \/>\n\t<meta property=\"og:image:height\" content=\"1080\" \/>\n\t<meta property=\"og:image:type\" content=\"image\/jpeg\" \/>\n<meta name=\"author\" content=\"admin\" \/>\n<meta name=\"twitter:card\" content=\"summary_large_image\" \/>\n<meta name=\"twitter:label1\" content=\"\u00c9crit par\" \/>\n\t<meta name=\"twitter:data1\" content=\"admin\" \/>\n\t<meta name=\"twitter:label2\" content=\"Dur\u00e9e de lecture estim\u00e9e\" \/>\n\t<meta name=\"twitter:data2\" content=\"4 minutes\" \/>\n<script type=\"application\/ld+json\" class=\"yoast-schema-graph\">{\"@context\":\"https:\\\/\\\/schema.org\",\"@graph\":[{\"@type\":\"Article\",\"@id\":\"https:\\\/\\\/lasentinelle.dz\\\/index.php\\\/2025\\\/03\\\/19\\\/voyage-musical-entre-bechar-et-tamanrasset-el-ferda-et-imerhane-enchantent-lopera-dalger\\\/#article\",\"isPartOf\":{\"@id\":\"https:\\\/\\\/lasentinelle.dz\\\/index.php\\\/2025\\\/03\\\/19\\\/voyage-musical-entre-bechar-et-tamanrasset-el-ferda-et-imerhane-enchantent-lopera-dalger\\\/\"},\"author\":{\"name\":\"admin\",\"@id\":\"https:\\\/\\\/lasentinelle.dz\\\/#\\\/schema\\\/person\\\/729ee0024f24e0b8c5ec17232f8e8b41\"},\"headline\":\"Voyage musical entre B\u00e9char et Tamanrasset : El Ferda et Imerhane enchantent l&rsquo;Op\u00e9ra d&rsquo;Alger\",\"datePublished\":\"2025-03-19T11:37:43+00:00\",\"mainEntityOfPage\":{\"@id\":\"https:\\\/\\\/lasentinelle.dz\\\/index.php\\\/2025\\\/03\\\/19\\\/voyage-musical-entre-bechar-et-tamanrasset-el-ferda-et-imerhane-enchantent-lopera-dalger\\\/\"},\"wordCount\":815,\"commentCount\":0,\"publisher\":{\"@id\":\"https:\\\/\\\/lasentinelle.dz\\\/#organization\"},\"image\":{\"@id\":\"https:\\\/\\\/lasentinelle.dz\\\/index.php\\\/2025\\\/03\\\/19\\\/voyage-musical-entre-bechar-et-tamanrasset-el-ferda-et-imerhane-enchantent-lopera-dalger\\\/#primaryimage\"},\"thumbnailUrl\":\"https:\\\/\\\/lasentinelle.dz\\\/wp-content\\\/uploads\\\/2025\\\/03\\\/ferda.jpg\",\"articleSection\":[\"Culture\"],\"inLanguage\":\"fr-FR\",\"potentialAction\":[{\"@type\":\"CommentAction\",\"name\":\"Comment\",\"target\":[\"https:\\\/\\\/lasentinelle.dz\\\/index.php\\\/2025\\\/03\\\/19\\\/voyage-musical-entre-bechar-et-tamanrasset-el-ferda-et-imerhane-enchantent-lopera-dalger\\\/#respond\"]}]},{\"@type\":\"WebPage\",\"@id\":\"https:\\\/\\\/lasentinelle.dz\\\/index.php\\\/2025\\\/03\\\/19\\\/voyage-musical-entre-bechar-et-tamanrasset-el-ferda-et-imerhane-enchantent-lopera-dalger\\\/\",\"url\":\"https:\\\/\\\/lasentinelle.dz\\\/index.php\\\/2025\\\/03\\\/19\\\/voyage-musical-entre-bechar-et-tamanrasset-el-ferda-et-imerhane-enchantent-lopera-dalger\\\/\",\"name\":\"Voyage musical entre B\u00e9char et Tamanrasset : El Ferda et Imerhane enchantent l&rsquo;Op\u00e9ra d&rsquo;Alger - La Sentinelle\",\"isPartOf\":{\"@id\":\"https:\\\/\\\/lasentinelle.dz\\\/#website\"},\"primaryImageOfPage\":{\"@id\":\"https:\\\/\\\/lasentinelle.dz\\\/index.php\\\/2025\\\/03\\\/19\\\/voyage-musical-entre-bechar-et-tamanrasset-el-ferda-et-imerhane-enchantent-lopera-dalger\\\/#primaryimage\"},\"image\":{\"@id\":\"https:\\\/\\\/lasentinelle.dz\\\/index.php\\\/2025\\\/03\\\/19\\\/voyage-musical-entre-bechar-et-tamanrasset-el-ferda-et-imerhane-enchantent-lopera-dalger\\\/#primaryimage\"},\"thumbnailUrl\":\"https:\\\/\\\/lasentinelle.dz\\\/wp-content\\\/uploads\\\/2025\\\/03\\\/ferda.jpg\",\"datePublished\":\"2025-03-19T11:37:43+00:00\",\"breadcrumb\":{\"@id\":\"https:\\\/\\\/lasentinelle.dz\\\/index.php\\\/2025\\\/03\\\/19\\\/voyage-musical-entre-bechar-et-tamanrasset-el-ferda-et-imerhane-enchantent-lopera-dalger\\\/#breadcrumb\"},\"inLanguage\":\"fr-FR\",\"potentialAction\":[{\"@type\":\"ReadAction\",\"target\":[\"https:\\\/\\\/lasentinelle.dz\\\/index.php\\\/2025\\\/03\\\/19\\\/voyage-musical-entre-bechar-et-tamanrasset-el-ferda-et-imerhane-enchantent-lopera-dalger\\\/\"]}]},{\"@type\":\"ImageObject\",\"inLanguage\":\"fr-FR\",\"@id\":\"https:\\\/\\\/lasentinelle.dz\\\/index.php\\\/2025\\\/03\\\/19\\\/voyage-musical-entre-bechar-et-tamanrasset-el-ferda-et-imerhane-enchantent-lopera-dalger\\\/#primaryimage\",\"url\":\"https:\\\/\\\/lasentinelle.dz\\\/wp-content\\\/uploads\\\/2025\\\/03\\\/ferda.jpg\",\"contentUrl\":\"https:\\\/\\\/lasentinelle.dz\\\/wp-content\\\/uploads\\\/2025\\\/03\\\/ferda.jpg\",\"width\":1440,\"height\":1080},{\"@type\":\"BreadcrumbList\",\"@id\":\"https:\\\/\\\/lasentinelle.dz\\\/index.php\\\/2025\\\/03\\\/19\\\/voyage-musical-entre-bechar-et-tamanrasset-el-ferda-et-imerhane-enchantent-lopera-dalger\\\/#breadcrumb\",\"itemListElement\":[{\"@type\":\"ListItem\",\"position\":1,\"name\":\"Accueil\",\"item\":\"https:\\\/\\\/lasentinelle.dz\\\/\"},{\"@type\":\"ListItem\",\"position\":2,\"name\":\"Voyage musical entre B\u00e9char et Tamanrasset : El Ferda et Imerhane enchantent l&rsquo;Op\u00e9ra d&rsquo;Alger\"}]},{\"@type\":\"WebSite\",\"@id\":\"https:\\\/\\\/lasentinelle.dz\\\/#website\",\"url\":\"https:\\\/\\\/lasentinelle.dz\\\/\",\"name\":\"La Sentinelle\",\"description\":\"Quotidien national d&#039;information\",\"publisher\":{\"@id\":\"https:\\\/\\\/lasentinelle.dz\\\/#organization\"},\"potentialAction\":[{\"@type\":\"SearchAction\",\"target\":{\"@type\":\"EntryPoint\",\"urlTemplate\":\"https:\\\/\\\/lasentinelle.dz\\\/?s={search_term_string}\"},\"query-input\":{\"@type\":\"PropertyValueSpecification\",\"valueRequired\":true,\"valueName\":\"search_term_string\"}}],\"inLanguage\":\"fr-FR\"},{\"@type\":\"Organization\",\"@id\":\"https:\\\/\\\/lasentinelle.dz\\\/#organization\",\"name\":\"Quotidien La Sentinelle\",\"url\":\"https:\\\/\\\/lasentinelle.dz\\\/\",\"logo\":{\"@type\":\"ImageObject\",\"inLanguage\":\"fr-FR\",\"@id\":\"https:\\\/\\\/lasentinelle.dz\\\/#\\\/schema\\\/logo\\\/image\\\/\",\"url\":\"https:\\\/\\\/lasentinelle.dz\\\/wp-content\\\/uploads\\\/2021\\\/09\\\/logo-sentinelleSLOGAN-1.png\",\"contentUrl\":\"https:\\\/\\\/lasentinelle.dz\\\/wp-content\\\/uploads\\\/2021\\\/09\\\/logo-sentinelleSLOGAN-1.png\",\"width\":615,\"height\":142,\"caption\":\"Quotidien La Sentinelle\"},\"image\":{\"@id\":\"https:\\\/\\\/lasentinelle.dz\\\/#\\\/schema\\\/logo\\\/image\\\/\"},\"sameAs\":[\"https:\\\/\\\/www.facebook.com\\\/La-Sentinelle-104059864394773\"]},{\"@type\":\"Person\",\"@id\":\"https:\\\/\\\/lasentinelle.dz\\\/#\\\/schema\\\/person\\\/729ee0024f24e0b8c5ec17232f8e8b41\",\"name\":\"admin\",\"image\":{\"@type\":\"ImageObject\",\"inLanguage\":\"fr-FR\",\"@id\":\"https:\\\/\\\/secure.gravatar.com\\\/avatar\\\/4c81fed838786e9b53f540bf46533e750f5d292099ae3b66cfc6fb1982e29df7?s=96&d=mm&r=g\",\"url\":\"https:\\\/\\\/secure.gravatar.com\\\/avatar\\\/4c81fed838786e9b53f540bf46533e750f5d292099ae3b66cfc6fb1982e29df7?s=96&d=mm&r=g\",\"contentUrl\":\"https:\\\/\\\/secure.gravatar.com\\\/avatar\\\/4c81fed838786e9b53f540bf46533e750f5d292099ae3b66cfc6fb1982e29df7?s=96&d=mm&r=g\",\"caption\":\"admin\"},\"description\":\"admin\",\"url\":\"https:\\\/\\\/lasentinelle.dz\\\/author\\\/admin\\\/\"}]}<\/script>\n<!-- \/ Yoast SEO plugin. -->","yoast_head_json":{"title":"Voyage musical entre B\u00e9char et Tamanrasset : El Ferda et Imerhane enchantent l&rsquo;Op\u00e9ra d&rsquo;Alger - La Sentinelle","robots":{"index":"index","follow":"follow","max-snippet":"max-snippet:-1","max-image-preview":"max-image-preview:large","max-video-preview":"max-video-preview:-1"},"canonical":"https:\/\/lasentinelle.dz\/index.php\/2025\/03\/19\/voyage-musical-entre-bechar-et-tamanrasset-el-ferda-et-imerhane-enchantent-lopera-dalger\/","og_locale":"fr_FR","og_type":"article","og_title":"Voyage musical entre B\u00e9char et Tamanrasset : El Ferda et Imerhane enchantent l&rsquo;Op\u00e9ra d&rsquo;Alger - La Sentinelle","og_description":"L&rsquo;Op\u00e9ra d&rsquo;Alger Boualem-Bessaih a vibr\u00e9 lundi soir aux rythmes authentiques et envo\u00fbtants des &nbsp;Ensembles \u00ab\u00a0El Ferda\u00a0\u00bb de B\u00e9char et \u00ab\u00a0Imerhane\u00a0\u00bb","og_url":"https:\/\/lasentinelle.dz\/index.php\/2025\/03\/19\/voyage-musical-entre-bechar-et-tamanrasset-el-ferda-et-imerhane-enchantent-lopera-dalger\/","og_site_name":"La Sentinelle","article_publisher":"https:\/\/www.facebook.com\/La-Sentinelle-104059864394773","article_published_time":"2025-03-19T11:37:43+00:00","og_image":[{"width":1440,"height":1080,"url":"https:\/\/lasentinelle.dz\/wp-content\/uploads\/2025\/03\/ferda.jpg","type":"image\/jpeg"}],"author":"admin","twitter_card":"summary_large_image","twitter_misc":{"\u00c9crit par":"admin","Dur\u00e9e de lecture estim\u00e9e":"4 minutes"},"schema":{"@context":"https:\/\/schema.org","@graph":[{"@type":"Article","@id":"https:\/\/lasentinelle.dz\/index.php\/2025\/03\/19\/voyage-musical-entre-bechar-et-tamanrasset-el-ferda-et-imerhane-enchantent-lopera-dalger\/#article","isPartOf":{"@id":"https:\/\/lasentinelle.dz\/index.php\/2025\/03\/19\/voyage-musical-entre-bechar-et-tamanrasset-el-ferda-et-imerhane-enchantent-lopera-dalger\/"},"author":{"name":"admin","@id":"https:\/\/lasentinelle.dz\/#\/schema\/person\/729ee0024f24e0b8c5ec17232f8e8b41"},"headline":"Voyage musical entre B\u00e9char et Tamanrasset : El Ferda et Imerhane enchantent l&rsquo;Op\u00e9ra d&rsquo;Alger","datePublished":"2025-03-19T11:37:43+00:00","mainEntityOfPage":{"@id":"https:\/\/lasentinelle.dz\/index.php\/2025\/03\/19\/voyage-musical-entre-bechar-et-tamanrasset-el-ferda-et-imerhane-enchantent-lopera-dalger\/"},"wordCount":815,"commentCount":0,"publisher":{"@id":"https:\/\/lasentinelle.dz\/#organization"},"image":{"@id":"https:\/\/lasentinelle.dz\/index.php\/2025\/03\/19\/voyage-musical-entre-bechar-et-tamanrasset-el-ferda-et-imerhane-enchantent-lopera-dalger\/#primaryimage"},"thumbnailUrl":"https:\/\/lasentinelle.dz\/wp-content\/uploads\/2025\/03\/ferda.jpg","articleSection":["Culture"],"inLanguage":"fr-FR","potentialAction":[{"@type":"CommentAction","name":"Comment","target":["https:\/\/lasentinelle.dz\/index.php\/2025\/03\/19\/voyage-musical-entre-bechar-et-tamanrasset-el-ferda-et-imerhane-enchantent-lopera-dalger\/#respond"]}]},{"@type":"WebPage","@id":"https:\/\/lasentinelle.dz\/index.php\/2025\/03\/19\/voyage-musical-entre-bechar-et-tamanrasset-el-ferda-et-imerhane-enchantent-lopera-dalger\/","url":"https:\/\/lasentinelle.dz\/index.php\/2025\/03\/19\/voyage-musical-entre-bechar-et-tamanrasset-el-ferda-et-imerhane-enchantent-lopera-dalger\/","name":"Voyage musical entre B\u00e9char et Tamanrasset : El Ferda et Imerhane enchantent l&rsquo;Op\u00e9ra d&rsquo;Alger - La Sentinelle","isPartOf":{"@id":"https:\/\/lasentinelle.dz\/#website"},"primaryImageOfPage":{"@id":"https:\/\/lasentinelle.dz\/index.php\/2025\/03\/19\/voyage-musical-entre-bechar-et-tamanrasset-el-ferda-et-imerhane-enchantent-lopera-dalger\/#primaryimage"},"image":{"@id":"https:\/\/lasentinelle.dz\/index.php\/2025\/03\/19\/voyage-musical-entre-bechar-et-tamanrasset-el-ferda-et-imerhane-enchantent-lopera-dalger\/#primaryimage"},"thumbnailUrl":"https:\/\/lasentinelle.dz\/wp-content\/uploads\/2025\/03\/ferda.jpg","datePublished":"2025-03-19T11:37:43+00:00","breadcrumb":{"@id":"https:\/\/lasentinelle.dz\/index.php\/2025\/03\/19\/voyage-musical-entre-bechar-et-tamanrasset-el-ferda-et-imerhane-enchantent-lopera-dalger\/#breadcrumb"},"inLanguage":"fr-FR","potentialAction":[{"@type":"ReadAction","target":["https:\/\/lasentinelle.dz\/index.php\/2025\/03\/19\/voyage-musical-entre-bechar-et-tamanrasset-el-ferda-et-imerhane-enchantent-lopera-dalger\/"]}]},{"@type":"ImageObject","inLanguage":"fr-FR","@id":"https:\/\/lasentinelle.dz\/index.php\/2025\/03\/19\/voyage-musical-entre-bechar-et-tamanrasset-el-ferda-et-imerhane-enchantent-lopera-dalger\/#primaryimage","url":"https:\/\/lasentinelle.dz\/wp-content\/uploads\/2025\/03\/ferda.jpg","contentUrl":"https:\/\/lasentinelle.dz\/wp-content\/uploads\/2025\/03\/ferda.jpg","width":1440,"height":1080},{"@type":"BreadcrumbList","@id":"https:\/\/lasentinelle.dz\/index.php\/2025\/03\/19\/voyage-musical-entre-bechar-et-tamanrasset-el-ferda-et-imerhane-enchantent-lopera-dalger\/#breadcrumb","itemListElement":[{"@type":"ListItem","position":1,"name":"Accueil","item":"https:\/\/lasentinelle.dz\/"},{"@type":"ListItem","position":2,"name":"Voyage musical entre B\u00e9char et Tamanrasset : El Ferda et Imerhane enchantent l&rsquo;Op\u00e9ra d&rsquo;Alger"}]},{"@type":"WebSite","@id":"https:\/\/lasentinelle.dz\/#website","url":"https:\/\/lasentinelle.dz\/","name":"La Sentinelle","description":"Quotidien national d&#039;information","publisher":{"@id":"https:\/\/lasentinelle.dz\/#organization"},"potentialAction":[{"@type":"SearchAction","target":{"@type":"EntryPoint","urlTemplate":"https:\/\/lasentinelle.dz\/?s={search_term_string}"},"query-input":{"@type":"PropertyValueSpecification","valueRequired":true,"valueName":"search_term_string"}}],"inLanguage":"fr-FR"},{"@type":"Organization","@id":"https:\/\/lasentinelle.dz\/#organization","name":"Quotidien La Sentinelle","url":"https:\/\/lasentinelle.dz\/","logo":{"@type":"ImageObject","inLanguage":"fr-FR","@id":"https:\/\/lasentinelle.dz\/#\/schema\/logo\/image\/","url":"https:\/\/lasentinelle.dz\/wp-content\/uploads\/2021\/09\/logo-sentinelleSLOGAN-1.png","contentUrl":"https:\/\/lasentinelle.dz\/wp-content\/uploads\/2021\/09\/logo-sentinelleSLOGAN-1.png","width":615,"height":142,"caption":"Quotidien La Sentinelle"},"image":{"@id":"https:\/\/lasentinelle.dz\/#\/schema\/logo\/image\/"},"sameAs":["https:\/\/www.facebook.com\/La-Sentinelle-104059864394773"]},{"@type":"Person","@id":"https:\/\/lasentinelle.dz\/#\/schema\/person\/729ee0024f24e0b8c5ec17232f8e8b41","name":"admin","image":{"@type":"ImageObject","inLanguage":"fr-FR","@id":"https:\/\/secure.gravatar.com\/avatar\/4c81fed838786e9b53f540bf46533e750f5d292099ae3b66cfc6fb1982e29df7?s=96&d=mm&r=g","url":"https:\/\/secure.gravatar.com\/avatar\/4c81fed838786e9b53f540bf46533e750f5d292099ae3b66cfc6fb1982e29df7?s=96&d=mm&r=g","contentUrl":"https:\/\/secure.gravatar.com\/avatar\/4c81fed838786e9b53f540bf46533e750f5d292099ae3b66cfc6fb1982e29df7?s=96&d=mm&r=g","caption":"admin"},"description":"admin","url":"https:\/\/lasentinelle.dz\/author\/admin\/"}]}},"_links":{"self":[{"href":"https:\/\/lasentinelle.dz\/index.php\/wp-json\/wp\/v2\/posts\/64530","targetHints":{"allow":["GET"]}}],"collection":[{"href":"https:\/\/lasentinelle.dz\/index.php\/wp-json\/wp\/v2\/posts"}],"about":[{"href":"https:\/\/lasentinelle.dz\/index.php\/wp-json\/wp\/v2\/types\/post"}],"author":[{"embeddable":true,"href":"https:\/\/lasentinelle.dz\/index.php\/wp-json\/wp\/v2\/users\/6"}],"replies":[{"embeddable":true,"href":"https:\/\/lasentinelle.dz\/index.php\/wp-json\/wp\/v2\/comments?post=64530"}],"version-history":[{"count":2,"href":"https:\/\/lasentinelle.dz\/index.php\/wp-json\/wp\/v2\/posts\/64530\/revisions"}],"predecessor-version":[{"id":64533,"href":"https:\/\/lasentinelle.dz\/index.php\/wp-json\/wp\/v2\/posts\/64530\/revisions\/64533"}],"wp:featuredmedia":[{"embeddable":true,"href":"https:\/\/lasentinelle.dz\/index.php\/wp-json\/wp\/v2\/media\/64531"}],"wp:attachment":[{"href":"https:\/\/lasentinelle.dz\/index.php\/wp-json\/wp\/v2\/media?parent=64530"}],"wp:term":[{"taxonomy":"category","embeddable":true,"href":"https:\/\/lasentinelle.dz\/index.php\/wp-json\/wp\/v2\/categories?post=64530"},{"taxonomy":"post_tag","embeddable":true,"href":"https:\/\/lasentinelle.dz\/index.php\/wp-json\/wp\/v2\/tags?post=64530"}],"curies":[{"name":"wp","href":"https:\/\/api.w.org\/{rel}","templated":true}]}}