{"id":64562,"date":"2025-03-19T12:49:00","date_gmt":"2025-03-19T11:49:00","guid":{"rendered":"https:\/\/lasentinelle.dz\/?p=64562"},"modified":"2025-03-19T12:49:00","modified_gmt":"2025-03-19T11:49:00","slug":"le-ministere-de-lindustrie-signe-un-accord-avec-treize-constructeurs-automobiles-jeter-les-bases-dune-industrie-automobile-locale-solide","status":"publish","type":"post","link":"https:\/\/lasentinelle.dz\/index.php\/2025\/03\/19\/le-ministere-de-lindustrie-signe-un-accord-avec-treize-constructeurs-automobiles-jeter-les-bases-dune-industrie-automobile-locale-solide\/","title":{"rendered":"Le minist\u00e8re de l&rsquo;Industrie signe un accord avec treize constructeurs automobiles : Jeter les bases d&rsquo;une industrie automobile locale solide"},"content":{"rendered":"\n<p>Un protocole d&rsquo;accord a \u00e9t\u00e9 conclu entre le minist\u00e8re de l&rsquo;Industrie et treize constructeurs automobiles, tant \u00e9trangers que locaux, avec pour objectif l&rsquo;int\u00e9gration progressive de composants produits localement et l&rsquo;accompagnement des fabricants nationaux dans l&rsquo;obtention des certifications et homologations n\u00e9cessaires pour leurs produits.<\/p>\n\n\n\n<p>L&rsquo;Alg\u00e9rie a franchi une nouvelle \u00e9tape dans sa strat\u00e9gie de d\u00e9veloppement d&rsquo;une industrie automobile nationale avec la signature, hier \u00e0 Alger, d&rsquo;accords visant \u00e0 dynamiser la production locale de pi\u00e8ces d\u00e9tach\u00e9es et leur int\u00e9gration progressive dans le secteur automobile du pays. Ces accords s&rsquo;inscrivent dans une vision globale de transformation du secteur, conform\u00e9ment aux directives du pr\u00e9sident Abdelmadjid Tebboune, qui ambitionne de cr\u00e9er une industrie automobile \u00ab\u00a0v\u00e9ritable\u00a0\u00bb, reposant sur des bases solides et durables. La c\u00e9r\u00e9monie de signature s&rsquo;est d\u00e9roul\u00e9e au si\u00e8ge du minist\u00e8re de l&rsquo;Industrie, en pr\u00e9sence du ministre du secteur, Sifi Ghrieb, et du ministre de l&rsquo;\u00c9conomie de la connaissance, des Start-ups et des Micro-entreprises, Noureddine Ouadah. Le protocole d&rsquo;accord principal a \u00e9t\u00e9 conclu entre le minist\u00e8re de l&rsquo;Industrie et treize constructeurs automobiles, tant \u00e9trangers que locaux, avec pour objectif l&rsquo;int\u00e9gration progressive de composants produits localement et l&rsquo;accompagnement des fabricants nationaux dans l&rsquo;obtention des certifications et homologations n\u00e9cessaires pour leurs produits. Parmi les accords sign\u00e9s figure \u00e9galement un contrat de sous-traitance entre \u00ab\u00a0Stellantis Alg\u00e9rie\u00a0\u00bb et la start-up \u00ab\u00a0Idnet\u00a0\u00bb, sp\u00e9cialis\u00e9e dans la fabrication de c\u00e2bles, ainsi qu&rsquo;un accord similaire entre Stellantis et l&rsquo;entreprise \u00ab\u00a0Algeria Ham Motors\u00a0\u00bb, sp\u00e9cialis\u00e9e dans la production de composants plastiques. Ces partenariats visent \u00e0 approvisionner l&rsquo;usine Fiat d&rsquo;Oran en pi\u00e8ces et accessoires fabriqu\u00e9s localement. Dans son allocution, le ministre de l&rsquo;Industrie a qualifi\u00e9 ces accords d'\u00a0\u00bb\u00e9tape charni\u00e8re\u00a0\u00bb dans la mise en \u0153uvre des directives pr\u00e9sidentielles, soulignant qu&rsquo;ils refl\u00e8tent \u00ab\u00a0la forte volont\u00e9 de r\u00e9duire la d\u00e9pendance vis-\u00e0-vis de l&rsquo;\u00e9tranger et de renforcer la comp\u00e9titivit\u00e9 de nos produits\u00a0\u00bb. Selon lui, cette d\u00e9marche \u00ab\u00a0garantit la r\u00e9alisation des objectifs strat\u00e9giques fix\u00e9s par le minist\u00e8re\u00a0\u00bb, notamment le renforcement de l&rsquo;int\u00e9gration locale, le respect des clauses du cahier des charges qui met l&rsquo;accent sur l&rsquo;augmentation progressive du taux d&rsquo;int\u00e9gration locale, ainsi que la promotion de la fili\u00e8re de fabrication des pi\u00e8ces d\u00e9tach\u00e9es. Ces accords visent \u00e0 atteindre plusieurs objectifs strat\u00e9giques, notamment \u00ab\u00a0renforcer l&rsquo;int\u00e9gration locale en permettant aux fabricants de s&rsquo;appuyer sur les produits nationaux et de r\u00e9duire l&rsquo;importation de composants, garantir la conformit\u00e9 aux sp\u00e9cifications du cahier des charges, particuli\u00e8rement les dispositions relatives \u00e0 l&rsquo;augmentation progressive du taux d&rsquo;int\u00e9gration, soutenir l&rsquo;industrie des pi\u00e8ces d\u00e9tach\u00e9es en cr\u00e9ant un environnement favorable aux fabricants de composants pour int\u00e9grer la cha\u00eene de production nationale et internationale, encourager la coop\u00e9ration entre les constructeurs automobiles et les fabricants de pi\u00e8ces d\u00e9tach\u00e9es et accessoires pour assurer une production de haute qualit\u00e9 conforme aux normes techniques requises, et permettre aux fabricants de pi\u00e8ces d\u00e9tach\u00e9es et accessoires d&rsquo;obtenir les certifications techniques approuv\u00e9es par les constructeurs automobiles.\u00a0\u00bb M. Ghrieb a pr\u00e9cis\u00e9 que son d\u00e9partement minist\u00e9riel s&rsquo;engage, dans le cadre de ce protocole, \u00e0 \u00ab\u00a0accompagner les fabricants dans leurs efforts pour d\u00e9velopper les cha\u00eenes d&rsquo;approvisionnement, faciliter les proc\u00e9dures administratives et veiller \u00e0 garantir la conformit\u00e9 technique n\u00e9cessaire, dans le but d&rsquo;\u00e9lever cette industrie \u00e0 des niveaux sup\u00e9rieurs de qualit\u00e9 et d&rsquo;innovation\u00a0\u00bb. Le ministre a soulign\u00e9 que \u00ab\u00a0la r\u00e9alisation d&rsquo;une industrie nationale avanc\u00e9e de v\u00e9hicules n\u00e9cessite d&rsquo;intensifier les efforts entre tous les acteurs et de cr\u00e9er un environnement d&rsquo;investissement attractif bas\u00e9 sur le partenariat entre les secteurs public et priv\u00e9, tout en fournissant un cadre r\u00e9glementaire incitatif qui garantit une croissance durable de ce secteur vital\u00a0\u00bb. En conclusion de son intervention, le ministre a r\u00e9affirm\u00e9 \u00ab\u00a0l&rsquo;engagement du minist\u00e8re de l&rsquo;Industrie \u00e0 soutenir toutes les initiatives visant \u00e0 d\u00e9velopper ce domaine et \u00e0 travailler avec les partenaires pour r\u00e9aliser une vision industrielle int\u00e9gr\u00e9e qui contribue \u00e0 cr\u00e9er de nouveaux emplois et renforce la position de l&rsquo;Alg\u00e9rie sur le march\u00e9 de la fabrication automobile aux niveaux local et international\u00a0\u00bb. De son c\u00f4t\u00e9, le ministre de l&rsquo;\u00c9conomie de la connaissance a affirm\u00e9 que son secteur est \u00ab\u00a0mobilis\u00e9\u00a0\u00bb pour mettre les start-ups et les micro-entreprises au service des besoins des industriels en mati\u00e8re de sous-traitance dans le secteur de la fabrication automobile. Il a exprim\u00e9 sa fiert\u00e9 de voir son d\u00e9partement minist\u00e9riel participer \u00e0 \u00ab\u00a0la construction d&rsquo;une industrie nationale dot\u00e9e d&rsquo;une haute comp\u00e9tence technique et d&rsquo;une valeur \u00e9conomique comp\u00e9titive\u00a0\u00bb. Ces r\u00e9centes signatures s&rsquo;inscrivent dans une dynamique plus large initi\u00e9e au d\u00e9but du mois de mars avec la conclusion d&rsquo;un accord strat\u00e9gique entre l&rsquo;Entreprise nationale de tubes et transformation de produits plats \u00ab\u00a0Anabib\u00a0\u00bb et la soci\u00e9t\u00e9 chinoise \u00ab\u00a0Auto Lumiar\u00a0\u00bb pour la production de pi\u00e8ces d\u00e9tach\u00e9es automobiles. Le minist\u00e8re de l&rsquo;Industrie a \u00e9galement r\u00e9cemment mis en place deux commissions d\u00e9di\u00e9es \u00e0 la structuration de la fili\u00e8re des pi\u00e8ces d\u00e9tach\u00e9es, t\u00e9moignant de la volont\u00e9 des pouvoirs publics de cr\u00e9er un \u00e9cosyst\u00e8me industriel coh\u00e9rent et comp\u00e9titif dans le secteur automobile, alors que plusieurs constructeurs manifestent leur intention d&rsquo;\u00e9tablir des unit\u00e9s de production en Alg\u00e9rie. La premi\u00e8re commission, dite d&rsquo;orientation, aura pour mission de d\u00e9finir la strat\u00e9gie globale et d&rsquo;assurer la coordination entre les acteurs \u00e9conomiques, tandis que la seconde, ax\u00e9e sur les \u00e9tudes et l&rsquo;ing\u00e9nierie, sera charg\u00e9e des aspects techniques, notamment la d\u00e9finition des normes et standards de qualit\u00e9. Ces deux instances travailleront \u00e9galement \u00e0 l&rsquo;\u00e9tablissement de crit\u00e8res pr\u00e9cis pour mesurer le taux d&rsquo;int\u00e9gration nationale dans la production de pi\u00e8ces d\u00e9tach\u00e9es et de v\u00e9hicules. L&rsquo;exemple de Stellantis illustre parfaitement cette nouvelle dynamique industrielle. Le groupe a d\u00e9velopp\u00e9 des partenariats avec deux universit\u00e9s et sept centres de formation pour accompagner les talents qui fa\u00e7onneront l&rsquo;industrie automobile alg\u00e9rienne de demain. Sa strat\u00e9gie en Alg\u00e9rie s&rsquo;appuie sur une approche de localisation profonde et durable. Le constructeur a d\u00e9j\u00e0 nomm\u00e9 cinq sous-traitants locaux \u2013 FERRUZ, IRIS TYRES, IDE-NET, GHAZAL et SAREL INDUSTRIES \u2013 permettant \u00e0 son usine d&rsquo;atteindre plus de 10% de taux d&rsquo;int\u00e9gration d\u00e8s 2024, soit un an avant le seuil r\u00e9glementaire pr\u00e9vu par le cahier des charges r\u00e9gissant l&rsquo;activit\u00e9 de construction automobile en Alg\u00e9rie. Cette extension permettra le lancement de la production en CKD (Completely Knocked Down) des v\u00e9hicules de la marque Fiat, marquant ainsi une nouvelle \u00e9tape dans la strat\u00e9gie d&rsquo;ancrage local du groupe. Apr\u00e8s cette premi\u00e8re ann\u00e9e jug\u00e9e concluante, Stellantis affiche des ambitions consid\u00e9rables avec un objectif de production de 60 000 v\u00e9hicules en 2025 et 90 000 en 2026, accompagn\u00e9 d&rsquo;un taux d&rsquo;int\u00e9gration vis\u00e9 d\u00e9passant les 30%. Cette strat\u00e9gie globale de d\u00e9veloppement de l&rsquo;industrie automobile alg\u00e9rienne t\u00e9moigne d&rsquo;une volont\u00e9 politique forte de diversifier l&rsquo;\u00e9conomie nationale, longtemps d\u00e9pendante des hydrocarbures, et de cr\u00e9er un secteur industriel comp\u00e9titif capable de g\u00e9n\u00e9rer des emplois qualifi\u00e9s et de r\u00e9duire la facture des importations. L&rsquo;accent mis sur l&rsquo;int\u00e9gration locale et la sous-traitance nationale refl\u00e8te une approche structur\u00e9e visant \u00e0 maximiser les retomb\u00e9es \u00e9conomiques de ces investissements pour l&rsquo;ensemble du tissu industriel alg\u00e9rien.<\/p>\n\n\n\n<p>Sabrina Aziouez<\/p>\n","protected":false},"excerpt":{"rendered":"<p>Un protocole d&rsquo;accord a \u00e9t\u00e9 conclu entre le minist\u00e8re de l&rsquo;Industrie et treize constructeurs automobiles, tant \u00e9trangers que locaux, avec<\/p>\n","protected":false},"author":6,"featured_media":64563,"comment_status":"open","ping_status":"closed","sticky":false,"template":"","format":"standard","meta":{"colormag_page_container_layout":"default_layout","colormag_page_sidebar_layout":"default_layout","om_disable_all_campaigns":false,"_monsterinsights_skip_tracking":false,"_monsterinsights_sitenote_active":false,"_monsterinsights_sitenote_note":"","_monsterinsights_sitenote_category":0,"footnotes":"","_wpscppro_dont_share_socialmedia":false,"_wpscppro_custom_social_share_image":0,"_facebook_share_type":"default","_twitter_share_type":"default","_linkedin_share_type":"default","_pinterest_share_type":"default","_linkedin_share_type_page":"","_instagram_share_type":"default","_medium_share_type":"default","_threads_share_type":"","_google_business_share_type":"","_selected_social_profile":[],"_wpsp_enable_custom_social_template":false,"_wpsp_social_scheduling":{"enabled":false,"datetime":null,"platforms":[],"status":"template_only","dateOption":"today","timeOption":"now","customDays":"","customHours":"","customDate":"","customTime":"","schedulingType":"absolute"},"_wpsp_active_default_template":true},"categories":[52,29],"tags":[],"class_list":["post-64562","post","type-post","status-publish","format-standard","has-post-thumbnail","hentry","category-a-la-une","category-economie"],"aioseo_notices":[],"yoast_head":"<!-- This site is optimized with the Yoast SEO plugin v27.5 - https:\/\/yoast.com\/product\/yoast-seo-wordpress\/ -->\n<title>Le minist\u00e8re de l&rsquo;Industrie signe un accord avec treize constructeurs automobiles : Jeter les bases d&rsquo;une industrie automobile locale solide - La Sentinelle<\/title>\n<meta name=\"robots\" content=\"index, follow, max-snippet:-1, max-image-preview:large, max-video-preview:-1\" \/>\n<link rel=\"canonical\" href=\"https:\/\/lasentinelle.dz\/index.php\/2025\/03\/19\/le-ministere-de-lindustrie-signe-un-accord-avec-treize-constructeurs-automobiles-jeter-les-bases-dune-industrie-automobile-locale-solide\/\" \/>\n<meta property=\"og:locale\" content=\"fr_FR\" \/>\n<meta property=\"og:type\" content=\"article\" \/>\n<meta property=\"og:title\" content=\"Le minist\u00e8re de l&rsquo;Industrie signe un accord avec treize constructeurs automobiles : Jeter les bases d&rsquo;une industrie automobile locale solide - La Sentinelle\" \/>\n<meta property=\"og:description\" content=\"Un protocole d&rsquo;accord a \u00e9t\u00e9 conclu entre le minist\u00e8re de l&rsquo;Industrie et treize constructeurs automobiles, tant \u00e9trangers que locaux, avec\" \/>\n<meta property=\"og:url\" content=\"https:\/\/lasentinelle.dz\/index.php\/2025\/03\/19\/le-ministere-de-lindustrie-signe-un-accord-avec-treize-constructeurs-automobiles-jeter-les-bases-dune-industrie-automobile-locale-solide\/\" \/>\n<meta property=\"og:site_name\" content=\"La Sentinelle\" \/>\n<meta property=\"article:publisher\" content=\"https:\/\/www.facebook.com\/La-Sentinelle-104059864394773\" \/>\n<meta property=\"article:published_time\" content=\"2025-03-19T11:49:00+00:00\" \/>\n<meta property=\"og:image\" content=\"https:\/\/lasentinelle.dz\/wp-content\/uploads\/2025\/03\/accords.jpg\" \/>\n\t<meta property=\"og:image:width\" content=\"1600\" \/>\n\t<meta property=\"og:image:height\" content=\"1051\" \/>\n\t<meta property=\"og:image:type\" content=\"image\/jpeg\" \/>\n<meta name=\"author\" content=\"admin\" \/>\n<meta name=\"twitter:card\" content=\"summary_large_image\" \/>\n<meta name=\"twitter:label1\" content=\"\u00c9crit par\" \/>\n\t<meta name=\"twitter:data1\" content=\"admin\" \/>\n\t<meta name=\"twitter:label2\" content=\"Dur\u00e9e de lecture estim\u00e9e\" \/>\n\t<meta name=\"twitter:data2\" content=\"6 minutes\" \/>\n<script type=\"application\/ld+json\" class=\"yoast-schema-graph\">{\"@context\":\"https:\\\/\\\/schema.org\",\"@graph\":[{\"@type\":\"Article\",\"@id\":\"https:\\\/\\\/lasentinelle.dz\\\/index.php\\\/2025\\\/03\\\/19\\\/le-ministere-de-lindustrie-signe-un-accord-avec-treize-constructeurs-automobiles-jeter-les-bases-dune-industrie-automobile-locale-solide\\\/#article\",\"isPartOf\":{\"@id\":\"https:\\\/\\\/lasentinelle.dz\\\/index.php\\\/2025\\\/03\\\/19\\\/le-ministere-de-lindustrie-signe-un-accord-avec-treize-constructeurs-automobiles-jeter-les-bases-dune-industrie-automobile-locale-solide\\\/\"},\"author\":{\"name\":\"admin\",\"@id\":\"https:\\\/\\\/lasentinelle.dz\\\/#\\\/schema\\\/person\\\/729ee0024f24e0b8c5ec17232f8e8b41\"},\"headline\":\"Le minist\u00e8re de l&rsquo;Industrie signe un accord avec treize constructeurs automobiles : Jeter les bases d&rsquo;une industrie automobile locale solide\",\"datePublished\":\"2025-03-19T11:49:00+00:00\",\"mainEntityOfPage\":{\"@id\":\"https:\\\/\\\/lasentinelle.dz\\\/index.php\\\/2025\\\/03\\\/19\\\/le-ministere-de-lindustrie-signe-un-accord-avec-treize-constructeurs-automobiles-jeter-les-bases-dune-industrie-automobile-locale-solide\\\/\"},\"wordCount\":1348,\"commentCount\":0,\"publisher\":{\"@id\":\"https:\\\/\\\/lasentinelle.dz\\\/#organization\"},\"image\":{\"@id\":\"https:\\\/\\\/lasentinelle.dz\\\/index.php\\\/2025\\\/03\\\/19\\\/le-ministere-de-lindustrie-signe-un-accord-avec-treize-constructeurs-automobiles-jeter-les-bases-dune-industrie-automobile-locale-solide\\\/#primaryimage\"},\"thumbnailUrl\":\"https:\\\/\\\/lasentinelle.dz\\\/wp-content\\\/uploads\\\/2025\\\/03\\\/accords.jpg\",\"articleSection\":[\"\u00c0 la Une\",\"\u00c9conomie\"],\"inLanguage\":\"fr-FR\",\"potentialAction\":[{\"@type\":\"CommentAction\",\"name\":\"Comment\",\"target\":[\"https:\\\/\\\/lasentinelle.dz\\\/index.php\\\/2025\\\/03\\\/19\\\/le-ministere-de-lindustrie-signe-un-accord-avec-treize-constructeurs-automobiles-jeter-les-bases-dune-industrie-automobile-locale-solide\\\/#respond\"]}]},{\"@type\":\"WebPage\",\"@id\":\"https:\\\/\\\/lasentinelle.dz\\\/index.php\\\/2025\\\/03\\\/19\\\/le-ministere-de-lindustrie-signe-un-accord-avec-treize-constructeurs-automobiles-jeter-les-bases-dune-industrie-automobile-locale-solide\\\/\",\"url\":\"https:\\\/\\\/lasentinelle.dz\\\/index.php\\\/2025\\\/03\\\/19\\\/le-ministere-de-lindustrie-signe-un-accord-avec-treize-constructeurs-automobiles-jeter-les-bases-dune-industrie-automobile-locale-solide\\\/\",\"name\":\"Le minist\u00e8re de l&rsquo;Industrie signe un accord avec treize constructeurs automobiles : Jeter les bases d&rsquo;une industrie automobile locale solide - La Sentinelle\",\"isPartOf\":{\"@id\":\"https:\\\/\\\/lasentinelle.dz\\\/#website\"},\"primaryImageOfPage\":{\"@id\":\"https:\\\/\\\/lasentinelle.dz\\\/index.php\\\/2025\\\/03\\\/19\\\/le-ministere-de-lindustrie-signe-un-accord-avec-treize-constructeurs-automobiles-jeter-les-bases-dune-industrie-automobile-locale-solide\\\/#primaryimage\"},\"image\":{\"@id\":\"https:\\\/\\\/lasentinelle.dz\\\/index.php\\\/2025\\\/03\\\/19\\\/le-ministere-de-lindustrie-signe-un-accord-avec-treize-constructeurs-automobiles-jeter-les-bases-dune-industrie-automobile-locale-solide\\\/#primaryimage\"},\"thumbnailUrl\":\"https:\\\/\\\/lasentinelle.dz\\\/wp-content\\\/uploads\\\/2025\\\/03\\\/accords.jpg\",\"datePublished\":\"2025-03-19T11:49:00+00:00\",\"breadcrumb\":{\"@id\":\"https:\\\/\\\/lasentinelle.dz\\\/index.php\\\/2025\\\/03\\\/19\\\/le-ministere-de-lindustrie-signe-un-accord-avec-treize-constructeurs-automobiles-jeter-les-bases-dune-industrie-automobile-locale-solide\\\/#breadcrumb\"},\"inLanguage\":\"fr-FR\",\"potentialAction\":[{\"@type\":\"ReadAction\",\"target\":[\"https:\\\/\\\/lasentinelle.dz\\\/index.php\\\/2025\\\/03\\\/19\\\/le-ministere-de-lindustrie-signe-un-accord-avec-treize-constructeurs-automobiles-jeter-les-bases-dune-industrie-automobile-locale-solide\\\/\"]}]},{\"@type\":\"ImageObject\",\"inLanguage\":\"fr-FR\",\"@id\":\"https:\\\/\\\/lasentinelle.dz\\\/index.php\\\/2025\\\/03\\\/19\\\/le-ministere-de-lindustrie-signe-un-accord-avec-treize-constructeurs-automobiles-jeter-les-bases-dune-industrie-automobile-locale-solide\\\/#primaryimage\",\"url\":\"https:\\\/\\\/lasentinelle.dz\\\/wp-content\\\/uploads\\\/2025\\\/03\\\/accords.jpg\",\"contentUrl\":\"https:\\\/\\\/lasentinelle.dz\\\/wp-content\\\/uploads\\\/2025\\\/03\\\/accords.jpg\",\"width\":1600,\"height\":1051},{\"@type\":\"BreadcrumbList\",\"@id\":\"https:\\\/\\\/lasentinelle.dz\\\/index.php\\\/2025\\\/03\\\/19\\\/le-ministere-de-lindustrie-signe-un-accord-avec-treize-constructeurs-automobiles-jeter-les-bases-dune-industrie-automobile-locale-solide\\\/#breadcrumb\",\"itemListElement\":[{\"@type\":\"ListItem\",\"position\":1,\"name\":\"Accueil\",\"item\":\"https:\\\/\\\/lasentinelle.dz\\\/\"},{\"@type\":\"ListItem\",\"position\":2,\"name\":\"Le minist\u00e8re de l&rsquo;Industrie signe un accord avec treize constructeurs automobiles : Jeter les bases d&rsquo;une industrie automobile locale solide\"}]},{\"@type\":\"WebSite\",\"@id\":\"https:\\\/\\\/lasentinelle.dz\\\/#website\",\"url\":\"https:\\\/\\\/lasentinelle.dz\\\/\",\"name\":\"La Sentinelle\",\"description\":\"Quotidien national d&#039;information\",\"publisher\":{\"@id\":\"https:\\\/\\\/lasentinelle.dz\\\/#organization\"},\"potentialAction\":[{\"@type\":\"SearchAction\",\"target\":{\"@type\":\"EntryPoint\",\"urlTemplate\":\"https:\\\/\\\/lasentinelle.dz\\\/?s={search_term_string}\"},\"query-input\":{\"@type\":\"PropertyValueSpecification\",\"valueRequired\":true,\"valueName\":\"search_term_string\"}}],\"inLanguage\":\"fr-FR\"},{\"@type\":\"Organization\",\"@id\":\"https:\\\/\\\/lasentinelle.dz\\\/#organization\",\"name\":\"Quotidien La Sentinelle\",\"url\":\"https:\\\/\\\/lasentinelle.dz\\\/\",\"logo\":{\"@type\":\"ImageObject\",\"inLanguage\":\"fr-FR\",\"@id\":\"https:\\\/\\\/lasentinelle.dz\\\/#\\\/schema\\\/logo\\\/image\\\/\",\"url\":\"https:\\\/\\\/lasentinelle.dz\\\/wp-content\\\/uploads\\\/2021\\\/09\\\/logo-sentinelleSLOGAN-1.png\",\"contentUrl\":\"https:\\\/\\\/lasentinelle.dz\\\/wp-content\\\/uploads\\\/2021\\\/09\\\/logo-sentinelleSLOGAN-1.png\",\"width\":615,\"height\":142,\"caption\":\"Quotidien La Sentinelle\"},\"image\":{\"@id\":\"https:\\\/\\\/lasentinelle.dz\\\/#\\\/schema\\\/logo\\\/image\\\/\"},\"sameAs\":[\"https:\\\/\\\/www.facebook.com\\\/La-Sentinelle-104059864394773\"]},{\"@type\":\"Person\",\"@id\":\"https:\\\/\\\/lasentinelle.dz\\\/#\\\/schema\\\/person\\\/729ee0024f24e0b8c5ec17232f8e8b41\",\"name\":\"admin\",\"image\":{\"@type\":\"ImageObject\",\"inLanguage\":\"fr-FR\",\"@id\":\"https:\\\/\\\/secure.gravatar.com\\\/avatar\\\/4c81fed838786e9b53f540bf46533e750f5d292099ae3b66cfc6fb1982e29df7?s=96&d=mm&r=g\",\"url\":\"https:\\\/\\\/secure.gravatar.com\\\/avatar\\\/4c81fed838786e9b53f540bf46533e750f5d292099ae3b66cfc6fb1982e29df7?s=96&d=mm&r=g\",\"contentUrl\":\"https:\\\/\\\/secure.gravatar.com\\\/avatar\\\/4c81fed838786e9b53f540bf46533e750f5d292099ae3b66cfc6fb1982e29df7?s=96&d=mm&r=g\",\"caption\":\"admin\"},\"description\":\"admin\",\"url\":\"https:\\\/\\\/lasentinelle.dz\\\/author\\\/admin\\\/\"}]}<\/script>\n<!-- \/ Yoast SEO plugin. -->","yoast_head_json":{"title":"Le minist\u00e8re de l&rsquo;Industrie signe un accord avec treize constructeurs automobiles : Jeter les bases d&rsquo;une industrie automobile locale solide - La Sentinelle","robots":{"index":"index","follow":"follow","max-snippet":"max-snippet:-1","max-image-preview":"max-image-preview:large","max-video-preview":"max-video-preview:-1"},"canonical":"https:\/\/lasentinelle.dz\/index.php\/2025\/03\/19\/le-ministere-de-lindustrie-signe-un-accord-avec-treize-constructeurs-automobiles-jeter-les-bases-dune-industrie-automobile-locale-solide\/","og_locale":"fr_FR","og_type":"article","og_title":"Le minist\u00e8re de l&rsquo;Industrie signe un accord avec treize constructeurs automobiles : Jeter les bases d&rsquo;une industrie automobile locale solide - La Sentinelle","og_description":"Un protocole d&rsquo;accord a \u00e9t\u00e9 conclu entre le minist\u00e8re de l&rsquo;Industrie et treize constructeurs automobiles, tant \u00e9trangers que locaux, avec","og_url":"https:\/\/lasentinelle.dz\/index.php\/2025\/03\/19\/le-ministere-de-lindustrie-signe-un-accord-avec-treize-constructeurs-automobiles-jeter-les-bases-dune-industrie-automobile-locale-solide\/","og_site_name":"La Sentinelle","article_publisher":"https:\/\/www.facebook.com\/La-Sentinelle-104059864394773","article_published_time":"2025-03-19T11:49:00+00:00","og_image":[{"width":1600,"height":1051,"url":"https:\/\/lasentinelle.dz\/wp-content\/uploads\/2025\/03\/accords.jpg","type":"image\/jpeg"}],"author":"admin","twitter_card":"summary_large_image","twitter_misc":{"\u00c9crit par":"admin","Dur\u00e9e de lecture estim\u00e9e":"6 minutes"},"schema":{"@context":"https:\/\/schema.org","@graph":[{"@type":"Article","@id":"https:\/\/lasentinelle.dz\/index.php\/2025\/03\/19\/le-ministere-de-lindustrie-signe-un-accord-avec-treize-constructeurs-automobiles-jeter-les-bases-dune-industrie-automobile-locale-solide\/#article","isPartOf":{"@id":"https:\/\/lasentinelle.dz\/index.php\/2025\/03\/19\/le-ministere-de-lindustrie-signe-un-accord-avec-treize-constructeurs-automobiles-jeter-les-bases-dune-industrie-automobile-locale-solide\/"},"author":{"name":"admin","@id":"https:\/\/lasentinelle.dz\/#\/schema\/person\/729ee0024f24e0b8c5ec17232f8e8b41"},"headline":"Le minist\u00e8re de l&rsquo;Industrie signe un accord avec treize constructeurs automobiles : Jeter les bases d&rsquo;une industrie automobile locale solide","datePublished":"2025-03-19T11:49:00+00:00","mainEntityOfPage":{"@id":"https:\/\/lasentinelle.dz\/index.php\/2025\/03\/19\/le-ministere-de-lindustrie-signe-un-accord-avec-treize-constructeurs-automobiles-jeter-les-bases-dune-industrie-automobile-locale-solide\/"},"wordCount":1348,"commentCount":0,"publisher":{"@id":"https:\/\/lasentinelle.dz\/#organization"},"image":{"@id":"https:\/\/lasentinelle.dz\/index.php\/2025\/03\/19\/le-ministere-de-lindustrie-signe-un-accord-avec-treize-constructeurs-automobiles-jeter-les-bases-dune-industrie-automobile-locale-solide\/#primaryimage"},"thumbnailUrl":"https:\/\/lasentinelle.dz\/wp-content\/uploads\/2025\/03\/accords.jpg","articleSection":["\u00c0 la Une","\u00c9conomie"],"inLanguage":"fr-FR","potentialAction":[{"@type":"CommentAction","name":"Comment","target":["https:\/\/lasentinelle.dz\/index.php\/2025\/03\/19\/le-ministere-de-lindustrie-signe-un-accord-avec-treize-constructeurs-automobiles-jeter-les-bases-dune-industrie-automobile-locale-solide\/#respond"]}]},{"@type":"WebPage","@id":"https:\/\/lasentinelle.dz\/index.php\/2025\/03\/19\/le-ministere-de-lindustrie-signe-un-accord-avec-treize-constructeurs-automobiles-jeter-les-bases-dune-industrie-automobile-locale-solide\/","url":"https:\/\/lasentinelle.dz\/index.php\/2025\/03\/19\/le-ministere-de-lindustrie-signe-un-accord-avec-treize-constructeurs-automobiles-jeter-les-bases-dune-industrie-automobile-locale-solide\/","name":"Le minist\u00e8re de l&rsquo;Industrie signe un accord avec treize constructeurs automobiles : Jeter les bases d&rsquo;une industrie automobile locale solide - La Sentinelle","isPartOf":{"@id":"https:\/\/lasentinelle.dz\/#website"},"primaryImageOfPage":{"@id":"https:\/\/lasentinelle.dz\/index.php\/2025\/03\/19\/le-ministere-de-lindustrie-signe-un-accord-avec-treize-constructeurs-automobiles-jeter-les-bases-dune-industrie-automobile-locale-solide\/#primaryimage"},"image":{"@id":"https:\/\/lasentinelle.dz\/index.php\/2025\/03\/19\/le-ministere-de-lindustrie-signe-un-accord-avec-treize-constructeurs-automobiles-jeter-les-bases-dune-industrie-automobile-locale-solide\/#primaryimage"},"thumbnailUrl":"https:\/\/lasentinelle.dz\/wp-content\/uploads\/2025\/03\/accords.jpg","datePublished":"2025-03-19T11:49:00+00:00","breadcrumb":{"@id":"https:\/\/lasentinelle.dz\/index.php\/2025\/03\/19\/le-ministere-de-lindustrie-signe-un-accord-avec-treize-constructeurs-automobiles-jeter-les-bases-dune-industrie-automobile-locale-solide\/#breadcrumb"},"inLanguage":"fr-FR","potentialAction":[{"@type":"ReadAction","target":["https:\/\/lasentinelle.dz\/index.php\/2025\/03\/19\/le-ministere-de-lindustrie-signe-un-accord-avec-treize-constructeurs-automobiles-jeter-les-bases-dune-industrie-automobile-locale-solide\/"]}]},{"@type":"ImageObject","inLanguage":"fr-FR","@id":"https:\/\/lasentinelle.dz\/index.php\/2025\/03\/19\/le-ministere-de-lindustrie-signe-un-accord-avec-treize-constructeurs-automobiles-jeter-les-bases-dune-industrie-automobile-locale-solide\/#primaryimage","url":"https:\/\/lasentinelle.dz\/wp-content\/uploads\/2025\/03\/accords.jpg","contentUrl":"https:\/\/lasentinelle.dz\/wp-content\/uploads\/2025\/03\/accords.jpg","width":1600,"height":1051},{"@type":"BreadcrumbList","@id":"https:\/\/lasentinelle.dz\/index.php\/2025\/03\/19\/le-ministere-de-lindustrie-signe-un-accord-avec-treize-constructeurs-automobiles-jeter-les-bases-dune-industrie-automobile-locale-solide\/#breadcrumb","itemListElement":[{"@type":"ListItem","position":1,"name":"Accueil","item":"https:\/\/lasentinelle.dz\/"},{"@type":"ListItem","position":2,"name":"Le minist\u00e8re de l&rsquo;Industrie signe un accord avec treize constructeurs automobiles : Jeter les bases d&rsquo;une industrie automobile locale solide"}]},{"@type":"WebSite","@id":"https:\/\/lasentinelle.dz\/#website","url":"https:\/\/lasentinelle.dz\/","name":"La Sentinelle","description":"Quotidien national d&#039;information","publisher":{"@id":"https:\/\/lasentinelle.dz\/#organization"},"potentialAction":[{"@type":"SearchAction","target":{"@type":"EntryPoint","urlTemplate":"https:\/\/lasentinelle.dz\/?s={search_term_string}"},"query-input":{"@type":"PropertyValueSpecification","valueRequired":true,"valueName":"search_term_string"}}],"inLanguage":"fr-FR"},{"@type":"Organization","@id":"https:\/\/lasentinelle.dz\/#organization","name":"Quotidien La Sentinelle","url":"https:\/\/lasentinelle.dz\/","logo":{"@type":"ImageObject","inLanguage":"fr-FR","@id":"https:\/\/lasentinelle.dz\/#\/schema\/logo\/image\/","url":"https:\/\/lasentinelle.dz\/wp-content\/uploads\/2021\/09\/logo-sentinelleSLOGAN-1.png","contentUrl":"https:\/\/lasentinelle.dz\/wp-content\/uploads\/2021\/09\/logo-sentinelleSLOGAN-1.png","width":615,"height":142,"caption":"Quotidien La Sentinelle"},"image":{"@id":"https:\/\/lasentinelle.dz\/#\/schema\/logo\/image\/"},"sameAs":["https:\/\/www.facebook.com\/La-Sentinelle-104059864394773"]},{"@type":"Person","@id":"https:\/\/lasentinelle.dz\/#\/schema\/person\/729ee0024f24e0b8c5ec17232f8e8b41","name":"admin","image":{"@type":"ImageObject","inLanguage":"fr-FR","@id":"https:\/\/secure.gravatar.com\/avatar\/4c81fed838786e9b53f540bf46533e750f5d292099ae3b66cfc6fb1982e29df7?s=96&d=mm&r=g","url":"https:\/\/secure.gravatar.com\/avatar\/4c81fed838786e9b53f540bf46533e750f5d292099ae3b66cfc6fb1982e29df7?s=96&d=mm&r=g","contentUrl":"https:\/\/secure.gravatar.com\/avatar\/4c81fed838786e9b53f540bf46533e750f5d292099ae3b66cfc6fb1982e29df7?s=96&d=mm&r=g","caption":"admin"},"description":"admin","url":"https:\/\/lasentinelle.dz\/author\/admin\/"}]}},"_links":{"self":[{"href":"https:\/\/lasentinelle.dz\/index.php\/wp-json\/wp\/v2\/posts\/64562","targetHints":{"allow":["GET"]}}],"collection":[{"href":"https:\/\/lasentinelle.dz\/index.php\/wp-json\/wp\/v2\/posts"}],"about":[{"href":"https:\/\/lasentinelle.dz\/index.php\/wp-json\/wp\/v2\/types\/post"}],"author":[{"embeddable":true,"href":"https:\/\/lasentinelle.dz\/index.php\/wp-json\/wp\/v2\/users\/6"}],"replies":[{"embeddable":true,"href":"https:\/\/lasentinelle.dz\/index.php\/wp-json\/wp\/v2\/comments?post=64562"}],"version-history":[{"count":2,"href":"https:\/\/lasentinelle.dz\/index.php\/wp-json\/wp\/v2\/posts\/64562\/revisions"}],"predecessor-version":[{"id":64565,"href":"https:\/\/lasentinelle.dz\/index.php\/wp-json\/wp\/v2\/posts\/64562\/revisions\/64565"}],"wp:featuredmedia":[{"embeddable":true,"href":"https:\/\/lasentinelle.dz\/index.php\/wp-json\/wp\/v2\/media\/64563"}],"wp:attachment":[{"href":"https:\/\/lasentinelle.dz\/index.php\/wp-json\/wp\/v2\/media?parent=64562"}],"wp:term":[{"taxonomy":"category","embeddable":true,"href":"https:\/\/lasentinelle.dz\/index.php\/wp-json\/wp\/v2\/categories?post=64562"},{"taxonomy":"post_tag","embeddable":true,"href":"https:\/\/lasentinelle.dz\/index.php\/wp-json\/wp\/v2\/tags?post=64562"}],"curies":[{"name":"wp","href":"https:\/\/api.w.org\/{rel}","templated":true}]}}