{"id":64566,"date":"2025-03-19T12:49:54","date_gmt":"2025-03-19T11:49:54","guid":{"rendered":"https:\/\/lasentinelle.dz\/?p=64566"},"modified":"2025-03-19T12:49:55","modified_gmt":"2025-03-19T11:49:55","slug":"decentralisation-dans-la-sante-du-nouveau-pour-les-cliniques-privees","status":"publish","type":"post","link":"https:\/\/lasentinelle.dz\/index.php\/2025\/03\/19\/decentralisation-dans-la-sante-du-nouveau-pour-les-cliniques-privees\/","title":{"rendered":"D\u00e9centralisation dans la sant\u00e9 : Du nouveau pour les cliniques priv\u00e9es"},"content":{"rendered":"\n<p>L&rsquo;Alg\u00e9rie poursuit activement sa politique de d\u00e9centralisation dans le secteur de la sant\u00e9, une orientation strat\u00e9gique confirm\u00e9e lors d&rsquo;une r\u00e9cente r\u00e9union pr\u00e9sid\u00e9e par le ministre de la Sant\u00e9, M. Abdelhak Saihi. Cette rencontre, tenue le dimanche avec les cadres de l&rsquo;administration centrale, a permis de faire le point sur les mesures concr\u00e8tes adopt\u00e9es pour renforcer la d\u00e9centralisation dans la gestion du secteur sanitaire. Cette d\u00e9marche s&rsquo;inscrit dans une vision globale visant \u00e0 optimiser l&rsquo;efficacit\u00e9 du syst\u00e8me de sant\u00e9 national et \u00e0 am\u00e9liorer la qualit\u00e9 des services offerts aux citoyens, comme l&rsquo;a soulign\u00e9 le communiqu\u00e9 minist\u00e9riel publi\u00e9 le 17 mars. Les nouvelles dispositions concernent autant le secteur public que priv\u00e9, avec des implications particuli\u00e8rement significatives pour les cliniques priv\u00e9es qui b\u00e9n\u00e9ficieront d\u00e9sormais d&rsquo;une plus grande autonomie op\u00e9rationnelle. Pour le secteur public, les mesures annonc\u00e9es \u00ab\u00a0conf\u00e8rent une autonomie totale pour la gestion des \u00e9tablissements de sant\u00e9 dont la capacit\u00e9 oscille entre 60 et 80 lits, et des centres sp\u00e9cialis\u00e9s dans la lutte et le traitement du cancer ayant une capacit\u00e9 d&rsquo;accueil entre 120 et 140 lits, tout en facilitant l&rsquo;octroi des autorisations d&rsquo;ouverture et d&rsquo;exploitation des nouvelles structures hospitali\u00e8res publiques\u00a0\u00bb. Le minist\u00e8re a \u00e9galement annonc\u00e9 le \u00ab\u00a0renforcement de la coordination avec les instances concern\u00e9es pour assurer le suivi des projets et leur conformit\u00e9 aux normes requises\u00a0\u00bb. S&rsquo;agissant du secteur priv\u00e9, l&rsquo;\u00e9volution est tout aussi notable avec la \u00ab\u00a0d\u00e9centralisation des autorisations d&rsquo;ouverture et d&rsquo;exploitation des cliniques priv\u00e9es\u00a0\u00bb. Les nouvelles mesures pr\u00e9voient \u00e9galement \u00ab\u00a0d&rsquo;attribuer des pr\u00e9rogatives plus larges en mati\u00e8re de gestion des changements de directeurs techniques et de fermeture temporaire des \u00e9tablissements de sant\u00e9, tout en garantissant le respect des normes r\u00e9glementaires en vigueur\u00a0\u00bb. Cette r\u00e9forme administrative vise plusieurs objectifs simultan\u00e9s. Elle ambitionne de \u00ab\u00a0r\u00e9duire les d\u00e9lais de traitement des dossiers et \u00e0 adapter les projets aux besoins sanitaires de chaque wilaya, tout en all\u00e9geant la pression administrative sur le minist\u00e8re afin qu&rsquo;il puisse se concentrer sur son r\u00f4le essentiel \u00e0 savoir, l&rsquo;organisation, la supervision et l&rsquo;\u00e9valuation\u00a0\u00bb. Un autre aspect fondamental de cette r\u00e9organisation consiste \u00e0 \u00ab\u00a0\u00e9viter toute interf\u00e9rence avec les pr\u00e9rogatives des directeurs locaux et de les encourager \u00e0 prendre des initiatives visant \u00e0 am\u00e9liorer le service sans devoir syst\u00e9matiquement se r\u00e9f\u00e9rer \u00e0 l&rsquo;administration centrale, dans les cas o\u00f9 les lois et r\u00e8glements le permettent\u00a0\u00bb. Le minist\u00e8re anticipe que ces ajustements contribueront \u00e0 \u00ab\u00a0l&rsquo;am\u00e9lioration de la qualit\u00e9 des soins, \u00e0 l&rsquo;acc\u00e9l\u00e9ration de la r\u00e9alisation des projets et au renforcement de l&rsquo;utilisation efficace des ressources humaines et financi\u00e8res, conform\u00e9ment au plan d&rsquo;action national en faveur du patient\u00a0\u00bb. Cette d\u00e9centralisation intervient dans un contexte de d\u00e9veloppement intensif du secteur sanitaire alg\u00e9rien, qui conna\u00eet une expansion remarquable. Le communiqu\u00e9 minist\u00e9riel rappelle que \u00ab\u00a0le secteur de la sant\u00e9 en Alg\u00e9rie a enregistr\u00e9, ces derni\u00e8res ann\u00e9es, une croissance notable du nombre de projets sanitaires\u00a0\u00bb, avec l&rsquo;inscription en 2024 de \u00ab\u00a0134 projets concernant la r\u00e9alisation d&rsquo;h\u00f4pitaux publics d&rsquo;une capacit\u00e9 de 60 lits, dont des centres anti-cancer (CAC), des h\u00f4pitaux sp\u00e9cialis\u00e9s en cardiologie, en psychiatrie et en r\u00e9\u00e9ducation, ainsi que des h\u00f4pitaux universitaires et des centres m\u00e8re-enfant\u00a0\u00bb. Parall\u00e8lement, le secteur priv\u00e9 n&rsquo;est pas en reste puisque l&rsquo;ann\u00e9e 2024 a \u00e9galement vu l&rsquo;inscription de \u00ab\u00a0342 projets de cr\u00e9ation d&rsquo;h\u00f4pitaux priv\u00e9s et 359 \u00e9tablissements de sant\u00e9 de type cliniques pour l&rsquo;hospitalisation de jour\u00a0\u00bb, ce qui constitue selon le minist\u00e8re \u00ab\u00a0un indicateur clair du renforcement du partenariat entre les secteurs public et priv\u00e9 pour soutenir le syst\u00e8me de sant\u00e9 national\u00a0\u00bb. Ces chiffres t\u00e9moignent de la dynamique en cours et de l&rsquo;importance accord\u00e9e au d\u00e9veloppement d&rsquo;une offre de soins diversifi\u00e9e et compl\u00e9mentaire sur l&rsquo;ensemble du territoire national.<\/p>\n\n\n\n<p>Chokri Hafed<\/p>\n","protected":false},"excerpt":{"rendered":"<p>L&rsquo;Alg\u00e9rie poursuit activement sa politique de d\u00e9centralisation dans le secteur de la sant\u00e9, une orientation strat\u00e9gique confirm\u00e9e lors d&rsquo;une r\u00e9cente<\/p>\n","protected":false},"author":6,"featured_media":35776,"comment_status":"open","ping_status":"closed","sticky":false,"template":"","format":"standard","meta":{"colormag_page_container_layout":"default_layout","colormag_page_sidebar_layout":"default_layout","om_disable_all_campaigns":false,"_monsterinsights_skip_tracking":false,"_monsterinsights_sitenote_active":false,"_monsterinsights_sitenote_note":"","_monsterinsights_sitenote_category":0,"footnotes":"","_wpscppro_dont_share_socialmedia":false,"_wpscppro_custom_social_share_image":0,"_facebook_share_type":"default","_twitter_share_type":"default","_linkedin_share_type":"default","_pinterest_share_type":"default","_linkedin_share_type_page":"","_instagram_share_type":"default","_medium_share_type":"default","_threads_share_type":"","_google_business_share_type":"","_selected_social_profile":[],"_wpsp_enable_custom_social_template":false,"_wpsp_social_scheduling":{"enabled":false,"datetime":null,"platforms":[],"status":"template_only","dateOption":"today","timeOption":"now","customDays":"","customHours":"","customDate":"","customTime":"","schedulingType":"absolute"},"_wpsp_active_default_template":true},"categories":[27],"tags":[],"class_list":["post-64566","post","type-post","status-publish","format-standard","has-post-thumbnail","hentry","category-actualite"],"aioseo_notices":[],"yoast_head":"<!-- This site is optimized with the Yoast SEO plugin v27.5 - https:\/\/yoast.com\/product\/yoast-seo-wordpress\/ -->\n<title>D\u00e9centralisation dans la sant\u00e9 : Du nouveau pour les cliniques priv\u00e9es - La Sentinelle<\/title>\n<meta name=\"robots\" content=\"index, follow, max-snippet:-1, max-image-preview:large, max-video-preview:-1\" \/>\n<link rel=\"canonical\" href=\"https:\/\/lasentinelle.dz\/index.php\/2025\/03\/19\/decentralisation-dans-la-sante-du-nouveau-pour-les-cliniques-privees\/\" \/>\n<meta property=\"og:locale\" content=\"fr_FR\" \/>\n<meta property=\"og:type\" content=\"article\" \/>\n<meta property=\"og:title\" content=\"D\u00e9centralisation dans la sant\u00e9 : Du nouveau pour les cliniques priv\u00e9es - La Sentinelle\" \/>\n<meta property=\"og:description\" content=\"L&rsquo;Alg\u00e9rie poursuit activement sa politique de d\u00e9centralisation dans le secteur de la sant\u00e9, une orientation strat\u00e9gique confirm\u00e9e lors d&rsquo;une r\u00e9cente\" \/>\n<meta property=\"og:url\" content=\"https:\/\/lasentinelle.dz\/index.php\/2025\/03\/19\/decentralisation-dans-la-sante-du-nouveau-pour-les-cliniques-privees\/\" \/>\n<meta property=\"og:site_name\" content=\"La Sentinelle\" \/>\n<meta property=\"article:publisher\" content=\"https:\/\/www.facebook.com\/La-Sentinelle-104059864394773\" \/>\n<meta property=\"article:published_time\" content=\"2025-03-19T11:49:54+00:00\" \/>\n<meta property=\"article:modified_time\" content=\"2025-03-19T11:49:55+00:00\" \/>\n<meta property=\"og:image\" content=\"https:\/\/lasentinelle.dz\/wp-content\/uploads\/2023\/02\/saihi.png\" \/>\n\t<meta property=\"og:image:width\" content=\"1351\" \/>\n\t<meta property=\"og:image:height\" content=\"900\" \/>\n\t<meta property=\"og:image:type\" content=\"image\/png\" \/>\n<meta name=\"author\" content=\"admin\" \/>\n<meta name=\"twitter:card\" content=\"summary_large_image\" \/>\n<meta name=\"twitter:label1\" content=\"\u00c9crit par\" \/>\n\t<meta name=\"twitter:data1\" content=\"admin\" \/>\n\t<meta name=\"twitter:label2\" content=\"Dur\u00e9e de lecture estim\u00e9e\" \/>\n\t<meta name=\"twitter:data2\" content=\"4 minutes\" \/>\n<script type=\"application\/ld+json\" class=\"yoast-schema-graph\">{\"@context\":\"https:\\\/\\\/schema.org\",\"@graph\":[{\"@type\":\"Article\",\"@id\":\"https:\\\/\\\/lasentinelle.dz\\\/index.php\\\/2025\\\/03\\\/19\\\/decentralisation-dans-la-sante-du-nouveau-pour-les-cliniques-privees\\\/#article\",\"isPartOf\":{\"@id\":\"https:\\\/\\\/lasentinelle.dz\\\/index.php\\\/2025\\\/03\\\/19\\\/decentralisation-dans-la-sante-du-nouveau-pour-les-cliniques-privees\\\/\"},\"author\":{\"name\":\"admin\",\"@id\":\"https:\\\/\\\/lasentinelle.dz\\\/#\\\/schema\\\/person\\\/729ee0024f24e0b8c5ec17232f8e8b41\"},\"headline\":\"D\u00e9centralisation dans la sant\u00e9 : Du nouveau pour les cliniques priv\u00e9es\",\"datePublished\":\"2025-03-19T11:49:54+00:00\",\"dateModified\":\"2025-03-19T11:49:55+00:00\",\"mainEntityOfPage\":{\"@id\":\"https:\\\/\\\/lasentinelle.dz\\\/index.php\\\/2025\\\/03\\\/19\\\/decentralisation-dans-la-sante-du-nouveau-pour-les-cliniques-privees\\\/\"},\"wordCount\":696,\"commentCount\":0,\"publisher\":{\"@id\":\"https:\\\/\\\/lasentinelle.dz\\\/#organization\"},\"image\":{\"@id\":\"https:\\\/\\\/lasentinelle.dz\\\/index.php\\\/2025\\\/03\\\/19\\\/decentralisation-dans-la-sante-du-nouveau-pour-les-cliniques-privees\\\/#primaryimage\"},\"thumbnailUrl\":\"https:\\\/\\\/lasentinelle.dz\\\/wp-content\\\/uploads\\\/2023\\\/02\\\/saihi.png\",\"articleSection\":[\"Actualit\u00e9\"],\"inLanguage\":\"fr-FR\",\"potentialAction\":[{\"@type\":\"CommentAction\",\"name\":\"Comment\",\"target\":[\"https:\\\/\\\/lasentinelle.dz\\\/index.php\\\/2025\\\/03\\\/19\\\/decentralisation-dans-la-sante-du-nouveau-pour-les-cliniques-privees\\\/#respond\"]}]},{\"@type\":\"WebPage\",\"@id\":\"https:\\\/\\\/lasentinelle.dz\\\/index.php\\\/2025\\\/03\\\/19\\\/decentralisation-dans-la-sante-du-nouveau-pour-les-cliniques-privees\\\/\",\"url\":\"https:\\\/\\\/lasentinelle.dz\\\/index.php\\\/2025\\\/03\\\/19\\\/decentralisation-dans-la-sante-du-nouveau-pour-les-cliniques-privees\\\/\",\"name\":\"D\u00e9centralisation dans la sant\u00e9 : Du nouveau pour les cliniques priv\u00e9es - La Sentinelle\",\"isPartOf\":{\"@id\":\"https:\\\/\\\/lasentinelle.dz\\\/#website\"},\"primaryImageOfPage\":{\"@id\":\"https:\\\/\\\/lasentinelle.dz\\\/index.php\\\/2025\\\/03\\\/19\\\/decentralisation-dans-la-sante-du-nouveau-pour-les-cliniques-privees\\\/#primaryimage\"},\"image\":{\"@id\":\"https:\\\/\\\/lasentinelle.dz\\\/index.php\\\/2025\\\/03\\\/19\\\/decentralisation-dans-la-sante-du-nouveau-pour-les-cliniques-privees\\\/#primaryimage\"},\"thumbnailUrl\":\"https:\\\/\\\/lasentinelle.dz\\\/wp-content\\\/uploads\\\/2023\\\/02\\\/saihi.png\",\"datePublished\":\"2025-03-19T11:49:54+00:00\",\"dateModified\":\"2025-03-19T11:49:55+00:00\",\"breadcrumb\":{\"@id\":\"https:\\\/\\\/lasentinelle.dz\\\/index.php\\\/2025\\\/03\\\/19\\\/decentralisation-dans-la-sante-du-nouveau-pour-les-cliniques-privees\\\/#breadcrumb\"},\"inLanguage\":\"fr-FR\",\"potentialAction\":[{\"@type\":\"ReadAction\",\"target\":[\"https:\\\/\\\/lasentinelle.dz\\\/index.php\\\/2025\\\/03\\\/19\\\/decentralisation-dans-la-sante-du-nouveau-pour-les-cliniques-privees\\\/\"]}]},{\"@type\":\"ImageObject\",\"inLanguage\":\"fr-FR\",\"@id\":\"https:\\\/\\\/lasentinelle.dz\\\/index.php\\\/2025\\\/03\\\/19\\\/decentralisation-dans-la-sante-du-nouveau-pour-les-cliniques-privees\\\/#primaryimage\",\"url\":\"https:\\\/\\\/lasentinelle.dz\\\/wp-content\\\/uploads\\\/2023\\\/02\\\/saihi.png\",\"contentUrl\":\"https:\\\/\\\/lasentinelle.dz\\\/wp-content\\\/uploads\\\/2023\\\/02\\\/saihi.png\",\"width\":1351,\"height\":900},{\"@type\":\"BreadcrumbList\",\"@id\":\"https:\\\/\\\/lasentinelle.dz\\\/index.php\\\/2025\\\/03\\\/19\\\/decentralisation-dans-la-sante-du-nouveau-pour-les-cliniques-privees\\\/#breadcrumb\",\"itemListElement\":[{\"@type\":\"ListItem\",\"position\":1,\"name\":\"Accueil\",\"item\":\"https:\\\/\\\/lasentinelle.dz\\\/\"},{\"@type\":\"ListItem\",\"position\":2,\"name\":\"D\u00e9centralisation dans la sant\u00e9 : Du nouveau pour les cliniques priv\u00e9es\"}]},{\"@type\":\"WebSite\",\"@id\":\"https:\\\/\\\/lasentinelle.dz\\\/#website\",\"url\":\"https:\\\/\\\/lasentinelle.dz\\\/\",\"name\":\"La Sentinelle\",\"description\":\"Quotidien national d&#039;information\",\"publisher\":{\"@id\":\"https:\\\/\\\/lasentinelle.dz\\\/#organization\"},\"potentialAction\":[{\"@type\":\"SearchAction\",\"target\":{\"@type\":\"EntryPoint\",\"urlTemplate\":\"https:\\\/\\\/lasentinelle.dz\\\/?s={search_term_string}\"},\"query-input\":{\"@type\":\"PropertyValueSpecification\",\"valueRequired\":true,\"valueName\":\"search_term_string\"}}],\"inLanguage\":\"fr-FR\"},{\"@type\":\"Organization\",\"@id\":\"https:\\\/\\\/lasentinelle.dz\\\/#organization\",\"name\":\"Quotidien La Sentinelle\",\"url\":\"https:\\\/\\\/lasentinelle.dz\\\/\",\"logo\":{\"@type\":\"ImageObject\",\"inLanguage\":\"fr-FR\",\"@id\":\"https:\\\/\\\/lasentinelle.dz\\\/#\\\/schema\\\/logo\\\/image\\\/\",\"url\":\"https:\\\/\\\/lasentinelle.dz\\\/wp-content\\\/uploads\\\/2021\\\/09\\\/logo-sentinelleSLOGAN-1.png\",\"contentUrl\":\"https:\\\/\\\/lasentinelle.dz\\\/wp-content\\\/uploads\\\/2021\\\/09\\\/logo-sentinelleSLOGAN-1.png\",\"width\":615,\"height\":142,\"caption\":\"Quotidien La Sentinelle\"},\"image\":{\"@id\":\"https:\\\/\\\/lasentinelle.dz\\\/#\\\/schema\\\/logo\\\/image\\\/\"},\"sameAs\":[\"https:\\\/\\\/www.facebook.com\\\/La-Sentinelle-104059864394773\"]},{\"@type\":\"Person\",\"@id\":\"https:\\\/\\\/lasentinelle.dz\\\/#\\\/schema\\\/person\\\/729ee0024f24e0b8c5ec17232f8e8b41\",\"name\":\"admin\",\"image\":{\"@type\":\"ImageObject\",\"inLanguage\":\"fr-FR\",\"@id\":\"https:\\\/\\\/secure.gravatar.com\\\/avatar\\\/4c81fed838786e9b53f540bf46533e750f5d292099ae3b66cfc6fb1982e29df7?s=96&d=mm&r=g\",\"url\":\"https:\\\/\\\/secure.gravatar.com\\\/avatar\\\/4c81fed838786e9b53f540bf46533e750f5d292099ae3b66cfc6fb1982e29df7?s=96&d=mm&r=g\",\"contentUrl\":\"https:\\\/\\\/secure.gravatar.com\\\/avatar\\\/4c81fed838786e9b53f540bf46533e750f5d292099ae3b66cfc6fb1982e29df7?s=96&d=mm&r=g\",\"caption\":\"admin\"},\"description\":\"admin\",\"url\":\"https:\\\/\\\/lasentinelle.dz\\\/author\\\/admin\\\/\"}]}<\/script>\n<!-- \/ Yoast SEO plugin. -->","yoast_head_json":{"title":"D\u00e9centralisation dans la sant\u00e9 : Du nouveau pour les cliniques priv\u00e9es - La Sentinelle","robots":{"index":"index","follow":"follow","max-snippet":"max-snippet:-1","max-image-preview":"max-image-preview:large","max-video-preview":"max-video-preview:-1"},"canonical":"https:\/\/lasentinelle.dz\/index.php\/2025\/03\/19\/decentralisation-dans-la-sante-du-nouveau-pour-les-cliniques-privees\/","og_locale":"fr_FR","og_type":"article","og_title":"D\u00e9centralisation dans la sant\u00e9 : Du nouveau pour les cliniques priv\u00e9es - La Sentinelle","og_description":"L&rsquo;Alg\u00e9rie poursuit activement sa politique de d\u00e9centralisation dans le secteur de la sant\u00e9, une orientation strat\u00e9gique confirm\u00e9e lors d&rsquo;une r\u00e9cente","og_url":"https:\/\/lasentinelle.dz\/index.php\/2025\/03\/19\/decentralisation-dans-la-sante-du-nouveau-pour-les-cliniques-privees\/","og_site_name":"La Sentinelle","article_publisher":"https:\/\/www.facebook.com\/La-Sentinelle-104059864394773","article_published_time":"2025-03-19T11:49:54+00:00","article_modified_time":"2025-03-19T11:49:55+00:00","og_image":[{"width":1351,"height":900,"url":"https:\/\/lasentinelle.dz\/wp-content\/uploads\/2023\/02\/saihi.png","type":"image\/png"}],"author":"admin","twitter_card":"summary_large_image","twitter_misc":{"\u00c9crit par":"admin","Dur\u00e9e de lecture estim\u00e9e":"4 minutes"},"schema":{"@context":"https:\/\/schema.org","@graph":[{"@type":"Article","@id":"https:\/\/lasentinelle.dz\/index.php\/2025\/03\/19\/decentralisation-dans-la-sante-du-nouveau-pour-les-cliniques-privees\/#article","isPartOf":{"@id":"https:\/\/lasentinelle.dz\/index.php\/2025\/03\/19\/decentralisation-dans-la-sante-du-nouveau-pour-les-cliniques-privees\/"},"author":{"name":"admin","@id":"https:\/\/lasentinelle.dz\/#\/schema\/person\/729ee0024f24e0b8c5ec17232f8e8b41"},"headline":"D\u00e9centralisation dans la sant\u00e9 : Du nouveau pour les cliniques priv\u00e9es","datePublished":"2025-03-19T11:49:54+00:00","dateModified":"2025-03-19T11:49:55+00:00","mainEntityOfPage":{"@id":"https:\/\/lasentinelle.dz\/index.php\/2025\/03\/19\/decentralisation-dans-la-sante-du-nouveau-pour-les-cliniques-privees\/"},"wordCount":696,"commentCount":0,"publisher":{"@id":"https:\/\/lasentinelle.dz\/#organization"},"image":{"@id":"https:\/\/lasentinelle.dz\/index.php\/2025\/03\/19\/decentralisation-dans-la-sante-du-nouveau-pour-les-cliniques-privees\/#primaryimage"},"thumbnailUrl":"https:\/\/lasentinelle.dz\/wp-content\/uploads\/2023\/02\/saihi.png","articleSection":["Actualit\u00e9"],"inLanguage":"fr-FR","potentialAction":[{"@type":"CommentAction","name":"Comment","target":["https:\/\/lasentinelle.dz\/index.php\/2025\/03\/19\/decentralisation-dans-la-sante-du-nouveau-pour-les-cliniques-privees\/#respond"]}]},{"@type":"WebPage","@id":"https:\/\/lasentinelle.dz\/index.php\/2025\/03\/19\/decentralisation-dans-la-sante-du-nouveau-pour-les-cliniques-privees\/","url":"https:\/\/lasentinelle.dz\/index.php\/2025\/03\/19\/decentralisation-dans-la-sante-du-nouveau-pour-les-cliniques-privees\/","name":"D\u00e9centralisation dans la sant\u00e9 : Du nouveau pour les cliniques priv\u00e9es - La Sentinelle","isPartOf":{"@id":"https:\/\/lasentinelle.dz\/#website"},"primaryImageOfPage":{"@id":"https:\/\/lasentinelle.dz\/index.php\/2025\/03\/19\/decentralisation-dans-la-sante-du-nouveau-pour-les-cliniques-privees\/#primaryimage"},"image":{"@id":"https:\/\/lasentinelle.dz\/index.php\/2025\/03\/19\/decentralisation-dans-la-sante-du-nouveau-pour-les-cliniques-privees\/#primaryimage"},"thumbnailUrl":"https:\/\/lasentinelle.dz\/wp-content\/uploads\/2023\/02\/saihi.png","datePublished":"2025-03-19T11:49:54+00:00","dateModified":"2025-03-19T11:49:55+00:00","breadcrumb":{"@id":"https:\/\/lasentinelle.dz\/index.php\/2025\/03\/19\/decentralisation-dans-la-sante-du-nouveau-pour-les-cliniques-privees\/#breadcrumb"},"inLanguage":"fr-FR","potentialAction":[{"@type":"ReadAction","target":["https:\/\/lasentinelle.dz\/index.php\/2025\/03\/19\/decentralisation-dans-la-sante-du-nouveau-pour-les-cliniques-privees\/"]}]},{"@type":"ImageObject","inLanguage":"fr-FR","@id":"https:\/\/lasentinelle.dz\/index.php\/2025\/03\/19\/decentralisation-dans-la-sante-du-nouveau-pour-les-cliniques-privees\/#primaryimage","url":"https:\/\/lasentinelle.dz\/wp-content\/uploads\/2023\/02\/saihi.png","contentUrl":"https:\/\/lasentinelle.dz\/wp-content\/uploads\/2023\/02\/saihi.png","width":1351,"height":900},{"@type":"BreadcrumbList","@id":"https:\/\/lasentinelle.dz\/index.php\/2025\/03\/19\/decentralisation-dans-la-sante-du-nouveau-pour-les-cliniques-privees\/#breadcrumb","itemListElement":[{"@type":"ListItem","position":1,"name":"Accueil","item":"https:\/\/lasentinelle.dz\/"},{"@type":"ListItem","position":2,"name":"D\u00e9centralisation dans la sant\u00e9 : Du nouveau pour les cliniques priv\u00e9es"}]},{"@type":"WebSite","@id":"https:\/\/lasentinelle.dz\/#website","url":"https:\/\/lasentinelle.dz\/","name":"La Sentinelle","description":"Quotidien national d&#039;information","publisher":{"@id":"https:\/\/lasentinelle.dz\/#organization"},"potentialAction":[{"@type":"SearchAction","target":{"@type":"EntryPoint","urlTemplate":"https:\/\/lasentinelle.dz\/?s={search_term_string}"},"query-input":{"@type":"PropertyValueSpecification","valueRequired":true,"valueName":"search_term_string"}}],"inLanguage":"fr-FR"},{"@type":"Organization","@id":"https:\/\/lasentinelle.dz\/#organization","name":"Quotidien La Sentinelle","url":"https:\/\/lasentinelle.dz\/","logo":{"@type":"ImageObject","inLanguage":"fr-FR","@id":"https:\/\/lasentinelle.dz\/#\/schema\/logo\/image\/","url":"https:\/\/lasentinelle.dz\/wp-content\/uploads\/2021\/09\/logo-sentinelleSLOGAN-1.png","contentUrl":"https:\/\/lasentinelle.dz\/wp-content\/uploads\/2021\/09\/logo-sentinelleSLOGAN-1.png","width":615,"height":142,"caption":"Quotidien La Sentinelle"},"image":{"@id":"https:\/\/lasentinelle.dz\/#\/schema\/logo\/image\/"},"sameAs":["https:\/\/www.facebook.com\/La-Sentinelle-104059864394773"]},{"@type":"Person","@id":"https:\/\/lasentinelle.dz\/#\/schema\/person\/729ee0024f24e0b8c5ec17232f8e8b41","name":"admin","image":{"@type":"ImageObject","inLanguage":"fr-FR","@id":"https:\/\/secure.gravatar.com\/avatar\/4c81fed838786e9b53f540bf46533e750f5d292099ae3b66cfc6fb1982e29df7?s=96&d=mm&r=g","url":"https:\/\/secure.gravatar.com\/avatar\/4c81fed838786e9b53f540bf46533e750f5d292099ae3b66cfc6fb1982e29df7?s=96&d=mm&r=g","contentUrl":"https:\/\/secure.gravatar.com\/avatar\/4c81fed838786e9b53f540bf46533e750f5d292099ae3b66cfc6fb1982e29df7?s=96&d=mm&r=g","caption":"admin"},"description":"admin","url":"https:\/\/lasentinelle.dz\/author\/admin\/"}]}},"_links":{"self":[{"href":"https:\/\/lasentinelle.dz\/index.php\/wp-json\/wp\/v2\/posts\/64566","targetHints":{"allow":["GET"]}}],"collection":[{"href":"https:\/\/lasentinelle.dz\/index.php\/wp-json\/wp\/v2\/posts"}],"about":[{"href":"https:\/\/lasentinelle.dz\/index.php\/wp-json\/wp\/v2\/types\/post"}],"author":[{"embeddable":true,"href":"https:\/\/lasentinelle.dz\/index.php\/wp-json\/wp\/v2\/users\/6"}],"replies":[{"embeddable":true,"href":"https:\/\/lasentinelle.dz\/index.php\/wp-json\/wp\/v2\/comments?post=64566"}],"version-history":[{"count":1,"href":"https:\/\/lasentinelle.dz\/index.php\/wp-json\/wp\/v2\/posts\/64566\/revisions"}],"predecessor-version":[{"id":64567,"href":"https:\/\/lasentinelle.dz\/index.php\/wp-json\/wp\/v2\/posts\/64566\/revisions\/64567"}],"wp:featuredmedia":[{"embeddable":true,"href":"https:\/\/lasentinelle.dz\/index.php\/wp-json\/wp\/v2\/media\/35776"}],"wp:attachment":[{"href":"https:\/\/lasentinelle.dz\/index.php\/wp-json\/wp\/v2\/media?parent=64566"}],"wp:term":[{"taxonomy":"category","embeddable":true,"href":"https:\/\/lasentinelle.dz\/index.php\/wp-json\/wp\/v2\/categories?post=64566"},{"taxonomy":"post_tag","embeddable":true,"href":"https:\/\/lasentinelle.dz\/index.php\/wp-json\/wp\/v2\/tags?post=64566"}],"curies":[{"name":"wp","href":"https:\/\/api.w.org\/{rel}","templated":true}]}}