{"id":64619,"date":"2025-03-20T10:50:10","date_gmt":"2025-03-20T09:50:10","guid":{"rendered":"https:\/\/lasentinelle.dz\/?p=64619"},"modified":"2025-03-22T10:50:58","modified_gmt":"2025-03-22T09:50:58","slug":"souk-ahras-un-incendie-au-parc-de-la-dsa","status":"publish","type":"post","link":"https:\/\/lasentinelle.dz\/index.php\/2025\/03\/20\/souk-ahras-un-incendie-au-parc-de-la-dsa\/","title":{"rendered":"Souk Ahras : Un incendie au parc de la DSA !"},"content":{"rendered":"\n<p>Un incendie s\u2019est d\u00e9clar\u00e9 dans la nuit du mardi au niveau d parc automobile de la direction des services agricoles (DSA), apprend-on des services de la protection civile \u00e0 Souk Ahras.<\/p>\n\n\n\n<p>Selon les pr\u00e9cisions apport\u00e9es par la m\u00eame source, il \u00e9tait 4 heures du matin, lorsque les services de la protection civile ont \u00e9t\u00e9 alert\u00e9s sur un incendie survenu au parc de la DSA sis au chef-lieu de wilaya. D\u00e9p\u00each\u00e9s sur les lieux, les \u00e9l\u00e9ments de l\u2019unit\u00e9 principale de la protection civile, bien qu\u2019ayant tent\u00e9 de sauver un v\u00e9hicule utilitaire en proie aux flammes, l\u2019intensit\u00e9 du feu a eu raison de la voiture qui a \u00e9t\u00e9 totalement calcin\u00e9e, nous dit-on. Par ailleurs, l&rsquo;incendie s\u2019est propag\u00e9 \u00e0 une autre voiture stationn\u00e9e \u00e0 proximit\u00e9 du v\u00e9hicule ravag\u00e9 par le feu. Heureusement que le v\u00e9hicule a \u00e9t\u00e9 sauv\u00e9 avant que les flammes n&rsquo;aient pu avoir raison de lui, nous dit-on. Selon la m\u00eame source, la menace de la propagation de l\u2019incendie \u00e0 d\u2019autres voitures en stationnement non loin, a \u00e9t\u00e9 pesante, ce qui a n\u00e9cessit\u00e9 une intervention muscl\u00e9e. Les \u00e9l\u00e9ments de l\u2019unit\u00e9 secondaire de la cit\u00e9 Hamma Loulou et ceux du poste avanc\u00e9 de la route nationale 16 avec ont \u00e9t\u00e9 appel\u00e9s en renfort avec de grands moyens qui sont parvenus \u00e0 ma\u00eetriser la situation qui commen\u00e7ait \u00e0 devenir incontr\u00f4lable. Equip\u00e9s d&rsquo;importants mat\u00e9riels, les services de la protection civile ont d\u00e9plac\u00e9 les sept v\u00e9hicules gar\u00e9s non loin du lieu du sinistre et les ont \u00e9loign\u00e9s dans une zone s\u00e9curis\u00e9e, nous pr\u00e9cise-t-on. La circonscription de l\u2019incendie a n\u00e9cessit\u00e9 une intervention de plus d\u2019une heure, au cours de laquelle, les \u00e9l\u00e9ments de la protection civile sont finalement parvenus \u00e0 ma\u00eetriser cet incendie, dont les raisons ne sont toujours pas connues. D\u2019ailleurs, la m\u00eame source a signal\u00e9 qu\u2019une information judiciaire a \u00e9t\u00e9 ouverte, afin de d\u00e9terminer les causes et les circonstances de cet autre sinistre intervenu quatre jours apr\u00e8s celui, survenu dans la nuit de vendredi \u00e0 samedi, dans le parking communal de l\u2019ETUSA ! Cet incendie dont le bilan a tout de m\u00eame \u00e9t\u00e9 cons\u00e9quent, puisque 7 bus, sur un total de 25 v\u00e9hicules composant le parc roulant de l\u2019ETUSA, ont \u00e9t\u00e9 totalement ravag\u00e9s par les flammes. La survenue des deux incendies semble susciter moult interrogations, surtout que la cible dans les deux cas de figures, sont des v\u00e9hicules d\u2019\u00e9tablissements publics ! S\u2019agit-il d\u2019une simple co\u00efncidence ou d&rsquo;un acte d\u00e9lib\u00e9r\u00e9 ? Ces interrogations s\u2019imposent d\u2019elles-m\u00eames, en raison de du timing des deux sinistres survenus en l\u2019intervalle de quatre jours mais surtout la nuit ! Bien que rien ne pr\u00e9conise, du moins pour le moment, que les deux sinistres soient reli\u00e9s, la th\u00e8se de l\u2019acte criminel n\u2019est pas \u00e9cart\u00e9e. En tous cas c\u2019est ce que devra d\u00e9voiler l\u2019enqu\u00eate engag\u00e9e.<\/p>\n\n\n\n<p><strong>Sofia Chahine<\/strong><strong><\/strong><\/p>\n","protected":false},"excerpt":{"rendered":"<p>Un incendie s\u2019est d\u00e9clar\u00e9 dans la nuit du mardi au niveau d parc automobile de la direction des services agricoles<\/p>\n","protected":false},"author":6,"featured_media":64620,"comment_status":"open","ping_status":"closed","sticky":false,"template":"","format":"standard","meta":{"colormag_page_container_layout":"default_layout","colormag_page_sidebar_layout":"default_layout","om_disable_all_campaigns":false,"_monsterinsights_skip_tracking":false,"_monsterinsights_sitenote_active":false,"_monsterinsights_sitenote_note":"","_monsterinsights_sitenote_category":0,"footnotes":"","_wpscppro_dont_share_socialmedia":false,"_wpscppro_custom_social_share_image":0,"_facebook_share_type":"default","_twitter_share_type":"default","_linkedin_share_type":"default","_pinterest_share_type":"default","_linkedin_share_type_page":"","_instagram_share_type":"default","_medium_share_type":"default","_threads_share_type":"","_google_business_share_type":"","_selected_social_profile":[],"_wpsp_enable_custom_social_template":false,"_wpsp_social_scheduling":{"enabled":false,"datetime":null,"platforms":[],"status":"template_only","dateOption":"today","timeOption":"now","customDays":"","customHours":"","customDate":"","customTime":"","schedulingType":"absolute"},"_wpsp_active_default_template":true},"categories":[31],"tags":[],"class_list":["post-64619","post","type-post","status-publish","format-standard","has-post-thumbnail","hentry","category-regions"],"aioseo_notices":[],"yoast_head":"<!-- This site is optimized with the Yoast SEO plugin v27.5 - https:\/\/yoast.com\/product\/yoast-seo-wordpress\/ -->\n<title>Souk Ahras : Un incendie au parc de la DSA ! - La Sentinelle<\/title>\n<meta name=\"robots\" content=\"index, follow, max-snippet:-1, max-image-preview:large, max-video-preview:-1\" \/>\n<link rel=\"canonical\" href=\"https:\/\/lasentinelle.dz\/index.php\/2025\/03\/20\/souk-ahras-un-incendie-au-parc-de-la-dsa\/\" \/>\n<meta property=\"og:locale\" content=\"fr_FR\" \/>\n<meta property=\"og:type\" content=\"article\" \/>\n<meta property=\"og:title\" content=\"Souk Ahras : Un incendie au parc de la DSA ! - La Sentinelle\" \/>\n<meta property=\"og:description\" content=\"Un incendie s\u2019est d\u00e9clar\u00e9 dans la nuit du mardi au niveau d parc automobile de la direction des services agricoles\" \/>\n<meta property=\"og:url\" content=\"https:\/\/lasentinelle.dz\/index.php\/2025\/03\/20\/souk-ahras-un-incendie-au-parc-de-la-dsa\/\" \/>\n<meta property=\"og:site_name\" content=\"La Sentinelle\" \/>\n<meta property=\"article:publisher\" content=\"https:\/\/www.facebook.com\/La-Sentinelle-104059864394773\" \/>\n<meta property=\"article:published_time\" content=\"2025-03-20T09:50:10+00:00\" \/>\n<meta property=\"article:modified_time\" content=\"2025-03-22T09:50:58+00:00\" \/>\n<meta property=\"og:image\" content=\"https:\/\/lasentinelle.dz\/wp-content\/uploads\/2025\/03\/incendie.png\" \/>\n\t<meta property=\"og:image:width\" content=\"567\" \/>\n\t<meta property=\"og:image:height\" content=\"271\" \/>\n\t<meta property=\"og:image:type\" content=\"image\/png\" \/>\n<meta name=\"author\" content=\"admin\" \/>\n<meta name=\"twitter:card\" content=\"summary_large_image\" \/>\n<meta name=\"twitter:label1\" content=\"\u00c9crit par\" \/>\n\t<meta name=\"twitter:data1\" content=\"admin\" \/>\n\t<meta name=\"twitter:label2\" content=\"Dur\u00e9e de lecture estim\u00e9e\" \/>\n\t<meta name=\"twitter:data2\" content=\"3 minutes\" \/>\n<script type=\"application\/ld+json\" class=\"yoast-schema-graph\">{\"@context\":\"https:\\\/\\\/schema.org\",\"@graph\":[{\"@type\":\"Article\",\"@id\":\"https:\\\/\\\/lasentinelle.dz\\\/index.php\\\/2025\\\/03\\\/20\\\/souk-ahras-un-incendie-au-parc-de-la-dsa\\\/#article\",\"isPartOf\":{\"@id\":\"https:\\\/\\\/lasentinelle.dz\\\/index.php\\\/2025\\\/03\\\/20\\\/souk-ahras-un-incendie-au-parc-de-la-dsa\\\/\"},\"author\":{\"name\":\"admin\",\"@id\":\"https:\\\/\\\/lasentinelle.dz\\\/#\\\/schema\\\/person\\\/729ee0024f24e0b8c5ec17232f8e8b41\"},\"headline\":\"Souk Ahras : Un incendie au parc de la DSA !\",\"datePublished\":\"2025-03-20T09:50:10+00:00\",\"dateModified\":\"2025-03-22T09:50:58+00:00\",\"mainEntityOfPage\":{\"@id\":\"https:\\\/\\\/lasentinelle.dz\\\/index.php\\\/2025\\\/03\\\/20\\\/souk-ahras-un-incendie-au-parc-de-la-dsa\\\/\"},\"wordCount\":529,\"commentCount\":0,\"publisher\":{\"@id\":\"https:\\\/\\\/lasentinelle.dz\\\/#organization\"},\"image\":{\"@id\":\"https:\\\/\\\/lasentinelle.dz\\\/index.php\\\/2025\\\/03\\\/20\\\/souk-ahras-un-incendie-au-parc-de-la-dsa\\\/#primaryimage\"},\"thumbnailUrl\":\"https:\\\/\\\/lasentinelle.dz\\\/wp-content\\\/uploads\\\/2025\\\/03\\\/incendie.png\",\"articleSection\":[\"R\u00e9gions\"],\"inLanguage\":\"fr-FR\",\"potentialAction\":[{\"@type\":\"CommentAction\",\"name\":\"Comment\",\"target\":[\"https:\\\/\\\/lasentinelle.dz\\\/index.php\\\/2025\\\/03\\\/20\\\/souk-ahras-un-incendie-au-parc-de-la-dsa\\\/#respond\"]}]},{\"@type\":\"WebPage\",\"@id\":\"https:\\\/\\\/lasentinelle.dz\\\/index.php\\\/2025\\\/03\\\/20\\\/souk-ahras-un-incendie-au-parc-de-la-dsa\\\/\",\"url\":\"https:\\\/\\\/lasentinelle.dz\\\/index.php\\\/2025\\\/03\\\/20\\\/souk-ahras-un-incendie-au-parc-de-la-dsa\\\/\",\"name\":\"Souk Ahras : Un incendie au parc de la DSA ! - La Sentinelle\",\"isPartOf\":{\"@id\":\"https:\\\/\\\/lasentinelle.dz\\\/#website\"},\"primaryImageOfPage\":{\"@id\":\"https:\\\/\\\/lasentinelle.dz\\\/index.php\\\/2025\\\/03\\\/20\\\/souk-ahras-un-incendie-au-parc-de-la-dsa\\\/#primaryimage\"},\"image\":{\"@id\":\"https:\\\/\\\/lasentinelle.dz\\\/index.php\\\/2025\\\/03\\\/20\\\/souk-ahras-un-incendie-au-parc-de-la-dsa\\\/#primaryimage\"},\"thumbnailUrl\":\"https:\\\/\\\/lasentinelle.dz\\\/wp-content\\\/uploads\\\/2025\\\/03\\\/incendie.png\",\"datePublished\":\"2025-03-20T09:50:10+00:00\",\"dateModified\":\"2025-03-22T09:50:58+00:00\",\"breadcrumb\":{\"@id\":\"https:\\\/\\\/lasentinelle.dz\\\/index.php\\\/2025\\\/03\\\/20\\\/souk-ahras-un-incendie-au-parc-de-la-dsa\\\/#breadcrumb\"},\"inLanguage\":\"fr-FR\",\"potentialAction\":[{\"@type\":\"ReadAction\",\"target\":[\"https:\\\/\\\/lasentinelle.dz\\\/index.php\\\/2025\\\/03\\\/20\\\/souk-ahras-un-incendie-au-parc-de-la-dsa\\\/\"]}]},{\"@type\":\"ImageObject\",\"inLanguage\":\"fr-FR\",\"@id\":\"https:\\\/\\\/lasentinelle.dz\\\/index.php\\\/2025\\\/03\\\/20\\\/souk-ahras-un-incendie-au-parc-de-la-dsa\\\/#primaryimage\",\"url\":\"https:\\\/\\\/lasentinelle.dz\\\/wp-content\\\/uploads\\\/2025\\\/03\\\/incendie.png\",\"contentUrl\":\"https:\\\/\\\/lasentinelle.dz\\\/wp-content\\\/uploads\\\/2025\\\/03\\\/incendie.png\",\"width\":567,\"height\":271},{\"@type\":\"BreadcrumbList\",\"@id\":\"https:\\\/\\\/lasentinelle.dz\\\/index.php\\\/2025\\\/03\\\/20\\\/souk-ahras-un-incendie-au-parc-de-la-dsa\\\/#breadcrumb\",\"itemListElement\":[{\"@type\":\"ListItem\",\"position\":1,\"name\":\"Accueil\",\"item\":\"https:\\\/\\\/lasentinelle.dz\\\/\"},{\"@type\":\"ListItem\",\"position\":2,\"name\":\"Souk Ahras : Un incendie au parc de la DSA !\"}]},{\"@type\":\"WebSite\",\"@id\":\"https:\\\/\\\/lasentinelle.dz\\\/#website\",\"url\":\"https:\\\/\\\/lasentinelle.dz\\\/\",\"name\":\"La Sentinelle\",\"description\":\"Quotidien national d&#039;information\",\"publisher\":{\"@id\":\"https:\\\/\\\/lasentinelle.dz\\\/#organization\"},\"potentialAction\":[{\"@type\":\"SearchAction\",\"target\":{\"@type\":\"EntryPoint\",\"urlTemplate\":\"https:\\\/\\\/lasentinelle.dz\\\/?s={search_term_string}\"},\"query-input\":{\"@type\":\"PropertyValueSpecification\",\"valueRequired\":true,\"valueName\":\"search_term_string\"}}],\"inLanguage\":\"fr-FR\"},{\"@type\":\"Organization\",\"@id\":\"https:\\\/\\\/lasentinelle.dz\\\/#organization\",\"name\":\"Quotidien La Sentinelle\",\"url\":\"https:\\\/\\\/lasentinelle.dz\\\/\",\"logo\":{\"@type\":\"ImageObject\",\"inLanguage\":\"fr-FR\",\"@id\":\"https:\\\/\\\/lasentinelle.dz\\\/#\\\/schema\\\/logo\\\/image\\\/\",\"url\":\"https:\\\/\\\/lasentinelle.dz\\\/wp-content\\\/uploads\\\/2021\\\/09\\\/logo-sentinelleSLOGAN-1.png\",\"contentUrl\":\"https:\\\/\\\/lasentinelle.dz\\\/wp-content\\\/uploads\\\/2021\\\/09\\\/logo-sentinelleSLOGAN-1.png\",\"width\":615,\"height\":142,\"caption\":\"Quotidien La Sentinelle\"},\"image\":{\"@id\":\"https:\\\/\\\/lasentinelle.dz\\\/#\\\/schema\\\/logo\\\/image\\\/\"},\"sameAs\":[\"https:\\\/\\\/www.facebook.com\\\/La-Sentinelle-104059864394773\"]},{\"@type\":\"Person\",\"@id\":\"https:\\\/\\\/lasentinelle.dz\\\/#\\\/schema\\\/person\\\/729ee0024f24e0b8c5ec17232f8e8b41\",\"name\":\"admin\",\"image\":{\"@type\":\"ImageObject\",\"inLanguage\":\"fr-FR\",\"@id\":\"https:\\\/\\\/secure.gravatar.com\\\/avatar\\\/4c81fed838786e9b53f540bf46533e750f5d292099ae3b66cfc6fb1982e29df7?s=96&d=mm&r=g\",\"url\":\"https:\\\/\\\/secure.gravatar.com\\\/avatar\\\/4c81fed838786e9b53f540bf46533e750f5d292099ae3b66cfc6fb1982e29df7?s=96&d=mm&r=g\",\"contentUrl\":\"https:\\\/\\\/secure.gravatar.com\\\/avatar\\\/4c81fed838786e9b53f540bf46533e750f5d292099ae3b66cfc6fb1982e29df7?s=96&d=mm&r=g\",\"caption\":\"admin\"},\"description\":\"admin\",\"url\":\"https:\\\/\\\/lasentinelle.dz\\\/author\\\/admin\\\/\"}]}<\/script>\n<!-- \/ Yoast SEO plugin. -->","yoast_head_json":{"title":"Souk Ahras : Un incendie au parc de la DSA ! - La Sentinelle","robots":{"index":"index","follow":"follow","max-snippet":"max-snippet:-1","max-image-preview":"max-image-preview:large","max-video-preview":"max-video-preview:-1"},"canonical":"https:\/\/lasentinelle.dz\/index.php\/2025\/03\/20\/souk-ahras-un-incendie-au-parc-de-la-dsa\/","og_locale":"fr_FR","og_type":"article","og_title":"Souk Ahras : Un incendie au parc de la DSA ! - La Sentinelle","og_description":"Un incendie s\u2019est d\u00e9clar\u00e9 dans la nuit du mardi au niveau d parc automobile de la direction des services agricoles","og_url":"https:\/\/lasentinelle.dz\/index.php\/2025\/03\/20\/souk-ahras-un-incendie-au-parc-de-la-dsa\/","og_site_name":"La Sentinelle","article_publisher":"https:\/\/www.facebook.com\/La-Sentinelle-104059864394773","article_published_time":"2025-03-20T09:50:10+00:00","article_modified_time":"2025-03-22T09:50:58+00:00","og_image":[{"width":567,"height":271,"url":"https:\/\/lasentinelle.dz\/wp-content\/uploads\/2025\/03\/incendie.png","type":"image\/png"}],"author":"admin","twitter_card":"summary_large_image","twitter_misc":{"\u00c9crit par":"admin","Dur\u00e9e de lecture estim\u00e9e":"3 minutes"},"schema":{"@context":"https:\/\/schema.org","@graph":[{"@type":"Article","@id":"https:\/\/lasentinelle.dz\/index.php\/2025\/03\/20\/souk-ahras-un-incendie-au-parc-de-la-dsa\/#article","isPartOf":{"@id":"https:\/\/lasentinelle.dz\/index.php\/2025\/03\/20\/souk-ahras-un-incendie-au-parc-de-la-dsa\/"},"author":{"name":"admin","@id":"https:\/\/lasentinelle.dz\/#\/schema\/person\/729ee0024f24e0b8c5ec17232f8e8b41"},"headline":"Souk Ahras : Un incendie au parc de la DSA !","datePublished":"2025-03-20T09:50:10+00:00","dateModified":"2025-03-22T09:50:58+00:00","mainEntityOfPage":{"@id":"https:\/\/lasentinelle.dz\/index.php\/2025\/03\/20\/souk-ahras-un-incendie-au-parc-de-la-dsa\/"},"wordCount":529,"commentCount":0,"publisher":{"@id":"https:\/\/lasentinelle.dz\/#organization"},"image":{"@id":"https:\/\/lasentinelle.dz\/index.php\/2025\/03\/20\/souk-ahras-un-incendie-au-parc-de-la-dsa\/#primaryimage"},"thumbnailUrl":"https:\/\/lasentinelle.dz\/wp-content\/uploads\/2025\/03\/incendie.png","articleSection":["R\u00e9gions"],"inLanguage":"fr-FR","potentialAction":[{"@type":"CommentAction","name":"Comment","target":["https:\/\/lasentinelle.dz\/index.php\/2025\/03\/20\/souk-ahras-un-incendie-au-parc-de-la-dsa\/#respond"]}]},{"@type":"WebPage","@id":"https:\/\/lasentinelle.dz\/index.php\/2025\/03\/20\/souk-ahras-un-incendie-au-parc-de-la-dsa\/","url":"https:\/\/lasentinelle.dz\/index.php\/2025\/03\/20\/souk-ahras-un-incendie-au-parc-de-la-dsa\/","name":"Souk Ahras : Un incendie au parc de la DSA ! - La Sentinelle","isPartOf":{"@id":"https:\/\/lasentinelle.dz\/#website"},"primaryImageOfPage":{"@id":"https:\/\/lasentinelle.dz\/index.php\/2025\/03\/20\/souk-ahras-un-incendie-au-parc-de-la-dsa\/#primaryimage"},"image":{"@id":"https:\/\/lasentinelle.dz\/index.php\/2025\/03\/20\/souk-ahras-un-incendie-au-parc-de-la-dsa\/#primaryimage"},"thumbnailUrl":"https:\/\/lasentinelle.dz\/wp-content\/uploads\/2025\/03\/incendie.png","datePublished":"2025-03-20T09:50:10+00:00","dateModified":"2025-03-22T09:50:58+00:00","breadcrumb":{"@id":"https:\/\/lasentinelle.dz\/index.php\/2025\/03\/20\/souk-ahras-un-incendie-au-parc-de-la-dsa\/#breadcrumb"},"inLanguage":"fr-FR","potentialAction":[{"@type":"ReadAction","target":["https:\/\/lasentinelle.dz\/index.php\/2025\/03\/20\/souk-ahras-un-incendie-au-parc-de-la-dsa\/"]}]},{"@type":"ImageObject","inLanguage":"fr-FR","@id":"https:\/\/lasentinelle.dz\/index.php\/2025\/03\/20\/souk-ahras-un-incendie-au-parc-de-la-dsa\/#primaryimage","url":"https:\/\/lasentinelle.dz\/wp-content\/uploads\/2025\/03\/incendie.png","contentUrl":"https:\/\/lasentinelle.dz\/wp-content\/uploads\/2025\/03\/incendie.png","width":567,"height":271},{"@type":"BreadcrumbList","@id":"https:\/\/lasentinelle.dz\/index.php\/2025\/03\/20\/souk-ahras-un-incendie-au-parc-de-la-dsa\/#breadcrumb","itemListElement":[{"@type":"ListItem","position":1,"name":"Accueil","item":"https:\/\/lasentinelle.dz\/"},{"@type":"ListItem","position":2,"name":"Souk Ahras : Un incendie au parc de la DSA !"}]},{"@type":"WebSite","@id":"https:\/\/lasentinelle.dz\/#website","url":"https:\/\/lasentinelle.dz\/","name":"La Sentinelle","description":"Quotidien national d&#039;information","publisher":{"@id":"https:\/\/lasentinelle.dz\/#organization"},"potentialAction":[{"@type":"SearchAction","target":{"@type":"EntryPoint","urlTemplate":"https:\/\/lasentinelle.dz\/?s={search_term_string}"},"query-input":{"@type":"PropertyValueSpecification","valueRequired":true,"valueName":"search_term_string"}}],"inLanguage":"fr-FR"},{"@type":"Organization","@id":"https:\/\/lasentinelle.dz\/#organization","name":"Quotidien La Sentinelle","url":"https:\/\/lasentinelle.dz\/","logo":{"@type":"ImageObject","inLanguage":"fr-FR","@id":"https:\/\/lasentinelle.dz\/#\/schema\/logo\/image\/","url":"https:\/\/lasentinelle.dz\/wp-content\/uploads\/2021\/09\/logo-sentinelleSLOGAN-1.png","contentUrl":"https:\/\/lasentinelle.dz\/wp-content\/uploads\/2021\/09\/logo-sentinelleSLOGAN-1.png","width":615,"height":142,"caption":"Quotidien La Sentinelle"},"image":{"@id":"https:\/\/lasentinelle.dz\/#\/schema\/logo\/image\/"},"sameAs":["https:\/\/www.facebook.com\/La-Sentinelle-104059864394773"]},{"@type":"Person","@id":"https:\/\/lasentinelle.dz\/#\/schema\/person\/729ee0024f24e0b8c5ec17232f8e8b41","name":"admin","image":{"@type":"ImageObject","inLanguage":"fr-FR","@id":"https:\/\/secure.gravatar.com\/avatar\/4c81fed838786e9b53f540bf46533e750f5d292099ae3b66cfc6fb1982e29df7?s=96&d=mm&r=g","url":"https:\/\/secure.gravatar.com\/avatar\/4c81fed838786e9b53f540bf46533e750f5d292099ae3b66cfc6fb1982e29df7?s=96&d=mm&r=g","contentUrl":"https:\/\/secure.gravatar.com\/avatar\/4c81fed838786e9b53f540bf46533e750f5d292099ae3b66cfc6fb1982e29df7?s=96&d=mm&r=g","caption":"admin"},"description":"admin","url":"https:\/\/lasentinelle.dz\/author\/admin\/"}]}},"_links":{"self":[{"href":"https:\/\/lasentinelle.dz\/index.php\/wp-json\/wp\/v2\/posts\/64619","targetHints":{"allow":["GET"]}}],"collection":[{"href":"https:\/\/lasentinelle.dz\/index.php\/wp-json\/wp\/v2\/posts"}],"about":[{"href":"https:\/\/lasentinelle.dz\/index.php\/wp-json\/wp\/v2\/types\/post"}],"author":[{"embeddable":true,"href":"https:\/\/lasentinelle.dz\/index.php\/wp-json\/wp\/v2\/users\/6"}],"replies":[{"embeddable":true,"href":"https:\/\/lasentinelle.dz\/index.php\/wp-json\/wp\/v2\/comments?post=64619"}],"version-history":[{"count":1,"href":"https:\/\/lasentinelle.dz\/index.php\/wp-json\/wp\/v2\/posts\/64619\/revisions"}],"predecessor-version":[{"id":64621,"href":"https:\/\/lasentinelle.dz\/index.php\/wp-json\/wp\/v2\/posts\/64619\/revisions\/64621"}],"wp:featuredmedia":[{"embeddable":true,"href":"https:\/\/lasentinelle.dz\/index.php\/wp-json\/wp\/v2\/media\/64620"}],"wp:attachment":[{"href":"https:\/\/lasentinelle.dz\/index.php\/wp-json\/wp\/v2\/media?parent=64619"}],"wp:term":[{"taxonomy":"category","embeddable":true,"href":"https:\/\/lasentinelle.dz\/index.php\/wp-json\/wp\/v2\/categories?post=64619"},{"taxonomy":"post_tag","embeddable":true,"href":"https:\/\/lasentinelle.dz\/index.php\/wp-json\/wp\/v2\/tags?post=64619"}],"curies":[{"name":"wp","href":"https:\/\/api.w.org\/{rel}","templated":true}]}}