{"id":64742,"date":"2025-03-24T13:53:46","date_gmt":"2025-03-24T12:53:46","guid":{"rendered":"https:\/\/lasentinelle.dz\/?p=64742"},"modified":"2025-03-24T13:53:47","modified_gmt":"2025-03-24T12:53:47","slug":"lapn-installe-une-commission-ad-hoc-chargee-de-lelaborer-une-proposition-de-loi-criminalisant-la-colonisation","status":"publish","type":"post","link":"https:\/\/lasentinelle.dz\/index.php\/2025\/03\/24\/lapn-installe-une-commission-ad-hoc-chargee-de-lelaborer-une-proposition-de-loi-criminalisant-la-colonisation\/","title":{"rendered":"L&rsquo;APN installe une commission ad hoc charg\u00e9e de l&rsquo;\u00e9laborer : Une proposition de loi criminalisant la colonisation"},"content":{"rendered":"\n<p>Le pr\u00e9sident de l&rsquo;Assembl\u00e9e populaire nationale (APN), Brahim Boughali, a annonc\u00e9 hier \u00e0 Alger la mise en place d&rsquo;une commission parlementaire sp\u00e9ciale charg\u00e9e d&rsquo;\u00e9laborer une proposition de loi visant \u00e0 criminaliser la colonisation. Cette initiative s&rsquo;inscrit dans la continuit\u00e9 des efforts d\u00e9ploy\u00e9s par l&rsquo;Alg\u00e9rie pour obtenir une reconnaissance officielle des crimes commis durant la p\u00e9riode coloniale fran\u00e7aise (1830-1962). Lors d&rsquo;une journ\u00e9e parlementaire consacr\u00e9e \u00e0 cette question, M. Boughali a pr\u00e9cis\u00e9 que cette commission sera compos\u00e9e de repr\u00e9sentants de tous les groupes parlementaires, et ce \u00ab en r\u00e9ponse au consensus de tous les courants politiques sur cette question, et en hommage \u00e0 la m\u00e9moire de nos valeureux anc\u00eatres, de la g\u00e9n\u00e9ration de la r\u00e9sistance \u00e0 celle de la glorieuse R\u00e9volution de lib\u00e9ration \u00bb. Le pr\u00e9sident de l&rsquo;APN a \u00e9galement assur\u00e9 que tous les moyens n\u00e9cessaires seront mis \u00e0 la disposition de cette commission pour accomplir ses missions. En outre, elle pourra faire appel \u00e0 toutes les comp\u00e9tences, aux experts et aux juristes int\u00e9ress\u00e9s par les questions m\u00e9morielles et les crimes commis contre l&rsquo;Alg\u00e9rie, l&rsquo;Homme et l&rsquo;Histoire durant la p\u00e9riode 1830-1962. Cette d\u00e9marche parlementaire intervient dans un climat de tensions diplomatiques r\u00e9currentes entre Alger et Paris concernant la question m\u00e9morielle. Elle fait suite notamment aux discours glorifiant la colonisation en France dans le sillage de la loi du 23 f\u00e9vrier 2005 adopt\u00e9e par l&rsquo;assembl\u00e9e nationale en France sur les effets positifs de la colonisation. La commission de l&rsquo;APN aura donc pour mission de documenter juridiquement les nombreux crimes perp\u00e9tr\u00e9s durant la p\u00e9riode coloniale, parmi lesquels les massacres du 8 mai 1945 qui ont fait des dizaines de milliers de victimes, l&rsquo;utilisation d&rsquo;armes biologiques, les essais nucl\u00e9aires dans le Sahara alg\u00e9rien (Reggane et In Ekker), ainsi que la pose de millions de mines antipersonnel le long des fronti\u00e8res. Ces actions sont aujourd&rsquo;hui consid\u00e9r\u00e9es par de nombreux historiens et juristes comme des crimes contre l&rsquo;humanit\u00e9 ne pouvant \u00eatre prescrits. Cette initiative s&rsquo;inscrit \u00e9galement dans une dynamique continentale, apr\u00e8s l&rsquo;adoption par l&rsquo;Union africaine d&rsquo;une r\u00e9solution classant l&rsquo;esclavage et la colonisation comme crimes contre l&rsquo;humanit\u00e9. La criminalisation de la colonisation repr\u00e9sente pour l&rsquo;Alg\u00e9rie un enjeu fondamental de la construction nationale et de la pr\u00e9servation de sa m\u00e9moire collective. Comme l&rsquo;a soulign\u00e9 le pr\u00e9sident Abdelmadjid Tebboune \u00e0 plusieurs reprises, \u00ab le dossier m\u00e9moriel ne s&rsquo;\u00e9rode pas avec le temps et n&rsquo;est pas n\u00e9gociable \u00bb. Cette commission parlementaire marque donc une nouvelle \u00e9tape dans la politique m\u00e9morielle, qui vise \u00e0 obtenir non seulement une reconnaissance des crimes coloniaux, mais \u00e9galement des r\u00e9parations morales et mat\u00e9rielles pour les souffrances endur\u00e9es par le peuple alg\u00e9rien durant 132 ans d&rsquo;occupation fran\u00e7aise. Pour le pr\u00e9sident de l&rsquo;APN, cette d\u00e9marche n&rsquo;est pas simplement un r\u00e8glement de comptes avec l&rsquo;histoire, mais une n\u00e9cessit\u00e9 pour \u00e9tablir des relations \u00e9quilibr\u00e9es entre l&rsquo;Alg\u00e9rie et la France, bas\u00e9es sur la v\u00e9rit\u00e9 historique et le respect mutuel. Dans les prochains mois, la commission devra pr\u00e9senter un rapport d\u00e9taill\u00e9 et une proposition de loi qui seront soumis au vote de l&rsquo;Assembl\u00e9e populaire nationale, avant d&rsquo;\u00eatre transmis au Conseil de la Nation pour approbation finale.<\/p>\n\n\n\n<p>Hocine Fadheli<\/p>\n","protected":false},"excerpt":{"rendered":"<p>Le pr\u00e9sident de l&rsquo;Assembl\u00e9e populaire nationale (APN), Brahim Boughali, a annonc\u00e9 hier \u00e0 Alger la mise en place d&rsquo;une commission<\/p>\n","protected":false},"author":6,"featured_media":64744,"comment_status":"open","ping_status":"closed","sticky":false,"template":"","format":"standard","meta":{"colormag_page_container_layout":"default_layout","colormag_page_sidebar_layout":"default_layout","om_disable_all_campaigns":false,"_monsterinsights_skip_tracking":false,"_monsterinsights_sitenote_active":false,"_monsterinsights_sitenote_note":"","_monsterinsights_sitenote_category":0,"footnotes":"","_wpscppro_dont_share_socialmedia":false,"_wpscppro_custom_social_share_image":0,"_facebook_share_type":"default","_twitter_share_type":"default","_linkedin_share_type":"default","_pinterest_share_type":"default","_linkedin_share_type_page":"","_instagram_share_type":"default","_medium_share_type":"default","_threads_share_type":"","_google_business_share_type":"","_selected_social_profile":[],"_wpsp_enable_custom_social_template":false,"_wpsp_social_scheduling":{"enabled":false,"datetime":null,"platforms":[],"status":"template_only","dateOption":"today","timeOption":"now","customDays":"","customHours":"","customDate":"","customTime":"","schedulingType":"absolute"},"_wpsp_active_default_template":true},"categories":[52,27],"tags":[],"class_list":["post-64742","post","type-post","status-publish","format-standard","has-post-thumbnail","hentry","category-a-la-une","category-actualite"],"aioseo_notices":[],"yoast_head":"<!-- This site is optimized with the Yoast SEO plugin v27.5 - https:\/\/yoast.com\/product\/yoast-seo-wordpress\/ -->\n<title>L&rsquo;APN installe une commission ad hoc charg\u00e9e de l&rsquo;\u00e9laborer : Une proposition de loi criminalisant la colonisation - La Sentinelle<\/title>\n<meta name=\"robots\" content=\"index, follow, max-snippet:-1, max-image-preview:large, max-video-preview:-1\" \/>\n<link rel=\"canonical\" href=\"https:\/\/lasentinelle.dz\/index.php\/2025\/03\/24\/lapn-installe-une-commission-ad-hoc-chargee-de-lelaborer-une-proposition-de-loi-criminalisant-la-colonisation\/\" \/>\n<meta property=\"og:locale\" content=\"fr_FR\" \/>\n<meta property=\"og:type\" content=\"article\" \/>\n<meta property=\"og:title\" content=\"L&rsquo;APN installe une commission ad hoc charg\u00e9e de l&rsquo;\u00e9laborer : Une proposition de loi criminalisant la colonisation - La Sentinelle\" \/>\n<meta property=\"og:description\" content=\"Le pr\u00e9sident de l&rsquo;Assembl\u00e9e populaire nationale (APN), Brahim Boughali, a annonc\u00e9 hier \u00e0 Alger la mise en place d&rsquo;une commission\" \/>\n<meta property=\"og:url\" content=\"https:\/\/lasentinelle.dz\/index.php\/2025\/03\/24\/lapn-installe-une-commission-ad-hoc-chargee-de-lelaborer-une-proposition-de-loi-criminalisant-la-colonisation\/\" \/>\n<meta property=\"og:site_name\" content=\"La Sentinelle\" \/>\n<meta property=\"article:publisher\" content=\"https:\/\/www.facebook.com\/La-Sentinelle-104059864394773\" \/>\n<meta property=\"article:published_time\" content=\"2025-03-24T12:53:46+00:00\" \/>\n<meta property=\"article:modified_time\" content=\"2025-03-24T12:53:47+00:00\" \/>\n<meta property=\"og:image\" content=\"https:\/\/lasentinelle.dz\/wp-content\/uploads\/2025\/03\/boughali.jpg\" \/>\n\t<meta property=\"og:image:width\" content=\"1075\" \/>\n\t<meta property=\"og:image:height\" content=\"578\" \/>\n\t<meta property=\"og:image:type\" content=\"image\/jpeg\" \/>\n<meta name=\"author\" content=\"admin\" \/>\n<meta name=\"twitter:card\" content=\"summary_large_image\" \/>\n<meta name=\"twitter:label1\" content=\"\u00c9crit par\" \/>\n\t<meta name=\"twitter:data1\" content=\"admin\" \/>\n\t<meta name=\"twitter:label2\" content=\"Dur\u00e9e de lecture estim\u00e9e\" \/>\n\t<meta name=\"twitter:data2\" content=\"3 minutes\" \/>\n<script type=\"application\/ld+json\" class=\"yoast-schema-graph\">{\"@context\":\"https:\\\/\\\/schema.org\",\"@graph\":[{\"@type\":\"Article\",\"@id\":\"https:\\\/\\\/lasentinelle.dz\\\/index.php\\\/2025\\\/03\\\/24\\\/lapn-installe-une-commission-ad-hoc-chargee-de-lelaborer-une-proposition-de-loi-criminalisant-la-colonisation\\\/#article\",\"isPartOf\":{\"@id\":\"https:\\\/\\\/lasentinelle.dz\\\/index.php\\\/2025\\\/03\\\/24\\\/lapn-installe-une-commission-ad-hoc-chargee-de-lelaborer-une-proposition-de-loi-criminalisant-la-colonisation\\\/\"},\"author\":{\"name\":\"admin\",\"@id\":\"https:\\\/\\\/lasentinelle.dz\\\/#\\\/schema\\\/person\\\/729ee0024f24e0b8c5ec17232f8e8b41\"},\"headline\":\"L&rsquo;APN installe une commission ad hoc charg\u00e9e de l&rsquo;\u00e9laborer : Une proposition de loi criminalisant la colonisation\",\"datePublished\":\"2025-03-24T12:53:46+00:00\",\"dateModified\":\"2025-03-24T12:53:47+00:00\",\"mainEntityOfPage\":{\"@id\":\"https:\\\/\\\/lasentinelle.dz\\\/index.php\\\/2025\\\/03\\\/24\\\/lapn-installe-une-commission-ad-hoc-chargee-de-lelaborer-une-proposition-de-loi-criminalisant-la-colonisation\\\/\"},\"wordCount\":612,\"commentCount\":0,\"publisher\":{\"@id\":\"https:\\\/\\\/lasentinelle.dz\\\/#organization\"},\"image\":{\"@id\":\"https:\\\/\\\/lasentinelle.dz\\\/index.php\\\/2025\\\/03\\\/24\\\/lapn-installe-une-commission-ad-hoc-chargee-de-lelaborer-une-proposition-de-loi-criminalisant-la-colonisation\\\/#primaryimage\"},\"thumbnailUrl\":\"https:\\\/\\\/lasentinelle.dz\\\/wp-content\\\/uploads\\\/2025\\\/03\\\/boughali.jpg\",\"articleSection\":[\"\u00c0 la Une\",\"Actualit\u00e9\"],\"inLanguage\":\"fr-FR\",\"potentialAction\":[{\"@type\":\"CommentAction\",\"name\":\"Comment\",\"target\":[\"https:\\\/\\\/lasentinelle.dz\\\/index.php\\\/2025\\\/03\\\/24\\\/lapn-installe-une-commission-ad-hoc-chargee-de-lelaborer-une-proposition-de-loi-criminalisant-la-colonisation\\\/#respond\"]}]},{\"@type\":\"WebPage\",\"@id\":\"https:\\\/\\\/lasentinelle.dz\\\/index.php\\\/2025\\\/03\\\/24\\\/lapn-installe-une-commission-ad-hoc-chargee-de-lelaborer-une-proposition-de-loi-criminalisant-la-colonisation\\\/\",\"url\":\"https:\\\/\\\/lasentinelle.dz\\\/index.php\\\/2025\\\/03\\\/24\\\/lapn-installe-une-commission-ad-hoc-chargee-de-lelaborer-une-proposition-de-loi-criminalisant-la-colonisation\\\/\",\"name\":\"L&rsquo;APN installe une commission ad hoc charg\u00e9e de l&rsquo;\u00e9laborer : Une proposition de loi criminalisant la colonisation - La Sentinelle\",\"isPartOf\":{\"@id\":\"https:\\\/\\\/lasentinelle.dz\\\/#website\"},\"primaryImageOfPage\":{\"@id\":\"https:\\\/\\\/lasentinelle.dz\\\/index.php\\\/2025\\\/03\\\/24\\\/lapn-installe-une-commission-ad-hoc-chargee-de-lelaborer-une-proposition-de-loi-criminalisant-la-colonisation\\\/#primaryimage\"},\"image\":{\"@id\":\"https:\\\/\\\/lasentinelle.dz\\\/index.php\\\/2025\\\/03\\\/24\\\/lapn-installe-une-commission-ad-hoc-chargee-de-lelaborer-une-proposition-de-loi-criminalisant-la-colonisation\\\/#primaryimage\"},\"thumbnailUrl\":\"https:\\\/\\\/lasentinelle.dz\\\/wp-content\\\/uploads\\\/2025\\\/03\\\/boughali.jpg\",\"datePublished\":\"2025-03-24T12:53:46+00:00\",\"dateModified\":\"2025-03-24T12:53:47+00:00\",\"breadcrumb\":{\"@id\":\"https:\\\/\\\/lasentinelle.dz\\\/index.php\\\/2025\\\/03\\\/24\\\/lapn-installe-une-commission-ad-hoc-chargee-de-lelaborer-une-proposition-de-loi-criminalisant-la-colonisation\\\/#breadcrumb\"},\"inLanguage\":\"fr-FR\",\"potentialAction\":[{\"@type\":\"ReadAction\",\"target\":[\"https:\\\/\\\/lasentinelle.dz\\\/index.php\\\/2025\\\/03\\\/24\\\/lapn-installe-une-commission-ad-hoc-chargee-de-lelaborer-une-proposition-de-loi-criminalisant-la-colonisation\\\/\"]}]},{\"@type\":\"ImageObject\",\"inLanguage\":\"fr-FR\",\"@id\":\"https:\\\/\\\/lasentinelle.dz\\\/index.php\\\/2025\\\/03\\\/24\\\/lapn-installe-une-commission-ad-hoc-chargee-de-lelaborer-une-proposition-de-loi-criminalisant-la-colonisation\\\/#primaryimage\",\"url\":\"https:\\\/\\\/lasentinelle.dz\\\/wp-content\\\/uploads\\\/2025\\\/03\\\/boughali.jpg\",\"contentUrl\":\"https:\\\/\\\/lasentinelle.dz\\\/wp-content\\\/uploads\\\/2025\\\/03\\\/boughali.jpg\",\"width\":1075,\"height\":578},{\"@type\":\"BreadcrumbList\",\"@id\":\"https:\\\/\\\/lasentinelle.dz\\\/index.php\\\/2025\\\/03\\\/24\\\/lapn-installe-une-commission-ad-hoc-chargee-de-lelaborer-une-proposition-de-loi-criminalisant-la-colonisation\\\/#breadcrumb\",\"itemListElement\":[{\"@type\":\"ListItem\",\"position\":1,\"name\":\"Accueil\",\"item\":\"https:\\\/\\\/lasentinelle.dz\\\/\"},{\"@type\":\"ListItem\",\"position\":2,\"name\":\"L&rsquo;APN installe une commission ad hoc charg\u00e9e de l&rsquo;\u00e9laborer : Une proposition de loi criminalisant la colonisation\"}]},{\"@type\":\"WebSite\",\"@id\":\"https:\\\/\\\/lasentinelle.dz\\\/#website\",\"url\":\"https:\\\/\\\/lasentinelle.dz\\\/\",\"name\":\"La Sentinelle\",\"description\":\"Quotidien national d&#039;information\",\"publisher\":{\"@id\":\"https:\\\/\\\/lasentinelle.dz\\\/#organization\"},\"potentialAction\":[{\"@type\":\"SearchAction\",\"target\":{\"@type\":\"EntryPoint\",\"urlTemplate\":\"https:\\\/\\\/lasentinelle.dz\\\/?s={search_term_string}\"},\"query-input\":{\"@type\":\"PropertyValueSpecification\",\"valueRequired\":true,\"valueName\":\"search_term_string\"}}],\"inLanguage\":\"fr-FR\"},{\"@type\":\"Organization\",\"@id\":\"https:\\\/\\\/lasentinelle.dz\\\/#organization\",\"name\":\"Quotidien La Sentinelle\",\"url\":\"https:\\\/\\\/lasentinelle.dz\\\/\",\"logo\":{\"@type\":\"ImageObject\",\"inLanguage\":\"fr-FR\",\"@id\":\"https:\\\/\\\/lasentinelle.dz\\\/#\\\/schema\\\/logo\\\/image\\\/\",\"url\":\"https:\\\/\\\/lasentinelle.dz\\\/wp-content\\\/uploads\\\/2021\\\/09\\\/logo-sentinelleSLOGAN-1.png\",\"contentUrl\":\"https:\\\/\\\/lasentinelle.dz\\\/wp-content\\\/uploads\\\/2021\\\/09\\\/logo-sentinelleSLOGAN-1.png\",\"width\":615,\"height\":142,\"caption\":\"Quotidien La Sentinelle\"},\"image\":{\"@id\":\"https:\\\/\\\/lasentinelle.dz\\\/#\\\/schema\\\/logo\\\/image\\\/\"},\"sameAs\":[\"https:\\\/\\\/www.facebook.com\\\/La-Sentinelle-104059864394773\"]},{\"@type\":\"Person\",\"@id\":\"https:\\\/\\\/lasentinelle.dz\\\/#\\\/schema\\\/person\\\/729ee0024f24e0b8c5ec17232f8e8b41\",\"name\":\"admin\",\"image\":{\"@type\":\"ImageObject\",\"inLanguage\":\"fr-FR\",\"@id\":\"https:\\\/\\\/secure.gravatar.com\\\/avatar\\\/4c81fed838786e9b53f540bf46533e750f5d292099ae3b66cfc6fb1982e29df7?s=96&d=mm&r=g\",\"url\":\"https:\\\/\\\/secure.gravatar.com\\\/avatar\\\/4c81fed838786e9b53f540bf46533e750f5d292099ae3b66cfc6fb1982e29df7?s=96&d=mm&r=g\",\"contentUrl\":\"https:\\\/\\\/secure.gravatar.com\\\/avatar\\\/4c81fed838786e9b53f540bf46533e750f5d292099ae3b66cfc6fb1982e29df7?s=96&d=mm&r=g\",\"caption\":\"admin\"},\"description\":\"admin\",\"url\":\"https:\\\/\\\/lasentinelle.dz\\\/author\\\/admin\\\/\"}]}<\/script>\n<!-- \/ Yoast SEO plugin. -->","yoast_head_json":{"title":"L&rsquo;APN installe une commission ad hoc charg\u00e9e de l&rsquo;\u00e9laborer : Une proposition de loi criminalisant la colonisation - La Sentinelle","robots":{"index":"index","follow":"follow","max-snippet":"max-snippet:-1","max-image-preview":"max-image-preview:large","max-video-preview":"max-video-preview:-1"},"canonical":"https:\/\/lasentinelle.dz\/index.php\/2025\/03\/24\/lapn-installe-une-commission-ad-hoc-chargee-de-lelaborer-une-proposition-de-loi-criminalisant-la-colonisation\/","og_locale":"fr_FR","og_type":"article","og_title":"L&rsquo;APN installe une commission ad hoc charg\u00e9e de l&rsquo;\u00e9laborer : Une proposition de loi criminalisant la colonisation - La Sentinelle","og_description":"Le pr\u00e9sident de l&rsquo;Assembl\u00e9e populaire nationale (APN), Brahim Boughali, a annonc\u00e9 hier \u00e0 Alger la mise en place d&rsquo;une commission","og_url":"https:\/\/lasentinelle.dz\/index.php\/2025\/03\/24\/lapn-installe-une-commission-ad-hoc-chargee-de-lelaborer-une-proposition-de-loi-criminalisant-la-colonisation\/","og_site_name":"La Sentinelle","article_publisher":"https:\/\/www.facebook.com\/La-Sentinelle-104059864394773","article_published_time":"2025-03-24T12:53:46+00:00","article_modified_time":"2025-03-24T12:53:47+00:00","og_image":[{"width":1075,"height":578,"url":"https:\/\/lasentinelle.dz\/wp-content\/uploads\/2025\/03\/boughali.jpg","type":"image\/jpeg"}],"author":"admin","twitter_card":"summary_large_image","twitter_misc":{"\u00c9crit par":"admin","Dur\u00e9e de lecture estim\u00e9e":"3 minutes"},"schema":{"@context":"https:\/\/schema.org","@graph":[{"@type":"Article","@id":"https:\/\/lasentinelle.dz\/index.php\/2025\/03\/24\/lapn-installe-une-commission-ad-hoc-chargee-de-lelaborer-une-proposition-de-loi-criminalisant-la-colonisation\/#article","isPartOf":{"@id":"https:\/\/lasentinelle.dz\/index.php\/2025\/03\/24\/lapn-installe-une-commission-ad-hoc-chargee-de-lelaborer-une-proposition-de-loi-criminalisant-la-colonisation\/"},"author":{"name":"admin","@id":"https:\/\/lasentinelle.dz\/#\/schema\/person\/729ee0024f24e0b8c5ec17232f8e8b41"},"headline":"L&rsquo;APN installe une commission ad hoc charg\u00e9e de l&rsquo;\u00e9laborer : Une proposition de loi criminalisant la colonisation","datePublished":"2025-03-24T12:53:46+00:00","dateModified":"2025-03-24T12:53:47+00:00","mainEntityOfPage":{"@id":"https:\/\/lasentinelle.dz\/index.php\/2025\/03\/24\/lapn-installe-une-commission-ad-hoc-chargee-de-lelaborer-une-proposition-de-loi-criminalisant-la-colonisation\/"},"wordCount":612,"commentCount":0,"publisher":{"@id":"https:\/\/lasentinelle.dz\/#organization"},"image":{"@id":"https:\/\/lasentinelle.dz\/index.php\/2025\/03\/24\/lapn-installe-une-commission-ad-hoc-chargee-de-lelaborer-une-proposition-de-loi-criminalisant-la-colonisation\/#primaryimage"},"thumbnailUrl":"https:\/\/lasentinelle.dz\/wp-content\/uploads\/2025\/03\/boughali.jpg","articleSection":["\u00c0 la Une","Actualit\u00e9"],"inLanguage":"fr-FR","potentialAction":[{"@type":"CommentAction","name":"Comment","target":["https:\/\/lasentinelle.dz\/index.php\/2025\/03\/24\/lapn-installe-une-commission-ad-hoc-chargee-de-lelaborer-une-proposition-de-loi-criminalisant-la-colonisation\/#respond"]}]},{"@type":"WebPage","@id":"https:\/\/lasentinelle.dz\/index.php\/2025\/03\/24\/lapn-installe-une-commission-ad-hoc-chargee-de-lelaborer-une-proposition-de-loi-criminalisant-la-colonisation\/","url":"https:\/\/lasentinelle.dz\/index.php\/2025\/03\/24\/lapn-installe-une-commission-ad-hoc-chargee-de-lelaborer-une-proposition-de-loi-criminalisant-la-colonisation\/","name":"L&rsquo;APN installe une commission ad hoc charg\u00e9e de l&rsquo;\u00e9laborer : Une proposition de loi criminalisant la colonisation - La Sentinelle","isPartOf":{"@id":"https:\/\/lasentinelle.dz\/#website"},"primaryImageOfPage":{"@id":"https:\/\/lasentinelle.dz\/index.php\/2025\/03\/24\/lapn-installe-une-commission-ad-hoc-chargee-de-lelaborer-une-proposition-de-loi-criminalisant-la-colonisation\/#primaryimage"},"image":{"@id":"https:\/\/lasentinelle.dz\/index.php\/2025\/03\/24\/lapn-installe-une-commission-ad-hoc-chargee-de-lelaborer-une-proposition-de-loi-criminalisant-la-colonisation\/#primaryimage"},"thumbnailUrl":"https:\/\/lasentinelle.dz\/wp-content\/uploads\/2025\/03\/boughali.jpg","datePublished":"2025-03-24T12:53:46+00:00","dateModified":"2025-03-24T12:53:47+00:00","breadcrumb":{"@id":"https:\/\/lasentinelle.dz\/index.php\/2025\/03\/24\/lapn-installe-une-commission-ad-hoc-chargee-de-lelaborer-une-proposition-de-loi-criminalisant-la-colonisation\/#breadcrumb"},"inLanguage":"fr-FR","potentialAction":[{"@type":"ReadAction","target":["https:\/\/lasentinelle.dz\/index.php\/2025\/03\/24\/lapn-installe-une-commission-ad-hoc-chargee-de-lelaborer-une-proposition-de-loi-criminalisant-la-colonisation\/"]}]},{"@type":"ImageObject","inLanguage":"fr-FR","@id":"https:\/\/lasentinelle.dz\/index.php\/2025\/03\/24\/lapn-installe-une-commission-ad-hoc-chargee-de-lelaborer-une-proposition-de-loi-criminalisant-la-colonisation\/#primaryimage","url":"https:\/\/lasentinelle.dz\/wp-content\/uploads\/2025\/03\/boughali.jpg","contentUrl":"https:\/\/lasentinelle.dz\/wp-content\/uploads\/2025\/03\/boughali.jpg","width":1075,"height":578},{"@type":"BreadcrumbList","@id":"https:\/\/lasentinelle.dz\/index.php\/2025\/03\/24\/lapn-installe-une-commission-ad-hoc-chargee-de-lelaborer-une-proposition-de-loi-criminalisant-la-colonisation\/#breadcrumb","itemListElement":[{"@type":"ListItem","position":1,"name":"Accueil","item":"https:\/\/lasentinelle.dz\/"},{"@type":"ListItem","position":2,"name":"L&rsquo;APN installe une commission ad hoc charg\u00e9e de l&rsquo;\u00e9laborer : Une proposition de loi criminalisant la colonisation"}]},{"@type":"WebSite","@id":"https:\/\/lasentinelle.dz\/#website","url":"https:\/\/lasentinelle.dz\/","name":"La Sentinelle","description":"Quotidien national d&#039;information","publisher":{"@id":"https:\/\/lasentinelle.dz\/#organization"},"potentialAction":[{"@type":"SearchAction","target":{"@type":"EntryPoint","urlTemplate":"https:\/\/lasentinelle.dz\/?s={search_term_string}"},"query-input":{"@type":"PropertyValueSpecification","valueRequired":true,"valueName":"search_term_string"}}],"inLanguage":"fr-FR"},{"@type":"Organization","@id":"https:\/\/lasentinelle.dz\/#organization","name":"Quotidien La Sentinelle","url":"https:\/\/lasentinelle.dz\/","logo":{"@type":"ImageObject","inLanguage":"fr-FR","@id":"https:\/\/lasentinelle.dz\/#\/schema\/logo\/image\/","url":"https:\/\/lasentinelle.dz\/wp-content\/uploads\/2021\/09\/logo-sentinelleSLOGAN-1.png","contentUrl":"https:\/\/lasentinelle.dz\/wp-content\/uploads\/2021\/09\/logo-sentinelleSLOGAN-1.png","width":615,"height":142,"caption":"Quotidien La Sentinelle"},"image":{"@id":"https:\/\/lasentinelle.dz\/#\/schema\/logo\/image\/"},"sameAs":["https:\/\/www.facebook.com\/La-Sentinelle-104059864394773"]},{"@type":"Person","@id":"https:\/\/lasentinelle.dz\/#\/schema\/person\/729ee0024f24e0b8c5ec17232f8e8b41","name":"admin","image":{"@type":"ImageObject","inLanguage":"fr-FR","@id":"https:\/\/secure.gravatar.com\/avatar\/4c81fed838786e9b53f540bf46533e750f5d292099ae3b66cfc6fb1982e29df7?s=96&d=mm&r=g","url":"https:\/\/secure.gravatar.com\/avatar\/4c81fed838786e9b53f540bf46533e750f5d292099ae3b66cfc6fb1982e29df7?s=96&d=mm&r=g","contentUrl":"https:\/\/secure.gravatar.com\/avatar\/4c81fed838786e9b53f540bf46533e750f5d292099ae3b66cfc6fb1982e29df7?s=96&d=mm&r=g","caption":"admin"},"description":"admin","url":"https:\/\/lasentinelle.dz\/author\/admin\/"}]}},"_links":{"self":[{"href":"https:\/\/lasentinelle.dz\/index.php\/wp-json\/wp\/v2\/posts\/64742","targetHints":{"allow":["GET"]}}],"collection":[{"href":"https:\/\/lasentinelle.dz\/index.php\/wp-json\/wp\/v2\/posts"}],"about":[{"href":"https:\/\/lasentinelle.dz\/index.php\/wp-json\/wp\/v2\/types\/post"}],"author":[{"embeddable":true,"href":"https:\/\/lasentinelle.dz\/index.php\/wp-json\/wp\/v2\/users\/6"}],"replies":[{"embeddable":true,"href":"https:\/\/lasentinelle.dz\/index.php\/wp-json\/wp\/v2\/comments?post=64742"}],"version-history":[{"count":2,"href":"https:\/\/lasentinelle.dz\/index.php\/wp-json\/wp\/v2\/posts\/64742\/revisions"}],"predecessor-version":[{"id":64746,"href":"https:\/\/lasentinelle.dz\/index.php\/wp-json\/wp\/v2\/posts\/64742\/revisions\/64746"}],"wp:featuredmedia":[{"embeddable":true,"href":"https:\/\/lasentinelle.dz\/index.php\/wp-json\/wp\/v2\/media\/64744"}],"wp:attachment":[{"href":"https:\/\/lasentinelle.dz\/index.php\/wp-json\/wp\/v2\/media?parent=64742"}],"wp:term":[{"taxonomy":"category","embeddable":true,"href":"https:\/\/lasentinelle.dz\/index.php\/wp-json\/wp\/v2\/categories?post=64742"},{"taxonomy":"post_tag","embeddable":true,"href":"https:\/\/lasentinelle.dz\/index.php\/wp-json\/wp\/v2\/tags?post=64742"}],"curies":[{"name":"wp","href":"https:\/\/api.w.org\/{rel}","templated":true}]}}