{"id":64765,"date":"2025-03-24T11:42:22","date_gmt":"2025-03-24T10:42:22","guid":{"rendered":"https:\/\/lasentinelle.dz\/?p=64765"},"modified":"2025-03-25T11:42:58","modified_gmt":"2025-03-25T10:42:58","slug":"canex-la-2e-edition-du-prix-de-ledition-en-afrique-lancee","status":"publish","type":"post","link":"https:\/\/lasentinelle.dz\/index.php\/2025\/03\/24\/canex-la-2e-edition-du-prix-de-ledition-en-afrique-lancee\/","title":{"rendered":"CANEX : La 2e \u00e9dition du Prix de l&rsquo;\u00e9dition en Afrique lanc\u00e9e"},"content":{"rendered":"\n<p>La Banque Africaine d&rsquo;export-import (Afreximbank) a officiellement lanc\u00e9 samedi la deuxi\u00e8me \u00e9dition du Prix de l&rsquo;\u00e9dition en Afrique, une initiative dont le d\u00e9nouement se tiendra en septembre prochain \u00e0 Alger, dans le cadre prestigieux de la 4e Foire commerciale intra-africaine (IATF). Cet \u00e9v\u00e9nement, consid\u00e9r\u00e9 comme le rendez-vous commercial et d&rsquo;investissement le plus important du continent, servira d&rsquo;\u00e9crin \u00e0 cette c\u00e9l\u00e9bration litt\u00e9raire panafricaine qui gagne en notori\u00e9t\u00e9. Port\u00e9e par le Nexus de l&rsquo;Afrique Cr\u00e9ative (CANEX), programme phare d\u00e9velopp\u00e9 par l&rsquo;Afreximbank, cette comp\u00e9tition baptis\u00e9e \u00ab\u00a0Prix CANEX Book Factory pour l&rsquo;\u00e9dition en Afrique\u00a0\u00bb cible sp\u00e9cifiquement les \u00e9diteurs africains de livres sp\u00e9cialis\u00e9s. L&rsquo;appel \u00e0 candidatures concerne les ouvrages commerciaux publi\u00e9s par des maisons d&rsquo;\u00e9dition \u00e9tablies sur le sol africain au cours de l&rsquo;ann\u00e9e pr\u00e9c\u00e9dant la remise du prix. Une particularit\u00e9 notable de cette initiative r\u00e9side dans son ouverture linguistique exceptionnelle, embrassant la diversit\u00e9 des expressions culturelles du continent. En effet, les \u0153uvres \u00e9ligibles peuvent \u00eatre r\u00e9dig\u00e9es dans une ou plusieurs des langues officielles de l&rsquo;Union Africaine, \u00e0 savoir l&rsquo;Arabe, l&rsquo;Anglais, le Fran\u00e7ais, le Portugais, l&rsquo;Espagnol, le Swahili, ainsi que toute autre langue africaine reconnue. L&rsquo;ambition affich\u00e9e par l&rsquo;Afreximbank \u00e0 travers ce prix d\u00e9passe le simple cadre d&rsquo;une r\u00e9compense litt\u00e9raire conventionnelle. L&rsquo;institution financi\u00e8re panafricaine entend \u00ab\u00a0mettre en valeur la cha\u00eene de valeur de l&rsquo;\u00e9dition et de la litt\u00e9rature en Afrique\u00a0\u00bb tout en contribuant activement au \u00ab\u00a0d\u00e9veloppement des talents litt\u00e9raires sur le continent et dans sa diaspora\u00a0\u00bb. Cette d\u00e9marche s&rsquo;inscrit dans une vision globale de promotion des industries cr\u00e9atives africaines comme vecteurs de d\u00e9veloppement \u00e9conomique et d&rsquo;affirmation identitaire. Les \u00e9diteurs int\u00e9ress\u00e9s par cette opportunit\u00e9 disposent d&rsquo;un d\u00e9lai relativement court pour finaliser leurs dossiers, la date limite de soumission \u00e9tant fix\u00e9e au 30 avril prochain. Ce calendrier resserr\u00e9 t\u00e9moigne de la dynamique impuls\u00e9e par les organisateurs, soucieux d&rsquo;int\u00e9grer cette distinction dans le programme d\u00e9j\u00e0 dense de la Foire commerciale intra-africaine qui se profile \u00e0 l&rsquo;horizon de septembre. Mme Kanayo Awani, vice-pr\u00e9sidente ex\u00e9cutive charg\u00e9e du commerce intra-africain et du d\u00e9veloppement des exportations \u00e0 l&rsquo;Afreximbank, ne cache pas son enthousiasme quant \u00e0 cette seconde \u00e9dition : \u00ab\u00a0Nous sommes ravis d&rsquo;annoncer le prix Canex Book Factory 2025 pour l&rsquo;\u00e9dition en Afrique. S&rsquo;appuyant sur le succ\u00e8s de l&rsquo;\u00e9dition de l&rsquo;ann\u00e9e derni\u00e8re, cette initiative historique c\u00e9l\u00e8bre l&rsquo;excellence de l&rsquo;\u00e9dition Africaine.\u00a0\u00bb Elle a \u00e9galement soulign\u00e9 l&rsquo;importance strat\u00e9gique de cette d\u00e9marche : \u00ab\u00a0Gr\u00e2ce au Canex Book Factory, nous voulons mettre en lumi\u00e8re l&rsquo;\u00e9norme contribution des auteurs et des \u00e9diteurs Africains \u00e0 l&rsquo;identit\u00e9 culturelle et \u00e0 l&rsquo;\u00e9conomie de l&rsquo;Afrique.\u00a0\u00bb Le choix d&rsquo;Alger comme \u00e9crin pour cette c\u00e9r\u00e9monie de remise de prix rev\u00eat une dimension symbolique forte, la capitale s&rsquo;affirmant ainsi comme un carrefour d&rsquo;\u00e9changes culturels et \u00e9conomiques \u00e0 l&rsquo;\u00e9chelle du continent.<\/p>\n\n\n\n<p>M.S.<\/p>\n","protected":false},"excerpt":{"rendered":"<p>La Banque Africaine d&rsquo;export-import (Afreximbank) a officiellement lanc\u00e9 samedi la deuxi\u00e8me \u00e9dition du Prix de l&rsquo;\u00e9dition en Afrique, une initiative<\/p>\n","protected":false},"author":6,"featured_media":58322,"comment_status":"open","ping_status":"closed","sticky":false,"template":"","format":"standard","meta":{"colormag_page_container_layout":"default_layout","colormag_page_sidebar_layout":"default_layout","om_disable_all_campaigns":false,"_monsterinsights_skip_tracking":false,"_monsterinsights_sitenote_active":false,"_monsterinsights_sitenote_note":"","_monsterinsights_sitenote_category":0,"footnotes":"","_wpscppro_dont_share_socialmedia":false,"_wpscppro_custom_social_share_image":0,"_facebook_share_type":"default","_twitter_share_type":"default","_linkedin_share_type":"default","_pinterest_share_type":"default","_linkedin_share_type_page":"","_instagram_share_type":"default","_medium_share_type":"default","_threads_share_type":"","_google_business_share_type":"","_selected_social_profile":[],"_wpsp_enable_custom_social_template":false,"_wpsp_social_scheduling":{"enabled":false,"datetime":null,"platforms":[],"status":"template_only","dateOption":"today","timeOption":"now","customDays":"","customHours":"","customDate":"","customTime":"","schedulingType":"absolute"},"_wpsp_active_default_template":true},"categories":[36],"tags":[],"class_list":["post-64765","post","type-post","status-publish","format-standard","has-post-thumbnail","hentry","category-culture"],"aioseo_notices":[],"yoast_head":"<!-- This site is optimized with the Yoast SEO plugin v27.5 - https:\/\/yoast.com\/product\/yoast-seo-wordpress\/ -->\n<title>CANEX : La 2e \u00e9dition du Prix de l&rsquo;\u00e9dition en Afrique lanc\u00e9e - La Sentinelle<\/title>\n<meta name=\"robots\" content=\"index, follow, max-snippet:-1, max-image-preview:large, max-video-preview:-1\" \/>\n<link rel=\"canonical\" href=\"https:\/\/lasentinelle.dz\/index.php\/2025\/03\/24\/canex-la-2e-edition-du-prix-de-ledition-en-afrique-lancee\/\" \/>\n<meta property=\"og:locale\" content=\"fr_FR\" \/>\n<meta property=\"og:type\" content=\"article\" \/>\n<meta property=\"og:title\" content=\"CANEX : La 2e \u00e9dition du Prix de l&rsquo;\u00e9dition en Afrique lanc\u00e9e - La Sentinelle\" \/>\n<meta property=\"og:description\" content=\"La Banque Africaine d&rsquo;export-import (Afreximbank) a officiellement lanc\u00e9 samedi la deuxi\u00e8me \u00e9dition du Prix de l&rsquo;\u00e9dition en Afrique, une initiative\" \/>\n<meta property=\"og:url\" content=\"https:\/\/lasentinelle.dz\/index.php\/2025\/03\/24\/canex-la-2e-edition-du-prix-de-ledition-en-afrique-lancee\/\" \/>\n<meta property=\"og:site_name\" content=\"La Sentinelle\" \/>\n<meta property=\"article:publisher\" content=\"https:\/\/www.facebook.com\/La-Sentinelle-104059864394773\" \/>\n<meta property=\"article:published_time\" content=\"2025-03-24T10:42:22+00:00\" \/>\n<meta property=\"article:modified_time\" content=\"2025-03-25T10:42:58+00:00\" \/>\n<meta property=\"og:image\" content=\"https:\/\/lasentinelle.dz\/wp-content\/uploads\/2024\/10\/Canex.jpg\" \/>\n\t<meta property=\"og:image:width\" content=\"1440\" \/>\n\t<meta property=\"og:image:height\" content=\"960\" \/>\n\t<meta property=\"og:image:type\" content=\"image\/jpeg\" \/>\n<meta name=\"author\" content=\"admin\" \/>\n<meta name=\"twitter:card\" content=\"summary_large_image\" \/>\n<meta name=\"twitter:label1\" content=\"\u00c9crit par\" \/>\n\t<meta name=\"twitter:data1\" content=\"admin\" \/>\n\t<meta name=\"twitter:label2\" content=\"Dur\u00e9e de lecture estim\u00e9e\" \/>\n\t<meta name=\"twitter:data2\" content=\"3 minutes\" \/>\n<script type=\"application\/ld+json\" class=\"yoast-schema-graph\">{\"@context\":\"https:\\\/\\\/schema.org\",\"@graph\":[{\"@type\":\"Article\",\"@id\":\"https:\\\/\\\/lasentinelle.dz\\\/index.php\\\/2025\\\/03\\\/24\\\/canex-la-2e-edition-du-prix-de-ledition-en-afrique-lancee\\\/#article\",\"isPartOf\":{\"@id\":\"https:\\\/\\\/lasentinelle.dz\\\/index.php\\\/2025\\\/03\\\/24\\\/canex-la-2e-edition-du-prix-de-ledition-en-afrique-lancee\\\/\"},\"author\":{\"name\":\"admin\",\"@id\":\"https:\\\/\\\/lasentinelle.dz\\\/#\\\/schema\\\/person\\\/729ee0024f24e0b8c5ec17232f8e8b41\"},\"headline\":\"CANEX : La 2e \u00e9dition du Prix de l&rsquo;\u00e9dition en Afrique lanc\u00e9e\",\"datePublished\":\"2025-03-24T10:42:22+00:00\",\"dateModified\":\"2025-03-25T10:42:58+00:00\",\"mainEntityOfPage\":{\"@id\":\"https:\\\/\\\/lasentinelle.dz\\\/index.php\\\/2025\\\/03\\\/24\\\/canex-la-2e-edition-du-prix-de-ledition-en-afrique-lancee\\\/\"},\"wordCount\":538,\"commentCount\":0,\"publisher\":{\"@id\":\"https:\\\/\\\/lasentinelle.dz\\\/#organization\"},\"image\":{\"@id\":\"https:\\\/\\\/lasentinelle.dz\\\/index.php\\\/2025\\\/03\\\/24\\\/canex-la-2e-edition-du-prix-de-ledition-en-afrique-lancee\\\/#primaryimage\"},\"thumbnailUrl\":\"https:\\\/\\\/lasentinelle.dz\\\/wp-content\\\/uploads\\\/2024\\\/10\\\/Canex.jpg\",\"articleSection\":[\"Culture\"],\"inLanguage\":\"fr-FR\",\"potentialAction\":[{\"@type\":\"CommentAction\",\"name\":\"Comment\",\"target\":[\"https:\\\/\\\/lasentinelle.dz\\\/index.php\\\/2025\\\/03\\\/24\\\/canex-la-2e-edition-du-prix-de-ledition-en-afrique-lancee\\\/#respond\"]}]},{\"@type\":\"WebPage\",\"@id\":\"https:\\\/\\\/lasentinelle.dz\\\/index.php\\\/2025\\\/03\\\/24\\\/canex-la-2e-edition-du-prix-de-ledition-en-afrique-lancee\\\/\",\"url\":\"https:\\\/\\\/lasentinelle.dz\\\/index.php\\\/2025\\\/03\\\/24\\\/canex-la-2e-edition-du-prix-de-ledition-en-afrique-lancee\\\/\",\"name\":\"CANEX : La 2e \u00e9dition du Prix de l&rsquo;\u00e9dition en Afrique lanc\u00e9e - La Sentinelle\",\"isPartOf\":{\"@id\":\"https:\\\/\\\/lasentinelle.dz\\\/#website\"},\"primaryImageOfPage\":{\"@id\":\"https:\\\/\\\/lasentinelle.dz\\\/index.php\\\/2025\\\/03\\\/24\\\/canex-la-2e-edition-du-prix-de-ledition-en-afrique-lancee\\\/#primaryimage\"},\"image\":{\"@id\":\"https:\\\/\\\/lasentinelle.dz\\\/index.php\\\/2025\\\/03\\\/24\\\/canex-la-2e-edition-du-prix-de-ledition-en-afrique-lancee\\\/#primaryimage\"},\"thumbnailUrl\":\"https:\\\/\\\/lasentinelle.dz\\\/wp-content\\\/uploads\\\/2024\\\/10\\\/Canex.jpg\",\"datePublished\":\"2025-03-24T10:42:22+00:00\",\"dateModified\":\"2025-03-25T10:42:58+00:00\",\"breadcrumb\":{\"@id\":\"https:\\\/\\\/lasentinelle.dz\\\/index.php\\\/2025\\\/03\\\/24\\\/canex-la-2e-edition-du-prix-de-ledition-en-afrique-lancee\\\/#breadcrumb\"},\"inLanguage\":\"fr-FR\",\"potentialAction\":[{\"@type\":\"ReadAction\",\"target\":[\"https:\\\/\\\/lasentinelle.dz\\\/index.php\\\/2025\\\/03\\\/24\\\/canex-la-2e-edition-du-prix-de-ledition-en-afrique-lancee\\\/\"]}]},{\"@type\":\"ImageObject\",\"inLanguage\":\"fr-FR\",\"@id\":\"https:\\\/\\\/lasentinelle.dz\\\/index.php\\\/2025\\\/03\\\/24\\\/canex-la-2e-edition-du-prix-de-ledition-en-afrique-lancee\\\/#primaryimage\",\"url\":\"https:\\\/\\\/lasentinelle.dz\\\/wp-content\\\/uploads\\\/2024\\\/10\\\/Canex.jpg\",\"contentUrl\":\"https:\\\/\\\/lasentinelle.dz\\\/wp-content\\\/uploads\\\/2024\\\/10\\\/Canex.jpg\",\"width\":1440,\"height\":960},{\"@type\":\"BreadcrumbList\",\"@id\":\"https:\\\/\\\/lasentinelle.dz\\\/index.php\\\/2025\\\/03\\\/24\\\/canex-la-2e-edition-du-prix-de-ledition-en-afrique-lancee\\\/#breadcrumb\",\"itemListElement\":[{\"@type\":\"ListItem\",\"position\":1,\"name\":\"Accueil\",\"item\":\"https:\\\/\\\/lasentinelle.dz\\\/\"},{\"@type\":\"ListItem\",\"position\":2,\"name\":\"CANEX : La 2e \u00e9dition du Prix de l&rsquo;\u00e9dition en Afrique lanc\u00e9e\"}]},{\"@type\":\"WebSite\",\"@id\":\"https:\\\/\\\/lasentinelle.dz\\\/#website\",\"url\":\"https:\\\/\\\/lasentinelle.dz\\\/\",\"name\":\"La Sentinelle\",\"description\":\"Quotidien national d&#039;information\",\"publisher\":{\"@id\":\"https:\\\/\\\/lasentinelle.dz\\\/#organization\"},\"potentialAction\":[{\"@type\":\"SearchAction\",\"target\":{\"@type\":\"EntryPoint\",\"urlTemplate\":\"https:\\\/\\\/lasentinelle.dz\\\/?s={search_term_string}\"},\"query-input\":{\"@type\":\"PropertyValueSpecification\",\"valueRequired\":true,\"valueName\":\"search_term_string\"}}],\"inLanguage\":\"fr-FR\"},{\"@type\":\"Organization\",\"@id\":\"https:\\\/\\\/lasentinelle.dz\\\/#organization\",\"name\":\"Quotidien La Sentinelle\",\"url\":\"https:\\\/\\\/lasentinelle.dz\\\/\",\"logo\":{\"@type\":\"ImageObject\",\"inLanguage\":\"fr-FR\",\"@id\":\"https:\\\/\\\/lasentinelle.dz\\\/#\\\/schema\\\/logo\\\/image\\\/\",\"url\":\"https:\\\/\\\/lasentinelle.dz\\\/wp-content\\\/uploads\\\/2021\\\/09\\\/logo-sentinelleSLOGAN-1.png\",\"contentUrl\":\"https:\\\/\\\/lasentinelle.dz\\\/wp-content\\\/uploads\\\/2021\\\/09\\\/logo-sentinelleSLOGAN-1.png\",\"width\":615,\"height\":142,\"caption\":\"Quotidien La Sentinelle\"},\"image\":{\"@id\":\"https:\\\/\\\/lasentinelle.dz\\\/#\\\/schema\\\/logo\\\/image\\\/\"},\"sameAs\":[\"https:\\\/\\\/www.facebook.com\\\/La-Sentinelle-104059864394773\"]},{\"@type\":\"Person\",\"@id\":\"https:\\\/\\\/lasentinelle.dz\\\/#\\\/schema\\\/person\\\/729ee0024f24e0b8c5ec17232f8e8b41\",\"name\":\"admin\",\"image\":{\"@type\":\"ImageObject\",\"inLanguage\":\"fr-FR\",\"@id\":\"https:\\\/\\\/secure.gravatar.com\\\/avatar\\\/4c81fed838786e9b53f540bf46533e750f5d292099ae3b66cfc6fb1982e29df7?s=96&d=mm&r=g\",\"url\":\"https:\\\/\\\/secure.gravatar.com\\\/avatar\\\/4c81fed838786e9b53f540bf46533e750f5d292099ae3b66cfc6fb1982e29df7?s=96&d=mm&r=g\",\"contentUrl\":\"https:\\\/\\\/secure.gravatar.com\\\/avatar\\\/4c81fed838786e9b53f540bf46533e750f5d292099ae3b66cfc6fb1982e29df7?s=96&d=mm&r=g\",\"caption\":\"admin\"},\"description\":\"admin\",\"url\":\"https:\\\/\\\/lasentinelle.dz\\\/author\\\/admin\\\/\"}]}<\/script>\n<!-- \/ Yoast SEO plugin. -->","yoast_head_json":{"title":"CANEX : La 2e \u00e9dition du Prix de l&rsquo;\u00e9dition en Afrique lanc\u00e9e - La Sentinelle","robots":{"index":"index","follow":"follow","max-snippet":"max-snippet:-1","max-image-preview":"max-image-preview:large","max-video-preview":"max-video-preview:-1"},"canonical":"https:\/\/lasentinelle.dz\/index.php\/2025\/03\/24\/canex-la-2e-edition-du-prix-de-ledition-en-afrique-lancee\/","og_locale":"fr_FR","og_type":"article","og_title":"CANEX : La 2e \u00e9dition du Prix de l&rsquo;\u00e9dition en Afrique lanc\u00e9e - La Sentinelle","og_description":"La Banque Africaine d&rsquo;export-import (Afreximbank) a officiellement lanc\u00e9 samedi la deuxi\u00e8me \u00e9dition du Prix de l&rsquo;\u00e9dition en Afrique, une initiative","og_url":"https:\/\/lasentinelle.dz\/index.php\/2025\/03\/24\/canex-la-2e-edition-du-prix-de-ledition-en-afrique-lancee\/","og_site_name":"La Sentinelle","article_publisher":"https:\/\/www.facebook.com\/La-Sentinelle-104059864394773","article_published_time":"2025-03-24T10:42:22+00:00","article_modified_time":"2025-03-25T10:42:58+00:00","og_image":[{"width":1440,"height":960,"url":"https:\/\/lasentinelle.dz\/wp-content\/uploads\/2024\/10\/Canex.jpg","type":"image\/jpeg"}],"author":"admin","twitter_card":"summary_large_image","twitter_misc":{"\u00c9crit par":"admin","Dur\u00e9e de lecture estim\u00e9e":"3 minutes"},"schema":{"@context":"https:\/\/schema.org","@graph":[{"@type":"Article","@id":"https:\/\/lasentinelle.dz\/index.php\/2025\/03\/24\/canex-la-2e-edition-du-prix-de-ledition-en-afrique-lancee\/#article","isPartOf":{"@id":"https:\/\/lasentinelle.dz\/index.php\/2025\/03\/24\/canex-la-2e-edition-du-prix-de-ledition-en-afrique-lancee\/"},"author":{"name":"admin","@id":"https:\/\/lasentinelle.dz\/#\/schema\/person\/729ee0024f24e0b8c5ec17232f8e8b41"},"headline":"CANEX : La 2e \u00e9dition du Prix de l&rsquo;\u00e9dition en Afrique lanc\u00e9e","datePublished":"2025-03-24T10:42:22+00:00","dateModified":"2025-03-25T10:42:58+00:00","mainEntityOfPage":{"@id":"https:\/\/lasentinelle.dz\/index.php\/2025\/03\/24\/canex-la-2e-edition-du-prix-de-ledition-en-afrique-lancee\/"},"wordCount":538,"commentCount":0,"publisher":{"@id":"https:\/\/lasentinelle.dz\/#organization"},"image":{"@id":"https:\/\/lasentinelle.dz\/index.php\/2025\/03\/24\/canex-la-2e-edition-du-prix-de-ledition-en-afrique-lancee\/#primaryimage"},"thumbnailUrl":"https:\/\/lasentinelle.dz\/wp-content\/uploads\/2024\/10\/Canex.jpg","articleSection":["Culture"],"inLanguage":"fr-FR","potentialAction":[{"@type":"CommentAction","name":"Comment","target":["https:\/\/lasentinelle.dz\/index.php\/2025\/03\/24\/canex-la-2e-edition-du-prix-de-ledition-en-afrique-lancee\/#respond"]}]},{"@type":"WebPage","@id":"https:\/\/lasentinelle.dz\/index.php\/2025\/03\/24\/canex-la-2e-edition-du-prix-de-ledition-en-afrique-lancee\/","url":"https:\/\/lasentinelle.dz\/index.php\/2025\/03\/24\/canex-la-2e-edition-du-prix-de-ledition-en-afrique-lancee\/","name":"CANEX : La 2e \u00e9dition du Prix de l&rsquo;\u00e9dition en Afrique lanc\u00e9e - La Sentinelle","isPartOf":{"@id":"https:\/\/lasentinelle.dz\/#website"},"primaryImageOfPage":{"@id":"https:\/\/lasentinelle.dz\/index.php\/2025\/03\/24\/canex-la-2e-edition-du-prix-de-ledition-en-afrique-lancee\/#primaryimage"},"image":{"@id":"https:\/\/lasentinelle.dz\/index.php\/2025\/03\/24\/canex-la-2e-edition-du-prix-de-ledition-en-afrique-lancee\/#primaryimage"},"thumbnailUrl":"https:\/\/lasentinelle.dz\/wp-content\/uploads\/2024\/10\/Canex.jpg","datePublished":"2025-03-24T10:42:22+00:00","dateModified":"2025-03-25T10:42:58+00:00","breadcrumb":{"@id":"https:\/\/lasentinelle.dz\/index.php\/2025\/03\/24\/canex-la-2e-edition-du-prix-de-ledition-en-afrique-lancee\/#breadcrumb"},"inLanguage":"fr-FR","potentialAction":[{"@type":"ReadAction","target":["https:\/\/lasentinelle.dz\/index.php\/2025\/03\/24\/canex-la-2e-edition-du-prix-de-ledition-en-afrique-lancee\/"]}]},{"@type":"ImageObject","inLanguage":"fr-FR","@id":"https:\/\/lasentinelle.dz\/index.php\/2025\/03\/24\/canex-la-2e-edition-du-prix-de-ledition-en-afrique-lancee\/#primaryimage","url":"https:\/\/lasentinelle.dz\/wp-content\/uploads\/2024\/10\/Canex.jpg","contentUrl":"https:\/\/lasentinelle.dz\/wp-content\/uploads\/2024\/10\/Canex.jpg","width":1440,"height":960},{"@type":"BreadcrumbList","@id":"https:\/\/lasentinelle.dz\/index.php\/2025\/03\/24\/canex-la-2e-edition-du-prix-de-ledition-en-afrique-lancee\/#breadcrumb","itemListElement":[{"@type":"ListItem","position":1,"name":"Accueil","item":"https:\/\/lasentinelle.dz\/"},{"@type":"ListItem","position":2,"name":"CANEX : La 2e \u00e9dition du Prix de l&rsquo;\u00e9dition en Afrique lanc\u00e9e"}]},{"@type":"WebSite","@id":"https:\/\/lasentinelle.dz\/#website","url":"https:\/\/lasentinelle.dz\/","name":"La Sentinelle","description":"Quotidien national d&#039;information","publisher":{"@id":"https:\/\/lasentinelle.dz\/#organization"},"potentialAction":[{"@type":"SearchAction","target":{"@type":"EntryPoint","urlTemplate":"https:\/\/lasentinelle.dz\/?s={search_term_string}"},"query-input":{"@type":"PropertyValueSpecification","valueRequired":true,"valueName":"search_term_string"}}],"inLanguage":"fr-FR"},{"@type":"Organization","@id":"https:\/\/lasentinelle.dz\/#organization","name":"Quotidien La Sentinelle","url":"https:\/\/lasentinelle.dz\/","logo":{"@type":"ImageObject","inLanguage":"fr-FR","@id":"https:\/\/lasentinelle.dz\/#\/schema\/logo\/image\/","url":"https:\/\/lasentinelle.dz\/wp-content\/uploads\/2021\/09\/logo-sentinelleSLOGAN-1.png","contentUrl":"https:\/\/lasentinelle.dz\/wp-content\/uploads\/2021\/09\/logo-sentinelleSLOGAN-1.png","width":615,"height":142,"caption":"Quotidien La Sentinelle"},"image":{"@id":"https:\/\/lasentinelle.dz\/#\/schema\/logo\/image\/"},"sameAs":["https:\/\/www.facebook.com\/La-Sentinelle-104059864394773"]},{"@type":"Person","@id":"https:\/\/lasentinelle.dz\/#\/schema\/person\/729ee0024f24e0b8c5ec17232f8e8b41","name":"admin","image":{"@type":"ImageObject","inLanguage":"fr-FR","@id":"https:\/\/secure.gravatar.com\/avatar\/4c81fed838786e9b53f540bf46533e750f5d292099ae3b66cfc6fb1982e29df7?s=96&d=mm&r=g","url":"https:\/\/secure.gravatar.com\/avatar\/4c81fed838786e9b53f540bf46533e750f5d292099ae3b66cfc6fb1982e29df7?s=96&d=mm&r=g","contentUrl":"https:\/\/secure.gravatar.com\/avatar\/4c81fed838786e9b53f540bf46533e750f5d292099ae3b66cfc6fb1982e29df7?s=96&d=mm&r=g","caption":"admin"},"description":"admin","url":"https:\/\/lasentinelle.dz\/author\/admin\/"}]}},"_links":{"self":[{"href":"https:\/\/lasentinelle.dz\/index.php\/wp-json\/wp\/v2\/posts\/64765","targetHints":{"allow":["GET"]}}],"collection":[{"href":"https:\/\/lasentinelle.dz\/index.php\/wp-json\/wp\/v2\/posts"}],"about":[{"href":"https:\/\/lasentinelle.dz\/index.php\/wp-json\/wp\/v2\/types\/post"}],"author":[{"embeddable":true,"href":"https:\/\/lasentinelle.dz\/index.php\/wp-json\/wp\/v2\/users\/6"}],"replies":[{"embeddable":true,"href":"https:\/\/lasentinelle.dz\/index.php\/wp-json\/wp\/v2\/comments?post=64765"}],"version-history":[{"count":2,"href":"https:\/\/lasentinelle.dz\/index.php\/wp-json\/wp\/v2\/posts\/64765\/revisions"}],"predecessor-version":[{"id":64767,"href":"https:\/\/lasentinelle.dz\/index.php\/wp-json\/wp\/v2\/posts\/64765\/revisions\/64767"}],"wp:featuredmedia":[{"embeddable":true,"href":"https:\/\/lasentinelle.dz\/index.php\/wp-json\/wp\/v2\/media\/58322"}],"wp:attachment":[{"href":"https:\/\/lasentinelle.dz\/index.php\/wp-json\/wp\/v2\/media?parent=64765"}],"wp:term":[{"taxonomy":"category","embeddable":true,"href":"https:\/\/lasentinelle.dz\/index.php\/wp-json\/wp\/v2\/categories?post=64765"},{"taxonomy":"post_tag","embeddable":true,"href":"https:\/\/lasentinelle.dz\/index.php\/wp-json\/wp\/v2\/tags?post=64765"}],"curies":[{"name":"wp","href":"https:\/\/api.w.org\/{rel}","templated":true}]}}