{"id":64772,"date":"2025-03-24T11:44:02","date_gmt":"2025-03-24T10:44:02","guid":{"rendered":"https:\/\/lasentinelle.dz\/?p=64772"},"modified":"2025-03-25T11:44:38","modified_gmt":"2025-03-25T10:44:38","slug":"sahara-occidental-occupe-des-ong-denoncent-lintensification-des-violations-des-droits-de-lhomme","status":"publish","type":"post","link":"https:\/\/lasentinelle.dz\/index.php\/2025\/03\/24\/sahara-occidental-occupe-des-ong-denoncent-lintensification-des-violations-des-droits-de-lhomme\/","title":{"rendered":"Sahara occidental occup\u00e9 : Des ONG d\u00e9noncent l&rsquo;intensification des violations des droits de l&rsquo;homme"},"content":{"rendered":"\n<p>L&rsquo;intensification des violations des droits de l&rsquo;homme au Sahara occidental occup\u00e9 a \u00e9t\u00e9 d\u00e9nonc\u00e9e, ce week-end \u00e0 Gen\u00e8ve, par des ONG, soutenant que ces violations refl\u00e9taient une politique permanente de r\u00e9pression des militants sahraouis en faveur de l&rsquo;autod\u00e9termination, cons\u00e9quence de l&rsquo;absence de m\u00e9canisme ind\u00e9pendant de suivi des droits humains dans ces territoires occup\u00e9s par le Maroc. Le Conseil international pour le soutien \u00e0 des proc\u00e8s \u00e9quitables et aux droits de l&rsquo;homme (ICSFT) s&rsquo;est alarm\u00e9 de la situation des droits de l&rsquo;homme dans les territoires occup\u00e9s du Sahara occidental, affirmant que l&rsquo;absence d&rsquo;un m\u00e9canisme ind\u00e9pendant de surveillance des droits humains a permis la poursuite des violations graves et syst\u00e9matiques commises par l&rsquo;occupant marocain. Dans une d\u00e9claration lue par le d\u00e9fenseur sahraoui des droits humains, Hassana Moulay Dahy, devant le Conseil des droits de l&rsquo;homme qui tient sa 58e session, cette organisation a d\u00e9nonc\u00e9 \u00ab\u00a0l&rsquo;incapacit\u00e9\u00a0\u00bb des Nations unies \u00e0 mettre en place un m\u00e9canisme ind\u00e9pendant de surveillance des droits humains au Sahara occidental, jugeant cette lacune \u00ab\u00a0inacceptable\u00a0\u00bb. En effet, la Mission des Nations unies pour l&rsquo;organisation d&rsquo;un r\u00e9f\u00e9rendum d&rsquo;autod\u00e9termination au Sahara occidental (MINURSO) est la seule mission moderne de maintien de la paix de l&rsquo;ONU n&rsquo;ayant pas de mandat relatif aux droits humains. L&rsquo;ONG a appel\u00e9, \u00e0 ce titre, le Conseil des droits de l\u2019homme \u00e0 \u00ab\u00a0prendre ses responsabilit\u00e9s\u00a0\u00bb et \u00e0 \u00ab\u00a0mettre en \u0153uvre des mesures concr\u00e8tes pour garantir un suivi ind\u00e9pendant\u00a0\u00bb de la situation des droits de l&rsquo;homme au Sahara occidental. \u00ab\u00a0L&rsquo;obtention de la justice pour le peuple sahraoui exige un v\u00e9ritable engagement international\u00a0\u00bb, a-t-elle ajout\u00e9. D\u00e9plorant \u00ab\u00a0le silence\u00a0\u00bb de la communaut\u00e9 internationale vis-\u00e0-vis de la situation au Sahara occidental occup\u00e9, l&rsquo;ICSFT a soulign\u00e9 que l&rsquo;occupant marocain continue de bloquer l&rsquo;acc\u00e8s \u00e0 ce territoire aux observateurs ind\u00e9pendants, y compris au Haut-Commissariat aux droits de l&rsquo;homme, malgr\u00e9 les appels r\u00e9p\u00e9t\u00e9s des organes onusiens \u00e0 renforcer la coop\u00e9ration. Pour cette organisation, le blocage des m\u00e9canismes internationaux de surveillance des droits de l&rsquo;homme porte atteinte non seulement \u00e0 la cr\u00e9dibilit\u00e9 des Nations unies, mais laisse \u00e9galement le peuple sahraoui sans aucune protection contre de graves violations de ses droits fondamentaux. \u00ab\u00a0Ces violations surviennent alors qu&rsquo;un blocus strict est impos\u00e9 \u00e0 ce territoire, emp\u00eachant les journalistes ind\u00e9pendants et les observateurs internationaux d&rsquo;acc\u00e9der aux territoires occup\u00e9s\u00a0\u00bb, a fait remarquer l&rsquo;ONG. De son c\u00f4t\u00e9, l&rsquo;activiste Yakouta Mokhtar qui a lu une d\u00e9claration au nom du Service international pour les droits de l&rsquo;homme (ISHR), a condamn\u00e9 la poursuite de l&rsquo;occupation marocaine du Sahara occidental, mettant en garde contre \u00ab\u00a0la multiplication des graves violations des droits humains en l&rsquo;absence de surveillance internationale efficace\u00a0\u00bb. Selon cette organisation de d\u00e9fense des droits humains, la poursuite de l&rsquo;occupation ill\u00e9gale du Sahara occidental refl\u00e8te \u00ab\u00a0l&rsquo;\u00e9chec flagrant\u00a0\u00bb de la communaut\u00e9 internationale \u00e0 mettre fin \u00e0 la colonisation du territoire et \u00e0 prot\u00e9ger les droits humains. \u00ab\u00a0Les Sahraouis, y compris les militants et les d\u00e9fenseurs des droits humains, sont syst\u00e9matiquement r\u00e9prim\u00e9s, simplement pour avoir revendiqu\u00e9 leurs droits l\u00e9gitimes, tandis que les r\u00e9solutions internationales relatives \u00e0 l&rsquo;exercice de leur droit \u00e0 l&rsquo;autod\u00e9termination restent gel\u00e9es et non appliqu\u00e9es\u00a0\u00bb, a-t-elle d\u00e9plor\u00e9. Des cas de d\u00e9tention arbitraire, de torture, de disparitions forc\u00e9es, de discrimination raciale, ainsi que de privation syst\u00e9matique des libert\u00e9s et de pillage des ressources naturelles du Sahara occidental, exacerbant davantage les souffrances du peuple sahraoui sous occupation, ont \u00e9t\u00e9 document\u00e9s, a-t-elle ajout\u00e9. Elle a rappel\u00e9, dans ce contexte, que les autorit\u00e9s marocaines d&rsquo;occupation continuent, depuis 2015, d&rsquo;interdire au Haut-Commissariat aux droits de l&rsquo;homme des Nations unies d&rsquo;acc\u00e9der aux territoires occup\u00e9s, consid\u00e9rant cette interdiction comme \u00ab\u00a0la preuve du manque de coop\u00e9ration du Maroc\u00a0\u00bb avec la communaut\u00e9 internationale. \u00ab\u00a0Cela a permis au Maroc d&rsquo;intensifier ses violations sans aucune surveillance\u00a0\u00bb, a-t-elle regrett\u00e9. L&rsquo;ONG a estim\u00e9, en effet, que le \u00ab\u00a0m\u00e9pris\u00a0\u00bb affich\u00e9 par la communaut\u00e9 internationale vis-\u00e0-vis de la situation au Sahara occidental \u00ab\u00a0sape la cr\u00e9dibilit\u00e9 des Nations unies dans la protection des droits humains et encourage l&rsquo;occupation marocaine \u00e0 poursuivre ses violations en toute impunit\u00e9\u00a0\u00bb. L&rsquo;ISHR a appel\u00e9, \u00e0 ce titre, le Conseil des droits de l&rsquo;homme \u00e0 \u00ab\u00a0prendre des mesures strictes pour garantir que le Maroc respecte ses obligations internationales\u00a0\u00bb et \u00e0 \u00ab\u00a0permettre aux m\u00e9canismes de l&rsquo;ONU d&rsquo;acc\u00e9der aux territoires occup\u00e9s, tout en prot\u00e9geant les d\u00e9fenseurs des droits humains sahraouis des repr\u00e9sailles\u00a0\u00bb. Elle a exig\u00e9, \u00e0 l&rsquo;occasion, la lib\u00e9ration \u00ab\u00a0imm\u00e9diate et inconditionnelle\u00a0\u00bb de tous les prisonniers politiques sahraouis, la fin de l&rsquo;exploitation ill\u00e9gale des ressources de la r\u00e9gion et l&rsquo;imposition de sanctions aux entreprises impliqu\u00e9es dans ces violations. (APS)<\/p>\n","protected":false},"excerpt":{"rendered":"<p>L&rsquo;intensification des violations des droits de l&rsquo;homme au Sahara occidental occup\u00e9 a \u00e9t\u00e9 d\u00e9nonc\u00e9e, ce week-end \u00e0 Gen\u00e8ve, par des<\/p>\n","protected":false},"author":6,"featured_media":57408,"comment_status":"open","ping_status":"closed","sticky":false,"template":"","format":"standard","meta":{"colormag_page_container_layout":"default_layout","colormag_page_sidebar_layout":"default_layout","om_disable_all_campaigns":false,"_monsterinsights_skip_tracking":false,"_monsterinsights_sitenote_active":false,"_monsterinsights_sitenote_note":"","_monsterinsights_sitenote_category":0,"footnotes":"","_wpscppro_dont_share_socialmedia":false,"_wpscppro_custom_social_share_image":0,"_facebook_share_type":"default","_twitter_share_type":"default","_linkedin_share_type":"default","_pinterest_share_type":"default","_linkedin_share_type_page":"","_instagram_share_type":"default","_medium_share_type":"default","_threads_share_type":"","_google_business_share_type":"","_selected_social_profile":[],"_wpsp_enable_custom_social_template":false,"_wpsp_social_scheduling":{"enabled":false,"datetime":null,"platforms":[],"status":"template_only","dateOption":"today","timeOption":"now","customDays":"","customHours":"","customDate":"","customTime":"","schedulingType":"absolute"},"_wpsp_active_default_template":true},"categories":[37],"tags":[],"class_list":["post-64772","post","type-post","status-publish","format-standard","has-post-thumbnail","hentry","category-monde"],"aioseo_notices":[],"yoast_head":"<!-- This site is optimized with the Yoast SEO plugin v27.5 - https:\/\/yoast.com\/product\/yoast-seo-wordpress\/ -->\n<title>Sahara occidental occup\u00e9 : Des ONG d\u00e9noncent l&rsquo;intensification des violations des droits de l&rsquo;homme - La Sentinelle<\/title>\n<meta name=\"robots\" content=\"index, follow, max-snippet:-1, max-image-preview:large, max-video-preview:-1\" \/>\n<link rel=\"canonical\" href=\"https:\/\/lasentinelle.dz\/index.php\/2025\/03\/24\/sahara-occidental-occupe-des-ong-denoncent-lintensification-des-violations-des-droits-de-lhomme\/\" \/>\n<meta property=\"og:locale\" content=\"fr_FR\" \/>\n<meta property=\"og:type\" content=\"article\" \/>\n<meta property=\"og:title\" content=\"Sahara occidental occup\u00e9 : Des ONG d\u00e9noncent l&rsquo;intensification des violations des droits de l&rsquo;homme - La Sentinelle\" \/>\n<meta property=\"og:description\" content=\"L&rsquo;intensification des violations des droits de l&rsquo;homme au Sahara occidental occup\u00e9 a \u00e9t\u00e9 d\u00e9nonc\u00e9e, ce week-end \u00e0 Gen\u00e8ve, par des\" \/>\n<meta property=\"og:url\" content=\"https:\/\/lasentinelle.dz\/index.php\/2025\/03\/24\/sahara-occidental-occupe-des-ong-denoncent-lintensification-des-violations-des-droits-de-lhomme\/\" \/>\n<meta property=\"og:site_name\" content=\"La Sentinelle\" \/>\n<meta property=\"article:publisher\" content=\"https:\/\/www.facebook.com\/La-Sentinelle-104059864394773\" \/>\n<meta property=\"article:published_time\" content=\"2025-03-24T10:44:02+00:00\" \/>\n<meta property=\"article:modified_time\" content=\"2025-03-25T10:44:38+00:00\" \/>\n<meta property=\"og:image\" content=\"https:\/\/lasentinelle.dz\/wp-content\/uploads\/2024\/09\/sahara-occidental.jpg\" \/>\n\t<meta property=\"og:image:width\" content=\"580\" \/>\n\t<meta property=\"og:image:height\" content=\"350\" \/>\n\t<meta property=\"og:image:type\" content=\"image\/jpeg\" \/>\n<meta name=\"author\" content=\"admin\" \/>\n<meta name=\"twitter:card\" content=\"summary_large_image\" \/>\n<meta name=\"twitter:label1\" content=\"\u00c9crit par\" \/>\n\t<meta name=\"twitter:data1\" content=\"admin\" \/>\n\t<meta name=\"twitter:label2\" content=\"Dur\u00e9e de lecture estim\u00e9e\" \/>\n\t<meta name=\"twitter:data2\" content=\"4 minutes\" \/>\n<script type=\"application\/ld+json\" class=\"yoast-schema-graph\">{\"@context\":\"https:\\\/\\\/schema.org\",\"@graph\":[{\"@type\":\"Article\",\"@id\":\"https:\\\/\\\/lasentinelle.dz\\\/index.php\\\/2025\\\/03\\\/24\\\/sahara-occidental-occupe-des-ong-denoncent-lintensification-des-violations-des-droits-de-lhomme\\\/#article\",\"isPartOf\":{\"@id\":\"https:\\\/\\\/lasentinelle.dz\\\/index.php\\\/2025\\\/03\\\/24\\\/sahara-occidental-occupe-des-ong-denoncent-lintensification-des-violations-des-droits-de-lhomme\\\/\"},\"author\":{\"name\":\"admin\",\"@id\":\"https:\\\/\\\/lasentinelle.dz\\\/#\\\/schema\\\/person\\\/729ee0024f24e0b8c5ec17232f8e8b41\"},\"headline\":\"Sahara occidental occup\u00e9 : Des ONG d\u00e9noncent l&rsquo;intensification des violations des droits de l&rsquo;homme\",\"datePublished\":\"2025-03-24T10:44:02+00:00\",\"dateModified\":\"2025-03-25T10:44:38+00:00\",\"mainEntityOfPage\":{\"@id\":\"https:\\\/\\\/lasentinelle.dz\\\/index.php\\\/2025\\\/03\\\/24\\\/sahara-occidental-occupe-des-ong-denoncent-lintensification-des-violations-des-droits-de-lhomme\\\/\"},\"wordCount\":860,\"commentCount\":0,\"publisher\":{\"@id\":\"https:\\\/\\\/lasentinelle.dz\\\/#organization\"},\"image\":{\"@id\":\"https:\\\/\\\/lasentinelle.dz\\\/index.php\\\/2025\\\/03\\\/24\\\/sahara-occidental-occupe-des-ong-denoncent-lintensification-des-violations-des-droits-de-lhomme\\\/#primaryimage\"},\"thumbnailUrl\":\"https:\\\/\\\/lasentinelle.dz\\\/wp-content\\\/uploads\\\/2024\\\/09\\\/sahara-occidental.jpg\",\"articleSection\":[\"Monde\"],\"inLanguage\":\"fr-FR\",\"potentialAction\":[{\"@type\":\"CommentAction\",\"name\":\"Comment\",\"target\":[\"https:\\\/\\\/lasentinelle.dz\\\/index.php\\\/2025\\\/03\\\/24\\\/sahara-occidental-occupe-des-ong-denoncent-lintensification-des-violations-des-droits-de-lhomme\\\/#respond\"]}]},{\"@type\":\"WebPage\",\"@id\":\"https:\\\/\\\/lasentinelle.dz\\\/index.php\\\/2025\\\/03\\\/24\\\/sahara-occidental-occupe-des-ong-denoncent-lintensification-des-violations-des-droits-de-lhomme\\\/\",\"url\":\"https:\\\/\\\/lasentinelle.dz\\\/index.php\\\/2025\\\/03\\\/24\\\/sahara-occidental-occupe-des-ong-denoncent-lintensification-des-violations-des-droits-de-lhomme\\\/\",\"name\":\"Sahara occidental occup\u00e9 : Des ONG d\u00e9noncent l&rsquo;intensification des violations des droits de l&rsquo;homme - La Sentinelle\",\"isPartOf\":{\"@id\":\"https:\\\/\\\/lasentinelle.dz\\\/#website\"},\"primaryImageOfPage\":{\"@id\":\"https:\\\/\\\/lasentinelle.dz\\\/index.php\\\/2025\\\/03\\\/24\\\/sahara-occidental-occupe-des-ong-denoncent-lintensification-des-violations-des-droits-de-lhomme\\\/#primaryimage\"},\"image\":{\"@id\":\"https:\\\/\\\/lasentinelle.dz\\\/index.php\\\/2025\\\/03\\\/24\\\/sahara-occidental-occupe-des-ong-denoncent-lintensification-des-violations-des-droits-de-lhomme\\\/#primaryimage\"},\"thumbnailUrl\":\"https:\\\/\\\/lasentinelle.dz\\\/wp-content\\\/uploads\\\/2024\\\/09\\\/sahara-occidental.jpg\",\"datePublished\":\"2025-03-24T10:44:02+00:00\",\"dateModified\":\"2025-03-25T10:44:38+00:00\",\"breadcrumb\":{\"@id\":\"https:\\\/\\\/lasentinelle.dz\\\/index.php\\\/2025\\\/03\\\/24\\\/sahara-occidental-occupe-des-ong-denoncent-lintensification-des-violations-des-droits-de-lhomme\\\/#breadcrumb\"},\"inLanguage\":\"fr-FR\",\"potentialAction\":[{\"@type\":\"ReadAction\",\"target\":[\"https:\\\/\\\/lasentinelle.dz\\\/index.php\\\/2025\\\/03\\\/24\\\/sahara-occidental-occupe-des-ong-denoncent-lintensification-des-violations-des-droits-de-lhomme\\\/\"]}]},{\"@type\":\"ImageObject\",\"inLanguage\":\"fr-FR\",\"@id\":\"https:\\\/\\\/lasentinelle.dz\\\/index.php\\\/2025\\\/03\\\/24\\\/sahara-occidental-occupe-des-ong-denoncent-lintensification-des-violations-des-droits-de-lhomme\\\/#primaryimage\",\"url\":\"https:\\\/\\\/lasentinelle.dz\\\/wp-content\\\/uploads\\\/2024\\\/09\\\/sahara-occidental.jpg\",\"contentUrl\":\"https:\\\/\\\/lasentinelle.dz\\\/wp-content\\\/uploads\\\/2024\\\/09\\\/sahara-occidental.jpg\",\"width\":580,\"height\":350},{\"@type\":\"BreadcrumbList\",\"@id\":\"https:\\\/\\\/lasentinelle.dz\\\/index.php\\\/2025\\\/03\\\/24\\\/sahara-occidental-occupe-des-ong-denoncent-lintensification-des-violations-des-droits-de-lhomme\\\/#breadcrumb\",\"itemListElement\":[{\"@type\":\"ListItem\",\"position\":1,\"name\":\"Accueil\",\"item\":\"https:\\\/\\\/lasentinelle.dz\\\/\"},{\"@type\":\"ListItem\",\"position\":2,\"name\":\"Sahara occidental occup\u00e9 : Des ONG d\u00e9noncent l&rsquo;intensification des violations des droits de l&rsquo;homme\"}]},{\"@type\":\"WebSite\",\"@id\":\"https:\\\/\\\/lasentinelle.dz\\\/#website\",\"url\":\"https:\\\/\\\/lasentinelle.dz\\\/\",\"name\":\"La Sentinelle\",\"description\":\"Quotidien national d&#039;information\",\"publisher\":{\"@id\":\"https:\\\/\\\/lasentinelle.dz\\\/#organization\"},\"potentialAction\":[{\"@type\":\"SearchAction\",\"target\":{\"@type\":\"EntryPoint\",\"urlTemplate\":\"https:\\\/\\\/lasentinelle.dz\\\/?s={search_term_string}\"},\"query-input\":{\"@type\":\"PropertyValueSpecification\",\"valueRequired\":true,\"valueName\":\"search_term_string\"}}],\"inLanguage\":\"fr-FR\"},{\"@type\":\"Organization\",\"@id\":\"https:\\\/\\\/lasentinelle.dz\\\/#organization\",\"name\":\"Quotidien La Sentinelle\",\"url\":\"https:\\\/\\\/lasentinelle.dz\\\/\",\"logo\":{\"@type\":\"ImageObject\",\"inLanguage\":\"fr-FR\",\"@id\":\"https:\\\/\\\/lasentinelle.dz\\\/#\\\/schema\\\/logo\\\/image\\\/\",\"url\":\"https:\\\/\\\/lasentinelle.dz\\\/wp-content\\\/uploads\\\/2021\\\/09\\\/logo-sentinelleSLOGAN-1.png\",\"contentUrl\":\"https:\\\/\\\/lasentinelle.dz\\\/wp-content\\\/uploads\\\/2021\\\/09\\\/logo-sentinelleSLOGAN-1.png\",\"width\":615,\"height\":142,\"caption\":\"Quotidien La Sentinelle\"},\"image\":{\"@id\":\"https:\\\/\\\/lasentinelle.dz\\\/#\\\/schema\\\/logo\\\/image\\\/\"},\"sameAs\":[\"https:\\\/\\\/www.facebook.com\\\/La-Sentinelle-104059864394773\"]},{\"@type\":\"Person\",\"@id\":\"https:\\\/\\\/lasentinelle.dz\\\/#\\\/schema\\\/person\\\/729ee0024f24e0b8c5ec17232f8e8b41\",\"name\":\"admin\",\"image\":{\"@type\":\"ImageObject\",\"inLanguage\":\"fr-FR\",\"@id\":\"https:\\\/\\\/secure.gravatar.com\\\/avatar\\\/4c81fed838786e9b53f540bf46533e750f5d292099ae3b66cfc6fb1982e29df7?s=96&d=mm&r=g\",\"url\":\"https:\\\/\\\/secure.gravatar.com\\\/avatar\\\/4c81fed838786e9b53f540bf46533e750f5d292099ae3b66cfc6fb1982e29df7?s=96&d=mm&r=g\",\"contentUrl\":\"https:\\\/\\\/secure.gravatar.com\\\/avatar\\\/4c81fed838786e9b53f540bf46533e750f5d292099ae3b66cfc6fb1982e29df7?s=96&d=mm&r=g\",\"caption\":\"admin\"},\"description\":\"admin\",\"url\":\"https:\\\/\\\/lasentinelle.dz\\\/author\\\/admin\\\/\"}]}<\/script>\n<!-- \/ Yoast SEO plugin. -->","yoast_head_json":{"title":"Sahara occidental occup\u00e9 : Des ONG d\u00e9noncent l&rsquo;intensification des violations des droits de l&rsquo;homme - La Sentinelle","robots":{"index":"index","follow":"follow","max-snippet":"max-snippet:-1","max-image-preview":"max-image-preview:large","max-video-preview":"max-video-preview:-1"},"canonical":"https:\/\/lasentinelle.dz\/index.php\/2025\/03\/24\/sahara-occidental-occupe-des-ong-denoncent-lintensification-des-violations-des-droits-de-lhomme\/","og_locale":"fr_FR","og_type":"article","og_title":"Sahara occidental occup\u00e9 : Des ONG d\u00e9noncent l&rsquo;intensification des violations des droits de l&rsquo;homme - La Sentinelle","og_description":"L&rsquo;intensification des violations des droits de l&rsquo;homme au Sahara occidental occup\u00e9 a \u00e9t\u00e9 d\u00e9nonc\u00e9e, ce week-end \u00e0 Gen\u00e8ve, par des","og_url":"https:\/\/lasentinelle.dz\/index.php\/2025\/03\/24\/sahara-occidental-occupe-des-ong-denoncent-lintensification-des-violations-des-droits-de-lhomme\/","og_site_name":"La Sentinelle","article_publisher":"https:\/\/www.facebook.com\/La-Sentinelle-104059864394773","article_published_time":"2025-03-24T10:44:02+00:00","article_modified_time":"2025-03-25T10:44:38+00:00","og_image":[{"width":580,"height":350,"url":"https:\/\/lasentinelle.dz\/wp-content\/uploads\/2024\/09\/sahara-occidental.jpg","type":"image\/jpeg"}],"author":"admin","twitter_card":"summary_large_image","twitter_misc":{"\u00c9crit par":"admin","Dur\u00e9e de lecture estim\u00e9e":"4 minutes"},"schema":{"@context":"https:\/\/schema.org","@graph":[{"@type":"Article","@id":"https:\/\/lasentinelle.dz\/index.php\/2025\/03\/24\/sahara-occidental-occupe-des-ong-denoncent-lintensification-des-violations-des-droits-de-lhomme\/#article","isPartOf":{"@id":"https:\/\/lasentinelle.dz\/index.php\/2025\/03\/24\/sahara-occidental-occupe-des-ong-denoncent-lintensification-des-violations-des-droits-de-lhomme\/"},"author":{"name":"admin","@id":"https:\/\/lasentinelle.dz\/#\/schema\/person\/729ee0024f24e0b8c5ec17232f8e8b41"},"headline":"Sahara occidental occup\u00e9 : Des ONG d\u00e9noncent l&rsquo;intensification des violations des droits de l&rsquo;homme","datePublished":"2025-03-24T10:44:02+00:00","dateModified":"2025-03-25T10:44:38+00:00","mainEntityOfPage":{"@id":"https:\/\/lasentinelle.dz\/index.php\/2025\/03\/24\/sahara-occidental-occupe-des-ong-denoncent-lintensification-des-violations-des-droits-de-lhomme\/"},"wordCount":860,"commentCount":0,"publisher":{"@id":"https:\/\/lasentinelle.dz\/#organization"},"image":{"@id":"https:\/\/lasentinelle.dz\/index.php\/2025\/03\/24\/sahara-occidental-occupe-des-ong-denoncent-lintensification-des-violations-des-droits-de-lhomme\/#primaryimage"},"thumbnailUrl":"https:\/\/lasentinelle.dz\/wp-content\/uploads\/2024\/09\/sahara-occidental.jpg","articleSection":["Monde"],"inLanguage":"fr-FR","potentialAction":[{"@type":"CommentAction","name":"Comment","target":["https:\/\/lasentinelle.dz\/index.php\/2025\/03\/24\/sahara-occidental-occupe-des-ong-denoncent-lintensification-des-violations-des-droits-de-lhomme\/#respond"]}]},{"@type":"WebPage","@id":"https:\/\/lasentinelle.dz\/index.php\/2025\/03\/24\/sahara-occidental-occupe-des-ong-denoncent-lintensification-des-violations-des-droits-de-lhomme\/","url":"https:\/\/lasentinelle.dz\/index.php\/2025\/03\/24\/sahara-occidental-occupe-des-ong-denoncent-lintensification-des-violations-des-droits-de-lhomme\/","name":"Sahara occidental occup\u00e9 : Des ONG d\u00e9noncent l&rsquo;intensification des violations des droits de l&rsquo;homme - La Sentinelle","isPartOf":{"@id":"https:\/\/lasentinelle.dz\/#website"},"primaryImageOfPage":{"@id":"https:\/\/lasentinelle.dz\/index.php\/2025\/03\/24\/sahara-occidental-occupe-des-ong-denoncent-lintensification-des-violations-des-droits-de-lhomme\/#primaryimage"},"image":{"@id":"https:\/\/lasentinelle.dz\/index.php\/2025\/03\/24\/sahara-occidental-occupe-des-ong-denoncent-lintensification-des-violations-des-droits-de-lhomme\/#primaryimage"},"thumbnailUrl":"https:\/\/lasentinelle.dz\/wp-content\/uploads\/2024\/09\/sahara-occidental.jpg","datePublished":"2025-03-24T10:44:02+00:00","dateModified":"2025-03-25T10:44:38+00:00","breadcrumb":{"@id":"https:\/\/lasentinelle.dz\/index.php\/2025\/03\/24\/sahara-occidental-occupe-des-ong-denoncent-lintensification-des-violations-des-droits-de-lhomme\/#breadcrumb"},"inLanguage":"fr-FR","potentialAction":[{"@type":"ReadAction","target":["https:\/\/lasentinelle.dz\/index.php\/2025\/03\/24\/sahara-occidental-occupe-des-ong-denoncent-lintensification-des-violations-des-droits-de-lhomme\/"]}]},{"@type":"ImageObject","inLanguage":"fr-FR","@id":"https:\/\/lasentinelle.dz\/index.php\/2025\/03\/24\/sahara-occidental-occupe-des-ong-denoncent-lintensification-des-violations-des-droits-de-lhomme\/#primaryimage","url":"https:\/\/lasentinelle.dz\/wp-content\/uploads\/2024\/09\/sahara-occidental.jpg","contentUrl":"https:\/\/lasentinelle.dz\/wp-content\/uploads\/2024\/09\/sahara-occidental.jpg","width":580,"height":350},{"@type":"BreadcrumbList","@id":"https:\/\/lasentinelle.dz\/index.php\/2025\/03\/24\/sahara-occidental-occupe-des-ong-denoncent-lintensification-des-violations-des-droits-de-lhomme\/#breadcrumb","itemListElement":[{"@type":"ListItem","position":1,"name":"Accueil","item":"https:\/\/lasentinelle.dz\/"},{"@type":"ListItem","position":2,"name":"Sahara occidental occup\u00e9 : Des ONG d\u00e9noncent l&rsquo;intensification des violations des droits de l&rsquo;homme"}]},{"@type":"WebSite","@id":"https:\/\/lasentinelle.dz\/#website","url":"https:\/\/lasentinelle.dz\/","name":"La Sentinelle","description":"Quotidien national d&#039;information","publisher":{"@id":"https:\/\/lasentinelle.dz\/#organization"},"potentialAction":[{"@type":"SearchAction","target":{"@type":"EntryPoint","urlTemplate":"https:\/\/lasentinelle.dz\/?s={search_term_string}"},"query-input":{"@type":"PropertyValueSpecification","valueRequired":true,"valueName":"search_term_string"}}],"inLanguage":"fr-FR"},{"@type":"Organization","@id":"https:\/\/lasentinelle.dz\/#organization","name":"Quotidien La Sentinelle","url":"https:\/\/lasentinelle.dz\/","logo":{"@type":"ImageObject","inLanguage":"fr-FR","@id":"https:\/\/lasentinelle.dz\/#\/schema\/logo\/image\/","url":"https:\/\/lasentinelle.dz\/wp-content\/uploads\/2021\/09\/logo-sentinelleSLOGAN-1.png","contentUrl":"https:\/\/lasentinelle.dz\/wp-content\/uploads\/2021\/09\/logo-sentinelleSLOGAN-1.png","width":615,"height":142,"caption":"Quotidien La Sentinelle"},"image":{"@id":"https:\/\/lasentinelle.dz\/#\/schema\/logo\/image\/"},"sameAs":["https:\/\/www.facebook.com\/La-Sentinelle-104059864394773"]},{"@type":"Person","@id":"https:\/\/lasentinelle.dz\/#\/schema\/person\/729ee0024f24e0b8c5ec17232f8e8b41","name":"admin","image":{"@type":"ImageObject","inLanguage":"fr-FR","@id":"https:\/\/secure.gravatar.com\/avatar\/4c81fed838786e9b53f540bf46533e750f5d292099ae3b66cfc6fb1982e29df7?s=96&d=mm&r=g","url":"https:\/\/secure.gravatar.com\/avatar\/4c81fed838786e9b53f540bf46533e750f5d292099ae3b66cfc6fb1982e29df7?s=96&d=mm&r=g","contentUrl":"https:\/\/secure.gravatar.com\/avatar\/4c81fed838786e9b53f540bf46533e750f5d292099ae3b66cfc6fb1982e29df7?s=96&d=mm&r=g","caption":"admin"},"description":"admin","url":"https:\/\/lasentinelle.dz\/author\/admin\/"}]}},"_links":{"self":[{"href":"https:\/\/lasentinelle.dz\/index.php\/wp-json\/wp\/v2\/posts\/64772","targetHints":{"allow":["GET"]}}],"collection":[{"href":"https:\/\/lasentinelle.dz\/index.php\/wp-json\/wp\/v2\/posts"}],"about":[{"href":"https:\/\/lasentinelle.dz\/index.php\/wp-json\/wp\/v2\/types\/post"}],"author":[{"embeddable":true,"href":"https:\/\/lasentinelle.dz\/index.php\/wp-json\/wp\/v2\/users\/6"}],"replies":[{"embeddable":true,"href":"https:\/\/lasentinelle.dz\/index.php\/wp-json\/wp\/v2\/comments?post=64772"}],"version-history":[{"count":2,"href":"https:\/\/lasentinelle.dz\/index.php\/wp-json\/wp\/v2\/posts\/64772\/revisions"}],"predecessor-version":[{"id":64774,"href":"https:\/\/lasentinelle.dz\/index.php\/wp-json\/wp\/v2\/posts\/64772\/revisions\/64774"}],"wp:featuredmedia":[{"embeddable":true,"href":"https:\/\/lasentinelle.dz\/index.php\/wp-json\/wp\/v2\/media\/57408"}],"wp:attachment":[{"href":"https:\/\/lasentinelle.dz\/index.php\/wp-json\/wp\/v2\/media?parent=64772"}],"wp:term":[{"taxonomy":"category","embeddable":true,"href":"https:\/\/lasentinelle.dz\/index.php\/wp-json\/wp\/v2\/categories?post=64772"},{"taxonomy":"post_tag","embeddable":true,"href":"https:\/\/lasentinelle.dz\/index.php\/wp-json\/wp\/v2\/tags?post=64772"}],"curies":[{"name":"wp","href":"https:\/\/api.w.org\/{rel}","templated":true}]}}