{"id":64800,"date":"2025-03-25T12:01:20","date_gmt":"2025-03-25T11:01:20","guid":{"rendered":"https:\/\/lasentinelle.dz\/?p=64800"},"modified":"2025-03-25T12:01:21","modified_gmt":"2025-03-25T11:01:21","slug":"mondial-2026-et-debuts-avec-lom-les-confidences-de-gouiri","status":"publish","type":"post","link":"https:\/\/lasentinelle.dz\/index.php\/2025\/03\/25\/mondial-2026-et-debuts-avec-lom-les-confidences-de-gouiri\/","title":{"rendered":"Mondial 2026 et d\u00e9buts avec l&rsquo;OM: Les confidences de Gouiri"},"content":{"rendered":"\n<p>Gouiri s&rsquo;est illustr\u00e9 derni\u00e8rement, guidant les siens \u00e0 la victoire face au Botswana (3-1) lors des qualifications africaines pour le Mondial 2026. \u00ab\u00a0Avec l\u2019Alg\u00e9rie, on n\u2019a peur de personne, on est conscients de nos forces\u00a0\u00bb, affirme-t-il dans un entretien avec la FIFA.<\/p>\n\n\n\n<p>Quand Amine Gouiri foule la pelouse du V\u00e9lodrome, il n&rsquo;a pas seulement l&rsquo;impression de jouer pour l&rsquo;Olympique de Marseille. Entre les chants, les fumig\u00e8nes et les innombrables drapeaux alg\u00e9riens brandis dans les tribunes, l&rsquo;attaquant des Fennecs se sent chez lui. \u00ab\u00a0Ici, c&rsquo;est ensoleill\u00e9, il fait beau, le ciel est bleu, \u00e7a met de bonne humeur, \u00e7a me fait penser \u00e0 l&rsquo;Alg\u00e9rie\u00a0\u00bb, confie-t-il dans un entretien avec la FIFA. \u00ab\u00a0Franchement, \u00e7a fait quelque chose quand tu vois l&rsquo;ambiance du V\u00e9lodrome, avec tous ces drapeaux alg\u00e9riens dans le stade. Tu te sens \u00e0 la maison.\u00a0\u00bb<\/p>\n\n\n\n<p>C&rsquo;est justement avec la s\u00e9lection alg\u00e9rienne que Gouiri s&rsquo;est illustr\u00e9 derni\u00e8rement, guidant les siens \u00e0 la victoire face au Botswana (3-1) lors des qualifications africaines pour le Mondial 2026. Auteur d&rsquo;une passe d\u00e9cisive et d\u00e9j\u00e0 buteur six fois en treize s\u00e9lections, l&rsquo;attaquant phoc\u00e9en esp\u00e8re bien mener l&rsquo;Alg\u00e9rie vers une comp\u00e9tition qu&rsquo;elle n&rsquo;a plus disput\u00e9e depuis 2014. \u00ab\u00a0Avec l\u2019Alg\u00e9rie, on n\u2019a peur de personne, on est conscients de nos forces\u00a0\u00bb, affirme-t-il. \u00ab\u00a0Je pense qu&rsquo;on est les favoris du groupe, mais justement, c&rsquo;est \u00e7a le danger car tous les matches sont difficiles. On va tout donner et tout faire pour aller au Mondial.\u00a0\u00bb<\/p>\n\n\n\n<p>Apr\u00e8s un passage remarqu\u00e9 \u00e0 Nice puis \u00e0 Rennes, l&rsquo;ancien Lyonnais a pris un nouveau virage en rejoignant Marseille cet hiver. Un transfert qui pourrait bien marquer un tournant dans sa carri\u00e8re. Encadr\u00e9 par Isma\u00ebl Bennacer, arriv\u00e9 en m\u00eame temps que lui et qu&rsquo;il consid\u00e8re comme \u00ab\u00a0un grand fr\u00e8re\u00a0\u00bb, Gouiri se sent pousser des ailes sur la Canebi\u00e8re. \u00ab\u00a0Il m&rsquo;aide beaucoup, il a beaucoup d&rsquo;exp\u00e9rience. Il a pass\u00e9 cinq ans au Milan AC donc il conna\u00eet le haut niveau.\u00a0\u00bb Sous les ordres de Roberto De Zerbi, l\u2019attaquant de 25 ans semble avoir franchi un cap. L&rsquo;entra\u00eeneur italien ne tarit pas d&rsquo;\u00e9loges \u00e0 son sujet et le compare m\u00eame \u00e0 Gonzalo Higua\u00edn. \u00ab\u00a0Qu&rsquo;il dise \u00e7a de moi me pousse \u00e0 travailler plus, car \u00e7a montre qu&rsquo;il a confiance en moi\u00a0\u00bb, explique l&rsquo;Alg\u00e9rien, r\u00e9cent laur\u00e9at du Troph\u00e9e UNFP du joueur du mois de f\u00e9vrier. \u00ab\u00a0\u00c0 moi de lui rendre cette confiance, en allant chercher plus, pour ne pas avoir de regrets.\u00a0\u00bb Si De Zerbi le voit en Higua\u00edn, Gouiri, lui, s&rsquo;inspire d&rsquo;un autre attaquant au parcours similaire au sien : Karim Benzema. \u00ab\u00a0Karim aime participer au jeu, faire marquer et marquer des buts. C&rsquo;est tout ce qu&rsquo;on attend d&rsquo;un attaquant moderne. Moi, ce que j&rsquo;aime, c&rsquo;est participer au jeu. Combiner les stats et le beau jeu, c&rsquo;est tr\u00e8s bien.\u00a0\u00bb Des statistiques, Gouiri en a d\u00e9j\u00e0 accumul\u00e9es avec l&rsquo;Alg\u00e9rie depuis qu&rsquo;il a choisi de repr\u00e9senter les Fennecs fin 2023. Son premier but en s\u00e9lection, face \u00e0 la Bolivie en mars 2024 (3-2), reste un moment fort. \u00ab\u00a0Je m&rsquo;en souviens tr\u00e8s bien, c&rsquo;\u00e9tait le 22 mars, \u00e7a a fait chaud au c\u0153ur, surtout que c&rsquo;\u00e9tait \u00e0 domicile. Marquer avec le maillot de sa s\u00e9lection, c&rsquo;est vraiment quelque chose de sp\u00e9cial. J&rsquo;esp\u00e8re en mettre beaucoup d&rsquo;autres.\u00a0\u00bb<\/p>\n\n\n\n<p>Mais le plus grand objectif de Gouiri reste de d\u00e9couvrir la Coupe du Monde. \u00ab\u00a0Franchement, jouer une Coupe du Monde, c&rsquo;est un r\u00eave de gosse, y&rsquo;a pas de mots, c&rsquo;est le r\u00eave ultime. J&rsquo;ai v\u00e9cu celles de 2010 et 2014 en tant que supporter, je regardais les matches \u00e0 la t\u00e9l\u00e9.\u00a0\u00bb L&rsquo;attaquant garde un souvenir particulier du Mondial 2014 et de l&rsquo;\u00e9pop\u00e9e de l&rsquo;Alg\u00e9rie, qui avait tenu t\u00eate \u00e0 l&rsquo;Allemagne en huiti\u00e8me de finale avant de s&rsquo;incliner en prolongation (2-1).<\/p>\n\n\n\n<p>Moncef D.<\/p>\n","protected":false},"excerpt":{"rendered":"<p>Gouiri s&rsquo;est illustr\u00e9 derni\u00e8rement, guidant les siens \u00e0 la victoire face au Botswana (3-1) lors des qualifications africaines pour le<\/p>\n","protected":false},"author":6,"featured_media":64801,"comment_status":"open","ping_status":"closed","sticky":false,"template":"","format":"standard","meta":{"colormag_page_container_layout":"default_layout","colormag_page_sidebar_layout":"default_layout","om_disable_all_campaigns":false,"_monsterinsights_skip_tracking":false,"_monsterinsights_sitenote_active":false,"_monsterinsights_sitenote_note":"","_monsterinsights_sitenote_category":0,"footnotes":"","_wpscppro_dont_share_socialmedia":false,"_wpscppro_custom_social_share_image":0,"_facebook_share_type":"default","_twitter_share_type":"default","_linkedin_share_type":"default","_pinterest_share_type":"default","_linkedin_share_type_page":"","_instagram_share_type":"default","_medium_share_type":"default","_threads_share_type":"","_google_business_share_type":"","_selected_social_profile":[],"_wpsp_enable_custom_social_template":false,"_wpsp_social_scheduling":{"enabled":false,"datetime":null,"platforms":[],"status":"template_only","dateOption":"today","timeOption":"now","customDays":"","customHours":"","customDate":"","customTime":"","schedulingType":"absolute"},"_wpsp_active_default_template":true},"categories":[33],"tags":[],"class_list":["post-64800","post","type-post","status-publish","format-standard","has-post-thumbnail","hentry","category-sports"],"aioseo_notices":[],"yoast_head":"<!-- This site is optimized with the Yoast SEO plugin v27.5 - https:\/\/yoast.com\/product\/yoast-seo-wordpress\/ -->\n<title>Mondial 2026 et d\u00e9buts avec l&rsquo;OM: Les confidences de Gouiri - La Sentinelle<\/title>\n<meta name=\"robots\" content=\"index, follow, max-snippet:-1, max-image-preview:large, max-video-preview:-1\" \/>\n<link rel=\"canonical\" href=\"https:\/\/lasentinelle.dz\/index.php\/2025\/03\/25\/mondial-2026-et-debuts-avec-lom-les-confidences-de-gouiri\/\" \/>\n<meta property=\"og:locale\" content=\"fr_FR\" \/>\n<meta property=\"og:type\" content=\"article\" \/>\n<meta property=\"og:title\" content=\"Mondial 2026 et d\u00e9buts avec l&rsquo;OM: Les confidences de Gouiri - La Sentinelle\" \/>\n<meta property=\"og:description\" content=\"Gouiri s&rsquo;est illustr\u00e9 derni\u00e8rement, guidant les siens \u00e0 la victoire face au Botswana (3-1) lors des qualifications africaines pour le\" \/>\n<meta property=\"og:url\" content=\"https:\/\/lasentinelle.dz\/index.php\/2025\/03\/25\/mondial-2026-et-debuts-avec-lom-les-confidences-de-gouiri\/\" \/>\n<meta property=\"og:site_name\" content=\"La Sentinelle\" \/>\n<meta property=\"article:publisher\" content=\"https:\/\/www.facebook.com\/La-Sentinelle-104059864394773\" \/>\n<meta property=\"article:published_time\" content=\"2025-03-25T11:01:20+00:00\" \/>\n<meta property=\"article:modified_time\" content=\"2025-03-25T11:01:21+00:00\" \/>\n<meta property=\"og:image\" content=\"https:\/\/lasentinelle.dz\/wp-content\/uploads\/2025\/03\/Gouiri.webp\" \/>\n\t<meta property=\"og:image:width\" content=\"1366\" \/>\n\t<meta property=\"og:image:height\" content=\"919\" \/>\n\t<meta property=\"og:image:type\" content=\"image\/webp\" \/>\n<meta name=\"author\" content=\"admin\" \/>\n<meta name=\"twitter:card\" content=\"summary_large_image\" \/>\n<meta name=\"twitter:label1\" content=\"\u00c9crit par\" \/>\n\t<meta name=\"twitter:data1\" content=\"admin\" \/>\n\t<meta name=\"twitter:label2\" content=\"Dur\u00e9e de lecture estim\u00e9e\" \/>\n\t<meta name=\"twitter:data2\" content=\"4 minutes\" \/>\n<script type=\"application\/ld+json\" class=\"yoast-schema-graph\">{\"@context\":\"https:\\\/\\\/schema.org\",\"@graph\":[{\"@type\":\"Article\",\"@id\":\"https:\\\/\\\/lasentinelle.dz\\\/index.php\\\/2025\\\/03\\\/25\\\/mondial-2026-et-debuts-avec-lom-les-confidences-de-gouiri\\\/#article\",\"isPartOf\":{\"@id\":\"https:\\\/\\\/lasentinelle.dz\\\/index.php\\\/2025\\\/03\\\/25\\\/mondial-2026-et-debuts-avec-lom-les-confidences-de-gouiri\\\/\"},\"author\":{\"name\":\"admin\",\"@id\":\"https:\\\/\\\/lasentinelle.dz\\\/#\\\/schema\\\/person\\\/729ee0024f24e0b8c5ec17232f8e8b41\"},\"headline\":\"Mondial 2026 et d\u00e9buts avec l&rsquo;OM: Les confidences de Gouiri\",\"datePublished\":\"2025-03-25T11:01:20+00:00\",\"dateModified\":\"2025-03-25T11:01:21+00:00\",\"mainEntityOfPage\":{\"@id\":\"https:\\\/\\\/lasentinelle.dz\\\/index.php\\\/2025\\\/03\\\/25\\\/mondial-2026-et-debuts-avec-lom-les-confidences-de-gouiri\\\/\"},\"wordCount\":710,\"commentCount\":0,\"publisher\":{\"@id\":\"https:\\\/\\\/lasentinelle.dz\\\/#organization\"},\"image\":{\"@id\":\"https:\\\/\\\/lasentinelle.dz\\\/index.php\\\/2025\\\/03\\\/25\\\/mondial-2026-et-debuts-avec-lom-les-confidences-de-gouiri\\\/#primaryimage\"},\"thumbnailUrl\":\"https:\\\/\\\/lasentinelle.dz\\\/wp-content\\\/uploads\\\/2025\\\/03\\\/Gouiri.webp\",\"articleSection\":[\"Sports\"],\"inLanguage\":\"fr-FR\",\"potentialAction\":[{\"@type\":\"CommentAction\",\"name\":\"Comment\",\"target\":[\"https:\\\/\\\/lasentinelle.dz\\\/index.php\\\/2025\\\/03\\\/25\\\/mondial-2026-et-debuts-avec-lom-les-confidences-de-gouiri\\\/#respond\"]}]},{\"@type\":\"WebPage\",\"@id\":\"https:\\\/\\\/lasentinelle.dz\\\/index.php\\\/2025\\\/03\\\/25\\\/mondial-2026-et-debuts-avec-lom-les-confidences-de-gouiri\\\/\",\"url\":\"https:\\\/\\\/lasentinelle.dz\\\/index.php\\\/2025\\\/03\\\/25\\\/mondial-2026-et-debuts-avec-lom-les-confidences-de-gouiri\\\/\",\"name\":\"Mondial 2026 et d\u00e9buts avec l&rsquo;OM: Les confidences de Gouiri - La Sentinelle\",\"isPartOf\":{\"@id\":\"https:\\\/\\\/lasentinelle.dz\\\/#website\"},\"primaryImageOfPage\":{\"@id\":\"https:\\\/\\\/lasentinelle.dz\\\/index.php\\\/2025\\\/03\\\/25\\\/mondial-2026-et-debuts-avec-lom-les-confidences-de-gouiri\\\/#primaryimage\"},\"image\":{\"@id\":\"https:\\\/\\\/lasentinelle.dz\\\/index.php\\\/2025\\\/03\\\/25\\\/mondial-2026-et-debuts-avec-lom-les-confidences-de-gouiri\\\/#primaryimage\"},\"thumbnailUrl\":\"https:\\\/\\\/lasentinelle.dz\\\/wp-content\\\/uploads\\\/2025\\\/03\\\/Gouiri.webp\",\"datePublished\":\"2025-03-25T11:01:20+00:00\",\"dateModified\":\"2025-03-25T11:01:21+00:00\",\"breadcrumb\":{\"@id\":\"https:\\\/\\\/lasentinelle.dz\\\/index.php\\\/2025\\\/03\\\/25\\\/mondial-2026-et-debuts-avec-lom-les-confidences-de-gouiri\\\/#breadcrumb\"},\"inLanguage\":\"fr-FR\",\"potentialAction\":[{\"@type\":\"ReadAction\",\"target\":[\"https:\\\/\\\/lasentinelle.dz\\\/index.php\\\/2025\\\/03\\\/25\\\/mondial-2026-et-debuts-avec-lom-les-confidences-de-gouiri\\\/\"]}]},{\"@type\":\"ImageObject\",\"inLanguage\":\"fr-FR\",\"@id\":\"https:\\\/\\\/lasentinelle.dz\\\/index.php\\\/2025\\\/03\\\/25\\\/mondial-2026-et-debuts-avec-lom-les-confidences-de-gouiri\\\/#primaryimage\",\"url\":\"https:\\\/\\\/lasentinelle.dz\\\/wp-content\\\/uploads\\\/2025\\\/03\\\/Gouiri.webp\",\"contentUrl\":\"https:\\\/\\\/lasentinelle.dz\\\/wp-content\\\/uploads\\\/2025\\\/03\\\/Gouiri.webp\",\"width\":1366,\"height\":919},{\"@type\":\"BreadcrumbList\",\"@id\":\"https:\\\/\\\/lasentinelle.dz\\\/index.php\\\/2025\\\/03\\\/25\\\/mondial-2026-et-debuts-avec-lom-les-confidences-de-gouiri\\\/#breadcrumb\",\"itemListElement\":[{\"@type\":\"ListItem\",\"position\":1,\"name\":\"Accueil\",\"item\":\"https:\\\/\\\/lasentinelle.dz\\\/\"},{\"@type\":\"ListItem\",\"position\":2,\"name\":\"Mondial 2026 et d\u00e9buts avec l&rsquo;OM: Les confidences de Gouiri\"}]},{\"@type\":\"WebSite\",\"@id\":\"https:\\\/\\\/lasentinelle.dz\\\/#website\",\"url\":\"https:\\\/\\\/lasentinelle.dz\\\/\",\"name\":\"La Sentinelle\",\"description\":\"Quotidien national d&#039;information\",\"publisher\":{\"@id\":\"https:\\\/\\\/lasentinelle.dz\\\/#organization\"},\"potentialAction\":[{\"@type\":\"SearchAction\",\"target\":{\"@type\":\"EntryPoint\",\"urlTemplate\":\"https:\\\/\\\/lasentinelle.dz\\\/?s={search_term_string}\"},\"query-input\":{\"@type\":\"PropertyValueSpecification\",\"valueRequired\":true,\"valueName\":\"search_term_string\"}}],\"inLanguage\":\"fr-FR\"},{\"@type\":\"Organization\",\"@id\":\"https:\\\/\\\/lasentinelle.dz\\\/#organization\",\"name\":\"Quotidien La Sentinelle\",\"url\":\"https:\\\/\\\/lasentinelle.dz\\\/\",\"logo\":{\"@type\":\"ImageObject\",\"inLanguage\":\"fr-FR\",\"@id\":\"https:\\\/\\\/lasentinelle.dz\\\/#\\\/schema\\\/logo\\\/image\\\/\",\"url\":\"https:\\\/\\\/lasentinelle.dz\\\/wp-content\\\/uploads\\\/2021\\\/09\\\/logo-sentinelleSLOGAN-1.png\",\"contentUrl\":\"https:\\\/\\\/lasentinelle.dz\\\/wp-content\\\/uploads\\\/2021\\\/09\\\/logo-sentinelleSLOGAN-1.png\",\"width\":615,\"height\":142,\"caption\":\"Quotidien La Sentinelle\"},\"image\":{\"@id\":\"https:\\\/\\\/lasentinelle.dz\\\/#\\\/schema\\\/logo\\\/image\\\/\"},\"sameAs\":[\"https:\\\/\\\/www.facebook.com\\\/La-Sentinelle-104059864394773\"]},{\"@type\":\"Person\",\"@id\":\"https:\\\/\\\/lasentinelle.dz\\\/#\\\/schema\\\/person\\\/729ee0024f24e0b8c5ec17232f8e8b41\",\"name\":\"admin\",\"image\":{\"@type\":\"ImageObject\",\"inLanguage\":\"fr-FR\",\"@id\":\"https:\\\/\\\/secure.gravatar.com\\\/avatar\\\/4c81fed838786e9b53f540bf46533e750f5d292099ae3b66cfc6fb1982e29df7?s=96&d=mm&r=g\",\"url\":\"https:\\\/\\\/secure.gravatar.com\\\/avatar\\\/4c81fed838786e9b53f540bf46533e750f5d292099ae3b66cfc6fb1982e29df7?s=96&d=mm&r=g\",\"contentUrl\":\"https:\\\/\\\/secure.gravatar.com\\\/avatar\\\/4c81fed838786e9b53f540bf46533e750f5d292099ae3b66cfc6fb1982e29df7?s=96&d=mm&r=g\",\"caption\":\"admin\"},\"description\":\"admin\",\"url\":\"https:\\\/\\\/lasentinelle.dz\\\/author\\\/admin\\\/\"}]}<\/script>\n<!-- \/ Yoast SEO plugin. -->","yoast_head_json":{"title":"Mondial 2026 et d\u00e9buts avec l&rsquo;OM: Les confidences de Gouiri - La Sentinelle","robots":{"index":"index","follow":"follow","max-snippet":"max-snippet:-1","max-image-preview":"max-image-preview:large","max-video-preview":"max-video-preview:-1"},"canonical":"https:\/\/lasentinelle.dz\/index.php\/2025\/03\/25\/mondial-2026-et-debuts-avec-lom-les-confidences-de-gouiri\/","og_locale":"fr_FR","og_type":"article","og_title":"Mondial 2026 et d\u00e9buts avec l&rsquo;OM: Les confidences de Gouiri - La Sentinelle","og_description":"Gouiri s&rsquo;est illustr\u00e9 derni\u00e8rement, guidant les siens \u00e0 la victoire face au Botswana (3-1) lors des qualifications africaines pour le","og_url":"https:\/\/lasentinelle.dz\/index.php\/2025\/03\/25\/mondial-2026-et-debuts-avec-lom-les-confidences-de-gouiri\/","og_site_name":"La Sentinelle","article_publisher":"https:\/\/www.facebook.com\/La-Sentinelle-104059864394773","article_published_time":"2025-03-25T11:01:20+00:00","article_modified_time":"2025-03-25T11:01:21+00:00","og_image":[{"width":1366,"height":919,"url":"https:\/\/lasentinelle.dz\/wp-content\/uploads\/2025\/03\/Gouiri.webp","type":"image\/webp"}],"author":"admin","twitter_card":"summary_large_image","twitter_misc":{"\u00c9crit par":"admin","Dur\u00e9e de lecture estim\u00e9e":"4 minutes"},"schema":{"@context":"https:\/\/schema.org","@graph":[{"@type":"Article","@id":"https:\/\/lasentinelle.dz\/index.php\/2025\/03\/25\/mondial-2026-et-debuts-avec-lom-les-confidences-de-gouiri\/#article","isPartOf":{"@id":"https:\/\/lasentinelle.dz\/index.php\/2025\/03\/25\/mondial-2026-et-debuts-avec-lom-les-confidences-de-gouiri\/"},"author":{"name":"admin","@id":"https:\/\/lasentinelle.dz\/#\/schema\/person\/729ee0024f24e0b8c5ec17232f8e8b41"},"headline":"Mondial 2026 et d\u00e9buts avec l&rsquo;OM: Les confidences de Gouiri","datePublished":"2025-03-25T11:01:20+00:00","dateModified":"2025-03-25T11:01:21+00:00","mainEntityOfPage":{"@id":"https:\/\/lasentinelle.dz\/index.php\/2025\/03\/25\/mondial-2026-et-debuts-avec-lom-les-confidences-de-gouiri\/"},"wordCount":710,"commentCount":0,"publisher":{"@id":"https:\/\/lasentinelle.dz\/#organization"},"image":{"@id":"https:\/\/lasentinelle.dz\/index.php\/2025\/03\/25\/mondial-2026-et-debuts-avec-lom-les-confidences-de-gouiri\/#primaryimage"},"thumbnailUrl":"https:\/\/lasentinelle.dz\/wp-content\/uploads\/2025\/03\/Gouiri.webp","articleSection":["Sports"],"inLanguage":"fr-FR","potentialAction":[{"@type":"CommentAction","name":"Comment","target":["https:\/\/lasentinelle.dz\/index.php\/2025\/03\/25\/mondial-2026-et-debuts-avec-lom-les-confidences-de-gouiri\/#respond"]}]},{"@type":"WebPage","@id":"https:\/\/lasentinelle.dz\/index.php\/2025\/03\/25\/mondial-2026-et-debuts-avec-lom-les-confidences-de-gouiri\/","url":"https:\/\/lasentinelle.dz\/index.php\/2025\/03\/25\/mondial-2026-et-debuts-avec-lom-les-confidences-de-gouiri\/","name":"Mondial 2026 et d\u00e9buts avec l&rsquo;OM: Les confidences de Gouiri - La Sentinelle","isPartOf":{"@id":"https:\/\/lasentinelle.dz\/#website"},"primaryImageOfPage":{"@id":"https:\/\/lasentinelle.dz\/index.php\/2025\/03\/25\/mondial-2026-et-debuts-avec-lom-les-confidences-de-gouiri\/#primaryimage"},"image":{"@id":"https:\/\/lasentinelle.dz\/index.php\/2025\/03\/25\/mondial-2026-et-debuts-avec-lom-les-confidences-de-gouiri\/#primaryimage"},"thumbnailUrl":"https:\/\/lasentinelle.dz\/wp-content\/uploads\/2025\/03\/Gouiri.webp","datePublished":"2025-03-25T11:01:20+00:00","dateModified":"2025-03-25T11:01:21+00:00","breadcrumb":{"@id":"https:\/\/lasentinelle.dz\/index.php\/2025\/03\/25\/mondial-2026-et-debuts-avec-lom-les-confidences-de-gouiri\/#breadcrumb"},"inLanguage":"fr-FR","potentialAction":[{"@type":"ReadAction","target":["https:\/\/lasentinelle.dz\/index.php\/2025\/03\/25\/mondial-2026-et-debuts-avec-lom-les-confidences-de-gouiri\/"]}]},{"@type":"ImageObject","inLanguage":"fr-FR","@id":"https:\/\/lasentinelle.dz\/index.php\/2025\/03\/25\/mondial-2026-et-debuts-avec-lom-les-confidences-de-gouiri\/#primaryimage","url":"https:\/\/lasentinelle.dz\/wp-content\/uploads\/2025\/03\/Gouiri.webp","contentUrl":"https:\/\/lasentinelle.dz\/wp-content\/uploads\/2025\/03\/Gouiri.webp","width":1366,"height":919},{"@type":"BreadcrumbList","@id":"https:\/\/lasentinelle.dz\/index.php\/2025\/03\/25\/mondial-2026-et-debuts-avec-lom-les-confidences-de-gouiri\/#breadcrumb","itemListElement":[{"@type":"ListItem","position":1,"name":"Accueil","item":"https:\/\/lasentinelle.dz\/"},{"@type":"ListItem","position":2,"name":"Mondial 2026 et d\u00e9buts avec l&rsquo;OM: Les confidences de Gouiri"}]},{"@type":"WebSite","@id":"https:\/\/lasentinelle.dz\/#website","url":"https:\/\/lasentinelle.dz\/","name":"La Sentinelle","description":"Quotidien national d&#039;information","publisher":{"@id":"https:\/\/lasentinelle.dz\/#organization"},"potentialAction":[{"@type":"SearchAction","target":{"@type":"EntryPoint","urlTemplate":"https:\/\/lasentinelle.dz\/?s={search_term_string}"},"query-input":{"@type":"PropertyValueSpecification","valueRequired":true,"valueName":"search_term_string"}}],"inLanguage":"fr-FR"},{"@type":"Organization","@id":"https:\/\/lasentinelle.dz\/#organization","name":"Quotidien La Sentinelle","url":"https:\/\/lasentinelle.dz\/","logo":{"@type":"ImageObject","inLanguage":"fr-FR","@id":"https:\/\/lasentinelle.dz\/#\/schema\/logo\/image\/","url":"https:\/\/lasentinelle.dz\/wp-content\/uploads\/2021\/09\/logo-sentinelleSLOGAN-1.png","contentUrl":"https:\/\/lasentinelle.dz\/wp-content\/uploads\/2021\/09\/logo-sentinelleSLOGAN-1.png","width":615,"height":142,"caption":"Quotidien La Sentinelle"},"image":{"@id":"https:\/\/lasentinelle.dz\/#\/schema\/logo\/image\/"},"sameAs":["https:\/\/www.facebook.com\/La-Sentinelle-104059864394773"]},{"@type":"Person","@id":"https:\/\/lasentinelle.dz\/#\/schema\/person\/729ee0024f24e0b8c5ec17232f8e8b41","name":"admin","image":{"@type":"ImageObject","inLanguage":"fr-FR","@id":"https:\/\/secure.gravatar.com\/avatar\/4c81fed838786e9b53f540bf46533e750f5d292099ae3b66cfc6fb1982e29df7?s=96&d=mm&r=g","url":"https:\/\/secure.gravatar.com\/avatar\/4c81fed838786e9b53f540bf46533e750f5d292099ae3b66cfc6fb1982e29df7?s=96&d=mm&r=g","contentUrl":"https:\/\/secure.gravatar.com\/avatar\/4c81fed838786e9b53f540bf46533e750f5d292099ae3b66cfc6fb1982e29df7?s=96&d=mm&r=g","caption":"admin"},"description":"admin","url":"https:\/\/lasentinelle.dz\/author\/admin\/"}]}},"_links":{"self":[{"href":"https:\/\/lasentinelle.dz\/index.php\/wp-json\/wp\/v2\/posts\/64800","targetHints":{"allow":["GET"]}}],"collection":[{"href":"https:\/\/lasentinelle.dz\/index.php\/wp-json\/wp\/v2\/posts"}],"about":[{"href":"https:\/\/lasentinelle.dz\/index.php\/wp-json\/wp\/v2\/types\/post"}],"author":[{"embeddable":true,"href":"https:\/\/lasentinelle.dz\/index.php\/wp-json\/wp\/v2\/users\/6"}],"replies":[{"embeddable":true,"href":"https:\/\/lasentinelle.dz\/index.php\/wp-json\/wp\/v2\/comments?post=64800"}],"version-history":[{"count":2,"href":"https:\/\/lasentinelle.dz\/index.php\/wp-json\/wp\/v2\/posts\/64800\/revisions"}],"predecessor-version":[{"id":64803,"href":"https:\/\/lasentinelle.dz\/index.php\/wp-json\/wp\/v2\/posts\/64800\/revisions\/64803"}],"wp:featuredmedia":[{"embeddable":true,"href":"https:\/\/lasentinelle.dz\/index.php\/wp-json\/wp\/v2\/media\/64801"}],"wp:attachment":[{"href":"https:\/\/lasentinelle.dz\/index.php\/wp-json\/wp\/v2\/media?parent=64800"}],"wp:term":[{"taxonomy":"category","embeddable":true,"href":"https:\/\/lasentinelle.dz\/index.php\/wp-json\/wp\/v2\/categories?post=64800"},{"taxonomy":"post_tag","embeddable":true,"href":"https:\/\/lasentinelle.dz\/index.php\/wp-json\/wp\/v2\/tags?post=64800"}],"curies":[{"name":"wp","href":"https:\/\/api.w.org\/{rel}","templated":true}]}}