{"id":64811,"date":"2025-03-25T12:04:35","date_gmt":"2025-03-25T11:04:35","guid":{"rendered":"https:\/\/lasentinelle.dz\/?p=64811"},"modified":"2025-03-25T12:04:36","modified_gmt":"2025-03-25T11:04:36","slug":"annaba-le-wali-insiste-sur-lacceleration-des-travaux-de-realisation-de-plusieurs-projets","status":"publish","type":"post","link":"https:\/\/lasentinelle.dz\/index.php\/2025\/03\/25\/annaba-le-wali-insiste-sur-lacceleration-des-travaux-de-realisation-de-plusieurs-projets\/","title":{"rendered":"Annaba\u00a0: Le wali insiste sur l&rsquo;acc\u00e9l\u00e9ration des travaux de r\u00e9alisation de plusieurs projets"},"content":{"rendered":"\n<p>Soumis \u00e0 la pression des autorit\u00e9s locales, les entreprises charg\u00e9es des projets strat\u00e9giques, manifestent une performance exceptionnelle. Ce forcing impos\u00e9 par le wali d\u2019Annaba refl\u00e8te une volont\u00e9 \u00e0 mettre en services les projets, dont les points de stockages c\u00e9r\u00e9aliers et la route nationale n\u00b0 21 dans les d\u00e9lais impartis. En tous cas c\u2019est ce qui a \u00e9t\u00e9 relev\u00e9 hier, lors de la visite d\u2019inspection, effectu\u00e9e hier par le wali pour s\u2019enqu\u00e9rir de l\u2019avancement de ces infrastructures strat\u00e9giques. La premi\u00e8re halte a concern\u00e9 le d\u00e9doublement de la route nationale 21. Ce projet traduit les efforts des autorit\u00e9s locales, dont le souci majeur est l\u2019am\u00e9lioration de la s\u00e9curit\u00e9 routi\u00e8re et de r\u00e9duire les accidents de circulation. C\u2019est pourquoi Abdelkader Djellaoui, wali d\u2019Annaba, enchaine les visites d\u2019inspection \u00e0 ce chantier du tron\u00e7on reliant la wilaya d\u2019Annaba et de Guelma sur une distance totale de 18 km, et dont les travaux affichent une avanc\u00e9e significative. Rappelons dans ce sen l\u2019ouverture provisoire de la premi\u00e8re tranche du projet, d\u2019un lin\u00e9aire de 9 km, qui a co\u00efncid\u00e9 avec le mois sacr\u00e9 de Ramadhan. Le wali a inspect\u00e9 l\u2019avancement des travaux de la seconde tranche. Cette derni\u00e8re s\u2019\u00e9tend \u00e9galement sur 9 km o\u00f9. Le wali a surtout examin\u00e9 les travaux de goudronnage en cours sur environ 3 km \u00e0 partir d\u2019Ain El Barda. A souligner que les autorit\u00e9s locales accordent une attention particuli\u00e8re \u00e0 ce projet qui vise \u00e0 fluidifier la circulation et \u00e0 renforcer la s\u00e9curit\u00e9 des usagers sur cet axe routier par lequel transitent chaque jours plus de 3000 v\u00e9hicules tous types confondus. Sur un autre volet, le chef de l\u2019ex\u00e9cutif local a inspect\u00e9 les travaux de construction de deux centres de proximit\u00e9 pour le stockage des c\u00e9r\u00e9ales. Implant\u00e9s \u00e0 la commune de Tr\u00e9at, dans la da\u00efra de Berrahal. Ces installations, d\u2019une capacit\u00e9 de 5.000 quintaux chacune, soit 10.000 quintaux au total, constituent un projet d\u2019envergure pour la wilaya. Le wali a insist\u00e9 sur l\u2019importance d\u2019acc\u00e9l\u00e9rer le rythme des travaux, notamment par le doublement des \u00e9quipes et l\u2019instauration de rotations nocturnes. Ce projet strat\u00e9gique vise \u00e0 renforcer les capacit\u00e9s de stockage c\u00e9r\u00e9alier dans la wilaya d\u2019Annaba, contribuant ainsi \u00e0 la consolidation de la s\u00e9curit\u00e9 alimentaire. Dans la m\u00eame vision, le m\u00eame responsable a supervis\u00e9 les travaux d\u2019un projet similaire. Il s\u2019agit de deux centres de proximit\u00e9 pour le stockage des c\u00e9r\u00e9ales, \u00e9galement en cours de r\u00e9alisation dans la commune d\u2019Ain El Barda, d\u2019une capacit\u00e9 de 10.000 quintaux. Tout en r\u00e9it\u00e9rant la n\u00e9cessit\u00e9 de maintenir les efforts d\u00e9ploy\u00e9s et de poursuivre les travaux durant les p\u00e9riodes nocturnes afin d\u2019achever ce projet strat\u00e9gique dans les d\u00e9lais impartis, le chef de l\u2019ex\u00e9cutif local a \u00e9galement insist\u00e9 sur la qualit\u00e9 et le respect des normes de r\u00e9alisation, estimant que la rapidit\u00e9 dans la r\u00e9alisation de n\u2019importe quel projet, ne doit en aucun cas n\u00e9gliger la qualit\u00e9 des travaux.<\/p>\n\n\n\n<p><strong>Sofia Chahine<\/strong><\/p>\n","protected":false},"excerpt":{"rendered":"<p>Soumis \u00e0 la pression des autorit\u00e9s locales, les entreprises charg\u00e9es des projets strat\u00e9giques, manifestent une performance exceptionnelle. Ce forcing impos\u00e9<\/p>\n","protected":false},"author":6,"featured_media":64812,"comment_status":"open","ping_status":"closed","sticky":false,"template":"","format":"standard","meta":{"colormag_page_container_layout":"default_layout","colormag_page_sidebar_layout":"default_layout","om_disable_all_campaigns":false,"_monsterinsights_skip_tracking":false,"_monsterinsights_sitenote_active":false,"_monsterinsights_sitenote_note":"","_monsterinsights_sitenote_category":0,"footnotes":"","_wpscppro_dont_share_socialmedia":false,"_wpscppro_custom_social_share_image":0,"_facebook_share_type":"default","_twitter_share_type":"default","_linkedin_share_type":"default","_pinterest_share_type":"default","_linkedin_share_type_page":"","_instagram_share_type":"default","_medium_share_type":"default","_threads_share_type":"","_google_business_share_type":"","_selected_social_profile":[],"_wpsp_enable_custom_social_template":false,"_wpsp_social_scheduling":{"enabled":false,"datetime":null,"platforms":[],"status":"template_only","dateOption":"today","timeOption":"now","customDays":"","customHours":"","customDate":"","customTime":"","schedulingType":"absolute"},"_wpsp_active_default_template":true},"categories":[31],"tags":[],"class_list":["post-64811","post","type-post","status-publish","format-standard","has-post-thumbnail","hentry","category-regions"],"aioseo_notices":[],"yoast_head":"<!-- This site is optimized with the Yoast SEO plugin v27.5 - https:\/\/yoast.com\/product\/yoast-seo-wordpress\/ -->\n<title>Annaba\u00a0: Le wali insiste sur l&rsquo;acc\u00e9l\u00e9ration des travaux de r\u00e9alisation de plusieurs projets - La Sentinelle<\/title>\n<meta name=\"robots\" content=\"index, follow, max-snippet:-1, max-image-preview:large, max-video-preview:-1\" \/>\n<link rel=\"canonical\" href=\"https:\/\/lasentinelle.dz\/index.php\/2025\/03\/25\/annaba-le-wali-insiste-sur-lacceleration-des-travaux-de-realisation-de-plusieurs-projets\/\" \/>\n<meta property=\"og:locale\" content=\"fr_FR\" \/>\n<meta property=\"og:type\" content=\"article\" \/>\n<meta property=\"og:title\" content=\"Annaba\u00a0: Le wali insiste sur l&rsquo;acc\u00e9l\u00e9ration des travaux de r\u00e9alisation de plusieurs projets - La Sentinelle\" \/>\n<meta property=\"og:description\" content=\"Soumis \u00e0 la pression des autorit\u00e9s locales, les entreprises charg\u00e9es des projets strat\u00e9giques, manifestent une performance exceptionnelle. Ce forcing impos\u00e9\" \/>\n<meta property=\"og:url\" content=\"https:\/\/lasentinelle.dz\/index.php\/2025\/03\/25\/annaba-le-wali-insiste-sur-lacceleration-des-travaux-de-realisation-de-plusieurs-projets\/\" \/>\n<meta property=\"og:site_name\" content=\"La Sentinelle\" \/>\n<meta property=\"article:publisher\" content=\"https:\/\/www.facebook.com\/La-Sentinelle-104059864394773\" \/>\n<meta property=\"article:published_time\" content=\"2025-03-25T11:04:35+00:00\" \/>\n<meta property=\"article:modified_time\" content=\"2025-03-25T11:04:36+00:00\" \/>\n<meta property=\"og:image\" content=\"https:\/\/lasentinelle.dz\/wp-content\/uploads\/2025\/03\/wali-dannaba.jpg\" \/>\n\t<meta property=\"og:image:width\" content=\"1080\" \/>\n\t<meta property=\"og:image:height\" content=\"611\" \/>\n\t<meta property=\"og:image:type\" content=\"image\/jpeg\" \/>\n<meta name=\"author\" content=\"admin\" \/>\n<meta name=\"twitter:card\" content=\"summary_large_image\" \/>\n<meta name=\"twitter:label1\" content=\"\u00c9crit par\" \/>\n\t<meta name=\"twitter:data1\" content=\"admin\" \/>\n\t<meta name=\"twitter:label2\" content=\"Dur\u00e9e de lecture estim\u00e9e\" \/>\n\t<meta name=\"twitter:data2\" content=\"3 minutes\" \/>\n<script type=\"application\/ld+json\" class=\"yoast-schema-graph\">{\"@context\":\"https:\\\/\\\/schema.org\",\"@graph\":[{\"@type\":\"Article\",\"@id\":\"https:\\\/\\\/lasentinelle.dz\\\/index.php\\\/2025\\\/03\\\/25\\\/annaba-le-wali-insiste-sur-lacceleration-des-travaux-de-realisation-de-plusieurs-projets\\\/#article\",\"isPartOf\":{\"@id\":\"https:\\\/\\\/lasentinelle.dz\\\/index.php\\\/2025\\\/03\\\/25\\\/annaba-le-wali-insiste-sur-lacceleration-des-travaux-de-realisation-de-plusieurs-projets\\\/\"},\"author\":{\"name\":\"admin\",\"@id\":\"https:\\\/\\\/lasentinelle.dz\\\/#\\\/schema\\\/person\\\/729ee0024f24e0b8c5ec17232f8e8b41\"},\"headline\":\"Annaba\u00a0: Le wali insiste sur l&rsquo;acc\u00e9l\u00e9ration des travaux de r\u00e9alisation de plusieurs projets\",\"datePublished\":\"2025-03-25T11:04:35+00:00\",\"dateModified\":\"2025-03-25T11:04:36+00:00\",\"mainEntityOfPage\":{\"@id\":\"https:\\\/\\\/lasentinelle.dz\\\/index.php\\\/2025\\\/03\\\/25\\\/annaba-le-wali-insiste-sur-lacceleration-des-travaux-de-realisation-de-plusieurs-projets\\\/\"},\"wordCount\":555,\"commentCount\":0,\"publisher\":{\"@id\":\"https:\\\/\\\/lasentinelle.dz\\\/#organization\"},\"image\":{\"@id\":\"https:\\\/\\\/lasentinelle.dz\\\/index.php\\\/2025\\\/03\\\/25\\\/annaba-le-wali-insiste-sur-lacceleration-des-travaux-de-realisation-de-plusieurs-projets\\\/#primaryimage\"},\"thumbnailUrl\":\"https:\\\/\\\/lasentinelle.dz\\\/wp-content\\\/uploads\\\/2025\\\/03\\\/wali-dannaba.jpg\",\"articleSection\":[\"R\u00e9gions\"],\"inLanguage\":\"fr-FR\",\"potentialAction\":[{\"@type\":\"CommentAction\",\"name\":\"Comment\",\"target\":[\"https:\\\/\\\/lasentinelle.dz\\\/index.php\\\/2025\\\/03\\\/25\\\/annaba-le-wali-insiste-sur-lacceleration-des-travaux-de-realisation-de-plusieurs-projets\\\/#respond\"]}]},{\"@type\":\"WebPage\",\"@id\":\"https:\\\/\\\/lasentinelle.dz\\\/index.php\\\/2025\\\/03\\\/25\\\/annaba-le-wali-insiste-sur-lacceleration-des-travaux-de-realisation-de-plusieurs-projets\\\/\",\"url\":\"https:\\\/\\\/lasentinelle.dz\\\/index.php\\\/2025\\\/03\\\/25\\\/annaba-le-wali-insiste-sur-lacceleration-des-travaux-de-realisation-de-plusieurs-projets\\\/\",\"name\":\"Annaba\u00a0: Le wali insiste sur l&rsquo;acc\u00e9l\u00e9ration des travaux de r\u00e9alisation de plusieurs projets - La Sentinelle\",\"isPartOf\":{\"@id\":\"https:\\\/\\\/lasentinelle.dz\\\/#website\"},\"primaryImageOfPage\":{\"@id\":\"https:\\\/\\\/lasentinelle.dz\\\/index.php\\\/2025\\\/03\\\/25\\\/annaba-le-wali-insiste-sur-lacceleration-des-travaux-de-realisation-de-plusieurs-projets\\\/#primaryimage\"},\"image\":{\"@id\":\"https:\\\/\\\/lasentinelle.dz\\\/index.php\\\/2025\\\/03\\\/25\\\/annaba-le-wali-insiste-sur-lacceleration-des-travaux-de-realisation-de-plusieurs-projets\\\/#primaryimage\"},\"thumbnailUrl\":\"https:\\\/\\\/lasentinelle.dz\\\/wp-content\\\/uploads\\\/2025\\\/03\\\/wali-dannaba.jpg\",\"datePublished\":\"2025-03-25T11:04:35+00:00\",\"dateModified\":\"2025-03-25T11:04:36+00:00\",\"breadcrumb\":{\"@id\":\"https:\\\/\\\/lasentinelle.dz\\\/index.php\\\/2025\\\/03\\\/25\\\/annaba-le-wali-insiste-sur-lacceleration-des-travaux-de-realisation-de-plusieurs-projets\\\/#breadcrumb\"},\"inLanguage\":\"fr-FR\",\"potentialAction\":[{\"@type\":\"ReadAction\",\"target\":[\"https:\\\/\\\/lasentinelle.dz\\\/index.php\\\/2025\\\/03\\\/25\\\/annaba-le-wali-insiste-sur-lacceleration-des-travaux-de-realisation-de-plusieurs-projets\\\/\"]}]},{\"@type\":\"ImageObject\",\"inLanguage\":\"fr-FR\",\"@id\":\"https:\\\/\\\/lasentinelle.dz\\\/index.php\\\/2025\\\/03\\\/25\\\/annaba-le-wali-insiste-sur-lacceleration-des-travaux-de-realisation-de-plusieurs-projets\\\/#primaryimage\",\"url\":\"https:\\\/\\\/lasentinelle.dz\\\/wp-content\\\/uploads\\\/2025\\\/03\\\/wali-dannaba.jpg\",\"contentUrl\":\"https:\\\/\\\/lasentinelle.dz\\\/wp-content\\\/uploads\\\/2025\\\/03\\\/wali-dannaba.jpg\",\"width\":1080,\"height\":611},{\"@type\":\"BreadcrumbList\",\"@id\":\"https:\\\/\\\/lasentinelle.dz\\\/index.php\\\/2025\\\/03\\\/25\\\/annaba-le-wali-insiste-sur-lacceleration-des-travaux-de-realisation-de-plusieurs-projets\\\/#breadcrumb\",\"itemListElement\":[{\"@type\":\"ListItem\",\"position\":1,\"name\":\"Accueil\",\"item\":\"https:\\\/\\\/lasentinelle.dz\\\/\"},{\"@type\":\"ListItem\",\"position\":2,\"name\":\"Annaba\u00a0: Le wali insiste sur l&rsquo;acc\u00e9l\u00e9ration des travaux de r\u00e9alisation de plusieurs projets\"}]},{\"@type\":\"WebSite\",\"@id\":\"https:\\\/\\\/lasentinelle.dz\\\/#website\",\"url\":\"https:\\\/\\\/lasentinelle.dz\\\/\",\"name\":\"La Sentinelle\",\"description\":\"Quotidien national d&#039;information\",\"publisher\":{\"@id\":\"https:\\\/\\\/lasentinelle.dz\\\/#organization\"},\"potentialAction\":[{\"@type\":\"SearchAction\",\"target\":{\"@type\":\"EntryPoint\",\"urlTemplate\":\"https:\\\/\\\/lasentinelle.dz\\\/?s={search_term_string}\"},\"query-input\":{\"@type\":\"PropertyValueSpecification\",\"valueRequired\":true,\"valueName\":\"search_term_string\"}}],\"inLanguage\":\"fr-FR\"},{\"@type\":\"Organization\",\"@id\":\"https:\\\/\\\/lasentinelle.dz\\\/#organization\",\"name\":\"Quotidien La Sentinelle\",\"url\":\"https:\\\/\\\/lasentinelle.dz\\\/\",\"logo\":{\"@type\":\"ImageObject\",\"inLanguage\":\"fr-FR\",\"@id\":\"https:\\\/\\\/lasentinelle.dz\\\/#\\\/schema\\\/logo\\\/image\\\/\",\"url\":\"https:\\\/\\\/lasentinelle.dz\\\/wp-content\\\/uploads\\\/2021\\\/09\\\/logo-sentinelleSLOGAN-1.png\",\"contentUrl\":\"https:\\\/\\\/lasentinelle.dz\\\/wp-content\\\/uploads\\\/2021\\\/09\\\/logo-sentinelleSLOGAN-1.png\",\"width\":615,\"height\":142,\"caption\":\"Quotidien La Sentinelle\"},\"image\":{\"@id\":\"https:\\\/\\\/lasentinelle.dz\\\/#\\\/schema\\\/logo\\\/image\\\/\"},\"sameAs\":[\"https:\\\/\\\/www.facebook.com\\\/La-Sentinelle-104059864394773\"]},{\"@type\":\"Person\",\"@id\":\"https:\\\/\\\/lasentinelle.dz\\\/#\\\/schema\\\/person\\\/729ee0024f24e0b8c5ec17232f8e8b41\",\"name\":\"admin\",\"image\":{\"@type\":\"ImageObject\",\"inLanguage\":\"fr-FR\",\"@id\":\"https:\\\/\\\/secure.gravatar.com\\\/avatar\\\/4c81fed838786e9b53f540bf46533e750f5d292099ae3b66cfc6fb1982e29df7?s=96&d=mm&r=g\",\"url\":\"https:\\\/\\\/secure.gravatar.com\\\/avatar\\\/4c81fed838786e9b53f540bf46533e750f5d292099ae3b66cfc6fb1982e29df7?s=96&d=mm&r=g\",\"contentUrl\":\"https:\\\/\\\/secure.gravatar.com\\\/avatar\\\/4c81fed838786e9b53f540bf46533e750f5d292099ae3b66cfc6fb1982e29df7?s=96&d=mm&r=g\",\"caption\":\"admin\"},\"description\":\"admin\",\"url\":\"https:\\\/\\\/lasentinelle.dz\\\/author\\\/admin\\\/\"}]}<\/script>\n<!-- \/ Yoast SEO plugin. -->","yoast_head_json":{"title":"Annaba\u00a0: Le wali insiste sur l&rsquo;acc\u00e9l\u00e9ration des travaux de r\u00e9alisation de plusieurs projets - La Sentinelle","robots":{"index":"index","follow":"follow","max-snippet":"max-snippet:-1","max-image-preview":"max-image-preview:large","max-video-preview":"max-video-preview:-1"},"canonical":"https:\/\/lasentinelle.dz\/index.php\/2025\/03\/25\/annaba-le-wali-insiste-sur-lacceleration-des-travaux-de-realisation-de-plusieurs-projets\/","og_locale":"fr_FR","og_type":"article","og_title":"Annaba\u00a0: Le wali insiste sur l&rsquo;acc\u00e9l\u00e9ration des travaux de r\u00e9alisation de plusieurs projets - La Sentinelle","og_description":"Soumis \u00e0 la pression des autorit\u00e9s locales, les entreprises charg\u00e9es des projets strat\u00e9giques, manifestent une performance exceptionnelle. Ce forcing impos\u00e9","og_url":"https:\/\/lasentinelle.dz\/index.php\/2025\/03\/25\/annaba-le-wali-insiste-sur-lacceleration-des-travaux-de-realisation-de-plusieurs-projets\/","og_site_name":"La Sentinelle","article_publisher":"https:\/\/www.facebook.com\/La-Sentinelle-104059864394773","article_published_time":"2025-03-25T11:04:35+00:00","article_modified_time":"2025-03-25T11:04:36+00:00","og_image":[{"width":1080,"height":611,"url":"https:\/\/lasentinelle.dz\/wp-content\/uploads\/2025\/03\/wali-dannaba.jpg","type":"image\/jpeg"}],"author":"admin","twitter_card":"summary_large_image","twitter_misc":{"\u00c9crit par":"admin","Dur\u00e9e de lecture estim\u00e9e":"3 minutes"},"schema":{"@context":"https:\/\/schema.org","@graph":[{"@type":"Article","@id":"https:\/\/lasentinelle.dz\/index.php\/2025\/03\/25\/annaba-le-wali-insiste-sur-lacceleration-des-travaux-de-realisation-de-plusieurs-projets\/#article","isPartOf":{"@id":"https:\/\/lasentinelle.dz\/index.php\/2025\/03\/25\/annaba-le-wali-insiste-sur-lacceleration-des-travaux-de-realisation-de-plusieurs-projets\/"},"author":{"name":"admin","@id":"https:\/\/lasentinelle.dz\/#\/schema\/person\/729ee0024f24e0b8c5ec17232f8e8b41"},"headline":"Annaba\u00a0: Le wali insiste sur l&rsquo;acc\u00e9l\u00e9ration des travaux de r\u00e9alisation de plusieurs projets","datePublished":"2025-03-25T11:04:35+00:00","dateModified":"2025-03-25T11:04:36+00:00","mainEntityOfPage":{"@id":"https:\/\/lasentinelle.dz\/index.php\/2025\/03\/25\/annaba-le-wali-insiste-sur-lacceleration-des-travaux-de-realisation-de-plusieurs-projets\/"},"wordCount":555,"commentCount":0,"publisher":{"@id":"https:\/\/lasentinelle.dz\/#organization"},"image":{"@id":"https:\/\/lasentinelle.dz\/index.php\/2025\/03\/25\/annaba-le-wali-insiste-sur-lacceleration-des-travaux-de-realisation-de-plusieurs-projets\/#primaryimage"},"thumbnailUrl":"https:\/\/lasentinelle.dz\/wp-content\/uploads\/2025\/03\/wali-dannaba.jpg","articleSection":["R\u00e9gions"],"inLanguage":"fr-FR","potentialAction":[{"@type":"CommentAction","name":"Comment","target":["https:\/\/lasentinelle.dz\/index.php\/2025\/03\/25\/annaba-le-wali-insiste-sur-lacceleration-des-travaux-de-realisation-de-plusieurs-projets\/#respond"]}]},{"@type":"WebPage","@id":"https:\/\/lasentinelle.dz\/index.php\/2025\/03\/25\/annaba-le-wali-insiste-sur-lacceleration-des-travaux-de-realisation-de-plusieurs-projets\/","url":"https:\/\/lasentinelle.dz\/index.php\/2025\/03\/25\/annaba-le-wali-insiste-sur-lacceleration-des-travaux-de-realisation-de-plusieurs-projets\/","name":"Annaba\u00a0: Le wali insiste sur l&rsquo;acc\u00e9l\u00e9ration des travaux de r\u00e9alisation de plusieurs projets - La Sentinelle","isPartOf":{"@id":"https:\/\/lasentinelle.dz\/#website"},"primaryImageOfPage":{"@id":"https:\/\/lasentinelle.dz\/index.php\/2025\/03\/25\/annaba-le-wali-insiste-sur-lacceleration-des-travaux-de-realisation-de-plusieurs-projets\/#primaryimage"},"image":{"@id":"https:\/\/lasentinelle.dz\/index.php\/2025\/03\/25\/annaba-le-wali-insiste-sur-lacceleration-des-travaux-de-realisation-de-plusieurs-projets\/#primaryimage"},"thumbnailUrl":"https:\/\/lasentinelle.dz\/wp-content\/uploads\/2025\/03\/wali-dannaba.jpg","datePublished":"2025-03-25T11:04:35+00:00","dateModified":"2025-03-25T11:04:36+00:00","breadcrumb":{"@id":"https:\/\/lasentinelle.dz\/index.php\/2025\/03\/25\/annaba-le-wali-insiste-sur-lacceleration-des-travaux-de-realisation-de-plusieurs-projets\/#breadcrumb"},"inLanguage":"fr-FR","potentialAction":[{"@type":"ReadAction","target":["https:\/\/lasentinelle.dz\/index.php\/2025\/03\/25\/annaba-le-wali-insiste-sur-lacceleration-des-travaux-de-realisation-de-plusieurs-projets\/"]}]},{"@type":"ImageObject","inLanguage":"fr-FR","@id":"https:\/\/lasentinelle.dz\/index.php\/2025\/03\/25\/annaba-le-wali-insiste-sur-lacceleration-des-travaux-de-realisation-de-plusieurs-projets\/#primaryimage","url":"https:\/\/lasentinelle.dz\/wp-content\/uploads\/2025\/03\/wali-dannaba.jpg","contentUrl":"https:\/\/lasentinelle.dz\/wp-content\/uploads\/2025\/03\/wali-dannaba.jpg","width":1080,"height":611},{"@type":"BreadcrumbList","@id":"https:\/\/lasentinelle.dz\/index.php\/2025\/03\/25\/annaba-le-wali-insiste-sur-lacceleration-des-travaux-de-realisation-de-plusieurs-projets\/#breadcrumb","itemListElement":[{"@type":"ListItem","position":1,"name":"Accueil","item":"https:\/\/lasentinelle.dz\/"},{"@type":"ListItem","position":2,"name":"Annaba\u00a0: Le wali insiste sur l&rsquo;acc\u00e9l\u00e9ration des travaux de r\u00e9alisation de plusieurs projets"}]},{"@type":"WebSite","@id":"https:\/\/lasentinelle.dz\/#website","url":"https:\/\/lasentinelle.dz\/","name":"La Sentinelle","description":"Quotidien national d&#039;information","publisher":{"@id":"https:\/\/lasentinelle.dz\/#organization"},"potentialAction":[{"@type":"SearchAction","target":{"@type":"EntryPoint","urlTemplate":"https:\/\/lasentinelle.dz\/?s={search_term_string}"},"query-input":{"@type":"PropertyValueSpecification","valueRequired":true,"valueName":"search_term_string"}}],"inLanguage":"fr-FR"},{"@type":"Organization","@id":"https:\/\/lasentinelle.dz\/#organization","name":"Quotidien La Sentinelle","url":"https:\/\/lasentinelle.dz\/","logo":{"@type":"ImageObject","inLanguage":"fr-FR","@id":"https:\/\/lasentinelle.dz\/#\/schema\/logo\/image\/","url":"https:\/\/lasentinelle.dz\/wp-content\/uploads\/2021\/09\/logo-sentinelleSLOGAN-1.png","contentUrl":"https:\/\/lasentinelle.dz\/wp-content\/uploads\/2021\/09\/logo-sentinelleSLOGAN-1.png","width":615,"height":142,"caption":"Quotidien La Sentinelle"},"image":{"@id":"https:\/\/lasentinelle.dz\/#\/schema\/logo\/image\/"},"sameAs":["https:\/\/www.facebook.com\/La-Sentinelle-104059864394773"]},{"@type":"Person","@id":"https:\/\/lasentinelle.dz\/#\/schema\/person\/729ee0024f24e0b8c5ec17232f8e8b41","name":"admin","image":{"@type":"ImageObject","inLanguage":"fr-FR","@id":"https:\/\/secure.gravatar.com\/avatar\/4c81fed838786e9b53f540bf46533e750f5d292099ae3b66cfc6fb1982e29df7?s=96&d=mm&r=g","url":"https:\/\/secure.gravatar.com\/avatar\/4c81fed838786e9b53f540bf46533e750f5d292099ae3b66cfc6fb1982e29df7?s=96&d=mm&r=g","contentUrl":"https:\/\/secure.gravatar.com\/avatar\/4c81fed838786e9b53f540bf46533e750f5d292099ae3b66cfc6fb1982e29df7?s=96&d=mm&r=g","caption":"admin"},"description":"admin","url":"https:\/\/lasentinelle.dz\/author\/admin\/"}]}},"_links":{"self":[{"href":"https:\/\/lasentinelle.dz\/index.php\/wp-json\/wp\/v2\/posts\/64811","targetHints":{"allow":["GET"]}}],"collection":[{"href":"https:\/\/lasentinelle.dz\/index.php\/wp-json\/wp\/v2\/posts"}],"about":[{"href":"https:\/\/lasentinelle.dz\/index.php\/wp-json\/wp\/v2\/types\/post"}],"author":[{"embeddable":true,"href":"https:\/\/lasentinelle.dz\/index.php\/wp-json\/wp\/v2\/users\/6"}],"replies":[{"embeddable":true,"href":"https:\/\/lasentinelle.dz\/index.php\/wp-json\/wp\/v2\/comments?post=64811"}],"version-history":[{"count":2,"href":"https:\/\/lasentinelle.dz\/index.php\/wp-json\/wp\/v2\/posts\/64811\/revisions"}],"predecessor-version":[{"id":64814,"href":"https:\/\/lasentinelle.dz\/index.php\/wp-json\/wp\/v2\/posts\/64811\/revisions\/64814"}],"wp:featuredmedia":[{"embeddable":true,"href":"https:\/\/lasentinelle.dz\/index.php\/wp-json\/wp\/v2\/media\/64812"}],"wp:attachment":[{"href":"https:\/\/lasentinelle.dz\/index.php\/wp-json\/wp\/v2\/media?parent=64811"}],"wp:term":[{"taxonomy":"category","embeddable":true,"href":"https:\/\/lasentinelle.dz\/index.php\/wp-json\/wp\/v2\/categories?post=64811"},{"taxonomy":"post_tag","embeddable":true,"href":"https:\/\/lasentinelle.dz\/index.php\/wp-json\/wp\/v2\/tags?post=64811"}],"curies":[{"name":"wp","href":"https:\/\/api.w.org\/{rel}","templated":true}]}}