{"id":64824,"date":"2025-03-25T12:10:35","date_gmt":"2025-03-25T11:10:35","guid":{"rendered":"https:\/\/lasentinelle.dz\/?p=64824"},"modified":"2025-03-25T12:10:36","modified_gmt":"2025-03-25T11:10:36","slug":"lamericain-enc-se-lance-dans-la-production-de-bus-en-algerie","status":"publish","type":"post","link":"https:\/\/lasentinelle.dz\/index.php\/2025\/03\/25\/lamericain-enc-se-lance-dans-la-production-de-bus-en-algerie\/","title":{"rendered":"L&rsquo;Am\u00e9ricain ENC se lance dans la production de bus en Alg\u00e9rie"},"content":{"rendered":"\n<p>Des repr\u00e9sentants de la soci\u00e9t\u00e9 \u00ab\u00a0Austroid Corporation\u00a0\u00bb, d\u00e9tentrice de la marque am\u00e9ricaine \u00ab\u00a0ENC\u00a0\u00bb sp\u00e9cialis\u00e9e dans la fabrication de bus et de camions, ont soulign\u00e9, hier, leur engagement \u00e0 concr\u00e9tiser un projet de qualit\u00e9 en Alg\u00e9rie, en phase avec la politique de l&rsquo;\u00c9tat en la mati\u00e8re.<\/p>\n\n\n\n<p>Selon un communiqu\u00e9 du minist\u00e8re de l&rsquo;Industrie, le premier responsable du secteur, M. Sifi Ghrieb, a re\u00e7u au si\u00e8ge du minist\u00e8re le vice-pr\u00e9sident d'\u00a0\u00bbAustroid\u00a0\u00bb, accompagn\u00e9 du partenaire alg\u00e9rien, pr\u00e9cise le communiqu\u00e9. Lors de cette rencontre, les repr\u00e9sentants de la marque ont exprim\u00e9 leur \u00ab\u00a0grande satisfaction\u00a0\u00bb quant au climat g\u00e9n\u00e9ral favorable \u00e0 l&rsquo;investissement en Alg\u00e9rie, notamment avec la nouvelle approche adopt\u00e9e par le minist\u00e8re de l&rsquo;Industrie en mati\u00e8re d&rsquo;industrie automobile. Ils ont soulign\u00e9 que \u00ab\u00a0ce climat favorable les a incit\u00e9s \u00e0 solliciter une rencontre avec le ministre, pour exprimer leur volont\u00e9 d&rsquo;investir en Alg\u00e9rie conform\u00e9ment \u00e0 la feuille de route du minist\u00e8re\u00a0\u00bb, ajoute la m\u00eame source. \u00c0 ce propos, les repr\u00e9sentants de la marque ont affirm\u00e9 \u00ab\u00a0leur plein engagement \u00e0 r\u00e9aliser un projet de qualit\u00e9 en phase avec la politique de l&rsquo;\u00c9tat alg\u00e9rien en la mati\u00e8re\u00a0\u00bb. Apr\u00e8s avoir suivi un expos\u00e9 pr\u00e9sent\u00e9 par la d\u00e9l\u00e9gation, M. Ghrieb a insist\u00e9 sur \u00ab\u00a0la n\u00e9cessit\u00e9 d&rsquo;exploiter le r\u00e9seau national des fabricants de pi\u00e8ces de rechange pour augmenter le taux d&rsquo;int\u00e9gration locale\u00a0\u00bb, mettant en avant \u00ab\u00a0l&rsquo;importance d&rsquo;accompagner les fabricants locaux en mati\u00e8re de formation, ainsi que dans les proc\u00e9dures de conformit\u00e9\u00a0\u00bb. Cette nouvelle arriv\u00e9e s\u2019inscrit dans un contexte d\u2019acc\u00e9l\u00e9ration de la structuration d\u2019une v\u00e9ritable industrie automobile int\u00e9gr\u00e9e en Alg\u00e9rie. Le pays a r\u00e9cemment franchi plusieurs \u00e9tapes d\u00e9cisives, notamment avec la signature d\u2019un protocole d\u2019accord entre le minist\u00e8re de l\u2019Industrie et treize constructeurs automobiles \u00e9trangers et locaux. Ce protocole vise l\u2019int\u00e9gration progressive de composants produits localement et l\u2019accompagnement des fabricants nationaux dans l\u2019obtention des certifications n\u00e9cessaires pour leurs produits. Des contrats de sous-traitance ont \u00e9galement \u00e9t\u00e9 conclus, comme celui entre Stellantis Alg\u00e9rie qui d\u00e9tient une unit\u00e9 Fiat \u00e0 Oran et la start-up Idnet, sp\u00e9cialis\u00e9e dans la fabrication de c\u00e2bles, ainsi qu\u2019avec l\u2019entreprise Algeria Ham Motors, producteur de composants plastiques. Les autorit\u00e9s affichent clairement leur volont\u00e9 de transformer radicalement le secteur automobile, en d\u00e9passant l\u2019image des anciens \u00ab hangars de gonflage de pneus \u00bb pour construire un \u00e9cosyst\u00e8me industriel performant et durable. Le minist\u00e8re de l\u2019Industrie a r\u00e9cemment mis en place deux commissions d\u00e9di\u00e9es \u00e0 la structuration de la fili\u00e8re des pi\u00e8ces d\u00e9tach\u00e9es : une commission d\u2019orientation, charg\u00e9e de d\u00e9finir la strat\u00e9gie globale, et une commission d\u2019\u00e9tudes et d\u2019ing\u00e9nierie, responsable des aspects techniques. Cet investissement am\u00e9ricain s&rsquo;inscrit dans une dynamique plus large d\u2019implantation de grands groupes internationaux dans la construction m\u00e9canique en Alg\u00e9rie. Les Am\u00e9ricains sont d\u00e9j\u00e0 pr\u00e9sents dans la construction m\u00e9canique en Alg\u00e9rie notamment \u00e0 travers l&rsquo;usine Massey Ferguson de Constantine, sp\u00e9cialis\u00e9e dans la fabrication de mat\u00e9riels agricoles. Cette strat\u00e9gie globale de d\u00e9veloppement de l\u2019industrie automobile t\u00e9moigne d\u2019une volont\u00e9 politique forte de diversifier l\u2019\u00e9conomie nationale, longtemps d\u00e9pendante des hydrocarbures, en cr\u00e9ant un secteur industriel comp\u00e9titif capable de g\u00e9n\u00e9rer des emplois qualifi\u00e9s et de r\u00e9duire la facture des importations. L\u2019accent mis sur l\u2019int\u00e9gration locale et la sous-traitance nationale refl\u00e8te une approche structur\u00e9e visant \u00e0 maximiser les retomb\u00e9es \u00e9conomiques de ces investissements pour l\u2019ensemble du tissu industriel alg\u00e9rien. Le ministre a par ailleurs exhort\u00e9 les responsables du projet \u00e0 \u00ab\u00a0acc\u00e9l\u00e9rer le parach\u00e8vement des proc\u00e9dures n\u00e9cessaires avec les organismes comp\u00e9tents\u00a0\u00bb, assurant que \u00ab\u00a0les portes du minist\u00e8re restent ouvertes \u00e0 tous les industriels\u00a0\u00bb, conclut le communiqu\u00e9.<\/p>\n\n\n\n<p>Amar Malki<\/p>\n\n\n\n<p><strong>AAPI<\/strong><\/p>\n\n\n\n<p><strong>\u00ab\u00a0Austroid Corporation\u00a0\u00bb exprime sa volont\u00e9 d\u2019investir dans la transformation du lithium en Alg\u00e9rie<\/strong><\/p>\n\n\n\n<p>\u00ab\u00a0Austroid Corporation\u00a0\u00bb, sp\u00e9cialis\u00e9e dans la transformation du lithium, a exprim\u00e9 sa volont\u00e9 d\u2019investir en Alg\u00e9rie \u00e0 travers la r\u00e9alisation d&rsquo;un projet industriel int\u00e9gr\u00e9, a indiqu\u00e9 dimanche, l\u2019Agence alg\u00e9rienne de promotion de l&rsquo;investissement (AAPI) dans un communiqu\u00e9. L\u2019annonce a \u00e9t\u00e9 faite lors d&rsquo;une rencontre ayant r\u00e9uni, dimanche, le directeur g\u00e9n\u00e9ral de l\u2019AAPI, Omar Rekkache, avec des responsables de la soci\u00e9t\u00e9 chinoise, au si\u00e8ge de l&rsquo;AAPI, en pr\u00e9sence de cadres de l\u2019Agence, ajoute la m\u00eame source. Bas\u00e9e aux Etats-Unis d&rsquo;Am\u00e9rique, la soci\u00e9t\u00e9 vise \u00e0 renforcer son activit\u00e9 industrielle dans le domaine de la transformation du lithium, en tirant parti des opportunit\u00e9s d\u2019investissement offertes par l\u2019Alg\u00e9rie dans ce secteur strat\u00e9gique, selon le communiqu\u00e9.<\/p>\n","protected":false},"excerpt":{"rendered":"<p>Des repr\u00e9sentants de la soci\u00e9t\u00e9 \u00ab\u00a0Austroid Corporation\u00a0\u00bb, d\u00e9tentrice de la marque am\u00e9ricaine \u00ab\u00a0ENC\u00a0\u00bb sp\u00e9cialis\u00e9e dans la fabrication de bus et<\/p>\n","protected":false},"author":6,"featured_media":64825,"comment_status":"open","ping_status":"closed","sticky":false,"template":"","format":"standard","meta":{"colormag_page_container_layout":"default_layout","colormag_page_sidebar_layout":"default_layout","om_disable_all_campaigns":false,"_monsterinsights_skip_tracking":false,"_monsterinsights_sitenote_active":false,"_monsterinsights_sitenote_note":"","_monsterinsights_sitenote_category":0,"footnotes":"","_wpscppro_dont_share_socialmedia":false,"_wpscppro_custom_social_share_image":0,"_facebook_share_type":"default","_twitter_share_type":"default","_linkedin_share_type":"default","_pinterest_share_type":"default","_linkedin_share_type_page":"","_instagram_share_type":"default","_medium_share_type":"default","_threads_share_type":"","_google_business_share_type":"","_selected_social_profile":[],"_wpsp_enable_custom_social_template":false,"_wpsp_social_scheduling":{"enabled":false,"datetime":null,"platforms":[],"status":"template_only","dateOption":"today","timeOption":"now","customDays":"","customHours":"","customDate":"","customTime":"","schedulingType":"absolute"},"_wpsp_active_default_template":true},"categories":[52,29],"tags":[],"class_list":["post-64824","post","type-post","status-publish","format-standard","has-post-thumbnail","hentry","category-a-la-une","category-economie"],"aioseo_notices":[],"yoast_head":"<!-- This site is optimized with the Yoast SEO plugin v27.5 - https:\/\/yoast.com\/product\/yoast-seo-wordpress\/ -->\n<title>L&rsquo;Am\u00e9ricain ENC se lance dans la production de bus en Alg\u00e9rie - La Sentinelle<\/title>\n<meta name=\"robots\" content=\"index, follow, max-snippet:-1, max-image-preview:large, max-video-preview:-1\" \/>\n<link rel=\"canonical\" href=\"https:\/\/lasentinelle.dz\/index.php\/2025\/03\/25\/lamericain-enc-se-lance-dans-la-production-de-bus-en-algerie\/\" \/>\n<meta property=\"og:locale\" content=\"fr_FR\" \/>\n<meta property=\"og:type\" content=\"article\" \/>\n<meta property=\"og:title\" content=\"L&rsquo;Am\u00e9ricain ENC se lance dans la production de bus en Alg\u00e9rie - La Sentinelle\" \/>\n<meta property=\"og:description\" content=\"Des repr\u00e9sentants de la soci\u00e9t\u00e9 \u00ab\u00a0Austroid Corporation\u00a0\u00bb, d\u00e9tentrice de la marque am\u00e9ricaine \u00ab\u00a0ENC\u00a0\u00bb sp\u00e9cialis\u00e9e dans la fabrication de bus et\" \/>\n<meta property=\"og:url\" content=\"https:\/\/lasentinelle.dz\/index.php\/2025\/03\/25\/lamericain-enc-se-lance-dans-la-production-de-bus-en-algerie\/\" \/>\n<meta property=\"og:site_name\" content=\"La Sentinelle\" \/>\n<meta property=\"article:publisher\" content=\"https:\/\/www.facebook.com\/La-Sentinelle-104059864394773\" \/>\n<meta property=\"article:published_time\" content=\"2025-03-25T11:10:35+00:00\" \/>\n<meta property=\"article:modified_time\" content=\"2025-03-25T11:10:36+00:00\" \/>\n<meta property=\"og:image\" content=\"https:\/\/lasentinelle.dz\/wp-content\/uploads\/2025\/03\/486370922_969824551997609_6398610571501923502_n.jpg\" \/>\n\t<meta property=\"og:image:width\" content=\"1280\" \/>\n\t<meta property=\"og:image:height\" content=\"845\" \/>\n\t<meta property=\"og:image:type\" content=\"image\/jpeg\" \/>\n<meta name=\"author\" content=\"admin\" \/>\n<meta name=\"twitter:card\" content=\"summary_large_image\" \/>\n<meta name=\"twitter:label1\" content=\"\u00c9crit par\" \/>\n\t<meta name=\"twitter:data1\" content=\"admin\" \/>\n\t<meta name=\"twitter:label2\" content=\"Dur\u00e9e de lecture estim\u00e9e\" \/>\n\t<meta name=\"twitter:data2\" content=\"4 minutes\" \/>\n<script type=\"application\/ld+json\" class=\"yoast-schema-graph\">{\"@context\":\"https:\\\/\\\/schema.org\",\"@graph\":[{\"@type\":\"Article\",\"@id\":\"https:\\\/\\\/lasentinelle.dz\\\/index.php\\\/2025\\\/03\\\/25\\\/lamericain-enc-se-lance-dans-la-production-de-bus-en-algerie\\\/#article\",\"isPartOf\":{\"@id\":\"https:\\\/\\\/lasentinelle.dz\\\/index.php\\\/2025\\\/03\\\/25\\\/lamericain-enc-se-lance-dans-la-production-de-bus-en-algerie\\\/\"},\"author\":{\"name\":\"admin\",\"@id\":\"https:\\\/\\\/lasentinelle.dz\\\/#\\\/schema\\\/person\\\/729ee0024f24e0b8c5ec17232f8e8b41\"},\"headline\":\"L&rsquo;Am\u00e9ricain ENC se lance dans la production de bus en Alg\u00e9rie\",\"datePublished\":\"2025-03-25T11:10:35+00:00\",\"dateModified\":\"2025-03-25T11:10:36+00:00\",\"mainEntityOfPage\":{\"@id\":\"https:\\\/\\\/lasentinelle.dz\\\/index.php\\\/2025\\\/03\\\/25\\\/lamericain-enc-se-lance-dans-la-production-de-bus-en-algerie\\\/\"},\"wordCount\":862,\"commentCount\":0,\"publisher\":{\"@id\":\"https:\\\/\\\/lasentinelle.dz\\\/#organization\"},\"image\":{\"@id\":\"https:\\\/\\\/lasentinelle.dz\\\/index.php\\\/2025\\\/03\\\/25\\\/lamericain-enc-se-lance-dans-la-production-de-bus-en-algerie\\\/#primaryimage\"},\"thumbnailUrl\":\"https:\\\/\\\/lasentinelle.dz\\\/wp-content\\\/uploads\\\/2025\\\/03\\\/486370922_969824551997609_6398610571501923502_n.jpg\",\"articleSection\":[\"\u00c0 la Une\",\"\u00c9conomie\"],\"inLanguage\":\"fr-FR\",\"potentialAction\":[{\"@type\":\"CommentAction\",\"name\":\"Comment\",\"target\":[\"https:\\\/\\\/lasentinelle.dz\\\/index.php\\\/2025\\\/03\\\/25\\\/lamericain-enc-se-lance-dans-la-production-de-bus-en-algerie\\\/#respond\"]}]},{\"@type\":\"WebPage\",\"@id\":\"https:\\\/\\\/lasentinelle.dz\\\/index.php\\\/2025\\\/03\\\/25\\\/lamericain-enc-se-lance-dans-la-production-de-bus-en-algerie\\\/\",\"url\":\"https:\\\/\\\/lasentinelle.dz\\\/index.php\\\/2025\\\/03\\\/25\\\/lamericain-enc-se-lance-dans-la-production-de-bus-en-algerie\\\/\",\"name\":\"L&rsquo;Am\u00e9ricain ENC se lance dans la production de bus en Alg\u00e9rie - La Sentinelle\",\"isPartOf\":{\"@id\":\"https:\\\/\\\/lasentinelle.dz\\\/#website\"},\"primaryImageOfPage\":{\"@id\":\"https:\\\/\\\/lasentinelle.dz\\\/index.php\\\/2025\\\/03\\\/25\\\/lamericain-enc-se-lance-dans-la-production-de-bus-en-algerie\\\/#primaryimage\"},\"image\":{\"@id\":\"https:\\\/\\\/lasentinelle.dz\\\/index.php\\\/2025\\\/03\\\/25\\\/lamericain-enc-se-lance-dans-la-production-de-bus-en-algerie\\\/#primaryimage\"},\"thumbnailUrl\":\"https:\\\/\\\/lasentinelle.dz\\\/wp-content\\\/uploads\\\/2025\\\/03\\\/486370922_969824551997609_6398610571501923502_n.jpg\",\"datePublished\":\"2025-03-25T11:10:35+00:00\",\"dateModified\":\"2025-03-25T11:10:36+00:00\",\"breadcrumb\":{\"@id\":\"https:\\\/\\\/lasentinelle.dz\\\/index.php\\\/2025\\\/03\\\/25\\\/lamericain-enc-se-lance-dans-la-production-de-bus-en-algerie\\\/#breadcrumb\"},\"inLanguage\":\"fr-FR\",\"potentialAction\":[{\"@type\":\"ReadAction\",\"target\":[\"https:\\\/\\\/lasentinelle.dz\\\/index.php\\\/2025\\\/03\\\/25\\\/lamericain-enc-se-lance-dans-la-production-de-bus-en-algerie\\\/\"]}]},{\"@type\":\"ImageObject\",\"inLanguage\":\"fr-FR\",\"@id\":\"https:\\\/\\\/lasentinelle.dz\\\/index.php\\\/2025\\\/03\\\/25\\\/lamericain-enc-se-lance-dans-la-production-de-bus-en-algerie\\\/#primaryimage\",\"url\":\"https:\\\/\\\/lasentinelle.dz\\\/wp-content\\\/uploads\\\/2025\\\/03\\\/486370922_969824551997609_6398610571501923502_n.jpg\",\"contentUrl\":\"https:\\\/\\\/lasentinelle.dz\\\/wp-content\\\/uploads\\\/2025\\\/03\\\/486370922_969824551997609_6398610571501923502_n.jpg\",\"width\":1280,\"height\":845},{\"@type\":\"BreadcrumbList\",\"@id\":\"https:\\\/\\\/lasentinelle.dz\\\/index.php\\\/2025\\\/03\\\/25\\\/lamericain-enc-se-lance-dans-la-production-de-bus-en-algerie\\\/#breadcrumb\",\"itemListElement\":[{\"@type\":\"ListItem\",\"position\":1,\"name\":\"Accueil\",\"item\":\"https:\\\/\\\/lasentinelle.dz\\\/\"},{\"@type\":\"ListItem\",\"position\":2,\"name\":\"L&rsquo;Am\u00e9ricain ENC se lance dans la production de bus en Alg\u00e9rie\"}]},{\"@type\":\"WebSite\",\"@id\":\"https:\\\/\\\/lasentinelle.dz\\\/#website\",\"url\":\"https:\\\/\\\/lasentinelle.dz\\\/\",\"name\":\"La Sentinelle\",\"description\":\"Quotidien national d&#039;information\",\"publisher\":{\"@id\":\"https:\\\/\\\/lasentinelle.dz\\\/#organization\"},\"potentialAction\":[{\"@type\":\"SearchAction\",\"target\":{\"@type\":\"EntryPoint\",\"urlTemplate\":\"https:\\\/\\\/lasentinelle.dz\\\/?s={search_term_string}\"},\"query-input\":{\"@type\":\"PropertyValueSpecification\",\"valueRequired\":true,\"valueName\":\"search_term_string\"}}],\"inLanguage\":\"fr-FR\"},{\"@type\":\"Organization\",\"@id\":\"https:\\\/\\\/lasentinelle.dz\\\/#organization\",\"name\":\"Quotidien La Sentinelle\",\"url\":\"https:\\\/\\\/lasentinelle.dz\\\/\",\"logo\":{\"@type\":\"ImageObject\",\"inLanguage\":\"fr-FR\",\"@id\":\"https:\\\/\\\/lasentinelle.dz\\\/#\\\/schema\\\/logo\\\/image\\\/\",\"url\":\"https:\\\/\\\/lasentinelle.dz\\\/wp-content\\\/uploads\\\/2021\\\/09\\\/logo-sentinelleSLOGAN-1.png\",\"contentUrl\":\"https:\\\/\\\/lasentinelle.dz\\\/wp-content\\\/uploads\\\/2021\\\/09\\\/logo-sentinelleSLOGAN-1.png\",\"width\":615,\"height\":142,\"caption\":\"Quotidien La Sentinelle\"},\"image\":{\"@id\":\"https:\\\/\\\/lasentinelle.dz\\\/#\\\/schema\\\/logo\\\/image\\\/\"},\"sameAs\":[\"https:\\\/\\\/www.facebook.com\\\/La-Sentinelle-104059864394773\"]},{\"@type\":\"Person\",\"@id\":\"https:\\\/\\\/lasentinelle.dz\\\/#\\\/schema\\\/person\\\/729ee0024f24e0b8c5ec17232f8e8b41\",\"name\":\"admin\",\"image\":{\"@type\":\"ImageObject\",\"inLanguage\":\"fr-FR\",\"@id\":\"https:\\\/\\\/secure.gravatar.com\\\/avatar\\\/4c81fed838786e9b53f540bf46533e750f5d292099ae3b66cfc6fb1982e29df7?s=96&d=mm&r=g\",\"url\":\"https:\\\/\\\/secure.gravatar.com\\\/avatar\\\/4c81fed838786e9b53f540bf46533e750f5d292099ae3b66cfc6fb1982e29df7?s=96&d=mm&r=g\",\"contentUrl\":\"https:\\\/\\\/secure.gravatar.com\\\/avatar\\\/4c81fed838786e9b53f540bf46533e750f5d292099ae3b66cfc6fb1982e29df7?s=96&d=mm&r=g\",\"caption\":\"admin\"},\"description\":\"admin\",\"url\":\"https:\\\/\\\/lasentinelle.dz\\\/author\\\/admin\\\/\"}]}<\/script>\n<!-- \/ Yoast SEO plugin. -->","yoast_head_json":{"title":"L&rsquo;Am\u00e9ricain ENC se lance dans la production de bus en Alg\u00e9rie - La Sentinelle","robots":{"index":"index","follow":"follow","max-snippet":"max-snippet:-1","max-image-preview":"max-image-preview:large","max-video-preview":"max-video-preview:-1"},"canonical":"https:\/\/lasentinelle.dz\/index.php\/2025\/03\/25\/lamericain-enc-se-lance-dans-la-production-de-bus-en-algerie\/","og_locale":"fr_FR","og_type":"article","og_title":"L&rsquo;Am\u00e9ricain ENC se lance dans la production de bus en Alg\u00e9rie - La Sentinelle","og_description":"Des repr\u00e9sentants de la soci\u00e9t\u00e9 \u00ab\u00a0Austroid Corporation\u00a0\u00bb, d\u00e9tentrice de la marque am\u00e9ricaine \u00ab\u00a0ENC\u00a0\u00bb sp\u00e9cialis\u00e9e dans la fabrication de bus et","og_url":"https:\/\/lasentinelle.dz\/index.php\/2025\/03\/25\/lamericain-enc-se-lance-dans-la-production-de-bus-en-algerie\/","og_site_name":"La Sentinelle","article_publisher":"https:\/\/www.facebook.com\/La-Sentinelle-104059864394773","article_published_time":"2025-03-25T11:10:35+00:00","article_modified_time":"2025-03-25T11:10:36+00:00","og_image":[{"width":1280,"height":845,"url":"https:\/\/lasentinelle.dz\/wp-content\/uploads\/2025\/03\/486370922_969824551997609_6398610571501923502_n.jpg","type":"image\/jpeg"}],"author":"admin","twitter_card":"summary_large_image","twitter_misc":{"\u00c9crit par":"admin","Dur\u00e9e de lecture estim\u00e9e":"4 minutes"},"schema":{"@context":"https:\/\/schema.org","@graph":[{"@type":"Article","@id":"https:\/\/lasentinelle.dz\/index.php\/2025\/03\/25\/lamericain-enc-se-lance-dans-la-production-de-bus-en-algerie\/#article","isPartOf":{"@id":"https:\/\/lasentinelle.dz\/index.php\/2025\/03\/25\/lamericain-enc-se-lance-dans-la-production-de-bus-en-algerie\/"},"author":{"name":"admin","@id":"https:\/\/lasentinelle.dz\/#\/schema\/person\/729ee0024f24e0b8c5ec17232f8e8b41"},"headline":"L&rsquo;Am\u00e9ricain ENC se lance dans la production de bus en Alg\u00e9rie","datePublished":"2025-03-25T11:10:35+00:00","dateModified":"2025-03-25T11:10:36+00:00","mainEntityOfPage":{"@id":"https:\/\/lasentinelle.dz\/index.php\/2025\/03\/25\/lamericain-enc-se-lance-dans-la-production-de-bus-en-algerie\/"},"wordCount":862,"commentCount":0,"publisher":{"@id":"https:\/\/lasentinelle.dz\/#organization"},"image":{"@id":"https:\/\/lasentinelle.dz\/index.php\/2025\/03\/25\/lamericain-enc-se-lance-dans-la-production-de-bus-en-algerie\/#primaryimage"},"thumbnailUrl":"https:\/\/lasentinelle.dz\/wp-content\/uploads\/2025\/03\/486370922_969824551997609_6398610571501923502_n.jpg","articleSection":["\u00c0 la Une","\u00c9conomie"],"inLanguage":"fr-FR","potentialAction":[{"@type":"CommentAction","name":"Comment","target":["https:\/\/lasentinelle.dz\/index.php\/2025\/03\/25\/lamericain-enc-se-lance-dans-la-production-de-bus-en-algerie\/#respond"]}]},{"@type":"WebPage","@id":"https:\/\/lasentinelle.dz\/index.php\/2025\/03\/25\/lamericain-enc-se-lance-dans-la-production-de-bus-en-algerie\/","url":"https:\/\/lasentinelle.dz\/index.php\/2025\/03\/25\/lamericain-enc-se-lance-dans-la-production-de-bus-en-algerie\/","name":"L&rsquo;Am\u00e9ricain ENC se lance dans la production de bus en Alg\u00e9rie - La Sentinelle","isPartOf":{"@id":"https:\/\/lasentinelle.dz\/#website"},"primaryImageOfPage":{"@id":"https:\/\/lasentinelle.dz\/index.php\/2025\/03\/25\/lamericain-enc-se-lance-dans-la-production-de-bus-en-algerie\/#primaryimage"},"image":{"@id":"https:\/\/lasentinelle.dz\/index.php\/2025\/03\/25\/lamericain-enc-se-lance-dans-la-production-de-bus-en-algerie\/#primaryimage"},"thumbnailUrl":"https:\/\/lasentinelle.dz\/wp-content\/uploads\/2025\/03\/486370922_969824551997609_6398610571501923502_n.jpg","datePublished":"2025-03-25T11:10:35+00:00","dateModified":"2025-03-25T11:10:36+00:00","breadcrumb":{"@id":"https:\/\/lasentinelle.dz\/index.php\/2025\/03\/25\/lamericain-enc-se-lance-dans-la-production-de-bus-en-algerie\/#breadcrumb"},"inLanguage":"fr-FR","potentialAction":[{"@type":"ReadAction","target":["https:\/\/lasentinelle.dz\/index.php\/2025\/03\/25\/lamericain-enc-se-lance-dans-la-production-de-bus-en-algerie\/"]}]},{"@type":"ImageObject","inLanguage":"fr-FR","@id":"https:\/\/lasentinelle.dz\/index.php\/2025\/03\/25\/lamericain-enc-se-lance-dans-la-production-de-bus-en-algerie\/#primaryimage","url":"https:\/\/lasentinelle.dz\/wp-content\/uploads\/2025\/03\/486370922_969824551997609_6398610571501923502_n.jpg","contentUrl":"https:\/\/lasentinelle.dz\/wp-content\/uploads\/2025\/03\/486370922_969824551997609_6398610571501923502_n.jpg","width":1280,"height":845},{"@type":"BreadcrumbList","@id":"https:\/\/lasentinelle.dz\/index.php\/2025\/03\/25\/lamericain-enc-se-lance-dans-la-production-de-bus-en-algerie\/#breadcrumb","itemListElement":[{"@type":"ListItem","position":1,"name":"Accueil","item":"https:\/\/lasentinelle.dz\/"},{"@type":"ListItem","position":2,"name":"L&rsquo;Am\u00e9ricain ENC se lance dans la production de bus en Alg\u00e9rie"}]},{"@type":"WebSite","@id":"https:\/\/lasentinelle.dz\/#website","url":"https:\/\/lasentinelle.dz\/","name":"La Sentinelle","description":"Quotidien national d&#039;information","publisher":{"@id":"https:\/\/lasentinelle.dz\/#organization"},"potentialAction":[{"@type":"SearchAction","target":{"@type":"EntryPoint","urlTemplate":"https:\/\/lasentinelle.dz\/?s={search_term_string}"},"query-input":{"@type":"PropertyValueSpecification","valueRequired":true,"valueName":"search_term_string"}}],"inLanguage":"fr-FR"},{"@type":"Organization","@id":"https:\/\/lasentinelle.dz\/#organization","name":"Quotidien La Sentinelle","url":"https:\/\/lasentinelle.dz\/","logo":{"@type":"ImageObject","inLanguage":"fr-FR","@id":"https:\/\/lasentinelle.dz\/#\/schema\/logo\/image\/","url":"https:\/\/lasentinelle.dz\/wp-content\/uploads\/2021\/09\/logo-sentinelleSLOGAN-1.png","contentUrl":"https:\/\/lasentinelle.dz\/wp-content\/uploads\/2021\/09\/logo-sentinelleSLOGAN-1.png","width":615,"height":142,"caption":"Quotidien La Sentinelle"},"image":{"@id":"https:\/\/lasentinelle.dz\/#\/schema\/logo\/image\/"},"sameAs":["https:\/\/www.facebook.com\/La-Sentinelle-104059864394773"]},{"@type":"Person","@id":"https:\/\/lasentinelle.dz\/#\/schema\/person\/729ee0024f24e0b8c5ec17232f8e8b41","name":"admin","image":{"@type":"ImageObject","inLanguage":"fr-FR","@id":"https:\/\/secure.gravatar.com\/avatar\/4c81fed838786e9b53f540bf46533e750f5d292099ae3b66cfc6fb1982e29df7?s=96&d=mm&r=g","url":"https:\/\/secure.gravatar.com\/avatar\/4c81fed838786e9b53f540bf46533e750f5d292099ae3b66cfc6fb1982e29df7?s=96&d=mm&r=g","contentUrl":"https:\/\/secure.gravatar.com\/avatar\/4c81fed838786e9b53f540bf46533e750f5d292099ae3b66cfc6fb1982e29df7?s=96&d=mm&r=g","caption":"admin"},"description":"admin","url":"https:\/\/lasentinelle.dz\/author\/admin\/"}]}},"_links":{"self":[{"href":"https:\/\/lasentinelle.dz\/index.php\/wp-json\/wp\/v2\/posts\/64824","targetHints":{"allow":["GET"]}}],"collection":[{"href":"https:\/\/lasentinelle.dz\/index.php\/wp-json\/wp\/v2\/posts"}],"about":[{"href":"https:\/\/lasentinelle.dz\/index.php\/wp-json\/wp\/v2\/types\/post"}],"author":[{"embeddable":true,"href":"https:\/\/lasentinelle.dz\/index.php\/wp-json\/wp\/v2\/users\/6"}],"replies":[{"embeddable":true,"href":"https:\/\/lasentinelle.dz\/index.php\/wp-json\/wp\/v2\/comments?post=64824"}],"version-history":[{"count":2,"href":"https:\/\/lasentinelle.dz\/index.php\/wp-json\/wp\/v2\/posts\/64824\/revisions"}],"predecessor-version":[{"id":64827,"href":"https:\/\/lasentinelle.dz\/index.php\/wp-json\/wp\/v2\/posts\/64824\/revisions\/64827"}],"wp:featuredmedia":[{"embeddable":true,"href":"https:\/\/lasentinelle.dz\/index.php\/wp-json\/wp\/v2\/media\/64825"}],"wp:attachment":[{"href":"https:\/\/lasentinelle.dz\/index.php\/wp-json\/wp\/v2\/media?parent=64824"}],"wp:term":[{"taxonomy":"category","embeddable":true,"href":"https:\/\/lasentinelle.dz\/index.php\/wp-json\/wp\/v2\/categories?post=64824"},{"taxonomy":"post_tag","embeddable":true,"href":"https:\/\/lasentinelle.dz\/index.php\/wp-json\/wp\/v2\/tags?post=64824"}],"curies":[{"name":"wp","href":"https:\/\/api.w.org\/{rel}","templated":true}]}}