{"id":64849,"date":"2025-03-26T11:53:54","date_gmt":"2025-03-26T10:53:54","guid":{"rendered":"https:\/\/lasentinelle.dz\/?p=64849"},"modified":"2025-03-26T11:53:54","modified_gmt":"2025-03-26T10:53:54","slug":"meurtres-dun-adolescent-et-dun-etudiant-un-reseau-terroriste-international-derriere-des-disparitions-a-oran","status":"publish","type":"post","link":"https:\/\/lasentinelle.dz\/index.php\/2025\/03\/26\/meurtres-dun-adolescent-et-dun-etudiant-un-reseau-terroriste-international-derriere-des-disparitions-a-oran\/","title":{"rendered":"Meurtres d&rsquo;un adolescent et d&rsquo;un \u00e9tudiant : Un r\u00e9seau terroriste international derri\u00e8re des disparitions \u00e0 Oran !"},"content":{"rendered":"\n<p>Une sordide affaire de double meurtre vient d&rsquo;\u00eatre \u00e9lucid\u00e9e par les forces de s\u00e9curit\u00e9 d&rsquo;Oran, r\u00e9v\u00e9lant un r\u00e9seau criminel aux ramifications terroristes internationales. Les investigations ont permis de d\u00e9manteler un groupe responsable de l&rsquo;enl\u00e8vement et de l&rsquo;assassinat d&rsquo;un adolescent de 15 ans et d&rsquo;un \u00e9tudiant universitaire de 23 ans. L&rsquo;enqu\u00eate a d\u00e9but\u00e9 le 26 f\u00e9vrier 2025 suite \u00e0 la myst\u00e9rieuse disparition d&rsquo;Imad Eddine, un jeune habitant du quartier El Barki. Les policiers ont rapidement compris que l&rsquo;affaire d\u00e9passait une simple disparition. Apr\u00e8s des semaines d&rsquo;investigations minutieuses, les restes de la victime ont \u00e9t\u00e9 retrouv\u00e9s dans une d\u00e9charge sauvage \u00e0 El Karma. Le principal suspect, connu sous le surnom d'\u00a0\u00bbAbou Abdallah Djazairi\u00a0\u00bb, est un individu au pass\u00e9 terroriste charg\u00e9. D\u00e9j\u00e0 condamn\u00e9 ant\u00e9rieurement par la cour d&rsquo;Alger pour des activit\u00e9s terroristes, il avait repris ses activit\u00e9s criminelles. Son objectif \u00e9tait clair : enlever des personnes contre ran\u00e7on pour financer des groupes terroristes op\u00e9rant en Syrie. L&rsquo;enqu\u00eate a r\u00e9v\u00e9l\u00e9 un modus operandi gla\u00e7ant. Le suspect et ses complices, dont la m\u00e8re et trois membres de sa famille, ont \u00e9t\u00e9 impliqu\u00e9s dans un processus d&rsquo;enl\u00e8vement m\u00e9thodique. L&rsquo;adolescent a \u00e9t\u00e9 kidnapp\u00e9, tortur\u00e9, puis assassin\u00e9. Son corps a \u00e9t\u00e9 d\u00e9membr\u00e9 et dispers\u00e9 dans diff\u00e9rents endroits, rendant son identification difficile. Une seconde victime, un \u00e9tudiant de 23 ans disparu depuis ao\u00fbt 2024, a \u00e9galement \u00e9t\u00e9 retrouv\u00e9e. Ses ossements ont \u00e9t\u00e9 d\u00e9couverts dans la localit\u00e9 d&rsquo;Emir Abdelkader, confirmant l&rsquo;implication du m\u00eame r\u00e9seau criminel dans sa disparition. Les analyses ADN ont d\u00e9finitivement \u00e9tabli l&rsquo;identit\u00e9 des victimes. Cinq personnes ont \u00e9t\u00e9 arr\u00eat\u00e9es : le principal suspect, sa femme, ses deux filles majeures et son fils mineur. Ils sont poursuivis pour des chefs d&rsquo;accusation particuli\u00e8rement graves : adh\u00e9sion \u00e0 un groupe terroriste, enl\u00e8vement, torture, assassinat et mutilation de cadavre. Les enqu\u00eateurs ont mis au jour un r\u00e9seau criminel complexe dont l&rsquo;objectif principal \u00e9tait de collecter des fonds pour soutenir des groupes terroristes \u00e0 l&rsquo;\u00e9tranger. L&rsquo;enl\u00e8vement contre ran\u00e7on \u00e9tait leur principale m\u00e9thode de financement. Le procureur de la R\u00e9publique, Zeghina Walid, a pr\u00e9sent\u00e9 ces r\u00e9v\u00e9lations lors d&rsquo;une conf\u00e9rence de presse. Selon le magistrat, suite \u00e0 des investigations de terrain et \u00e0 l\u2019utilisation des technologies modernes et le recueil de t\u00e9moignages de citoyens, il a \u00e9t\u00e9 \u00e9tabli que la victime s\u2019\u00e9tait rendue \u00e0 la commune d\u2019El Kerma (wilaya d&rsquo;Oran) en compagnie du mineur (B.A.B), ce que les cam\u00e9ras de surveillance ont confirm\u00e9. L\u2019enqu\u00eate a donc \u00e9t\u00e9 orient\u00e9e dans cette direction. L&rsquo;enqu\u00eate a permis de d\u00e9couvrir qu&rsquo;un domicile \u00e9tait fr\u00e9quent\u00e9 par le mineur (B.A.B) en compagnie de membres de sa famille. Lors d&rsquo;une perquisition le 13 mars dernier, il s&rsquo;est av\u00e9r\u00e9 que cette demeure \u00e9tait occup\u00e9 par le nomm\u00e9 A.D.D, surnomm\u00e9 \u00ab\u00a0Abou Abdallah Djazairi\u00a0\u00bb, qui faisait de recherche pour des accusations d\u2019appartenance \u00e0 un groupe terroriste op\u00e9rant \u00e0 l\u2019\u00e9tranger, selon la m\u00eame source. Sur la base d&rsquo;informations recueillies au cours de l\u2019enqu\u00eate, il a \u00e9t\u00e9 \u00e9tabli que cet individu serait responsable de l\u2019enl\u00e8vement et du meurtre du mineur (B.A.D), en complicit\u00e9 de B.A.B et de la m\u00e8re de l&rsquo;enfant nomm\u00e9e M.F. Dans le cadre de la poursuite de l&rsquo;enqu\u00eate et de l&rsquo;exploitation des informations, un r\u00e9seau de soutien et de logistique \u00e0 des groupes terroristes activant \u00e0 l&rsquo;\u00e9tranger a \u00e9t\u00e9 r\u00e9v\u00e9l\u00e9, dirig\u00e9 par le principal suspect (A.D.D). Il a \u00e9t\u00e9 \u00e9tabli que ce r\u00e9seau criminel m\u00e8ne plusieurs activit\u00e9s dans le but de collecter de l&rsquo;argent et de l&rsquo;envoyer \u00e0 des groupes terroristes \u00e0 l&rsquo;\u00e9tranger. &nbsp;L&rsquo;enqu\u00eate a notamment impliqu\u00e9 des wilayas de Tlemcen, Blida et Tebessa, d\u00e9montrant l&rsquo;ampleur du r\u00e9seau criminel. Les cinq suspects ont \u00e9t\u00e9 pr\u00e9sent\u00e9s au tribunal de Fellaoucene et plac\u00e9s en d\u00e9tention provisoire. L&rsquo;instruction se poursuit, promettant d&rsquo;autres r\u00e9v\u00e9lations sur ce r\u00e9seau terroriste qui a sem\u00e9 la terreur \u00e0 Oran. Une enqu\u00eate qui rappelle la d\u00e9termination des forces de s\u00e9curit\u00e9 \u00e0 d\u00e9manteler les r\u00e9seaux criminels et \u00e0 rendre justice aux familles des victimes.<\/p>\n\n\n\n<p>Salim Amokrane<\/p>\n","protected":false},"excerpt":{"rendered":"<p>Une sordide affaire de double meurtre vient d&rsquo;\u00eatre \u00e9lucid\u00e9e par les forces de s\u00e9curit\u00e9 d&rsquo;Oran, r\u00e9v\u00e9lant un r\u00e9seau criminel aux<\/p>\n","protected":false},"author":6,"featured_media":54967,"comment_status":"open","ping_status":"closed","sticky":false,"template":"","format":"standard","meta":{"colormag_page_container_layout":"default_layout","colormag_page_sidebar_layout":"default_layout","om_disable_all_campaigns":false,"_monsterinsights_skip_tracking":false,"_monsterinsights_sitenote_active":false,"_monsterinsights_sitenote_note":"","_monsterinsights_sitenote_category":0,"footnotes":"","_wpscppro_dont_share_socialmedia":false,"_wpscppro_custom_social_share_image":0,"_facebook_share_type":"default","_twitter_share_type":"default","_linkedin_share_type":"default","_pinterest_share_type":"default","_linkedin_share_type_page":"","_instagram_share_type":"default","_medium_share_type":"default","_threads_share_type":"","_google_business_share_type":"","_selected_social_profile":[],"_wpsp_enable_custom_social_template":false,"_wpsp_social_scheduling":{"enabled":false,"datetime":null,"platforms":[],"status":"template_only","dateOption":"today","timeOption":"now","customDays":"","customHours":"","customDate":"","customTime":"","schedulingType":"absolute"},"_wpsp_active_default_template":true},"categories":[52,27],"tags":[],"class_list":["post-64849","post","type-post","status-publish","format-standard","has-post-thumbnail","hentry","category-a-la-une","category-actualite"],"aioseo_notices":[],"yoast_head":"<!-- This site is optimized with the Yoast SEO plugin v27.5 - https:\/\/yoast.com\/product\/yoast-seo-wordpress\/ -->\n<title>Meurtres d&rsquo;un adolescent et d&rsquo;un \u00e9tudiant : Un r\u00e9seau terroriste international derri\u00e8re des disparitions \u00e0 Oran ! - La Sentinelle<\/title>\n<meta name=\"robots\" content=\"index, follow, max-snippet:-1, max-image-preview:large, max-video-preview:-1\" \/>\n<link rel=\"canonical\" href=\"https:\/\/lasentinelle.dz\/index.php\/2025\/03\/26\/meurtres-dun-adolescent-et-dun-etudiant-un-reseau-terroriste-international-derriere-des-disparitions-a-oran\/\" \/>\n<meta property=\"og:locale\" content=\"fr_FR\" \/>\n<meta property=\"og:type\" content=\"article\" \/>\n<meta property=\"og:title\" content=\"Meurtres d&rsquo;un adolescent et d&rsquo;un \u00e9tudiant : Un r\u00e9seau terroriste international derri\u00e8re des disparitions \u00e0 Oran ! - La Sentinelle\" \/>\n<meta property=\"og:description\" content=\"Une sordide affaire de double meurtre vient d&rsquo;\u00eatre \u00e9lucid\u00e9e par les forces de s\u00e9curit\u00e9 d&rsquo;Oran, r\u00e9v\u00e9lant un r\u00e9seau criminel aux\" \/>\n<meta property=\"og:url\" content=\"https:\/\/lasentinelle.dz\/index.php\/2025\/03\/26\/meurtres-dun-adolescent-et-dun-etudiant-un-reseau-terroriste-international-derriere-des-disparitions-a-oran\/\" \/>\n<meta property=\"og:site_name\" content=\"La Sentinelle\" \/>\n<meta property=\"article:publisher\" content=\"https:\/\/www.facebook.com\/La-Sentinelle-104059864394773\" \/>\n<meta property=\"article:published_time\" content=\"2025-03-26T10:53:54+00:00\" \/>\n<meta property=\"og:image\" content=\"https:\/\/lasentinelle.dz\/wp-content\/uploads\/2024\/07\/justice.jpg\" \/>\n\t<meta property=\"og:image:width\" content=\"1023\" \/>\n\t<meta property=\"og:image:height\" content=\"583\" \/>\n\t<meta property=\"og:image:type\" content=\"image\/jpeg\" \/>\n<meta name=\"author\" content=\"admin\" \/>\n<meta name=\"twitter:card\" content=\"summary_large_image\" \/>\n<meta name=\"twitter:label1\" content=\"\u00c9crit par\" \/>\n\t<meta name=\"twitter:data1\" content=\"admin\" \/>\n\t<meta name=\"twitter:label2\" content=\"Dur\u00e9e de lecture estim\u00e9e\" \/>\n\t<meta name=\"twitter:data2\" content=\"4 minutes\" \/>\n<script type=\"application\/ld+json\" class=\"yoast-schema-graph\">{\"@context\":\"https:\\\/\\\/schema.org\",\"@graph\":[{\"@type\":\"Article\",\"@id\":\"https:\\\/\\\/lasentinelle.dz\\\/index.php\\\/2025\\\/03\\\/26\\\/meurtres-dun-adolescent-et-dun-etudiant-un-reseau-terroriste-international-derriere-des-disparitions-a-oran\\\/#article\",\"isPartOf\":{\"@id\":\"https:\\\/\\\/lasentinelle.dz\\\/index.php\\\/2025\\\/03\\\/26\\\/meurtres-dun-adolescent-et-dun-etudiant-un-reseau-terroriste-international-derriere-des-disparitions-a-oran\\\/\"},\"author\":{\"name\":\"admin\",\"@id\":\"https:\\\/\\\/lasentinelle.dz\\\/#\\\/schema\\\/person\\\/729ee0024f24e0b8c5ec17232f8e8b41\"},\"headline\":\"Meurtres d&rsquo;un adolescent et d&rsquo;un \u00e9tudiant : Un r\u00e9seau terroriste international derri\u00e8re des disparitions \u00e0 Oran !\",\"datePublished\":\"2025-03-26T10:53:54+00:00\",\"mainEntityOfPage\":{\"@id\":\"https:\\\/\\\/lasentinelle.dz\\\/index.php\\\/2025\\\/03\\\/26\\\/meurtres-dun-adolescent-et-dun-etudiant-un-reseau-terroriste-international-derriere-des-disparitions-a-oran\\\/\"},\"wordCount\":777,\"commentCount\":0,\"publisher\":{\"@id\":\"https:\\\/\\\/lasentinelle.dz\\\/#organization\"},\"image\":{\"@id\":\"https:\\\/\\\/lasentinelle.dz\\\/index.php\\\/2025\\\/03\\\/26\\\/meurtres-dun-adolescent-et-dun-etudiant-un-reseau-terroriste-international-derriere-des-disparitions-a-oran\\\/#primaryimage\"},\"thumbnailUrl\":\"https:\\\/\\\/lasentinelle.dz\\\/wp-content\\\/uploads\\\/2024\\\/07\\\/justice.jpg\",\"articleSection\":[\"\u00c0 la Une\",\"Actualit\u00e9\"],\"inLanguage\":\"fr-FR\",\"potentialAction\":[{\"@type\":\"CommentAction\",\"name\":\"Comment\",\"target\":[\"https:\\\/\\\/lasentinelle.dz\\\/index.php\\\/2025\\\/03\\\/26\\\/meurtres-dun-adolescent-et-dun-etudiant-un-reseau-terroriste-international-derriere-des-disparitions-a-oran\\\/#respond\"]}]},{\"@type\":\"WebPage\",\"@id\":\"https:\\\/\\\/lasentinelle.dz\\\/index.php\\\/2025\\\/03\\\/26\\\/meurtres-dun-adolescent-et-dun-etudiant-un-reseau-terroriste-international-derriere-des-disparitions-a-oran\\\/\",\"url\":\"https:\\\/\\\/lasentinelle.dz\\\/index.php\\\/2025\\\/03\\\/26\\\/meurtres-dun-adolescent-et-dun-etudiant-un-reseau-terroriste-international-derriere-des-disparitions-a-oran\\\/\",\"name\":\"Meurtres d&rsquo;un adolescent et d&rsquo;un \u00e9tudiant : Un r\u00e9seau terroriste international derri\u00e8re des disparitions \u00e0 Oran ! - La Sentinelle\",\"isPartOf\":{\"@id\":\"https:\\\/\\\/lasentinelle.dz\\\/#website\"},\"primaryImageOfPage\":{\"@id\":\"https:\\\/\\\/lasentinelle.dz\\\/index.php\\\/2025\\\/03\\\/26\\\/meurtres-dun-adolescent-et-dun-etudiant-un-reseau-terroriste-international-derriere-des-disparitions-a-oran\\\/#primaryimage\"},\"image\":{\"@id\":\"https:\\\/\\\/lasentinelle.dz\\\/index.php\\\/2025\\\/03\\\/26\\\/meurtres-dun-adolescent-et-dun-etudiant-un-reseau-terroriste-international-derriere-des-disparitions-a-oran\\\/#primaryimage\"},\"thumbnailUrl\":\"https:\\\/\\\/lasentinelle.dz\\\/wp-content\\\/uploads\\\/2024\\\/07\\\/justice.jpg\",\"datePublished\":\"2025-03-26T10:53:54+00:00\",\"breadcrumb\":{\"@id\":\"https:\\\/\\\/lasentinelle.dz\\\/index.php\\\/2025\\\/03\\\/26\\\/meurtres-dun-adolescent-et-dun-etudiant-un-reseau-terroriste-international-derriere-des-disparitions-a-oran\\\/#breadcrumb\"},\"inLanguage\":\"fr-FR\",\"potentialAction\":[{\"@type\":\"ReadAction\",\"target\":[\"https:\\\/\\\/lasentinelle.dz\\\/index.php\\\/2025\\\/03\\\/26\\\/meurtres-dun-adolescent-et-dun-etudiant-un-reseau-terroriste-international-derriere-des-disparitions-a-oran\\\/\"]}]},{\"@type\":\"ImageObject\",\"inLanguage\":\"fr-FR\",\"@id\":\"https:\\\/\\\/lasentinelle.dz\\\/index.php\\\/2025\\\/03\\\/26\\\/meurtres-dun-adolescent-et-dun-etudiant-un-reseau-terroriste-international-derriere-des-disparitions-a-oran\\\/#primaryimage\",\"url\":\"https:\\\/\\\/lasentinelle.dz\\\/wp-content\\\/uploads\\\/2024\\\/07\\\/justice.jpg\",\"contentUrl\":\"https:\\\/\\\/lasentinelle.dz\\\/wp-content\\\/uploads\\\/2024\\\/07\\\/justice.jpg\",\"width\":1023,\"height\":583},{\"@type\":\"BreadcrumbList\",\"@id\":\"https:\\\/\\\/lasentinelle.dz\\\/index.php\\\/2025\\\/03\\\/26\\\/meurtres-dun-adolescent-et-dun-etudiant-un-reseau-terroriste-international-derriere-des-disparitions-a-oran\\\/#breadcrumb\",\"itemListElement\":[{\"@type\":\"ListItem\",\"position\":1,\"name\":\"Accueil\",\"item\":\"https:\\\/\\\/lasentinelle.dz\\\/\"},{\"@type\":\"ListItem\",\"position\":2,\"name\":\"Meurtres d&rsquo;un adolescent et d&rsquo;un \u00e9tudiant : Un r\u00e9seau terroriste international derri\u00e8re des disparitions \u00e0 Oran !\"}]},{\"@type\":\"WebSite\",\"@id\":\"https:\\\/\\\/lasentinelle.dz\\\/#website\",\"url\":\"https:\\\/\\\/lasentinelle.dz\\\/\",\"name\":\"La Sentinelle\",\"description\":\"Quotidien national d&#039;information\",\"publisher\":{\"@id\":\"https:\\\/\\\/lasentinelle.dz\\\/#organization\"},\"potentialAction\":[{\"@type\":\"SearchAction\",\"target\":{\"@type\":\"EntryPoint\",\"urlTemplate\":\"https:\\\/\\\/lasentinelle.dz\\\/?s={search_term_string}\"},\"query-input\":{\"@type\":\"PropertyValueSpecification\",\"valueRequired\":true,\"valueName\":\"search_term_string\"}}],\"inLanguage\":\"fr-FR\"},{\"@type\":\"Organization\",\"@id\":\"https:\\\/\\\/lasentinelle.dz\\\/#organization\",\"name\":\"Quotidien La Sentinelle\",\"url\":\"https:\\\/\\\/lasentinelle.dz\\\/\",\"logo\":{\"@type\":\"ImageObject\",\"inLanguage\":\"fr-FR\",\"@id\":\"https:\\\/\\\/lasentinelle.dz\\\/#\\\/schema\\\/logo\\\/image\\\/\",\"url\":\"https:\\\/\\\/lasentinelle.dz\\\/wp-content\\\/uploads\\\/2021\\\/09\\\/logo-sentinelleSLOGAN-1.png\",\"contentUrl\":\"https:\\\/\\\/lasentinelle.dz\\\/wp-content\\\/uploads\\\/2021\\\/09\\\/logo-sentinelleSLOGAN-1.png\",\"width\":615,\"height\":142,\"caption\":\"Quotidien La Sentinelle\"},\"image\":{\"@id\":\"https:\\\/\\\/lasentinelle.dz\\\/#\\\/schema\\\/logo\\\/image\\\/\"},\"sameAs\":[\"https:\\\/\\\/www.facebook.com\\\/La-Sentinelle-104059864394773\"]},{\"@type\":\"Person\",\"@id\":\"https:\\\/\\\/lasentinelle.dz\\\/#\\\/schema\\\/person\\\/729ee0024f24e0b8c5ec17232f8e8b41\",\"name\":\"admin\",\"image\":{\"@type\":\"ImageObject\",\"inLanguage\":\"fr-FR\",\"@id\":\"https:\\\/\\\/secure.gravatar.com\\\/avatar\\\/4c81fed838786e9b53f540bf46533e750f5d292099ae3b66cfc6fb1982e29df7?s=96&d=mm&r=g\",\"url\":\"https:\\\/\\\/secure.gravatar.com\\\/avatar\\\/4c81fed838786e9b53f540bf46533e750f5d292099ae3b66cfc6fb1982e29df7?s=96&d=mm&r=g\",\"contentUrl\":\"https:\\\/\\\/secure.gravatar.com\\\/avatar\\\/4c81fed838786e9b53f540bf46533e750f5d292099ae3b66cfc6fb1982e29df7?s=96&d=mm&r=g\",\"caption\":\"admin\"},\"description\":\"admin\",\"url\":\"https:\\\/\\\/lasentinelle.dz\\\/author\\\/admin\\\/\"}]}<\/script>\n<!-- \/ Yoast SEO plugin. -->","yoast_head_json":{"title":"Meurtres d&rsquo;un adolescent et d&rsquo;un \u00e9tudiant : Un r\u00e9seau terroriste international derri\u00e8re des disparitions \u00e0 Oran ! - La Sentinelle","robots":{"index":"index","follow":"follow","max-snippet":"max-snippet:-1","max-image-preview":"max-image-preview:large","max-video-preview":"max-video-preview:-1"},"canonical":"https:\/\/lasentinelle.dz\/index.php\/2025\/03\/26\/meurtres-dun-adolescent-et-dun-etudiant-un-reseau-terroriste-international-derriere-des-disparitions-a-oran\/","og_locale":"fr_FR","og_type":"article","og_title":"Meurtres d&rsquo;un adolescent et d&rsquo;un \u00e9tudiant : Un r\u00e9seau terroriste international derri\u00e8re des disparitions \u00e0 Oran ! - La Sentinelle","og_description":"Une sordide affaire de double meurtre vient d&rsquo;\u00eatre \u00e9lucid\u00e9e par les forces de s\u00e9curit\u00e9 d&rsquo;Oran, r\u00e9v\u00e9lant un r\u00e9seau criminel aux","og_url":"https:\/\/lasentinelle.dz\/index.php\/2025\/03\/26\/meurtres-dun-adolescent-et-dun-etudiant-un-reseau-terroriste-international-derriere-des-disparitions-a-oran\/","og_site_name":"La Sentinelle","article_publisher":"https:\/\/www.facebook.com\/La-Sentinelle-104059864394773","article_published_time":"2025-03-26T10:53:54+00:00","og_image":[{"width":1023,"height":583,"url":"https:\/\/lasentinelle.dz\/wp-content\/uploads\/2024\/07\/justice.jpg","type":"image\/jpeg"}],"author":"admin","twitter_card":"summary_large_image","twitter_misc":{"\u00c9crit par":"admin","Dur\u00e9e de lecture estim\u00e9e":"4 minutes"},"schema":{"@context":"https:\/\/schema.org","@graph":[{"@type":"Article","@id":"https:\/\/lasentinelle.dz\/index.php\/2025\/03\/26\/meurtres-dun-adolescent-et-dun-etudiant-un-reseau-terroriste-international-derriere-des-disparitions-a-oran\/#article","isPartOf":{"@id":"https:\/\/lasentinelle.dz\/index.php\/2025\/03\/26\/meurtres-dun-adolescent-et-dun-etudiant-un-reseau-terroriste-international-derriere-des-disparitions-a-oran\/"},"author":{"name":"admin","@id":"https:\/\/lasentinelle.dz\/#\/schema\/person\/729ee0024f24e0b8c5ec17232f8e8b41"},"headline":"Meurtres d&rsquo;un adolescent et d&rsquo;un \u00e9tudiant : Un r\u00e9seau terroriste international derri\u00e8re des disparitions \u00e0 Oran !","datePublished":"2025-03-26T10:53:54+00:00","mainEntityOfPage":{"@id":"https:\/\/lasentinelle.dz\/index.php\/2025\/03\/26\/meurtres-dun-adolescent-et-dun-etudiant-un-reseau-terroriste-international-derriere-des-disparitions-a-oran\/"},"wordCount":777,"commentCount":0,"publisher":{"@id":"https:\/\/lasentinelle.dz\/#organization"},"image":{"@id":"https:\/\/lasentinelle.dz\/index.php\/2025\/03\/26\/meurtres-dun-adolescent-et-dun-etudiant-un-reseau-terroriste-international-derriere-des-disparitions-a-oran\/#primaryimage"},"thumbnailUrl":"https:\/\/lasentinelle.dz\/wp-content\/uploads\/2024\/07\/justice.jpg","articleSection":["\u00c0 la Une","Actualit\u00e9"],"inLanguage":"fr-FR","potentialAction":[{"@type":"CommentAction","name":"Comment","target":["https:\/\/lasentinelle.dz\/index.php\/2025\/03\/26\/meurtres-dun-adolescent-et-dun-etudiant-un-reseau-terroriste-international-derriere-des-disparitions-a-oran\/#respond"]}]},{"@type":"WebPage","@id":"https:\/\/lasentinelle.dz\/index.php\/2025\/03\/26\/meurtres-dun-adolescent-et-dun-etudiant-un-reseau-terroriste-international-derriere-des-disparitions-a-oran\/","url":"https:\/\/lasentinelle.dz\/index.php\/2025\/03\/26\/meurtres-dun-adolescent-et-dun-etudiant-un-reseau-terroriste-international-derriere-des-disparitions-a-oran\/","name":"Meurtres d&rsquo;un adolescent et d&rsquo;un \u00e9tudiant : Un r\u00e9seau terroriste international derri\u00e8re des disparitions \u00e0 Oran ! - La Sentinelle","isPartOf":{"@id":"https:\/\/lasentinelle.dz\/#website"},"primaryImageOfPage":{"@id":"https:\/\/lasentinelle.dz\/index.php\/2025\/03\/26\/meurtres-dun-adolescent-et-dun-etudiant-un-reseau-terroriste-international-derriere-des-disparitions-a-oran\/#primaryimage"},"image":{"@id":"https:\/\/lasentinelle.dz\/index.php\/2025\/03\/26\/meurtres-dun-adolescent-et-dun-etudiant-un-reseau-terroriste-international-derriere-des-disparitions-a-oran\/#primaryimage"},"thumbnailUrl":"https:\/\/lasentinelle.dz\/wp-content\/uploads\/2024\/07\/justice.jpg","datePublished":"2025-03-26T10:53:54+00:00","breadcrumb":{"@id":"https:\/\/lasentinelle.dz\/index.php\/2025\/03\/26\/meurtres-dun-adolescent-et-dun-etudiant-un-reseau-terroriste-international-derriere-des-disparitions-a-oran\/#breadcrumb"},"inLanguage":"fr-FR","potentialAction":[{"@type":"ReadAction","target":["https:\/\/lasentinelle.dz\/index.php\/2025\/03\/26\/meurtres-dun-adolescent-et-dun-etudiant-un-reseau-terroriste-international-derriere-des-disparitions-a-oran\/"]}]},{"@type":"ImageObject","inLanguage":"fr-FR","@id":"https:\/\/lasentinelle.dz\/index.php\/2025\/03\/26\/meurtres-dun-adolescent-et-dun-etudiant-un-reseau-terroriste-international-derriere-des-disparitions-a-oran\/#primaryimage","url":"https:\/\/lasentinelle.dz\/wp-content\/uploads\/2024\/07\/justice.jpg","contentUrl":"https:\/\/lasentinelle.dz\/wp-content\/uploads\/2024\/07\/justice.jpg","width":1023,"height":583},{"@type":"BreadcrumbList","@id":"https:\/\/lasentinelle.dz\/index.php\/2025\/03\/26\/meurtres-dun-adolescent-et-dun-etudiant-un-reseau-terroriste-international-derriere-des-disparitions-a-oran\/#breadcrumb","itemListElement":[{"@type":"ListItem","position":1,"name":"Accueil","item":"https:\/\/lasentinelle.dz\/"},{"@type":"ListItem","position":2,"name":"Meurtres d&rsquo;un adolescent et d&rsquo;un \u00e9tudiant : Un r\u00e9seau terroriste international derri\u00e8re des disparitions \u00e0 Oran !"}]},{"@type":"WebSite","@id":"https:\/\/lasentinelle.dz\/#website","url":"https:\/\/lasentinelle.dz\/","name":"La Sentinelle","description":"Quotidien national d&#039;information","publisher":{"@id":"https:\/\/lasentinelle.dz\/#organization"},"potentialAction":[{"@type":"SearchAction","target":{"@type":"EntryPoint","urlTemplate":"https:\/\/lasentinelle.dz\/?s={search_term_string}"},"query-input":{"@type":"PropertyValueSpecification","valueRequired":true,"valueName":"search_term_string"}}],"inLanguage":"fr-FR"},{"@type":"Organization","@id":"https:\/\/lasentinelle.dz\/#organization","name":"Quotidien La Sentinelle","url":"https:\/\/lasentinelle.dz\/","logo":{"@type":"ImageObject","inLanguage":"fr-FR","@id":"https:\/\/lasentinelle.dz\/#\/schema\/logo\/image\/","url":"https:\/\/lasentinelle.dz\/wp-content\/uploads\/2021\/09\/logo-sentinelleSLOGAN-1.png","contentUrl":"https:\/\/lasentinelle.dz\/wp-content\/uploads\/2021\/09\/logo-sentinelleSLOGAN-1.png","width":615,"height":142,"caption":"Quotidien La Sentinelle"},"image":{"@id":"https:\/\/lasentinelle.dz\/#\/schema\/logo\/image\/"},"sameAs":["https:\/\/www.facebook.com\/La-Sentinelle-104059864394773"]},{"@type":"Person","@id":"https:\/\/lasentinelle.dz\/#\/schema\/person\/729ee0024f24e0b8c5ec17232f8e8b41","name":"admin","image":{"@type":"ImageObject","inLanguage":"fr-FR","@id":"https:\/\/secure.gravatar.com\/avatar\/4c81fed838786e9b53f540bf46533e750f5d292099ae3b66cfc6fb1982e29df7?s=96&d=mm&r=g","url":"https:\/\/secure.gravatar.com\/avatar\/4c81fed838786e9b53f540bf46533e750f5d292099ae3b66cfc6fb1982e29df7?s=96&d=mm&r=g","contentUrl":"https:\/\/secure.gravatar.com\/avatar\/4c81fed838786e9b53f540bf46533e750f5d292099ae3b66cfc6fb1982e29df7?s=96&d=mm&r=g","caption":"admin"},"description":"admin","url":"https:\/\/lasentinelle.dz\/author\/admin\/"}]}},"_links":{"self":[{"href":"https:\/\/lasentinelle.dz\/index.php\/wp-json\/wp\/v2\/posts\/64849","targetHints":{"allow":["GET"]}}],"collection":[{"href":"https:\/\/lasentinelle.dz\/index.php\/wp-json\/wp\/v2\/posts"}],"about":[{"href":"https:\/\/lasentinelle.dz\/index.php\/wp-json\/wp\/v2\/types\/post"}],"author":[{"embeddable":true,"href":"https:\/\/lasentinelle.dz\/index.php\/wp-json\/wp\/v2\/users\/6"}],"replies":[{"embeddable":true,"href":"https:\/\/lasentinelle.dz\/index.php\/wp-json\/wp\/v2\/comments?post=64849"}],"version-history":[{"count":2,"href":"https:\/\/lasentinelle.dz\/index.php\/wp-json\/wp\/v2\/posts\/64849\/revisions"}],"predecessor-version":[{"id":64851,"href":"https:\/\/lasentinelle.dz\/index.php\/wp-json\/wp\/v2\/posts\/64849\/revisions\/64851"}],"wp:featuredmedia":[{"embeddable":true,"href":"https:\/\/lasentinelle.dz\/index.php\/wp-json\/wp\/v2\/media\/54967"}],"wp:attachment":[{"href":"https:\/\/lasentinelle.dz\/index.php\/wp-json\/wp\/v2\/media?parent=64849"}],"wp:term":[{"taxonomy":"category","embeddable":true,"href":"https:\/\/lasentinelle.dz\/index.php\/wp-json\/wp\/v2\/categories?post=64849"},{"taxonomy":"post_tag","embeddable":true,"href":"https:\/\/lasentinelle.dz\/index.php\/wp-json\/wp\/v2\/tags?post=64849"}],"curies":[{"name":"wp","href":"https:\/\/api.w.org\/{rel}","templated":true}]}}