{"id":64852,"date":"2025-03-26T11:55:06","date_gmt":"2025-03-26T10:55:06","guid":{"rendered":"https:\/\/lasentinelle.dz\/?p=64852"},"modified":"2025-03-26T11:55:07","modified_gmt":"2025-03-26T10:55:07","slug":"rd-congo-le-sommet-eac-sadc-nomme-cinq-facilitateurs-pour-accelerer-le-processus-de-paix","status":"publish","type":"post","link":"https:\/\/lasentinelle.dz\/index.php\/2025\/03\/26\/rd-congo-le-sommet-eac-sadc-nomme-cinq-facilitateurs-pour-accelerer-le-processus-de-paix\/","title":{"rendered":"RD Congo: Le sommet EAC-SADC nomme cinq facilitateurs pour acc\u00e9l\u00e9rer le processus de paix"},"content":{"rendered":"\n<p>Le sommet conjoint des chefs d&rsquo;Etat et de gouvernement de la Communaut\u00e9 d&rsquo;Afrique de l&rsquo;Est (EAC) et de la Communaut\u00e9 de d\u00e9veloppement de l&rsquo;Afrique australe (SADC) a d\u00e9cid\u00e9 d&rsquo;acc\u00e9l\u00e9rer le processus de paix en nommant un groupe \u00e9largi de cinq facilitateurs pour r\u00e9gler la crise dans l&rsquo;est de la R\u00e9publique d\u00e9mocratique du Congo (RDC).<\/p>\n\n\n\n<p>Un sommet conjoint entre la Communaut\u00e9 d&rsquo;Afrique de l&rsquo;Est (EAC) et la Communaut\u00e9 de d\u00e9veloppement de l&rsquo;Afrique australe (SADC) vient de se tenir pour tenter de d\u00e9samorcer la grave crise qui secoue l&rsquo;est de la R\u00e9publique d\u00e9mocratique du Congo. Face \u00e0 la recrudescence des violences men\u00e9es par le Mouvement du 23 mars (M23), les dirigeants r\u00e9gionaux ont d\u00e9cid\u00e9 de renforcer l&rsquo;action diplomatique afin de mettre fin au conflit. Les chefs d&rsquo;\u00c9tat ont nomm\u00e9 un groupe de cinq personnalit\u00e9s prestigieuses pour faciliter le processus de paix : Uhuru Kenyatta du Kenya, Olusegun Obasanjo du Nigeria, Kgalema Motlanthe d&rsquo;Afrique du Sud, Sahle-Work Zewde d&rsquo;\u00c9thiopie et Catherine Samba-Panza de R\u00e9publique centrafricaine. Cette \u00e9quipe aura pour mission de n\u00e9gocier et d&rsquo;acc\u00e9l\u00e9rer un r\u00e8glement du conflit qui d\u00e9chire l&rsquo;est congolais. La situation sur le terrain reste extr\u00eamement pr\u00e9occupante. Depuis le d\u00e9but de l&rsquo;ann\u00e9e 2025, les rebelles du M23, majoritairement tutsis, ont repris leurs offensives avec une intensit\u00e9 redoutable. Ils ont pris le contr\u00f4le de larges pans des provinces du Nord-Kivu et du Sud-Kivu, s&#8217;emparant m\u00eame des capitales provinciales Goma et Bukavu. &nbsp;Les cons\u00e9quences humanitaires sont d\u00e9sastreuses. Dans la province de l&rsquo;Ituri, six organisations humanitaires ont \u00e9t\u00e9 contraintes de suspendre totalement leurs op\u00e9rations depuis le 18 mars, privant plus de 300 000 personnes d&rsquo;assistance. Un centre de sant\u00e9 \u00e0 Djugu a \u00e9t\u00e9 pill\u00e9, l&rsquo;h\u00f4pital r\u00e9gional de Fataki ferm\u00e9, limitant drastiquement l&rsquo;acc\u00e8s aux soins m\u00e9dicaux. Des dizaines d&rsquo;habitations ont \u00e9t\u00e9 incendi\u00e9es. Les d\u00e9placements de populations atteignent une ampleur catastrophique. Dans le territoire de Walikale, au Nord-Kivu, les infrastructures d&rsquo;approvisionnement en eau ont \u00e9t\u00e9 d\u00e9truites, poussant des dizaines de milliers de civils \u00e0 fuir vers la province du Maniema. Dans le Sud-Kivu, les territoires de Walungu et Kalehe continuent d&rsquo;\u00eatre le th\u00e9\u00e2tre d&rsquo;affrontements provoquant des mouvements massifs de populations. La diplomatie tente de trouver des solutions. Un accord pour un cessez-le-feu imm\u00e9diat et inconditionnel a \u00e9t\u00e9 conclu le 18 mars lors de pourparlers \u00e0 Doha, r\u00e9unissant les pr\u00e9sidents congolais Felix Tshisekedi et rwandais Paul Kagame, sous la m\u00e9diation de l&rsquo;\u00e9mir du Qatar. Parall\u00e8lement, un rapport d\u00e9taill\u00e9 des ministres de l&rsquo;EAC-SADC a \u00e9t\u00e9 adopt\u00e9, d\u00e9crivant les \u00e9tapes concr\u00e8tes vers un arr\u00eat des hostilit\u00e9s. La SADC a aussi d\u00e9cid\u00e9 de mettre fin \u00e0 sa mission de maintien de la paix (SAMIDRC) et de retirer progressivement son contingent. Un<\/p>\n\n\n\n<p>La communaut\u00e9 internationale reste mobilis\u00e9e. La nomination de ces cinq facilitateurs repr\u00e9sente un espoir de r\u00e9solution diplomatique dans une r\u00e9gion qui a trop longtemps souffert de violences r\u00e9currentes. L&rsquo;objectif est d\u00e9sormais de ramener la paix et la stabilit\u00e9 dans cette r\u00e9gion strat\u00e9gique de l&rsquo;Afrique centrale, en permettant le dialogue entre les diff\u00e9rents protagonistes.<\/p>\n\n\n\n<p>R.I.<\/p>\n","protected":false},"excerpt":{"rendered":"<p>Le sommet conjoint des chefs d&rsquo;Etat et de gouvernement de la Communaut\u00e9 d&rsquo;Afrique de l&rsquo;Est (EAC) et de la Communaut\u00e9<\/p>\n","protected":false},"author":6,"featured_media":64853,"comment_status":"open","ping_status":"closed","sticky":false,"template":"","format":"standard","meta":{"colormag_page_container_layout":"default_layout","colormag_page_sidebar_layout":"default_layout","om_disable_all_campaigns":false,"_monsterinsights_skip_tracking":false,"_monsterinsights_sitenote_active":false,"_monsterinsights_sitenote_note":"","_monsterinsights_sitenote_category":0,"footnotes":"","_wpscppro_dont_share_socialmedia":false,"_wpscppro_custom_social_share_image":0,"_facebook_share_type":"default","_twitter_share_type":"default","_linkedin_share_type":"default","_pinterest_share_type":"default","_linkedin_share_type_page":"","_instagram_share_type":"default","_medium_share_type":"default","_threads_share_type":"","_google_business_share_type":"","_selected_social_profile":[],"_wpsp_enable_custom_social_template":false,"_wpsp_social_scheduling":{"enabled":false,"datetime":null,"platforms":[],"status":"template_only","dateOption":"today","timeOption":"now","customDays":"","customHours":"","customDate":"","customTime":"","schedulingType":"absolute"},"_wpsp_active_default_template":true},"categories":[37],"tags":[],"class_list":["post-64852","post","type-post","status-publish","format-standard","has-post-thumbnail","hentry","category-monde"],"aioseo_notices":[],"yoast_head":"<!-- This site is optimized with the Yoast SEO plugin v27.5 - https:\/\/yoast.com\/product\/yoast-seo-wordpress\/ -->\n<title>RD Congo: Le sommet EAC-SADC nomme cinq facilitateurs pour acc\u00e9l\u00e9rer le processus de paix - La Sentinelle<\/title>\n<meta name=\"robots\" content=\"index, follow, max-snippet:-1, max-image-preview:large, max-video-preview:-1\" \/>\n<link rel=\"canonical\" href=\"https:\/\/lasentinelle.dz\/index.php\/2025\/03\/26\/rd-congo-le-sommet-eac-sadc-nomme-cinq-facilitateurs-pour-accelerer-le-processus-de-paix\/\" \/>\n<meta property=\"og:locale\" content=\"fr_FR\" \/>\n<meta property=\"og:type\" content=\"article\" \/>\n<meta property=\"og:title\" content=\"RD Congo: Le sommet EAC-SADC nomme cinq facilitateurs pour acc\u00e9l\u00e9rer le processus de paix - La Sentinelle\" \/>\n<meta property=\"og:description\" content=\"Le sommet conjoint des chefs d&rsquo;Etat et de gouvernement de la Communaut\u00e9 d&rsquo;Afrique de l&rsquo;Est (EAC) et de la Communaut\u00e9\" \/>\n<meta property=\"og:url\" content=\"https:\/\/lasentinelle.dz\/index.php\/2025\/03\/26\/rd-congo-le-sommet-eac-sadc-nomme-cinq-facilitateurs-pour-accelerer-le-processus-de-paix\/\" \/>\n<meta property=\"og:site_name\" content=\"La Sentinelle\" \/>\n<meta property=\"article:publisher\" content=\"https:\/\/www.facebook.com\/La-Sentinelle-104059864394773\" \/>\n<meta property=\"article:published_time\" content=\"2025-03-26T10:55:06+00:00\" \/>\n<meta property=\"article:modified_time\" content=\"2025-03-26T10:55:07+00:00\" \/>\n<meta property=\"og:image\" content=\"https:\/\/lasentinelle.dz\/wp-content\/uploads\/2025\/03\/sommet-EAC-SADC-.jpeg\" \/>\n\t<meta property=\"og:image:width\" content=\"1600\" \/>\n\t<meta property=\"og:image:height\" content=\"1066\" \/>\n\t<meta property=\"og:image:type\" content=\"image\/jpeg\" \/>\n<meta name=\"author\" content=\"admin\" \/>\n<meta name=\"twitter:card\" content=\"summary_large_image\" \/>\n<meta name=\"twitter:label1\" content=\"\u00c9crit par\" \/>\n\t<meta name=\"twitter:data1\" content=\"admin\" \/>\n\t<meta name=\"twitter:label2\" content=\"Dur\u00e9e de lecture estim\u00e9e\" \/>\n\t<meta name=\"twitter:data2\" content=\"3 minutes\" \/>\n<script type=\"application\/ld+json\" class=\"yoast-schema-graph\">{\"@context\":\"https:\\\/\\\/schema.org\",\"@graph\":[{\"@type\":\"Article\",\"@id\":\"https:\\\/\\\/lasentinelle.dz\\\/index.php\\\/2025\\\/03\\\/26\\\/rd-congo-le-sommet-eac-sadc-nomme-cinq-facilitateurs-pour-accelerer-le-processus-de-paix\\\/#article\",\"isPartOf\":{\"@id\":\"https:\\\/\\\/lasentinelle.dz\\\/index.php\\\/2025\\\/03\\\/26\\\/rd-congo-le-sommet-eac-sadc-nomme-cinq-facilitateurs-pour-accelerer-le-processus-de-paix\\\/\"},\"author\":{\"name\":\"admin\",\"@id\":\"https:\\\/\\\/lasentinelle.dz\\\/#\\\/schema\\\/person\\\/729ee0024f24e0b8c5ec17232f8e8b41\"},\"headline\":\"RD Congo: Le sommet EAC-SADC nomme cinq facilitateurs pour acc\u00e9l\u00e9rer le processus de paix\",\"datePublished\":\"2025-03-26T10:55:06+00:00\",\"dateModified\":\"2025-03-26T10:55:07+00:00\",\"mainEntityOfPage\":{\"@id\":\"https:\\\/\\\/lasentinelle.dz\\\/index.php\\\/2025\\\/03\\\/26\\\/rd-congo-le-sommet-eac-sadc-nomme-cinq-facilitateurs-pour-accelerer-le-processus-de-paix\\\/\"},\"wordCount\":580,\"commentCount\":0,\"publisher\":{\"@id\":\"https:\\\/\\\/lasentinelle.dz\\\/#organization\"},\"image\":{\"@id\":\"https:\\\/\\\/lasentinelle.dz\\\/index.php\\\/2025\\\/03\\\/26\\\/rd-congo-le-sommet-eac-sadc-nomme-cinq-facilitateurs-pour-accelerer-le-processus-de-paix\\\/#primaryimage\"},\"thumbnailUrl\":\"https:\\\/\\\/lasentinelle.dz\\\/wp-content\\\/uploads\\\/2025\\\/03\\\/sommet-EAC-SADC-.jpeg\",\"articleSection\":[\"Monde\"],\"inLanguage\":\"fr-FR\",\"potentialAction\":[{\"@type\":\"CommentAction\",\"name\":\"Comment\",\"target\":[\"https:\\\/\\\/lasentinelle.dz\\\/index.php\\\/2025\\\/03\\\/26\\\/rd-congo-le-sommet-eac-sadc-nomme-cinq-facilitateurs-pour-accelerer-le-processus-de-paix\\\/#respond\"]}]},{\"@type\":\"WebPage\",\"@id\":\"https:\\\/\\\/lasentinelle.dz\\\/index.php\\\/2025\\\/03\\\/26\\\/rd-congo-le-sommet-eac-sadc-nomme-cinq-facilitateurs-pour-accelerer-le-processus-de-paix\\\/\",\"url\":\"https:\\\/\\\/lasentinelle.dz\\\/index.php\\\/2025\\\/03\\\/26\\\/rd-congo-le-sommet-eac-sadc-nomme-cinq-facilitateurs-pour-accelerer-le-processus-de-paix\\\/\",\"name\":\"RD Congo: Le sommet EAC-SADC nomme cinq facilitateurs pour acc\u00e9l\u00e9rer le processus de paix - La Sentinelle\",\"isPartOf\":{\"@id\":\"https:\\\/\\\/lasentinelle.dz\\\/#website\"},\"primaryImageOfPage\":{\"@id\":\"https:\\\/\\\/lasentinelle.dz\\\/index.php\\\/2025\\\/03\\\/26\\\/rd-congo-le-sommet-eac-sadc-nomme-cinq-facilitateurs-pour-accelerer-le-processus-de-paix\\\/#primaryimage\"},\"image\":{\"@id\":\"https:\\\/\\\/lasentinelle.dz\\\/index.php\\\/2025\\\/03\\\/26\\\/rd-congo-le-sommet-eac-sadc-nomme-cinq-facilitateurs-pour-accelerer-le-processus-de-paix\\\/#primaryimage\"},\"thumbnailUrl\":\"https:\\\/\\\/lasentinelle.dz\\\/wp-content\\\/uploads\\\/2025\\\/03\\\/sommet-EAC-SADC-.jpeg\",\"datePublished\":\"2025-03-26T10:55:06+00:00\",\"dateModified\":\"2025-03-26T10:55:07+00:00\",\"breadcrumb\":{\"@id\":\"https:\\\/\\\/lasentinelle.dz\\\/index.php\\\/2025\\\/03\\\/26\\\/rd-congo-le-sommet-eac-sadc-nomme-cinq-facilitateurs-pour-accelerer-le-processus-de-paix\\\/#breadcrumb\"},\"inLanguage\":\"fr-FR\",\"potentialAction\":[{\"@type\":\"ReadAction\",\"target\":[\"https:\\\/\\\/lasentinelle.dz\\\/index.php\\\/2025\\\/03\\\/26\\\/rd-congo-le-sommet-eac-sadc-nomme-cinq-facilitateurs-pour-accelerer-le-processus-de-paix\\\/\"]}]},{\"@type\":\"ImageObject\",\"inLanguage\":\"fr-FR\",\"@id\":\"https:\\\/\\\/lasentinelle.dz\\\/index.php\\\/2025\\\/03\\\/26\\\/rd-congo-le-sommet-eac-sadc-nomme-cinq-facilitateurs-pour-accelerer-le-processus-de-paix\\\/#primaryimage\",\"url\":\"https:\\\/\\\/lasentinelle.dz\\\/wp-content\\\/uploads\\\/2025\\\/03\\\/sommet-EAC-SADC-.jpeg\",\"contentUrl\":\"https:\\\/\\\/lasentinelle.dz\\\/wp-content\\\/uploads\\\/2025\\\/03\\\/sommet-EAC-SADC-.jpeg\",\"width\":1600,\"height\":1066},{\"@type\":\"BreadcrumbList\",\"@id\":\"https:\\\/\\\/lasentinelle.dz\\\/index.php\\\/2025\\\/03\\\/26\\\/rd-congo-le-sommet-eac-sadc-nomme-cinq-facilitateurs-pour-accelerer-le-processus-de-paix\\\/#breadcrumb\",\"itemListElement\":[{\"@type\":\"ListItem\",\"position\":1,\"name\":\"Accueil\",\"item\":\"https:\\\/\\\/lasentinelle.dz\\\/\"},{\"@type\":\"ListItem\",\"position\":2,\"name\":\"RD Congo: Le sommet EAC-SADC nomme cinq facilitateurs pour acc\u00e9l\u00e9rer le processus de paix\"}]},{\"@type\":\"WebSite\",\"@id\":\"https:\\\/\\\/lasentinelle.dz\\\/#website\",\"url\":\"https:\\\/\\\/lasentinelle.dz\\\/\",\"name\":\"La Sentinelle\",\"description\":\"Quotidien national d&#039;information\",\"publisher\":{\"@id\":\"https:\\\/\\\/lasentinelle.dz\\\/#organization\"},\"potentialAction\":[{\"@type\":\"SearchAction\",\"target\":{\"@type\":\"EntryPoint\",\"urlTemplate\":\"https:\\\/\\\/lasentinelle.dz\\\/?s={search_term_string}\"},\"query-input\":{\"@type\":\"PropertyValueSpecification\",\"valueRequired\":true,\"valueName\":\"search_term_string\"}}],\"inLanguage\":\"fr-FR\"},{\"@type\":\"Organization\",\"@id\":\"https:\\\/\\\/lasentinelle.dz\\\/#organization\",\"name\":\"Quotidien La Sentinelle\",\"url\":\"https:\\\/\\\/lasentinelle.dz\\\/\",\"logo\":{\"@type\":\"ImageObject\",\"inLanguage\":\"fr-FR\",\"@id\":\"https:\\\/\\\/lasentinelle.dz\\\/#\\\/schema\\\/logo\\\/image\\\/\",\"url\":\"https:\\\/\\\/lasentinelle.dz\\\/wp-content\\\/uploads\\\/2021\\\/09\\\/logo-sentinelleSLOGAN-1.png\",\"contentUrl\":\"https:\\\/\\\/lasentinelle.dz\\\/wp-content\\\/uploads\\\/2021\\\/09\\\/logo-sentinelleSLOGAN-1.png\",\"width\":615,\"height\":142,\"caption\":\"Quotidien La Sentinelle\"},\"image\":{\"@id\":\"https:\\\/\\\/lasentinelle.dz\\\/#\\\/schema\\\/logo\\\/image\\\/\"},\"sameAs\":[\"https:\\\/\\\/www.facebook.com\\\/La-Sentinelle-104059864394773\"]},{\"@type\":\"Person\",\"@id\":\"https:\\\/\\\/lasentinelle.dz\\\/#\\\/schema\\\/person\\\/729ee0024f24e0b8c5ec17232f8e8b41\",\"name\":\"admin\",\"image\":{\"@type\":\"ImageObject\",\"inLanguage\":\"fr-FR\",\"@id\":\"https:\\\/\\\/secure.gravatar.com\\\/avatar\\\/4c81fed838786e9b53f540bf46533e750f5d292099ae3b66cfc6fb1982e29df7?s=96&d=mm&r=g\",\"url\":\"https:\\\/\\\/secure.gravatar.com\\\/avatar\\\/4c81fed838786e9b53f540bf46533e750f5d292099ae3b66cfc6fb1982e29df7?s=96&d=mm&r=g\",\"contentUrl\":\"https:\\\/\\\/secure.gravatar.com\\\/avatar\\\/4c81fed838786e9b53f540bf46533e750f5d292099ae3b66cfc6fb1982e29df7?s=96&d=mm&r=g\",\"caption\":\"admin\"},\"description\":\"admin\",\"url\":\"https:\\\/\\\/lasentinelle.dz\\\/author\\\/admin\\\/\"}]}<\/script>\n<!-- \/ Yoast SEO plugin. -->","yoast_head_json":{"title":"RD Congo: Le sommet EAC-SADC nomme cinq facilitateurs pour acc\u00e9l\u00e9rer le processus de paix - La Sentinelle","robots":{"index":"index","follow":"follow","max-snippet":"max-snippet:-1","max-image-preview":"max-image-preview:large","max-video-preview":"max-video-preview:-1"},"canonical":"https:\/\/lasentinelle.dz\/index.php\/2025\/03\/26\/rd-congo-le-sommet-eac-sadc-nomme-cinq-facilitateurs-pour-accelerer-le-processus-de-paix\/","og_locale":"fr_FR","og_type":"article","og_title":"RD Congo: Le sommet EAC-SADC nomme cinq facilitateurs pour acc\u00e9l\u00e9rer le processus de paix - La Sentinelle","og_description":"Le sommet conjoint des chefs d&rsquo;Etat et de gouvernement de la Communaut\u00e9 d&rsquo;Afrique de l&rsquo;Est (EAC) et de la Communaut\u00e9","og_url":"https:\/\/lasentinelle.dz\/index.php\/2025\/03\/26\/rd-congo-le-sommet-eac-sadc-nomme-cinq-facilitateurs-pour-accelerer-le-processus-de-paix\/","og_site_name":"La Sentinelle","article_publisher":"https:\/\/www.facebook.com\/La-Sentinelle-104059864394773","article_published_time":"2025-03-26T10:55:06+00:00","article_modified_time":"2025-03-26T10:55:07+00:00","og_image":[{"width":1600,"height":1066,"url":"https:\/\/lasentinelle.dz\/wp-content\/uploads\/2025\/03\/sommet-EAC-SADC-.jpeg","type":"image\/jpeg"}],"author":"admin","twitter_card":"summary_large_image","twitter_misc":{"\u00c9crit par":"admin","Dur\u00e9e de lecture estim\u00e9e":"3 minutes"},"schema":{"@context":"https:\/\/schema.org","@graph":[{"@type":"Article","@id":"https:\/\/lasentinelle.dz\/index.php\/2025\/03\/26\/rd-congo-le-sommet-eac-sadc-nomme-cinq-facilitateurs-pour-accelerer-le-processus-de-paix\/#article","isPartOf":{"@id":"https:\/\/lasentinelle.dz\/index.php\/2025\/03\/26\/rd-congo-le-sommet-eac-sadc-nomme-cinq-facilitateurs-pour-accelerer-le-processus-de-paix\/"},"author":{"name":"admin","@id":"https:\/\/lasentinelle.dz\/#\/schema\/person\/729ee0024f24e0b8c5ec17232f8e8b41"},"headline":"RD Congo: Le sommet EAC-SADC nomme cinq facilitateurs pour acc\u00e9l\u00e9rer le processus de paix","datePublished":"2025-03-26T10:55:06+00:00","dateModified":"2025-03-26T10:55:07+00:00","mainEntityOfPage":{"@id":"https:\/\/lasentinelle.dz\/index.php\/2025\/03\/26\/rd-congo-le-sommet-eac-sadc-nomme-cinq-facilitateurs-pour-accelerer-le-processus-de-paix\/"},"wordCount":580,"commentCount":0,"publisher":{"@id":"https:\/\/lasentinelle.dz\/#organization"},"image":{"@id":"https:\/\/lasentinelle.dz\/index.php\/2025\/03\/26\/rd-congo-le-sommet-eac-sadc-nomme-cinq-facilitateurs-pour-accelerer-le-processus-de-paix\/#primaryimage"},"thumbnailUrl":"https:\/\/lasentinelle.dz\/wp-content\/uploads\/2025\/03\/sommet-EAC-SADC-.jpeg","articleSection":["Monde"],"inLanguage":"fr-FR","potentialAction":[{"@type":"CommentAction","name":"Comment","target":["https:\/\/lasentinelle.dz\/index.php\/2025\/03\/26\/rd-congo-le-sommet-eac-sadc-nomme-cinq-facilitateurs-pour-accelerer-le-processus-de-paix\/#respond"]}]},{"@type":"WebPage","@id":"https:\/\/lasentinelle.dz\/index.php\/2025\/03\/26\/rd-congo-le-sommet-eac-sadc-nomme-cinq-facilitateurs-pour-accelerer-le-processus-de-paix\/","url":"https:\/\/lasentinelle.dz\/index.php\/2025\/03\/26\/rd-congo-le-sommet-eac-sadc-nomme-cinq-facilitateurs-pour-accelerer-le-processus-de-paix\/","name":"RD Congo: Le sommet EAC-SADC nomme cinq facilitateurs pour acc\u00e9l\u00e9rer le processus de paix - La Sentinelle","isPartOf":{"@id":"https:\/\/lasentinelle.dz\/#website"},"primaryImageOfPage":{"@id":"https:\/\/lasentinelle.dz\/index.php\/2025\/03\/26\/rd-congo-le-sommet-eac-sadc-nomme-cinq-facilitateurs-pour-accelerer-le-processus-de-paix\/#primaryimage"},"image":{"@id":"https:\/\/lasentinelle.dz\/index.php\/2025\/03\/26\/rd-congo-le-sommet-eac-sadc-nomme-cinq-facilitateurs-pour-accelerer-le-processus-de-paix\/#primaryimage"},"thumbnailUrl":"https:\/\/lasentinelle.dz\/wp-content\/uploads\/2025\/03\/sommet-EAC-SADC-.jpeg","datePublished":"2025-03-26T10:55:06+00:00","dateModified":"2025-03-26T10:55:07+00:00","breadcrumb":{"@id":"https:\/\/lasentinelle.dz\/index.php\/2025\/03\/26\/rd-congo-le-sommet-eac-sadc-nomme-cinq-facilitateurs-pour-accelerer-le-processus-de-paix\/#breadcrumb"},"inLanguage":"fr-FR","potentialAction":[{"@type":"ReadAction","target":["https:\/\/lasentinelle.dz\/index.php\/2025\/03\/26\/rd-congo-le-sommet-eac-sadc-nomme-cinq-facilitateurs-pour-accelerer-le-processus-de-paix\/"]}]},{"@type":"ImageObject","inLanguage":"fr-FR","@id":"https:\/\/lasentinelle.dz\/index.php\/2025\/03\/26\/rd-congo-le-sommet-eac-sadc-nomme-cinq-facilitateurs-pour-accelerer-le-processus-de-paix\/#primaryimage","url":"https:\/\/lasentinelle.dz\/wp-content\/uploads\/2025\/03\/sommet-EAC-SADC-.jpeg","contentUrl":"https:\/\/lasentinelle.dz\/wp-content\/uploads\/2025\/03\/sommet-EAC-SADC-.jpeg","width":1600,"height":1066},{"@type":"BreadcrumbList","@id":"https:\/\/lasentinelle.dz\/index.php\/2025\/03\/26\/rd-congo-le-sommet-eac-sadc-nomme-cinq-facilitateurs-pour-accelerer-le-processus-de-paix\/#breadcrumb","itemListElement":[{"@type":"ListItem","position":1,"name":"Accueil","item":"https:\/\/lasentinelle.dz\/"},{"@type":"ListItem","position":2,"name":"RD Congo: Le sommet EAC-SADC nomme cinq facilitateurs pour acc\u00e9l\u00e9rer le processus de paix"}]},{"@type":"WebSite","@id":"https:\/\/lasentinelle.dz\/#website","url":"https:\/\/lasentinelle.dz\/","name":"La Sentinelle","description":"Quotidien national d&#039;information","publisher":{"@id":"https:\/\/lasentinelle.dz\/#organization"},"potentialAction":[{"@type":"SearchAction","target":{"@type":"EntryPoint","urlTemplate":"https:\/\/lasentinelle.dz\/?s={search_term_string}"},"query-input":{"@type":"PropertyValueSpecification","valueRequired":true,"valueName":"search_term_string"}}],"inLanguage":"fr-FR"},{"@type":"Organization","@id":"https:\/\/lasentinelle.dz\/#organization","name":"Quotidien La Sentinelle","url":"https:\/\/lasentinelle.dz\/","logo":{"@type":"ImageObject","inLanguage":"fr-FR","@id":"https:\/\/lasentinelle.dz\/#\/schema\/logo\/image\/","url":"https:\/\/lasentinelle.dz\/wp-content\/uploads\/2021\/09\/logo-sentinelleSLOGAN-1.png","contentUrl":"https:\/\/lasentinelle.dz\/wp-content\/uploads\/2021\/09\/logo-sentinelleSLOGAN-1.png","width":615,"height":142,"caption":"Quotidien La Sentinelle"},"image":{"@id":"https:\/\/lasentinelle.dz\/#\/schema\/logo\/image\/"},"sameAs":["https:\/\/www.facebook.com\/La-Sentinelle-104059864394773"]},{"@type":"Person","@id":"https:\/\/lasentinelle.dz\/#\/schema\/person\/729ee0024f24e0b8c5ec17232f8e8b41","name":"admin","image":{"@type":"ImageObject","inLanguage":"fr-FR","@id":"https:\/\/secure.gravatar.com\/avatar\/4c81fed838786e9b53f540bf46533e750f5d292099ae3b66cfc6fb1982e29df7?s=96&d=mm&r=g","url":"https:\/\/secure.gravatar.com\/avatar\/4c81fed838786e9b53f540bf46533e750f5d292099ae3b66cfc6fb1982e29df7?s=96&d=mm&r=g","contentUrl":"https:\/\/secure.gravatar.com\/avatar\/4c81fed838786e9b53f540bf46533e750f5d292099ae3b66cfc6fb1982e29df7?s=96&d=mm&r=g","caption":"admin"},"description":"admin","url":"https:\/\/lasentinelle.dz\/author\/admin\/"}]}},"_links":{"self":[{"href":"https:\/\/lasentinelle.dz\/index.php\/wp-json\/wp\/v2\/posts\/64852","targetHints":{"allow":["GET"]}}],"collection":[{"href":"https:\/\/lasentinelle.dz\/index.php\/wp-json\/wp\/v2\/posts"}],"about":[{"href":"https:\/\/lasentinelle.dz\/index.php\/wp-json\/wp\/v2\/types\/post"}],"author":[{"embeddable":true,"href":"https:\/\/lasentinelle.dz\/index.php\/wp-json\/wp\/v2\/users\/6"}],"replies":[{"embeddable":true,"href":"https:\/\/lasentinelle.dz\/index.php\/wp-json\/wp\/v2\/comments?post=64852"}],"version-history":[{"count":1,"href":"https:\/\/lasentinelle.dz\/index.php\/wp-json\/wp\/v2\/posts\/64852\/revisions"}],"predecessor-version":[{"id":64854,"href":"https:\/\/lasentinelle.dz\/index.php\/wp-json\/wp\/v2\/posts\/64852\/revisions\/64854"}],"wp:featuredmedia":[{"embeddable":true,"href":"https:\/\/lasentinelle.dz\/index.php\/wp-json\/wp\/v2\/media\/64853"}],"wp:attachment":[{"href":"https:\/\/lasentinelle.dz\/index.php\/wp-json\/wp\/v2\/media?parent=64852"}],"wp:term":[{"taxonomy":"category","embeddable":true,"href":"https:\/\/lasentinelle.dz\/index.php\/wp-json\/wp\/v2\/categories?post=64852"},{"taxonomy":"post_tag","embeddable":true,"href":"https:\/\/lasentinelle.dz\/index.php\/wp-json\/wp\/v2\/tags?post=64852"}],"curies":[{"name":"wp","href":"https:\/\/api.w.org\/{rel}","templated":true}]}}