{"id":64855,"date":"2025-03-26T11:58:50","date_gmt":"2025-03-26T10:58:50","guid":{"rendered":"https:\/\/lasentinelle.dz\/?p=64855"},"modified":"2025-03-26T11:58:51","modified_gmt":"2025-03-26T10:58:51","slug":"patrimoine-des-timbres-postaux-consacres-au-costume-feminin-de-ceremonie-du-grand-est-algerien","status":"publish","type":"post","link":"https:\/\/lasentinelle.dz\/index.php\/2025\/03\/26\/patrimoine-des-timbres-postaux-consacres-au-costume-feminin-de-ceremonie-du-grand-est-algerien\/","title":{"rendered":"Patrimoine : Des timbres postaux consacr\u00e9s au costume f\u00e9minin de c\u00e9r\u00e9monie du Grand Est alg\u00e9rien"},"content":{"rendered":"\n<p>Sous le signe de la pr\u00e9servation du patrimoine culturel national, des timbres d\u00e9di\u00e9s au costume d\u00e9 c\u00e9r\u00e9monie de l&rsquo;Est alg\u00e9rien ont \u00e9t\u00e9 d\u00e9voil\u00e9s lundi soir au Palais de la culture \u00ab\u00a0Moufdi Zakaria\u00a0\u00bb. En effet, M. Zohir Ballou, ministre de la Culture et des Arts, accompagn\u00e9 de M. Sid Ali Zerrouki, ministre de la Poste et des T\u00e9l\u00e9communications, a pr\u00e9sid\u00e9 la c\u00e9r\u00e9monie de lancement et d&rsquo;oblit\u00e9ration du premier jour des timbres postaux consacr\u00e9s au costume f\u00e9minin de c\u00e9r\u00e9monie du Grand Est alg\u00e9rien, sous le th\u00e8me \u00ab\u00a0Les timbres postaux&#8230; sauvegarde et valorisation du patrimoine culturel\u00a0\u00bb. Cette initiative s&rsquo;inscrit dans une d\u00e9marche globale de reconnaissance et de mise en valeur du patrimoine vestimentaire national, en \u00e9cho \u00e0 l&rsquo;inscription en 2024 de la \u00ab\u00a0Gandoura\u00a0\u00bb et de la \u00ab\u00a0Melehfa\u00a0\u00bb au patrimoine culturel immat\u00e9riel de l&rsquo;UNESCO. La c\u00e9r\u00e9monie, qui a rassembl\u00e9 de nombreuses personnalit\u00e9s du monde culturel et institutionnel, a d\u00e9marr\u00e9 par la diffusion d&rsquo;un documentaire retra\u00e7ant l&rsquo;histoire et la symbolique du costume f\u00e9minin du Grand Est alg\u00e9rien. Dans son allocution, M. Zohir Belallou a soulign\u00e9 l&rsquo;importance de cette initiative en d\u00e9clarant : \u00ab\u00a0Nous c\u00e9l\u00e9brons aujourd&rsquo;hui notre patrimoine avec une empreinte exceptionnelle, en honorant notre h\u00e9ritage vestimentaire \u00e0 travers ces timbres postaux. Ce projet est l&rsquo;aboutissement d&rsquo;efforts constants de notre minist\u00e8re pour la sauvegarde du patrimoine culturel, car il repr\u00e9sente une part indissociable de l&rsquo;identit\u00e9 de notre nation, tout en constituant un vecteur \u00e9conomique et un \u00e9l\u00e9ment de notre s\u00e9curit\u00e9 culturelle\u00a0\u00bb. Il a \u00e9galement tenu \u00e0 saluer le travail minutieux des artisans, chercheurs, stylistes et orf\u00e8vres qui, \u00e0 travers leurs cr\u00e9ations et leurs recherches, assurent la transmission et l&rsquo;\u00e9volution de cet h\u00e9ritage ancestral. De son c\u00f4t\u00e9, M. Sid Ali Zerrouki a mis en avant le r\u00f4le de la Poste dans la pr\u00e9servation et la diffusion du patrimoine culturel national. \u00ab\u00a0Notre minist\u00e8re a \u00e9mis plus de 450 timbres postaux contribuant \u00e0 sensibiliser la soci\u00e9t\u00e9 \u00e0 l&rsquo;importance du patrimoine et \u00e0 assurer sa transmission aux g\u00e9n\u00e9rations futures. Ces timbres ne sont pas seulement destin\u00e9s \u00e0 la circulation locale, ils sont aussi des ambassadeurs culturels qui font voyager l&rsquo;identit\u00e9 alg\u00e9rienne \u00e0 travers le monde\u00a0\u00bb, a-t-il affirm\u00e9. Il a \u00e9galement annonc\u00e9 l&rsquo;\u00e9mission d&rsquo;un nouveau timbre repr\u00e9sentant les trois tenues embl\u00e9matiques du Grand Est alg\u00e9rien : la \u00ab\u00a0Gandoura\u00a0\u00bb, la \u00ab\u00a0Melehfa\u00a0\u00bb et le \u00ab\u00a0Caftan\u00a0\u00bb.<\/p>\n\n\n\n<p>L&rsquo;\u00e9v\u00e9nement a \u00e9t\u00e9 marqu\u00e9 par la pr\u00e9sentation des nouveaux timbres postaux par Mme Bouazara, directrice des timbres postaux, mettant en lumi\u00e8re la richesse du patrimoine vestimentaire alg\u00e9rien \u00e0 travers un design fid\u00e8le aux d\u00e9tails traditionnels. La soir\u00e9e s&rsquo;est poursuivie par une lev\u00e9e de rideau officielle sur cette nouvelle collection philat\u00e9lique, suivie de l&rsquo;apposition du cachet du premier jour par les ministres. Un moment solennel qui symbolise la reconnaissance institutionnelle de ces pi\u00e8ces vestimentaires comme des \u00e9l\u00e9ments essentiels du patrimoine national. Pour couronner cette c\u00e9l\u00e9bration, des artistes de renom ont \u00e9t\u00e9 honor\u00e9s pour leur contribution dans la conception des timbres postaux, notamment M. Tahar Boukour et M. Ali Karbouche, dont le talent a permis de traduire en images l&rsquo;authenticit\u00e9 et l&rsquo;\u00e9l\u00e9gance de ces costumes. La c\u00e9r\u00e9monie a \u00e9t\u00e9 ponctu\u00e9e par des interludes musicaux interpr\u00e9t\u00e9s par l&rsquo;orchestre national f\u00e9minin de l&rsquo;Op\u00e9ra d&rsquo;Alger, ajoutant une touche artistique \u00e0 cette soir\u00e9e plac\u00e9e sous le signe de la fiert\u00e9 culturelle et de la transmission du savoir-faire traditionnel. Cette initiative traduit une volont\u00e9 affirm\u00e9e des autorit\u00e9s de renforcer la valorisation du patrimoine alg\u00e9rien \u00e0 l&rsquo;\u00e9chelle nationale et internationale, tout en affirmant la place de la culture comme un instrument de souverainet\u00e9 et d&rsquo;identit\u00e9. L&rsquo;\u00e9mission de ces timbres postaux, bien plus qu&rsquo;un simple hommage, constitue un acte de transmission qui assure la p\u00e9rennit\u00e9 d&rsquo;un savoir-faire unique, reflets d&rsquo;une m\u00e9moire collective et d&rsquo;une richesse inestimable pour les g\u00e9n\u00e9rations futures.<\/p>\n\n\n\n<p>M.S.<\/p>\n","protected":false},"excerpt":{"rendered":"<p>Sous le signe de la pr\u00e9servation du patrimoine culturel national, des timbres d\u00e9di\u00e9s au costume d\u00e9 c\u00e9r\u00e9monie de l&rsquo;Est alg\u00e9rien<\/p>\n","protected":false},"author":6,"featured_media":64857,"comment_status":"open","ping_status":"closed","sticky":false,"template":"","format":"standard","meta":{"colormag_page_container_layout":"default_layout","colormag_page_sidebar_layout":"default_layout","om_disable_all_campaigns":false,"_monsterinsights_skip_tracking":false,"_monsterinsights_sitenote_active":false,"_monsterinsights_sitenote_note":"","_monsterinsights_sitenote_category":0,"footnotes":"","_wpscppro_dont_share_socialmedia":false,"_wpscppro_custom_social_share_image":0,"_facebook_share_type":"default","_twitter_share_type":"default","_linkedin_share_type":"default","_pinterest_share_type":"default","_linkedin_share_type_page":"","_instagram_share_type":"default","_medium_share_type":"default","_threads_share_type":"","_google_business_share_type":"","_selected_social_profile":[],"_wpsp_enable_custom_social_template":false,"_wpsp_social_scheduling":{"enabled":false,"datetime":null,"platforms":[],"status":"template_only","dateOption":"today","timeOption":"now","customDays":"","customHours":"","customDate":"","customTime":"","schedulingType":"absolute"},"_wpsp_active_default_template":true},"categories":[36],"tags":[],"class_list":["post-64855","post","type-post","status-publish","format-standard","has-post-thumbnail","hentry","category-culture"],"aioseo_notices":[],"yoast_head":"<!-- This site is optimized with the Yoast SEO plugin v27.5 - https:\/\/yoast.com\/product\/yoast-seo-wordpress\/ -->\n<title>Patrimoine : Des timbres postaux consacr\u00e9s au costume f\u00e9minin de c\u00e9r\u00e9monie du Grand Est alg\u00e9rien - La Sentinelle<\/title>\n<meta name=\"robots\" content=\"index, follow, max-snippet:-1, max-image-preview:large, max-video-preview:-1\" \/>\n<link rel=\"canonical\" href=\"https:\/\/lasentinelle.dz\/index.php\/2025\/03\/26\/patrimoine-des-timbres-postaux-consacres-au-costume-feminin-de-ceremonie-du-grand-est-algerien\/\" \/>\n<meta property=\"og:locale\" content=\"fr_FR\" \/>\n<meta property=\"og:type\" content=\"article\" \/>\n<meta property=\"og:title\" content=\"Patrimoine : Des timbres postaux consacr\u00e9s au costume f\u00e9minin de c\u00e9r\u00e9monie du Grand Est alg\u00e9rien - La Sentinelle\" \/>\n<meta property=\"og:description\" content=\"Sous le signe de la pr\u00e9servation du patrimoine culturel national, des timbres d\u00e9di\u00e9s au costume d\u00e9 c\u00e9r\u00e9monie de l&rsquo;Est alg\u00e9rien\" \/>\n<meta property=\"og:url\" content=\"https:\/\/lasentinelle.dz\/index.php\/2025\/03\/26\/patrimoine-des-timbres-postaux-consacres-au-costume-feminin-de-ceremonie-du-grand-est-algerien\/\" \/>\n<meta property=\"og:site_name\" content=\"La Sentinelle\" \/>\n<meta property=\"article:publisher\" content=\"https:\/\/www.facebook.com\/La-Sentinelle-104059864394773\" \/>\n<meta property=\"article:published_time\" content=\"2025-03-26T10:58:50+00:00\" \/>\n<meta property=\"article:modified_time\" content=\"2025-03-26T10:58:51+00:00\" \/>\n<meta property=\"og:image\" content=\"https:\/\/lasentinelle.dz\/wp-content\/uploads\/2025\/03\/486146681_963340179309554_6002105940795781805_n-1.jpg\" \/>\n\t<meta property=\"og:image:width\" content=\"2048\" \/>\n\t<meta property=\"og:image:height\" content=\"1366\" \/>\n\t<meta property=\"og:image:type\" content=\"image\/jpeg\" \/>\n<meta name=\"author\" content=\"admin\" \/>\n<meta name=\"twitter:card\" content=\"summary_large_image\" \/>\n<meta name=\"twitter:label1\" content=\"\u00c9crit par\" \/>\n\t<meta name=\"twitter:data1\" content=\"admin\" \/>\n\t<meta name=\"twitter:label2\" content=\"Dur\u00e9e de lecture estim\u00e9e\" \/>\n\t<meta name=\"twitter:data2\" content=\"4 minutes\" \/>\n<script type=\"application\/ld+json\" class=\"yoast-schema-graph\">{\"@context\":\"https:\\\/\\\/schema.org\",\"@graph\":[{\"@type\":\"Article\",\"@id\":\"https:\\\/\\\/lasentinelle.dz\\\/index.php\\\/2025\\\/03\\\/26\\\/patrimoine-des-timbres-postaux-consacres-au-costume-feminin-de-ceremonie-du-grand-est-algerien\\\/#article\",\"isPartOf\":{\"@id\":\"https:\\\/\\\/lasentinelle.dz\\\/index.php\\\/2025\\\/03\\\/26\\\/patrimoine-des-timbres-postaux-consacres-au-costume-feminin-de-ceremonie-du-grand-est-algerien\\\/\"},\"author\":{\"name\":\"admin\",\"@id\":\"https:\\\/\\\/lasentinelle.dz\\\/#\\\/schema\\\/person\\\/729ee0024f24e0b8c5ec17232f8e8b41\"},\"headline\":\"Patrimoine : Des timbres postaux consacr\u00e9s au costume f\u00e9minin de c\u00e9r\u00e9monie du Grand Est alg\u00e9rien\",\"datePublished\":\"2025-03-26T10:58:50+00:00\",\"dateModified\":\"2025-03-26T10:58:51+00:00\",\"mainEntityOfPage\":{\"@id\":\"https:\\\/\\\/lasentinelle.dz\\\/index.php\\\/2025\\\/03\\\/26\\\/patrimoine-des-timbres-postaux-consacres-au-costume-feminin-de-ceremonie-du-grand-est-algerien\\\/\"},\"wordCount\":723,\"commentCount\":0,\"publisher\":{\"@id\":\"https:\\\/\\\/lasentinelle.dz\\\/#organization\"},\"image\":{\"@id\":\"https:\\\/\\\/lasentinelle.dz\\\/index.php\\\/2025\\\/03\\\/26\\\/patrimoine-des-timbres-postaux-consacres-au-costume-feminin-de-ceremonie-du-grand-est-algerien\\\/#primaryimage\"},\"thumbnailUrl\":\"https:\\\/\\\/lasentinelle.dz\\\/wp-content\\\/uploads\\\/2025\\\/03\\\/486146681_963340179309554_6002105940795781805_n-1.jpg\",\"articleSection\":[\"Culture\"],\"inLanguage\":\"fr-FR\",\"potentialAction\":[{\"@type\":\"CommentAction\",\"name\":\"Comment\",\"target\":[\"https:\\\/\\\/lasentinelle.dz\\\/index.php\\\/2025\\\/03\\\/26\\\/patrimoine-des-timbres-postaux-consacres-au-costume-feminin-de-ceremonie-du-grand-est-algerien\\\/#respond\"]}]},{\"@type\":\"WebPage\",\"@id\":\"https:\\\/\\\/lasentinelle.dz\\\/index.php\\\/2025\\\/03\\\/26\\\/patrimoine-des-timbres-postaux-consacres-au-costume-feminin-de-ceremonie-du-grand-est-algerien\\\/\",\"url\":\"https:\\\/\\\/lasentinelle.dz\\\/index.php\\\/2025\\\/03\\\/26\\\/patrimoine-des-timbres-postaux-consacres-au-costume-feminin-de-ceremonie-du-grand-est-algerien\\\/\",\"name\":\"Patrimoine : Des timbres postaux consacr\u00e9s au costume f\u00e9minin de c\u00e9r\u00e9monie du Grand Est alg\u00e9rien - La Sentinelle\",\"isPartOf\":{\"@id\":\"https:\\\/\\\/lasentinelle.dz\\\/#website\"},\"primaryImageOfPage\":{\"@id\":\"https:\\\/\\\/lasentinelle.dz\\\/index.php\\\/2025\\\/03\\\/26\\\/patrimoine-des-timbres-postaux-consacres-au-costume-feminin-de-ceremonie-du-grand-est-algerien\\\/#primaryimage\"},\"image\":{\"@id\":\"https:\\\/\\\/lasentinelle.dz\\\/index.php\\\/2025\\\/03\\\/26\\\/patrimoine-des-timbres-postaux-consacres-au-costume-feminin-de-ceremonie-du-grand-est-algerien\\\/#primaryimage\"},\"thumbnailUrl\":\"https:\\\/\\\/lasentinelle.dz\\\/wp-content\\\/uploads\\\/2025\\\/03\\\/486146681_963340179309554_6002105940795781805_n-1.jpg\",\"datePublished\":\"2025-03-26T10:58:50+00:00\",\"dateModified\":\"2025-03-26T10:58:51+00:00\",\"breadcrumb\":{\"@id\":\"https:\\\/\\\/lasentinelle.dz\\\/index.php\\\/2025\\\/03\\\/26\\\/patrimoine-des-timbres-postaux-consacres-au-costume-feminin-de-ceremonie-du-grand-est-algerien\\\/#breadcrumb\"},\"inLanguage\":\"fr-FR\",\"potentialAction\":[{\"@type\":\"ReadAction\",\"target\":[\"https:\\\/\\\/lasentinelle.dz\\\/index.php\\\/2025\\\/03\\\/26\\\/patrimoine-des-timbres-postaux-consacres-au-costume-feminin-de-ceremonie-du-grand-est-algerien\\\/\"]}]},{\"@type\":\"ImageObject\",\"inLanguage\":\"fr-FR\",\"@id\":\"https:\\\/\\\/lasentinelle.dz\\\/index.php\\\/2025\\\/03\\\/26\\\/patrimoine-des-timbres-postaux-consacres-au-costume-feminin-de-ceremonie-du-grand-est-algerien\\\/#primaryimage\",\"url\":\"https:\\\/\\\/lasentinelle.dz\\\/wp-content\\\/uploads\\\/2025\\\/03\\\/486146681_963340179309554_6002105940795781805_n-1.jpg\",\"contentUrl\":\"https:\\\/\\\/lasentinelle.dz\\\/wp-content\\\/uploads\\\/2025\\\/03\\\/486146681_963340179309554_6002105940795781805_n-1.jpg\",\"width\":2048,\"height\":1366},{\"@type\":\"BreadcrumbList\",\"@id\":\"https:\\\/\\\/lasentinelle.dz\\\/index.php\\\/2025\\\/03\\\/26\\\/patrimoine-des-timbres-postaux-consacres-au-costume-feminin-de-ceremonie-du-grand-est-algerien\\\/#breadcrumb\",\"itemListElement\":[{\"@type\":\"ListItem\",\"position\":1,\"name\":\"Accueil\",\"item\":\"https:\\\/\\\/lasentinelle.dz\\\/\"},{\"@type\":\"ListItem\",\"position\":2,\"name\":\"Patrimoine : Des timbres postaux consacr\u00e9s au costume f\u00e9minin de c\u00e9r\u00e9monie du Grand Est alg\u00e9rien\"}]},{\"@type\":\"WebSite\",\"@id\":\"https:\\\/\\\/lasentinelle.dz\\\/#website\",\"url\":\"https:\\\/\\\/lasentinelle.dz\\\/\",\"name\":\"La Sentinelle\",\"description\":\"Quotidien national d&#039;information\",\"publisher\":{\"@id\":\"https:\\\/\\\/lasentinelle.dz\\\/#organization\"},\"potentialAction\":[{\"@type\":\"SearchAction\",\"target\":{\"@type\":\"EntryPoint\",\"urlTemplate\":\"https:\\\/\\\/lasentinelle.dz\\\/?s={search_term_string}\"},\"query-input\":{\"@type\":\"PropertyValueSpecification\",\"valueRequired\":true,\"valueName\":\"search_term_string\"}}],\"inLanguage\":\"fr-FR\"},{\"@type\":\"Organization\",\"@id\":\"https:\\\/\\\/lasentinelle.dz\\\/#organization\",\"name\":\"Quotidien La Sentinelle\",\"url\":\"https:\\\/\\\/lasentinelle.dz\\\/\",\"logo\":{\"@type\":\"ImageObject\",\"inLanguage\":\"fr-FR\",\"@id\":\"https:\\\/\\\/lasentinelle.dz\\\/#\\\/schema\\\/logo\\\/image\\\/\",\"url\":\"https:\\\/\\\/lasentinelle.dz\\\/wp-content\\\/uploads\\\/2021\\\/09\\\/logo-sentinelleSLOGAN-1.png\",\"contentUrl\":\"https:\\\/\\\/lasentinelle.dz\\\/wp-content\\\/uploads\\\/2021\\\/09\\\/logo-sentinelleSLOGAN-1.png\",\"width\":615,\"height\":142,\"caption\":\"Quotidien La Sentinelle\"},\"image\":{\"@id\":\"https:\\\/\\\/lasentinelle.dz\\\/#\\\/schema\\\/logo\\\/image\\\/\"},\"sameAs\":[\"https:\\\/\\\/www.facebook.com\\\/La-Sentinelle-104059864394773\"]},{\"@type\":\"Person\",\"@id\":\"https:\\\/\\\/lasentinelle.dz\\\/#\\\/schema\\\/person\\\/729ee0024f24e0b8c5ec17232f8e8b41\",\"name\":\"admin\",\"image\":{\"@type\":\"ImageObject\",\"inLanguage\":\"fr-FR\",\"@id\":\"https:\\\/\\\/secure.gravatar.com\\\/avatar\\\/4c81fed838786e9b53f540bf46533e750f5d292099ae3b66cfc6fb1982e29df7?s=96&d=mm&r=g\",\"url\":\"https:\\\/\\\/secure.gravatar.com\\\/avatar\\\/4c81fed838786e9b53f540bf46533e750f5d292099ae3b66cfc6fb1982e29df7?s=96&d=mm&r=g\",\"contentUrl\":\"https:\\\/\\\/secure.gravatar.com\\\/avatar\\\/4c81fed838786e9b53f540bf46533e750f5d292099ae3b66cfc6fb1982e29df7?s=96&d=mm&r=g\",\"caption\":\"admin\"},\"description\":\"admin\",\"url\":\"https:\\\/\\\/lasentinelle.dz\\\/author\\\/admin\\\/\"}]}<\/script>\n<!-- \/ Yoast SEO plugin. -->","yoast_head_json":{"title":"Patrimoine : Des timbres postaux consacr\u00e9s au costume f\u00e9minin de c\u00e9r\u00e9monie du Grand Est alg\u00e9rien - La Sentinelle","robots":{"index":"index","follow":"follow","max-snippet":"max-snippet:-1","max-image-preview":"max-image-preview:large","max-video-preview":"max-video-preview:-1"},"canonical":"https:\/\/lasentinelle.dz\/index.php\/2025\/03\/26\/patrimoine-des-timbres-postaux-consacres-au-costume-feminin-de-ceremonie-du-grand-est-algerien\/","og_locale":"fr_FR","og_type":"article","og_title":"Patrimoine : Des timbres postaux consacr\u00e9s au costume f\u00e9minin de c\u00e9r\u00e9monie du Grand Est alg\u00e9rien - La Sentinelle","og_description":"Sous le signe de la pr\u00e9servation du patrimoine culturel national, des timbres d\u00e9di\u00e9s au costume d\u00e9 c\u00e9r\u00e9monie de l&rsquo;Est alg\u00e9rien","og_url":"https:\/\/lasentinelle.dz\/index.php\/2025\/03\/26\/patrimoine-des-timbres-postaux-consacres-au-costume-feminin-de-ceremonie-du-grand-est-algerien\/","og_site_name":"La Sentinelle","article_publisher":"https:\/\/www.facebook.com\/La-Sentinelle-104059864394773","article_published_time":"2025-03-26T10:58:50+00:00","article_modified_time":"2025-03-26T10:58:51+00:00","og_image":[{"width":2048,"height":1366,"url":"https:\/\/lasentinelle.dz\/wp-content\/uploads\/2025\/03\/486146681_963340179309554_6002105940795781805_n-1.jpg","type":"image\/jpeg"}],"author":"admin","twitter_card":"summary_large_image","twitter_misc":{"\u00c9crit par":"admin","Dur\u00e9e de lecture estim\u00e9e":"4 minutes"},"schema":{"@context":"https:\/\/schema.org","@graph":[{"@type":"Article","@id":"https:\/\/lasentinelle.dz\/index.php\/2025\/03\/26\/patrimoine-des-timbres-postaux-consacres-au-costume-feminin-de-ceremonie-du-grand-est-algerien\/#article","isPartOf":{"@id":"https:\/\/lasentinelle.dz\/index.php\/2025\/03\/26\/patrimoine-des-timbres-postaux-consacres-au-costume-feminin-de-ceremonie-du-grand-est-algerien\/"},"author":{"name":"admin","@id":"https:\/\/lasentinelle.dz\/#\/schema\/person\/729ee0024f24e0b8c5ec17232f8e8b41"},"headline":"Patrimoine : Des timbres postaux consacr\u00e9s au costume f\u00e9minin de c\u00e9r\u00e9monie du Grand Est alg\u00e9rien","datePublished":"2025-03-26T10:58:50+00:00","dateModified":"2025-03-26T10:58:51+00:00","mainEntityOfPage":{"@id":"https:\/\/lasentinelle.dz\/index.php\/2025\/03\/26\/patrimoine-des-timbres-postaux-consacres-au-costume-feminin-de-ceremonie-du-grand-est-algerien\/"},"wordCount":723,"commentCount":0,"publisher":{"@id":"https:\/\/lasentinelle.dz\/#organization"},"image":{"@id":"https:\/\/lasentinelle.dz\/index.php\/2025\/03\/26\/patrimoine-des-timbres-postaux-consacres-au-costume-feminin-de-ceremonie-du-grand-est-algerien\/#primaryimage"},"thumbnailUrl":"https:\/\/lasentinelle.dz\/wp-content\/uploads\/2025\/03\/486146681_963340179309554_6002105940795781805_n-1.jpg","articleSection":["Culture"],"inLanguage":"fr-FR","potentialAction":[{"@type":"CommentAction","name":"Comment","target":["https:\/\/lasentinelle.dz\/index.php\/2025\/03\/26\/patrimoine-des-timbres-postaux-consacres-au-costume-feminin-de-ceremonie-du-grand-est-algerien\/#respond"]}]},{"@type":"WebPage","@id":"https:\/\/lasentinelle.dz\/index.php\/2025\/03\/26\/patrimoine-des-timbres-postaux-consacres-au-costume-feminin-de-ceremonie-du-grand-est-algerien\/","url":"https:\/\/lasentinelle.dz\/index.php\/2025\/03\/26\/patrimoine-des-timbres-postaux-consacres-au-costume-feminin-de-ceremonie-du-grand-est-algerien\/","name":"Patrimoine : Des timbres postaux consacr\u00e9s au costume f\u00e9minin de c\u00e9r\u00e9monie du Grand Est alg\u00e9rien - La Sentinelle","isPartOf":{"@id":"https:\/\/lasentinelle.dz\/#website"},"primaryImageOfPage":{"@id":"https:\/\/lasentinelle.dz\/index.php\/2025\/03\/26\/patrimoine-des-timbres-postaux-consacres-au-costume-feminin-de-ceremonie-du-grand-est-algerien\/#primaryimage"},"image":{"@id":"https:\/\/lasentinelle.dz\/index.php\/2025\/03\/26\/patrimoine-des-timbres-postaux-consacres-au-costume-feminin-de-ceremonie-du-grand-est-algerien\/#primaryimage"},"thumbnailUrl":"https:\/\/lasentinelle.dz\/wp-content\/uploads\/2025\/03\/486146681_963340179309554_6002105940795781805_n-1.jpg","datePublished":"2025-03-26T10:58:50+00:00","dateModified":"2025-03-26T10:58:51+00:00","breadcrumb":{"@id":"https:\/\/lasentinelle.dz\/index.php\/2025\/03\/26\/patrimoine-des-timbres-postaux-consacres-au-costume-feminin-de-ceremonie-du-grand-est-algerien\/#breadcrumb"},"inLanguage":"fr-FR","potentialAction":[{"@type":"ReadAction","target":["https:\/\/lasentinelle.dz\/index.php\/2025\/03\/26\/patrimoine-des-timbres-postaux-consacres-au-costume-feminin-de-ceremonie-du-grand-est-algerien\/"]}]},{"@type":"ImageObject","inLanguage":"fr-FR","@id":"https:\/\/lasentinelle.dz\/index.php\/2025\/03\/26\/patrimoine-des-timbres-postaux-consacres-au-costume-feminin-de-ceremonie-du-grand-est-algerien\/#primaryimage","url":"https:\/\/lasentinelle.dz\/wp-content\/uploads\/2025\/03\/486146681_963340179309554_6002105940795781805_n-1.jpg","contentUrl":"https:\/\/lasentinelle.dz\/wp-content\/uploads\/2025\/03\/486146681_963340179309554_6002105940795781805_n-1.jpg","width":2048,"height":1366},{"@type":"BreadcrumbList","@id":"https:\/\/lasentinelle.dz\/index.php\/2025\/03\/26\/patrimoine-des-timbres-postaux-consacres-au-costume-feminin-de-ceremonie-du-grand-est-algerien\/#breadcrumb","itemListElement":[{"@type":"ListItem","position":1,"name":"Accueil","item":"https:\/\/lasentinelle.dz\/"},{"@type":"ListItem","position":2,"name":"Patrimoine : Des timbres postaux consacr\u00e9s au costume f\u00e9minin de c\u00e9r\u00e9monie du Grand Est alg\u00e9rien"}]},{"@type":"WebSite","@id":"https:\/\/lasentinelle.dz\/#website","url":"https:\/\/lasentinelle.dz\/","name":"La Sentinelle","description":"Quotidien national d&#039;information","publisher":{"@id":"https:\/\/lasentinelle.dz\/#organization"},"potentialAction":[{"@type":"SearchAction","target":{"@type":"EntryPoint","urlTemplate":"https:\/\/lasentinelle.dz\/?s={search_term_string}"},"query-input":{"@type":"PropertyValueSpecification","valueRequired":true,"valueName":"search_term_string"}}],"inLanguage":"fr-FR"},{"@type":"Organization","@id":"https:\/\/lasentinelle.dz\/#organization","name":"Quotidien La Sentinelle","url":"https:\/\/lasentinelle.dz\/","logo":{"@type":"ImageObject","inLanguage":"fr-FR","@id":"https:\/\/lasentinelle.dz\/#\/schema\/logo\/image\/","url":"https:\/\/lasentinelle.dz\/wp-content\/uploads\/2021\/09\/logo-sentinelleSLOGAN-1.png","contentUrl":"https:\/\/lasentinelle.dz\/wp-content\/uploads\/2021\/09\/logo-sentinelleSLOGAN-1.png","width":615,"height":142,"caption":"Quotidien La Sentinelle"},"image":{"@id":"https:\/\/lasentinelle.dz\/#\/schema\/logo\/image\/"},"sameAs":["https:\/\/www.facebook.com\/La-Sentinelle-104059864394773"]},{"@type":"Person","@id":"https:\/\/lasentinelle.dz\/#\/schema\/person\/729ee0024f24e0b8c5ec17232f8e8b41","name":"admin","image":{"@type":"ImageObject","inLanguage":"fr-FR","@id":"https:\/\/secure.gravatar.com\/avatar\/4c81fed838786e9b53f540bf46533e750f5d292099ae3b66cfc6fb1982e29df7?s=96&d=mm&r=g","url":"https:\/\/secure.gravatar.com\/avatar\/4c81fed838786e9b53f540bf46533e750f5d292099ae3b66cfc6fb1982e29df7?s=96&d=mm&r=g","contentUrl":"https:\/\/secure.gravatar.com\/avatar\/4c81fed838786e9b53f540bf46533e750f5d292099ae3b66cfc6fb1982e29df7?s=96&d=mm&r=g","caption":"admin"},"description":"admin","url":"https:\/\/lasentinelle.dz\/author\/admin\/"}]}},"_links":{"self":[{"href":"https:\/\/lasentinelle.dz\/index.php\/wp-json\/wp\/v2\/posts\/64855","targetHints":{"allow":["GET"]}}],"collection":[{"href":"https:\/\/lasentinelle.dz\/index.php\/wp-json\/wp\/v2\/posts"}],"about":[{"href":"https:\/\/lasentinelle.dz\/index.php\/wp-json\/wp\/v2\/types\/post"}],"author":[{"embeddable":true,"href":"https:\/\/lasentinelle.dz\/index.php\/wp-json\/wp\/v2\/users\/6"}],"replies":[{"embeddable":true,"href":"https:\/\/lasentinelle.dz\/index.php\/wp-json\/wp\/v2\/comments?post=64855"}],"version-history":[{"count":1,"href":"https:\/\/lasentinelle.dz\/index.php\/wp-json\/wp\/v2\/posts\/64855\/revisions"}],"predecessor-version":[{"id":64858,"href":"https:\/\/lasentinelle.dz\/index.php\/wp-json\/wp\/v2\/posts\/64855\/revisions\/64858"}],"wp:featuredmedia":[{"embeddable":true,"href":"https:\/\/lasentinelle.dz\/index.php\/wp-json\/wp\/v2\/media\/64857"}],"wp:attachment":[{"href":"https:\/\/lasentinelle.dz\/index.php\/wp-json\/wp\/v2\/media?parent=64855"}],"wp:term":[{"taxonomy":"category","embeddable":true,"href":"https:\/\/lasentinelle.dz\/index.php\/wp-json\/wp\/v2\/categories?post=64855"},{"taxonomy":"post_tag","embeddable":true,"href":"https:\/\/lasentinelle.dz\/index.php\/wp-json\/wp\/v2\/tags?post=64855"}],"curies":[{"name":"wp","href":"https:\/\/api.w.org\/{rel}","templated":true}]}}