{"id":64862,"date":"2025-03-26T12:00:25","date_gmt":"2025-03-26T11:00:25","guid":{"rendered":"https:\/\/lasentinelle.dz\/?p=64862"},"modified":"2025-03-26T12:00:26","modified_gmt":"2025-03-26T11:00:26","slug":"manipulation-de-matchs-la-fabb-hausse-le-ton-contre-les-pratiques-antisportives","status":"publish","type":"post","link":"https:\/\/lasentinelle.dz\/index.php\/2025\/03\/26\/manipulation-de-matchs-la-fabb-hausse-le-ton-contre-les-pratiques-antisportives\/","title":{"rendered":"Manipulation de matchs : La FABB hausse le ton contre les pratiques antisportives"},"content":{"rendered":"\n<p>La F\u00e9d\u00e9ration alg\u00e9rienne de basketball (FABB) a d\u00e9cid\u00e9 de s\u00e9vir contre les tentatives de manipulation des r\u00e9sultats sportifs.<\/p>\n\n\n\n<p>Dans un communiqu\u00e9 officiel sans pr\u00e9c\u00e9dent, l&rsquo;instance nationale a tir\u00e9 la sonnette d&rsquo;alarme face aux d\u00e9rives qui menacent l&rsquo;int\u00e9grit\u00e9 des comp\u00e9titions. \u00ab\u00a0Nous avons \u00e9t\u00e9 inform\u00e9s que certains clubs tentent de manipuler les r\u00e9sultats des matchs afin d&rsquo;influencer le d\u00e9roulement des comp\u00e9titions organis\u00e9es par nos structures\u00a0\u00bb, d\u00e9clare la f\u00e9d\u00e9ration, exprimant une pr\u00e9occupation majeure concernant la transparence et l&rsquo;\u00e9thique sportive. Le document met en lumi\u00e8re des pratiques aussi graves que dangereuses pour le sport national. \u00ab\u00a0Toute forme de manipulation de matchs en \u00e9change de privil\u00e8ges constitue une violation grave des principes \u00e9thiques et de la transparence\u00a0\u00bb, mart\u00e8le la FABB, d\u00e9termin\u00e9e \u00e0 prot\u00e9ger l&rsquo;int\u00e9grit\u00e9 de la discipline. Les dirigeants f\u00e9d\u00e9raux ont clairement annonc\u00e9 la couleur : les contrevenants seront sanctionn\u00e9s sans \u00e9tat d&rsquo;\u00e2me. Les menaces de sanctions sont particuli\u00e8rement explicites. \u00ab\u00a0Toute tentative de manipulation av\u00e9r\u00e9e entra\u00eenera des sanctions s\u00e9v\u00e8res pouvant aller jusqu&rsquo;\u00e0 la r\u00e9trogradation des clubs impliqu\u00e9s\u00a0\u00bb, pr\u00e9vient le communiqu\u00e9, sans exclure d&rsquo;\u00e9ventuelles poursuites judiciaires. Un avertissement sans \u00e9quivoque qui vise \u00e0 dissuader toute vell\u00e9it\u00e9 de triche ou de corruption dans le basketball alg\u00e9rien. Les arbitres sont \u00e9galement mis \u00e0 contribution dans cette bataille contre les pratiques antisportives. La f\u00e9d\u00e9ration les appelle \u00e0 redoubler de vigilance, les d\u00e9signant comme \u00ab\u00a0les garants essentiels de l&rsquo;application stricte des r\u00e8gles et de la lutte contre toutes les formes de corruption et de manipulation\u00a0\u00bb. Un r\u00f4le crucial qui leur conf\u00e8re une responsabilit\u00e9 majeure dans la pr\u00e9servation de l&rsquo;\u00e9thique sportive. L&rsquo;engagement de la FABB est sans ambigu\u00eft\u00e9 : \u00ab\u00a0Nous sommes d\u00e9termin\u00e9s \u00e0 pr\u00e9server la cr\u00e9dibilit\u00e9 et l&rsquo;honneur de nos comp\u00e9titions\u00a0\u00bb. Cette d\u00e9claration r\u00e9sonne comme un manifeste contre toute forme de d\u00e9voiement du sport, r\u00e9affirmant les valeurs fondamentales du basketball : respect, int\u00e9grit\u00e9 et fair-play.<\/p>\n\n\n\n<p>La f\u00e9d\u00e9ration lance un appel solennel \u00e0 la responsabilit\u00e9 collective, invitant clubs, joueurs, entra\u00eeneurs et arbitres \u00e0 se mobiliser pour \u00ab\u00a0garantir la confiance du public\u00a0\u00bb. Les enjeux d\u00e9passent largement le cadre sportif. Il s&rsquo;agit de pr\u00e9server l&rsquo;image d&rsquo;un sport propre, capable de transmettre des valeurs positives \u00e0 la jeunesse. \u00ab\u00a0Nous esp\u00e9rons votre coop\u00e9ration et votre engagement pour assurer la continuit\u00e9 de notre sport et maintenir la confiance du public\u00a0\u00bb, conclut le communiqu\u00e9, transformant ce qui pourrait n&rsquo;\u00eatre qu&rsquo;un simple texte r\u00e9glementaire en un v\u00e9ritable manifeste \u00e9thique. La FABB entend ainsi marquer un tournant d\u00e9cisif dans la gouvernance du basketball national, en faisant de la transparence et de l&rsquo;int\u00e9grit\u00e9 ses priorit\u00e9s absolues. Un message fort qui devrait r\u00e9sonner bien au-del\u00e0 des terrains de jeu.<\/p>\n\n\n\n<p>Moncef D.<\/p>\n","protected":false},"excerpt":{"rendered":"<p>La F\u00e9d\u00e9ration alg\u00e9rienne de basketball (FABB) a d\u00e9cid\u00e9 de s\u00e9vir contre les tentatives de manipulation des r\u00e9sultats sportifs. Dans un<\/p>\n","protected":false},"author":6,"featured_media":59219,"comment_status":"open","ping_status":"closed","sticky":false,"template":"","format":"standard","meta":{"colormag_page_container_layout":"default_layout","colormag_page_sidebar_layout":"default_layout","om_disable_all_campaigns":false,"_monsterinsights_skip_tracking":false,"_monsterinsights_sitenote_active":false,"_monsterinsights_sitenote_note":"","_monsterinsights_sitenote_category":0,"footnotes":"","_wpscppro_dont_share_socialmedia":false,"_wpscppro_custom_social_share_image":0,"_facebook_share_type":"default","_twitter_share_type":"default","_linkedin_share_type":"default","_pinterest_share_type":"default","_linkedin_share_type_page":"","_instagram_share_type":"default","_medium_share_type":"default","_threads_share_type":"","_google_business_share_type":"","_selected_social_profile":[],"_wpsp_enable_custom_social_template":false,"_wpsp_social_scheduling":{"enabled":false,"datetime":null,"platforms":[],"status":"template_only","dateOption":"today","timeOption":"now","customDays":"","customHours":"","customDate":"","customTime":"","schedulingType":"absolute"},"_wpsp_active_default_template":true},"categories":[33],"tags":[],"class_list":["post-64862","post","type-post","status-publish","format-standard","has-post-thumbnail","hentry","category-sports"],"aioseo_notices":[],"yoast_head":"<!-- This site is optimized with the Yoast SEO plugin v27.5 - https:\/\/yoast.com\/product\/yoast-seo-wordpress\/ -->\n<title>Manipulation de matchs : La FABB hausse le ton contre les pratiques antisportives - La Sentinelle<\/title>\n<meta name=\"robots\" content=\"index, follow, max-snippet:-1, max-image-preview:large, max-video-preview:-1\" \/>\n<link rel=\"canonical\" href=\"https:\/\/lasentinelle.dz\/index.php\/2025\/03\/26\/manipulation-de-matchs-la-fabb-hausse-le-ton-contre-les-pratiques-antisportives\/\" \/>\n<meta property=\"og:locale\" content=\"fr_FR\" \/>\n<meta property=\"og:type\" content=\"article\" \/>\n<meta property=\"og:title\" content=\"Manipulation de matchs : La FABB hausse le ton contre les pratiques antisportives - La Sentinelle\" \/>\n<meta property=\"og:description\" content=\"La F\u00e9d\u00e9ration alg\u00e9rienne de basketball (FABB) a d\u00e9cid\u00e9 de s\u00e9vir contre les tentatives de manipulation des r\u00e9sultats sportifs. Dans un\" \/>\n<meta property=\"og:url\" content=\"https:\/\/lasentinelle.dz\/index.php\/2025\/03\/26\/manipulation-de-matchs-la-fabb-hausse-le-ton-contre-les-pratiques-antisportives\/\" \/>\n<meta property=\"og:site_name\" content=\"La Sentinelle\" \/>\n<meta property=\"article:publisher\" content=\"https:\/\/www.facebook.com\/La-Sentinelle-104059864394773\" \/>\n<meta property=\"article:published_time\" content=\"2025-03-26T11:00:25+00:00\" \/>\n<meta property=\"article:modified_time\" content=\"2025-03-26T11:00:26+00:00\" \/>\n<meta property=\"og:image\" content=\"https:\/\/lasentinelle.dz\/wp-content\/uploads\/2024\/11\/basket.jpeg\" \/>\n\t<meta property=\"og:image:width\" content=\"300\" \/>\n\t<meta property=\"og:image:height\" content=\"168\" \/>\n\t<meta property=\"og:image:type\" content=\"image\/jpeg\" \/>\n<meta name=\"author\" content=\"admin\" \/>\n<meta name=\"twitter:card\" content=\"summary_large_image\" \/>\n<meta name=\"twitter:label1\" content=\"\u00c9crit par\" \/>\n\t<meta name=\"twitter:data1\" content=\"admin\" \/>\n\t<meta name=\"twitter:label2\" content=\"Dur\u00e9e de lecture estim\u00e9e\" \/>\n\t<meta name=\"twitter:data2\" content=\"3 minutes\" \/>\n<script type=\"application\/ld+json\" class=\"yoast-schema-graph\">{\"@context\":\"https:\\\/\\\/schema.org\",\"@graph\":[{\"@type\":\"Article\",\"@id\":\"https:\\\/\\\/lasentinelle.dz\\\/index.php\\\/2025\\\/03\\\/26\\\/manipulation-de-matchs-la-fabb-hausse-le-ton-contre-les-pratiques-antisportives\\\/#article\",\"isPartOf\":{\"@id\":\"https:\\\/\\\/lasentinelle.dz\\\/index.php\\\/2025\\\/03\\\/26\\\/manipulation-de-matchs-la-fabb-hausse-le-ton-contre-les-pratiques-antisportives\\\/\"},\"author\":{\"name\":\"admin\",\"@id\":\"https:\\\/\\\/lasentinelle.dz\\\/#\\\/schema\\\/person\\\/729ee0024f24e0b8c5ec17232f8e8b41\"},\"headline\":\"Manipulation de matchs : La FABB hausse le ton contre les pratiques antisportives\",\"datePublished\":\"2025-03-26T11:00:25+00:00\",\"dateModified\":\"2025-03-26T11:00:26+00:00\",\"mainEntityOfPage\":{\"@id\":\"https:\\\/\\\/lasentinelle.dz\\\/index.php\\\/2025\\\/03\\\/26\\\/manipulation-de-matchs-la-fabb-hausse-le-ton-contre-les-pratiques-antisportives\\\/\"},\"wordCount\":510,\"commentCount\":0,\"publisher\":{\"@id\":\"https:\\\/\\\/lasentinelle.dz\\\/#organization\"},\"image\":{\"@id\":\"https:\\\/\\\/lasentinelle.dz\\\/index.php\\\/2025\\\/03\\\/26\\\/manipulation-de-matchs-la-fabb-hausse-le-ton-contre-les-pratiques-antisportives\\\/#primaryimage\"},\"thumbnailUrl\":\"https:\\\/\\\/lasentinelle.dz\\\/wp-content\\\/uploads\\\/2024\\\/11\\\/basket.jpeg\",\"articleSection\":[\"Sports\"],\"inLanguage\":\"fr-FR\",\"potentialAction\":[{\"@type\":\"CommentAction\",\"name\":\"Comment\",\"target\":[\"https:\\\/\\\/lasentinelle.dz\\\/index.php\\\/2025\\\/03\\\/26\\\/manipulation-de-matchs-la-fabb-hausse-le-ton-contre-les-pratiques-antisportives\\\/#respond\"]}]},{\"@type\":\"WebPage\",\"@id\":\"https:\\\/\\\/lasentinelle.dz\\\/index.php\\\/2025\\\/03\\\/26\\\/manipulation-de-matchs-la-fabb-hausse-le-ton-contre-les-pratiques-antisportives\\\/\",\"url\":\"https:\\\/\\\/lasentinelle.dz\\\/index.php\\\/2025\\\/03\\\/26\\\/manipulation-de-matchs-la-fabb-hausse-le-ton-contre-les-pratiques-antisportives\\\/\",\"name\":\"Manipulation de matchs : La FABB hausse le ton contre les pratiques antisportives - La Sentinelle\",\"isPartOf\":{\"@id\":\"https:\\\/\\\/lasentinelle.dz\\\/#website\"},\"primaryImageOfPage\":{\"@id\":\"https:\\\/\\\/lasentinelle.dz\\\/index.php\\\/2025\\\/03\\\/26\\\/manipulation-de-matchs-la-fabb-hausse-le-ton-contre-les-pratiques-antisportives\\\/#primaryimage\"},\"image\":{\"@id\":\"https:\\\/\\\/lasentinelle.dz\\\/index.php\\\/2025\\\/03\\\/26\\\/manipulation-de-matchs-la-fabb-hausse-le-ton-contre-les-pratiques-antisportives\\\/#primaryimage\"},\"thumbnailUrl\":\"https:\\\/\\\/lasentinelle.dz\\\/wp-content\\\/uploads\\\/2024\\\/11\\\/basket.jpeg\",\"datePublished\":\"2025-03-26T11:00:25+00:00\",\"dateModified\":\"2025-03-26T11:00:26+00:00\",\"breadcrumb\":{\"@id\":\"https:\\\/\\\/lasentinelle.dz\\\/index.php\\\/2025\\\/03\\\/26\\\/manipulation-de-matchs-la-fabb-hausse-le-ton-contre-les-pratiques-antisportives\\\/#breadcrumb\"},\"inLanguage\":\"fr-FR\",\"potentialAction\":[{\"@type\":\"ReadAction\",\"target\":[\"https:\\\/\\\/lasentinelle.dz\\\/index.php\\\/2025\\\/03\\\/26\\\/manipulation-de-matchs-la-fabb-hausse-le-ton-contre-les-pratiques-antisportives\\\/\"]}]},{\"@type\":\"ImageObject\",\"inLanguage\":\"fr-FR\",\"@id\":\"https:\\\/\\\/lasentinelle.dz\\\/index.php\\\/2025\\\/03\\\/26\\\/manipulation-de-matchs-la-fabb-hausse-le-ton-contre-les-pratiques-antisportives\\\/#primaryimage\",\"url\":\"https:\\\/\\\/lasentinelle.dz\\\/wp-content\\\/uploads\\\/2024\\\/11\\\/basket.jpeg\",\"contentUrl\":\"https:\\\/\\\/lasentinelle.dz\\\/wp-content\\\/uploads\\\/2024\\\/11\\\/basket.jpeg\",\"width\":300,\"height\":168},{\"@type\":\"BreadcrumbList\",\"@id\":\"https:\\\/\\\/lasentinelle.dz\\\/index.php\\\/2025\\\/03\\\/26\\\/manipulation-de-matchs-la-fabb-hausse-le-ton-contre-les-pratiques-antisportives\\\/#breadcrumb\",\"itemListElement\":[{\"@type\":\"ListItem\",\"position\":1,\"name\":\"Accueil\",\"item\":\"https:\\\/\\\/lasentinelle.dz\\\/\"},{\"@type\":\"ListItem\",\"position\":2,\"name\":\"Manipulation de matchs : La FABB hausse le ton contre les pratiques antisportives\"}]},{\"@type\":\"WebSite\",\"@id\":\"https:\\\/\\\/lasentinelle.dz\\\/#website\",\"url\":\"https:\\\/\\\/lasentinelle.dz\\\/\",\"name\":\"La Sentinelle\",\"description\":\"Quotidien national d&#039;information\",\"publisher\":{\"@id\":\"https:\\\/\\\/lasentinelle.dz\\\/#organization\"},\"potentialAction\":[{\"@type\":\"SearchAction\",\"target\":{\"@type\":\"EntryPoint\",\"urlTemplate\":\"https:\\\/\\\/lasentinelle.dz\\\/?s={search_term_string}\"},\"query-input\":{\"@type\":\"PropertyValueSpecification\",\"valueRequired\":true,\"valueName\":\"search_term_string\"}}],\"inLanguage\":\"fr-FR\"},{\"@type\":\"Organization\",\"@id\":\"https:\\\/\\\/lasentinelle.dz\\\/#organization\",\"name\":\"Quotidien La Sentinelle\",\"url\":\"https:\\\/\\\/lasentinelle.dz\\\/\",\"logo\":{\"@type\":\"ImageObject\",\"inLanguage\":\"fr-FR\",\"@id\":\"https:\\\/\\\/lasentinelle.dz\\\/#\\\/schema\\\/logo\\\/image\\\/\",\"url\":\"https:\\\/\\\/lasentinelle.dz\\\/wp-content\\\/uploads\\\/2021\\\/09\\\/logo-sentinelleSLOGAN-1.png\",\"contentUrl\":\"https:\\\/\\\/lasentinelle.dz\\\/wp-content\\\/uploads\\\/2021\\\/09\\\/logo-sentinelleSLOGAN-1.png\",\"width\":615,\"height\":142,\"caption\":\"Quotidien La Sentinelle\"},\"image\":{\"@id\":\"https:\\\/\\\/lasentinelle.dz\\\/#\\\/schema\\\/logo\\\/image\\\/\"},\"sameAs\":[\"https:\\\/\\\/www.facebook.com\\\/La-Sentinelle-104059864394773\"]},{\"@type\":\"Person\",\"@id\":\"https:\\\/\\\/lasentinelle.dz\\\/#\\\/schema\\\/person\\\/729ee0024f24e0b8c5ec17232f8e8b41\",\"name\":\"admin\",\"image\":{\"@type\":\"ImageObject\",\"inLanguage\":\"fr-FR\",\"@id\":\"https:\\\/\\\/secure.gravatar.com\\\/avatar\\\/4c81fed838786e9b53f540bf46533e750f5d292099ae3b66cfc6fb1982e29df7?s=96&d=mm&r=g\",\"url\":\"https:\\\/\\\/secure.gravatar.com\\\/avatar\\\/4c81fed838786e9b53f540bf46533e750f5d292099ae3b66cfc6fb1982e29df7?s=96&d=mm&r=g\",\"contentUrl\":\"https:\\\/\\\/secure.gravatar.com\\\/avatar\\\/4c81fed838786e9b53f540bf46533e750f5d292099ae3b66cfc6fb1982e29df7?s=96&d=mm&r=g\",\"caption\":\"admin\"},\"description\":\"admin\",\"url\":\"https:\\\/\\\/lasentinelle.dz\\\/author\\\/admin\\\/\"}]}<\/script>\n<!-- \/ Yoast SEO plugin. -->","yoast_head_json":{"title":"Manipulation de matchs : La FABB hausse le ton contre les pratiques antisportives - La Sentinelle","robots":{"index":"index","follow":"follow","max-snippet":"max-snippet:-1","max-image-preview":"max-image-preview:large","max-video-preview":"max-video-preview:-1"},"canonical":"https:\/\/lasentinelle.dz\/index.php\/2025\/03\/26\/manipulation-de-matchs-la-fabb-hausse-le-ton-contre-les-pratiques-antisportives\/","og_locale":"fr_FR","og_type":"article","og_title":"Manipulation de matchs : La FABB hausse le ton contre les pratiques antisportives - La Sentinelle","og_description":"La F\u00e9d\u00e9ration alg\u00e9rienne de basketball (FABB) a d\u00e9cid\u00e9 de s\u00e9vir contre les tentatives de manipulation des r\u00e9sultats sportifs. Dans un","og_url":"https:\/\/lasentinelle.dz\/index.php\/2025\/03\/26\/manipulation-de-matchs-la-fabb-hausse-le-ton-contre-les-pratiques-antisportives\/","og_site_name":"La Sentinelle","article_publisher":"https:\/\/www.facebook.com\/La-Sentinelle-104059864394773","article_published_time":"2025-03-26T11:00:25+00:00","article_modified_time":"2025-03-26T11:00:26+00:00","og_image":[{"width":300,"height":168,"url":"https:\/\/lasentinelle.dz\/wp-content\/uploads\/2024\/11\/basket.jpeg","type":"image\/jpeg"}],"author":"admin","twitter_card":"summary_large_image","twitter_misc":{"\u00c9crit par":"admin","Dur\u00e9e de lecture estim\u00e9e":"3 minutes"},"schema":{"@context":"https:\/\/schema.org","@graph":[{"@type":"Article","@id":"https:\/\/lasentinelle.dz\/index.php\/2025\/03\/26\/manipulation-de-matchs-la-fabb-hausse-le-ton-contre-les-pratiques-antisportives\/#article","isPartOf":{"@id":"https:\/\/lasentinelle.dz\/index.php\/2025\/03\/26\/manipulation-de-matchs-la-fabb-hausse-le-ton-contre-les-pratiques-antisportives\/"},"author":{"name":"admin","@id":"https:\/\/lasentinelle.dz\/#\/schema\/person\/729ee0024f24e0b8c5ec17232f8e8b41"},"headline":"Manipulation de matchs : La FABB hausse le ton contre les pratiques antisportives","datePublished":"2025-03-26T11:00:25+00:00","dateModified":"2025-03-26T11:00:26+00:00","mainEntityOfPage":{"@id":"https:\/\/lasentinelle.dz\/index.php\/2025\/03\/26\/manipulation-de-matchs-la-fabb-hausse-le-ton-contre-les-pratiques-antisportives\/"},"wordCount":510,"commentCount":0,"publisher":{"@id":"https:\/\/lasentinelle.dz\/#organization"},"image":{"@id":"https:\/\/lasentinelle.dz\/index.php\/2025\/03\/26\/manipulation-de-matchs-la-fabb-hausse-le-ton-contre-les-pratiques-antisportives\/#primaryimage"},"thumbnailUrl":"https:\/\/lasentinelle.dz\/wp-content\/uploads\/2024\/11\/basket.jpeg","articleSection":["Sports"],"inLanguage":"fr-FR","potentialAction":[{"@type":"CommentAction","name":"Comment","target":["https:\/\/lasentinelle.dz\/index.php\/2025\/03\/26\/manipulation-de-matchs-la-fabb-hausse-le-ton-contre-les-pratiques-antisportives\/#respond"]}]},{"@type":"WebPage","@id":"https:\/\/lasentinelle.dz\/index.php\/2025\/03\/26\/manipulation-de-matchs-la-fabb-hausse-le-ton-contre-les-pratiques-antisportives\/","url":"https:\/\/lasentinelle.dz\/index.php\/2025\/03\/26\/manipulation-de-matchs-la-fabb-hausse-le-ton-contre-les-pratiques-antisportives\/","name":"Manipulation de matchs : La FABB hausse le ton contre les pratiques antisportives - La Sentinelle","isPartOf":{"@id":"https:\/\/lasentinelle.dz\/#website"},"primaryImageOfPage":{"@id":"https:\/\/lasentinelle.dz\/index.php\/2025\/03\/26\/manipulation-de-matchs-la-fabb-hausse-le-ton-contre-les-pratiques-antisportives\/#primaryimage"},"image":{"@id":"https:\/\/lasentinelle.dz\/index.php\/2025\/03\/26\/manipulation-de-matchs-la-fabb-hausse-le-ton-contre-les-pratiques-antisportives\/#primaryimage"},"thumbnailUrl":"https:\/\/lasentinelle.dz\/wp-content\/uploads\/2024\/11\/basket.jpeg","datePublished":"2025-03-26T11:00:25+00:00","dateModified":"2025-03-26T11:00:26+00:00","breadcrumb":{"@id":"https:\/\/lasentinelle.dz\/index.php\/2025\/03\/26\/manipulation-de-matchs-la-fabb-hausse-le-ton-contre-les-pratiques-antisportives\/#breadcrumb"},"inLanguage":"fr-FR","potentialAction":[{"@type":"ReadAction","target":["https:\/\/lasentinelle.dz\/index.php\/2025\/03\/26\/manipulation-de-matchs-la-fabb-hausse-le-ton-contre-les-pratiques-antisportives\/"]}]},{"@type":"ImageObject","inLanguage":"fr-FR","@id":"https:\/\/lasentinelle.dz\/index.php\/2025\/03\/26\/manipulation-de-matchs-la-fabb-hausse-le-ton-contre-les-pratiques-antisportives\/#primaryimage","url":"https:\/\/lasentinelle.dz\/wp-content\/uploads\/2024\/11\/basket.jpeg","contentUrl":"https:\/\/lasentinelle.dz\/wp-content\/uploads\/2024\/11\/basket.jpeg","width":300,"height":168},{"@type":"BreadcrumbList","@id":"https:\/\/lasentinelle.dz\/index.php\/2025\/03\/26\/manipulation-de-matchs-la-fabb-hausse-le-ton-contre-les-pratiques-antisportives\/#breadcrumb","itemListElement":[{"@type":"ListItem","position":1,"name":"Accueil","item":"https:\/\/lasentinelle.dz\/"},{"@type":"ListItem","position":2,"name":"Manipulation de matchs : La FABB hausse le ton contre les pratiques antisportives"}]},{"@type":"WebSite","@id":"https:\/\/lasentinelle.dz\/#website","url":"https:\/\/lasentinelle.dz\/","name":"La Sentinelle","description":"Quotidien national d&#039;information","publisher":{"@id":"https:\/\/lasentinelle.dz\/#organization"},"potentialAction":[{"@type":"SearchAction","target":{"@type":"EntryPoint","urlTemplate":"https:\/\/lasentinelle.dz\/?s={search_term_string}"},"query-input":{"@type":"PropertyValueSpecification","valueRequired":true,"valueName":"search_term_string"}}],"inLanguage":"fr-FR"},{"@type":"Organization","@id":"https:\/\/lasentinelle.dz\/#organization","name":"Quotidien La Sentinelle","url":"https:\/\/lasentinelle.dz\/","logo":{"@type":"ImageObject","inLanguage":"fr-FR","@id":"https:\/\/lasentinelle.dz\/#\/schema\/logo\/image\/","url":"https:\/\/lasentinelle.dz\/wp-content\/uploads\/2021\/09\/logo-sentinelleSLOGAN-1.png","contentUrl":"https:\/\/lasentinelle.dz\/wp-content\/uploads\/2021\/09\/logo-sentinelleSLOGAN-1.png","width":615,"height":142,"caption":"Quotidien La Sentinelle"},"image":{"@id":"https:\/\/lasentinelle.dz\/#\/schema\/logo\/image\/"},"sameAs":["https:\/\/www.facebook.com\/La-Sentinelle-104059864394773"]},{"@type":"Person","@id":"https:\/\/lasentinelle.dz\/#\/schema\/person\/729ee0024f24e0b8c5ec17232f8e8b41","name":"admin","image":{"@type":"ImageObject","inLanguage":"fr-FR","@id":"https:\/\/secure.gravatar.com\/avatar\/4c81fed838786e9b53f540bf46533e750f5d292099ae3b66cfc6fb1982e29df7?s=96&d=mm&r=g","url":"https:\/\/secure.gravatar.com\/avatar\/4c81fed838786e9b53f540bf46533e750f5d292099ae3b66cfc6fb1982e29df7?s=96&d=mm&r=g","contentUrl":"https:\/\/secure.gravatar.com\/avatar\/4c81fed838786e9b53f540bf46533e750f5d292099ae3b66cfc6fb1982e29df7?s=96&d=mm&r=g","caption":"admin"},"description":"admin","url":"https:\/\/lasentinelle.dz\/author\/admin\/"}]}},"_links":{"self":[{"href":"https:\/\/lasentinelle.dz\/index.php\/wp-json\/wp\/v2\/posts\/64862","targetHints":{"allow":["GET"]}}],"collection":[{"href":"https:\/\/lasentinelle.dz\/index.php\/wp-json\/wp\/v2\/posts"}],"about":[{"href":"https:\/\/lasentinelle.dz\/index.php\/wp-json\/wp\/v2\/types\/post"}],"author":[{"embeddable":true,"href":"https:\/\/lasentinelle.dz\/index.php\/wp-json\/wp\/v2\/users\/6"}],"replies":[{"embeddable":true,"href":"https:\/\/lasentinelle.dz\/index.php\/wp-json\/wp\/v2\/comments?post=64862"}],"version-history":[{"count":1,"href":"https:\/\/lasentinelle.dz\/index.php\/wp-json\/wp\/v2\/posts\/64862\/revisions"}],"predecessor-version":[{"id":64863,"href":"https:\/\/lasentinelle.dz\/index.php\/wp-json\/wp\/v2\/posts\/64862\/revisions\/64863"}],"wp:featuredmedia":[{"embeddable":true,"href":"https:\/\/lasentinelle.dz\/index.php\/wp-json\/wp\/v2\/media\/59219"}],"wp:attachment":[{"href":"https:\/\/lasentinelle.dz\/index.php\/wp-json\/wp\/v2\/media?parent=64862"}],"wp:term":[{"taxonomy":"category","embeddable":true,"href":"https:\/\/lasentinelle.dz\/index.php\/wp-json\/wp\/v2\/categories?post=64862"},{"taxonomy":"post_tag","embeddable":true,"href":"https:\/\/lasentinelle.dz\/index.php\/wp-json\/wp\/v2\/tags?post=64862"}],"curies":[{"name":"wp","href":"https:\/\/api.w.org\/{rel}","templated":true}]}}