{"id":649,"date":"2021-02-25T10:39:00","date_gmt":"2021-02-25T09:39:00","guid":{"rendered":"https:\/\/lasentinelle.dz\/?p=649"},"modified":"2021-02-25T16:53:42","modified_gmt":"2021-02-25T15:53:42","slug":"complexe-sider-el-hadjar-la-grogne-des-siderurgistes","status":"publish","type":"post","link":"https:\/\/lasentinelle.dz\/index.php\/2021\/02\/25\/complexe-sider-el-hadjar-la-grogne-des-siderurgistes\/","title":{"rendered":"<strong>Complexe Sider El Hadjar: La grogne des sid\u00e9rurgistes<\/strong>"},"content":{"rendered":"\n<p><\/p>\n\n\n\n<p>Que se passe-t-il au complexe sid\u00e9rurgique d\u2019El Hadjar, o\u00f9 le syndicat d\u2019entreprise s\u2019est engag\u00e9 \u00e0 d\u00e9fendre la stabilit\u00e9 du complexe ?<\/p>\n\n\n\n<p>Moins d\u2019une semaine apr\u00e8s la tenue de la r\u00e9union d\u2019\u00e9valuation des activit\u00e9s du complexe, et lors de laquelle le bureau syndical du complexe Sider a confirm\u00e9 son engagement \u00e0 veiller \u00e0 la pr\u00e9servation de la stabilit\u00e9 du complexe, voil\u00e0 que celui-ci, enregistre, depuis hier, les pr\u00e9mices d\u2019une tension \u00e0 priori bien orchestr\u00e9e.&nbsp; Sinon comment expliquer cette subite r\u00e9action de la masse salariale, qui fait \u00e9tat d\u2019un malaise end\u00e9mique. Pis encore, pourquoi avoir choisi ce timing pour d\u00e9noncer ce qu\u2019ils qualifient de \u00ab&nbsp;d\u00e9passements, de favoritisme dans le recrutement et certaines in\u00e9galit\u00e9s&nbsp;\u00bb, entre autres. Des interrogations surgissant&nbsp; au moment o\u00f9 le bureau syndical de l\u2019entreprise Sider \u0153uvre pour la pr\u00e9servation de la stabilit\u00e9 de l\u2019entit\u00e9. Il faut dire que, le climat tendu pr\u00e9valant depuis deux jours au sein du complexe, refl\u00e8te les pr\u00e9mices d\u2019une situation plut\u00f4t conflictuelle qui se profile \u00e0 l\u2019horizon. Puisque la masse salariale semble avoir r\u00e9pondu \u00e0 un mot d\u2019ordre pour d\u00e9noncer certains faits, dont la saign\u00e9e \u00e0 blanc des fonds du complexe. \u00ab Des fonds vers\u00e9s pour certains responsables retrait\u00e9s toujours en exercice\u00a0\u00bb, ont r\u00e9v\u00e9l\u00e9 des sid\u00e9rurgistes. Selon nos interlocuteurs,\u00a0\u00bb ces salaires faramineux sont puis\u00e9s des fonds du complexe \u00ab\u00a0. Des salaires, nous r\u00e9v\u00e8le- t-on \u00e0 hauteur de \u00ab\u00a010 millions de centimes par mois, per\u00e7u par le premier responsable du complexe, ainsi que les retrait\u00e9s qu\u2019il a lui-m\u00eame recrut\u00e9s\u00a0\u00bb. Un salaire que des cadres de l\u2019entreprise hautement qualifi\u00e9s, ne per\u00e7oivent pas, ont soulign\u00e9 les m\u00eames interlocuteurs.&nbsp; Au-del\u00e0, ces derniers ont fait \u00e9tat, voire d\u00e9nonc\u00e9 \u00a0\u00bb l\u2019attribution d\u2019indu-avantages \u00ab\u00a0, pendant que, des entreprises, relevant du groupe Sider, tel le complexe El Hadjar, l\u2019SGS et l\u2019ISGA entre autres, ont besoin de tous les fonds pour amorcer une vraie relance de leurs activit\u00e9s.. Nos sources d\u00e9noncent \u00e9galement la politique des recrutements.&nbsp; Un segment qui, convient-il de le souligner, a de tous temps, \u00e9t\u00e9 facteur de tension pour le complexe Sider\/ Annaba. Le processus de recrutement dans cette entit\u00e9 \u00e9conomique serait \u00ab&nbsp;entach\u00e9 de d\u00e9passements&nbsp;\u00bb. Selon les m\u00eames sources, \u00ab&nbsp;les seuls crit\u00e8res de recrutements sont le favoritisme et liens de parent\u00e9.&nbsp;\u00bb \u00a0\u00bb Pour pr\u00e9tendre \u00e0 un poste dans l\u2019usine, il faut avoir une connaissance ou un lien de parent\u00e9 avec, un quelconque responsable&nbsp; ou une personne influente&nbsp; dans l\u2019usine\u00a0\u00bb, ont&nbsp; d\u00e9nonc\u00e9 avec un grand regret, nos interlocuteurs. Ces derniers sont all\u00e9s jusqu&rsquo;\u00e0 soulever une situation qu&rsquo;ils ont qualifi\u00e9 d\u2019intrigante, celle relative au cumul de fonctions. Mettant \u00e0 l\u2019index en ce sens, la double fonction d&rsquo;un responsable de la direction du complexe Sider Annaba, ils ont r\u00e9v\u00e9l\u00e9 la d\u00e9signation r\u00e9cente de cet administrateur (\u2026) dans le groupe Mazouz, alors qu\u2019il serait, selon les propos de nos interlocuteurs, \u00ab&nbsp;du suivi et du d\u00e9veloppement un poste sensible et important dans la direction du complexe \u00ab\u00a0. \u00c9voquant le volet des march\u00e9s, les m\u00eames sources, ont fait savoir qu\u2019 \u00ab\u00a0il y\u2019a plusieurs march\u00e9s n\u00e9cessitant un contr\u00f4le et v\u00e9rification\u00a0\u00bb, surtout que les entreprises relevant du groupe Sider croulent sous le poids des dettes, en raisons des passifs financiers, \u00e0 l\u2019image du complexe d\u2019El Hadjar\/Annaba. Ces pr\u00e9sum\u00e9s faits et bien d\u2019autres sont, semble-t-il, \u00e0 l\u2019origine de la grogne de la masse salariale.<\/p>\n\n\n\n<p><strong>Sofia Chahine<\/strong><\/p>\n","protected":false},"excerpt":{"rendered":"<p>Que se passe-t-il au complexe sid\u00e9rurgique d\u2019El Hadjar, o\u00f9 le syndicat d\u2019entreprise s\u2019est engag\u00e9 \u00e0 d\u00e9fendre la stabilit\u00e9 du complexe<\/p>\n","protected":false},"author":3,"featured_media":654,"comment_status":"open","ping_status":"closed","sticky":false,"template":"","format":"standard","meta":{"colormag_page_container_layout":"default_layout","colormag_page_sidebar_layout":"default_layout","om_disable_all_campaigns":false,"_monsterinsights_skip_tracking":false,"_monsterinsights_sitenote_active":false,"_monsterinsights_sitenote_note":"","_monsterinsights_sitenote_category":0,"footnotes":"","_wpscppro_dont_share_socialmedia":false,"_wpscppro_custom_social_share_image":0,"_facebook_share_type":"","_twitter_share_type":"","_linkedin_share_type":"","_pinterest_share_type":"","_linkedin_share_type_page":"","_instagram_share_type":"","_medium_share_type":"","_threads_share_type":"","_google_business_share_type":"","_selected_social_profile":[],"_wpsp_enable_custom_social_template":false,"_wpsp_social_scheduling":{"enabled":false,"datetime":null,"platforms":[],"status":"template_only","dateOption":"today","timeOption":"now","customDays":"","customHours":"","customDate":"","customTime":"","schedulingType":"absolute"},"_wpsp_active_default_template":true},"categories":[29],"tags":[],"class_list":["post-649","post","type-post","status-publish","format-standard","has-post-thumbnail","hentry","category-economie"],"aioseo_notices":[],"yoast_head":"<!-- This site is optimized with the Yoast SEO plugin v27.5 - https:\/\/yoast.com\/product\/yoast-seo-wordpress\/ -->\n<title>Complexe Sider El Hadjar: La grogne des sid\u00e9rurgistes - La Sentinelle<\/title>\n<meta name=\"robots\" content=\"index, follow, max-snippet:-1, max-image-preview:large, max-video-preview:-1\" \/>\n<link rel=\"canonical\" href=\"https:\/\/lasentinelle.dz\/index.php\/2021\/02\/25\/complexe-sider-el-hadjar-la-grogne-des-siderurgistes\/\" \/>\n<meta property=\"og:locale\" content=\"fr_FR\" \/>\n<meta property=\"og:type\" content=\"article\" \/>\n<meta property=\"og:title\" content=\"Complexe Sider El Hadjar: La grogne des sid\u00e9rurgistes - La Sentinelle\" \/>\n<meta property=\"og:description\" content=\"Que se passe-t-il au complexe sid\u00e9rurgique d\u2019El Hadjar, o\u00f9 le syndicat d\u2019entreprise s\u2019est engag\u00e9 \u00e0 d\u00e9fendre la stabilit\u00e9 du complexe\" \/>\n<meta property=\"og:url\" content=\"https:\/\/lasentinelle.dz\/index.php\/2021\/02\/25\/complexe-sider-el-hadjar-la-grogne-des-siderurgistes\/\" \/>\n<meta property=\"og:site_name\" content=\"La Sentinelle\" \/>\n<meta property=\"article:publisher\" content=\"https:\/\/www.facebook.com\/La-Sentinelle-104059864394773\" \/>\n<meta property=\"article:published_time\" content=\"2021-02-25T09:39:00+00:00\" \/>\n<meta property=\"article:modified_time\" content=\"2021-02-25T15:53:42+00:00\" \/>\n<meta property=\"og:image\" content=\"https:\/\/lasentinelle.dz\/wp-content\/uploads\/2021\/02\/Hadjar.jpg\" \/>\n\t<meta property=\"og:image:width\" content=\"900\" \/>\n\t<meta property=\"og:image:height\" content=\"517\" \/>\n\t<meta property=\"og:image:type\" content=\"image\/jpeg\" \/>\n<meta name=\"author\" content=\"La Sentinelle\" \/>\n<meta name=\"twitter:card\" content=\"summary_large_image\" \/>\n<meta name=\"twitter:label1\" content=\"\u00c9crit par\" \/>\n\t<meta name=\"twitter:data1\" content=\"La Sentinelle\" \/>\n\t<meta name=\"twitter:label2\" content=\"Dur\u00e9e de lecture estim\u00e9e\" \/>\n\t<meta name=\"twitter:data2\" content=\"3 minutes\" \/>\n<script type=\"application\/ld+json\" class=\"yoast-schema-graph\">{\"@context\":\"https:\\\/\\\/schema.org\",\"@graph\":[{\"@type\":\"Article\",\"@id\":\"https:\\\/\\\/lasentinelle.dz\\\/index.php\\\/2021\\\/02\\\/25\\\/complexe-sider-el-hadjar-la-grogne-des-siderurgistes\\\/#article\",\"isPartOf\":{\"@id\":\"https:\\\/\\\/lasentinelle.dz\\\/index.php\\\/2021\\\/02\\\/25\\\/complexe-sider-el-hadjar-la-grogne-des-siderurgistes\\\/\"},\"author\":{\"name\":\"La Sentinelle\",\"@id\":\"https:\\\/\\\/lasentinelle.dz\\\/#\\\/schema\\\/person\\\/d865044e22e70a75174ce8bcad3acfb3\"},\"headline\":\"Complexe Sider El Hadjar: La grogne des sid\u00e9rurgistes\",\"datePublished\":\"2021-02-25T09:39:00+00:00\",\"dateModified\":\"2021-02-25T15:53:42+00:00\",\"mainEntityOfPage\":{\"@id\":\"https:\\\/\\\/lasentinelle.dz\\\/index.php\\\/2021\\\/02\\\/25\\\/complexe-sider-el-hadjar-la-grogne-des-siderurgistes\\\/\"},\"wordCount\":628,\"commentCount\":0,\"publisher\":{\"@id\":\"https:\\\/\\\/lasentinelle.dz\\\/#organization\"},\"image\":{\"@id\":\"https:\\\/\\\/lasentinelle.dz\\\/index.php\\\/2021\\\/02\\\/25\\\/complexe-sider-el-hadjar-la-grogne-des-siderurgistes\\\/#primaryimage\"},\"thumbnailUrl\":\"https:\\\/\\\/lasentinelle.dz\\\/wp-content\\\/uploads\\\/2021\\\/02\\\/Hadjar.jpg\",\"articleSection\":[\"\u00c9conomie\"],\"inLanguage\":\"fr-FR\",\"potentialAction\":[{\"@type\":\"CommentAction\",\"name\":\"Comment\",\"target\":[\"https:\\\/\\\/lasentinelle.dz\\\/index.php\\\/2021\\\/02\\\/25\\\/complexe-sider-el-hadjar-la-grogne-des-siderurgistes\\\/#respond\"]}]},{\"@type\":\"WebPage\",\"@id\":\"https:\\\/\\\/lasentinelle.dz\\\/index.php\\\/2021\\\/02\\\/25\\\/complexe-sider-el-hadjar-la-grogne-des-siderurgistes\\\/\",\"url\":\"https:\\\/\\\/lasentinelle.dz\\\/index.php\\\/2021\\\/02\\\/25\\\/complexe-sider-el-hadjar-la-grogne-des-siderurgistes\\\/\",\"name\":\"Complexe Sider El Hadjar: La grogne des sid\u00e9rurgistes - La Sentinelle\",\"isPartOf\":{\"@id\":\"https:\\\/\\\/lasentinelle.dz\\\/#website\"},\"primaryImageOfPage\":{\"@id\":\"https:\\\/\\\/lasentinelle.dz\\\/index.php\\\/2021\\\/02\\\/25\\\/complexe-sider-el-hadjar-la-grogne-des-siderurgistes\\\/#primaryimage\"},\"image\":{\"@id\":\"https:\\\/\\\/lasentinelle.dz\\\/index.php\\\/2021\\\/02\\\/25\\\/complexe-sider-el-hadjar-la-grogne-des-siderurgistes\\\/#primaryimage\"},\"thumbnailUrl\":\"https:\\\/\\\/lasentinelle.dz\\\/wp-content\\\/uploads\\\/2021\\\/02\\\/Hadjar.jpg\",\"datePublished\":\"2021-02-25T09:39:00+00:00\",\"dateModified\":\"2021-02-25T15:53:42+00:00\",\"breadcrumb\":{\"@id\":\"https:\\\/\\\/lasentinelle.dz\\\/index.php\\\/2021\\\/02\\\/25\\\/complexe-sider-el-hadjar-la-grogne-des-siderurgistes\\\/#breadcrumb\"},\"inLanguage\":\"fr-FR\",\"potentialAction\":[{\"@type\":\"ReadAction\",\"target\":[\"https:\\\/\\\/lasentinelle.dz\\\/index.php\\\/2021\\\/02\\\/25\\\/complexe-sider-el-hadjar-la-grogne-des-siderurgistes\\\/\"]}]},{\"@type\":\"ImageObject\",\"inLanguage\":\"fr-FR\",\"@id\":\"https:\\\/\\\/lasentinelle.dz\\\/index.php\\\/2021\\\/02\\\/25\\\/complexe-sider-el-hadjar-la-grogne-des-siderurgistes\\\/#primaryimage\",\"url\":\"https:\\\/\\\/lasentinelle.dz\\\/wp-content\\\/uploads\\\/2021\\\/02\\\/Hadjar.jpg\",\"contentUrl\":\"https:\\\/\\\/lasentinelle.dz\\\/wp-content\\\/uploads\\\/2021\\\/02\\\/Hadjar.jpg\",\"width\":900,\"height\":517},{\"@type\":\"BreadcrumbList\",\"@id\":\"https:\\\/\\\/lasentinelle.dz\\\/index.php\\\/2021\\\/02\\\/25\\\/complexe-sider-el-hadjar-la-grogne-des-siderurgistes\\\/#breadcrumb\",\"itemListElement\":[{\"@type\":\"ListItem\",\"position\":1,\"name\":\"Accueil\",\"item\":\"https:\\\/\\\/lasentinelle.dz\\\/\"},{\"@type\":\"ListItem\",\"position\":2,\"name\":\"Complexe Sider El Hadjar: La grogne des sid\u00e9rurgistes\"}]},{\"@type\":\"WebSite\",\"@id\":\"https:\\\/\\\/lasentinelle.dz\\\/#website\",\"url\":\"https:\\\/\\\/lasentinelle.dz\\\/\",\"name\":\"La Sentinelle\",\"description\":\"Quotidien national d&#039;information\",\"publisher\":{\"@id\":\"https:\\\/\\\/lasentinelle.dz\\\/#organization\"},\"potentialAction\":[{\"@type\":\"SearchAction\",\"target\":{\"@type\":\"EntryPoint\",\"urlTemplate\":\"https:\\\/\\\/lasentinelle.dz\\\/?s={search_term_string}\"},\"query-input\":{\"@type\":\"PropertyValueSpecification\",\"valueRequired\":true,\"valueName\":\"search_term_string\"}}],\"inLanguage\":\"fr-FR\"},{\"@type\":\"Organization\",\"@id\":\"https:\\\/\\\/lasentinelle.dz\\\/#organization\",\"name\":\"Quotidien La Sentinelle\",\"url\":\"https:\\\/\\\/lasentinelle.dz\\\/\",\"logo\":{\"@type\":\"ImageObject\",\"inLanguage\":\"fr-FR\",\"@id\":\"https:\\\/\\\/lasentinelle.dz\\\/#\\\/schema\\\/logo\\\/image\\\/\",\"url\":\"https:\\\/\\\/lasentinelle.dz\\\/wp-content\\\/uploads\\\/2021\\\/09\\\/logo-sentinelleSLOGAN-1.png\",\"contentUrl\":\"https:\\\/\\\/lasentinelle.dz\\\/wp-content\\\/uploads\\\/2021\\\/09\\\/logo-sentinelleSLOGAN-1.png\",\"width\":615,\"height\":142,\"caption\":\"Quotidien La Sentinelle\"},\"image\":{\"@id\":\"https:\\\/\\\/lasentinelle.dz\\\/#\\\/schema\\\/logo\\\/image\\\/\"},\"sameAs\":[\"https:\\\/\\\/www.facebook.com\\\/La-Sentinelle-104059864394773\"]},{\"@type\":\"Person\",\"@id\":\"https:\\\/\\\/lasentinelle.dz\\\/#\\\/schema\\\/person\\\/d865044e22e70a75174ce8bcad3acfb3\",\"name\":\"La Sentinelle\",\"image\":{\"@type\":\"ImageObject\",\"inLanguage\":\"fr-FR\",\"@id\":\"https:\\\/\\\/secure.gravatar.com\\\/avatar\\\/57de8e5d4b15d43fb361a71fbb36338450fe67865b528a43dd10ef7c51a20392?s=96&d=mm&r=g\",\"url\":\"https:\\\/\\\/secure.gravatar.com\\\/avatar\\\/57de8e5d4b15d43fb361a71fbb36338450fe67865b528a43dd10ef7c51a20392?s=96&d=mm&r=g\",\"contentUrl\":\"https:\\\/\\\/secure.gravatar.com\\\/avatar\\\/57de8e5d4b15d43fb361a71fbb36338450fe67865b528a43dd10ef7c51a20392?s=96&d=mm&r=g\",\"caption\":\"La Sentinelle\"},\"sameAs\":[\"http:\\\/\\\/www.lasentinelle.dz\"],\"url\":\"https:\\\/\\\/lasentinelle.dz\\\/author\\\/redaction\\\/\"}]}<\/script>\n<!-- \/ Yoast SEO plugin. -->","yoast_head_json":{"title":"Complexe Sider El Hadjar: La grogne des sid\u00e9rurgistes - La Sentinelle","robots":{"index":"index","follow":"follow","max-snippet":"max-snippet:-1","max-image-preview":"max-image-preview:large","max-video-preview":"max-video-preview:-1"},"canonical":"https:\/\/lasentinelle.dz\/index.php\/2021\/02\/25\/complexe-sider-el-hadjar-la-grogne-des-siderurgistes\/","og_locale":"fr_FR","og_type":"article","og_title":"Complexe Sider El Hadjar: La grogne des sid\u00e9rurgistes - La Sentinelle","og_description":"Que se passe-t-il au complexe sid\u00e9rurgique d\u2019El Hadjar, o\u00f9 le syndicat d\u2019entreprise s\u2019est engag\u00e9 \u00e0 d\u00e9fendre la stabilit\u00e9 du complexe","og_url":"https:\/\/lasentinelle.dz\/index.php\/2021\/02\/25\/complexe-sider-el-hadjar-la-grogne-des-siderurgistes\/","og_site_name":"La Sentinelle","article_publisher":"https:\/\/www.facebook.com\/La-Sentinelle-104059864394773","article_published_time":"2021-02-25T09:39:00+00:00","article_modified_time":"2021-02-25T15:53:42+00:00","og_image":[{"width":900,"height":517,"url":"https:\/\/lasentinelle.dz\/wp-content\/uploads\/2021\/02\/Hadjar.jpg","type":"image\/jpeg"}],"author":"La Sentinelle","twitter_card":"summary_large_image","twitter_misc":{"\u00c9crit par":"La Sentinelle","Dur\u00e9e de lecture estim\u00e9e":"3 minutes"},"schema":{"@context":"https:\/\/schema.org","@graph":[{"@type":"Article","@id":"https:\/\/lasentinelle.dz\/index.php\/2021\/02\/25\/complexe-sider-el-hadjar-la-grogne-des-siderurgistes\/#article","isPartOf":{"@id":"https:\/\/lasentinelle.dz\/index.php\/2021\/02\/25\/complexe-sider-el-hadjar-la-grogne-des-siderurgistes\/"},"author":{"name":"La Sentinelle","@id":"https:\/\/lasentinelle.dz\/#\/schema\/person\/d865044e22e70a75174ce8bcad3acfb3"},"headline":"Complexe Sider El Hadjar: La grogne des sid\u00e9rurgistes","datePublished":"2021-02-25T09:39:00+00:00","dateModified":"2021-02-25T15:53:42+00:00","mainEntityOfPage":{"@id":"https:\/\/lasentinelle.dz\/index.php\/2021\/02\/25\/complexe-sider-el-hadjar-la-grogne-des-siderurgistes\/"},"wordCount":628,"commentCount":0,"publisher":{"@id":"https:\/\/lasentinelle.dz\/#organization"},"image":{"@id":"https:\/\/lasentinelle.dz\/index.php\/2021\/02\/25\/complexe-sider-el-hadjar-la-grogne-des-siderurgistes\/#primaryimage"},"thumbnailUrl":"https:\/\/lasentinelle.dz\/wp-content\/uploads\/2021\/02\/Hadjar.jpg","articleSection":["\u00c9conomie"],"inLanguage":"fr-FR","potentialAction":[{"@type":"CommentAction","name":"Comment","target":["https:\/\/lasentinelle.dz\/index.php\/2021\/02\/25\/complexe-sider-el-hadjar-la-grogne-des-siderurgistes\/#respond"]}]},{"@type":"WebPage","@id":"https:\/\/lasentinelle.dz\/index.php\/2021\/02\/25\/complexe-sider-el-hadjar-la-grogne-des-siderurgistes\/","url":"https:\/\/lasentinelle.dz\/index.php\/2021\/02\/25\/complexe-sider-el-hadjar-la-grogne-des-siderurgistes\/","name":"Complexe Sider El Hadjar: La grogne des sid\u00e9rurgistes - La Sentinelle","isPartOf":{"@id":"https:\/\/lasentinelle.dz\/#website"},"primaryImageOfPage":{"@id":"https:\/\/lasentinelle.dz\/index.php\/2021\/02\/25\/complexe-sider-el-hadjar-la-grogne-des-siderurgistes\/#primaryimage"},"image":{"@id":"https:\/\/lasentinelle.dz\/index.php\/2021\/02\/25\/complexe-sider-el-hadjar-la-grogne-des-siderurgistes\/#primaryimage"},"thumbnailUrl":"https:\/\/lasentinelle.dz\/wp-content\/uploads\/2021\/02\/Hadjar.jpg","datePublished":"2021-02-25T09:39:00+00:00","dateModified":"2021-02-25T15:53:42+00:00","breadcrumb":{"@id":"https:\/\/lasentinelle.dz\/index.php\/2021\/02\/25\/complexe-sider-el-hadjar-la-grogne-des-siderurgistes\/#breadcrumb"},"inLanguage":"fr-FR","potentialAction":[{"@type":"ReadAction","target":["https:\/\/lasentinelle.dz\/index.php\/2021\/02\/25\/complexe-sider-el-hadjar-la-grogne-des-siderurgistes\/"]}]},{"@type":"ImageObject","inLanguage":"fr-FR","@id":"https:\/\/lasentinelle.dz\/index.php\/2021\/02\/25\/complexe-sider-el-hadjar-la-grogne-des-siderurgistes\/#primaryimage","url":"https:\/\/lasentinelle.dz\/wp-content\/uploads\/2021\/02\/Hadjar.jpg","contentUrl":"https:\/\/lasentinelle.dz\/wp-content\/uploads\/2021\/02\/Hadjar.jpg","width":900,"height":517},{"@type":"BreadcrumbList","@id":"https:\/\/lasentinelle.dz\/index.php\/2021\/02\/25\/complexe-sider-el-hadjar-la-grogne-des-siderurgistes\/#breadcrumb","itemListElement":[{"@type":"ListItem","position":1,"name":"Accueil","item":"https:\/\/lasentinelle.dz\/"},{"@type":"ListItem","position":2,"name":"Complexe Sider El Hadjar: La grogne des sid\u00e9rurgistes"}]},{"@type":"WebSite","@id":"https:\/\/lasentinelle.dz\/#website","url":"https:\/\/lasentinelle.dz\/","name":"La Sentinelle","description":"Quotidien national d&#039;information","publisher":{"@id":"https:\/\/lasentinelle.dz\/#organization"},"potentialAction":[{"@type":"SearchAction","target":{"@type":"EntryPoint","urlTemplate":"https:\/\/lasentinelle.dz\/?s={search_term_string}"},"query-input":{"@type":"PropertyValueSpecification","valueRequired":true,"valueName":"search_term_string"}}],"inLanguage":"fr-FR"},{"@type":"Organization","@id":"https:\/\/lasentinelle.dz\/#organization","name":"Quotidien La Sentinelle","url":"https:\/\/lasentinelle.dz\/","logo":{"@type":"ImageObject","inLanguage":"fr-FR","@id":"https:\/\/lasentinelle.dz\/#\/schema\/logo\/image\/","url":"https:\/\/lasentinelle.dz\/wp-content\/uploads\/2021\/09\/logo-sentinelleSLOGAN-1.png","contentUrl":"https:\/\/lasentinelle.dz\/wp-content\/uploads\/2021\/09\/logo-sentinelleSLOGAN-1.png","width":615,"height":142,"caption":"Quotidien La Sentinelle"},"image":{"@id":"https:\/\/lasentinelle.dz\/#\/schema\/logo\/image\/"},"sameAs":["https:\/\/www.facebook.com\/La-Sentinelle-104059864394773"]},{"@type":"Person","@id":"https:\/\/lasentinelle.dz\/#\/schema\/person\/d865044e22e70a75174ce8bcad3acfb3","name":"La Sentinelle","image":{"@type":"ImageObject","inLanguage":"fr-FR","@id":"https:\/\/secure.gravatar.com\/avatar\/57de8e5d4b15d43fb361a71fbb36338450fe67865b528a43dd10ef7c51a20392?s=96&d=mm&r=g","url":"https:\/\/secure.gravatar.com\/avatar\/57de8e5d4b15d43fb361a71fbb36338450fe67865b528a43dd10ef7c51a20392?s=96&d=mm&r=g","contentUrl":"https:\/\/secure.gravatar.com\/avatar\/57de8e5d4b15d43fb361a71fbb36338450fe67865b528a43dd10ef7c51a20392?s=96&d=mm&r=g","caption":"La Sentinelle"},"sameAs":["http:\/\/www.lasentinelle.dz"],"url":"https:\/\/lasentinelle.dz\/author\/redaction\/"}]}},"_links":{"self":[{"href":"https:\/\/lasentinelle.dz\/index.php\/wp-json\/wp\/v2\/posts\/649","targetHints":{"allow":["GET"]}}],"collection":[{"href":"https:\/\/lasentinelle.dz\/index.php\/wp-json\/wp\/v2\/posts"}],"about":[{"href":"https:\/\/lasentinelle.dz\/index.php\/wp-json\/wp\/v2\/types\/post"}],"author":[{"embeddable":true,"href":"https:\/\/lasentinelle.dz\/index.php\/wp-json\/wp\/v2\/users\/3"}],"replies":[{"embeddable":true,"href":"https:\/\/lasentinelle.dz\/index.php\/wp-json\/wp\/v2\/comments?post=649"}],"version-history":[{"count":1,"href":"https:\/\/lasentinelle.dz\/index.php\/wp-json\/wp\/v2\/posts\/649\/revisions"}],"predecessor-version":[{"id":655,"href":"https:\/\/lasentinelle.dz\/index.php\/wp-json\/wp\/v2\/posts\/649\/revisions\/655"}],"wp:featuredmedia":[{"embeddable":true,"href":"https:\/\/lasentinelle.dz\/index.php\/wp-json\/wp\/v2\/media\/654"}],"wp:attachment":[{"href":"https:\/\/lasentinelle.dz\/index.php\/wp-json\/wp\/v2\/media?parent=649"}],"wp:term":[{"taxonomy":"category","embeddable":true,"href":"https:\/\/lasentinelle.dz\/index.php\/wp-json\/wp\/v2\/categories?post=649"},{"taxonomy":"post_tag","embeddable":true,"href":"https:\/\/lasentinelle.dz\/index.php\/wp-json\/wp\/v2\/tags?post=649"}],"curies":[{"name":"wp","href":"https:\/\/api.w.org\/{rel}","templated":true}]}}