{"id":64906,"date":"2025-03-26T12:22:37","date_gmt":"2025-03-26T11:22:37","guid":{"rendered":"https:\/\/lasentinelle.dz\/?p=64906"},"modified":"2025-03-26T12:22:37","modified_gmt":"2025-03-26T11:22:37","slug":"le-president-de-la-republique-recoit-lancien-president-de-la-republique-de-tanzanie","status":"publish","type":"post","link":"https:\/\/lasentinelle.dz\/index.php\/2025\/03\/26\/le-president-de-la-republique-recoit-lancien-president-de-la-republique-de-tanzanie\/","title":{"rendered":"Le pr\u00e9sident de la R\u00e9publique re\u00e7oit l\u2019ancien pr\u00e9sident de la R\u00e9publique de Tanzanie"},"content":{"rendered":"\n<p>Le pr\u00e9sident de la R\u00e9publique, Abdelmadjid Tebboune, a re\u00e7u, ce mardi, Jakaya Mrisho Kikwete, ancien pr\u00e9sident de la R\u00e9publique de Tanzanie, et la d\u00e9l\u00e9gation l\u2019accompagnant, indique un communiqu\u00e9 de la pr\u00e9sidence de la R\u00e9publique. Selon la m\u00eame source, Jakaya Mrisho Kikwete \u00e9tait porteur d\u2019un message au pr\u00e9sident de la R\u00e9publique de la part de la Pr\u00e9sidente tanzanienne, Samia Suluhu Hassan. Ont assist\u00e9 \u00e0 la rencontre MM. Boualem Boualem, directeur du Cabinet de la pr\u00e9sidence de la R\u00e9publique, Ahmed Attaf, ministre d\u2019\u00c9tat, ministre des Affaires \u00e9trang\u00e8res, de la Communaut\u00e9 nationale \u00e0 l\u2019\u00e9tranger et des Affaires africaines, ainsi que Abdelhak Sa\u00efhi, Ministre de la Sant\u00e9.<\/p>\n\n\n\n<p><\/p>\n","protected":false},"excerpt":{"rendered":"<p>Le pr\u00e9sident de la R\u00e9publique, Abdelmadjid Tebboune, a re\u00e7u, ce mardi, Jakaya Mrisho Kikwete, ancien pr\u00e9sident de la R\u00e9publique de<\/p>\n","protected":false},"author":6,"featured_media":64907,"comment_status":"open","ping_status":"closed","sticky":false,"template":"","format":"standard","meta":{"colormag_page_container_layout":"default_layout","colormag_page_sidebar_layout":"default_layout","om_disable_all_campaigns":false,"_monsterinsights_skip_tracking":false,"_monsterinsights_sitenote_active":false,"_monsterinsights_sitenote_note":"","_monsterinsights_sitenote_category":0,"footnotes":"","_wpscppro_dont_share_socialmedia":false,"_wpscppro_custom_social_share_image":0,"_facebook_share_type":"default","_twitter_share_type":"default","_linkedin_share_type":"default","_pinterest_share_type":"default","_linkedin_share_type_page":"","_instagram_share_type":"default","_medium_share_type":"default","_threads_share_type":"","_google_business_share_type":"","_selected_social_profile":[],"_wpsp_enable_custom_social_template":false,"_wpsp_social_scheduling":{"enabled":false,"datetime":null,"platforms":[],"status":"template_only","dateOption":"today","timeOption":"now","customDays":"","customHours":"","customDate":"","customTime":"","schedulingType":"absolute"},"_wpsp_active_default_template":true},"categories":[27],"tags":[],"class_list":["post-64906","post","type-post","status-publish","format-standard","has-post-thumbnail","hentry","category-actualite"],"aioseo_notices":[],"yoast_head":"<!-- This site is optimized with the Yoast SEO plugin v27.5 - https:\/\/yoast.com\/product\/yoast-seo-wordpress\/ -->\n<title>Le pr\u00e9sident de la R\u00e9publique re\u00e7oit l\u2019ancien pr\u00e9sident de la R\u00e9publique de Tanzanie - La Sentinelle<\/title>\n<meta name=\"robots\" content=\"index, follow, max-snippet:-1, max-image-preview:large, max-video-preview:-1\" \/>\n<link rel=\"canonical\" href=\"https:\/\/lasentinelle.dz\/index.php\/2025\/03\/26\/le-president-de-la-republique-recoit-lancien-president-de-la-republique-de-tanzanie\/\" \/>\n<meta property=\"og:locale\" content=\"fr_FR\" \/>\n<meta property=\"og:type\" content=\"article\" \/>\n<meta property=\"og:title\" content=\"Le pr\u00e9sident de la R\u00e9publique re\u00e7oit l\u2019ancien pr\u00e9sident de la R\u00e9publique de Tanzanie - La Sentinelle\" \/>\n<meta property=\"og:description\" content=\"Le pr\u00e9sident de la R\u00e9publique, Abdelmadjid Tebboune, a re\u00e7u, ce mardi, Jakaya Mrisho Kikwete, ancien pr\u00e9sident de la R\u00e9publique de\" \/>\n<meta property=\"og:url\" content=\"https:\/\/lasentinelle.dz\/index.php\/2025\/03\/26\/le-president-de-la-republique-recoit-lancien-president-de-la-republique-de-tanzanie\/\" \/>\n<meta property=\"og:site_name\" content=\"La Sentinelle\" \/>\n<meta property=\"article:publisher\" content=\"https:\/\/www.facebook.com\/La-Sentinelle-104059864394773\" \/>\n<meta property=\"article:published_time\" content=\"2025-03-26T11:22:37+00:00\" \/>\n<meta property=\"og:image\" content=\"https:\/\/lasentinelle.dz\/wp-content\/uploads\/2025\/03\/485920096_1095299869294067_418540805456666015_n.jpg\" \/>\n\t<meta property=\"og:image:width\" content=\"1278\" \/>\n\t<meta property=\"og:image:height\" content=\"718\" \/>\n\t<meta property=\"og:image:type\" content=\"image\/jpeg\" \/>\n<meta name=\"author\" content=\"admin\" \/>\n<meta name=\"twitter:card\" content=\"summary_large_image\" \/>\n<meta name=\"twitter:label1\" content=\"\u00c9crit par\" \/>\n\t<meta name=\"twitter:data1\" content=\"admin\" \/>\n\t<meta name=\"twitter:label2\" content=\"Dur\u00e9e de lecture estim\u00e9e\" \/>\n\t<meta name=\"twitter:data2\" content=\"1 minute\" \/>\n<script type=\"application\/ld+json\" class=\"yoast-schema-graph\">{\"@context\":\"https:\\\/\\\/schema.org\",\"@graph\":[{\"@type\":\"Article\",\"@id\":\"https:\\\/\\\/lasentinelle.dz\\\/index.php\\\/2025\\\/03\\\/26\\\/le-president-de-la-republique-recoit-lancien-president-de-la-republique-de-tanzanie\\\/#article\",\"isPartOf\":{\"@id\":\"https:\\\/\\\/lasentinelle.dz\\\/index.php\\\/2025\\\/03\\\/26\\\/le-president-de-la-republique-recoit-lancien-president-de-la-republique-de-tanzanie\\\/\"},\"author\":{\"name\":\"admin\",\"@id\":\"https:\\\/\\\/lasentinelle.dz\\\/#\\\/schema\\\/person\\\/729ee0024f24e0b8c5ec17232f8e8b41\"},\"headline\":\"Le pr\u00e9sident de la R\u00e9publique re\u00e7oit l\u2019ancien pr\u00e9sident de la R\u00e9publique de Tanzanie\",\"datePublished\":\"2025-03-26T11:22:37+00:00\",\"mainEntityOfPage\":{\"@id\":\"https:\\\/\\\/lasentinelle.dz\\\/index.php\\\/2025\\\/03\\\/26\\\/le-president-de-la-republique-recoit-lancien-president-de-la-republique-de-tanzanie\\\/\"},\"wordCount\":141,\"commentCount\":0,\"publisher\":{\"@id\":\"https:\\\/\\\/lasentinelle.dz\\\/#organization\"},\"image\":{\"@id\":\"https:\\\/\\\/lasentinelle.dz\\\/index.php\\\/2025\\\/03\\\/26\\\/le-president-de-la-republique-recoit-lancien-president-de-la-republique-de-tanzanie\\\/#primaryimage\"},\"thumbnailUrl\":\"https:\\\/\\\/lasentinelle.dz\\\/wp-content\\\/uploads\\\/2025\\\/03\\\/485920096_1095299869294067_418540805456666015_n.jpg\",\"articleSection\":[\"Actualit\u00e9\"],\"inLanguage\":\"fr-FR\",\"potentialAction\":[{\"@type\":\"CommentAction\",\"name\":\"Comment\",\"target\":[\"https:\\\/\\\/lasentinelle.dz\\\/index.php\\\/2025\\\/03\\\/26\\\/le-president-de-la-republique-recoit-lancien-president-de-la-republique-de-tanzanie\\\/#respond\"]}]},{\"@type\":\"WebPage\",\"@id\":\"https:\\\/\\\/lasentinelle.dz\\\/index.php\\\/2025\\\/03\\\/26\\\/le-president-de-la-republique-recoit-lancien-president-de-la-republique-de-tanzanie\\\/\",\"url\":\"https:\\\/\\\/lasentinelle.dz\\\/index.php\\\/2025\\\/03\\\/26\\\/le-president-de-la-republique-recoit-lancien-president-de-la-republique-de-tanzanie\\\/\",\"name\":\"Le pr\u00e9sident de la R\u00e9publique re\u00e7oit l\u2019ancien pr\u00e9sident de la R\u00e9publique de Tanzanie - La Sentinelle\",\"isPartOf\":{\"@id\":\"https:\\\/\\\/lasentinelle.dz\\\/#website\"},\"primaryImageOfPage\":{\"@id\":\"https:\\\/\\\/lasentinelle.dz\\\/index.php\\\/2025\\\/03\\\/26\\\/le-president-de-la-republique-recoit-lancien-president-de-la-republique-de-tanzanie\\\/#primaryimage\"},\"image\":{\"@id\":\"https:\\\/\\\/lasentinelle.dz\\\/index.php\\\/2025\\\/03\\\/26\\\/le-president-de-la-republique-recoit-lancien-president-de-la-republique-de-tanzanie\\\/#primaryimage\"},\"thumbnailUrl\":\"https:\\\/\\\/lasentinelle.dz\\\/wp-content\\\/uploads\\\/2025\\\/03\\\/485920096_1095299869294067_418540805456666015_n.jpg\",\"datePublished\":\"2025-03-26T11:22:37+00:00\",\"breadcrumb\":{\"@id\":\"https:\\\/\\\/lasentinelle.dz\\\/index.php\\\/2025\\\/03\\\/26\\\/le-president-de-la-republique-recoit-lancien-president-de-la-republique-de-tanzanie\\\/#breadcrumb\"},\"inLanguage\":\"fr-FR\",\"potentialAction\":[{\"@type\":\"ReadAction\",\"target\":[\"https:\\\/\\\/lasentinelle.dz\\\/index.php\\\/2025\\\/03\\\/26\\\/le-president-de-la-republique-recoit-lancien-president-de-la-republique-de-tanzanie\\\/\"]}]},{\"@type\":\"ImageObject\",\"inLanguage\":\"fr-FR\",\"@id\":\"https:\\\/\\\/lasentinelle.dz\\\/index.php\\\/2025\\\/03\\\/26\\\/le-president-de-la-republique-recoit-lancien-president-de-la-republique-de-tanzanie\\\/#primaryimage\",\"url\":\"https:\\\/\\\/lasentinelle.dz\\\/wp-content\\\/uploads\\\/2025\\\/03\\\/485920096_1095299869294067_418540805456666015_n.jpg\",\"contentUrl\":\"https:\\\/\\\/lasentinelle.dz\\\/wp-content\\\/uploads\\\/2025\\\/03\\\/485920096_1095299869294067_418540805456666015_n.jpg\",\"width\":1278,\"height\":718},{\"@type\":\"BreadcrumbList\",\"@id\":\"https:\\\/\\\/lasentinelle.dz\\\/index.php\\\/2025\\\/03\\\/26\\\/le-president-de-la-republique-recoit-lancien-president-de-la-republique-de-tanzanie\\\/#breadcrumb\",\"itemListElement\":[{\"@type\":\"ListItem\",\"position\":1,\"name\":\"Accueil\",\"item\":\"https:\\\/\\\/lasentinelle.dz\\\/\"},{\"@type\":\"ListItem\",\"position\":2,\"name\":\"Le pr\u00e9sident de la R\u00e9publique re\u00e7oit l\u2019ancien pr\u00e9sident de la R\u00e9publique de Tanzanie\"}]},{\"@type\":\"WebSite\",\"@id\":\"https:\\\/\\\/lasentinelle.dz\\\/#website\",\"url\":\"https:\\\/\\\/lasentinelle.dz\\\/\",\"name\":\"La Sentinelle\",\"description\":\"Quotidien national d&#039;information\",\"publisher\":{\"@id\":\"https:\\\/\\\/lasentinelle.dz\\\/#organization\"},\"potentialAction\":[{\"@type\":\"SearchAction\",\"target\":{\"@type\":\"EntryPoint\",\"urlTemplate\":\"https:\\\/\\\/lasentinelle.dz\\\/?s={search_term_string}\"},\"query-input\":{\"@type\":\"PropertyValueSpecification\",\"valueRequired\":true,\"valueName\":\"search_term_string\"}}],\"inLanguage\":\"fr-FR\"},{\"@type\":\"Organization\",\"@id\":\"https:\\\/\\\/lasentinelle.dz\\\/#organization\",\"name\":\"Quotidien La Sentinelle\",\"url\":\"https:\\\/\\\/lasentinelle.dz\\\/\",\"logo\":{\"@type\":\"ImageObject\",\"inLanguage\":\"fr-FR\",\"@id\":\"https:\\\/\\\/lasentinelle.dz\\\/#\\\/schema\\\/logo\\\/image\\\/\",\"url\":\"https:\\\/\\\/lasentinelle.dz\\\/wp-content\\\/uploads\\\/2021\\\/09\\\/logo-sentinelleSLOGAN-1.png\",\"contentUrl\":\"https:\\\/\\\/lasentinelle.dz\\\/wp-content\\\/uploads\\\/2021\\\/09\\\/logo-sentinelleSLOGAN-1.png\",\"width\":615,\"height\":142,\"caption\":\"Quotidien La Sentinelle\"},\"image\":{\"@id\":\"https:\\\/\\\/lasentinelle.dz\\\/#\\\/schema\\\/logo\\\/image\\\/\"},\"sameAs\":[\"https:\\\/\\\/www.facebook.com\\\/La-Sentinelle-104059864394773\"]},{\"@type\":\"Person\",\"@id\":\"https:\\\/\\\/lasentinelle.dz\\\/#\\\/schema\\\/person\\\/729ee0024f24e0b8c5ec17232f8e8b41\",\"name\":\"admin\",\"image\":{\"@type\":\"ImageObject\",\"inLanguage\":\"fr-FR\",\"@id\":\"https:\\\/\\\/secure.gravatar.com\\\/avatar\\\/4c81fed838786e9b53f540bf46533e750f5d292099ae3b66cfc6fb1982e29df7?s=96&d=mm&r=g\",\"url\":\"https:\\\/\\\/secure.gravatar.com\\\/avatar\\\/4c81fed838786e9b53f540bf46533e750f5d292099ae3b66cfc6fb1982e29df7?s=96&d=mm&r=g\",\"contentUrl\":\"https:\\\/\\\/secure.gravatar.com\\\/avatar\\\/4c81fed838786e9b53f540bf46533e750f5d292099ae3b66cfc6fb1982e29df7?s=96&d=mm&r=g\",\"caption\":\"admin\"},\"description\":\"admin\",\"url\":\"https:\\\/\\\/lasentinelle.dz\\\/author\\\/admin\\\/\"}]}<\/script>\n<!-- \/ Yoast SEO plugin. -->","yoast_head_json":{"title":"Le pr\u00e9sident de la R\u00e9publique re\u00e7oit l\u2019ancien pr\u00e9sident de la R\u00e9publique de Tanzanie - La Sentinelle","robots":{"index":"index","follow":"follow","max-snippet":"max-snippet:-1","max-image-preview":"max-image-preview:large","max-video-preview":"max-video-preview:-1"},"canonical":"https:\/\/lasentinelle.dz\/index.php\/2025\/03\/26\/le-president-de-la-republique-recoit-lancien-president-de-la-republique-de-tanzanie\/","og_locale":"fr_FR","og_type":"article","og_title":"Le pr\u00e9sident de la R\u00e9publique re\u00e7oit l\u2019ancien pr\u00e9sident de la R\u00e9publique de Tanzanie - La Sentinelle","og_description":"Le pr\u00e9sident de la R\u00e9publique, Abdelmadjid Tebboune, a re\u00e7u, ce mardi, Jakaya Mrisho Kikwete, ancien pr\u00e9sident de la R\u00e9publique de","og_url":"https:\/\/lasentinelle.dz\/index.php\/2025\/03\/26\/le-president-de-la-republique-recoit-lancien-president-de-la-republique-de-tanzanie\/","og_site_name":"La Sentinelle","article_publisher":"https:\/\/www.facebook.com\/La-Sentinelle-104059864394773","article_published_time":"2025-03-26T11:22:37+00:00","og_image":[{"width":1278,"height":718,"url":"https:\/\/lasentinelle.dz\/wp-content\/uploads\/2025\/03\/485920096_1095299869294067_418540805456666015_n.jpg","type":"image\/jpeg"}],"author":"admin","twitter_card":"summary_large_image","twitter_misc":{"\u00c9crit par":"admin","Dur\u00e9e de lecture estim\u00e9e":"1 minute"},"schema":{"@context":"https:\/\/schema.org","@graph":[{"@type":"Article","@id":"https:\/\/lasentinelle.dz\/index.php\/2025\/03\/26\/le-president-de-la-republique-recoit-lancien-president-de-la-republique-de-tanzanie\/#article","isPartOf":{"@id":"https:\/\/lasentinelle.dz\/index.php\/2025\/03\/26\/le-president-de-la-republique-recoit-lancien-president-de-la-republique-de-tanzanie\/"},"author":{"name":"admin","@id":"https:\/\/lasentinelle.dz\/#\/schema\/person\/729ee0024f24e0b8c5ec17232f8e8b41"},"headline":"Le pr\u00e9sident de la R\u00e9publique re\u00e7oit l\u2019ancien pr\u00e9sident de la R\u00e9publique de Tanzanie","datePublished":"2025-03-26T11:22:37+00:00","mainEntityOfPage":{"@id":"https:\/\/lasentinelle.dz\/index.php\/2025\/03\/26\/le-president-de-la-republique-recoit-lancien-president-de-la-republique-de-tanzanie\/"},"wordCount":141,"commentCount":0,"publisher":{"@id":"https:\/\/lasentinelle.dz\/#organization"},"image":{"@id":"https:\/\/lasentinelle.dz\/index.php\/2025\/03\/26\/le-president-de-la-republique-recoit-lancien-president-de-la-republique-de-tanzanie\/#primaryimage"},"thumbnailUrl":"https:\/\/lasentinelle.dz\/wp-content\/uploads\/2025\/03\/485920096_1095299869294067_418540805456666015_n.jpg","articleSection":["Actualit\u00e9"],"inLanguage":"fr-FR","potentialAction":[{"@type":"CommentAction","name":"Comment","target":["https:\/\/lasentinelle.dz\/index.php\/2025\/03\/26\/le-president-de-la-republique-recoit-lancien-president-de-la-republique-de-tanzanie\/#respond"]}]},{"@type":"WebPage","@id":"https:\/\/lasentinelle.dz\/index.php\/2025\/03\/26\/le-president-de-la-republique-recoit-lancien-president-de-la-republique-de-tanzanie\/","url":"https:\/\/lasentinelle.dz\/index.php\/2025\/03\/26\/le-president-de-la-republique-recoit-lancien-president-de-la-republique-de-tanzanie\/","name":"Le pr\u00e9sident de la R\u00e9publique re\u00e7oit l\u2019ancien pr\u00e9sident de la R\u00e9publique de Tanzanie - La Sentinelle","isPartOf":{"@id":"https:\/\/lasentinelle.dz\/#website"},"primaryImageOfPage":{"@id":"https:\/\/lasentinelle.dz\/index.php\/2025\/03\/26\/le-president-de-la-republique-recoit-lancien-president-de-la-republique-de-tanzanie\/#primaryimage"},"image":{"@id":"https:\/\/lasentinelle.dz\/index.php\/2025\/03\/26\/le-president-de-la-republique-recoit-lancien-president-de-la-republique-de-tanzanie\/#primaryimage"},"thumbnailUrl":"https:\/\/lasentinelle.dz\/wp-content\/uploads\/2025\/03\/485920096_1095299869294067_418540805456666015_n.jpg","datePublished":"2025-03-26T11:22:37+00:00","breadcrumb":{"@id":"https:\/\/lasentinelle.dz\/index.php\/2025\/03\/26\/le-president-de-la-republique-recoit-lancien-president-de-la-republique-de-tanzanie\/#breadcrumb"},"inLanguage":"fr-FR","potentialAction":[{"@type":"ReadAction","target":["https:\/\/lasentinelle.dz\/index.php\/2025\/03\/26\/le-president-de-la-republique-recoit-lancien-president-de-la-republique-de-tanzanie\/"]}]},{"@type":"ImageObject","inLanguage":"fr-FR","@id":"https:\/\/lasentinelle.dz\/index.php\/2025\/03\/26\/le-president-de-la-republique-recoit-lancien-president-de-la-republique-de-tanzanie\/#primaryimage","url":"https:\/\/lasentinelle.dz\/wp-content\/uploads\/2025\/03\/485920096_1095299869294067_418540805456666015_n.jpg","contentUrl":"https:\/\/lasentinelle.dz\/wp-content\/uploads\/2025\/03\/485920096_1095299869294067_418540805456666015_n.jpg","width":1278,"height":718},{"@type":"BreadcrumbList","@id":"https:\/\/lasentinelle.dz\/index.php\/2025\/03\/26\/le-president-de-la-republique-recoit-lancien-president-de-la-republique-de-tanzanie\/#breadcrumb","itemListElement":[{"@type":"ListItem","position":1,"name":"Accueil","item":"https:\/\/lasentinelle.dz\/"},{"@type":"ListItem","position":2,"name":"Le pr\u00e9sident de la R\u00e9publique re\u00e7oit l\u2019ancien pr\u00e9sident de la R\u00e9publique de Tanzanie"}]},{"@type":"WebSite","@id":"https:\/\/lasentinelle.dz\/#website","url":"https:\/\/lasentinelle.dz\/","name":"La Sentinelle","description":"Quotidien national d&#039;information","publisher":{"@id":"https:\/\/lasentinelle.dz\/#organization"},"potentialAction":[{"@type":"SearchAction","target":{"@type":"EntryPoint","urlTemplate":"https:\/\/lasentinelle.dz\/?s={search_term_string}"},"query-input":{"@type":"PropertyValueSpecification","valueRequired":true,"valueName":"search_term_string"}}],"inLanguage":"fr-FR"},{"@type":"Organization","@id":"https:\/\/lasentinelle.dz\/#organization","name":"Quotidien La Sentinelle","url":"https:\/\/lasentinelle.dz\/","logo":{"@type":"ImageObject","inLanguage":"fr-FR","@id":"https:\/\/lasentinelle.dz\/#\/schema\/logo\/image\/","url":"https:\/\/lasentinelle.dz\/wp-content\/uploads\/2021\/09\/logo-sentinelleSLOGAN-1.png","contentUrl":"https:\/\/lasentinelle.dz\/wp-content\/uploads\/2021\/09\/logo-sentinelleSLOGAN-1.png","width":615,"height":142,"caption":"Quotidien La Sentinelle"},"image":{"@id":"https:\/\/lasentinelle.dz\/#\/schema\/logo\/image\/"},"sameAs":["https:\/\/www.facebook.com\/La-Sentinelle-104059864394773"]},{"@type":"Person","@id":"https:\/\/lasentinelle.dz\/#\/schema\/person\/729ee0024f24e0b8c5ec17232f8e8b41","name":"admin","image":{"@type":"ImageObject","inLanguage":"fr-FR","@id":"https:\/\/secure.gravatar.com\/avatar\/4c81fed838786e9b53f540bf46533e750f5d292099ae3b66cfc6fb1982e29df7?s=96&d=mm&r=g","url":"https:\/\/secure.gravatar.com\/avatar\/4c81fed838786e9b53f540bf46533e750f5d292099ae3b66cfc6fb1982e29df7?s=96&d=mm&r=g","contentUrl":"https:\/\/secure.gravatar.com\/avatar\/4c81fed838786e9b53f540bf46533e750f5d292099ae3b66cfc6fb1982e29df7?s=96&d=mm&r=g","caption":"admin"},"description":"admin","url":"https:\/\/lasentinelle.dz\/author\/admin\/"}]}},"_links":{"self":[{"href":"https:\/\/lasentinelle.dz\/index.php\/wp-json\/wp\/v2\/posts\/64906","targetHints":{"allow":["GET"]}}],"collection":[{"href":"https:\/\/lasentinelle.dz\/index.php\/wp-json\/wp\/v2\/posts"}],"about":[{"href":"https:\/\/lasentinelle.dz\/index.php\/wp-json\/wp\/v2\/types\/post"}],"author":[{"embeddable":true,"href":"https:\/\/lasentinelle.dz\/index.php\/wp-json\/wp\/v2\/users\/6"}],"replies":[{"embeddable":true,"href":"https:\/\/lasentinelle.dz\/index.php\/wp-json\/wp\/v2\/comments?post=64906"}],"version-history":[{"count":1,"href":"https:\/\/lasentinelle.dz\/index.php\/wp-json\/wp\/v2\/posts\/64906\/revisions"}],"predecessor-version":[{"id":64908,"href":"https:\/\/lasentinelle.dz\/index.php\/wp-json\/wp\/v2\/posts\/64906\/revisions\/64908"}],"wp:featuredmedia":[{"embeddable":true,"href":"https:\/\/lasentinelle.dz\/index.php\/wp-json\/wp\/v2\/media\/64907"}],"wp:attachment":[{"href":"https:\/\/lasentinelle.dz\/index.php\/wp-json\/wp\/v2\/media?parent=64906"}],"wp:term":[{"taxonomy":"category","embeddable":true,"href":"https:\/\/lasentinelle.dz\/index.php\/wp-json\/wp\/v2\/categories?post=64906"},{"taxonomy":"post_tag","embeddable":true,"href":"https:\/\/lasentinelle.dz\/index.php\/wp-json\/wp\/v2\/tags?post=64906"}],"curies":[{"name":"wp","href":"https:\/\/api.w.org\/{rel}","templated":true}]}}