{"id":64925,"date":"2025-03-27T12:45:24","date_gmt":"2025-03-27T11:45:24","guid":{"rendered":"https:\/\/lasentinelle.dz\/?p=64925"},"modified":"2025-03-29T12:45:50","modified_gmt":"2025-03-29T11:45:50","slug":"naama-une-nouvelle-decouverte-archeologique-mise-au-jour","status":"publish","type":"post","link":"https:\/\/lasentinelle.dz\/index.php\/2025\/03\/27\/naama-une-nouvelle-decouverte-archeologique-mise-au-jour\/","title":{"rendered":"Naama : Une nouvelle d\u00e9couverte arch\u00e9ologique mise au jour"},"content":{"rendered":"\n<p>Un fragment d&rsquo;histoire vient de ressurgir des sables \u00e0 Naama, r\u00e9v\u00e9lant les myst\u00e8res d&rsquo;une civilisation enfouie. Dans la commune de Tiout, un pot en c\u00e9ramique aux formes ancestrales a r\u00e9cemment \u00e9t\u00e9 exhum\u00e9, offrant aux arch\u00e9ologues et passionn\u00e9s d&rsquo;histoire une fen\u00eatre fascinante sur le pass\u00e9 pr\u00e9historique de l&rsquo;Alg\u00e9rie. Cette d\u00e9couverte extraordinaire est l&rsquo;\u0153uvre d&rsquo;Ahmed Agoune, chercheur passionn\u00e9 et gardien vigilant du patrimoine local. C&rsquo;est le vent, sculpteur capricieux des paysages d\u00e9sertiques, qui a d\u00e9licatement mis au jour une partie de ce vestige antique pr\u00e8s de la source \u00ab\u00a0Cherachir, Djebel Djaara\u00a0\u00bb. Un hasard qui n&rsquo;en est peut-\u00eatre pas vraiment un pour qui conna\u00eet la richesse arch\u00e9ologique de ces terres. La poterie, aux contours d\u00e9licats, raconte d\u00e9j\u00e0 une histoire. Fa\u00e7onn\u00e9e en argile rouge locale, elle pr\u00e9sente une forme ovale avec une large ouverture. Ses surfaces externe et interne, d\u00e9pourvues de motifs d\u00e9coratifs, sont parsem\u00e9es de s\u00e9diments calcaires, t\u00e9moins silencieux des mill\u00e9naires \u00e9coul\u00e9s. \u00ab\u00a0Cette d\u00e9couverte rev\u00eat une grande importance pour mettre la lumi\u00e8re sur une p\u00e9riode du patrimoine arch\u00e9ologique et historique de la r\u00e9gion\u00a0\u00bb, souligne la direction de la culture et des arts, consciente de la valeur de cet art\u00e9fact.<\/p>\n\n\n\n<p>Le site o\u00f9 a \u00e9t\u00e9 d\u00e9couvert ce pot n&rsquo;est pas un hasard. Il se trouve dans une zone arch\u00e9ologique r\u00e9put\u00e9e, c\u00e9l\u00e8bre pour ses stations de gravures rupestres datant du N\u00e9olithique. La \u00ab\u00a0pierre grav\u00e9e\u00a0\u00bb, joyau de ce lieu charg\u00e9 d&rsquo;histoire, c\u00f4toie d\u00e9sormais ce nouveau t\u00e9moin des civilisations anciennes. Aziz Tarek Sahed, professeur en pr\u00e9histoire \u00e0 l&rsquo;Universit\u00e9 d&rsquo;Alger 2, confirme l&rsquo;importance de cette d\u00e9couverte : \u00ab\u00a0\u00c0 la suite d&rsquo;une premi\u00e8re \u00e9tude compar\u00e9e \u00e0 des poteries similaires d\u00e9couvertes dans des sites arch\u00e9ologiques voisins, il semble \u00e9vident que ce pot ressemble \u00e0 d&rsquo;autres datant du N\u00e9olithique et de la pr\u00e9histoire.\u00a0\u00bb<\/p>\n\n\n\n<p>Le protocole scientifique a imm\u00e9diatement \u00e9t\u00e9 mis en \u0153uvre. Le pr\u00e9cieux pot a \u00e9t\u00e9 soigneusement d\u00e9pos\u00e9 au mus\u00e9e communal de Tiout, en attendant d&rsquo;\u00eatre soumis \u00e0 des analyses approfondies dans un laboratoire sp\u00e9cialis\u00e9. L&rsquo;objectif est clair : faire de cet objet une r\u00e9f\u00e9rence pour les futures \u00e9tudes scientifiques et arch\u00e9ologiques.<\/p>\n\n\n\n<p>Ahmed Agoune ne compte pas en rester l\u00e0. Conscient de la richesse patrimoniale de sa r\u00e9gion, il a propos\u00e9 la pr\u00e9paration d&rsquo;\u00e9tudes approfondies sur les sites arch\u00e9ologiques de la wilaya. Son ambition d\u00e9passe la simple pr\u00e9servation : il aspire \u00e0 valoriser ces tr\u00e9sors et \u00e0 promouvoir un tourisme culturel qui mettrait en lumi\u00e8re l&rsquo;histoire m\u00e9connue de cette r\u00e9gion.<\/p>\n\n\n\n<p>Cette d\u00e9couverte rappelle combien nos paysages sont des livres d&rsquo;histoire ouverts, o\u00f9 chaque grain de sable peut receler un fragment de m\u00e9moire. Elle nous invite \u00e0 regarder autrement ces territoires apparemment d\u00e9sertiques, \u00e0 comprendre qu&rsquo;ils ont \u00e9t\u00e9 le th\u00e9\u00e2tre de civilisations riches et complexes bien avant notre \u00e9poque.<\/p>\n\n\n\n<p>M.S.<\/p>\n","protected":false},"excerpt":{"rendered":"<p>Un fragment d&rsquo;histoire vient de ressurgir des sables \u00e0 Naama, r\u00e9v\u00e9lant les myst\u00e8res d&rsquo;une civilisation enfouie. Dans la commune de<\/p>\n","protected":false},"author":6,"featured_media":64926,"comment_status":"open","ping_status":"closed","sticky":false,"template":"","format":"standard","meta":{"colormag_page_container_layout":"default_layout","colormag_page_sidebar_layout":"default_layout","om_disable_all_campaigns":false,"_monsterinsights_skip_tracking":false,"_monsterinsights_sitenote_active":false,"_monsterinsights_sitenote_note":"","_monsterinsights_sitenote_category":0,"footnotes":"","_wpscppro_dont_share_socialmedia":false,"_wpscppro_custom_social_share_image":0,"_facebook_share_type":"default","_twitter_share_type":"default","_linkedin_share_type":"default","_pinterest_share_type":"default","_linkedin_share_type_page":"","_instagram_share_type":"default","_medium_share_type":"default","_threads_share_type":"","_google_business_share_type":"","_selected_social_profile":[],"_wpsp_enable_custom_social_template":false,"_wpsp_social_scheduling":{"enabled":false,"datetime":null,"platforms":[],"status":"template_only","dateOption":"today","timeOption":"now","customDays":"","customHours":"","customDate":"","customTime":"","schedulingType":"absolute"},"_wpsp_active_default_template":true},"categories":[36],"tags":[],"class_list":["post-64925","post","type-post","status-publish","format-standard","has-post-thumbnail","hentry","category-culture"],"aioseo_notices":[],"yoast_head":"<!-- This site is optimized with the Yoast SEO plugin v27.5 - https:\/\/yoast.com\/product\/yoast-seo-wordpress\/ -->\n<title>Naama : Une nouvelle d\u00e9couverte arch\u00e9ologique mise au jour - La Sentinelle<\/title>\n<meta name=\"robots\" content=\"index, follow, max-snippet:-1, max-image-preview:large, max-video-preview:-1\" \/>\n<link rel=\"canonical\" href=\"https:\/\/lasentinelle.dz\/index.php\/2025\/03\/27\/naama-une-nouvelle-decouverte-archeologique-mise-au-jour\/\" \/>\n<meta property=\"og:locale\" content=\"fr_FR\" \/>\n<meta property=\"og:type\" content=\"article\" \/>\n<meta property=\"og:title\" content=\"Naama : Une nouvelle d\u00e9couverte arch\u00e9ologique mise au jour - La Sentinelle\" \/>\n<meta property=\"og:description\" content=\"Un fragment d&rsquo;histoire vient de ressurgir des sables \u00e0 Naama, r\u00e9v\u00e9lant les myst\u00e8res d&rsquo;une civilisation enfouie. Dans la commune de\" \/>\n<meta property=\"og:url\" content=\"https:\/\/lasentinelle.dz\/index.php\/2025\/03\/27\/naama-une-nouvelle-decouverte-archeologique-mise-au-jour\/\" \/>\n<meta property=\"og:site_name\" content=\"La Sentinelle\" \/>\n<meta property=\"article:publisher\" content=\"https:\/\/www.facebook.com\/La-Sentinelle-104059864394773\" \/>\n<meta property=\"article:published_time\" content=\"2025-03-27T11:45:24+00:00\" \/>\n<meta property=\"article:modified_time\" content=\"2025-03-29T11:45:50+00:00\" \/>\n<meta property=\"og:image\" content=\"https:\/\/lasentinelle.dz\/wp-content\/uploads\/2025\/03\/pot.jpg\" \/>\n\t<meta property=\"og:image:width\" content=\"900\" \/>\n\t<meta property=\"og:image:height\" content=\"1200\" \/>\n\t<meta property=\"og:image:type\" content=\"image\/jpeg\" \/>\n<meta name=\"author\" content=\"admin\" \/>\n<meta name=\"twitter:card\" content=\"summary_large_image\" \/>\n<meta name=\"twitter:label1\" content=\"\u00c9crit par\" \/>\n\t<meta name=\"twitter:data1\" content=\"admin\" \/>\n\t<meta name=\"twitter:label2\" content=\"Dur\u00e9e de lecture estim\u00e9e\" \/>\n\t<meta name=\"twitter:data2\" content=\"3 minutes\" \/>\n<script type=\"application\/ld+json\" class=\"yoast-schema-graph\">{\"@context\":\"https:\\\/\\\/schema.org\",\"@graph\":[{\"@type\":\"Article\",\"@id\":\"https:\\\/\\\/lasentinelle.dz\\\/index.php\\\/2025\\\/03\\\/27\\\/naama-une-nouvelle-decouverte-archeologique-mise-au-jour\\\/#article\",\"isPartOf\":{\"@id\":\"https:\\\/\\\/lasentinelle.dz\\\/index.php\\\/2025\\\/03\\\/27\\\/naama-une-nouvelle-decouverte-archeologique-mise-au-jour\\\/\"},\"author\":{\"name\":\"admin\",\"@id\":\"https:\\\/\\\/lasentinelle.dz\\\/#\\\/schema\\\/person\\\/729ee0024f24e0b8c5ec17232f8e8b41\"},\"headline\":\"Naama : Une nouvelle d\u00e9couverte arch\u00e9ologique mise au jour\",\"datePublished\":\"2025-03-27T11:45:24+00:00\",\"dateModified\":\"2025-03-29T11:45:50+00:00\",\"mainEntityOfPage\":{\"@id\":\"https:\\\/\\\/lasentinelle.dz\\\/index.php\\\/2025\\\/03\\\/27\\\/naama-une-nouvelle-decouverte-archeologique-mise-au-jour\\\/\"},\"wordCount\":533,\"commentCount\":0,\"publisher\":{\"@id\":\"https:\\\/\\\/lasentinelle.dz\\\/#organization\"},\"image\":{\"@id\":\"https:\\\/\\\/lasentinelle.dz\\\/index.php\\\/2025\\\/03\\\/27\\\/naama-une-nouvelle-decouverte-archeologique-mise-au-jour\\\/#primaryimage\"},\"thumbnailUrl\":\"https:\\\/\\\/lasentinelle.dz\\\/wp-content\\\/uploads\\\/2025\\\/03\\\/pot.jpg\",\"articleSection\":[\"Culture\"],\"inLanguage\":\"fr-FR\",\"potentialAction\":[{\"@type\":\"CommentAction\",\"name\":\"Comment\",\"target\":[\"https:\\\/\\\/lasentinelle.dz\\\/index.php\\\/2025\\\/03\\\/27\\\/naama-une-nouvelle-decouverte-archeologique-mise-au-jour\\\/#respond\"]}]},{\"@type\":\"WebPage\",\"@id\":\"https:\\\/\\\/lasentinelle.dz\\\/index.php\\\/2025\\\/03\\\/27\\\/naama-une-nouvelle-decouverte-archeologique-mise-au-jour\\\/\",\"url\":\"https:\\\/\\\/lasentinelle.dz\\\/index.php\\\/2025\\\/03\\\/27\\\/naama-une-nouvelle-decouverte-archeologique-mise-au-jour\\\/\",\"name\":\"Naama : Une nouvelle d\u00e9couverte arch\u00e9ologique mise au jour - La Sentinelle\",\"isPartOf\":{\"@id\":\"https:\\\/\\\/lasentinelle.dz\\\/#website\"},\"primaryImageOfPage\":{\"@id\":\"https:\\\/\\\/lasentinelle.dz\\\/index.php\\\/2025\\\/03\\\/27\\\/naama-une-nouvelle-decouverte-archeologique-mise-au-jour\\\/#primaryimage\"},\"image\":{\"@id\":\"https:\\\/\\\/lasentinelle.dz\\\/index.php\\\/2025\\\/03\\\/27\\\/naama-une-nouvelle-decouverte-archeologique-mise-au-jour\\\/#primaryimage\"},\"thumbnailUrl\":\"https:\\\/\\\/lasentinelle.dz\\\/wp-content\\\/uploads\\\/2025\\\/03\\\/pot.jpg\",\"datePublished\":\"2025-03-27T11:45:24+00:00\",\"dateModified\":\"2025-03-29T11:45:50+00:00\",\"breadcrumb\":{\"@id\":\"https:\\\/\\\/lasentinelle.dz\\\/index.php\\\/2025\\\/03\\\/27\\\/naama-une-nouvelle-decouverte-archeologique-mise-au-jour\\\/#breadcrumb\"},\"inLanguage\":\"fr-FR\",\"potentialAction\":[{\"@type\":\"ReadAction\",\"target\":[\"https:\\\/\\\/lasentinelle.dz\\\/index.php\\\/2025\\\/03\\\/27\\\/naama-une-nouvelle-decouverte-archeologique-mise-au-jour\\\/\"]}]},{\"@type\":\"ImageObject\",\"inLanguage\":\"fr-FR\",\"@id\":\"https:\\\/\\\/lasentinelle.dz\\\/index.php\\\/2025\\\/03\\\/27\\\/naama-une-nouvelle-decouverte-archeologique-mise-au-jour\\\/#primaryimage\",\"url\":\"https:\\\/\\\/lasentinelle.dz\\\/wp-content\\\/uploads\\\/2025\\\/03\\\/pot.jpg\",\"contentUrl\":\"https:\\\/\\\/lasentinelle.dz\\\/wp-content\\\/uploads\\\/2025\\\/03\\\/pot.jpg\",\"width\":900,\"height\":1200},{\"@type\":\"BreadcrumbList\",\"@id\":\"https:\\\/\\\/lasentinelle.dz\\\/index.php\\\/2025\\\/03\\\/27\\\/naama-une-nouvelle-decouverte-archeologique-mise-au-jour\\\/#breadcrumb\",\"itemListElement\":[{\"@type\":\"ListItem\",\"position\":1,\"name\":\"Accueil\",\"item\":\"https:\\\/\\\/lasentinelle.dz\\\/\"},{\"@type\":\"ListItem\",\"position\":2,\"name\":\"Naama : Une nouvelle d\u00e9couverte arch\u00e9ologique mise au jour\"}]},{\"@type\":\"WebSite\",\"@id\":\"https:\\\/\\\/lasentinelle.dz\\\/#website\",\"url\":\"https:\\\/\\\/lasentinelle.dz\\\/\",\"name\":\"La Sentinelle\",\"description\":\"Quotidien national d&#039;information\",\"publisher\":{\"@id\":\"https:\\\/\\\/lasentinelle.dz\\\/#organization\"},\"potentialAction\":[{\"@type\":\"SearchAction\",\"target\":{\"@type\":\"EntryPoint\",\"urlTemplate\":\"https:\\\/\\\/lasentinelle.dz\\\/?s={search_term_string}\"},\"query-input\":{\"@type\":\"PropertyValueSpecification\",\"valueRequired\":true,\"valueName\":\"search_term_string\"}}],\"inLanguage\":\"fr-FR\"},{\"@type\":\"Organization\",\"@id\":\"https:\\\/\\\/lasentinelle.dz\\\/#organization\",\"name\":\"Quotidien La Sentinelle\",\"url\":\"https:\\\/\\\/lasentinelle.dz\\\/\",\"logo\":{\"@type\":\"ImageObject\",\"inLanguage\":\"fr-FR\",\"@id\":\"https:\\\/\\\/lasentinelle.dz\\\/#\\\/schema\\\/logo\\\/image\\\/\",\"url\":\"https:\\\/\\\/lasentinelle.dz\\\/wp-content\\\/uploads\\\/2021\\\/09\\\/logo-sentinelleSLOGAN-1.png\",\"contentUrl\":\"https:\\\/\\\/lasentinelle.dz\\\/wp-content\\\/uploads\\\/2021\\\/09\\\/logo-sentinelleSLOGAN-1.png\",\"width\":615,\"height\":142,\"caption\":\"Quotidien La Sentinelle\"},\"image\":{\"@id\":\"https:\\\/\\\/lasentinelle.dz\\\/#\\\/schema\\\/logo\\\/image\\\/\"},\"sameAs\":[\"https:\\\/\\\/www.facebook.com\\\/La-Sentinelle-104059864394773\"]},{\"@type\":\"Person\",\"@id\":\"https:\\\/\\\/lasentinelle.dz\\\/#\\\/schema\\\/person\\\/729ee0024f24e0b8c5ec17232f8e8b41\",\"name\":\"admin\",\"image\":{\"@type\":\"ImageObject\",\"inLanguage\":\"fr-FR\",\"@id\":\"https:\\\/\\\/secure.gravatar.com\\\/avatar\\\/4c81fed838786e9b53f540bf46533e750f5d292099ae3b66cfc6fb1982e29df7?s=96&d=mm&r=g\",\"url\":\"https:\\\/\\\/secure.gravatar.com\\\/avatar\\\/4c81fed838786e9b53f540bf46533e750f5d292099ae3b66cfc6fb1982e29df7?s=96&d=mm&r=g\",\"contentUrl\":\"https:\\\/\\\/secure.gravatar.com\\\/avatar\\\/4c81fed838786e9b53f540bf46533e750f5d292099ae3b66cfc6fb1982e29df7?s=96&d=mm&r=g\",\"caption\":\"admin\"},\"description\":\"admin\",\"url\":\"https:\\\/\\\/lasentinelle.dz\\\/author\\\/admin\\\/\"}]}<\/script>\n<!-- \/ Yoast SEO plugin. -->","yoast_head_json":{"title":"Naama : Une nouvelle d\u00e9couverte arch\u00e9ologique mise au jour - La Sentinelle","robots":{"index":"index","follow":"follow","max-snippet":"max-snippet:-1","max-image-preview":"max-image-preview:large","max-video-preview":"max-video-preview:-1"},"canonical":"https:\/\/lasentinelle.dz\/index.php\/2025\/03\/27\/naama-une-nouvelle-decouverte-archeologique-mise-au-jour\/","og_locale":"fr_FR","og_type":"article","og_title":"Naama : Une nouvelle d\u00e9couverte arch\u00e9ologique mise au jour - La Sentinelle","og_description":"Un fragment d&rsquo;histoire vient de ressurgir des sables \u00e0 Naama, r\u00e9v\u00e9lant les myst\u00e8res d&rsquo;une civilisation enfouie. Dans la commune de","og_url":"https:\/\/lasentinelle.dz\/index.php\/2025\/03\/27\/naama-une-nouvelle-decouverte-archeologique-mise-au-jour\/","og_site_name":"La Sentinelle","article_publisher":"https:\/\/www.facebook.com\/La-Sentinelle-104059864394773","article_published_time":"2025-03-27T11:45:24+00:00","article_modified_time":"2025-03-29T11:45:50+00:00","og_image":[{"width":900,"height":1200,"url":"https:\/\/lasentinelle.dz\/wp-content\/uploads\/2025\/03\/pot.jpg","type":"image\/jpeg"}],"author":"admin","twitter_card":"summary_large_image","twitter_misc":{"\u00c9crit par":"admin","Dur\u00e9e de lecture estim\u00e9e":"3 minutes"},"schema":{"@context":"https:\/\/schema.org","@graph":[{"@type":"Article","@id":"https:\/\/lasentinelle.dz\/index.php\/2025\/03\/27\/naama-une-nouvelle-decouverte-archeologique-mise-au-jour\/#article","isPartOf":{"@id":"https:\/\/lasentinelle.dz\/index.php\/2025\/03\/27\/naama-une-nouvelle-decouverte-archeologique-mise-au-jour\/"},"author":{"name":"admin","@id":"https:\/\/lasentinelle.dz\/#\/schema\/person\/729ee0024f24e0b8c5ec17232f8e8b41"},"headline":"Naama : Une nouvelle d\u00e9couverte arch\u00e9ologique mise au jour","datePublished":"2025-03-27T11:45:24+00:00","dateModified":"2025-03-29T11:45:50+00:00","mainEntityOfPage":{"@id":"https:\/\/lasentinelle.dz\/index.php\/2025\/03\/27\/naama-une-nouvelle-decouverte-archeologique-mise-au-jour\/"},"wordCount":533,"commentCount":0,"publisher":{"@id":"https:\/\/lasentinelle.dz\/#organization"},"image":{"@id":"https:\/\/lasentinelle.dz\/index.php\/2025\/03\/27\/naama-une-nouvelle-decouverte-archeologique-mise-au-jour\/#primaryimage"},"thumbnailUrl":"https:\/\/lasentinelle.dz\/wp-content\/uploads\/2025\/03\/pot.jpg","articleSection":["Culture"],"inLanguage":"fr-FR","potentialAction":[{"@type":"CommentAction","name":"Comment","target":["https:\/\/lasentinelle.dz\/index.php\/2025\/03\/27\/naama-une-nouvelle-decouverte-archeologique-mise-au-jour\/#respond"]}]},{"@type":"WebPage","@id":"https:\/\/lasentinelle.dz\/index.php\/2025\/03\/27\/naama-une-nouvelle-decouverte-archeologique-mise-au-jour\/","url":"https:\/\/lasentinelle.dz\/index.php\/2025\/03\/27\/naama-une-nouvelle-decouverte-archeologique-mise-au-jour\/","name":"Naama : Une nouvelle d\u00e9couverte arch\u00e9ologique mise au jour - La Sentinelle","isPartOf":{"@id":"https:\/\/lasentinelle.dz\/#website"},"primaryImageOfPage":{"@id":"https:\/\/lasentinelle.dz\/index.php\/2025\/03\/27\/naama-une-nouvelle-decouverte-archeologique-mise-au-jour\/#primaryimage"},"image":{"@id":"https:\/\/lasentinelle.dz\/index.php\/2025\/03\/27\/naama-une-nouvelle-decouverte-archeologique-mise-au-jour\/#primaryimage"},"thumbnailUrl":"https:\/\/lasentinelle.dz\/wp-content\/uploads\/2025\/03\/pot.jpg","datePublished":"2025-03-27T11:45:24+00:00","dateModified":"2025-03-29T11:45:50+00:00","breadcrumb":{"@id":"https:\/\/lasentinelle.dz\/index.php\/2025\/03\/27\/naama-une-nouvelle-decouverte-archeologique-mise-au-jour\/#breadcrumb"},"inLanguage":"fr-FR","potentialAction":[{"@type":"ReadAction","target":["https:\/\/lasentinelle.dz\/index.php\/2025\/03\/27\/naama-une-nouvelle-decouverte-archeologique-mise-au-jour\/"]}]},{"@type":"ImageObject","inLanguage":"fr-FR","@id":"https:\/\/lasentinelle.dz\/index.php\/2025\/03\/27\/naama-une-nouvelle-decouverte-archeologique-mise-au-jour\/#primaryimage","url":"https:\/\/lasentinelle.dz\/wp-content\/uploads\/2025\/03\/pot.jpg","contentUrl":"https:\/\/lasentinelle.dz\/wp-content\/uploads\/2025\/03\/pot.jpg","width":900,"height":1200},{"@type":"BreadcrumbList","@id":"https:\/\/lasentinelle.dz\/index.php\/2025\/03\/27\/naama-une-nouvelle-decouverte-archeologique-mise-au-jour\/#breadcrumb","itemListElement":[{"@type":"ListItem","position":1,"name":"Accueil","item":"https:\/\/lasentinelle.dz\/"},{"@type":"ListItem","position":2,"name":"Naama : Une nouvelle d\u00e9couverte arch\u00e9ologique mise au jour"}]},{"@type":"WebSite","@id":"https:\/\/lasentinelle.dz\/#website","url":"https:\/\/lasentinelle.dz\/","name":"La Sentinelle","description":"Quotidien national d&#039;information","publisher":{"@id":"https:\/\/lasentinelle.dz\/#organization"},"potentialAction":[{"@type":"SearchAction","target":{"@type":"EntryPoint","urlTemplate":"https:\/\/lasentinelle.dz\/?s={search_term_string}"},"query-input":{"@type":"PropertyValueSpecification","valueRequired":true,"valueName":"search_term_string"}}],"inLanguage":"fr-FR"},{"@type":"Organization","@id":"https:\/\/lasentinelle.dz\/#organization","name":"Quotidien La Sentinelle","url":"https:\/\/lasentinelle.dz\/","logo":{"@type":"ImageObject","inLanguage":"fr-FR","@id":"https:\/\/lasentinelle.dz\/#\/schema\/logo\/image\/","url":"https:\/\/lasentinelle.dz\/wp-content\/uploads\/2021\/09\/logo-sentinelleSLOGAN-1.png","contentUrl":"https:\/\/lasentinelle.dz\/wp-content\/uploads\/2021\/09\/logo-sentinelleSLOGAN-1.png","width":615,"height":142,"caption":"Quotidien La Sentinelle"},"image":{"@id":"https:\/\/lasentinelle.dz\/#\/schema\/logo\/image\/"},"sameAs":["https:\/\/www.facebook.com\/La-Sentinelle-104059864394773"]},{"@type":"Person","@id":"https:\/\/lasentinelle.dz\/#\/schema\/person\/729ee0024f24e0b8c5ec17232f8e8b41","name":"admin","image":{"@type":"ImageObject","inLanguage":"fr-FR","@id":"https:\/\/secure.gravatar.com\/avatar\/4c81fed838786e9b53f540bf46533e750f5d292099ae3b66cfc6fb1982e29df7?s=96&d=mm&r=g","url":"https:\/\/secure.gravatar.com\/avatar\/4c81fed838786e9b53f540bf46533e750f5d292099ae3b66cfc6fb1982e29df7?s=96&d=mm&r=g","contentUrl":"https:\/\/secure.gravatar.com\/avatar\/4c81fed838786e9b53f540bf46533e750f5d292099ae3b66cfc6fb1982e29df7?s=96&d=mm&r=g","caption":"admin"},"description":"admin","url":"https:\/\/lasentinelle.dz\/author\/admin\/"}]}},"_links":{"self":[{"href":"https:\/\/lasentinelle.dz\/index.php\/wp-json\/wp\/v2\/posts\/64925","targetHints":{"allow":["GET"]}}],"collection":[{"href":"https:\/\/lasentinelle.dz\/index.php\/wp-json\/wp\/v2\/posts"}],"about":[{"href":"https:\/\/lasentinelle.dz\/index.php\/wp-json\/wp\/v2\/types\/post"}],"author":[{"embeddable":true,"href":"https:\/\/lasentinelle.dz\/index.php\/wp-json\/wp\/v2\/users\/6"}],"replies":[{"embeddable":true,"href":"https:\/\/lasentinelle.dz\/index.php\/wp-json\/wp\/v2\/comments?post=64925"}],"version-history":[{"count":1,"href":"https:\/\/lasentinelle.dz\/index.php\/wp-json\/wp\/v2\/posts\/64925\/revisions"}],"predecessor-version":[{"id":64927,"href":"https:\/\/lasentinelle.dz\/index.php\/wp-json\/wp\/v2\/posts\/64925\/revisions\/64927"}],"wp:featuredmedia":[{"embeddable":true,"href":"https:\/\/lasentinelle.dz\/index.php\/wp-json\/wp\/v2\/media\/64926"}],"wp:attachment":[{"href":"https:\/\/lasentinelle.dz\/index.php\/wp-json\/wp\/v2\/media?parent=64925"}],"wp:term":[{"taxonomy":"category","embeddable":true,"href":"https:\/\/lasentinelle.dz\/index.php\/wp-json\/wp\/v2\/categories?post=64925"},{"taxonomy":"post_tag","embeddable":true,"href":"https:\/\/lasentinelle.dz\/index.php\/wp-json\/wp\/v2\/tags?post=64925"}],"curies":[{"name":"wp","href":"https:\/\/api.w.org\/{rel}","templated":true}]}}