{"id":64959,"date":"2025-03-27T12:54:33","date_gmt":"2025-03-27T11:54:33","guid":{"rendered":"https:\/\/lasentinelle.dz\/?p=64959"},"modified":"2025-03-29T12:56:05","modified_gmt":"2025-03-29T11:56:05","slug":"cimenterie-de-djelfa-le-projet-bientot-relance-avec-les-chinois","status":"publish","type":"post","link":"https:\/\/lasentinelle.dz\/index.php\/2025\/03\/27\/cimenterie-de-djelfa-le-projet-bientot-relance-avec-les-chinois\/","title":{"rendered":"Cimenterie de Djelfa: Le projet bient\u00f4t relanc\u00e9 avec les Chinois"},"content":{"rendered":"\n<p>Le projet de la cimenterie de Djelfa devrait bient\u00f4t \u00eatre relanc\u00e9. Le ministre de l&rsquo;Industrie, Sifi Ghrieb, a re\u00e7u mardi une d\u00e9l\u00e9gation de la soci\u00e9t\u00e9 chinoise \u00ab\u00a0China State Construction Engineering Corporation\u00a0\u00bb (CSCEC) pour examiner les modalit\u00e9s de red\u00e9marrage de ce projet strat\u00e9gique.<\/p>\n\n\n\n<p>Cette initiative s&rsquo;inscrit directement dans la politique de relance \u00e9conomique et de moralisation du secteur industriel poursuivie par le pr\u00e9sident de la R\u00e9publique, Abdelmadjid Tebboune. Le contexte de cette rencontre est particuli\u00e8rement significatif, s&rsquo;agissant de la r\u00e9habilitation d&rsquo;un actif industriel pr\u00e9c\u00e9demment confisqu\u00e9 dans le cadre des poursuites judiciaires contre les r\u00e9seaux de corruption ayant gangren\u00e9 l&rsquo;\u00e9conomie nationale durant la derni\u00e8re d\u00e9cennie. Comme le souligne le communiqu\u00e9 officiel, \u00ab\u00a0la rencontre s&rsquo;est d\u00e9roul\u00e9e, mardi au si\u00e8ge du minist\u00e8re, en pr\u00e9sence de ses cadres et du PDG du Groupe GICA\u00a0\u00bb, marquant une approche collaborative entre les acteurs publics alg\u00e9riens et le partenaire chinois. Les discussions ont port\u00e9 sur un \u00e9tat des lieux approfondi du projet, avec un objectif clairement affich\u00e9 de lever les obstacles \u00e0 sa relance. Le ministre a \u00e9t\u00e9 particuli\u00e8rement attentif aux d\u00e9fis expos\u00e9s, d\u00e9montrant une volont\u00e9 politique forte de mener ce projet \u00e0 son terme. Les instructions minist\u00e9rielles sont sans \u00e9quivoque : \u00ab\u00a0acc\u00e9l\u00e9rer la cr\u00e9ation de l&rsquo;entreprise mixte charg\u00e9e de la gestion du projet\u00a0\u00bb et \u00ab\u00a0\u00e9laborer un rapport d\u00e9taill\u00e9 fixant les parties prenantes et les mesures \u00e0 prendre pour la relance du projet dans les plus brefs d\u00e9lais\u00a0\u00bb. Une dimension environnementale et strat\u00e9gique nouvelle a \u00e9galement \u00e9t\u00e9 introduite, avec la perspective de d\u00e9velopper une production de \u00ab\u00a0ciment vert\u00a0\u00bb permettant de renforcer \u00ab\u00a0la comp\u00e9titivit\u00e9 du produit alg\u00e9rien et son acc\u00e8s aux march\u00e9s internationaux\u00a0\u00bb. Cette orientation traduit une ambition de modernisation et de positionnement \u00e0 l&rsquo;export qui d\u00e9passe le cadre strictement national. Sifi Ghrieb a par ailleurs insist\u00e9 sur \u00ab\u00a0l&rsquo;importance de la coordination continue entre les diff\u00e9rentes parties prenantes et le signalement imm\u00e9diat de tout obstacle susceptible d&rsquo;entraver la concr\u00e9tisation du projet\u00a0\u00bb, t\u00e9moignant d&rsquo;une approche pragmatique et volontariste.<\/p>\n\n\n\n<p>Le projet de cimenterie de Djelfa a \u00e9t\u00e9 lanc\u00e9 en 2007 par le groupe \u00e9gyptien, ASEC Cement Holding. Un projet qui n&rsquo;a pas \u00e9t\u00e9 concr\u00e9tis\u00e9 au bout de plusieurs ann\u00e9es. Au final, ASEC Cement c\u00e8de ses parts pour le groupe alg\u00e9rien, ETRHB, d\u2019Ali Haddad, contre 60 millions de dollars. Le groupe priv\u00e9 alg\u00e9rien, dont les actifs ont \u00e9t\u00e9 saisis depuis par la justice dans le cadre des enqu\u00eates pour corruption diligent\u00e9es depuis 2020, s\u2019\u00e9tait associ\u00e9 au chinois CSCEC pour la relance de ce projet. Le chantier du projet est \u00e0 l\u2019arr\u00eat depuis 2019. Le minist\u00e8re de l&rsquo;Industrie ambitionne donc de relancer le projet par l&rsquo;entremise du groupe public GICA avec e partenaire chinois.<\/p>\n\n\n\n<p>Sabrina Aziouez<\/p>\n","protected":false},"excerpt":{"rendered":"<p>Le projet de la cimenterie de Djelfa devrait bient\u00f4t \u00eatre relanc\u00e9. Le ministre de l&rsquo;Industrie, Sifi Ghrieb, a re\u00e7u mardi<\/p>\n","protected":false},"author":6,"featured_media":64960,"comment_status":"open","ping_status":"closed","sticky":false,"template":"","format":"standard","meta":{"colormag_page_container_layout":"default_layout","colormag_page_sidebar_layout":"default_layout","om_disable_all_campaigns":false,"_monsterinsights_skip_tracking":false,"_monsterinsights_sitenote_active":false,"_monsterinsights_sitenote_note":"","_monsterinsights_sitenote_category":0,"footnotes":"","_wpscppro_dont_share_socialmedia":false,"_wpscppro_custom_social_share_image":0,"_facebook_share_type":"default","_twitter_share_type":"default","_linkedin_share_type":"default","_pinterest_share_type":"default","_linkedin_share_type_page":"","_instagram_share_type":"default","_medium_share_type":"default","_threads_share_type":"","_google_business_share_type":"","_selected_social_profile":[],"_wpsp_enable_custom_social_template":false,"_wpsp_social_scheduling":{"enabled":false,"datetime":null,"platforms":[],"status":"template_only","dateOption":"today","timeOption":"now","customDays":"","customHours":"","customDate":"","customTime":"","schedulingType":"absolute"},"_wpsp_active_default_template":true},"categories":[52,29],"tags":[],"class_list":["post-64959","post","type-post","status-publish","format-standard","has-post-thumbnail","hentry","category-a-la-une","category-economie"],"aioseo_notices":[],"yoast_head":"<!-- This site is optimized with the Yoast SEO plugin v27.5 - https:\/\/yoast.com\/product\/yoast-seo-wordpress\/ -->\n<title>Cimenterie de Djelfa: Le projet bient\u00f4t relanc\u00e9 avec les Chinois - La Sentinelle<\/title>\n<meta name=\"robots\" content=\"index, follow, max-snippet:-1, max-image-preview:large, max-video-preview:-1\" \/>\n<link rel=\"canonical\" href=\"https:\/\/lasentinelle.dz\/index.php\/2025\/03\/27\/cimenterie-de-djelfa-le-projet-bientot-relance-avec-les-chinois\/\" \/>\n<meta property=\"og:locale\" content=\"fr_FR\" \/>\n<meta property=\"og:type\" content=\"article\" \/>\n<meta property=\"og:title\" content=\"Cimenterie de Djelfa: Le projet bient\u00f4t relanc\u00e9 avec les Chinois - La Sentinelle\" \/>\n<meta property=\"og:description\" content=\"Le projet de la cimenterie de Djelfa devrait bient\u00f4t \u00eatre relanc\u00e9. Le ministre de l&rsquo;Industrie, Sifi Ghrieb, a re\u00e7u mardi\" \/>\n<meta property=\"og:url\" content=\"https:\/\/lasentinelle.dz\/index.php\/2025\/03\/27\/cimenterie-de-djelfa-le-projet-bientot-relance-avec-les-chinois\/\" \/>\n<meta property=\"og:site_name\" content=\"La Sentinelle\" \/>\n<meta property=\"article:publisher\" content=\"https:\/\/www.facebook.com\/La-Sentinelle-104059864394773\" \/>\n<meta property=\"article:published_time\" content=\"2025-03-27T11:54:33+00:00\" \/>\n<meta property=\"article:modified_time\" content=\"2025-03-29T11:56:05+00:00\" \/>\n<meta property=\"og:image\" content=\"https:\/\/lasentinelle.dz\/wp-content\/uploads\/2025\/03\/image_2025-03-29_125551748.png\" \/>\n\t<meta property=\"og:image:width\" content=\"960\" \/>\n\t<meta property=\"og:image:height\" content=\"640\" \/>\n\t<meta property=\"og:image:type\" content=\"image\/png\" \/>\n<meta name=\"author\" content=\"admin\" \/>\n<meta name=\"twitter:card\" content=\"summary_large_image\" \/>\n<meta name=\"twitter:label1\" content=\"\u00c9crit par\" \/>\n\t<meta name=\"twitter:data1\" content=\"admin\" \/>\n\t<meta name=\"twitter:label2\" content=\"Dur\u00e9e de lecture estim\u00e9e\" \/>\n\t<meta name=\"twitter:data2\" content=\"3 minutes\" \/>\n<script type=\"application\/ld+json\" class=\"yoast-schema-graph\">{\"@context\":\"https:\\\/\\\/schema.org\",\"@graph\":[{\"@type\":\"Article\",\"@id\":\"https:\\\/\\\/lasentinelle.dz\\\/index.php\\\/2025\\\/03\\\/27\\\/cimenterie-de-djelfa-le-projet-bientot-relance-avec-les-chinois\\\/#article\",\"isPartOf\":{\"@id\":\"https:\\\/\\\/lasentinelle.dz\\\/index.php\\\/2025\\\/03\\\/27\\\/cimenterie-de-djelfa-le-projet-bientot-relance-avec-les-chinois\\\/\"},\"author\":{\"name\":\"admin\",\"@id\":\"https:\\\/\\\/lasentinelle.dz\\\/#\\\/schema\\\/person\\\/729ee0024f24e0b8c5ec17232f8e8b41\"},\"headline\":\"Cimenterie de Djelfa: Le projet bient\u00f4t relanc\u00e9 avec les Chinois\",\"datePublished\":\"2025-03-27T11:54:33+00:00\",\"dateModified\":\"2025-03-29T11:56:05+00:00\",\"mainEntityOfPage\":{\"@id\":\"https:\\\/\\\/lasentinelle.dz\\\/index.php\\\/2025\\\/03\\\/27\\\/cimenterie-de-djelfa-le-projet-bientot-relance-avec-les-chinois\\\/\"},\"wordCount\":505,\"commentCount\":0,\"publisher\":{\"@id\":\"https:\\\/\\\/lasentinelle.dz\\\/#organization\"},\"image\":{\"@id\":\"https:\\\/\\\/lasentinelle.dz\\\/index.php\\\/2025\\\/03\\\/27\\\/cimenterie-de-djelfa-le-projet-bientot-relance-avec-les-chinois\\\/#primaryimage\"},\"thumbnailUrl\":\"https:\\\/\\\/lasentinelle.dz\\\/wp-content\\\/uploads\\\/2025\\\/03\\\/image_2025-03-29_125551748.png\",\"articleSection\":[\"\u00c0 la Une\",\"\u00c9conomie\"],\"inLanguage\":\"fr-FR\",\"potentialAction\":[{\"@type\":\"CommentAction\",\"name\":\"Comment\",\"target\":[\"https:\\\/\\\/lasentinelle.dz\\\/index.php\\\/2025\\\/03\\\/27\\\/cimenterie-de-djelfa-le-projet-bientot-relance-avec-les-chinois\\\/#respond\"]}]},{\"@type\":\"WebPage\",\"@id\":\"https:\\\/\\\/lasentinelle.dz\\\/index.php\\\/2025\\\/03\\\/27\\\/cimenterie-de-djelfa-le-projet-bientot-relance-avec-les-chinois\\\/\",\"url\":\"https:\\\/\\\/lasentinelle.dz\\\/index.php\\\/2025\\\/03\\\/27\\\/cimenterie-de-djelfa-le-projet-bientot-relance-avec-les-chinois\\\/\",\"name\":\"Cimenterie de Djelfa: Le projet bient\u00f4t relanc\u00e9 avec les Chinois - La Sentinelle\",\"isPartOf\":{\"@id\":\"https:\\\/\\\/lasentinelle.dz\\\/#website\"},\"primaryImageOfPage\":{\"@id\":\"https:\\\/\\\/lasentinelle.dz\\\/index.php\\\/2025\\\/03\\\/27\\\/cimenterie-de-djelfa-le-projet-bientot-relance-avec-les-chinois\\\/#primaryimage\"},\"image\":{\"@id\":\"https:\\\/\\\/lasentinelle.dz\\\/index.php\\\/2025\\\/03\\\/27\\\/cimenterie-de-djelfa-le-projet-bientot-relance-avec-les-chinois\\\/#primaryimage\"},\"thumbnailUrl\":\"https:\\\/\\\/lasentinelle.dz\\\/wp-content\\\/uploads\\\/2025\\\/03\\\/image_2025-03-29_125551748.png\",\"datePublished\":\"2025-03-27T11:54:33+00:00\",\"dateModified\":\"2025-03-29T11:56:05+00:00\",\"breadcrumb\":{\"@id\":\"https:\\\/\\\/lasentinelle.dz\\\/index.php\\\/2025\\\/03\\\/27\\\/cimenterie-de-djelfa-le-projet-bientot-relance-avec-les-chinois\\\/#breadcrumb\"},\"inLanguage\":\"fr-FR\",\"potentialAction\":[{\"@type\":\"ReadAction\",\"target\":[\"https:\\\/\\\/lasentinelle.dz\\\/index.php\\\/2025\\\/03\\\/27\\\/cimenterie-de-djelfa-le-projet-bientot-relance-avec-les-chinois\\\/\"]}]},{\"@type\":\"ImageObject\",\"inLanguage\":\"fr-FR\",\"@id\":\"https:\\\/\\\/lasentinelle.dz\\\/index.php\\\/2025\\\/03\\\/27\\\/cimenterie-de-djelfa-le-projet-bientot-relance-avec-les-chinois\\\/#primaryimage\",\"url\":\"https:\\\/\\\/lasentinelle.dz\\\/wp-content\\\/uploads\\\/2025\\\/03\\\/image_2025-03-29_125551748.png\",\"contentUrl\":\"https:\\\/\\\/lasentinelle.dz\\\/wp-content\\\/uploads\\\/2025\\\/03\\\/image_2025-03-29_125551748.png\",\"width\":960,\"height\":640},{\"@type\":\"BreadcrumbList\",\"@id\":\"https:\\\/\\\/lasentinelle.dz\\\/index.php\\\/2025\\\/03\\\/27\\\/cimenterie-de-djelfa-le-projet-bientot-relance-avec-les-chinois\\\/#breadcrumb\",\"itemListElement\":[{\"@type\":\"ListItem\",\"position\":1,\"name\":\"Accueil\",\"item\":\"https:\\\/\\\/lasentinelle.dz\\\/\"},{\"@type\":\"ListItem\",\"position\":2,\"name\":\"Cimenterie de Djelfa: Le projet bient\u00f4t relanc\u00e9 avec les Chinois\"}]},{\"@type\":\"WebSite\",\"@id\":\"https:\\\/\\\/lasentinelle.dz\\\/#website\",\"url\":\"https:\\\/\\\/lasentinelle.dz\\\/\",\"name\":\"La Sentinelle\",\"description\":\"Quotidien national d&#039;information\",\"publisher\":{\"@id\":\"https:\\\/\\\/lasentinelle.dz\\\/#organization\"},\"potentialAction\":[{\"@type\":\"SearchAction\",\"target\":{\"@type\":\"EntryPoint\",\"urlTemplate\":\"https:\\\/\\\/lasentinelle.dz\\\/?s={search_term_string}\"},\"query-input\":{\"@type\":\"PropertyValueSpecification\",\"valueRequired\":true,\"valueName\":\"search_term_string\"}}],\"inLanguage\":\"fr-FR\"},{\"@type\":\"Organization\",\"@id\":\"https:\\\/\\\/lasentinelle.dz\\\/#organization\",\"name\":\"Quotidien La Sentinelle\",\"url\":\"https:\\\/\\\/lasentinelle.dz\\\/\",\"logo\":{\"@type\":\"ImageObject\",\"inLanguage\":\"fr-FR\",\"@id\":\"https:\\\/\\\/lasentinelle.dz\\\/#\\\/schema\\\/logo\\\/image\\\/\",\"url\":\"https:\\\/\\\/lasentinelle.dz\\\/wp-content\\\/uploads\\\/2021\\\/09\\\/logo-sentinelleSLOGAN-1.png\",\"contentUrl\":\"https:\\\/\\\/lasentinelle.dz\\\/wp-content\\\/uploads\\\/2021\\\/09\\\/logo-sentinelleSLOGAN-1.png\",\"width\":615,\"height\":142,\"caption\":\"Quotidien La Sentinelle\"},\"image\":{\"@id\":\"https:\\\/\\\/lasentinelle.dz\\\/#\\\/schema\\\/logo\\\/image\\\/\"},\"sameAs\":[\"https:\\\/\\\/www.facebook.com\\\/La-Sentinelle-104059864394773\"]},{\"@type\":\"Person\",\"@id\":\"https:\\\/\\\/lasentinelle.dz\\\/#\\\/schema\\\/person\\\/729ee0024f24e0b8c5ec17232f8e8b41\",\"name\":\"admin\",\"image\":{\"@type\":\"ImageObject\",\"inLanguage\":\"fr-FR\",\"@id\":\"https:\\\/\\\/secure.gravatar.com\\\/avatar\\\/4c81fed838786e9b53f540bf46533e750f5d292099ae3b66cfc6fb1982e29df7?s=96&d=mm&r=g\",\"url\":\"https:\\\/\\\/secure.gravatar.com\\\/avatar\\\/4c81fed838786e9b53f540bf46533e750f5d292099ae3b66cfc6fb1982e29df7?s=96&d=mm&r=g\",\"contentUrl\":\"https:\\\/\\\/secure.gravatar.com\\\/avatar\\\/4c81fed838786e9b53f540bf46533e750f5d292099ae3b66cfc6fb1982e29df7?s=96&d=mm&r=g\",\"caption\":\"admin\"},\"description\":\"admin\",\"url\":\"https:\\\/\\\/lasentinelle.dz\\\/author\\\/admin\\\/\"}]}<\/script>\n<!-- \/ Yoast SEO plugin. -->","yoast_head_json":{"title":"Cimenterie de Djelfa: Le projet bient\u00f4t relanc\u00e9 avec les Chinois - La Sentinelle","robots":{"index":"index","follow":"follow","max-snippet":"max-snippet:-1","max-image-preview":"max-image-preview:large","max-video-preview":"max-video-preview:-1"},"canonical":"https:\/\/lasentinelle.dz\/index.php\/2025\/03\/27\/cimenterie-de-djelfa-le-projet-bientot-relance-avec-les-chinois\/","og_locale":"fr_FR","og_type":"article","og_title":"Cimenterie de Djelfa: Le projet bient\u00f4t relanc\u00e9 avec les Chinois - La Sentinelle","og_description":"Le projet de la cimenterie de Djelfa devrait bient\u00f4t \u00eatre relanc\u00e9. Le ministre de l&rsquo;Industrie, Sifi Ghrieb, a re\u00e7u mardi","og_url":"https:\/\/lasentinelle.dz\/index.php\/2025\/03\/27\/cimenterie-de-djelfa-le-projet-bientot-relance-avec-les-chinois\/","og_site_name":"La Sentinelle","article_publisher":"https:\/\/www.facebook.com\/La-Sentinelle-104059864394773","article_published_time":"2025-03-27T11:54:33+00:00","article_modified_time":"2025-03-29T11:56:05+00:00","og_image":[{"width":960,"height":640,"url":"https:\/\/lasentinelle.dz\/wp-content\/uploads\/2025\/03\/image_2025-03-29_125551748.png","type":"image\/png"}],"author":"admin","twitter_card":"summary_large_image","twitter_misc":{"\u00c9crit par":"admin","Dur\u00e9e de lecture estim\u00e9e":"3 minutes"},"schema":{"@context":"https:\/\/schema.org","@graph":[{"@type":"Article","@id":"https:\/\/lasentinelle.dz\/index.php\/2025\/03\/27\/cimenterie-de-djelfa-le-projet-bientot-relance-avec-les-chinois\/#article","isPartOf":{"@id":"https:\/\/lasentinelle.dz\/index.php\/2025\/03\/27\/cimenterie-de-djelfa-le-projet-bientot-relance-avec-les-chinois\/"},"author":{"name":"admin","@id":"https:\/\/lasentinelle.dz\/#\/schema\/person\/729ee0024f24e0b8c5ec17232f8e8b41"},"headline":"Cimenterie de Djelfa: Le projet bient\u00f4t relanc\u00e9 avec les Chinois","datePublished":"2025-03-27T11:54:33+00:00","dateModified":"2025-03-29T11:56:05+00:00","mainEntityOfPage":{"@id":"https:\/\/lasentinelle.dz\/index.php\/2025\/03\/27\/cimenterie-de-djelfa-le-projet-bientot-relance-avec-les-chinois\/"},"wordCount":505,"commentCount":0,"publisher":{"@id":"https:\/\/lasentinelle.dz\/#organization"},"image":{"@id":"https:\/\/lasentinelle.dz\/index.php\/2025\/03\/27\/cimenterie-de-djelfa-le-projet-bientot-relance-avec-les-chinois\/#primaryimage"},"thumbnailUrl":"https:\/\/lasentinelle.dz\/wp-content\/uploads\/2025\/03\/image_2025-03-29_125551748.png","articleSection":["\u00c0 la Une","\u00c9conomie"],"inLanguage":"fr-FR","potentialAction":[{"@type":"CommentAction","name":"Comment","target":["https:\/\/lasentinelle.dz\/index.php\/2025\/03\/27\/cimenterie-de-djelfa-le-projet-bientot-relance-avec-les-chinois\/#respond"]}]},{"@type":"WebPage","@id":"https:\/\/lasentinelle.dz\/index.php\/2025\/03\/27\/cimenterie-de-djelfa-le-projet-bientot-relance-avec-les-chinois\/","url":"https:\/\/lasentinelle.dz\/index.php\/2025\/03\/27\/cimenterie-de-djelfa-le-projet-bientot-relance-avec-les-chinois\/","name":"Cimenterie de Djelfa: Le projet bient\u00f4t relanc\u00e9 avec les Chinois - La Sentinelle","isPartOf":{"@id":"https:\/\/lasentinelle.dz\/#website"},"primaryImageOfPage":{"@id":"https:\/\/lasentinelle.dz\/index.php\/2025\/03\/27\/cimenterie-de-djelfa-le-projet-bientot-relance-avec-les-chinois\/#primaryimage"},"image":{"@id":"https:\/\/lasentinelle.dz\/index.php\/2025\/03\/27\/cimenterie-de-djelfa-le-projet-bientot-relance-avec-les-chinois\/#primaryimage"},"thumbnailUrl":"https:\/\/lasentinelle.dz\/wp-content\/uploads\/2025\/03\/image_2025-03-29_125551748.png","datePublished":"2025-03-27T11:54:33+00:00","dateModified":"2025-03-29T11:56:05+00:00","breadcrumb":{"@id":"https:\/\/lasentinelle.dz\/index.php\/2025\/03\/27\/cimenterie-de-djelfa-le-projet-bientot-relance-avec-les-chinois\/#breadcrumb"},"inLanguage":"fr-FR","potentialAction":[{"@type":"ReadAction","target":["https:\/\/lasentinelle.dz\/index.php\/2025\/03\/27\/cimenterie-de-djelfa-le-projet-bientot-relance-avec-les-chinois\/"]}]},{"@type":"ImageObject","inLanguage":"fr-FR","@id":"https:\/\/lasentinelle.dz\/index.php\/2025\/03\/27\/cimenterie-de-djelfa-le-projet-bientot-relance-avec-les-chinois\/#primaryimage","url":"https:\/\/lasentinelle.dz\/wp-content\/uploads\/2025\/03\/image_2025-03-29_125551748.png","contentUrl":"https:\/\/lasentinelle.dz\/wp-content\/uploads\/2025\/03\/image_2025-03-29_125551748.png","width":960,"height":640},{"@type":"BreadcrumbList","@id":"https:\/\/lasentinelle.dz\/index.php\/2025\/03\/27\/cimenterie-de-djelfa-le-projet-bientot-relance-avec-les-chinois\/#breadcrumb","itemListElement":[{"@type":"ListItem","position":1,"name":"Accueil","item":"https:\/\/lasentinelle.dz\/"},{"@type":"ListItem","position":2,"name":"Cimenterie de Djelfa: Le projet bient\u00f4t relanc\u00e9 avec les Chinois"}]},{"@type":"WebSite","@id":"https:\/\/lasentinelle.dz\/#website","url":"https:\/\/lasentinelle.dz\/","name":"La Sentinelle","description":"Quotidien national d&#039;information","publisher":{"@id":"https:\/\/lasentinelle.dz\/#organization"},"potentialAction":[{"@type":"SearchAction","target":{"@type":"EntryPoint","urlTemplate":"https:\/\/lasentinelle.dz\/?s={search_term_string}"},"query-input":{"@type":"PropertyValueSpecification","valueRequired":true,"valueName":"search_term_string"}}],"inLanguage":"fr-FR"},{"@type":"Organization","@id":"https:\/\/lasentinelle.dz\/#organization","name":"Quotidien La Sentinelle","url":"https:\/\/lasentinelle.dz\/","logo":{"@type":"ImageObject","inLanguage":"fr-FR","@id":"https:\/\/lasentinelle.dz\/#\/schema\/logo\/image\/","url":"https:\/\/lasentinelle.dz\/wp-content\/uploads\/2021\/09\/logo-sentinelleSLOGAN-1.png","contentUrl":"https:\/\/lasentinelle.dz\/wp-content\/uploads\/2021\/09\/logo-sentinelleSLOGAN-1.png","width":615,"height":142,"caption":"Quotidien La Sentinelle"},"image":{"@id":"https:\/\/lasentinelle.dz\/#\/schema\/logo\/image\/"},"sameAs":["https:\/\/www.facebook.com\/La-Sentinelle-104059864394773"]},{"@type":"Person","@id":"https:\/\/lasentinelle.dz\/#\/schema\/person\/729ee0024f24e0b8c5ec17232f8e8b41","name":"admin","image":{"@type":"ImageObject","inLanguage":"fr-FR","@id":"https:\/\/secure.gravatar.com\/avatar\/4c81fed838786e9b53f540bf46533e750f5d292099ae3b66cfc6fb1982e29df7?s=96&d=mm&r=g","url":"https:\/\/secure.gravatar.com\/avatar\/4c81fed838786e9b53f540bf46533e750f5d292099ae3b66cfc6fb1982e29df7?s=96&d=mm&r=g","contentUrl":"https:\/\/secure.gravatar.com\/avatar\/4c81fed838786e9b53f540bf46533e750f5d292099ae3b66cfc6fb1982e29df7?s=96&d=mm&r=g","caption":"admin"},"description":"admin","url":"https:\/\/lasentinelle.dz\/author\/admin\/"}]}},"_links":{"self":[{"href":"https:\/\/lasentinelle.dz\/index.php\/wp-json\/wp\/v2\/posts\/64959","targetHints":{"allow":["GET"]}}],"collection":[{"href":"https:\/\/lasentinelle.dz\/index.php\/wp-json\/wp\/v2\/posts"}],"about":[{"href":"https:\/\/lasentinelle.dz\/index.php\/wp-json\/wp\/v2\/types\/post"}],"author":[{"embeddable":true,"href":"https:\/\/lasentinelle.dz\/index.php\/wp-json\/wp\/v2\/users\/6"}],"replies":[{"embeddable":true,"href":"https:\/\/lasentinelle.dz\/index.php\/wp-json\/wp\/v2\/comments?post=64959"}],"version-history":[{"count":1,"href":"https:\/\/lasentinelle.dz\/index.php\/wp-json\/wp\/v2\/posts\/64959\/revisions"}],"predecessor-version":[{"id":64961,"href":"https:\/\/lasentinelle.dz\/index.php\/wp-json\/wp\/v2\/posts\/64959\/revisions\/64961"}],"wp:featuredmedia":[{"embeddable":true,"href":"https:\/\/lasentinelle.dz\/index.php\/wp-json\/wp\/v2\/media\/64960"}],"wp:attachment":[{"href":"https:\/\/lasentinelle.dz\/index.php\/wp-json\/wp\/v2\/media?parent=64959"}],"wp:term":[{"taxonomy":"category","embeddable":true,"href":"https:\/\/lasentinelle.dz\/index.php\/wp-json\/wp\/v2\/categories?post=64959"},{"taxonomy":"post_tag","embeddable":true,"href":"https:\/\/lasentinelle.dz\/index.php\/wp-json\/wp\/v2\/tags?post=64959"}],"curies":[{"name":"wp","href":"https:\/\/api.w.org\/{rel}","templated":true}]}}